{"id":37973,"date":"2017-03-29T14:07:13","date_gmt":"2017-03-29T11:07:13","guid":{"rendered":"http:\/\/tautastribunals.eu\/?p=37973"},"modified":"2017-03-29T14:07:13","modified_gmt":"2017-03-29T11:07:13","slug":"karteja-provokacija-pret-valsti-un-tautu","status":"publish","type":"post","link":"https:\/\/tautastribunals.eu\/?p=37973","title":{"rendered":"K\u0101rt\u0113ja provok\u0101cija pret Valsti un tautu"},"content":{"rendered":"<h2><span style=\"color: #003300;\"><a href=\"http:\/\/tautastribunals.eu\/wp-content\/uploads\/2017\/03\/MIGLA-SARKAN\u0100-NOL\u0100D\u0112T\u0100REINIKS\u0100BOLTI\u0145A33.PNG\"><img decoding=\"async\" loading=\"lazy\" class=\"alignleft size-full wp-image-37974\" title=\"MIGLA-SARKAN\u0100-NOL\u0100D\u0112T\u0100REINIKS\u0100BOLTI\u0145A3\" src=\"http:\/\/tautastribunals.eu\/wp-content\/uploads\/2017\/03\/MIGLA-SARKAN\u0100-NOL\u0100D\u0112T\u0100REINIKS\u0100BOLTI\u0145A33.PNG\" alt=\"MIGLA-SARKAN\u0100-NOL\u0100D\u0112T\u0100REINIKS\u0100BOLTI\u0145A3\" width=\"642\" height=\"55\" srcset=\"https:\/\/tautastribunals.eu\/wp-content\/uploads\/2017\/03\/MIGLA-SARKAN\u0100-NOL\u0100D\u0112T\u0100REINIKS\u0100BOLTI\u0145A33.PNG 986w, https:\/\/tautastribunals.eu\/wp-content\/uploads\/2017\/03\/MIGLA-SARKAN\u0100-NOL\u0100D\u0112T\u0100REINIKS\u0100BOLTI\u0145A33-300x25.PNG 300w, https:\/\/tautastribunals.eu\/wp-content\/uploads\/2017\/03\/MIGLA-SARKAN\u0100-NOL\u0100D\u0112T\u0100REINIKS\u0100BOLTI\u0145A33-800x68.PNG 800w\" sizes=\"(max-width: 642px) 100vw, 642px\" \/><\/a><span style=\"color: #ff0000;\">Cionistu- komunistu provok\u0101cijas p\u0113d\u0113j\u0101 laik\u0101 pie\u0146em epid\u0113miskus m\u0113rogus. <\/span><\/span><\/h2>\n<p><span style=\"color: #003300;\">Tikko k\u0101 apskat\u012bj\u0101m latvie\u0161u tautu nomelnojo\u0161us video par <strong><span style=\"text-decoration: underline;\">16. martu un 25. martu. <\/span><\/strong><\/span><\/p>\n<p><span style=\"color: #003300;\"> <\/span><\/p>\n<p><span style=\"color: #003300;\">K\u013cuvis zin\u0101ms v\u0113l vien provokat\u012bvs izl\u0113ciens no viet\u0113jo cionistu puses. <strong>Maskav\u0101 saverv\u0113tais<\/strong> viltus patriots <a href=\"http:\/\/www.lsm.lv\/lv\/raksts\/latvija\/zinas\/nacionalas-apvienibas-biedrs-parakstijis-krimas-aneksiju-atbalstosas-ungaru-partijas-deklaraciju.a228592\/?utm_source=inbox&amp;utm_campaign=news&amp;utm_medium=frontpage\"><strong><span style=\"text-decoration: underline;\">Konstant\u012bns Jevg\u0113nija d. Pupurs Ung\u0101rij\u0101 latvie\u0161u tautas v\u0101rd\u0101 parakst\u012bjis dokumentu<\/span><\/strong><em>(or\u0123in\u0101lraksts-atv\u0113rt)<\/em><\/a>, kas atbalsta <strong>Krimas <\/strong>aneksiju.<\/span><\/p>\n<p><span style=\"color: #003300;\"> <\/span><\/p>\n<p><span style=\"color: #003300;\"><a href=\"http:\/\/tautastribunals.eu\/wp-content\/uploads\/2017\/03\/K.Pupurs-U\u0161akovs-R.Dzintars.LRTT.Granti\u0146\u0161.PNG\"><img decoding=\"async\" loading=\"lazy\" class=\"alignleft size-full wp-image-37975\" title=\"K.Pupurs, U\u0161akovs, R.Dzintars.LRTT.Granti\u0146\u0161\" src=\"http:\/\/tautastribunals.eu\/wp-content\/uploads\/2017\/03\/K.Pupurs-U\u0161akovs-R.Dzintars.LRTT.Granti\u0146\u0161.PNG\" alt=\"K.Pupurs, U\u0161akovs, R.Dzintars.LRTT.Granti\u0146\u0161\" width=\"223\" height=\"336\" srcset=\"https:\/\/tautastribunals.eu\/wp-content\/uploads\/2017\/03\/K.Pupurs-U\u0161akovs-R.Dzintars.LRTT.Granti\u0146\u0161.PNG 357w, https:\/\/tautastribunals.eu\/wp-content\/uploads\/2017\/03\/K.Pupurs-U\u0161akovs-R.Dzintars.LRTT.Granti\u0146\u0161-199x300.PNG 199w\" sizes=\"(max-width: 223px) 100vw, 223px\" \/><\/a>Norm\u0101l\u0101 demokr\u0101tisk\u0101 valsti t\u0101ds <strong>\u201cizl\u0113ciens\u201d<\/strong> tiktu uzskat\u012bts par sabot\u0101\u017eas aktu un \u0161\u012b akta veic\u0113js tiktu nekav\u0113joties aizmests aiz rest\u0113m, bet<strong> Latvij\u0101<\/strong>, kur pie <strong><span style=\"text-decoration: underline;\">varas ir kriev\u017e\u012bdu ekstr\u0113misti un vi\u0146u marionetes<\/span><\/strong>, tas tiek uzskat\u012bts par normu, jo latvie\u0161u tauta tiek gatavota izkau\u0161anai.<\/span><\/p>\n<p><span style=\"color: #003300;\"> <\/span><\/p>\n<p><strong>FOTO<\/strong>: <span style=\"color: #ff0000;\"><em>K\u0101du valsti \u0161is narkoti\u0137is p\u0101rst\u0101v ? Latvijas &#8220;patriots&#8221; ar Ung\u0101rijas karodzi\u0146u pie kr\u016bts !<\/em><\/span><\/p>\n<p><span style=\"color: #003300;\">Vi\u0146iem vajag asinis, tas ir \u013caunuma past\u0101v\u0113\u0161anas pamats !<\/span><\/p>\n<p><span style=\"color: #003300;\"> <\/span><\/p>\n<p><span style=\"color: #003300;\">Pats gan taisnojas:<strong>\u201d<\/strong><strong> Pupurs raid\u012bjumam \u201c\u013bi\u010dnoje delo\u201d\u00a0 sac\u012bja, ka nezin\u0101jis par \u201cJobbik\u201d poz\u012bciju Krimas jaut\u0101jum\u0101 un neinteres\u0113jies par to, jo par to netika run\u0101ts\u201d. <\/strong><\/span><\/p>\n<p><span style=\"color: #003300;\"> <\/span><\/p>\n<p><span style=\"color: #003300;\">Parakst\u012bt dokumentu latvie\u0161u tautas v\u0101rd\u0101 nezinot t\u0101 saturu !?<\/span><\/p>\n<p><span style=\"color: #003300;\"> <\/span><\/p>\n<p><span style=\"color: #003300;\">Tie\u0161i \u0161is <strong>PUNKTS-par Krimas pievieno\u0161anu Krievijai, <\/strong>bija tas, kura d\u0113\u013c \u0161is cionists<em>(kriev\u017e\u012bds-t\u0113vs \u017e\u012bds, bet m\u0101te Astr\u012bda Pupure)<\/em><strong>Maskavas<\/strong><em>(p\u0113c b\u016bt\u012bbas Izra\u0113las, jo Krima ir vajadz\u012bga tie\u0161i kriev\u017e\u012bdiem), <\/em>uzdevum\u0101 ar\u012b brauca uz <strong>Ung\u0101riju<\/strong>.<\/span><\/p>\n<p><span style=\"color: #003300;\"> <\/span><\/p>\n<p><span style=\"color: #003300;\">Un interesanti, ka <strong>VL!<\/strong> t\u0101 ar\u012b nek\u0101du pla\u0161\u0101ku pazi\u0146ojumu, par \u0161o noziedz\u012bgo <strong>Pupura izl\u0113cienu<\/strong>, sabiedr\u012bbai nav sniegusi. T\u0101 vien gribas dom\u0101t, ka tas ir dar\u012bts ar <strong>VL! <\/strong>zi\u0146u !<\/span><\/p>\n<p><span style=\"color: #003300;\"> <\/span><\/p>\n<p><span style=\"color: #003300;\">Katr\u0101 gad\u012bjum\u0101 ar vecbiedru<em>(no LNNK)<\/em><strong> <\/strong>zi\u0146u, jo vecbiedri ta\u010du piln\u0101 sast\u0101v\u0101 balsoja pret <strong>\u201c\u010dekas maisu\u201d <\/strong>atv\u0113r\u0161anu. <\/span><\/p>\n<p><span style=\"color: #003300;\">Un ja t\u0101, tad dro\u0161i varam sac\u012bt, ka brauciens bija ar <strong>vald\u012bbas zi\u0146u un ieteikumu<\/strong>.<\/span><\/p>\n<p><span style=\"color: #003300;\"> <\/span><\/p>\n<p><span style=\"color: #003300;\">Tas, ka \u0161is \u010dekas rad\u012btais <strong>\u201chelsinkietis\u201d <\/strong>tiek b\u012bd\u012bts <strong>Saeim\u0101,<\/strong> varam spriest p\u0113c t\u0101, ka <strong>Dainis \u012av\u0101ns<\/strong> vi\u0146u uzaicin\u0101ja <strong>LTF muzej\u0101<\/strong> uz <strong>H- 86<\/strong> atmi\u0146as vakaru: <a href=\"https:\/\/www.facebook.com\/100014863931974\/videos\/vb.100014863931974\/185182655320531\/?type=2&amp;theater\">VIDEO- H- 86 <\/a><br \/>\n<\/span><\/p>\n<p><span style=\"color: #003300;\"> <\/span><\/p>\n<p><span style=\"color: #0000ff;\"><strong><em>(Interesanti tikai, es, kur\u0161 visu to aizs\u0101ka un organiz\u0113ja, kaut k\u0101 net\u012b\u0161\u0101m tieku vienm\u0113r aizmirsts, neviens nekur mani neaicina, ja neskaita tiesu pazi\u0146ojumus. Kaut k\u0101das nejau\u0161as sagad\u012b\u0161an\u0101s p\u0113c esmu tr\u012bs reizes par to brut\u0101li ar lauztiem kauliem arest\u0113ts, ieslodz\u012bjum\u0101 sp\u012bdzin\u0101ts, bet vienalga esmu pazudis no \u0161o &#8220;drosm\u012bgo&#8221; c\u012bn\u012bt\u0101ju atmi\u0146as&#8230; . Janka Ro\u017ekalns esot Rietumos reiz &#8220;prec\u012bzi&#8221; izsac\u012bj\u0101s: &#8220;Ko tad Grant\u012b\u0146\u0161, vi\u0146\u0161 s\u0113d\u0113ja cietum\u0101, bet m\u0113s risk\u0113j\u0101m ar dz\u012bv\u012bb\u0101m ejot pie Pieminek\u013ca !!!&#8221; L\u016bk, tas ir \u012bsts &#8220;tautas varo\u0146a&#8221; situ\u0101cijas nov\u0113rt\u0113jums)<\/em><\/strong><\/span><\/p>\n<p><span style=\"color: #003300;\">\u0160is <strong>\u201cvakars\u201d<\/strong> vair\u0101k tika pak\u0101rtots <strong>Pupuram<\/strong> un <strong>Ro\u017ekalnam,<\/strong> nek\u0101 <strong>H- 86 grupas atcerei<\/strong>, jo abi \u0161eit piemin\u0113tie nepieder <strong>H- 86<\/strong> grupai.<\/span><\/p>\n<p><span style=\"color: #003300;\"> <\/span><\/p>\n<p><span style=\"color: #003300;\">Gan<strong> \u012av\u0101ns<\/strong>, gan <strong>Pupurs<\/strong>, gan <strong>Ro\u017ekalns<\/strong> ir <strong>\u010dekas rad\u012bti pseidovaro\u0146i, <\/strong>kuri grib iek\u013c\u016bt n\u0101ko\u0161aj\u0101 <strong>Saeima<\/strong>. Vi\u0146i ir biju\u0161i un b\u016bs vienm\u0113r pret <strong>Tiesiskumu Latvij\u0101<\/strong> un ar\u012b <span style=\"text-decoration: underline;\">pret \u010dekas noziegumu izp\u0113ti<\/span>&#8211;<strong><span style=\"text-decoration: underline;\"> \u201c\u010dekas maisu\u201d<\/span><\/strong> atv\u0113r\u0161anu.<\/span><\/p>\n<p><span style=\"color: #003300;\"> <\/span><\/p>\n<p><span style=\"color: #003300;\"><strong>Latvija <\/strong>atrodas piln\u012bg\u0101 cionistu var\u0101 un tur, kur kriev\u017e\u012bdi un vi\u0146u p\u0113cpuses iem\u012btnieki- kangari, tur vienm\u0113r <strong><span style=\"text-decoration: underline;\">l\u012bst asinis<\/span><\/strong> un <strong><span style=\"text-decoration: underline;\">tautas grimst nabadz\u012bb\u0101<\/span><\/strong> !!!<\/span><\/p>\n<p><span style=\"color: #003300;\"> <\/span><\/p>\n<p><span style=\"color: #003300;\">Vienreiz jau t\u0101 stunda pien\u0101ks, kad viss tas krit\u012bs un \u0161ie noziedznieki bez <strong><span style=\"text-decoration: underline;\">tiesas sprieduma tiks nosisti<\/span><\/strong>, jo <strong><span style=\"text-decoration: underline;\">Tiesiskumu<\/span><\/strong><span style=\"text-decoration: underline;\"> vi\u0146i pa\u0161i ir izn\u012bcin\u0101ju\u0161i<\/span>.<\/span><\/p>\n<p><span style=\"color: #003300;\">Vair\u0101k par \u0161o &#8220;<strong>maskavas akt\u012bvistu&#8221;<\/strong> \u0161eit:<strong><a href=\"http:\/\/tautastribunals.eu\/?p=30833\"> http:\/\/tautastribunals.eu\/?p=30833<\/a><\/strong><\/span><\/p>\n<p><span style=\"color: #003300;\">29.03.17\u00a0\u00a0\u00a0\u00a0\u00a0 L.Granti\u0146\u0161<br \/>\n<\/span><\/p>\n<p><span style=\"color: #003300;\"> <\/span><\/p>\n<h2><span style=\"color: #0000ff;\">P.S.<\/span><\/h2>\n<p><span style=\"color: #003300;\"> <\/span><\/p>\n<p><span style=\"color: #0000ff;\"><a href=\"http:\/\/tautastribunals.eu\/wp-content\/uploads\/2017\/03\/1.SuharenkoOj\u0101rs-Kalni\u0146\u0161.V\u0113jonisGranti\u0146\u0161-Bergmanis-Me\u017eviets1.PNG\"><img decoding=\"async\" loading=\"lazy\" class=\"alignleft size-full wp-image-37991\" title=\"1.SuharenkoOj\u0101rs-Kalni\u0146\u0161.V\u0113jonisGranti\u0146\u0161-Bergmanis-Me\u017eviets1\" src=\"http:\/\/tautastribunals.eu\/wp-content\/uploads\/2017\/03\/1.SuharenkoOj\u0101rs-Kalni\u0146\u0161.V\u0113jonisGranti\u0146\u0161-Bergmanis-Me\u017eviets1.PNG\" alt=\"1.SuharenkoOj\u0101rs-Kalni\u0146\u0161.V\u0113jonisGranti\u0146\u0161-Bergmanis-Me\u017eviets1\" width=\"643\" height=\"210\" srcset=\"https:\/\/tautastribunals.eu\/wp-content\/uploads\/2017\/03\/1.SuharenkoOj\u0101rs-Kalni\u0146\u0161.V\u0113jonisGranti\u0146\u0161-Bergmanis-Me\u017eviets1.PNG 789w, https:\/\/tautastribunals.eu\/wp-content\/uploads\/2017\/03\/1.SuharenkoOj\u0101rs-Kalni\u0146\u0161.V\u0113jonisGranti\u0146\u0161-Bergmanis-Me\u017eviets1-300x98.PNG 300w\" sizes=\"(max-width: 643px) 100vw, 643px\" \/><\/a>Cionistu kri\u0161ana notiks vien\u0101 stund\u0101.<\/span><\/p>\n<p><span style=\"color: #0000ff;\"> <\/span><\/p>\n<p><span style=\"color: #0000ff;\"> <\/span><\/p>\n<p><span style=\"color: #0000ff;\"> <\/span><\/p>\n<p><span style=\"color: #0000ff;\">K\u0101 tas notiks\u2026?<\/span><\/p>\n<p><span style=\"color: #0000ff;\"> <\/span><\/p>\n<p><span style=\"color: #0000ff;\"> <\/span><\/p>\n<p><span style=\"color: #0000ff;\"> <\/span><\/p>\n<p><span style=\"color: #0000ff;\">Iedom\u0101jieties izt\u0113l\u0113 garu elektro l\u012bniju ar taj\u0101 piesl\u0113gtiem bezgala daudz elektro magn\u0113tiem. Pie tiem ir <strong>\u201cpielipu\u0161i\u201d<\/strong> bezgala daudz un da\u017e\u0101di <strong><span style=\"text-decoration: underline;\">met\u0101la atkritumi<\/span><\/strong>. Un tad st\u0101dieties priek\u0161\u0101, <span style=\"text-decoration: underline;\"><span style=\"color: #ff0000;\"><strong>kas notiks, ja atsl\u0113gs str\u0101vu<\/strong><\/span><\/span> ? <\/span><\/p>\n<p><span style=\"color: #0000ff;\">Pareizi, viss haotiski, ar lielu troksni nokrit\u012bs tur, no kurienes reiz bija ticis pievilkts. Nekas vairs vi\u0146us nevienos un netur\u0113s kop\u0101\u2026 . <span style=\"text-decoration: underline;\"><span style=\"color: #ff0000;\"><strong>T\u0101pat notiks ar noziedzniekiem, kad tiks izn\u012bcin\u0101ts Antikrists- cionisms<\/strong><\/span><\/span>\u2026. . Tauta \u0161os <strong>\u201catkritu\u0161os\u201d <\/strong>de\u0123ener\u0101tus nosit\u012bs tur, kur vi\u0146i tiks satikti\u2026. .<\/span><\/p>\n<p><span style=\"color: #003300;\"> <\/span><\/p>\n<h2><span style=\"color: #003300;\"><strong><a href=\"http:\/\/tautastribunals.eu\/wp-content\/uploads\/2017\/03\/Latvija.K.PupursLRTTL.Granti\u0146\u0161.PNG\"><img decoding=\"async\" loading=\"lazy\" class=\"alignleft size-full wp-image-37983\" title=\"Latvija.K.Pupurs,LRTT,L.Granti\u0146\u0161\" src=\"http:\/\/tautastribunals.eu\/wp-content\/uploads\/2017\/03\/Latvija.K.PupursLRTTL.Granti\u0146\u0161.PNG\" alt=\"Latvija.K.Pupurs,LRTT,L.Granti\u0146\u0161\" width=\"647\" height=\"74\" srcset=\"https:\/\/tautastribunals.eu\/wp-content\/uploads\/2017\/03\/Latvija.K.PupursLRTTL.Granti\u0146\u0161.PNG 1132w, https:\/\/tautastribunals.eu\/wp-content\/uploads\/2017\/03\/Latvija.K.PupursLRTTL.Granti\u0146\u0161-300x34.PNG 300w, https:\/\/tautastribunals.eu\/wp-content\/uploads\/2017\/03\/Latvija.K.PupursLRTTL.Granti\u0146\u0161-800x91.PNG 800w\" sizes=\"(max-width: 647px) 100vw, 647px\" \/><\/a><span style=\"color: #0000ff;\">Nacion\u0101l\u0101s apvien\u012bbas biedrs parakst\u012bjis Krimas aneksiju atbalsto\u0161as ung\u0101ru partijas deklar\u0101ciju <\/span><\/strong><\/span><\/h2>\n<p><span style=\"color: #003300;\"> <\/span><\/p>\n<p><span style=\"color: #003300;\">Koal\u012bcijas partijas \u2013 Nacion\u0101l\u0101s apvien\u012bbas \u2013 biedrs un k\u0101dreiz\u0113jais apvien\u012bb\u0101 ieg\u0101ju\u0161\u0101s partijas \u201cVisu Latvijai!\u201d valdes loceklis Konstant\u012bns Pupurs piedal\u012bjies Ung\u0101rijas prokremlisk\u0101s lab\u0113ji radik\u0101l\u0101s partijas \u201cJobbik\u201d r\u012bkotaj\u0101 konferenc\u0113 Budape\u0161t\u0101 un parakst\u012bja \u201cJobbik\u201d sagatavotu deklar\u0101ciju par algu izl\u012bdzin\u0101\u0161anu \u201cvecaj\u0101\u201d un \u201cjaunaj\u0101\u201d Eirop\u0101 , v\u0113sta LTV7 raid\u012bjums \u201c\u013bi\u010dnoje delo\u201d.<\/span><\/p>\n<p><span style=\"color: #003300;\"> <\/span><\/p>\n<p><span style=\"color: #003300;\">Uztur\u0113\u0161anas izdevumus dal\u012bbai konferenc\u0113 sedza \u201cJobbik\u201d. Pupurs skaidroja, ka konferenc\u0113 p\u0101rst\u0101v\u0113jis Nacion\u0101lo apvien\u012bbu un piedal\u012bjies taj\u0101 ar apvien\u012bbas vad\u012bbas zi\u0146u. Bet viens no partijas l\u012bderiem Raivis Dzintars gan to noliedz.<\/span><\/p>\n<p><span style=\"color: #003300;\"> <\/span><\/p>\n<p><span style=\"color: #003300;\">\u201cJobbik\u201d konferenc\u0113 Budape\u0161t\u0101 14.mart\u0101 tika parakst\u012bta deklar\u0101cija par \u201cAlgu savien\u012bbas\u201d izveidi. Saska\u0146\u0101 ar \u201cJobbik\u201d pazi\u0146ojumu, \u0161\u012b p\u0101rnacion\u0101l\u0101 organiz\u0101cija tiek veidota, lai liktu Eiropas Savien\u012bbas (ES) strukt\u016br\u0101m izl\u012bdzin\u0101t algas \u201cvecaj\u0101\u201d un \u201cjaunaj\u0101\u201d Eirop\u0101. To pl\u0101nots pan\u0101kt, iedarbinot ES pilsonisk\u0101s iniciat\u012bvas meh\u0101nismu, kas liek Eiropas Komisijai izskat\u012bt priek\u0161likumus, par kuru parakst\u012bj\u0101s vismaz miljons Eiropas pilso\u0146u, kas dz\u012bvo vismaz septi\u0146\u0101s ES dal\u012bbvalst\u012bs.<\/span><\/p>\n<p><span style=\"color: #003300;\"> <\/span><\/p>\n<p><span style=\"color: #003300;\">Deklar\u0101ciju parakst\u012bja Ung\u0101rijas, Slov\u0101kijas, Polijas, Horv\u0101tijas, Rum\u0101nijas, Bulg\u0101rijas, Latvijas un Igaunijas politisko sp\u0113ku p\u0101rst\u0101vji.<\/span><\/p>\n<p><span style=\"color: #003300;\"> <\/span><\/p>\n<p><span style=\"color: #003300;\"> <\/span><\/p>\n<p><span style=\"color: #003300;\"> <\/span><\/p>\n<p><span style=\"color: #003300;\">Dzintars gan LTV7 pazi\u0146oja, ka partij\u0101 \u0161\u012b iniciat\u012bva netika apspriesta, deklar\u0101ciju parakst\u012bja konkr\u0113ti cilv\u0113ki un vi\u0146u viedoklis ir j\u0101noskaidro, bet partij\u0101 tas nav p\u0101rrun\u0101ts un vi\u0146u viedoklis nav izskan\u0113jis. Dzintars uzsv\u0113ra, ka Nacion\u0101l\u0101 apvien\u012bba neko nav parakst\u012bjusi un par \u0161o iniciat\u012bvu nav inform\u0113ta, diskusiju par to nav bijis.<\/span><\/p>\n<p><span style=\"color: #003300;\"> <\/span><\/p>\n<p><span style=\"color: #003300;\">Uz \u201c\u013bi\u010dnoje delo\u201d jaut\u0101jumiem, vai partijai bija zin\u0101ms par Pupura viz\u012bti uz Budape\u0161tu un par \u201cJobbik\u201d poz\u012bciju Krimas jaut\u0101jum\u0101, Dzintars atbild\u0113ja, ka par to ir j\u0101run\u0101 ar konkr\u0113tu cilv\u0113ku.<\/span><\/p>\n<p><span style=\"color: #003300;\"> <\/span><\/p>\n<p><span style=\"color: #003300;\">Pats Pupurs, jaut\u0101ts par vi\u0146a statusu konferenc\u0113, raid\u012bjumam pauda, ka p\u0101rst\u0101v partiju Nacion\u0101l\u0101 apvien\u012bba, ta\u010du saist\u012bb\u0101 ar iniciat\u012bvu run\u0101 visas tautas v\u0101rd\u0101, t\u0101pat k\u0101 asto\u0146desmitajos gados, kad Pupurs bija organiz\u0101cijas \u201cHelsinki 86\u201d biedrs, pirmo reizi tika piepras\u012bta neatkar\u012bba visas tautas v\u0101rd\u0101.<\/span><\/p>\n<p><span style=\"color: #003300;\"> <\/span><\/p>\n<p><span style=\"color: #003300;\">Savuk\u0101rt, jaut\u0101ts par vi\u0146a viz\u012btes un deklar\u0101cijas apsprie\u0161anu ar partijas vad\u012bbu un vai vi\u0146\u0161 ofici\u0101li p\u0101rst\u0101v\u0113ja Nacion\u0101lo apvien\u012bbu, Pupurs nor\u0101d\u012bja \u2013 ja reiz vi\u0146\u0161 uz konferenci ir devies, t\u0101tad tas tika apspriests. Vi\u0146\u0161 ar\u012b piebilda, ka cer uz to, ka par iniciat\u012bvu run\u0101s ne tikai partijas, bet visas republikas l\u012bmen\u012b.<\/span><\/p>\n<p><span style=\"color: #003300;\"> <\/span><\/p>\n<p><span style=\"color: #003300;\">Uz nor\u0101di, ka Dzintars par vi\u0146a braucienu nezina, Pupurs raid\u012bjumam \u201c\u013bi\u010dnoje delo\u201d pie\u013c\u0101va, ka viens no partijas l\u012bderiem, iesp\u0113jams, nav inform\u0113ts.<\/span><\/p>\n<p><span style=\"color: #003300;\"> <\/span><\/p>\n<p><span style=\"color: #003300;\">Pupurs ar\u012b atzina ka braucienu apmaks\u0101ja cilv\u0113ki, kas vi\u0146u Ung\u0101rij\u0101 sagaid\u012bja, un pas\u0101kumu organiz\u0113ja Ung\u0101rijas partija.<\/span><\/p>\n<p><span style=\"color: #003300;\"> <\/span><\/p>\n<p><span style=\"color: #003300;\">No Igaunijas deklar\u0101ciju parakst\u012bja Igaunijas parlamenta deput\u0101ts no opoz\u012bcij\u0101 eso\u0161\u0101s lab\u0113j\u0101s nacion\u0101l\u0101s Konservat\u012bv\u0101s tautas partijas Jaks Madisons, ar kuru Tallin\u0101 p\u0113c Rus.lsm.lv l\u016bguma sazin\u0101j\u0101s \u201cPostimees\u201d \u017eurn\u0101lists Georgijs Beltadze.<\/span><\/p>\n<p><span style=\"color: #003300;\"> <\/span><\/p>\n<p><span style=\"color: #003300;\">Jaut\u0101ts, kas apmaks\u0101ja vi\u0146a dal\u012bbu konferenc\u0113, Madisons skaidroja, ka t\u0101 bija priv\u0101t\u0101 darba viz\u012bte un transportu un dz\u012bvo\u0161anu apmaks\u0101ja r\u012bkot\u0101ji, bet nok\u013c\u016b\u0161ana Budape\u0161t\u0101 bija pa\u0161u dal\u012bbnieku zi\u0146\u0101.<\/span><\/p>\n<p><span style=\"color: #003300;\"> <\/span><\/p>\n<p><span style=\"color: #003300;\">P\u0113c Madisona teikt\u0101, konferences dal\u012bbnieki tika izv\u0113l\u0113ti partijas l\u012bmen\u012b, partija, kas sa\u0146\u0113ma iel\u016bgumu, l\u0113ma, kas dosies uz Budape\u0161tu. \u201ces zinu, ka t\u0101 bija ar\u012b ar Latvijas pusi, tika lemts, kas v\u0113las un var braukt\u201d.<\/span><\/p>\n<p><span style=\"color: #003300;\"> <\/span><\/p>\n<p><span style=\"color: #003300;\">Vi\u0146\u0161 apgalvoja, ka \u201cJobbik\u201d Latvij\u0101 ir tie\u0161ais kontakts, kas vienlaikus ir ar\u012b Igaunijas Nacion\u0101li konservat\u012bvas partijas kontakts.<\/span><\/p>\n<p><span style=\"color: #003300;\"> <\/span><\/p>\n<p><span style=\"color: #003300;\">\u201c\u013bi\u010dnoje delo\u201d nor\u0101da, ka \u201cJobbik\u201d ir ar\u012b visai tuvas attiec\u012bbas ar zin\u0101m\u0101m aprind\u0101m Krievij\u0101. 2013.gada vasar\u0101 \u201cJobbik\u201d l\u012bderis Gabors Vons, kur\u0161 r\u012bkoja \u0161\u012b gada febru\u0101ra Budape\u0161tas konferenci, uzst\u0101j\u0101s Maskavas Valsts universit\u0101t\u0113 kop\u0101 ar vienu no \u201cKrievu pasaules\u201d ideologiem Aleksandru Duginu. Toreiz Vons pazi\u0146oja, ka br\u012bd\u012b, kad \u201cJobbik\u201d nok\u013c\u016bs vald\u012bb\u0101, t\u0101 pievienos Ung\u0101riju Eir\u0101zijas savien\u012bbai. \u201cM\u0113s ne tikai l\u016bdzam Krieviju \u201ciz\u0146emt\u201d m\u016bs no ES. M\u0113s pa\u0161i izst\u0101simies, ja m\u0113s b\u016bsim vald\u012bb\u0101,\u201d toreiz sol\u012bja Vons.<\/span><\/p>\n<p><span style=\"color: #003300;\"> <\/span><\/p>\n<p><span style=\"color: #003300;\">Kop\u0101 ar Vonu uzst\u0101j\u0101s ar\u012b \u201cJobbik\u201d Eiroparlameta deput\u0101ts Bela Kova\u010ds, kas pazi\u0146oja, ka partijas darbu, vi\u0146apr\u0101t, atzin\u012bgi nov\u0113rt\u0113 ar\u012b Krievijas prezidents Vladimirs Putins.<\/span><\/p>\n<p><span style=\"color: #003300;\"> <\/span><\/p>\n<p><span style=\"color: #003300;\">Par k\u0101du tie\u0161i darbu vi\u0146\u0161 run\u0101ja, k\u013cuva skaidrs 2015.gad\u0101, kad Eiroparlaments at\u0146\u0113ma Kova\u010dam deput\u0101ta imunit\u0101ti p\u0113c Ung\u0101rijas prokurat\u016bras piepras\u012bjum\u0101 saist\u012bb\u0101 ar aps\u016bdz\u012bb\u0101m par darbu Krievijas Feder\u0101l\u0101 dro\u0161\u012bbas dienesta lab\u0101, iesp\u0113jams, kop\u0161 \u00a02010.gada.<\/span><\/p>\n<p><span style=\"color: #003300;\"> <\/span><\/p>\n<p><span style=\"color: #003300;\">2014.gad\u0101 Kova\u010ds bija nov\u0113rot\u0101js neatz\u012btaj\u0101 Krimas referendum\u0101, da\u017eas dienas p\u0113c kura \u201cJobbik\u201d izplat\u012bja ofici\u0101lo pazi\u0146ojumu, ka referendums bija le\u0123it\u012bms. Viens no \u00a0partijas l\u012bderiem Martons Djendje\u0161i toreiz pazi\u0146oja, ka partija \u0161o referendumu atz\u012bst. Vi\u0146\u0161 ar\u012b bija tas, kur\u0161 parakst\u012bja deklar\u0101ciju Budape\u0161t\u0101, kuru parakst\u012bja ar\u012b Pupurs.<\/span><\/p>\n<p><span style=\"color: #003300;\"> <\/span><\/p>\n<p><span style=\"color: #003300;\">Pupurs raid\u012bjumam \u201c\u013bi\u010dnoje delo\u201d\u00a0 sac\u012bja, ka nezin\u0101jis par \u201cJobbik\u201d poz\u012bciju Krimas jaut\u0101jum\u0101 un neinteres\u0113jies par to, jo par to netika run\u0101ts.<\/span><\/p>\n<p><span style=\"color: #003300;\"> <\/span><\/p>\n<p><span style=\"color: #003300;\">Vi\u0146\u0161 kl\u0101st\u012bja, ka vi\u0146u interes\u0113 Latvijas probl\u0113mas un Latvijas iedz\u012bvot\u0101ju labkl\u0101j\u012bba, un, ja ir k\u0101di jaut\u0101jumi, kuros var sadarboties ar \u201cJobbik\u201d vai k\u0101du citu partiju Asutrumeirop\u0101, tas ir tikai labi.<\/span><\/p>\n<p><span style=\"color: #003300;\"> <\/span><\/p>\n<p><span style=\"color: #003300;\">Madisons savuk\u0101rt pauda, ka l\u012bdz \u0161ai dienai vi\u0146\u0161 nav redz\u0113jis nevienu faktu, kas nor\u0101d\u012btu uz \u201cJobbik\u201d saist\u012bbu ar Kremli.<\/span><\/p>\n<p><span style=\"color: #003300;\"> <\/span><\/p>\n<p><span style=\"color: #003300;\"> <\/span><\/p>\n","protected":false},"excerpt":{"rendered":"<p>Cionistu- komunistu provok\u0101cijas p\u0113d\u0113j\u0101 laik\u0101 pie\u0146em epid\u0113miskus m\u0113rogus. Tikko k\u0101 apskat\u012bj\u0101m latvie\u0161u tautu nomelnojo\u0161us video par 16. martu un 25. martu. K\u013cuvis zin\u0101ms v\u0113l vien provokat\u012bvs izl\u0113ciens no viet\u0113jo cionistu puses. Maskav\u0101 saverv\u0113tais viltus&#46;&#46;&#46;<\/p>\n","protected":false},"author":1,"featured_media":0,"comment_status":"open","ping_status":"open","sticky":false,"template":"","format":"standard","meta":[],"categories":[1],"tags":[],"_links":{"self":[{"href":"https:\/\/tautastribunals.eu\/index.php?rest_route=\/wp\/v2\/posts\/37973"}],"collection":[{"href":"https:\/\/tautastribunals.eu\/index.php?rest_route=\/wp\/v2\/posts"}],"about":[{"href":"https:\/\/tautastribunals.eu\/index.php?rest_route=\/wp\/v2\/types\/post"}],"author":[{"embeddable":true,"href":"https:\/\/tautastribunals.eu\/index.php?rest_route=\/wp\/v2\/users\/1"}],"replies":[{"embeddable":true,"href":"https:\/\/tautastribunals.eu\/index.php?rest_route=%2Fwp%2Fv2%2Fcomments&post=37973"}],"version-history":[{"count":31,"href":"https:\/\/tautastribunals.eu\/index.php?rest_route=\/wp\/v2\/posts\/37973\/revisions"}],"predecessor-version":[{"id":38009,"href":"https:\/\/tautastribunals.eu\/index.php?rest_route=\/wp\/v2\/posts\/37973\/revisions\/38009"}],"wp:attachment":[{"href":"https:\/\/tautastribunals.eu\/index.php?rest_route=%2Fwp%2Fv2%2Fmedia&parent=37973"}],"wp:term":[{"taxonomy":"category","embeddable":true,"href":"https:\/\/tautastribunals.eu\/index.php?rest_route=%2Fwp%2Fv2%2Fcategories&post=37973"},{"taxonomy":"post_tag","embeddable":true,"href":"https:\/\/tautastribunals.eu\/index.php?rest_route=%2Fwp%2Fv2%2Ftags&post=37973"}],"curies":[{"name":"wp","href":"https:\/\/api.w.org\/{rel}","templated":true}]}}