{"id":37035,"date":"2017-02-06T18:23:31","date_gmt":"2017-02-06T16:23:31","guid":{"rendered":"http:\/\/tautastribunals.eu\/?p=37035"},"modified":"2023-08-14T11:29:40","modified_gmt":"2023-08-14T08:29:40","slug":"trpinajums-nr-9-birzesstatujevi-rozkalni-co","status":"publish","type":"post","link":"https:\/\/tautastribunals.eu\/?p=37035","title":{"rendered":"Turpin\u0101jums. Nr.9. birzes(statujevi) \/ ro\u017ekalni &#038; co"},"content":{"rendered":"<h1><a href=\"http:\/\/tautastribunals.eu\/wp-content\/uploads\/2017\/02\/Liec\u012bbas.LRTT.H-86.LatvijaSaeimaGranti\u0146\u0161BitenieksBarissUrbanovi\u010dsKozlovskis..PNG\"><img decoding=\"async\" loading=\"lazy\" class=\"alignleft  wp-image-37038\" title=\"Liec\u012bbas.LRTT.H-86.LatvijaSaeimaGranti\u0146\u0161BitenieksBarissUrbanovi\u010dsKozlovskis.\" src=\"http:\/\/tautastribunals.eu\/wp-content\/uploads\/2017\/02\/Liec\u012bbas.LRTT.H-86.LatvijaSaeimaGranti\u0146\u0161BitenieksBarissUrbanovi\u010dsKozlovskis..PNG\" alt=\"Liec\u012bbas.LRTT.H-86.LatvijaSaeimaGranti\u0146\u0161BitenieksBarissUrbanovi\u010dsKozlovskis.\" width=\"2112\" height=\"483\" srcset=\"https:\/\/tautastribunals.eu\/wp-content\/uploads\/2017\/02\/Liec\u012bbas.LRTT.H-86.LatvijaSaeimaGranti\u0146\u0161BitenieksBarissUrbanovi\u010dsKozlovskis..PNG 834w, https:\/\/tautastribunals.eu\/wp-content\/uploads\/2017\/02\/Liec\u012bbas.LRTT.H-86.LatvijaSaeimaGranti\u0146\u0161BitenieksBarissUrbanovi\u010dsKozlovskis.-300x68.PNG 300w, https:\/\/tautastribunals.eu\/wp-content\/uploads\/2017\/02\/Liec\u012bbas.LRTT.H-86.LatvijaSaeimaGranti\u0146\u0161BitenieksBarissUrbanovi\u010dsKozlovskis.-800x183.PNG 800w\" sizes=\"(max-width: 2112px) 100vw, 2112px\" \/><\/a><span style=\"color: #003300;\"><a href=\"https:\/\/www.facebook.com\/viktors.brze?fref=ufi\" target=\"_blank\" rel=\"noopener\">Viktors Birze<\/a> <\/span><\/h1>\n<h1><span style=\"color: #003300;\">Eva, skumji par J\u016bsu attieksmi<\/span><\/h1>\n<p><span style=\"color: #003300;\"><a href=\"http:\/\/tautastribunals.eu\/wp-content\/uploads\/2017\/02\/MIGLA-SARKAN\u0100-NOL\u0100D\u0112T\u0100REINIKS\u0100BOLTI\u0145A1.PNG\"><img decoding=\"async\" loading=\"lazy\" class=\"alignleft  wp-image-37045\" title=\"MIGLA SARKAN\u0100- NOL\u0100D\u0112T\u0100,REINIKS,\u0100BOLTI\u0145A\" src=\"http:\/\/tautastribunals.eu\/wp-content\/uploads\/2017\/02\/MIGLA-SARKAN\u0100-NOL\u0100D\u0112T\u0100REINIKS\u0100BOLTI\u0145A1.PNG\" alt=\"MIGLA SARKAN\u0100- NOL\u0100D\u0112T\u0100,REINIKS,\u0100BOLTI\u0145A\" width=\"2137\" height=\"182\" srcset=\"https:\/\/tautastribunals.eu\/wp-content\/uploads\/2017\/02\/MIGLA-SARKAN\u0100-NOL\u0100D\u0112T\u0100REINIKS\u0100BOLTI\u0145A1.PNG 986w, https:\/\/tautastribunals.eu\/wp-content\/uploads\/2017\/02\/MIGLA-SARKAN\u0100-NOL\u0100D\u0112T\u0100REINIKS\u0100BOLTI\u0145A1-300x25.PNG 300w, https:\/\/tautastribunals.eu\/wp-content\/uploads\/2017\/02\/MIGLA-SARKAN\u0100-NOL\u0100D\u0112T\u0100REINIKS\u0100BOLTI\u0145A1-800x68.PNG 800w\" sizes=\"(max-width: 2137px) 100vw, 2137px\" \/><\/a>Jau piemin\u0113ju, ka nekas nenotiek t\u0101pat vien, visam ir sava j\u0113ga un iemesls. Kas tad ir \u0161is <strong>VIKTORS BIRZE<\/strong>, ka iedom\u0101jas izteikt no\u017e\u0113lu par <strong>Evas Martu\u017eas<\/strong> piln\u012bgi lo\u0123isko jaut\u0101jumu:<span style=\"color: #0000ff;\"><em>\u201d <\/em><em><a href=\"https:\/\/www.facebook.com\/eva.martuza?fref=ufi\" target=\"_blank\" rel=\"noopener\">Eva Martuza<\/a><\/em><em> Labpr\u0101t uzzin\u0101tu vair\u0101k, kas notika \u0161aj\u0101 gad\u0101 un k\u0101p\u0113c ir var\u0113jusi b\u016bt pie\u013cauta un varb\u016bt mazliet v\u0113l\u0101k notikusi \u0161\u0101da v\u0113lme (ne-ebrejiem) doties uz Rietumiem. K\u0101da bija politisk\u0101 motiv\u0101cija?\u201d<\/em><\/span><\/span><\/p>\n<p><span style=\"color: #003300;\">Cilv\u0113ks <strong>\u201cno malas\u201d<\/strong> paraust\u012btu tikai plecus par \u0161o <strong>Birzes<\/strong> <strong>\u201cskumjo attieksmi\u201d<\/strong> un t\u0101 ar\u012b nesapratis to t\u016bl\u012bt iemestu savas apzi\u0146as pap\u012brkurv\u012b\u2026 .<\/span><\/p>\n<p><span style=\"color: #003300;\">Bet viss nav tik vienk\u0101r\u0161i k\u0101 tas pirmaj\u0101 mirkl\u012b izskat\u0101s. <strong>Viktors Birze \u201c\u0161eit\u201d<\/strong> neuzrad\u0101s nejau\u0161\u012bbas d\u0113\u013c. \u0160eit las\u0101ms, ko jau pirms septi\u0146iem gadiem rakst\u012bju par vi\u0146u: <a href=\"http:\/\/tautastribunals.eu\/?p=11245\" target=\"_blank\" rel=\"noopener\">http:\/\/tautastribunals.eu\/?p=11245<\/a><\/span><\/p>\n<p><span style=\"color: #003300;\">\u0160odien ir kl\u0101t n\u0101ku\u0161i vair\u0101ki fakti. <\/span><\/p>\n<p><span style=\"color: #003300;\"><a href=\"http:\/\/tautastribunals.eu\/wp-content\/uploads\/2017\/02\/Viktors-BirzeEva-Martu\u017eaLRTT.PNG\"><img decoding=\"async\" loading=\"lazy\" class=\"alignleft  wp-image-37056\" title=\"Viktors Birze,Eva Martu\u017ea,LRTT\" src=\"http:\/\/tautastribunals.eu\/wp-content\/uploads\/2017\/02\/Viktors-BirzeEva-Martu\u017eaLRTT.PNG\" alt=\"Viktors Birze,Eva Martu\u017ea,LRTT\" width=\"240\" height=\"335\" srcset=\"https:\/\/tautastribunals.eu\/wp-content\/uploads\/2017\/02\/Viktors-BirzeEva-Martu\u017eaLRTT.PNG 310w, https:\/\/tautastribunals.eu\/wp-content\/uploads\/2017\/02\/Viktors-BirzeEva-Martu\u017eaLRTT-214x300.PNG 214w\" sizes=\"(max-width: 240px) 100vw, 240px\" \/><\/a><\/span><\/p>\n<p>Foto: <span style=\"color: #ff0000;\"><em>Tu, Viktor, b\u016bsi pirmais, kuru \u0161ie noziedznieki likvid\u0113s, jo esi nevajadz\u012bgs liecinieks&#8230;. . Un tas ar\u012b b\u016bs god\u012bgi nopeln\u012bts, jo esi uzst\u0101jies pret Paties\u012bbu !<\/em><\/span><\/p>\n<p><span style=\"color: #003300;\">Pirmk\u0101rt jau tas, ka <strong>\u201cm\u016bsu\u201d<\/strong> <strong>V. Birze<\/strong> nemaz nav <strong>Birze<\/strong>. Vi\u0146a t\u0113vs\u00a0 nav latvietis, bet okupants- krievs<em>(Stat\u016bjevs). <\/em>Uzv\u0101rds skolas laik\u0101 tika nomain\u012bts- pie\u0146emts m\u0101tes uzv\u0101rds. T\u0113va asinis, protams, ka izsaka daudz ko. V\u0113l\u0101k\u0101 vi\u0146a provokat\u012bv\u0101 darb\u012bba apstiprin\u0101ja, ka <strong>\u201cz\u0113ns\u201d<\/strong> darbojas <strong>DP<\/strong><em>(KGB)<\/em> uzdevum\u0101. Runa nav tikai par<strong> R. Bitenieka<\/strong> zomb\u0113\u0161anu pret <strong>L. Granti\u0146u,<\/strong> bet v\u0113l kas svar\u012bg\u0101ks. Iepriek\u0161\u0113j\u0101s pa\u0161vald\u012bbu v\u0113l\u0113\u0161an\u0101s <strong>Liep\u0101j\u0101<\/strong>, vi\u0146\u0161 band\u012bta<strong> I. Kesenfelda<\/strong><em>(protams, ar\u012b ar slepkavas U. Seska zi\u0146u) <\/em>vad\u012bb\u0101, piedal\u012bj\u0101s sabot\u0101\u017e\u0101 pret <strong>VL! Liep\u0101jas noda\u013cu<\/strong>.<\/span><\/p>\n<p><span style=\"color: #003300;\">Person\u012bgi paz\u012bstu <strong>VL! liep\u0101jniekus<\/strong>. \u012asti <strong>Latvijas patrioti<\/strong>, kuri nav <span style=\"text-decoration: underline;\">sal\u012bdzin\u0101mi ar nodev\u012bgajiem un uzp\u0113rkamajiem r\u012bdziniekiem<\/span>.<\/span><\/p>\n<p><span style=\"color: #003300;\">\u201c<strong>Uz\u0146\u0113m\u0113js<\/strong>\u201d<strong> I. Kesenfelds<\/strong><em> (\u012bsten\u012bb\u0101 t\u0101ds pats band\u012bts k\u0101 Sesks)<\/em> \u012bsi pirms v\u0113l\u0113\u0161an\u0101m tika padz\u012bts no <strong>VL! Liep\u0101jas noda\u013cas<\/strong>. <\/span><\/p>\n<p><span style=\"color: #003300;\">Lai atriebtos par notiku\u0161o, vi\u0146\u0161, protams, ar visu lietu regul\u0113jo\u0161o iest\u0101des<em>(DP-VDK)<\/em> draudz\u012bgu pal\u012bdz\u012bbu steig\u0101 nodibin\u0101ja <strong>VL!<\/strong> dubl\u0113jo\u0161u partiju <strong>\u201cM\u016bsu zeme\u201d.<\/strong> Tas viss tika dar\u012bts, lai at\u0146emtu balsis <strong>VL!.<\/strong> Visa \u0161\u012b nodev\u012bg\u0101- graujo\u0161\u0101 izl\u0113ciena priek\u0161gal\u0101 bija<em>(protams ar DP atbalstu)<\/em><strong> \u201cm\u016bsu\u201d Vi\u0137ka Statujevs<\/strong>. Izl\u0113ciens <strong><span style=\"text-decoration: underline;\">band\u012bta I. Kesenfelda<\/span><\/strong> vad\u012bb\u0101 \u012bstenoj\u0101s, <strong>VL!, <\/strong>ar niec\u012bgu iztr\u016bkumu, neizdev\u0101s p\u0101rvar\u0113t 5% barjeru. <\/span><\/p>\n<p><span style=\"color: #003300;\">\u0160odien p\u0101r liep\u0101jniekiem valda <strong>komunists, slepkava, narkom\u0101ns<\/strong> un<strong> sp\u0113\u013cu autom\u0101tu atkar\u012bgais- komunists<\/strong> <strong>Uldis Sesks<\/strong> un visprimit\u012bv\u0101kais <strong>Atmodas<\/strong> laika reketieris- okupantu p\u0113ctecis<strong> Jurijs Hadarovi\u010ds<\/strong>. \u0160eit varam redz\u0113t, k\u0101da ietekme p\u0101r <strong>m\u016bsu tautu un Liep\u0101ju<\/strong> tiek dota band\u012btam <strong>Jurijam Hadarovi\u010dam <\/strong><a href=\"http:\/\/www.liepajniekiem.lv\/zinas\/bizness\/sez-valde-terentjeva-vieta-stasies-hadarovics-97151\">http:\/\/www.liepajniekiem.lv\/zinas\/bizness\/sez-valde-terentjeva-vieta-stasies-hadarovics-97151<\/a> !!!<\/span><\/p>\n<p><span style=\"color: #003300;\">Praktiski t\u0101 ir viena banda<em>(sesks,hadarovi\u010ds,kesenfelds)<\/em>, jo viens bez otra iztikt nevar. <strong>Uldis Sesks I. Godma\u0146a<\/strong> kriev\u017e\u012bdisk\u0101s bandas uzdevum\u0101 <strong><span style=\"text-decoration: underline;\">demol\u0113ja un likvid\u0113ja desmitiem Liep\u0101jas<\/span><\/strong> <strong><span style=\"text-decoration: underline;\">uz\u0146\u0113mumu<\/span><\/strong>. <strong>Liep\u0101jas Metalurga<\/strong> likvid\u0113\u0161an\u0101 vi\u0146\u0161 sp\u0113l\u0113ja vienu no galvenaj\u0101m lom\u0101m.<\/span><\/p>\n<p><span style=\"color: #003300;\">\u0160odien <strong>Vi\u0137ka Stat\u016bjevs<\/strong><em>(Viktors Birze)<\/em> lepni so\u013co blakus <strong>Uldim Seskam, <\/strong>t\u0101pat k\u0101 reiz biju\u0161ais <strong>\u201clatvju varonis\u201d Aigars Pr\u016bsis <\/strong>!<\/span><\/p>\n<p><span style=\"color: #003300;\">\u0160is pats <strong>\u201cviktors birze\u201d<\/strong> \u013coti labi zina, kas ir<strong> Ro\u017ekalns<\/strong>, bet vienalga nost\u0101jas vi\u0146a pus\u0113, jo<strong> DP<\/strong><em>(kriev\u017e\u012bdu)<\/em> uzdevums ir nomelnot <strong>L. Granti\u0146u<\/strong> un, protams, l\u012bdz ar to ar\u012b <strong>latviskuma aizst\u0101vi- rakstnieci Evu Martu\u017eu<\/strong>\u2026 .<\/span><\/p>\n<p><span style=\"color: #003300;\">\u0160\u012b ir tikai maza da\u013ca, ko esmu pasac\u012bjis par \u0161o <strong>provokatoru <\/strong>un cik v\u0113l ir tas, ko es nezinu ?!<\/span><\/p>\n<h2><span style=\"color: #003300;\">\u201cBet nekas nepaliek apsl\u0113pts, kas netaptu zin\u0101ms\u2026\u201d<\/span><\/h2>\n<p><span style=\"color: #003300;\">Viss reiz n\u0101ks gaism\u0101, <strong>VDK- DP<\/strong> dokumenti tiks publiskoti\u2026un, tad tauta b\u016bs \u0161ausm\u0101s: <strong><span style=\"text-decoration: underline;\">ar k\u0101diem izdzimte\u0146iem tai n\u0101cies dz\u012bvot kop\u0101\u2026 !<\/span><\/strong> Daudzi no \u0161iem padiben\u0113m pa\u0161i sev <strong>\u201clodi ielaid\u012bs pier\u0113\u201d<\/strong> un daudzus tauta vienk\u0101r\u0161i nosit\u012bs.<\/span><\/p>\n<p><span style=\"color: #003300;\">Ir j\u0101saprot, ka<strong> Tiesiskums<\/strong> ir:<strong><span style=\"text-decoration: underline;\"> Adekv\u0101ta soda sa\u0146em\u0161ana par pastr\u0101d\u0101to noziegumu\u2026 . <\/span><\/strong><\/span><\/p>\n<p><span style=\"color: #003300;\">K\u0101du sodu ir peln\u012bju\u0161i \u0161ie tautas bendes, man nav j\u0101apskaidro\u2026 .<\/span><\/p>\n<p><span style=\"color: #003300;\">-Tagad j\u016bs saprat\u0101t, k\u0101p\u0113c visi \u0161ie <strong>\u0161ak\u0101liskie izdzimumi<\/strong><em>(ka\u017eas, ozoli, lap\u0161\u0101ni, veidemanes, \u0161\u0101bertes, be\u013cski, drag\u016bnas, di\u0161leri\u2026 )<\/em> uzrad\u0101s \u0161aj\u0101 diskusij\u0101. <\/span><\/p>\n<p><span style=\"color: #003300;\">-K\u0101 jau sac\u012bju: Visam ir savs izskaidrojums- <strong><span style=\"text-decoration: underline;\">sagad\u012b\u0161an\u0101s un nejau\u0161\u012bbas ir tikai pasak\u0101s\u2026 <\/span><\/strong>.<\/span><\/p>\n<p><span style=\"color: #003300;\">Ievietoju ar\u012b v\u0113l\u0113\u0161anu rezult\u0101tu tabeli, kur\u0101 redzams, k\u0101<strong> \u201cM\u016bsu zeme\u201d<\/strong> at\u0146em <strong>VL!<\/strong> vajadz\u012bgo \u201c<strong>procentu<\/strong>\u201d. T\u0101tad, <strong>Liep\u0101jas patriotiem<\/strong> ir at\u0146emtaa iesp\u0113ja sevi par\u0101d\u012bt darbos, kas ar\u012b ir galvenais kriev\u017e\u012bdisk\u0101s \u010dekas uzdevums. <\/span><\/p>\n<p><span style=\"color: #003300;\">-Tagad ar\u012b tu, latviet, saprati, l\u012bdz k\u0101dai noziedznieku piram\u012bdas virsotnei noveda <strong>E. Martu\u017eas<\/strong> it k\u0101 nevain\u012bgais jaut\u0101jums !? <\/span><\/p>\n<h2><span style=\"color: #003300;\">Viss ir saist\u012bts sav\u0101 starp\u0101 !!!<\/span><\/h2>\n<p><span style=\"color: #003300;\">Un tie, kuri at\u0161ifr\u0113 \u0161os latvie\u0161u tautas slepkavu, cionistu- komunistu g\u0101jienus- tiek noslepkavoti !!!<br \/>\n<\/span><\/p>\n<p><span style=\"color: #003300;\"><strong>Sesks, Hadarovi\u010ds<\/strong> un <strong>Kesenfelds<\/strong> ir viena<strong> komanda- BANDA !<br \/>\n<\/strong><\/span><\/p>\n<p><span style=\"color: #003300;\"><a href=\"http:\/\/tautastribunals.eu\/wp-content\/uploads\/2017\/02\/Ivars-Kesenfelds.-Jurijs-Hadarovi\u010ds.-Uldis-Sesks.-LRTT.PNG\"><img decoding=\"async\" loading=\"lazy\" class=\"alignleft  wp-image-37062\" title=\"Ivars Kesenfelds. Jurijs Hadarovi\u010ds. Uldis Sesks. LRTT\" src=\"http:\/\/tautastribunals.eu\/wp-content\/uploads\/2017\/02\/Ivars-Kesenfelds.-Jurijs-Hadarovi\u010ds.-Uldis-Sesks.-LRTT.PNG\" alt=\"Ivars Kesenfelds. Jurijs Hadarovi\u010ds. Uldis Sesks. LRTT\" width=\"1774\" height=\"791\" srcset=\"https:\/\/tautastribunals.eu\/wp-content\/uploads\/2017\/02\/Ivars-Kesenfelds.-Jurijs-Hadarovi\u010ds.-Uldis-Sesks.-LRTT.PNG 739w, https:\/\/tautastribunals.eu\/wp-content\/uploads\/2017\/02\/Ivars-Kesenfelds.-Jurijs-Hadarovi\u010ds.-Uldis-Sesks.-LRTT-300x133.PNG 300w\" sizes=\"(max-width: 1774px) 100vw, 1774px\" \/><\/a>Ar\u012b <strong>Viln\u012btis <\/strong>ir no t\u0101s pa\u0161as \u0161lakas, nu, varb\u016bt, par <strong><span style=\"text-decoration: underline;\">mata tiesu god\u012bg\u0101ks, <\/span><\/strong><span style=\"text-decoration: underline;\">bet ar\u012b vi\u0146am j\u0101klausa<strong> kriev\u017e\u012bdisk\u0101s DP<\/strong> nor\u0101d\u012bjumiem<\/span>\u2026 .<\/span><\/p>\n<p><span style=\"color: #003300;\"><a href=\"http:\/\/tautastribunals.eu\/wp-content\/uploads\/2017\/02\/V.Birze.E.-Martu\u017eaL.Granti\u0146\u0161.PNG\"><img decoding=\"async\" loading=\"lazy\" class=\"alignleft  wp-image-37037\" title=\"V.Birze.E. Martu\u017ea,L.Granti\u0146\u0161\" src=\"http:\/\/tautastribunals.eu\/wp-content\/uploads\/2017\/02\/V.Birze.E.-Martu\u017eaL.Granti\u0146\u0161.PNG\" alt=\"V.Birze.E. Martu\u017ea,L.Granti\u0146\u0161\" width=\"1898\" height=\"793\" srcset=\"https:\/\/tautastribunals.eu\/wp-content\/uploads\/2017\/02\/V.Birze.E.-Martu\u017eaL.Granti\u0146\u0161.PNG 815w, https:\/\/tautastribunals.eu\/wp-content\/uploads\/2017\/02\/V.Birze.E.-Martu\u017eaL.Granti\u0146\u0161-300x125.PNG 300w, https:\/\/tautastribunals.eu\/wp-content\/uploads\/2017\/02\/V.Birze.E.-Martu\u017eaL.Granti\u0146\u0161-800x333.PNG 800w\" sizes=\"(max-width: 1898px) 100vw, 1898px\" \/><\/a><br \/>\n<\/span><\/p>\n<p><span style=\"color: #003300;\">06.02.17\u00a0\u00a0\u00a0 L. Granti\u0146\u0161<\/span><\/p>\n","protected":false},"excerpt":{"rendered":"<p>Viktors Birze Eva, skumji par J\u016bsu attieksmi Jau piemin\u0113ju, ka nekas nenotiek t\u0101pat vien, visam ir sava j\u0113ga un iemesls. Kas tad ir \u0161is VIKTORS BIRZE, ka iedom\u0101jas izteikt no\u017e\u0113lu par Evas Martu\u017eas piln\u012bgi&#46;&#46;&#46;<\/p>\n","protected":false},"author":1,"featured_media":0,"comment_status":"open","ping_status":"open","sticky":false,"template":"","format":"standard","meta":[],"categories":[1],"tags":[],"_links":{"self":[{"href":"https:\/\/tautastribunals.eu\/index.php?rest_route=\/wp\/v2\/posts\/37035"}],"collection":[{"href":"https:\/\/tautastribunals.eu\/index.php?rest_route=\/wp\/v2\/posts"}],"about":[{"href":"https:\/\/tautastribunals.eu\/index.php?rest_route=\/wp\/v2\/types\/post"}],"author":[{"embeddable":true,"href":"https:\/\/tautastribunals.eu\/index.php?rest_route=\/wp\/v2\/users\/1"}],"replies":[{"embeddable":true,"href":"https:\/\/tautastribunals.eu\/index.php?rest_route=%2Fwp%2Fv2%2Fcomments&post=37035"}],"version-history":[{"count":37,"href":"https:\/\/tautastribunals.eu\/index.php?rest_route=\/wp\/v2\/posts\/37035\/revisions"}],"predecessor-version":[{"id":64825,"href":"https:\/\/tautastribunals.eu\/index.php?rest_route=\/wp\/v2\/posts\/37035\/revisions\/64825"}],"wp:attachment":[{"href":"https:\/\/tautastribunals.eu\/index.php?rest_route=%2Fwp%2Fv2%2Fmedia&parent=37035"}],"wp:term":[{"taxonomy":"category","embeddable":true,"href":"https:\/\/tautastribunals.eu\/index.php?rest_route=%2Fwp%2Fv2%2Fcategories&post=37035"},{"taxonomy":"post_tag","embeddable":true,"href":"https:\/\/tautastribunals.eu\/index.php?rest_route=%2Fwp%2Fv2%2Ftags&post=37035"}],"curies":[{"name":"wp","href":"https:\/\/api.w.org\/{rel}","templated":true}]}}