{"id":3693,"date":"2010-12-30T15:30:12","date_gmt":"2010-12-30T13:30:12","guid":{"rendered":"http:\/\/tautastribunals.eu\/?p=3693"},"modified":"2010-12-30T15:30:12","modified_gmt":"2010-12-30T13:30:12","slug":"vai-sie-atkritumi-ir-latviesi-protams-ka-ne","status":"publish","type":"post","link":"https:\/\/tautastribunals.eu\/?p=3693","title":{"rendered":"Vai \u0161ie &#8220;atkritumi&#8221; ir latvie\u0161i ? Protams, ka n\u0113 !"},"content":{"rendered":"<p><span style=\"color: #333399\"><img decoding=\"async\" loading=\"lazy\" class=\"alignleft size-thumbnail wp-image-3694\" src=\"http:\/\/tautastribunals.eu\/wp-content\/uploads\/2010\/12\/IMGP09746-150x150.jpg\" alt=\"IMGP0974\" width=\"68\" height=\"65\" srcset=\"https:\/\/tautastribunals.eu\/wp-content\/uploads\/2010\/12\/IMGP09746-300x292.jpg 300w, https:\/\/tautastribunals.eu\/wp-content\/uploads\/2010\/12\/IMGP09746-800x780.jpg 800w, https:\/\/tautastribunals.eu\/wp-content\/uploads\/2010\/12\/IMGP09746.jpg 1278w\" sizes=\"(max-width: 68px) 100vw, 68px\" \/>\u0160eit j\u016bs redziet kreat\u016bras, kuras latvie\u0161u tautai un <strong>Latvijas <\/strong>valstij ir nodar\u012bju\u0161as neatgriezenisku \u013caunumu. \u0160ie nelie\u0161i<strong>, Satversmes<\/strong> tiesas tiesne\u0161i, ir izmantoju\u0161i savu juridisko izgl\u012bt\u012bbu, lai veiktu atkl\u0101tu-<strong> &#8220;tiesisku&#8221; <\/strong>genoc\u012bdu pret daudz cietu\u0161o latvie\u0161u tautu. Vi\u0146i pret <strong>Latvijas valsti<\/strong>\u00a0ir \u013caunpr\u0101t\u012bgi izmantoju\u0161i savu ie\u0146emamo amatu. \u0160ie izdzimte\u0146i <strong>&#8220;sv\u0113t\u012bja&#8221; Latvijas<\/strong> teritorijas atdo\u0161anu varm\u0101c\u012bgajam <strong>Sta\u013cina<\/strong> p\u0113cte\u010du re\u017e\u012bmam. <strong><span style=\"text-decoration: underline\">T\u0101d\u0101 veid\u0101 tika legaliz\u0113ta LR okup\u0101cija.<\/span><\/strong><\/span><\/p>\n<p><span style=\"color: #333399\"><strong>\u0160is 4. maija kli\u0137es<\/strong> nodev\u012bbas akts pret<strong> Latvijas<\/strong> valsti nep\u0101rprotami nor\u0101da, ka\u00a018. novembra <strong>Latvijas Republika<\/strong> bija nelikum\u012bgi okup\u0113jusi <strong>Krievijas Feder\u0101cijas<\/strong> teritoriju- <strong>Abreni !<\/strong> <strong><span style=\"text-decoration: underline\">Vai tas nav absurdu absurds ?\u00a0<\/span><\/strong><\/span><\/p>\n<p><span style=\"color: #333399\"><span style=\"color: #000000\"><strong>Foto:<\/strong> <\/span><em><span style=\"color: #ff0000\">Latvie\u0161u tautas nodev\u0113ji. Vai ir v\u0113l k\u0101dai pasaules tautai t\u0101di nelie\u0161i ? N\u0113,- atbild\u0113s jebkuras pasaules tautas p\u0101rst\u0101vis, t\u0101di ir tikai latvie\u0161iem, kuri pa\u0161i savu <strong><span style=\"text-decoration: underline\">rad\u012bt\u0101ju un maizes dev\u0113ju k\u0101 hanib\u0101li aprij<\/span> <\/strong>!!!<\/span><\/em><\/span><\/p>\n<p><span style=\"color: #333399\"><em><span style=\"color: #ff0000\"><a href=\"http:\/\/tautastribunals.eu\/?p=427\">http:\/\/tautastribunals.eu\/?p=427<\/a><\/span><\/em><\/span><\/p>\n<p><span style=\"color: #333399\"><img decoding=\"async\" loading=\"lazy\" class=\"alignleft size-thumbnail wp-image-3702\" src=\"http:\/\/tautastribunals.eu\/wp-content\/uploads\/2010\/12\/Noziedznieks-Latvijas-valsts-nodev\u0113js-Gun\u0101rs-K\u016btris.-132x150.jpg\" alt=\"Noziedznieks-Latvijas valsts nodev\u0113js, Gun\u0101rs K\u016btris.\" width=\"132\" height=\"150\" \/><img decoding=\"async\" loading=\"lazy\" class=\"alignleft size-thumbnail wp-image-3699\" src=\"http:\/\/tautastribunals.eu\/wp-content\/uploads\/2010\/12\/Noziedznieks-Uldis-\u0136inis-132x150.jpg\" alt=\"Noziedznieks, Uldis \u0136inis\" width=\"132\" height=\"150\" \/><img decoding=\"async\" loading=\"lazy\" class=\"alignleft size-thumbnail wp-image-3700\" src=\"http:\/\/tautastribunals.eu\/wp-content\/uploads\/2010\/12\/Starptautiskas-noz\u012bmes-noziedznieks-komunists-Viktors-Skudra.-Genoc\u012bda-\u012bstenot\u0101js-pret-latvie\u0161u-tautu.-132x150.jpg\" alt=\"Starptautiskas noz\u012bmes noziedznieks, komunists Viktors Skudra. Genoc\u012bda \u012bstenot\u0101js pret latvie\u0161u tautu.\" width=\"132\" height=\"150\" \/><img decoding=\"async\" loading=\"lazy\" class=\"alignleft size-thumbnail wp-image-3701\" src=\"http:\/\/tautastribunals.eu\/wp-content\/uploads\/2010\/12\/Starptautisko-konvenciju-p\u0101k\u0101p\u0113ja-Aija-Branta-132x150.jpg\" alt=\"Starptautisko konvenciju p\u0101k\u0101p\u0113ja, Aija Branta\" width=\"132\" height=\"150\" \/><img decoding=\"async\" loading=\"lazy\" class=\"alignleft size-thumbnail wp-image-3695\" src=\"http:\/\/tautastribunals.eu\/wp-content\/uploads\/2010\/12\/Latvie\u0161u-tautas-pabira-Satversmes-tiesas-tiesnese-Krist\u012bne-Kr\u016bma-132x150.jpg\" alt=\"Latvie\u0161u tautas pabira, Satversmes tiesas tiesnese, Krist\u012bne Kr\u016bma\" width=\"132\" height=\"150\" \/><img decoding=\"async\" loading=\"lazy\" class=\"alignleft size-thumbnail wp-image-3696\" src=\"http:\/\/tautastribunals.eu\/wp-content\/uploads\/2010\/12\/Noziedzniece-Satversmes-tiesas-tiesnese-Vineta-Mui\u017eniece.-132x150.jpg\" alt=\"Noziedzniece, Satversmes tiesas tiesnese, Vineta Mui\u017eniece.\" width=\"132\" height=\"150\" \/><img decoding=\"async\" loading=\"lazy\" class=\"alignleft size-thumbnail wp-image-3697\" src=\"http:\/\/tautastribunals.eu\/wp-content\/uploads\/2010\/12\/Noziedznieks-pret-latvie\u0161u-tautu-un-Latvijas-valsti-Kaspars-Balodis.-132x150.jpg\" alt=\"Noziedznieks pret latvie\u0161u tautu un Latvijas valsti, Kaspars Balodis.\" width=\"132\" height=\"150\" \/>T\u0101du pretrunu b\u016btu redz\u0113jis ar\u012b pat pirmklasnieks, bet \u0161iem koruptajiem- uzpirktajiem noziedzniekiem uz to visu &#8220;ir uzsp\u013caut&#8221;. <span style=\"text-decoration: underline\"><strong>Latvie\u0161i,<\/strong> paskatieties uz \u0161iem j\u016bdasu purniem un neaizmirstiet tos nekad, nekad&#8230;<\/span> . Vi\u0146i tiks ties\u0101ti ar &#8220;gal\u0113ju&#8221; soda m\u0113ru<strong>(ASM).<\/strong> \u0160ie izdzimte\u0146i ir p\u0101rk\u0101pu\u0161i visas starptautisk\u0101s konvencijas, kas attiecas uz okup\u0101ciju, koloniz\u0101ciju, aneksiju un tiesiskumu !!! Priek\u0161 \u0161iem noziedzniekiem v\u0113l <strong>Krimin\u0101lkodeks\u0101<\/strong> soda m\u0113rs nav nosac\u012bts- uzrakst\u012bts, jo l\u012bdz \u0161im nevien\u0101 taut\u0101 neviens indiv\u012bds tik lielu noziegumu nav pastr\u0101d\u0101jis. <strong>Tas ir neizm\u0113rojams kauns latvie\u0161u tautai, ka tie\u0161i t\u0101da veida gara krop\u013ci n\u0101k no m\u016bsu vidus.<\/strong><\/span><\/p>\n<p><span style=\"color: #ff0000\"><strong>LRTT saka:<br \/>\n<\/strong><span style=\"text-decoration: underline\">Iegaum\u0113jiet, no\u017e\u0113lojamie <strong>KANGARI !<\/strong><\/span>\u00a0<\/span><\/p>\n<p><span style=\"color: #ff0000\">\u0160is<strong> PORT\u0100LS<\/strong> priek\u0161 jums ir <strong>LAMATAS<\/strong> un <strong>L\u0100STS<\/strong>. Ne jau <strong>LRTT<\/strong> j\u016bs soda un nope\u013c, bet gan j\u016bsu pa\u0161u neliet\u012bgie darbi pret savu <strong>T\u0112VZEMI-DZIMTENI !<\/strong><\/span><\/p>\n<p><span style=\"color: #993300\"><em><span style=\"color: #000000\">LRTT 30.12.2010<\/span><\/em><\/span><\/p>\n","protected":false},"excerpt":{"rendered":"<p>\u0160eit j\u016bs redziet kreat\u016bras, kuras latvie\u0161u tautai un Latvijas valstij ir nodar\u012bju\u0161as neatgriezenisku \u013caunumu. \u0160ie nelie\u0161i, Satversmes tiesas tiesne\u0161i, ir izmantoju\u0161i savu juridisko izgl\u012bt\u012bbu, lai veiktu atkl\u0101tu- &#8220;tiesisku&#8221; genoc\u012bdu pret daudz cietu\u0161o latvie\u0161u tautu.&#46;&#46;&#46;<\/p>\n","protected":false},"author":6,"featured_media":0,"comment_status":"open","ping_status":"open","sticky":false,"template":"","format":"standard","meta":[],"categories":[1],"tags":[],"_links":{"self":[{"href":"https:\/\/tautastribunals.eu\/index.php?rest_route=\/wp\/v2\/posts\/3693"}],"collection":[{"href":"https:\/\/tautastribunals.eu\/index.php?rest_route=\/wp\/v2\/posts"}],"about":[{"href":"https:\/\/tautastribunals.eu\/index.php?rest_route=\/wp\/v2\/types\/post"}],"author":[{"embeddable":true,"href":"https:\/\/tautastribunals.eu\/index.php?rest_route=\/wp\/v2\/users\/6"}],"replies":[{"embeddable":true,"href":"https:\/\/tautastribunals.eu\/index.php?rest_route=%2Fwp%2Fv2%2Fcomments&post=3693"}],"version-history":[{"count":14,"href":"https:\/\/tautastribunals.eu\/index.php?rest_route=\/wp\/v2\/posts\/3693\/revisions"}],"predecessor-version":[{"id":3715,"href":"https:\/\/tautastribunals.eu\/index.php?rest_route=\/wp\/v2\/posts\/3693\/revisions\/3715"}],"wp:attachment":[{"href":"https:\/\/tautastribunals.eu\/index.php?rest_route=%2Fwp%2Fv2%2Fmedia&parent=3693"}],"wp:term":[{"taxonomy":"category","embeddable":true,"href":"https:\/\/tautastribunals.eu\/index.php?rest_route=%2Fwp%2Fv2%2Fcategories&post=3693"},{"taxonomy":"post_tag","embeddable":true,"href":"https:\/\/tautastribunals.eu\/index.php?rest_route=%2Fwp%2Fv2%2Ftags&post=3693"}],"curies":[{"name":"wp","href":"https:\/\/api.w.org\/{rel}","templated":true}]}}