{"id":36139,"date":"2016-12-24T19:00:33","date_gmt":"2016-12-24T17:00:33","guid":{"rendered":"http:\/\/tautastribunals.eu\/?p=36139"},"modified":"2016-12-25T09:35:27","modified_gmt":"2016-12-25T07:35:27","slug":"klusa-nakts-sveta-nakts-atceresimies-satanistu-upurus","status":"publish","type":"post","link":"https:\/\/tautastribunals.eu\/?p=36139","title":{"rendered":"Klusa nakts, Sv\u0113ta nakts ! Atcer\u0113simies s\u0101tanistu upurus"},"content":{"rendered":"<h1><span style=\"color: #003300;\"><a href=\"http:\/\/tautastribunals.eu\/wp-content\/uploads\/2016\/12\/Klusa-nakts-sv\u0113ta-nakts.jpg\"><img decoding=\"async\" loading=\"lazy\" class=\"alignleft size-full wp-image-36145\" title=\"Klusa nakts, sv\u0113ta nakts\" src=\"http:\/\/tautastribunals.eu\/wp-content\/uploads\/2016\/12\/Klusa-nakts-sv\u0113ta-nakts.jpg\" alt=\"Klusa nakts, sv\u0113ta nakts\" width=\"635\" height=\"82\" \/><\/a>Sv\u0113tvakars !<\/span><\/h1>\n<p><span style=\"color: #003300;\"> <\/span><\/p>\n<h2><span style=\"color: #003300;\">Dievs,Tavs pr\u0101ts lai notiek k\u0101 debes\u012bs, t\u0101 ar\u012b virs zemes.  !<\/span><\/h2>\n<p><span style=\"color: #003300;\"> <\/span><\/p>\n<p><span style=\"color: #003300;\">Un,- \u0161is <strong>Pr\u0101ts<\/strong> ar\u012b notiks, jo atst\u0101t noziedzniekus bez<strong> \u201calgas\u201d Vi\u0146\u0161 <\/strong>netais\u0101s.<\/span><\/p>\n<p><span style=\"color: #003300;\"> <\/span><\/p>\n<p><span style=\"color: #003300;\">Viss un visi tiks salikti <strong>\u201cpa pareizaj\u0101m viet\u0101m\u201d <\/strong>!<\/span><\/p>\n<p><span style=\"color: #003300;\"> <\/span><\/p>\n<p><span style=\"color: #003300;\">Mums, protams, tas grib\u0113tos \u0101tr\u0101k, bet <strong>\u201cvadzis l\u016bst\u201d <\/strong>tikai tad, kad tas pilns.<\/span><\/p>\n<p><span style=\"color: #003300;\"> <\/span><\/p>\n<p><span style=\"color: #003300;\">Kad tas pilns, to zina vien\u012bgi <strong>TAS<\/strong>, kur\u0161 atbild par \u0161o procesu.<\/span><\/p>\n<p><span style=\"color: #003300;\"> <\/span><\/p>\n<p><span style=\"color: #003300;\">\u0160ovakar piemin\u0113sim m\u016bsu tautas <strong>GARA MIL\u017dUS,<\/strong> kuri tikko no mums \u0161\u0137\u012bru\u0161ies.<\/span><\/p>\n<p><span style=\"color: #003300;\"> <\/span><\/p>\n<p><span style=\"color: #003300;\">Un \u0161\u0137\u012bru\u0161ies no mums <strong>VI\u0145I <\/strong>ir \u012bs\u0101 laika spr\u012bd\u012b, divu m\u0113ne\u0161u laika posm\u0101:<\/span><\/p>\n<p><span style=\"color: #003300;\"> <\/span><\/p>\n<h2><span style=\"color: #008000;\">-profesors- v\u0113sturnieks <strong>Indulis Ronis<\/strong><\/span><\/h2>\n<p><span style=\"color: #008000;\"> <\/span><\/p>\n<h2><span style=\"color: #008000;\">-pr\u0101vests <strong>Andrejs Kavacis<\/strong><\/span><\/h2>\n<p><span style=\"color: #008000;\"> <\/span><\/p>\n<h2><span style=\"color: #008000;\">-rakstnieks- klasi\u0137is <strong>Laimonis Purs<\/strong> (Strazdi\u0146\u0161)<\/span><\/h2>\n<p><span style=\"color: #003300;\"> <\/span><\/p>\n<p><span style=\"color: #003300;\"><a href=\"http:\/\/tautastribunals.eu\/wp-content\/uploads\/2016\/12\/Laimonis-Purs-Andrejs-Kavacis-Indulis-Ronis-L.-Granti\u0146\u0161.LRTT1.PNG\"><img decoding=\"async\" loading=\"lazy\" class=\"alignleft size-full wp-image-36168\" title=\"Laimonis Purs, Andrejs Kavacis, Indulis Ronis, L. Granti\u0146\u0161.LRTT\" src=\"http:\/\/tautastribunals.eu\/wp-content\/uploads\/2016\/12\/Laimonis-Purs-Andrejs-Kavacis-Indulis-Ronis-L.-Granti\u0146\u0161.LRTT1.PNG\" alt=\"Laimonis Purs, Andrejs Kavacis, Indulis Ronis, L. Granti\u0146\u0161.LRTT\" width=\"635\" height=\"253\" srcset=\"https:\/\/tautastribunals.eu\/wp-content\/uploads\/2016\/12\/Laimonis-Purs-Andrejs-Kavacis-Indulis-Ronis-L.-Granti\u0146\u0161.LRTT1.PNG 1094w, https:\/\/tautastribunals.eu\/wp-content\/uploads\/2016\/12\/Laimonis-Purs-Andrejs-Kavacis-Indulis-Ronis-L.-Granti\u0146\u0161.LRTT1-300x119.PNG 300w, https:\/\/tautastribunals.eu\/wp-content\/uploads\/2016\/12\/Laimonis-Purs-Andrejs-Kavacis-Indulis-Ronis-L.-Granti\u0146\u0161.LRTT1-800x318.PNG 800w\" sizes=\"(max-width: 635px) 100vw, 635px\" \/><\/a>Katrs no vi\u0146iem p\u0101rst\u0101v\u0113ja <strong>P\u012aL\u0100RU<\/strong><em>(tic\u012bbu,kult\u016bru,tiesiskumu)<\/em><strong>, <\/strong>uz kura past\u0101v <strong>sabiedr\u012bba- VALSTS<\/strong>.<\/span><\/p>\n<p><span style=\"color: #003300;\"> <\/span><\/p>\n<p><span style=\"color: #003300;\">Visiem trim aiziet no mums piepal\u012bdz\u0113ja \u0161odienas varne\u0161i<em>(de\u0123ener\u0101ti), <\/em>kuri kalpo <strong>Antikristam- cionismam.<\/strong><\/span><\/p>\n<p><span style=\"color: #003300;\"> <\/span><\/p>\n<p><span style=\"color: #003300;\">Savu dz\u012bvi <strong><span style=\"text-decoration: underline;\">VI\u0145I<\/span><\/strong><span style=\"text-decoration: underline;\"> beidza nabadz\u012bb\u0101<\/span>, kam\u0113r <strong>piel\u012bd\u0113ji, nodev\u0113ji, slepkavas un Latvijas izlaup\u012bt\u0101ji \u201cpeld miljonos\u201d,<\/strong> kas nozagti tautai. Tas ir drausm\u012bgs l\u0101sts, kas nolaidies p\u0101r \u0161iem<span style=\"text-decoration: underline;\"> laup\u012bt\u0101jiem un vi\u0146u dzimtas locek\u013ciem<\/span>: <strong>petera, z\u0101l\u012btes, godma\u0146a, indriksona, gorbunova, vvf, m\u016brnieces <\/strong>u.d.c. izskat\u0101 ! <\/span><\/p>\n<h2><span style=\"color: #003300;\">\u0160o l\u0101stu vi\u0146i ir uzliku\u0161i pa\u0161i sev- ar saviem \u0161ausmu darbiem !<\/span><\/h2>\n<p><span style=\"color: #003300;\"> <\/span><\/p>\n<p><span style=\"color: #003300;\">Aizsaul\u0113 \u0161ogad ir ar\u012b aizg\u0101jis nesalau\u017eamais latvie\u0161u tautas br\u012bv\u012bbas c\u012bn\u012bt\u0101js- <strong>helsinkietis \u0100rijs Tomsons<\/strong>. Ar\u012b vi\u0146\u0161 \u0161o dz\u012bvi beidza nabadz\u012bb\u0101, k\u0101m\u0113r m\u016bsu tautas nodev\u0113ji pl\u016bc vi\u0146a darba aug\u013cus !<\/span><\/p>\n<p><span style=\"color: #003300;\"> <\/span><\/p>\n<p><span style=\"color: #003300;\">Pien\u0101ks diena, <span style=\"text-decoration: underline;\">noteikti !!! pien\u0101ks <strong>DIENA, <\/strong>kad \u0161ie <strong>m\u016bsu tautas gara mil\u017ei<\/strong> ie\u0146ems to vietu, kura vi\u0146iem pien\u0101kas<\/span> un komunistiskie noziedznieki to, kas vi\u0146iem- <strong><span style=\"text-decoration: underline;\">izn\u012bc\u012bbu, apsmieklu, nol\u0101d\u0113t\u012bbu<\/span><\/strong>.<\/span><\/p>\n<p><span style=\"color: #003300;\"> <\/span><\/p>\n<p><span style=\"color: #003300;\">Es esmu bezgala pateic\u012bgs <strong>LIKTENIM<\/strong><em>(kuru es, protams, pats veidoju, vismaz man t\u0101 lik\u0101s),<\/em> ka esmu bijis ar \u0161eit min\u0113tajiem papaz\u012bstams\u2026 .<\/span><\/p>\n<p><span style=\"color: #003300;\"> <\/span><\/p>\n<p><span style=\"color: #003300;\">Gar\u012bgi \u0161ie cilv\u0113ki nav nekur no mums aizg\u0101ju\u0161i.<\/span><\/p>\n<p><span style=\"color: #003300;\"> <\/span><\/p>\n<p><span style=\"color: #003300;\">M\u0113s, ja ieejam <strong><span style=\"text-decoration: underline;\">br\u012bni\u0161\u0137\u012bgajos atmi\u0146u laukos,<\/span><\/strong> varam ar vi\u0146iem tikties.<\/span><\/p>\n<p><span style=\"color: #003300;\"> <\/span><\/p>\n<p><span style=\"color: #003300;\">Ar vi\u0146iem un vi\u0146u p\u0113d\u0113jiem darbiem varam tikties ar\u012b \u0161aj\u0101<strong> i- vietn\u0113. <\/strong>Ierakstiet mekl\u0113t\u0101j\u0101 vi\u0146a v\u0101rdus un izdz\u012bvojiet pasauli caur vi\u0146u darbiem. Ticiet, tas atmaks\u0101jas\u2026 .<\/span><\/p>\n<p><span style=\"color: #003300;\"> <\/span><\/p>\n<h2><span style=\"color: #008000;\">LRTT v\u0113l visiem mieru sird\u012b, klusu un p\u0101rdom\u0101m bag\u0101tu Sv\u0113tvakaru\u2026 .<\/span><\/h2>\n<p><span style=\"color: #003300;\"> <\/span><\/p>\n<h2><span style=\"color: #003300;\"><a href=\"http:\/\/tautastribunals.eu\/wp-content\/uploads\/2016\/12\/\u0100rijs-Tomsons-Edmuds-Cirvelis1.jpg\"><img decoding=\"async\" loading=\"lazy\" class=\"alignleft size-full wp-image-36153\" title=\"\u0100rijs-Tomsons-Edmuds-Cirvelis1\" src=\"http:\/\/tautastribunals.eu\/wp-content\/uploads\/2016\/12\/\u0100rijs-Tomsons-Edmuds-Cirvelis1.jpg\" alt=\"\u0100rijs-Tomsons-Edmuds-Cirvelis1\" width=\"636\" height=\"372\" srcset=\"https:\/\/tautastribunals.eu\/wp-content\/uploads\/2016\/12\/\u0100rijs-Tomsons-Edmuds-Cirvelis1.jpg 645w, https:\/\/tautastribunals.eu\/wp-content\/uploads\/2016\/12\/rijs-Tomsons-Edmuds-Cirvelis1-300x174.jpg 300w\" sizes=\"(max-width: 636px) 100vw, 636px\" \/><\/a><span style=\"color: #008000;\">Lai <strong>Dieva<\/strong> sv\u0113t\u012bba ar\u012b \u0161eit piemin\u0113to aizsaul\u0113 aizg\u0101ju\u0161o dv\u0113sel\u0113m !<\/span><\/span><\/h2>\n<p><span style=\"color: #003300;\"> <\/span><\/p>\n<p><span style=\"color: #003300;\">24.12.16\u00a0\u00a0\u00a0\u00a0\u00a0\u00a0 L. Granti\u0146\u0161<\/span><\/p>\n<p><span style=\"color: #003300;\"><span style=\"text-decoration: underline;\">============================================================================<\/span><br \/>\n<\/span><\/p>\n<h2><span style=\"color: #003300;\">P.S.<\/span><\/h2>\n<p><span style=\"color: #003300;\"> <\/span><\/p>\n<p><span style=\"color: #003300;\"><span style=\"color: #003300;\">Izlasi, latviet, \u0161o<strong> I.Ro\u0146a<\/strong> teikto<a href=\"http:\/\/zagarins.net\/jg\/jg198\/JG198_MEZGLI.htm\"> http:\/\/zagarins.net\/jg\/jg198\/JG198_MEZGLI.htm <\/a>un tu saprat\u012bsi, k\u0101p\u0113c vi\u0146\u0161 bija<strong> &#8220;z\u0101rka nagla&#8221;<\/strong> priek\u0161 kriev\u017e\u012bdiskajiem okupantelementiem. Tas pats ir ar\u012b<strong> Laimonis Purs <\/strong>ar <strong>&#8220;Aizejot atskaties&#8221;<\/strong> un <strong>&#8220;Dego\u0161ajiem pilskalniem&#8221;<\/strong>. <strong>Andrejs Kavacis<\/strong> ar <strong>&#8220;Baltu senv\u0113sture&#8221;<\/strong>,<strong> &#8220;Cilv\u0113ks v\u0113stures v\u0113jos&#8221;<\/strong> un noziedz\u012bgo <strong>B\u012bbeles viltot\u0101ja- cionista Jura C\u0101l\u012b\u0161a<\/strong> atmasko\u0161anu. <\/span><\/span><\/p>\n<h2><span style=\"color: #003300;\"><span style=\"color: #003300;\">T\u0101das &#8220;atkl\u0101smes&#8221; kriev\u017e\u012bdiskie cionisti- komunisti nepiedod !<\/span><br \/>\n<\/span><\/h2>\n","protected":false},"excerpt":{"rendered":"<p>Sv\u0113tvakars ! Dievs,Tavs pr\u0101ts lai notiek k\u0101 debes\u012bs, t\u0101 ar\u012b virs zemes. ! Un,- \u0161is Pr\u0101ts ar\u012b notiks, jo atst\u0101t noziedzniekus bez \u201calgas\u201d Vi\u0146\u0161 netais\u0101s. Viss un visi tiks salikti \u201cpa pareizaj\u0101m viet\u0101m\u201d !&#46;&#46;&#46;<\/p>\n","protected":false},"author":1,"featured_media":0,"comment_status":"open","ping_status":"open","sticky":false,"template":"","format":"standard","meta":[],"categories":[1],"tags":[],"_links":{"self":[{"href":"https:\/\/tautastribunals.eu\/index.php?rest_route=\/wp\/v2\/posts\/36139"}],"collection":[{"href":"https:\/\/tautastribunals.eu\/index.php?rest_route=\/wp\/v2\/posts"}],"about":[{"href":"https:\/\/tautastribunals.eu\/index.php?rest_route=\/wp\/v2\/types\/post"}],"author":[{"embeddable":true,"href":"https:\/\/tautastribunals.eu\/index.php?rest_route=\/wp\/v2\/users\/1"}],"replies":[{"embeddable":true,"href":"https:\/\/tautastribunals.eu\/index.php?rest_route=%2Fwp%2Fv2%2Fcomments&post=36139"}],"version-history":[{"count":24,"href":"https:\/\/tautastribunals.eu\/index.php?rest_route=\/wp\/v2\/posts\/36139\/revisions"}],"predecessor-version":[{"id":36157,"href":"https:\/\/tautastribunals.eu\/index.php?rest_route=\/wp\/v2\/posts\/36139\/revisions\/36157"}],"wp:attachment":[{"href":"https:\/\/tautastribunals.eu\/index.php?rest_route=%2Fwp%2Fv2%2Fmedia&parent=36139"}],"wp:term":[{"taxonomy":"category","embeddable":true,"href":"https:\/\/tautastribunals.eu\/index.php?rest_route=%2Fwp%2Fv2%2Fcategories&post=36139"},{"taxonomy":"post_tag","embeddable":true,"href":"https:\/\/tautastribunals.eu\/index.php?rest_route=%2Fwp%2Fv2%2Ftags&post=36139"}],"curies":[{"name":"wp","href":"https:\/\/api.w.org\/{rel}","templated":true}]}}