{"id":35703,"date":"2016-12-03T01:26:36","date_gmt":"2016-12-02T23:26:36","guid":{"rendered":"http:\/\/tautastribunals.eu\/?p=35703"},"modified":"2023-06-18T01:27:34","modified_gmt":"2023-06-17T22:27:34","slug":"atvadisimies-ari-mes-no-l-pura","status":"publish","type":"post","link":"https:\/\/tautastribunals.eu\/?p=35703","title":{"rendered":"Atvad\u012bsimies ar\u012b m\u0113s no L. Pura"},"content":{"rendered":"<p><span style=\"color: #003300;\"><a href=\"http:\/\/tautastribunals.eu\/wp-content\/uploads\/2016\/12\/LRTT.L.Granti\u0146\u0161.Laimonis-Purs.-Aizejot-atskaties.PNG\"><img decoding=\"async\" loading=\"lazy\" class=\"alignleft  wp-image-35712\" title=\"LRTT.L.Granti\u0146\u0161.Laimonis Purs. Aizejot atskaties\" src=\"http:\/\/tautastribunals.eu\/wp-content\/uploads\/2016\/12\/LRTT.L.Granti\u0146\u0161.Laimonis-Purs.-Aizejot-atskaties.PNG\" alt=\"LRTT.L.Granti\u0146\u0161.Laimonis Purs. Aizejot atskaties\" width=\"1515\" height=\"635\" srcset=\"https:\/\/tautastribunals.eu\/wp-content\/uploads\/2016\/12\/LRTT.L.Granti\u0146\u0161.Laimonis-Purs.-Aizejot-atskaties.PNG 731w, https:\/\/tautastribunals.eu\/wp-content\/uploads\/2016\/12\/LRTT.L.Granti\u0146\u0161.Laimonis-Purs.-Aizejot-atskaties-300x125.PNG 300w\" sizes=\"(max-width: 1515px) 100vw, 1515px\" \/><\/a>M\u016b\u017e\u012bb\u0101 aizsauktais latvie\u0161u rakstnieks <strong>Laimonis Purs<\/strong><em>(Strazdi\u0146\u0161),<\/em><span style=\"color: #008000;\"><span style=\"text-decoration: underline;\"><strong> kur\u0161 padomju okup\u0101cijas laik\u0101 stiprin\u0101ja latvie\u0161u nacion\u0101lo pa\u0161apzi\u0146u<\/strong><\/span><\/span>, tiks izvad\u012bts 3. decembr\u012b pulksten 12.00 R\u012bgas krematorij\u0101.<\/span><\/p>\n<p><span style=\"color: #003300;\"><strong>LRTT &amp; H- 86 pateicas di\u017eajam aizg\u0101j\u0113jam Laimonim Puram sav\u0101<\/strong> un <strong><span style=\"text-decoration: underline;\">latvie\u0161u tautas v\u0101rd\u0101<\/span><\/strong> par milz\u012bgo ieguld\u012bjumu latvie\u0161u tautas <strong><span style=\"text-decoration: underline;\">Gara p\u016br\u0101<\/span><\/strong> un latvie\u0161u tautas nacion\u0101l\u0101s pa\u0161apzi\u0146as cel\u0161an\u0101.<\/span><\/p>\n<h2><span style=\"color: #008000;\">LAI DIEVA MIERS IEM\u0100JO VI\u0145A NERIMT\u012aGAJ\u0100 DV\u0112SEL\u0112 !<\/span><\/h2>\n<h2><span style=\"color: #003300;\"><a href=\"http:\/\/tautastribunals.eu\/wp-content\/uploads\/2016\/12\/Za\u013c\u0161.Latvijas-republikas-tautas-tribun\u0101ls-Aivars-Borovkovs-Ivars-Godmanis-J\u0101nis-Reinisks-Straujuma-Prezidents-Saeima-DP.-ST.-Kopie.PNG\"><img decoding=\"async\" loading=\"lazy\" class=\"alignleft  wp-image-35706\" title=\"Za\u013c\u0161.Latvijas-republikas-tautas-tribun\u0101ls-Aivars-Borovkovs-Ivars-Godmanis-J\u0101nis-Reinisks-Straujuma-Prezidents-Saeima-DP.-ST.-Kopie\" src=\"http:\/\/tautastribunals.eu\/wp-content\/uploads\/2016\/12\/Za\u013c\u0161.Latvijas-republikas-tautas-tribun\u0101ls-Aivars-Borovkovs-Ivars-Godmanis-J\u0101nis-Reinisks-Straujuma-Prezidents-Saeima-DP.-ST.-Kopie.PNG\" alt=\"Za\u013c\u0161.Latvijas-republikas-tautas-tribun\u0101ls-Aivars-Borovkovs-Ivars-Godmanis-J\u0101nis-Reinisks-Straujuma-Prezidents-Saeima-DP.-ST.-Kopie\" width=\"1937\" height=\"405\" srcset=\"https:\/\/tautastribunals.eu\/wp-content\/uploads\/2016\/12\/Za\u013c\u0161.Latvijas-republikas-tautas-tribun\u0101ls-Aivars-Borovkovs-Ivars-Godmanis-J\u0101nis-Reinisks-Straujuma-Prezidents-Saeima-DP.-ST.-Kopie.PNG 854w, https:\/\/tautastribunals.eu\/wp-content\/uploads\/2016\/12\/Za\u013c\u0161.Latvijas-republikas-tautas-tribun\u0101ls-Aivars-Borovkovs-Ivars-Godmanis-J\u0101nis-Reinisks-Straujuma-Prezidents-Saeima-DP.-ST.-Kopie-300x62.PNG 300w, https:\/\/tautastribunals.eu\/wp-content\/uploads\/2016\/12\/Za\u013c\u0161.Latvijas-republikas-tautas-tribun\u0101ls-Aivars-Borovkovs-Ivars-Godmanis-J\u0101nis-Reinisks-Straujuma-Prezidents-Saeima-DP.-ST.-Kopie-800x167.PNG 800w\" sizes=\"(max-width: 1937px) 100vw, 1937px\" \/><\/a>M\u0113s paliku\u0161ie pabeigsim vi\u0146a aizs\u0101kto darbu.<\/span><\/h2>\n<p><span style=\"color: #003300;\">Tas netiks atst\u0101ts pusce\u013c\u0101 !<\/span><\/p>\n<p><span style=\"color: #003300;\"><strong>Un tagad mazliet no arh\u012bviem\u00a0 un ko dom\u0101 las\u012bt\u0101ji: <\/strong><\/span><\/p>\n<p><span style=\"color: #800080;\">1968. gad\u0101 <strong>Nacion\u0101lais <\/strong><em>(toreiz Dr\u0101mas)<\/em> te\u0101tris iestud\u0113ja <strong>Pura <\/strong>pirmo lugu <strong>\u201eRedz\u0113t j\u016bru\u201d.<\/strong> Iestud\u0113jums <span style=\"text-decoration: underline;\">k\u013cuva tik b\u012bstams padomju varai<\/span>, ka p\u0113c <strong>13 izr\u0101d\u0113m to aizliedza<\/strong>.<\/span><\/p>\n<p><span style=\"color: #800080;\">Kas bija aizliedz\u0113ji ?<\/span><\/p>\n<p><span style=\"color: #800080;\">Atbilde atrodama <strong>Latvijas Valsts arh\u012bv\u0101<\/strong>: <strong>SR Augst\u0101k\u0101s Padomes Prezidija<\/strong> priek\u0161s\u0113d\u0113t\u0101ja <strong>J\u0101\u0146a Kalnb\u0113rzi\u0146a<\/strong> izteikums <strong>LKP CK <\/strong>biroja 1968. gada 26. marta s\u0113d\u0113: \u201c\u013boti rakstur\u012bgi, ka \u0161\u012b luga<strong> [\u201cRedz\u0113t j\u016bru\u201d] <\/strong>ir pretpadomju un v\u0113rsta pret tautu draudz\u012bbu, pret krievu tautu. Tas nav nejau\u0161i. T\u0101pat k\u0101 iepriek\u0161\u0113jos gados tas saist\u012bts ar to, kas notiek aiz <strong>Padomju Savien\u012bbas robe\u017e\u0101m.<\/strong> Notikumi aiz robe\u017eas iespaido nenotur\u012bg\u0101kos rakstniekus un dramaturgus.. Luga par\u0101d\u012bta 9\u201310 reizes. Tais\u0101s v\u0113l r\u0101d\u012bt. Katra izr\u0101de beidzas ar demonstr\u0101ciju te\u0101tr\u012b. V\u0113l tikai tr\u016bkst, ka demonstr\u0101cija izietu iel\u0101s..\u201d<\/span><\/p>\n<p><span style=\"color: #800080;\"><strong>Latvijas Valsts arh\u012bvs,<\/strong> PA-101. f., 32. apr., 43. l., 229.\u2013230. lp. LKP CK pirm\u0101 sekret\u0101ra <strong>Augusta Vosa<\/strong> izteikums <strong>LKP CK<\/strong> biroja 1968. gada 26. marta s\u0113d\u0113: \u201c..Es uzskatu par labu un pareizu, ka vienas lugas \u2013 <strong>\u201cRedz\u0113t j\u016bru\u201d<\/strong> iestud\u0113juma apsprie\u0161ana p\u0101rv\u0113rt\u0101s par republik\u0101 sastopamo ideolo\u0123isko diversiju pla\u0161\u0101ku apsprie\u0161anu. \u0160is virziens <strong>[diversijas]<\/strong> ir zin\u0101ms. .. \u0160is virziens ir lug\u0101 <strong>\u201cRedz\u0113t j\u016bru\u201d<\/strong> (..) Tie visi ir vienas \u0137\u0113des posmi. \u0160is virziens <strong>n\u0101k no imperi\u0101listisk\u0101s pasaules<\/strong> un ir <strong>imperi\u0101listisk\u0101s propagandas auglis<\/strong>..\u201d<\/span><\/p>\n<p><span style=\"color: #800080;\"><strong>Latvijas Valsts arh\u012bvs<\/strong>, PA-101. f., 32. apr., 43. l., 235. lp. LKP otr\u0101 sekret\u0101ra <strong>Nikolaja Beluhas <\/strong>izteikums <strong>LKP CK<\/strong> biroja 1968. gada 26. marta s\u0113d\u0113: \u201c..Partijas pirmorganiz\u0101cij\u0101s j\u0101rada t\u0101da atmosf\u0113ra, ka filmas un jebkuras izr\u0101des, kuras ir pret partijas l\u012bniju, sa\u0146em pa\u0161u principi\u0101l\u0101ko partijas nov\u0113rt\u0113jumu. Tas ir visu partijas instit\u016bciju un ideolo\u0123isko iest\u0101\u017eu pien\u0101kums. Tas ir katra komunista pien\u0101kums. Mums j\u0101uzdod tonis.. \u0160\u012b luga<strong> [\u201cRedz\u0113t j\u016bru\u201d] <\/strong>ir ne tikai pretpadomju. Tai ir ar\u012b spilgti izteikts nacion\u0101listisks raksturs, un t\u0101 nodara milz\u012bgu \u013caunumu tautu draudz\u012bbai.\u201d<\/span><\/p>\n<p><span style=\"color: #800080;\"><strong>Latvijas Valsts arh\u012bvs,<\/strong> PA-101. f., 32. apr., 43. l., 229. lp. LKP CK biroja 1968. gada 26. marta l\u0113mums \u201cPar Latvijas PSR Kult\u016bras ministrijas tr\u016bkumiem te\u0101tru repertu\u0101ra veido\u0161an\u0101\u201d. Taj\u0101 par<strong> \u201cideolo\u0123iski kait\u012bg\u0101s\u201d Laimo\u0146a Pura<\/strong> lugas \u201cRedz\u0113t j\u016bru\u201d uzve\u0161anu <strong>Akad\u0113miskaj\u0101 Dr\u0101mas<\/strong> te\u0101tr\u012b <strong>Kult\u016bras ministram Vladimiram Kaupu\u017eam<\/strong> izsaka r\u0101jienu un no <strong>Kult\u016bras ministrijas<\/strong> pieprasa pastiprin\u0101tu te\u0101tru kontroli. Biroja l\u0113muma rezult\u0101t\u0101 <strong>Latvij\u0101 p\u0101rtrauc<\/strong> un <strong><span style=\"text-decoration: underline;\">aizliedz vair\u0101kas te\u0101tru izr\u0101des<\/span><\/strong> un<span style=\"text-decoration: underline;\"> kinofilmas<\/span>.<\/span><\/p>\n<p><span style=\"color: #800080;\"><strong>Latvijas Valsts arh\u012bvs,<\/strong> PA-101. f., 32. apr., 43. l., 233. lp. Pret autoru s\u0101k\u0101s visrieb\u012bg\u0101kie meli \u2013 noklus\u0113\u0161ana. Neticami, bet t\u0101 turpin\u0101s, ko apliecina fakts, ka tikai 2003. gad\u0101 <strong>Di\u0101nas Spert\u0101les<\/strong> gr\u0101mat\u0101 <strong>Uldis Dumpis<\/strong> Spogu\u013catt\u0113ls pirmo un diem\u017e\u0113l vien\u012bgo reizi dots pla\u0161\u0101ks un objekt\u012bvs lugas un iestud\u0113juma v\u0113rt\u0113jums.<\/span><\/p>\n<p><span style=\"color: #0000ff;\"><strong>Ome<\/strong> 29.11.2016 10:35<\/span><\/p>\n<p><span style=\"color: #0000ff;\">Savulaik <strong>Nacion\u0101laj\u0101 te\u0101tr\u012b<\/strong> \/agr\u0101k <strong>Dr\u0101mas te\u0101tr\u012b<\/strong>\/ bija iestud\u0113ta <strong>L.Pura <\/strong>luga <strong>&#8220;Redz\u0113t j\u016bru&#8221;.<\/strong> Diem\u017e\u0113l \u0161\u012b iestud\u0113juma m\u016b\u017es bija vien da\u017eas izr\u0101des, jo \u010deka to aizliedza izr\u0101d\u012bt. Tie\u0161\u0101m p\u0101rsteidz m\u016bsdienu kult\u016bras darbinieku nev\u0113l\u0113\u0161an\u0101s atcer\u0113ties okup\u0101cijas laika cilv\u0113ku nopelnus latvie\u0161u tautas pa\u0161apzi\u0146as un tautisk\u0101 gara saglab\u0101\u0161an\u0101. Un <strong>L.Purs<\/strong> nav vien\u012bgais&#8230; Nesen savu 90.dzim\u0161anas dienu piedz\u012bvoja savulaik tik iecien\u012btais dramaturgs <strong>Harijs Gulbis<\/strong> <strong>\/&#8221;Aij\u0101, \u017e\u016b\u017e\u016b b\u0113rns k\u0101 l\u0101cis&#8221;, &#8220;Silta, jauka ausain\u012bte&#8221;, &#8220;Mans m\u012b\u013cais, mans d\u0101rgais&#8221;,<\/strong> <strong>&#8220;C\u012brul\u012b\u0161i&#8221;<\/strong> u.c.\/. Savulaik vi\u0146a lugu iestud\u0113jumi piedz\u012bvoja pat 250 liel\u0101s z\u0101les izr\u0101des &#8211; kur\u0161 m\u016bsdienu autors to sp\u0113j? Bet <strong>LTV <\/strong>pat neuzskat\u012bja par iesp\u0113jamu veidot par <strong>H.Gulbi<\/strong> k\u0101du 100 g kult\u016bras raid\u012bjumu &#8211; vi\u0146iem pietika ar 3 min\u016b\u0161u si\u017eetu <strong>Panor\u0101m\u0101&#8230;<\/strong> Person\u012bgi man par to ir kauns. Un<strong> L.Pura <\/strong>tot\u0101l\u0101 ignorance ir kliedzo\u0161s <strong>Latvijas inteli\u0123ences kauna traips<\/strong> &#8211; kur bija ministrija, vis\u0101di fondi, rakstnieku savien\u012bba!?<\/span><\/p>\n<p><span style=\"color: #003300;\">Redziet,<strong> Omes<\/strong> koment\u0101rs pasaka galveno, ka nekas jau nav main\u012bjies, pie varas ir tie pa\u0161i, kas bija tajos laikos, kad aizliedza <strong>\u201cRedz\u0113t j\u016bru\u201d<\/strong>. <\/span><\/p>\n<p><span style=\"color: #003300;\">Nu nav mums \u0161odien nek\u0101da inteli\u0123ence, <strong>Omas kundze<\/strong>, t\u0101 ir noziedznieku mafija <strong><span style=\"text-decoration: underline;\">Kult\u016bras ministrijas<\/span><\/strong> iesai\u0146ojum\u0101- slepkavu un zag\u013cu banda ar vis\u0101diem cionistu iestell\u0113tiem glumiem provokatoriem <strong>gundariem r\u0113deriem,<\/strong> <strong>vij\u0101m beinert\u0113m <\/strong><a href=\"http:\/\/tautastribunals.eu\/?p=34908\">http:\/\/tautastribunals.eu\/?p=34908<\/a><strong> , dagm\u0101r\u0101m beitner\u0113m ,<\/strong> <a href=\"http:\/\/tautastribunals.eu\/?p=21688\">http:\/\/tautastribunals.eu\/?p=21688<\/a> <strong>li\u0101n\u0101m lang\u0101m, otto ozoliem <\/strong><a href=\"http:\/\/tautastribunals.eu\/?p=32452\">http:\/\/tautastribunals.eu\/?p=32452<\/a> <strong>, sandr\u0101m veinberg\u0101m <\/strong>u.c.<\/span><\/p>\n<p><span style=\"color: #003300;\">Visi vi\u0146i ir <strong>\u201cgaisa nolaid\u0113ji\u201d,<\/strong> vis\u012bst\u0101kie <span style=\"text-decoration: underline;\">cionistu c\u0113rme\u0146i<\/span> !<\/span><\/p>\n<p><span style=\"color: #003300;\">Tas ir \u013coti tr\u0101p\u012bgs <strong>Valda Freimant\u0101la<\/strong> apz\u012bm\u0113jums \u0161iem kult\u016br- padiben\u0113m, tautas bend\u0113m.<\/span><\/p>\n<p><span style=\"color: #003300;\">Neticas ac\u012bm, ka lasi ko t\u0101du: <strong>\u201cVi\u0146a m\u016b\u017ea devums literat\u016br\u0101 netika atz\u012bts ne no Kult\u016bras ministrijas, ne no Rakstnieku savien\u012bbas puses.\u201d<\/strong><\/span><\/p>\n<p><span style=\"color: #003300;\">Kas tad <strong>\u201ciemieso\u201d <\/strong>\u0161o<strong> \u201ckult\u016bras ministriju\u201d <\/strong>un <strong>\u201crakstnieku savien\u012bbu\u201d<\/strong> ?<\/span><\/p>\n<p><span style=\"color: #003300;\">Nu neviens cits k\u0101 <strong>M\u0101ra Z\u0101l\u012bte<\/strong> un <strong>J\u0101nis Peters.<\/strong> <\/span><\/p>\n<p><span style=\"color: #003300;\">Abi k\u013cuvu\u0161i pasakaini bag\u0101ti k\u013cuvu\u0161i p\u0113c<strong>Atmodas<\/strong> laik\u0101. Abi komunisti, kuri st\u0101joties \u0161aj\u0101 <span style=\"text-decoration: underline;\"><strong>slepkavu organiz\u0101cij\u0101<\/strong><\/span> sv\u0113ti sol\u012bj\u0101s \u012bstenot liel\u0101 <strong>\u013be\u0146ina izstr\u0101d\u0101to nacion\u0101lo politiku<\/strong>, t\u0101tad, <strong>latvie\u0161u izn\u012bcin\u0101\u0161anu<\/strong>.To ar\u012b vi\u0146i veiksm\u012bgi l\u012bdz \u0161im \u012bsteno !<br \/>\n<\/span><\/p>\n<p><span style=\"color: #003300;\">Norm\u0101l\u0101 sabiedr\u012bb\u0101 t\u0101di krop\u013ci no\u0161aujami uz vietas, bez nek\u0101diem tiesu spriedumiem. Ja<span style=\"text-decoration: underline;\"><strong> atrodama kompartijas bi\u013cete kabat\u0101<\/strong><\/span>&#8211; tad tai pa\u0161a viet\u0101 un br\u012bd\u012b \u201c<strong>j\u0101pieliek pie sienas<\/strong>\u201d. Abi \u0161ie de\u0123ener\u0101ti bija tie, kuri konsult\u0113ja <strong>Vairu V\u012b\u0137i Freibergu <\/strong><a href=\"http:\/\/tautastribunals.eu\/?p=3440\">http:\/\/tautastribunals.eu\/?p=3440<\/a> valodas likuma m\u012bkstin\u0101\u0161an\u0101. <\/span><\/p>\n<h2><span style=\"color: #003300;\">T\u0101tad, genoc\u012bda piekrit\u0113ji l\u012bdz kaula smadzen\u0113m !<\/span><\/h2>\n<p><span style=\"color: #003300;\">Par \u0161iem tautas samazg\u0101m ir run\u0101ts \u0161aj\u0101 <strong>i- vietn\u0113 <\/strong>daudz un turpm\u0101k ar\u012b tiks daudz run\u0101ts. Tik ilgi run\u0101ts, l\u012bdz vi\u0146us aizvilksim uz kar\u0101tav\u0101m !<\/span><\/p>\n<h2><span style=\"color: #003300;\">Slepkavas nedr\u012bkst atst\u0101t nesod\u012btus !<\/span><\/h2>\n<p><span style=\"color: #003300;\"><strong><a href=\"http:\/\/tautastribunals.eu\/wp-content\/uploads\/2016\/12\/Laimonis-Purs.-LRTT.-L.-Granti\u0146\u0161.PNG\"><img decoding=\"async\" loading=\"lazy\" class=\"alignleft size-full wp-image-35711\" title=\"Laimonis Purs. LRTT. L. Granti\u0146\u0161\" src=\"http:\/\/tautastribunals.eu\/wp-content\/uploads\/2016\/12\/Laimonis-Purs.-LRTT.-L.-Granti\u0146\u0161.PNG\" alt=\"Laimonis Purs. LRTT. L. Granti\u0146\u0161\" width=\"289\" height=\"375\" srcset=\"https:\/\/tautastribunals.eu\/wp-content\/uploads\/2016\/12\/Laimonis-Purs.-LRTT.-L.-Granti\u0146\u0161.PNG 417w, https:\/\/tautastribunals.eu\/wp-content\/uploads\/2016\/12\/Laimonis-Purs.-LRTT.-L.-Granti\u0146\u0161-231x300.PNG 231w\" sizes=\"(max-width: 289px) 100vw, 289px\" \/><\/a>Peters <\/strong>k\u0101dam jaunajam autoram aizliedza <strong>Laimoni Puru<\/strong> d\u0113v\u0113t par klasi\u0137i: <a href=\"http:\/\/tautastribunals.eu\/?p=34873\">http:\/\/tautastribunals.eu\/?p=34873<\/a><\/span><\/p>\n<p><span style=\"color: #003300;\">Cik gan zemiskam un stulbam sav\u0101 gar\u012bgaj\u0101 att\u012bst\u012bb\u0101 ir j\u0101b\u016bt, lai ko t\u0101du var\u0113tu pasac\u012bt.<\/span><\/p>\n<p><span style=\"color: #003300;\">Par to, ka <strong>Laimonis Purs<\/strong> ir <strong>LATVIE\u0160U LITERAT\u016aRAS KLASI\u0136IS<\/strong>, run\u0101 vi\u0146a darbi ! To, ko dom\u0101 un saka k\u0101ds cionistu noziedznieks<em>(komunists ir cionists),<\/em> ir ka\u0137a smieklu v\u0113rts.<\/span><\/p>\n<p><span style=\"color: #003300;\"><strong>Laimonis Purs<\/strong> jau \u0161odien, kad tiks atdots <strong>M\u0100TES LATVIJAS KL\u0112PIM,<\/strong> tiks \u201c<strong>TAIPUS\u0112<\/strong>\u201d sagaid\u012bts no m\u016bsu klasikas di\u017egariem:<strong> Rai\u0146a, Virzas, Jaunsudrabi\u0146a, Gr\u012bna, Jan\u0161evska, Mauri\u0146as<\/strong> un, protams, ka ar\u012b br\u0101\u013ciem <strong>Rei\u0146a <\/strong>un <strong>Mat\u012bsa Kaudz\u012bt\u0113m<\/strong>&#8211; ar <strong>\u201cM\u0113rnieku laikiem\u201d<\/strong> padus\u0113 !<\/span><\/p>\n<p><span style=\"color: #003300;\">Kas\/kuri sagaid\u012bs t\u0101dus tautas padibenes k\u0101 <strong>z\u0101l\u012btes<\/strong><em>(<span style=\"color: #800080;\">k\u0101ds tad ir z\u0101l\u012btes devums? \u201cBal\u0101de\u201d slepkavam Kaup\u0113nam un \u201cbal\u0101de\u201d provokatoram Z. Meirovicam !<\/span><\/em> <em><a href=\"http:\/\/tautastribunals.eu\/?p=18395\">http:\/\/tautastribunals.eu\/?p=18395<\/a> <a href=\"http:\/\/tautastribunals.eu\/?p=25171\">http:\/\/tautastribunals.eu\/?p=25171<\/a> )<\/em> un <strong>peterus <\/strong>p\u0113c nospr\u0101g\u0161anas ? Protams, vi\u0146u ideolo\u0123iskie bosi- s\u0101tanisti <strong>Volo\u0123a, Josifs, \u0100dolfs, Feliks u. c. komunisti\u2026 .<\/strong><\/span><\/p>\n<p><span style=\"color: #003300;\">P\u0113c <strong><span style=\"text-decoration: underline;\">Tiesiskuma atjauno\u0161anas Latvij\u0101<\/span> tiks <\/strong>ekraniz\u0113ti <strong>Laimo\u0146a Pura<\/strong> rom\u0101ni, kuri kalpos <strong>latvie\u0161u tautas pa\u0161apzi\u0146ai<\/strong> un <strong>lepnumam par savu tautu<\/strong>.<\/span><\/p>\n<p><span style=\"color: #003300;\">T\u0101di <strong>peteri, z\u0101l\u012btes, v\u0101cie\u0161i, h\u0101nbergi, skulmes<\/strong> u. c. <strong>m\u0113sli<\/strong>, tiks izm\u0113zti no <strong>Latvijas zemes<\/strong> un <strong>latvie\u0161u apzi\u0146as<\/strong> !<br \/>\n<\/span><\/p>\n<h2><span style=\"color: #003300;\">Laiks ier\u0101d\u012bs vietu katram p\u0113c nopelniem.<\/span><\/h2>\n<p><span style=\"color: #003300;\">Neviens netiks aizmirsts un nevienam netiks palikts par\u0101d\u0101 !<\/span><\/p>\n<h2><span style=\"color: #003300;\">P.S.<\/span><\/h2>\n<p><span style=\"color: #003300;\">Interesi rada, k\u0101di <strong>\u201cvaras un kult\u016bras p\u0101rst\u0101vji\u201d <\/strong>piedal\u012bsies <strong>Laimo\u0146a Pura<\/strong> izvad\u012b\u0161an\u0101 ?<\/span><\/p>\n<p><span style=\"color: #003300;\">03.12.16\u00a0\u00a0\u00a0\u00a0\u00a0 L. Granti\u0146\u0161<\/span><\/p>\n","protected":false},"excerpt":{"rendered":"<p>M\u016b\u017e\u012bb\u0101 aizsauktais latvie\u0161u rakstnieks Laimonis Purs(Strazdi\u0146\u0161), kur\u0161 padomju okup\u0101cijas laik\u0101 stiprin\u0101ja latvie\u0161u nacion\u0101lo pa\u0161apzi\u0146u, tiks izvad\u012bts 3. decembr\u012b pulksten 12.00 R\u012bgas krematorij\u0101. LRTT &amp; H- 86 pateicas di\u017eajam aizg\u0101j\u0113jam Laimonim Puram sav\u0101 un latvie\u0161u&#46;&#46;&#46;<\/p>\n","protected":false},"author":1,"featured_media":0,"comment_status":"open","ping_status":"open","sticky":false,"template":"","format":"standard","meta":[],"categories":[1],"tags":[],"_links":{"self":[{"href":"https:\/\/tautastribunals.eu\/index.php?rest_route=\/wp\/v2\/posts\/35703"}],"collection":[{"href":"https:\/\/tautastribunals.eu\/index.php?rest_route=\/wp\/v2\/posts"}],"about":[{"href":"https:\/\/tautastribunals.eu\/index.php?rest_route=\/wp\/v2\/types\/post"}],"author":[{"embeddable":true,"href":"https:\/\/tautastribunals.eu\/index.php?rest_route=\/wp\/v2\/users\/1"}],"replies":[{"embeddable":true,"href":"https:\/\/tautastribunals.eu\/index.php?rest_route=%2Fwp%2Fv2%2Fcomments&post=35703"}],"version-history":[{"count":19,"href":"https:\/\/tautastribunals.eu\/index.php?rest_route=\/wp\/v2\/posts\/35703\/revisions"}],"predecessor-version":[{"id":64555,"href":"https:\/\/tautastribunals.eu\/index.php?rest_route=\/wp\/v2\/posts\/35703\/revisions\/64555"}],"wp:attachment":[{"href":"https:\/\/tautastribunals.eu\/index.php?rest_route=%2Fwp%2Fv2%2Fmedia&parent=35703"}],"wp:term":[{"taxonomy":"category","embeddable":true,"href":"https:\/\/tautastribunals.eu\/index.php?rest_route=%2Fwp%2Fv2%2Fcategories&post=35703"},{"taxonomy":"post_tag","embeddable":true,"href":"https:\/\/tautastribunals.eu\/index.php?rest_route=%2Fwp%2Fv2%2Ftags&post=35703"}],"curies":[{"name":"wp","href":"https:\/\/api.w.org\/{rel}","templated":true}]}}