{"id":35542,"date":"2016-11-22T21:35:33","date_gmt":"2016-11-22T19:35:33","guid":{"rendered":"http:\/\/tautastribunals.eu\/?p=35542"},"modified":"2016-11-22T21:39:16","modified_gmt":"2016-11-22T19:39:16","slug":"lasitajs-neaizmirsisim-klavu-elsbergu","status":"publish","type":"post","link":"https:\/\/tautastribunals.eu\/?p=35542","title":{"rendered":"Las\u012bt\u0101js. Neaizmirs\u012bsim Kl\u0101vu Elsbergu !"},"content":{"rendered":"<p><a href=\"http:\/\/tautastribunals.eu\/wp-content\/uploads\/2016\/11\/MIGLA-SARKAN\u0100-NOL\u0100D\u0112T\u0100REINIKS\u0100BOLTI\u0145A33.PNG\"><img decoding=\"async\" loading=\"lazy\" class=\"alignleft size-full wp-image-35549\" title=\"MIGLA-SARKAN\u0100-NOL\u0100D\u0112T\u0100REINIKS\u0100BOLTI\u0145A3\" src=\"http:\/\/tautastribunals.eu\/wp-content\/uploads\/2016\/11\/MIGLA-SARKAN\u0100-NOL\u0100D\u0112T\u0100REINIKS\u0100BOLTI\u0145A33.PNG\" alt=\"MIGLA-SARKAN\u0100-NOL\u0100D\u0112T\u0100REINIKS\u0100BOLTI\u0145A3\" width=\"619\" height=\"53\" srcset=\"https:\/\/tautastribunals.eu\/wp-content\/uploads\/2016\/11\/MIGLA-SARKAN\u0100-NOL\u0100D\u0112T\u0100REINIKS\u0100BOLTI\u0145A33.PNG 986w, https:\/\/tautastribunals.eu\/wp-content\/uploads\/2016\/11\/MIGLA-SARKAN\u0100-NOL\u0100D\u0112T\u0100REINIKS\u0100BOLTI\u0145A33-300x25.PNG 300w, https:\/\/tautastribunals.eu\/wp-content\/uploads\/2016\/11\/MIGLA-SARKAN\u0100-NOL\u0100D\u0112T\u0100REINIKS\u0100BOLTI\u0145A33-800x68.PNG 800w\" sizes=\"(max-width: 619px) 100vw, 619px\" \/><\/a>LRTT priek\u0161v\u0101rds:<\/p>\n<p><a href=\"http:\/\/tautastribunals.eu\/wp-content\/uploads\/2016\/11\/1.-L.Granti\u0146\u0161-Helsinki-86.-LRTT.-Saeima.-Latvija.-Liep\u0101ja.-Kopie.PNG\"><img decoding=\"async\" loading=\"lazy\" class=\"alignleft size-full wp-image-35550\" title=\"1.-L.Granti\u0146\u0161-Helsinki-86.-LRTT.-Saeima.-Latvija.-Liep\u0101ja.-Kopie\" src=\"http:\/\/tautastribunals.eu\/wp-content\/uploads\/2016\/11\/1.-L.Granti\u0146\u0161-Helsinki-86.-LRTT.-Saeima.-Latvija.-Liep\u0101ja.-Kopie.PNG\" alt=\"1.-L.Granti\u0146\u0161-Helsinki-86.-LRTT.-Saeima.-Latvija.-Liep\u0101ja.-Kopie\" width=\"102\" height=\"157\" srcset=\"https:\/\/tautastribunals.eu\/wp-content\/uploads\/2016\/11\/1.-L.Granti\u0146\u0161-Helsinki-86.-LRTT.-Saeima.-Latvija.-Liep\u0101ja.-Kopie.PNG 305w, https:\/\/tautastribunals.eu\/wp-content\/uploads\/2016\/11\/1.-L.Granti\u0146\u0161-Helsinki-86.-LRTT.-Saeima.-Latvija.-Liep\u0101ja.-Kopie-196x300.PNG 196w\" sizes=\"(max-width: 102px) 100vw, 102px\" \/><\/a>Migla <span style=\"color: #ff0000;\"><strong><span style=\"text-decoration: underline;\">sarkan\u0101-nol\u0101d\u0113t\u0101<\/span><\/strong> <\/span>v\u0113l joproj\u0101m kl\u012bst un kl\u012bst pa m\u016bsu <strong>T\u0113vzemi<\/strong> !!!<\/p>\n<p><strong><span style=\"text-decoration: underline;\">-T\u0101<\/span><\/strong> slepkavo, slepkavo un izlaupa visu, ko m\u016bsu tauta ir gadsimtiem, lejot asinis un sviedrus, kr\u0101jusi.<\/p>\n<p><strong>-T\u0101<\/strong> \u0161odien ir materializ\u0113jusies- vizualiz\u0113jusies komunistu: <span style=\"color: #ff0000;\"> <\/span><strong><span style=\"color: #ff0000;\">peteru, z\u0101l\u012b\u0161u, kalni\u0146u, godma\u0146u, skulmju, indriksonu, kalnmeieru, bi\u010dkovi\u010du, \u012bvanu<\/span> <\/strong>un daudzu simtu citu purnos, kuri k\u0101 velns no krusta m\u016bk- no <strong>\u201c\u010dekas maisu\u201d<\/strong> atv\u0113r\u0161anas. Visi k\u0101 viens, \u0161ie s\u0101taniskie kagan\u0101t- \u017e\u012bdi un vi\u0146u ideolo\u0123iskie p\u0113cn\u0101c\u0113ji, ir k\u013cuvu\u0161i par miljon\u0101riem !<\/p>\n<p>Nekas nemain\u012bsies, kam\u0113r \u0161o s\u0113rgu <strong>fiziski neizn\u012bcin\u0101s<\/strong>, t\u0101pat k\u0101 nacistus.<\/p>\n<p>T\u0101 diena nav vairs aiz apv\u0101r\u0161\u0146a, t\u0101 jau bl\u0101zmojas.<\/p>\n<p>Nevaru vairs tie\u0161i pateikt, kur\u0101 gr\u0101mat\u0101 vai \u017eurn\u0101l\u0101 es las\u012bju k\u0101das gai\u0161re\u0123es sac\u012bto:<span style=\"color: #ff0000;\"> <strong>\u201cUn tad pien\u0101ks t\u0101di laiki, kad vi\u0146us, \u0161os Latvijas bendes, med\u012bs k\u0101 pl\u0113s\u012bgus zv\u0113rus. Vi\u0146i tiks \u0161auti uz iel\u0101m, kur vien par\u0101d\u012bsies. Vi\u0146i gul\u0113s no\u0161auti sav\u0101s ma\u0161\u012bn\u0101s uz lauku ce\u013ciem\u2026 !\u201d <\/strong><\/span><\/p>\n<p>Dievs, dari visi, lai \u0161ie laiki pien\u0101k \u0101tr\u0101k !<\/p>\n<h3>Dievs, vadi Kl\u0101va Dv\u0113seli savos Debesu laukos un sargi to !<\/h3>\n<h2>Dievs, sv\u0113ti Latviju, m\u016bsu Dzimteni un T\u0113vzemi !<\/h2>\n<p>22.11. 16\u00a0\u00a0\u00a0\u00a0 L. Granti\u0146\u0161<\/p>\n<p><span style=\"color: #003300;\"><a href=\"http:\/\/tautastribunals.eu\/wp-content\/uploads\/2016\/11\/Za\u013c\u0161-tautastribunals.eu4.png\"><img decoding=\"async\" loading=\"lazy\" class=\"alignleft size-full wp-image-35544\" title=\"Za\u013c\u0161-tautastribunals.eu4\" src=\"http:\/\/tautastribunals.eu\/wp-content\/uploads\/2016\/11\/Za\u013c\u0161-tautastribunals.eu4.png\" alt=\"Za\u013c\u0161-tautastribunals.eu4\" width=\"622\" height=\"86\" srcset=\"https:\/\/tautastribunals.eu\/wp-content\/uploads\/2016\/11\/Za\u013c\u0161-tautastribunals.eu4.png 950w, https:\/\/tautastribunals.eu\/wp-content\/uploads\/2016\/11\/Za\u013c\u0161-tautastribunals.eu4-300x42.png 300w, https:\/\/tautastribunals.eu\/wp-content\/uploads\/2016\/11\/Za\u013c\u0161-tautastribunals.eu4-800x112.png 800w\" sizes=\"(max-width: 622px) 100vw, 622px\" \/><\/a><\/span><\/p>\n<p><strong>Las\u012bt\u0101js:<\/strong><\/p>\n<p><span style=\"color: #003300;\">Atceros, ka <strong>LRTT<\/strong> k\u0101d\u0101 no rakstiem bija saraksts ar <strong>Atmodas <\/strong>un p\u0113c<strong>Atdmodas<\/strong> laik\u0101 noslepkavotajiem sabiedriskajiem darbiniekiem.<\/span><\/p>\n<p><span style=\"color: #003300;\"> <\/span><\/p>\n<p><span style=\"color: #003300;\">Taj\u0101 noteikti ir j\u0101iek\u013cauj ar\u012b talant\u012bgais un gados jaunais dzejnieks <strong>Kl\u0101vs Elsbergs, <\/strong>izcil\u0101s rakstnieces <strong>Vizmas Bel\u0161evicas<\/strong> d\u0113ls. Tie\u0161i vi\u0146\u0161 s\u0101ka k\u013c\u016bt par inteli\u0123ent\u0101s latvie\u0161u tautas sabiedrisk\u0101s domas l\u012bderi. \u010cekistus tas dar\u012bja tram\u012bgus, jo <strong>Elsberg\u0101<\/strong> s\u0101ka klaus\u012bties vair\u0101k nek\u0101 komunistu veidotaj\u0101 tautas runasv\u012br\u0101 <strong>Dain\u012b \u012av\u0101n\u0101<\/strong> vai komunistu galvenaj\u0101 rakstniek\u0101 <strong>J\u0101n\u012b Peter\u0101..<\/strong><\/span><\/p>\n<p><span style=\"color: #003300;\"> <\/span><\/p>\n<p><span style=\"color: #003300;\"><strong><a href=\"http:\/\/tautastribunals.eu\/wp-content\/uploads\/2016\/11\/Kl\u0101vs-Elsbergs-L.-Granti\u0146\u0161.-LRTT.png\"><img decoding=\"async\" loading=\"lazy\" class=\"alignleft size-full wp-image-35564\" title=\"Kl\u0101vs Elsbergs, L. Granti\u0146\u0161. LRTT\" src=\"http:\/\/tautastribunals.eu\/wp-content\/uploads\/2016\/11\/Kl\u0101vs-Elsbergs-L.-Granti\u0146\u0161.-LRTT.png\" alt=\"Kl\u0101vs Elsbergs, L. Granti\u0146\u0161. LRTT\" width=\"178\" height=\"262\" srcset=\"https:\/\/tautastribunals.eu\/wp-content\/uploads\/2016\/11\/Kl\u0101vs-Elsbergs-L.-Granti\u0146\u0161.-LRTT.png 247w, https:\/\/tautastribunals.eu\/wp-content\/uploads\/2016\/11\/Kl\u0101vs-Elsbergs-L.-Granti\u0146\u0161.-LRTT-204x300.png 204w\" sizes=\"(max-width: 178px) 100vw, 178px\" \/><\/a>Kl\u0101vs Elsbergs<\/strong> g\u0101ja boj\u0101 m\u012bklainos apst\u0101k\u013cos 1987. gada 5. febru\u0101ra nakt\u012b rakstnieku <strong>Jaunrades nam\u0101 Dubultos<\/strong>. Vi\u0146\u0161 ticis nogalin\u0101ts tie\u0161i taj\u0101 dien\u0101, kad <strong>Dubultu Jaunrades nam\u0101<\/strong> viesoj\u0101s vair\u0101ki rakstnieki no <strong>Krievijas<\/strong>, kas vi\u0146u izgr\u016bda pa dev\u012bt\u0101 st\u0101va logu. Dzejnieka m\u0101te, slaven\u0101 rakstniece <strong>Vizma Bel\u0161evica<\/strong> to uzskat\u012bja par pl\u0101notu politisku slepkav\u012bbu.<\/span><\/p>\n<p><span style=\"color: #003300;\"> <\/span><\/p>\n<p><span style=\"color: #003300;\">L\u012bdz\u012bgi sprie\u017e ar\u012b t\u0101 laika slaven\u0101k\u0101s rokgrupas<strong> \u201cP\u0113rkons\u201d <\/strong>m\u016bzi\u0137i, kuri tajos gados tie\u0161i rakst\u012bja dziesmas ar <strong>Elsberga<\/strong> tekstiem. <\/span><\/p>\n<p><span style=\"color: #003300;\">Pavir\u0161\u0101 izmekl\u0113\u0161ana ne\u013c\u0101va pier\u0101d\u012bt triju aizdom\u0101s tur\u0113to maskavie\u0161u vainu. P\u0113c p\u0101ris gadiem lieta tika izbeigta un izplat\u012btas baumas, ka <strong>Elsbergs<\/strong> visu tr\u012bs <strong>Krievijas <\/strong>rakstnieku kl\u0101tb\u016btn\u0113 pats izlecis pa logu, lai izdar\u012btu pa\u0161n\u0101v\u012bbu.<\/span><\/p>\n<p><span style=\"color: #003300;\"> <\/span><\/p>\n<p><span style=\"color: #003300;\">P\u0113c notiku\u0161\u0101 <strong>Vizma Bel\u0161evica<\/strong> atteica savu kandidat\u016bru<strong> LPSR <\/strong>pr\u0113mijai sakot: \u201cKam\u0113r nav ties\u0101ti mana d\u0113la slepkavas, nek\u0101du pr\u0113miju no \u0161\u012bs valsts pie\u0146emt nevaru. <\/span><\/p>\n<h2><span style=\"color: #003300;\">T\u0101 b\u016btu asins nauda. <\/span><\/h2>\n<p><span style=\"color: #003300;\">P\u0113c <strong>Kl\u0101va <\/strong>n\u0101ves man rakst\u012bja un zvan\u012bja daudzi nesod\u012bti noslepkavotu latvie\u0161u vec\u0101ki, kas velti mekl\u0113ju\u0161i taisn\u012bbu padomju ties\u0101. K\u0101da jauna zin\u0101tnieka t\u0113vs rakst\u012bja: \u2212 <strong>\u201eVi\u0146i vienm\u0113r mirst divdesmit asto\u0146u gadu vecum\u0101. Tad jau ir piln\u012bgi skaidras cilv\u0113ka potences un st\u0101ja.\u201d<\/strong><\/span><\/p>\n<p><span style=\"color: #003300;\"> <\/span><\/p>\n<p><span style=\"color: #003300;\"><strong>\u201cP\u0113rkons\u201d soliste Ieva Akuratere:<\/strong> <strong><em>\u201cTur bija viens padomju liela runasv\u012bra d\u0113li\u0146\u0161, kur\u0161 bija diem\u017e\u0113l vi\u0146am uzbrucis. T\u0101 rezult\u0101t\u0101 ar\u012b Elsbergs aizg\u0101ja boj\u0101. Bet, protams, ka tajos laikos to noklus\u0113ja un to nedr\u012bkst\u0113ja neviens teikt. Juris Kulakovs uzreiz sarakst\u012bja veselu ciklu. S\u0101k\u0101s ar to, ka vi\u0146\u0161 uz b\u0113r\u0113m pa nakti, p\u0113c Vizmas Bel\u0161evicas l\u016bguma velt\u012bt Elsbergam k\u0101du ska\u0146darbu, Kulakovs uzrakst\u012bja dziesmu \u201cNeatvad\u012bsimies\u201d. Elsbergs ir k\u0101 simbols mums visiem.\u201d<\/em><\/strong><\/span><\/p>\n<p><span style=\"color: #003300;\"> <\/span><\/p>\n<p><span style=\"color: #003300;\"><strong>Kl\u0101vs Elsbergs<\/strong> bija tikai 28 gadus vecs, ta\u010du jau taut\u0101 iem\u012b\u013cots, bezbail\u012bgs un inteli\u0123ents kult\u016bras darbinieks. Nacion\u0101li noska\u0146ots uz bez komunistisk\u0101s partijas biedra kartes kabat\u0101.<\/span><\/p>\n<p><span style=\"color: #003300;\"> <\/span><\/p>\n<p><span style=\"color: #003300;\">P\u0113c krievu trimdas izdevuma <strong>Posev <\/strong>zi\u0146\u0101m, pulkvedis <strong>Krasnovs<\/strong> nodeva <strong>Kl\u0101vam Elsbergam<\/strong> faktu materi\u0101lus par m\u016bsu <strong>Centr\u0101l\u0101s Komitejas <\/strong><\/span><\/p>\n<p><span style=\"color: #003300;\"> <\/span><\/p>\n<p><span style=\"color: #003300;\"><strong>mafiozo darb\u012bbu<\/strong>.<\/span><\/p>\n<p><span style=\"color: #003300;\"> <\/span><\/p>\n<p><span style=\"color: #003300;\">Ar to <strong>Kl\u0101vam <\/strong>liktenis bija izlemts.<\/span><\/p>\n<p><span style=\"color: #003300;\"> <\/span><\/p>\n<p><span style=\"color: #003300;\">Vi\u0146am bija j\u0101mirst.<\/span><\/p>\n<p><a href=\"http:\/\/tautastribunals.eu\/wp-content\/uploads\/2016\/11\/Latvija.-Akur\u0101tere.jpg\"><img decoding=\"async\" loading=\"lazy\" class=\"alignleft size-full wp-image-35543\" title=\"Latvija. Akur\u0101tere\" src=\"http:\/\/tautastribunals.eu\/wp-content\/uploads\/2016\/11\/Latvija.-Akur\u0101tere.jpg\" alt=\"Latvija. Akur\u0101tere\" width=\"619\" height=\"100\" srcset=\"https:\/\/tautastribunals.eu\/wp-content\/uploads\/2016\/11\/Latvija.-Akur\u0101tere.jpg 557w, https:\/\/tautastribunals.eu\/wp-content\/uploads\/2016\/11\/Latvija.-Akur\u0101tere-300x48.jpg 300w\" sizes=\"(max-width: 619px) 100vw, 619px\" \/><\/a><\/p>\n<h3><span style=\"color: #008000;\">VIZMA BEL\u0160EVICA ATKL\u0100TI PAR SAVA D\u0112LA NOSLEPKAVO\u0160ANU <\/span><\/h3>\n<p><span style=\"color: #008000;\">Smalkais zirnek\u013ca tineklis p\u0101rtr\u016bka, kad dzejniekam bija divdesmit asto\u0146i gadi. Slepkavas izsvieda vi\u0146u caur stikliem no dev\u012bt\u0101 st\u0101va.<\/span><\/p>\n<p><span style=\"color: #008000;\"> <\/span><\/p>\n<p><span style=\"color: #008000;\">Un drebo\u0161a b\u0113rna balsti\u0146a telefon\u0101: \u201eVecom\u0101t t\u0113tis ir nomiris. Viens cilv\u0113ks pagr\u016bda t\u0113ti tik stipri, ka t\u0113tis nomira.\u201d<\/span><\/p>\n<p><span style=\"color: #008000;\"> <\/span><\/p>\n<p><span style=\"color: #008000;\">Maz\u0101 Mat\u012bsa un v\u0113l maz\u0101k\u0101s Ievi\u0146as t\u0113tis, mans d\u0113ls, latvie\u0161u jaun\u0101s paaudzes talant\u012bg\u0101kais dzejnieks Kl\u0101vs Elsbergs. N\u0113, v\u0113l \u0161odien m\u0113s neesam b\u0113rniem teiku\u0161i, cik drausm\u012bg\u0101 n\u0101v\u0113 miris vi\u0146u t\u0113vs. Tas b\u016btu p\u0101ri b\u0113rnu sp\u0113kiem.<br \/>\nP\u0101ri m\u0101tes sp\u0113kiem rakst\u012bt par d\u0113la tik \u012bso m\u016b\u017eu un n\u0101vi, tom\u0113r man tas j\u0101dara.<\/span><\/p>\n<p><span style=\"color: #008000;\"> <\/span><\/p>\n<p><span style=\"color: #008000;\">Noslepkavots 1987. gada 5. febru\u0101r\u012b.<br \/>\nDzimis 1959. gada 3. janv\u0101r\u012b.<\/span><\/p>\n<p><span style=\"color: #008000;\"> <\/span><\/p>\n<p><span style=\"color: #008000;\"><a href=\"http:\/\/tautastribunals.eu\/wp-content\/uploads\/2016\/11\/Vizma-Bel\u0161evica.-Granti\u0146\u0161-Linards.-LRTT.jpg\"><img decoding=\"async\" loading=\"lazy\" class=\"alignleft size-full wp-image-35561\" title=\"Vizma Bel\u0161evica. Granti\u0146\u0161 Linards. LRTT\" src=\"http:\/\/tautastribunals.eu\/wp-content\/uploads\/2016\/11\/Vizma-Bel\u0161evica.-Granti\u0146\u0161-Linards.-LRTT.jpg\" alt=\"Vizma Bel\u0161evica. Granti\u0146\u0161 Linards. LRTT\" width=\"167\" height=\"254\" \/><\/a>Pat pasaul\u0113 n\u0101kt vi\u0146am nebija viegli. Mana nesp\u0113ka d\u0113\u013c tr\u012bs dienu mokas un piedzim\u0161ana afiksij\u0101. Toreiz vi\u0146u izgl\u0101ba, bet n\u0101ves \u0113nu sev blakus vi\u0146\u0161 laikam juta vienm\u0113r.<br \/>\nEs saku \u2212 laikam. <\/span><\/p>\n<p><span style=\"color: #008000;\">Vi\u0146\u0161 bija \u013coti nosl\u0113gts b\u0113rns. Jaut\u0101ja, k\u0101 jau visi b\u0113rni, daudz, st\u0101st\u012bja maz. Tikpat k\u0101 nemaz.<br \/>\nKl\u0101va dzej\u0101 ir rindas: t\u0101 liepa, kas nokalta no man\u0101m asar\u0101m. <\/span><\/p>\n<p><span style=\"color: #008000;\">Liepa nokalta, bet vi\u0146\u0161 savas asaras ner\u0101d\u012bja. Atceros tikai vienu reizi.<br \/>\nPirm\u0101 krat\u012b\u0161ana m\u016bsu m\u0101j\u0101. Kl\u0101vs bija otr\u0101 istab\u0101 ar vecom\u0101ti, neko neredz\u0113ja un nedzird\u0113ja, viss notika \u013coti klusi. Kad mani tik pat klusi veda proj\u0101m, gaiten\u012b izskr\u0113ja Kl\u0101vs un izmis\u012bgi kliedza: \u201eMamm, neej l\u012bdzi! Neej! Neej!\u201d<\/span><span style=\"color: #008000;\"> Vai toreiz vi\u0146\u0161 jut\u0101s nodots: velti raud\u0101t, velti kliegt, m\u0101te ir akla un kurla pret vi\u0146a s\u0101p\u0113m? Kl\u0101vam bija \u010detri gadi.Ko var paskaidrot \u010detrus gadus vecam b\u0113rnam par KGB?<\/span><br \/>\n<span style=\"color: #008000;\"> <\/span><\/p>\n<p><span style=\"color: #008000;\"> Otro krat\u012b\u0161anu vi\u0146\u0161 jau saprata. <\/span><\/p>\n<p><span style=\"color: #008000;\">S\u0113d\u0113ja sav\u0101 istab\u0101, zobus sakodis, un neredzo\u0161\u0101m ac\u012bm skat\u012bj\u0101s atv\u0113rt\u0101 algebras burtn\u012bc\u0101. Visas se\u0161padsmit stundas.<br \/>\nSekoja k\u0101rt\u0113jie ne\u017e\u0113lest\u012bbas gadi, kad mani g\u0101n\u012bja prese, k\u0101 nebiju\u0161i pazuda draugi, pazi\u0146as g\u0101ja p\u0101ri ielai uz otru pusi, lai nevajadz\u0113tu sasveicin\u0101ties. Kl\u0101vu skol\u0101 un mazo J\u0101ni b\u0113rnud\u0101rz\u0101 audzin\u0101t\u0101jas vaj\u0101ja k\u0101 prazdamas. Nedom\u0101ju, ka tas vi\u0146\u0101m bija pav\u0113l\u0113ts: cent\u0101s katram gad\u012bjumam, varb\u016bt paman\u012bs un nov\u0113rt\u0113s.<br \/>\nTurkl\u0101t ne\u017e\u0113last\u012bba noz\u012bm\u0113 smagu nabadz\u012bbu \u2212 tie\u0161i Kl\u0101va pusaud\u017ea gados, kad gribas b\u016bt k\u0101 citiem, bet j\u0101b\u016bt nabag\u0101kam par visiem. Nopluku\u0161am un izstumtam.<br \/>\nKl\u0101vam bija biedri skol\u0101, s\u0113t\u0101, basketbola komand\u0101. B\u0113rn\u012bbas draugs tikai viens. Un m\u016b\u017e\u0101 m\u012blest\u012bba viena \u2212 meiten\u012bte, ar kuru vi\u0146\u0161 izauga vien\u0101 s\u0113t\u0101, m\u0101c\u012bj\u0101s vien\u0101 skol\u0101 un apprec\u0113j\u0101s p\u0113c universit\u0101tes pirm\u0101 kursa.<br \/>\nEs pirmo reizi Ir\u0113n\u012bti redz\u0113ju, kad vi\u0146ai bija tr\u012bs gadi. Mazas, \u013coti audzin\u0101tas meiten\u012btes reveranss, zilas, nopietnas acis meln\u0101s skropst\u0101s, puspav\u0113rta b\u0113rna mut\u012bte. Un p\u0113k\u0161\u0146\u0101 gai\u0161redz\u012bb\u0101 es zin\u0101ju \u2212 t\u0101 ir mana vedekla. Iek\u0161\u0113j\u0101 balss bija man \u017e\u0113l\u012bga un neteica \u2212 t\u0101 ir mana d\u0113la atraitne.<br \/>\nDzejo\u013cus rakst\u012bt Kl\u0101vs s\u0101ka ap \u010detrpadsmit gadiem. Man vi\u0146\u0161 to nesac\u012bja, nek\u0101dus padomus vai v\u0113rt\u0113jumus nepras\u012bja. Zin\u0101ju t\u0101p\u0113c, ka vi\u0146a istaba alla\u017e bija piem\u0113t\u0101ta ar dzejo\u013cu uzmetumiem. Bet t\u0101 k\u0101 vi\u0146\u0161 pats neteica, es dr\u012bkst\u0113ju neko nezin\u0101t un klus\u012bb\u0101 cer\u0113t, ka p\u0101ries, jo neviens nev\u0113l savam b\u0113rnam gr\u016btu dz\u012bvi. Un kas ir gr\u016bt\u0101k, k\u0101 god\u012bgam dzejniekam b\u016bt Padomju savien\u012bb\u0101? Kl\u0101vs bija god\u012bgs.<br \/>\nKad Kl\u0101vam palika asto\u0146padsmit gadu, vi\u0146\u0161 par\u0101d\u012bja man savus dzejo\u013cus. Ne\u017e\u0113l\u012bgi patiesu pusaud\u017ea dz\u012bves redz\u0113jumu. Pirm\u0101 gr\u0101mata Pagaid\u012bsim ausaino! gan izn\u0101ca, kad vi\u0146am bija 22 gadi, bet tikai t\u0101p\u0113c, ka padomju izdevniec\u012bbas ma\u013c l\u0113n\u0101k par Dieva dzirnav\u0101m. Pirm\u0101s gr\u0101matas skaudrais god\u012bgums tapa piedots, pat uzslav\u0113ts \u2212 uz autora jaun\u012bbas r\u0113\u0137ina. Ar otro gr\u0101matu B\u0113das uz neb\u0113du glu\u017ei tik viegli neg\u0101ja. Gr\u0101mata izn\u0101ca 1986. gad\u0101, neilgi pirms n\u0101ves. P\u0113c n\u0101ves, tad, j\u0101, tad pr\u0113mija gan par B\u0113d\u0101m uz neb\u0113du, gan par atdzejoto Gijoma Apolin\u0113ra kr\u0101jumu G\u0101jiens. (Pusi no pr\u0113mijas valsts atskait\u012bja, lai atraitne un b\u0113rni\u0146i nek\u013c\u016btu bag\u0101ti.) Tre\u0161ais kr\u0101jums Velci, t\u0113ti izn\u0101ca divus gadus p\u0113c n\u0101ves vi\u0146a atraitnes dzejnieces Ir\u0113nes Auzi\u0146as sak\u0101rtojum\u0101.<br \/>\nT\u0101 nu no Kl\u0101va Elsberga paliku\u0161i tr\u012bs ori\u0123in\u0101lkr\u0101jumi, da\u017ei st\u0101sti, atdzejojumi un tulkojumi no fran\u010du, ang\u013cu, krievu valod\u0101m.<br \/>\nPalikusi maza, latviska ozolkoka kapa pl\u0101ksne starp citu rakstnieku pieminek\u013ciem Rai\u0146a kapu \u017eogmal\u0113. Un piemi\u0146as akmens Staicel\u0113 \u2212 maz\u0101 pils\u0113ti\u0146\u0101, kur Kl\u0101vs pavad\u012bja z\u0113nu gadu vasaras basketbola treni\u0146nometn\u0113. Naudu saziedoja Staiceles skolnieki un akmeni uzst\u0101d\u012bja, neraugoties uz m\u016bsu kult\u016bras fonda un varas iest\u0101\u017eu pretdarb\u012bbu.<br \/>\nPaliku\u0161as dziesmas ar vi\u0146a tekstiem. Ziedi uz kapa. Tautas m\u012blest\u012bba. Varas naids un nodev\u012bba. Vi\u0146a slepkavas nav un netaps ties\u0101ti.<br \/>\nP\u0113c Kl\u0101va n\u0101ves man rakst\u012bja un zvan\u012bja daudzi nesod\u012bti noslepkavotu latvie\u0161u vec\u0101ki, kas velti mekl\u0113ju\u0161i taisn\u012bbu padomju ties\u0101. K\u0101da jauna zin\u0101tnieka t\u0113vs rakst\u012bja: \u2212 \u201eVi\u0146i vienm\u0113r mirst divdesmit asto\u0146u gadu vecum\u0101. Tad jau ir piln\u012bgi skaidras cilv\u0113ka potences un st\u0101ja.\u201d<br \/>\nK\u0101ds bija Kl\u0101vs Elsbergs divdesmit asto\u0146u gadu vecum\u0101?<br \/>\nK\u0101 jau Me\u017e\u0101\u017ea z\u012bm\u0113 dzimu\u0161ais \u2212 fan\u0101tisks v\u012brs un t\u0113vs. Vi\u0146a ietekm\u0113 m\u016bsu jaunie dzejnieki vairs nevelta m\u012blest\u012bbas dzejo\u013cus dai\u013c\u0101m sve\u0161iniec\u0113m vai m\u012b\u013c\u0101k\u0101m, bet likum\u012bg\u0101m siev\u0101m \u2212 \u0161ai paaudzei Kl\u0101vs bija zin\u0101m\u0101 m\u0113r\u0101 etalons. Popul\u0101rs k\u0101 estr\u0101des zvaigzne. Izklaus\u0101s neticami, bet Latvij\u0101 tas iesp\u0113jams. Pie mums v\u0113l dzeju v\u0113rt\u0113 augsti pat jaunatne. Apvelt\u012bts ar vis\u0101m l\u012bdera \u012bpa\u0161\u012bb\u0101m, iz\u0146emot vienu \u2212 vi\u0146\u0161 nebija run\u0101t\u0101js. Bet run\u0101t\u0101ju mums t\u0101pat daudz. Kl\u0101vs bija dar\u012bt\u0101js \u2212 p\u0101ri cilv\u0113ka sp\u0113kiem. Jau divdesmit tr\u012bs gados vi\u0146\u0161 s\u0101ka sirmot.<br \/>\n\u013boti daudz darba Kl\u0101vs ieguld\u012bja \u017eurn\u0101la Avots tap\u0161an\u0101. Avots \u2212 nikns, avangardisks jaunatnes \u017eurn\u0101ls par\u0101d\u012bj\u0101s pa\u0161\u0101 atkl\u0101t\u012bbas laiku s\u0101kum\u0101 un toreiz bija pats drosm\u012bg\u0101kais, as\u0101kais izdevums vis\u0101 Padomju Savien\u012bb\u0101. Uz Avotu, un daudzk\u0101rt tie\u0161i Kl\u0101vam, nesa un s\u016bt\u012bja materi\u0101lus, ko citur nebija cer\u012bbu nopublic\u0113t.<br \/>\nP\u0113c krievu trimdas izdevuma Posev zi\u0146\u0101m, pulkvedis Krasnovs nodeva Kl\u0101vam Elsbergam faktu materi\u0101lus par m\u016bsu Centr\u0101l\u0101s Komitejas mafiozo darb\u012bbu. Ar to Kl\u0101vam liktenis bija izlemts. Vi\u0146am bija j\u0101mirst.<br \/>\nIt k\u0101 nelik\u0101s \u2026 Viss bija labi. Kl\u0101vam izdeva ce\u013ca z\u012bmi uz Dubultiem \u2212 tas ir t\u0101ds nams R\u012bgas j\u016brmal\u0101, kur rakstnieki var pastr\u0101d\u0101t m\u0113nesi bez ikdienas r\u016bp\u0113m.<br \/>\nKl\u0101vs rakst\u012bja dzejo\u013cus, tulkoja Viktora Igo Devi\u0146desmit tre\u0161o gadu, brauk\u0101ja uz R\u012bgu pie \u0123imenes vai uz Avota redakciju. Ka vi\u0146am tur pies\u0113j\u0101s Maskavas rakstnieku komp\u0101nija, ar\u012b nelik\u0101s sav\u0101di. Avots ne tikai public\u0113ja asus materi\u0101lus, bet ar\u012b maks\u0101ja augstus honor\u0101rus: maskavie\u0161i mekl\u0113ja piek\u013c\u016b\u0161anu jaunajam \u017eurn\u0101lam. Un te \u2212 blakus Avota darbinieks.<br \/>\n\u2212 Visp\u0101r jau interesanti cilv\u0113ki, tikai p\u0101r\u0101k uz dzer\u0161anu, \u2212 teica Kl\u0101vs, par \u0161o komp\u0101niju st\u0101st\u012bdams.<br \/>\nKl\u0101va ce\u013ca z\u012bme bija l\u012bdz sept\u012btajam febru\u0101rim. Rakstnieki laiku alla\u017e izmanto, \u012bpa\u0161i, ja darbs sokas. Tom\u0113r Kl\u0101vs piezvan\u012bja tre\u0161aj\u0101, l\u016bdza, lai piektaj\u0101 (t\u0101tad divas dienas pirms atv\u0113l\u0113t\u0101 laika) atbraucam vi\u0146am paka\u013c, lai vi\u0146\u0161 var\u0113tu izvair\u012bties no tradicion\u0101l\u0101s atvadu iedzer\u0161anas \u2212 vec\u0101ks paliek vec\u0101ks.<br \/>\nJ\u0101dom\u0101, saruna bija noklaus\u012bta. Ceturt\u0101 febru\u0101ri Kl\u0101vu aizr\u0101va no vakari\u0146u galda \u2212 draudz\u012bgi pas\u0113d\u0113t pie konjaka gl\u0101zes.<br \/>\nPiekt\u0101 febru\u0101\u0157a r\u012bt\u0101 mums pav\u0113st\u012bja par vi\u0146a n\u0101vi. Nelaimes gad\u012bjums p\u0113c trafareta \u201ev\u012bns un sievietes\u201d.<br \/>\nPas\u0113d\u0113ja, iedz\u0113ra pa gl\u0101zei konjaka, divas jaunas d\u0101mas uzg\u0101ja pie Kl\u0101va dzejo\u013cus paklaus\u012bties (Kl\u0101vs gan rakst\u012bja valod\u0101, ko jaun\u0101s d\u0101mas nesaprata, bet tas nekas). G\u0101ja prom viena d\u0101ma, p\u0113c mirk\u013ca otra, Kl\u0101vs, durv\u012bs st\u0101v\u0113dams, iesauc\u0101s: \u201e\u013bena!\u201d no\u0161\u0137ind\u0113ja stikli un vi\u0146a vairs nebija.<br \/>\nPalika darba galds ar gl\u012bti sak\u0101rtot\u0101m dzeju un tulkojumu kaudz\u012bt\u0113m. T\u0101ds, k\u0101dus redzam rakstnieku muzejos vai piemi\u0146as istab\u0101s \u2026 Nevienu sekundi Kl\u0101va m\u016b\u017ea vi\u0146a darba galds t\u0101ds nav bijis. Kl\u0101va darba galds alla\u017e izskat\u012bj\u0101s, k\u0101 p\u0113c ne\u017e\u0113l\u012bgas kratin\u0101\u0161anas \u2212 bet b\u012bstam\u0101 materi\u0101la mekl\u0113t\u0101ji \u0161o Kl\u0101va \u012bpatn\u012bbu nezin\u0101ja. Vi\u0146i neuzdr\u012bkst\u0113j\u0101s atst\u0101t savand\u012btus pap\u012brus. Gl\u012bti sak\u0101rtoja. S\u012bkais, bet \u0101rk\u0101rt\u012bgi z\u012bm\u012bgais fakts apstiprina Posev versiju \u2212 politiska slepkav\u012bba.<br \/>\nTo apstiprina ar\u012b tas, ka medic\u012bnisk\u0101 ekspert\u012bze tika ignor\u0113ta. Ap\u0123\u0113rba ekspert\u012bze t\u0101pat. Ap\u0123\u0113rbs p\u0101r\u0101k skaidri uzr\u0101d\u012bja, kas dar\u012bts pirms sviediena cauri stikliem, tas ir izn\u012bcin\u0101ts un lietiskajos pier\u0101d\u012bjumos nefigur\u0113. Ignor\u0113ti liecinieki, kas no sav\u0101m istab\u0101m daudz ko dzird\u0113ju\u0161i, kaut gan tikai v\u0113l\u0101k sapratu\u0161i, kas \u012bsti noticis. Dubultu nama person\u0101lam aizliegts run\u0101t par Kl\u0101va Elsberga n\u0101vi. Ofici\u0101l\u0101s izmekl\u0113\u0161anas sl\u0113dziens \u013cautu ies\u016bdz\u0113t izmekl\u0113t\u0101ju ties\u0101 \u2212 ja t\u0101 neb\u016btu padomju tiesa. T\u0101 notika pirm\u0101 izmekl\u0113\u0161ana, t\u0101, p\u0113c advok\u0101tes Vijas J\u0101kobsones s\u016bdz\u012bbas, otr\u0101. Maskavas \u0123ener\u0101lprokurat\u016bra neatbild\u0113ja visp\u0101r.<br \/>\nJ\u016bs las\u0101t \u0161\u012bs rindas un dom\u0101jat, ka tas ir nelaim\u012bgai m\u0101tei piedodams \u0101rpr\u0101ts. Nevar\u0113ja ta\u010du rakstnieki samesties band\u0101 un nogalin\u0101t savu kol\u0113\u0123i!<br \/>\nVar\u0113ja. Padomju Savien\u012bb\u0101 piln\u012bgi iesp\u0113jams ne tikai b\u016bt vienlaikus rakstniekam un KGB zi\u0146ot\u0101jam, bet ar\u012b asinsdarba izpild\u012bt\u0101jam. T\u0101 ir Padomju Savien\u012bbas \u012bpatn\u012bba pat \u0161ajos gai\u0161ajos atkl\u0101t\u012bbas laikos, kurus tik l\u012bksmi sveic skaistu v\u0101rdu un sol\u012bjumu k\u0101rt\u0113jo reizi apm\u0101n\u012bt\u0101 cilv\u0113ce.<br \/>\nKl\u0101va Elsberga v\u0101rds ir tikai viens no daudzajiem Gorba\u010dova \u0113ras asi\u0146aino upuru sarakst\u0101. Saraksts aug ik ar dienu, jo nav vairs politisko tiesas procesu ar ofici\u0101lu ieslodz\u012b\u0161anu vai no\u0161au\u0161anu. Ir nelaimes gad\u012bjumi \u2212 arvien bie\u017e\u0101ki un bie\u017e\u0101ki.<br \/>\nCik maz es, run\u0101jot par dzejnieku, run\u0101ju par vi\u0146a dzeju \u2026 Bet kop\u0161 t\u0101s drausm\u0101s dienas es vi\u0146a dzeju las\u012bt nevaru. Vi\u0146a fotogr\u0101fij\u0101s skat\u012bties nevaru. Vi\u0146\u0161 man ir t\u0101ds, k\u0101du atceros dz\u012bvu. Un z\u0101rk\u0101. Un vienu vien\u012bgu reizi sapn\u012b: ien\u0101ca slapjiem matiem k\u0101 p\u0113c smaga treni\u0146a un nolika galvu man uz pleca. Dz\u012bvs.<br \/>\nTad varat n\u0101kt mani apst\u0101v\u0113t,<br \/>\nkad esat piln\u012bgi dro\u0161i \u2212<br \/>\nes neteik\u0161u: \u201eN\u0113!\u201d<br \/>\nUn vi\u0146\u0161 v\u0113l nav teicis: \u201ej\u0101\u201d. Nelasiet vi\u0146u, ja jums vajadz\u012bgs gar\u012bgs komforts un pieglaud\u012bbas noska\u0146a d\u012bv\u0101na st\u016br\u012b. N\u0113. N\u0113. N\u0113.<\/span><\/p>\n","protected":false},"excerpt":{"rendered":"<p>LRTT priek\u0161v\u0101rds: Migla sarkan\u0101-nol\u0101d\u0113t\u0101 v\u0113l joproj\u0101m kl\u012bst un kl\u012bst pa m\u016bsu T\u0113vzemi !!! -T\u0101 slepkavo, slepkavo un izlaupa visu, ko m\u016bsu tauta ir gadsimtiem, lejot asinis un sviedrus, kr\u0101jusi. -T\u0101 \u0161odien ir materializ\u0113jusies- vizualiz\u0113jusies&#46;&#46;&#46;<\/p>\n","protected":false},"author":1,"featured_media":0,"comment_status":"open","ping_status":"open","sticky":false,"template":"","format":"standard","meta":[],"categories":[1],"tags":[],"_links":{"self":[{"href":"https:\/\/tautastribunals.eu\/index.php?rest_route=\/wp\/v2\/posts\/35542"}],"collection":[{"href":"https:\/\/tautastribunals.eu\/index.php?rest_route=\/wp\/v2\/posts"}],"about":[{"href":"https:\/\/tautastribunals.eu\/index.php?rest_route=\/wp\/v2\/types\/post"}],"author":[{"embeddable":true,"href":"https:\/\/tautastribunals.eu\/index.php?rest_route=\/wp\/v2\/users\/1"}],"replies":[{"embeddable":true,"href":"https:\/\/tautastribunals.eu\/index.php?rest_route=%2Fwp%2Fv2%2Fcomments&post=35542"}],"version-history":[{"count":37,"href":"https:\/\/tautastribunals.eu\/index.php?rest_route=\/wp\/v2\/posts\/35542\/revisions"}],"predecessor-version":[{"id":35584,"href":"https:\/\/tautastribunals.eu\/index.php?rest_route=\/wp\/v2\/posts\/35542\/revisions\/35584"}],"wp:attachment":[{"href":"https:\/\/tautastribunals.eu\/index.php?rest_route=%2Fwp%2Fv2%2Fmedia&parent=35542"}],"wp:term":[{"taxonomy":"category","embeddable":true,"href":"https:\/\/tautastribunals.eu\/index.php?rest_route=%2Fwp%2Fv2%2Fcategories&post=35542"},{"taxonomy":"post_tag","embeddable":true,"href":"https:\/\/tautastribunals.eu\/index.php?rest_route=%2Fwp%2Fv2%2Ftags&post=35542"}],"curies":[{"name":"wp","href":"https:\/\/api.w.org\/{rel}","templated":true}]}}