{"id":34986,"date":"2016-10-29T00:20:07","date_gmt":"2016-10-28T21:20:07","guid":{"rendered":"http:\/\/tautastribunals.eu\/?p=34986"},"modified":"2016-10-29T14:55:57","modified_gmt":"2016-10-29T11:55:57","slug":"par-saeimas-satanistiem-un-gedertu-melngaili","status":"publish","type":"post","link":"https:\/\/tautastribunals.eu\/?p=34986","title":{"rendered":"Par Saeimas s\u0101tanistiem un \u0122edertu Melngaili(papildin\u0101ts)"},"content":{"rendered":"<h2><a href=\"http:\/\/tautastribunals.eu\/wp-content\/uploads\/2016\/10\/www.tautastribunals.eu-14114.png\"><img decoding=\"async\" loading=\"lazy\" class=\"alignleft size-full wp-image-34987\" title=\"www.tautastribunals.eu-1411\" src=\"http:\/\/tautastribunals.eu\/wp-content\/uploads\/2016\/10\/www.tautastribunals.eu-14114.png\" alt=\"www.tautastribunals.eu-1411\" width=\"629\" height=\"88\" srcset=\"https:\/\/tautastribunals.eu\/wp-content\/uploads\/2016\/10\/www.tautastribunals.eu-14114.png 950w, https:\/\/tautastribunals.eu\/wp-content\/uploads\/2016\/10\/www.tautastribunals.eu-14114-300x42.png 300w, https:\/\/tautastribunals.eu\/wp-content\/uploads\/2016\/10\/www.tautastribunals.eu-14114-800x112.png 800w\" sizes=\"(max-width: 629px) 100vw, 629px\" \/><\/a><a href=\"http:\/\/tautastribunals.eu\/wp-content\/uploads\/2016\/10\/SuharenkoOj\u0101rs-Kalni\u0146\u0161.V\u0113jonisGranti\u0146\u0161-Bergmanis-Me\u017eviets1-Kopie.PNG\"><img decoding=\"async\" loading=\"lazy\" class=\"alignleft size-full wp-image-34996\" title=\"SuharenkoOj\u0101rs-Kalni\u0146\u0161.V\u0113jonisGranti\u0146\u0161-Bergmanis-Me\u017eviets1 - Kopie\" src=\"http:\/\/tautastribunals.eu\/wp-content\/uploads\/2016\/10\/SuharenkoOj\u0101rs-Kalni\u0146\u0161.V\u0113jonisGranti\u0146\u0161-Bergmanis-Me\u017eviets1-Kopie.PNG\" alt=\"SuharenkoOj\u0101rs-Kalni\u0146\u0161.V\u0113jonisGranti\u0146\u0161-Bergmanis-Me\u017eviets1 - Kopie\" width=\"629\" height=\"153\" srcset=\"https:\/\/tautastribunals.eu\/wp-content\/uploads\/2016\/10\/SuharenkoOj\u0101rs-Kalni\u0146\u0161.V\u0113jonisGranti\u0146\u0161-Bergmanis-Me\u017eviets1-Kopie.PNG 789w, https:\/\/tautastribunals.eu\/wp-content\/uploads\/2016\/10\/SuharenkoOj\u0101rs-Kalni\u0146\u0161.V\u0113jonisGranti\u0146\u0161-Bergmanis-Me\u017eviets1-Kopie-300x73.PNG 300w\" sizes=\"(max-width: 629px) 100vw, 629px\" \/><\/a><\/h2>\n<p><em><span style=\"color: #ff0000;\">L\u016bk, latviet, \u0161ai kriev\u017e\u012bdu Krem\u013ca bandai kalpo, visi bez iz\u0146\u0113muma, Saeimas kangari, bet ne latvie\u0161u tautai !!!<\/span><\/em><\/p>\n<h2><a rel=\"nofollow\" href=\"http:\/\/tvplay.skaties.lv\/parraides\/neka-personiga\/766804?autostart=true\">http:\/\/tvplay.skaties.lv\/parraides\/neka-personiga\/766804?autostart=true<\/a><\/h2>\n<h2>P\u0101rdomas par s\u0101tanismu un \u0122ederta Melngai\u013ca \u201clietu\u201d !<\/h2>\n<p><strong>S\u0101tanisms<\/strong> ir viss tas, kas saist\u012bts ar meliem.<\/p>\n<p>T\u0101tad, tas ir kl\u0101t it visur, kur tiek dar\u012bts viss tas, kas neatbilst <strong>DIEVA 10 pamat-LIKUMIEM<\/strong>, jeb <strong>BAU\u0160\u013bIEM<\/strong>.<\/p>\n<p>Tiem nav nek\u0101ds sakars ar <strong>Mozu <\/strong>un vismaz\u0101k ar \u017e\u012bdiem. Tie ir<strong> ES\u012aBAS PAMATS <\/strong>un nav tiem ne s\u0101kuma un neb\u016bs ar\u012b beigas. Ja <strong>\u201ck\u0101ds\u201d<\/strong> tos grib piesavin\u0101ties un uzskat\u012bt par saviem, tad <strong>TAS<\/strong> ir melis, kas savuk\u0101rt noz\u012bm\u0113, ka ir s\u0101tanisk\u0101s pasaules <strong>\u201ciem\u012btnieks\u201d.<\/strong><\/p>\n<p>\u0160odienas <strong>Latviju <\/strong>var uzskat\u012bt par <strong>S\u0101tana centr\u0101li<\/strong>, jo valdo\u0161ais- repres\u012bvais re\u017e\u012bms balst\u0101s tikai un vien\u012bgi uz meliem, bet kur meli, tur <strong>asinis, cie\u0161anas, laup\u012b\u0161anas- tot\u0101ls izn\u012bcino\u0161s genoc\u012bds pret latvie\u0161u tautu !<\/strong><\/p>\n<h2>Kas to veic ?<\/h2>\n<p>Protams, ka nelatvie\u0161i !<\/p>\n<p>Genoc\u012bdu pret latvie\u0161u tautu veic tie un to politiskais re\u017e\u012bms, kas 1940. gad\u0101 m\u016bs varm\u0101c\u012bgi- ar pr\u0101tam neaptveramu asi\u0146ainu brutalit\u0101ti, okup\u0113ja.<\/p>\n<p>Tie ir kriev\u017e\u012bdi, kuru ideolo\u0123iskais pamats balst\u0101s uz <strong>\u201cCi\u0101nas gudro protokoliem !\u201d<\/strong><\/p>\n<p>Tas ir vispret\u012bg\u0101kais <strong>\u201cdokuments\u201d<\/strong> civiliz\u0101cijas past\u0101v\u0113\u0161anas v\u0113stur\u0113.<\/p>\n<p><strong>Latvij\u0101 <\/strong>piln\u012bgi neviens latvietis nav pie politisk\u0101s varas un \u0161\u012bs varas reklam\u0113t\u0101jiem.<\/p>\n<p>Latvie\u0161i kop\u0161 1940. gada okup\u0101cijas tiek fiziski izn\u012bcin\u0101ti.<\/p>\n<p>Tas ir dokument\u0101li apstiprin\u0101ts. Par to run\u0101ja ar\u012b v\u0113sturnieks <strong>Indulis Ronis<\/strong>.<\/p>\n<p>\u0160odienas <strong>SAEIM\u0100 <\/strong>neatrodas neviens latvietis. Vi\u0146i visi ir <span style=\"color: #ff0000;\"><strong><span style=\"text-decoration: underline;\">bezdv\u0113se\u013cu dz\u012bvnieki- s\u0101tanisti<\/span><\/strong>. <\/span>Visa \u0161\u012b banda ir novedusi<strong> Latviju<\/strong> un latvie\u0161u tautu piln\u012bg\u0101 nabadz\u012bba un par to v\u0113l sa\u0146em neiedom\u0101jami lielu algu, kuru katru gadu vel paaugstina, k\u0101 \u017e\u012bdisk\u0101s izcelsmes <strong>\u201clatviete\u201d In\u0101ra M\u016brniece<\/strong> saka- demokr\u0101tiska veid\u0101: piesaucot deput\u0101tus pa\u0161us balsot par algas paaugstin\u0101\u0161anu.<\/p>\n<p>Kad es dzird\u0113ju \u0161o vi\u0146as priek\u0161likumu<em>(par to jau esmu \u0161aj\u0101 vietn\u0113 rakst\u012bjis), <\/em>man uzmet\u0101s zos\u0101da, bet p\u0113c tam sapratu: pie s\u0101tanistiem sav\u0101d\u0101k nemaz nevar b\u016bt, jo \u0161iem <strong>Dievi\u0161\u0137as Pasaules <\/strong>atkritumiem nav <strong>Dv\u0113sele.<\/strong><\/p>\n<p>Ja \u0161iem s\u0101taniskajiem izdzimumiem b\u016btu jel k\u0101da nacion\u0101l\u0101 pieder\u012bba, tad vi\u0146i g\u0101d\u0101tu par savu tautu.<\/p>\n<p>Bet vi\u0146i, \u0161ie, ar <strong><span style=\"text-decoration: underline;\">nol\u0101d\u0113t\u012bbas z\u012bmogu apz\u012bmogotie, <\/span><\/strong>aizg\u016btn\u0113m pl\u0113\u0161 un izn\u012bcina tautu, kuras labumus bauda !<\/p>\n<p><strong><span style=\"text-decoration: underline;\">ATMODU veica latvie\u0161i<\/span><\/strong>, bet skat\u2018, k\u0101 vi\u0146i, \u0161ie \u201c<strong>CI\u0100NAS GUDRIE\u201d<\/strong><em>(<\/em><em>komunisti- LTF), <\/em>cen\u0161as to pierakst\u012bt sev !<\/p>\n<p>\u0160ie s\u0101taniskie rad\u012bjumi<strong> Atmodas AVANGARDU<\/strong> ir tikpat k\u0101 fiziski izn\u012bcin\u0101ju\u0161i. Ar \u0101rpr\u0101ta meliem sev pierakst\u012bju\u0161i <strong>\u201cvaro\u0146darbus\u201d,<\/strong> kurus nekad nav veiku\u0161i.<\/p>\n<p>To visu <strong>Latvijas s\u0101tanistiem<\/strong> pal\u012bdz realiz\u0113t <strong>\u201ctre\u0161ais sp\u0113ks\u201d, <\/strong>kura v\u0101rds ir<span style=\"color: #ff0000;\"> <strong>MOSSAD<\/strong><\/span>s.<\/p>\n<h2><span style=\"color: #ff0000;\">Es visu atceros, \u017e\u012bd Borovkov !<\/span><\/h2>\n<p><strong><span style=\"text-decoration: underline;\"><a href=\"http:\/\/tautastribunals.eu\/wp-content\/uploads\/2016\/10\/A.-Borovkovs-I.-Saul\u012bte-L.-Granti\u0146\u0161.PNG\"><img decoding=\"async\" loading=\"lazy\" class=\"alignleft size-full wp-image-35002\" title=\"A. Borovkovs, I. Saul\u012bte, L. Granti\u0146\u0161\" src=\"http:\/\/tautastribunals.eu\/wp-content\/uploads\/2016\/10\/A.-Borovkovs-I.-Saul\u012bte-L.-Granti\u0146\u0161.PNG\" alt=\"A. Borovkovs, I. Saul\u012bte, L. Granti\u0146\u0161\" width=\"148\" height=\"240\" srcset=\"https:\/\/tautastribunals.eu\/wp-content\/uploads\/2016\/10\/A.-Borovkovs-I.-Saul\u012bte-L.-Granti\u0146\u0161.PNG 273w, https:\/\/tautastribunals.eu\/wp-content\/uploads\/2016\/10\/A.-Borovkovs-I.-Saul\u012bte-L.-Granti\u0146\u0161-184x300.PNG 184w\" sizes=\"(max-width: 148px) 100vw, 148px\" \/><\/a><span style=\"color: #ff0000;\">Nekas netiks atst\u0101ts neatriebts<\/span><\/span><\/strong><span style=\"color: #ff0000;\"> un <strong>\u201cnesamaks\u0101ts\u201d<\/strong><\/span> !<\/p>\n<p><strong><span style=\"text-decoration: underline;\">K\u0101 j\u016bs noslepkavoj\u0101t<\/span><\/strong> <strong>Slapi\u0146u, Zvaigzni<\/strong> un <strong>Podnieku<\/strong> !<\/p>\n<p><strong><span style=\"text-decoration: underline;\">K\u0101 j\u016bs noslepkavoj\u0101t<\/span><\/strong> <strong>Berklavu, L\u0101mu, L\u012bgotni<\/strong> un <strong>Krami\u0146u <\/strong>!<\/p>\n<p><strong><span style=\"text-decoration: underline;\">K\u0101 j\u016bs noslepkavoj\u0101t<\/span><\/strong> ar\u012b salauztos vecos politieslodz\u012btos<strong> Gun\u0101ru Astru, Gun\u0101ru Freimani<\/strong> un <strong>Juri<\/strong> <strong>Ziemeli<\/strong>, vienk\u0101r\u0161i, lai vi\u0146i nep\u0101rdom\u0101tu.<\/p>\n<p><strong><span style=\"text-decoration: underline;\">K\u0101 j\u016bs esiet noslepkavoju\u0161i<\/span><\/strong> simtiem latvie\u0161u uz\u0146\u0113m\u0113jus !<\/p>\n<p><strong><span style=\"text-decoration: underline;\">Es visu atceros, Borovkov<\/span><\/strong>, pret\u012bgais karikat\u016br- \u017e\u012bda purns<em>(Nobela pr\u0113mijas laure\u0101ta Aleksandra Sol\u017ei\u0146\u012bcina leksik\u0101 run\u0101jot),<\/em> k\u0101d\u0101 tu eiforij\u0101 biji, kad <strong>mani arest\u0113ji par H- 86 dibin\u0101\u0161anu<\/strong> un p\u0113c tam iemeti <strong>\u0160\u0137irotavas nometn\u0113<\/strong> pie krievu krimin\u0101lelementiem, lai mani nosit !<\/p>\n<p><strong><span style=\"text-decoration: underline;\">Es visu atrceros, \u017e\u012bd Borovkov &amp; CO<\/span><\/strong>, k\u0101 mani p\u0113c tavas un tev pietuvin\u0101to pav\u0113les<em>(lau\u017eot kaulus un atpl\u0113\u0161ot nieres, iemet\u0101t mani RCC kamer\u0101 bez medic\u012bnisk\u0101s pal\u012bdz\u012bbas),<\/em> atkal grib\u0113j\u0101t piebeigt 2015. g. !<\/p>\n<p><strong><span style=\"text-decoration: underline;\">Es redz\u0113ju, \u017e\u012bd Borovkov,<\/span><\/strong> tavu un <strong>Gobzema<\/strong> parakstu zem k\u0101da dokumenta.<\/p>\n<h2><span style=\"color: #ff0000;\">Tas viss, Borovkov &amp; CO, tiks ATMAKS\u0100TS !!!<\/span><\/h2>\n<p>Kad es piesaucu komunista, <strong>KGB<\/strong>ista, latvie\u0161u tautas slepkavas <strong>Borovkova <\/strong>v\u0101rdu, ir j\u0101saprot visi <strong>4. maija kli\u0137es paraz\u012bt elementi<\/strong>, s\u0101kot no <span style=\"text-decoration: underline;\"><strong>In\u0101ras M\u016brnieces, J\u0101\u0146a Iesalnieka<\/strong> <\/span>un beidzot ar <span style=\"color: #000000;\"><span style=\"text-decoration: underline;\"><strong>Ivara Godma\u0146a, Anatolija Gorbunova, J\u0101\u0146a Urbanovi\u010da<\/strong><\/span> <\/span>un<span style=\"text-decoration: underline;\"> <strong>simtiem citu s\u0101tanistu<\/strong><\/span>.<\/p>\n<p><a href=\"http:\/\/tautastribunals.eu\/wp-content\/uploads\/2016\/10\/\u0122edrts-Melngailis.LRTT.M\u016brnieceGranti\u0146\u0161.PNG\"><img decoding=\"async\" loading=\"lazy\" class=\"alignleft size-full wp-image-34990\" title=\"\u0122edrts Melngailis.LRTT.M\u016brniece,Granti\u0146\u0161\" src=\"http:\/\/tautastribunals.eu\/wp-content\/uploads\/2016\/10\/\u0122edrts-Melngailis.LRTT.M\u016brnieceGranti\u0146\u0161.PNG\" alt=\"\u0122edrts Melngailis.LRTT.M\u016brniece,Granti\u0146\u0161\" width=\"355\" height=\"173\" \/><\/a><span style=\"text-decoration: underline;\"><strong>-Vai tu, latviet,<\/strong><\/span> var\u0113tu iedom\u0101ties situ\u0101ciju,<span style=\"text-decoration: underline;\"><span style=\"color: #ff0000;\"> ja<strong> Latvija<\/strong> b\u016btu latvie\u0161u rok\u0101s<\/span><\/span>, tad t\u0101ds cilv\u0113ks k\u0101<strong> \u0122ederts Melngailis<\/strong> \u0161odien dz\u012bvotu tot\u0101l\u0101 nabadz\u012bb\u0101 un piedev\u0101m v\u0113l pasac\u012bts, ka <strong>Padomju laik\u0101<\/strong> vi\u0146\u0161 esot <strong>likum\u012bgi un tiesiski iespund\u0113ts psihiatriskaj\u0101 iest\u0101d\u0113 ???<\/strong> <strong>!!!<\/strong><\/p>\n<p><strong>-Vai tu, latviet,<\/strong> var\u0113tu iedom\u0101ties,<span style=\"text-decoration: underline;\"><span style=\"color: #ff0000;\">ja<strong> Latvija<\/strong> b\u016btu latvie\u0161u rok\u0101s,<\/span><\/span> ka <strong><span style=\"text-decoration: underline;\">t\u0101ds v\u012brs k\u0101 \u0100rijs Tomsons<\/span><\/strong> nomirtu <strong>piln\u012bg\u0101 nabadz\u012bb\u0101<\/strong> ?!<\/p>\n<p>Vai tai pa\u0161ai <strong>In\u0101rai M\u016brniecei<\/strong> un <strong>Gaidim B\u0113rzi\u0146am<\/strong>(<em>b\u0113rzi\u0146\u0161, t\u0101pat k\u0101 segli\u0146\u0161, ir Liep\u0101jas mafijas klana p\u0101rst\u0101vis<\/em>), kuri tik gudri \u017evadz\u0113ja kameras priek\u0161\u0101, nebija pien\u0101kums <strong>\u0122ederta Melngai\u013ca \u201clietu\u201d<\/strong> <strong><span style=\"text-decoration: underline;\">izskat\u012bt \u0101rk\u0101rtas Saeimas s\u0113d\u0113<\/span><\/strong> ?<\/p>\n<p>Vai <strong>\u0122edertam Melngailim<\/strong><em>(un visiem p\u0101r\u0113jiem disidentiem),<\/em> par vis\u0101m cie\u0161an\u0101m, kuras ir piedz\u012bvojis c\u012bnoties par latvie\u0161u tautas br\u012bv\u012bbu, nepien\u0101ktos pensija divu <strong>M\u016brnieces <\/strong>vai<strong> B\u0113rzi\u0146a<\/strong> m\u0113ne\u0161algu apm\u0113r\u0101, piekl\u0101j\u012bgs dz\u012bvoklis ar vis\u0101m \u0113rt\u012bb\u0101m un inval\u012bda motoriz\u0113ts p\u0101rvieto\u0161an\u0101s l\u012bdzeklis ?<\/p>\n<p>Bet n\u0113, \u0161ie <strong>Saeimas krop\u013ci<\/strong> pa\u0161i dz\u012bvo k\u0101 <strong>\u201cnieres pa taukiem\u201d<\/strong> un uz latvie\u0161u tautu vi\u0146i uzsp\u013cauj, \u0161ie <strong>\u201cci\u0101nas protokolu\u201d <\/strong>\u012bstenot\u0101ji, jo neviens no vi\u0146iem nav latvietis.<\/p>\n<p>Un t\u0101p\u0113c es, <strong>Linards Granti\u0146\u0161- Helsinki 86 dibin\u0101t\u0101js<\/strong> un akt\u012bv\u0101s <strong>Atmodas aizs\u0101c\u0113js<\/strong>:<span style=\"color: #ff0000;\"> \u201cNol\u0101du j\u016bs<em>(visus biju\u0161os un eso\u0161os deput\u0101tus, visus tos, kuri sa\u0146em nepeln\u012bti lielas algas un valsts izzadz\u0113jus- miljon\u0101rus) <\/em>un j\u016bsu dzimtas <strong>T\u0100 KUNGA V\u0100RD\u0100<\/strong>, jo <strong><span style=\"text-decoration: underline;\">esat manas tautas bendes<\/span><\/strong>, j\u016bs esat no sava <strong>t\u0113va \u2013 velna,<\/strong> un jums gribas piepild\u012bt sava t\u0113va k\u0101r\u012bbas. Vi\u0146\u0161 no pa\u0161a s\u0101kuma ir bijis <strong>slepkava <\/strong>un <strong>nest\u0101v paties\u012bb\u0101<\/strong>, jo <strong>paties\u012bbas nav vi\u0146\u0101<\/strong>.\u201c<\/span><\/p>\n<h2>Dievs, lai notiek Tavs pr\u0101ts k\u0101 debes\u012bs, t\u0101 ar\u012b virs zemes !!!<\/h2>\n<p>28.10.16\u00a0\u00a0\u00a0\u00a0\u00a0\u00a0 L. Granti\u0146\u0161<\/p>\n<p><span style=\"text-decoration: underline;\">===========================================================================<\/span><\/p>\n<h2><span style=\"color: #008000;\">Valdis Freimant\u0101ls:<br \/>\n<\/span><\/h2>\n<p><span style=\"color: #008000;\"><strong><a href=\"http:\/\/tautastribunals.eu\/wp-content\/uploads\/2016\/10\/Valdis-Freimant\u0101ls2113.JPG\"><img decoding=\"async\" loading=\"lazy\" class=\"alignleft size-full wp-image-35019\" title=\"Valdis-Freimant\u0101ls211\" src=\"http:\/\/tautastribunals.eu\/wp-content\/uploads\/2016\/10\/Valdis-Freimant\u0101ls2113.JPG\" alt=\"Valdis-Freimant\u0101ls211\" width=\"94\" height=\"130\" \/><\/a>\u0122ederts Melngailis<\/strong> bija likum\u012bgi atjaunotas <strong>R\u012bgas Latvie\u0161u Biedr\u012bbas biedrs<\/strong> !<\/span><\/p>\n<p><span style=\"color: #008000;\"> <\/span><\/p>\n<p><span style=\"color: #008000;\">M\u0113s kop\u0101 <strong>M\u0101mu\u013c\u0101 <\/strong>dar\u012bj\u0101m savu sirdsapzi\u0146as darbu l\u012bdz 1993.gada 18.febru\u0101ra naktij, kad sarkanie <strong>T E R O R I S T I<\/strong> iebruka un <strong>IZN\u012aCIN\u0100JA<\/strong> visus atjaunot\u0101s <strong>R\u012bgas Latvie\u0161u Biedr\u012bbas<\/strong> dokumentus!<em>(ap 4 000 arh\u012bva vien\u012bbas). <\/em><\/span><\/p>\n<p><span style=\"color: #008000;\">Izsita un iz\u0161\u0101va<strong> M\u0101mu\u013cu<\/strong> tuk\u0161u, iedibinot <strong>\u010cEKISTU<\/strong> un <strong>KOMUNISTU <\/strong>viltus biedr\u012bbu. Vi\u0146i aizliedza<strong> RLB<\/strong> likum\u012bgos 1938.gada stat\u016btus un p\u0101rtrauca tautas sabiedrisko darb\u012bbu <strong>M\u0101mu\u013c\u0101<\/strong>!<\/span><\/p>\n<p><span style=\"color: #008000;\"> <\/span><\/p>\n<p><span style=\"color: #008000;\">\u0122ederts bija iev\u0113l\u0113ts <strong>Biedr\u012bbas <\/strong>augstaj\u0101 runasv\u012bru \u2013 deleg\u0101ta amat\u0101 un to godam pild\u012bja! 36 runasv\u012bri deleg\u0101ti bija <strong>R\u012bgas Latvie\u0161u Biedr\u012bbas K O L E K T \u012a V \u0100<\/strong> vad\u012bba.<\/span><\/p>\n<p><span style=\"color: #008000;\"> <\/span><\/p>\n<p><span style=\"color: #008000;\">Akt\u012bvs un nenogurdin\u0101ms paties\u012bbas aizst\u0101vis! <em>(Vi\u0146u vairs neielaida M\u0101mu\u013c\u0101 pild\u012bt savus pien\u0101kumus p\u0113c 1993.gada 18. febru\u0101ra \u201c\u0160AUSMU NAKTS\u201d!).<\/em><\/span><\/p>\n<p><span style=\"color: #008000;\"> <\/span><\/p>\n<p><span style=\"color: #008000;\">\u0122edertu tas \u0161ok\u0113ja un skumdin\u0101ja visdzi\u013c\u0101kaj\u0101 m\u0113r\u0101 !<\/span><\/p>\n<p><span style=\"color: #008000;\"> <\/span><\/p>\n<p><span style=\"color: #008000;\">Pat cietum\u0101 pavad\u012btie gadi nebija tik <strong>M O K O \u0160 I<\/strong> k\u0101 4. maija vilt\u012bg\u0101 re\u017e\u012bma visaptvero\u0161\u0101 pretlatvisk\u0101 <strong>H I S T \u0112 R I J A<\/strong> 1993.gad\u0101.<\/span><\/p>\n<p><span style=\"color: #008000;\"> <\/span><\/p>\n<p><span style=\"color: #008000;\">Nobiju\u0161ies, ka <strong>R\u012bgas Latvie\u0161u Biedr\u012bb\u0101<\/strong> tauta apzin\u0101s savu sp\u0113ku un savas <strong>T I E S \u012a B A S<\/strong>, komunisti p\u0101rtrauca likum\u012bg\u0101s <strong>R\u012bgas Latvie\u0161u Biedr\u012bbas<\/strong> darb\u012bbu viscinisk\u0101kaj\u0101 veid\u0101!<\/span><\/p>\n<p><span style=\"color: #008000;\"> <\/span><\/p>\n<p><span style=\"color: #008000;\"><strong>\u0122edertam<\/strong> nekad nav devu\u0161i v\u0101rdu masu inform\u0101cijas l\u012bdzek\u013cos !<\/span><\/p>\n<p><span style=\"color: #008000;\"> <\/span><\/p>\n<p><span style=\"color: #008000;\">Visa tauta gaida <strong>\u0122EDERETA MELNGAI\u013bA<\/strong> runu \u2013 paties\u012bbas un latvisk\u0101s sirdsapzi\u0146as runu !<\/span><\/p>\n<p><a href=\"http:\/\/tautastribunals.eu\/wp-content\/uploads\/2016\/10\/MIGLA-SARKAN\u0100-NOL\u0100D\u0112T\u0100REINIKS\u0100BOLTI\u0145A2.PNG\"><img decoding=\"async\" loading=\"lazy\" class=\"alignleft size-full wp-image-35007\" title=\"MIGLA SARKAN\u0100- NOL\u0100D\u0112T\u0100,REINIKS,\u0100BOLTI\u0145A\" src=\"http:\/\/tautastribunals.eu\/wp-content\/uploads\/2016\/10\/MIGLA-SARKAN\u0100-NOL\u0100D\u0112T\u0100REINIKS\u0100BOLTI\u0145A2.PNG\" alt=\"MIGLA SARKAN\u0100- NOL\u0100D\u0112T\u0100,REINIKS,\u0100BOLTI\u0145A\" width=\"630\" height=\"53\" srcset=\"https:\/\/tautastribunals.eu\/wp-content\/uploads\/2016\/10\/MIGLA-SARKAN\u0100-NOL\u0100D\u0112T\u0100REINIKS\u0100BOLTI\u0145A2.PNG 986w, https:\/\/tautastribunals.eu\/wp-content\/uploads\/2016\/10\/MIGLA-SARKAN\u0100-NOL\u0100D\u0112T\u0100REINIKS\u0100BOLTI\u0145A2-300x25.PNG 300w, https:\/\/tautastribunals.eu\/wp-content\/uploads\/2016\/10\/MIGLA-SARKAN\u0100-NOL\u0100D\u0112T\u0100REINIKS\u0100BOLTI\u0145A2-800x68.PNG 800w\" sizes=\"(max-width: 630px) 100vw, 630px\" \/><\/a><a href=\"http:\/\/tautastribunals.eu\/wp-content\/uploads\/2016\/10\/Raimonds-Bermanis-L.-Granti\u0146\u0161-LRTT-Muzikante-L\u012bga..jpg\"><img decoding=\"async\" loading=\"lazy\" class=\"alignleft size-full wp-image-35008\" title=\"Raimonds Bermanis, L. Granti\u0146\u0161, LRTT, Muzikante L\u012bga.\" src=\"http:\/\/tautastribunals.eu\/wp-content\/uploads\/2016\/10\/Raimonds-Bermanis-L.-Granti\u0146\u0161-LRTT-Muzikante-L\u012bga..jpg\" alt=\"Raimonds Bermanis, L. Granti\u0146\u0161, LRTT, Muzikante L\u012bga.\" width=\"628\" height=\"175\" srcset=\"https:\/\/tautastribunals.eu\/wp-content\/uploads\/2016\/10\/Raimonds-Bermanis-L.-Granti\u0146\u0161-LRTT-Muzikante-L\u012bga..jpg 609w, https:\/\/tautastribunals.eu\/wp-content\/uploads\/2016\/10\/Raimonds-Bermanis-L.-Granti\u0146\u0161-LRTT-Muzikante-L\u012bga.-300x83.jpg 300w\" sizes=\"(max-width: 628px) 100vw, 628px\" \/><\/a><span style=\"color: #ff0000;\">&#8220;Vien\u012bgais komunik\u0101cijas veids, kuru Krievija saprot un \u0146em v\u0113r\u0101, ir sp\u0113ks, t\u0101d\u0113\u013c NATO ir j\u0101b\u016bt stiprai un tas j\u0101par\u0101da, atkl\u0101jot starptautisko dro\u0161\u012bbas un \u0101rpolitikas forumu \u00abR\u012bgas Konference 2016\u00bb, <strong><span style=\"text-decoration: underline;\">sac\u012bja aizsardz\u012bbas ministrs Raimonds Bergmanis.&#8221;<\/span><\/strong><\/span><\/p>\n<p><span style=\"text-decoration: underline;\">===========================================================================<\/span><\/p>\n<p>Ko m\u0113s \u0161odien dar\u012btu, ja mums neb\u016btu tik vieds \u0101sardz\u012bbas minist\u0113rs k\u0101 <strong>R. Bergma\u0146i-kos<\/strong> ? Dro\u0161i vien no <strong>NATO<\/strong> tiktu padz\u012bti. Bet redz, <strong>9. maija v\u0101rd\u0101 nosaukt\u0101s pio\u0146\u0113ru vien\u012bbas<\/strong> biju\u0161ais va\u017eaks saka, ka krievi tikai paz\u012bstot sp\u0113ku un vair\u0101k neko, tad tam j\u0101tic.<\/p>\n<p>L\u016bk, tagad, kad <strong>Bergma\u0146i-kos<\/strong> \u0161o stingr\u0101 slepen\u012bb\u0101 tur\u0113to nosl\u0113pumu atkl\u0101jis amerikosiem, vi\u0146i zina kas tagad j\u0101dara.<\/p>\n<p><strong>LRTT <\/strong>saka Begma\u0146ikosam lielu lielo paldiesu par \u0161o viedo zi\u0146u. Mums acis tika atv\u0113rtas un pr\u0101ts apskaidroj\u0101s\u2026 .<\/p>\n<p>Uz foto m\u016bsu di\u017eais minist\u0113rs, kur\u0161 par t\u0101du k\u013cuva ar <strong>Suharenko<\/strong> pal\u012bdz\u012bbu. Leposimies ar tautas lepnumu\u2026 . Vi\u0146\u0161 ar\u012b ieviesa jaunu trad\u012bciju, pie Br\u012bv\u012bbas pieminek\u013ca <strong>\u201ck\u0101tot\u201d<\/strong> krosen\u0113s.<\/p>\n<p>Un kas par smaidu m\u016bsu <strong>\u201cadmir\u0101lim\u201d<\/strong> !?<\/p>\n<p>T\u0101ds ir sastopams retajam, nu t\u0101diem, kuri b\u0113rn\u012bb\u0101 tr\u012bs reizes gais\u0101 sviesti, bet divas reizes no\u0137erti\u2026 .<\/p>\n<h2><span style=\"color: #ff0000;\">Lai dz\u012bvo Bergma\u0146i-kos, Krem\u013ca hemaro\u012bds\u00a0 !<\/span><\/h2>\n<p><span style=\"text-decoration: underline;\">==========================================================================<\/span><\/p>\n<h2><span style=\"color: #ff0000;\"><span style=\"color: #000000;\">LRTT maza piebilde:<\/span><\/span><\/h2>\n<p>Ja k\u0101dam liekas, ka \u0161aj\u0101 vietn\u0113 notiek nepiekl\u0101j\u012bga lam\u0101\u0161an\u0101s, tad t\u0101ds \u013coti maldas. \u0160aj\u0101<strong> i- vietn\u0113<\/strong> katrs tiek d\u0113v\u0113ts p\u0113c vi\u0146a <strong>&#8220;iek\u0161\u0113j\u0101 satura&#8221;,<\/strong> proti, p\u0113c vi\u0146a darbiem un <strong><span style=\"text-decoration: underline;\">hierarhisko pak\u0101pi gar\u012bgaj\u0101 pasaul\u0113<\/span><\/strong>.<\/p>\n<p>Uz k\u0101das pak\u0101pes atrodas t\u0101ds<strong> BERGMANIS<\/strong> vai <strong>GODMANIS<\/strong>, dom\u0101ju, ka paskaidrot nevajag. Tad, kad jebkur\u0161 no mums vi\u0146iem dzirdot s\u0101ks run\u0101t p\u0113c <strong><span style=\"text-decoration: underline;\">lietu b\u016bt\u012bbas<\/span><\/strong> par \u0161iem no\u017e\u0113lojamiem izk\u0101rn\u012bjumiem, vi\u0146i vienk\u0101r\u0161i izplien\u0113s<em>(izgais\u012bs)<\/em> k\u0101 r\u012bta rasa spo\u017eajos saules staros.<\/p>\n<p>Tas ir vienk\u0101r\u0161i realiz\u0113jams: <strong>Kad k\u0101ds no \u0161iem m\u0113sliem run\u0101, pasmaidi, pagriezies un aizej. Tas b\u016bs sitiens \u0161im \u201cs\u016bdam\u201d tie\u0161i pa nodev\u012bgaj\u0101m j\u016bdasa smadzen\u0113m, ne maz\u0101ks k\u0101 lode pier\u0113\u2026 .<\/strong><\/p>\n<p>Kam\u0113r tu vi\u0146iem klan\u012bsies, vi\u0146i tevi <strong>\u201cdr\u0101z\u012bs\u201d<\/strong>\u2026 .<\/p>\n<p>Padom\u0101 par saviem b\u0113rniem un vi\u0146u n\u0101kotni\u2026 .<\/p>\n<p>Ne\u017e\u0113lo \u0161os krop\u013cus, vi\u0146i nav to v\u0113rti.<\/p>\n<p>Vi\u0146i nav pat dz\u012bvnieki.<\/p>\n<p>Vi\u0146i ir s\u0101taniski paraz\u012bti\u2026 .<\/p>\n<h2><span style=\"color: #ff0000;\">Paskaties uz &#8220;saimistiem&#8221;, vi\u0146i visi ir s\u0101tanisk\u0101s pasaules paraz\u012bti.<\/span><\/h2>\n<p><a href=\"http:\/\/tautastribunals.eu\/wp-content\/uploads\/2016\/10\/4.-Saeima-Granti\u0146\u0161-M\u016brniece-Urbanovi\u010dsKaimi\u0146\u0161.1.png\"><img decoding=\"async\" loading=\"lazy\" class=\"alignleft size-full wp-image-35025\" title=\"4.-Saeima-Granti\u0146\u0161-M\u016brniece-Urbanovi\u010dsKaimi\u0146\u0161.1\" src=\"http:\/\/tautastribunals.eu\/wp-content\/uploads\/2016\/10\/4.-Saeima-Granti\u0146\u0161-M\u016brniece-Urbanovi\u010dsKaimi\u0146\u0161.1.png\" alt=\"4.-Saeima-Granti\u0146\u0161-M\u016brniece-Urbanovi\u010dsKaimi\u0146\u0161.1\" width=\"625\" height=\"227\" srcset=\"https:\/\/tautastribunals.eu\/wp-content\/uploads\/2016\/10\/4.-Saeima-Granti\u0146\u0161-M\u016brniece-Urbanovi\u010dsKaimi\u0146\u0161.1.png 800w, https:\/\/tautastribunals.eu\/wp-content\/uploads\/2016\/10\/4.-Saeima-Granti\u0146\u0161-M\u016brniece-Urbanovi\u010dsKaimi\u0146\u0161.1-300x108.png 300w\" sizes=\"(max-width: 625px) 100vw, 625px\" \/><\/a><\/p>\n","protected":false},"excerpt":{"rendered":"<p>L\u016bk, latviet, \u0161ai kriev\u017e\u012bdu Krem\u013ca bandai kalpo, visi bez iz\u0146\u0113muma, Saeimas kangari, bet ne latvie\u0161u tautai !!! http:\/\/tvplay.skaties.lv\/parraides\/neka-personiga\/766804?autostart=true P\u0101rdomas par s\u0101tanismu un \u0122ederta Melngai\u013ca \u201clietu\u201d ! S\u0101tanisms ir viss tas, kas saist\u012bts ar meliem.&#46;&#46;&#46;<\/p>\n","protected":false},"author":1,"featured_media":0,"comment_status":"open","ping_status":"open","sticky":false,"template":"","format":"standard","meta":[],"categories":[1],"tags":[],"_links":{"self":[{"href":"https:\/\/tautastribunals.eu\/index.php?rest_route=\/wp\/v2\/posts\/34986"}],"collection":[{"href":"https:\/\/tautastribunals.eu\/index.php?rest_route=\/wp\/v2\/posts"}],"about":[{"href":"https:\/\/tautastribunals.eu\/index.php?rest_route=\/wp\/v2\/types\/post"}],"author":[{"embeddable":true,"href":"https:\/\/tautastribunals.eu\/index.php?rest_route=\/wp\/v2\/users\/1"}],"replies":[{"embeddable":true,"href":"https:\/\/tautastribunals.eu\/index.php?rest_route=%2Fwp%2Fv2%2Fcomments&post=34986"}],"version-history":[{"count":33,"href":"https:\/\/tautastribunals.eu\/index.php?rest_route=\/wp\/v2\/posts\/34986\/revisions"}],"predecessor-version":[{"id":35006,"href":"https:\/\/tautastribunals.eu\/index.php?rest_route=\/wp\/v2\/posts\/34986\/revisions\/35006"}],"wp:attachment":[{"href":"https:\/\/tautastribunals.eu\/index.php?rest_route=%2Fwp%2Fv2%2Fmedia&parent=34986"}],"wp:term":[{"taxonomy":"category","embeddable":true,"href":"https:\/\/tautastribunals.eu\/index.php?rest_route=%2Fwp%2Fv2%2Fcategories&post=34986"},{"taxonomy":"post_tag","embeddable":true,"href":"https:\/\/tautastribunals.eu\/index.php?rest_route=%2Fwp%2Fv2%2Ftags&post=34986"}],"curies":[{"name":"wp","href":"https:\/\/api.w.org\/{rel}","templated":true}]}}