{"id":34503,"date":"2016-09-21T08:57:37","date_gmt":"2016-09-21T05:57:37","guid":{"rendered":"http:\/\/tautastribunals.eu\/?p=34503"},"modified":"2016-09-21T09:19:04","modified_gmt":"2016-09-21T06:19:04","slug":"par-parazit-kantori-knabu","status":"publish","type":"post","link":"https:\/\/tautastribunals.eu\/?p=34503","title":{"rendered":"Par paraz\u012bt-kantori KNABu"},"content":{"rendered":"<h1><a href=\"http:\/\/www.delfi.lv\/news\/national\/politics\/par-knab-prieksnieka-amatu-cinisies-10-kandidati.d?id=47923047\">Par KNAB priek\u0161nieka amatu c\u012bn\u012bsies 10 kandid\u0101ti<\/a><\/h1>\n<p><span style=\"color: #000000;\"><a href=\"http:\/\/tautastribunals.eu\/wp-content\/uploads\/2016\/09\/Kremlis.Maiz\u012btisMe\u017eviets-Borovkovs.LRTT.PNG\"><img decoding=\"async\" loading=\"lazy\" class=\"alignleft size-full wp-image-34527\" title=\"Kremlis.Maiz\u012btis,Me\u017eviets, Borovkovs.LRTT\" src=\"http:\/\/tautastribunals.eu\/wp-content\/uploads\/2016\/09\/Kremlis.Maiz\u012btisMe\u017eviets-Borovkovs.LRTT.PNG\" alt=\"Kremlis.Maiz\u012btis,Me\u017eviets, Borovkovs.LRTT\" width=\"633\" height=\"377\" srcset=\"https:\/\/tautastribunals.eu\/wp-content\/uploads\/2016\/09\/Kremlis.Maiz\u012btisMe\u017eviets-Borovkovs.LRTT.PNG 477w, https:\/\/tautastribunals.eu\/wp-content\/uploads\/2016\/09\/Kremlis.Maiz\u012btisMe\u017eviets-Borovkovs.LRTT-300x178.PNG 300w\" sizes=\"(max-width: 633px) 100vw, 633px\" \/><\/a>KNAB priek\u0161nieka amata pretendentu atlasi veic komisija, kuru vada Valsts kancelejas direktors. Komisijas sast\u0101v\u0101 ir <span style=\"text-decoration: underline;\"><strong>\u0123ener\u0101lprokurors<\/strong><\/span>, <span style=\"text-decoration: underline;\"><strong>Satversmes aizsardz\u012bbas biroja direktors <\/strong><\/span>un <span style=\"text-decoration: underline;\"><strong>Dro\u0161\u012bbas policijas priek\u0161nieks<\/strong><\/span>, k\u0101 ar\u012b pretendentu atlas\u0113 ar padomdev\u0113ja ties\u012bb\u0101m piedal\u0101s ne vair\u0101k k\u0101 tr\u012bs Sabiedriski konsultat\u012bv\u0101s padomes pilnvaroti p\u0101rst\u0101vji.<\/span><\/p>\n<p><span style=\"color: #000000;\"> <\/span><\/p>\n<p><span style=\"color: #000000;\"> <\/span><\/p>\n<p><span style=\"color: #000000;\"> <\/span><\/p>\n<p><span style=\"color: #000000;\">Zi\u0146ots, ka KNAB priek\u0161nieku Jaroslavu Stre\u013c\u010denoku Saeima iec\u0113la amat\u0101 2011. gada 17. novembr\u012b. KNAB likums paredz, ka biroja priek\u0161nieku iece\u013c amat\u0101 uz pieciem gadiem, k\u0101 ar\u012b no amata atbr\u012bvo Saeima p\u0113c Ministru kabineta ieteikuma.<\/span><\/p>\n<p><a href=\"http:\/\/tautastribunals.eu\/wp-content\/uploads\/2016\/09\/Za\u013c\u0161-tautastribunals.eu41.png\"><img decoding=\"async\" loading=\"lazy\" class=\"alignleft size-full wp-image-34504\" title=\"Za\u013c\u0161-tautastribunals.eu4\" src=\"http:\/\/tautastribunals.eu\/wp-content\/uploads\/2016\/09\/Za\u013c\u0161-tautastribunals.eu41.png\" alt=\"Za\u013c\u0161-tautastribunals.eu4\" width=\"636\" height=\"89\" srcset=\"https:\/\/tautastribunals.eu\/wp-content\/uploads\/2016\/09\/Za\u013c\u0161-tautastribunals.eu41.png 950w, https:\/\/tautastribunals.eu\/wp-content\/uploads\/2016\/09\/Za\u013c\u0161-tautastribunals.eu41-300x42.png 300w, https:\/\/tautastribunals.eu\/wp-content\/uploads\/2016\/09\/Za\u013c\u0161-tautastribunals.eu41-800x112.png 800w\" sizes=\"(max-width: 636px) 100vw, 636px\" \/><\/a><span style=\"color: #003300;\">Patreiz\u0113j\u0101<strong> KNAB<\/strong> priek\u0161nieka baltkrieva <strong>J. Strel\u010denoka <\/strong>laiks esot <strong>\u201ciztec\u0113jis\u201d <\/strong>un esot j\u0101s\u0101k viss no gala, j\u0101mekl\u0113 atkal k\u0101ds paraz\u012btisks elements, kur\u0161 vad\u012bs \u0161o nu piln\u012bgi nekam nevajadz\u012bgo- paraz\u012btisko organiz\u0101ciju.<strong> Paraz\u012btiska<\/strong> vi\u0146a, protams, ir no tautas viedok\u013ca, jo piln\u012bgi neko, iz\u0146emot iek\u0161\u0113jos str\u012bdus, t\u0101 nav paveikusi.<\/span><\/p>\n<p><span style=\"color: #003300;\"> <\/span><\/p>\n<p><span style=\"color: #003300;\">Toties, ja m\u0113s skat\u0101mies no valsts izzadz\u0113ju un<strong> Krem\u013ca kolaboracionistu <\/strong>viedok\u013ca, <strong>KNAB<\/strong>s ir<strong> \u201csav\u0101 viet\u0101 un sav\u0101 laik\u0101\u201d <\/strong>! Ar \u0161\u012bs paraz\u012bt- organiz\u0101cijas pal\u012bdz\u012bbu var veikt vis\u0101das tautu maldino\u0161us af\u0113ras- grandiozu valsts izlaup\u012b\u0161anu un <strong>politmafijas ietekmes zonas<\/strong> dal\u012b\u0161anu\/p\u0101rdal\u012b\u0161anu.<\/span><\/p>\n<p><span style=\"color: #003300;\"> <\/span><\/p>\n<p><span style=\"color: #003300;\">Cik var\u0113ja noprast, tad <strong>J. Sr\u012b\u0137e Latvijas valsts <\/strong>izzadz\u0113jiem bija pamat\u012bgs maiseklis.<\/span><\/p>\n<p><span style=\"color: #003300;\"> <\/span><\/p>\n<p><span style=\"color: #003300;\">Ja m\u0113s las\u0101m, ka viens no pretendentiem jaunajam amatu periodam ir <strong>Rihards Bunka<\/strong><em>(nelatvietis- kriev\u017e\u012bds, Ivara Godma\u0146a miesassargu bandas f\u012brera komunista un KGBista Andra Bunkas aud\u017eud\u0113ls),<\/em> tad \u0161ermu\u013ci skrien pa \u0101du.<\/span><\/p>\n<p><span style=\"color: #003300;\"> <\/span><\/p>\n<p><span style=\"color: #ff0000;\"><strong>Rihards Bunka<\/strong> ir <strong><span style=\"text-decoration: underline;\">vis\u012bst\u0101kais slepkava<\/span><\/strong>, <strong><span style=\"text-decoration: underline;\">Maskavas apmaks<\/span><\/strong><a href=\"http:\/\/tautastribunals.eu\/wp-content\/uploads\/2016\/09\/Me\u017evietsKalnmeiers-Maiz\u012btisBorovkovs-LRTT-Granti\u0146\u0161.png\"><img decoding=\"async\" loading=\"lazy\" class=\"alignleft size-full wp-image-34507\" title=\"Me\u017eviets,Kalnmeiers, Maiz\u012btis,Borovkovs, LRTT, Granti\u0146\u0161\" src=\"http:\/\/tautastribunals.eu\/wp-content\/uploads\/2016\/09\/Me\u017evietsKalnmeiers-Maiz\u012btisBorovkovs-LRTT-Granti\u0146\u0161.png\" alt=\"Me\u017eviets,Kalnmeiers, Maiz\u012btis,Borovkovs, LRTT, Granti\u0146\u0161\" width=\"434\" height=\"344\" \/><\/a><strong><span style=\"text-decoration: underline;\">\u0101ts un kori\u0123\u0113ts provokators<\/span><\/strong>. <\/span><\/p>\n<p><span style=\"color: #003300;\">Vi\u0146\u0161 ir t\u0101 saucam\u0101 <strong>\u201capkalpojo\u0161\u0101 person\u0101la\u201d<\/strong> vad\u012bt\u0101js.<\/span><\/p>\n<p><span style=\"color: #003300;\"> <\/span><\/p>\n<p><span style=\"color: #003300;\">\u0160is <strong>\u201capkalpojo\u0161ais person\u0101ls\u201d <\/strong>nodarbojas ar nepak\u013c\u0101v\u012bgo <strong>\u201celementu\u201d<\/strong> aizraid\u012b\u0161anu pa <strong>\u201cskuju taku\u201d. <\/strong>\u0160im de\u0123ener\u0101tam nek\u0101da tiesa p\u0113c<strong> Tiesiskuma atjauno\u0161anas Latvij\u0101 <\/strong>nav un ar\u012b neb\u016bs vajadz\u012bga: arest\u0113jams, <strong>\u201cizvelkama\u201d<\/strong> inform\u0101cija, piln\u012bga mantas konfisk\u0101cija un tai pa\u0161\u0101 dien\u0101 izpild\u0101ms <strong>ASM<\/strong>. <strong>R\u012bgas CT<\/strong> vi\u0146a biju\u0161aj\u0101 kabinet\u0101 v\u0113l \u0161odien, iesp\u0113jams, kar\u0101j\u0101s <strong>Feliksa Dzer\u017einska <\/strong>portrets. Vi\u0146\u0161 bija viens no mana zv\u0113risk\u0101 aresta organiz\u0113t\u0101jiem un t\u0101l\u0101ko eksek\u016bciju veic\u0113jiem.<\/span><\/p>\n<p><span style=\"color: #003300;\"> <\/span><\/p>\n<p><span style=\"color: #003300;\">Uz foto m\u0113s redzam ar\u012b \u017e\u012bdu, komunistu, <strong>KGB<\/strong> biju\u0161o oficieri <strong>Aivaru Borovkovu<\/strong><em> (dro\u0161i vien <strong>&#8220;k\u0101ds&#8221; <\/strong>\u0161o noform\u0113jis k\u0101: Sabiedriski konsultat\u012bv\u0101s padomes pilnvaroto p\u0101rst\u0101vi- viem\u0113r visur- eso\u0161ais \u017e\u012bds)<\/em>.<\/span><\/p>\n<p><span style=\"color: #003300;\"> <\/span><\/p>\n<p><span style=\"color: #003300;\">\u0160is kriev\u017e\u012bdiskais de\u0123ener\u0101tas piedal\u012bj\u0101s man\u0101 arest\u0101 par <strong>H- 86 grupas dibin\u0101\u0161anu<\/strong>. Ar\u012b vi\u0146\u0161 pag\u0101ju\u0161aj\u0101 vasar\u0101 akt\u012bvi, t\u0101pat k\u0101<strong> Bunka<\/strong>, piedal\u012bj\u0101s man\u0101 arest\u0101. <strong> <\/strong><\/span><\/p>\n<p><span style=\"color: #003300;\"><strong>1987. gad\u0101,<\/strong> kad mani arest\u0113ja par<strong> 14. j\u016bnija demonstr\u0101cijas <\/strong>organiz\u0113\u0161anu un ieslodz\u012bja <strong>\u0160\u0137irotavas nometn\u0113<\/strong>, vi\u0146\u0161 bija tas, kur\u0161 pav\u0113l\u0113ja mani likvid\u0113t.<\/span><\/p>\n<p><span style=\"color: #003300;\"> <\/span><\/p>\n<h2><span style=\"color: #003300;\">Vi\u0146\u0161(borovkovs) ir cilv\u0113ces padibene, kuru no\u0161autu person\u012bgi !!!<\/span><\/h2>\n<p><span style=\"color: #003300;\"> <\/span><\/p>\n<p><span style=\"color: #003300;\"><strong>Bezdv\u0113se\u013cu s\u0101tanisks izdzimums<\/strong>, kur\u0161 k\u0101 g\u013cota ir ies\u016bcies m\u016bsu tautas n\u0101v\u012bgi ievainotaj\u0101 mies\u0101. \u0160\u012b latviski run\u0101jo\u0161\u0101 kriev\u017e\u012bda<em>(kur\u0161 apzogot valsti un tautu \u0161odien ir miljon\u0101rs) <\/em>zemiskums nav v\u0101rdos izsak\u0101ms. Kad pag\u0101ju\u0161aj\u0101 gad\u0101<em>(p\u0113c vi\u0146a un R Bunkas ieteikuma-pav\u0113les)<\/em> atrados apsists <strong>R\u012bgas Centr\u0101lcietum\u0101<\/strong>,<span style=\"color: #ff0000;\"> vi\u0146\u0161 <strong><span style=\"text-decoration: underline;\">draugi.lv <\/span><\/strong>pied\u0101v\u0101ja savu draudz\u012bbu man vistuv\u0101kajam cilv\u0113kam <\/span>!!!<\/span><\/p>\n<p><span style=\"color: #003300;\"> <\/span><\/p>\n<p><span style=\"color: #003300;\">L\u016bk, k\u0101ds ir \u0161\u012b s\u0101tanisk\u0101 \u017e\u012bda <strong>Borovkova <\/strong>cinisms un liekul\u012bba !!!<\/span><\/p>\n<p><span style=\"color: #003300;\"> <\/span><\/p>\n<p><span style=\"color: #003300;\">Cer\u0113sim, ka neviens no \u0161iem diviem civiliz\u0101cijas pabir\u0101m netiks apstiprin\u0101ts par nekam nevajadz\u012bg\u0101 un paraz\u012btisk\u0101 <strong>KNAB<\/strong>a<strong> \u201cna\u010da\u013c\u0146iku\u201d<em>(<\/em><\/strong><em>priek\u0161nieku). <\/em><\/span><\/p>\n<p><span style=\"color: #003300;\"> <\/span><\/p>\n<p><span style=\"color: #003300;\">Un, ja m\u0113s las\u0101m, ka pretendentu atlases komisija sast\u0101v no<strong> E. Kalnmeiera, J. Maiz\u012b\u0161a un R. Me\u017evieta<\/strong>, tad pasaule sagrie\u017eas ar k\u0101j\u0101m gais\u0101. <\/span><\/p>\n<p><span style=\"color: #003300;\">Visi ir vis\u012bst\u0101kie cionistu ielikte\u0146i-<strong> <span style=\"color: #ff0000;\">Maskavas cilv\u0113ki,<\/span><\/strong><span style=\"color: #ff0000;\"> <strong><span style=\"text-decoration: underline;\">Latvijas valsts un latvie\u0161u tautas bendes<\/span><\/strong><\/span>, kuri p\u0113c <strong>Tiesiskuma atjauno\u0161anas Latvij\u0101<\/strong> tiks pak\u0101rti starptautisk\u0101 ar\u0113na ar <strong>ANO <\/strong>mand\u0101tu kakl\u0101.<\/span><\/p>\n<p><span style=\"color: #003300;\"> <\/span><\/p>\n<p><span style=\"color: #003300;\">Par \u0161iem kroplajiem izdzimumiem <strong>LRTT i- vietne<\/strong> jau bag\u0101t\u012bgi ir inform\u0113jusi.<\/span><\/p>\n<p><span style=\"color: #003300;\"> <\/span><\/p>\n<h2><span style=\"color: #003300;\"><a href=\"http:\/\/tautastribunals.eu\/wp-content\/uploads\/2016\/09\/MIGLA-SARKAN\u0100-NOL\u0100D\u0112T\u0100REINIKS\u0100BOLTI\u0145A34.PNG\"><img decoding=\"async\" loading=\"lazy\" class=\"alignleft size-full wp-image-34518\" title=\"MIGLA-SARKAN\u0100-NOL\u0100D\u0112T\u0100REINIKS\u0100BOLTI\u0145A3\" src=\"http:\/\/tautastribunals.eu\/wp-content\/uploads\/2016\/09\/MIGLA-SARKAN\u0100-NOL\u0100D\u0112T\u0100REINIKS\u0100BOLTI\u0145A34.PNG\" alt=\"MIGLA-SARKAN\u0100-NOL\u0100D\u0112T\u0100REINIKS\u0100BOLTI\u0145A3\" width=\"640\" height=\"55\" srcset=\"https:\/\/tautastribunals.eu\/wp-content\/uploads\/2016\/09\/MIGLA-SARKAN\u0100-NOL\u0100D\u0112T\u0100REINIKS\u0100BOLTI\u0145A34.PNG 986w, https:\/\/tautastribunals.eu\/wp-content\/uploads\/2016\/09\/MIGLA-SARKAN\u0100-NOL\u0100D\u0112T\u0100REINIKS\u0100BOLTI\u0145A34-300x25.PNG 300w, https:\/\/tautastribunals.eu\/wp-content\/uploads\/2016\/09\/MIGLA-SARKAN\u0100-NOL\u0100D\u0112T\u0100REINIKS\u0100BOLTI\u0145A34-800x68.PNG 800w\" sizes=\"(max-width: 640px) 100vw, 640px\" \/><\/a>V\u0113sturnieks <strong>Indulis Ronis<\/strong> par noziedznieku <strong>J. Maiz\u012bti<\/strong>:<\/span><\/h2>\n<p><span style=\"color: #003300;\"> <\/span><\/p>\n<h2><span style=\"color: #003300;\"><a href=\"http:\/\/tautastribunals.eu\/?p=31702\">http:\/\/tautastribunals.eu\/?p=31702<\/a><\/span><\/h2>\n<p><span style=\"color: #003300;\"> <\/span><\/p>\n<h2><span style=\"color: #003300;\">Par noziedznieku<strong> E. Kalnmeieru<\/strong>:<\/span><\/h2>\n<p><span style=\"color: #003300;\"> <\/span><\/p>\n<h2><span style=\"color: #003300;\"><a href=\"http:\/\/tautastribunals.eu\/?p=30966\">http:\/\/tautastribunals.eu\/?p=30966<\/a><\/span><\/h2>\n<p><span style=\"color: #003300;\"> <\/span><\/p>\n<h2><span style=\"color: #003300;\">Par slepkavu<strong> R. Bunku:<\/strong><\/span><\/h2>\n<p><span style=\"color: #003300;\"> <\/span><\/p>\n<h2><span style=\"color: #003300;\"><a href=\"http:\/\/tautastribunals.eu\/?p=26950\">http:\/\/tautastribunals.eu\/?p=26950<\/a><\/span><\/h2>\n<p><span style=\"color: #003300;\"> <\/span><\/p>\n<p><span style=\"color: #003300;\">Dievs, jel pasargi m\u016bsu tautu no \u0161iem rept\u012b\u013cveid\u012bgaj\u0101m kreat\u016br\u0101m !<\/span><\/p>\n<p><span style=\"color: #003300;\"> <\/span><\/p>\n<p><span style=\"color: #003300;\"><strong>Dievs,<\/strong> lai notiek <strong>Tavs<\/strong> pr\u0101ts k\u0101 <strong>Debes\u012bs<\/strong> t\u0101 ar\u012b virs zemes !<br \/>\n<\/span><\/p>\n<p><span style=\"color: #003300;\"> <\/span><\/p>\n<p><span style=\"color: #003300;\">21.09.16.\u00a0\u00a0\u00a0\u00a0 L. Granti\u0146\u0161<\/span><\/p>\n","protected":false},"excerpt":{"rendered":"<p>Par KNAB priek\u0161nieka amatu c\u012bn\u012bsies 10 kandid\u0101ti KNAB priek\u0161nieka amata pretendentu atlasi veic komisija, kuru vada Valsts kancelejas direktors. Komisijas sast\u0101v\u0101 ir \u0123ener\u0101lprokurors, Satversmes aizsardz\u012bbas biroja direktors un Dro\u0161\u012bbas policijas priek\u0161nieks, k\u0101 ar\u012b pretendentu&#46;&#46;&#46;<\/p>\n","protected":false},"author":1,"featured_media":0,"comment_status":"open","ping_status":"open","sticky":false,"template":"","format":"standard","meta":[],"categories":[1],"tags":[],"_links":{"self":[{"href":"https:\/\/tautastribunals.eu\/index.php?rest_route=\/wp\/v2\/posts\/34503"}],"collection":[{"href":"https:\/\/tautastribunals.eu\/index.php?rest_route=\/wp\/v2\/posts"}],"about":[{"href":"https:\/\/tautastribunals.eu\/index.php?rest_route=\/wp\/v2\/types\/post"}],"author":[{"embeddable":true,"href":"https:\/\/tautastribunals.eu\/index.php?rest_route=\/wp\/v2\/users\/1"}],"replies":[{"embeddable":true,"href":"https:\/\/tautastribunals.eu\/index.php?rest_route=%2Fwp%2Fv2%2Fcomments&post=34503"}],"version-history":[{"count":35,"href":"https:\/\/tautastribunals.eu\/index.php?rest_route=\/wp\/v2\/posts\/34503\/revisions"}],"predecessor-version":[{"id":34536,"href":"https:\/\/tautastribunals.eu\/index.php?rest_route=\/wp\/v2\/posts\/34503\/revisions\/34536"}],"wp:attachment":[{"href":"https:\/\/tautastribunals.eu\/index.php?rest_route=%2Fwp%2Fv2%2Fmedia&parent=34503"}],"wp:term":[{"taxonomy":"category","embeddable":true,"href":"https:\/\/tautastribunals.eu\/index.php?rest_route=%2Fwp%2Fv2%2Fcategories&post=34503"},{"taxonomy":"post_tag","embeddable":true,"href":"https:\/\/tautastribunals.eu\/index.php?rest_route=%2Fwp%2Fv2%2Ftags&post=34503"}],"curies":[{"name":"wp","href":"https:\/\/api.w.org\/{rel}","templated":true}]}}