{"id":34086,"date":"2016-09-01T22:04:47","date_gmt":"2016-09-01T19:04:47","guid":{"rendered":"http:\/\/tautastribunals.eu\/?p=34086"},"modified":"2016-09-01T22:04:47","modified_gmt":"2016-09-01T19:04:47","slug":"seras-miris-pravests-andrejs-kavacis","status":"publish","type":"post","link":"https:\/\/tautastribunals.eu\/?p=34086","title":{"rendered":"S\u0113ras ! Miris pr\u0101vests Andrejs Kavacis"},"content":{"rendered":"<h2><span style=\"color: #008000;\">S\u0113ras ! <\/span><\/h2>\n<p><span style=\"color: #008000;\">Miris pr\u0101vests <strong>Andrejs Kavacis.<a href=\"http:\/\/tautastribunals.eu\/wp-content\/uploads\/2016\/09\/Andrejs-Kavacis-LELB-Latvija-Bazn\u012bca-LRTT.P\u0101vils-Br\u016bveris2.PNG\"><img decoding=\"async\" loading=\"lazy\" class=\"alignleft size-full wp-image-34087\" title=\"Andrejs-Kavacis-LELB-Latvija-Bazn\u012bca-LRTT.P\u0101vils-Br\u016bveris2\" src=\"http:\/\/tautastribunals.eu\/wp-content\/uploads\/2016\/09\/Andrejs-Kavacis-LELB-Latvija-Bazn\u012bca-LRTT.P\u0101vils-Br\u016bveris2.PNG\" alt=\"Andrejs-Kavacis-LELB-Latvija-Bazn\u012bca-LRTT.P\u0101vils-Br\u016bveris2\" width=\"145\" height=\"227\" \/><\/a><\/strong><\/span><\/p>\n<p><span style=\"color: #008000;\"> <\/span><\/p>\n<p><span style=\"color: #008000;\"><strong>Andrejs Kavacis<\/strong> bija <strong><span style=\"text-decoration: underline;\">Latvijas un latvie\u0161u tautas patriots<\/span><\/strong> &#8211; v\u0101rda t\u0101 \u00a0<span style=\"color: #000000;\"><span style=\"text-decoration: underline;\"><strong>vis\u012bst\u0101kaj\u0101 un tie\u0161\u0101kaj\u0101 noz\u012bm\u0113<\/strong><\/span> !<\/span><\/span><\/p>\n<p><span style=\"color: #008000;\"> <\/span><\/p>\n<p><span style=\"color: #008000;\">Vi\u0146\u0161 bija ar\u012b \u012bsts <strong>KRISTIETIS <\/strong>&#8211; v\u0101rda t\u0101 <\/span><span style=\"text-decoration: underline;\"><strong>vis\u012bst\u0101kaj\u0101 un tie\u0161\u0101kaj\u0101 noz\u012bm\u0113 !<\/strong><\/span><\/p>\n<p><span style=\"color: #008000;\"><strong>LRTT <\/strong>v\u0101rd\u0101 izsaku visdzi\u013c\u0101ko l\u012bdzj\u016bt\u012bbu tuviniekiem un visai m\u016bsu tautai, jo zaud\u0113ts ir cilv\u0113ks, kur\u0161 latvie\u0161u tautas v\u0113stur\u0113 reiz tiks ierakst\u012bts ar <strong>ZELTA BURTIEM<\/strong> !<\/span><\/p>\n<p><span style=\"color: #008000;\"> <\/span><\/p>\n<p><span style=\"color: #008000;\">Lai <strong>e\u0146\u0123e\u013ci<\/strong> un m\u016bsu sen\u010du <span style=\"text-decoration: underline;\">varo\u0146<strong>\u0122ari<\/strong><\/span> vi\u0146u godam sagaida <strong>M\u016b\u017e\u012bbas Zem\u0113<\/strong> !<\/span><\/p>\n<p><span style=\"color: #008000;\"> <\/span><\/p>\n<p><span style=\"color: #008000;\">Vair\u0101k par <strong>Andreju Kavaci<\/strong> sestdien.<\/span><\/p>\n<p><span style=\"color: #008000;\"> <\/span><\/p>\n<p><span style=\"color: #008000;\">01.09.16 L. Granti\u0146\u0161 <\/span><\/p>\n","protected":false},"excerpt":{"rendered":"<p>S\u0113ras ! Miris pr\u0101vests Andrejs Kavacis. Andrejs Kavacis bija Latvijas un latvie\u0161u tautas patriots &#8211; v\u0101rda t\u0101 \u00a0vis\u012bst\u0101kaj\u0101 un tie\u0161\u0101kaj\u0101 noz\u012bm\u0113 ! Vi\u0146\u0161 bija ar\u012b \u012bsts KRISTIETIS &#8211; v\u0101rda t\u0101 vis\u012bst\u0101kaj\u0101 un tie\u0161\u0101kaj\u0101 noz\u012bm\u0113&#46;&#46;&#46;<\/p>\n","protected":false},"author":1,"featured_media":0,"comment_status":"open","ping_status":"open","sticky":false,"template":"","format":"standard","meta":[],"categories":[1],"tags":[],"_links":{"self":[{"href":"https:\/\/tautastribunals.eu\/index.php?rest_route=\/wp\/v2\/posts\/34086"}],"collection":[{"href":"https:\/\/tautastribunals.eu\/index.php?rest_route=\/wp\/v2\/posts"}],"about":[{"href":"https:\/\/tautastribunals.eu\/index.php?rest_route=\/wp\/v2\/types\/post"}],"author":[{"embeddable":true,"href":"https:\/\/tautastribunals.eu\/index.php?rest_route=\/wp\/v2\/users\/1"}],"replies":[{"embeddable":true,"href":"https:\/\/tautastribunals.eu\/index.php?rest_route=%2Fwp%2Fv2%2Fcomments&post=34086"}],"version-history":[{"count":8,"href":"https:\/\/tautastribunals.eu\/index.php?rest_route=\/wp\/v2\/posts\/34086\/revisions"}],"predecessor-version":[{"id":34095,"href":"https:\/\/tautastribunals.eu\/index.php?rest_route=\/wp\/v2\/posts\/34086\/revisions\/34095"}],"wp:attachment":[{"href":"https:\/\/tautastribunals.eu\/index.php?rest_route=%2Fwp%2Fv2%2Fmedia&parent=34086"}],"wp:term":[{"taxonomy":"category","embeddable":true,"href":"https:\/\/tautastribunals.eu\/index.php?rest_route=%2Fwp%2Fv2%2Fcategories&post=34086"},{"taxonomy":"post_tag","embeddable":true,"href":"https:\/\/tautastribunals.eu\/index.php?rest_route=%2Fwp%2Fv2%2Ftags&post=34086"}],"curies":[{"name":"wp","href":"https:\/\/api.w.org\/{rel}","templated":true}]}}