{"id":34020,"date":"2016-08-30T17:02:21","date_gmt":"2016-08-30T14:02:21","guid":{"rendered":"http:\/\/tautastribunals.eu\/?p=34020"},"modified":"2016-08-30T17:49:03","modified_gmt":"2016-08-30T14:49:03","slug":"nekur-jau-neizspruks-reiz-tas-notiksvejoni-kapec-kluse","status":"publish","type":"post","link":"https:\/\/tautastribunals.eu\/?p=34020","title":{"rendered":"Nekur jau neizspruks, reiz tas notiks(V\u0113joni, kap\u0113c klus\u0113 ?)"},"content":{"rendered":"<p><a href=\"http:\/\/tautastribunals.eu\/wp-content\/uploads\/2016\/08\/Za\u013c\u0161.Latvijas-republikas-tautas-tribun\u0101ls-Aivars-Borovkovs-Ivars-Godmanis-J\u0101nis-Reinisks-Straujuma-Prezidents-Saeima-DP.-ST.-Kopie2.PNG\"><img decoding=\"async\" loading=\"lazy\" class=\"alignleft size-full wp-image-34025\" title=\"Za\u013c\u0161.Latvijas-republikas-tautas-tribun\u0101ls-Aivars-Borovkovs-Ivars-Godmanis-J\u0101nis-Reinisks-Straujuma-Prezidents-Saeima-DP.-ST.-Kopie\" src=\"http:\/\/tautastribunals.eu\/wp-content\/uploads\/2016\/08\/Za\u013c\u0161.Latvijas-republikas-tautas-tribun\u0101ls-Aivars-Borovkovs-Ivars-Godmanis-J\u0101nis-Reinisks-Straujuma-Prezidents-Saeima-DP.-ST.-Kopie2.PNG\" alt=\"Za\u013c\u0161.Latvijas-republikas-tautas-tribun\u0101ls-Aivars-Borovkovs-Ivars-Godmanis-J\u0101nis-Reinisks-Straujuma-Prezidents-Saeima-DP.-ST.-Kopie\" width=\"622\" height=\"128\" \/><\/a><a href=\"http:\/\/tautastribunals.eu\/wp-content\/uploads\/2016\/08\/Latvija-Granti\u0146\u0161.LRTT.PNG\"><img decoding=\"async\" loading=\"lazy\" class=\"alignleft size-full wp-image-34026\" title=\"Latvija, Granti\u0146\u0161.LRTT\" src=\"http:\/\/tautastribunals.eu\/wp-content\/uploads\/2016\/08\/Latvija-Granti\u0146\u0161.LRTT.PNG\" alt=\"Latvija, Granti\u0146\u0161.LRTT\" width=\"622\" height=\"332\" \/><\/a><\/p>\n<p>\u041f\u0440\u0435\u0434\u0441\u0442\u0430\u0432\u0438\u0442\u0435\u043b\u0438 \u041c\u0438\u043d\u044e\u0441\u0442\u043e\u0432 \u042d\u0441\u0442\u043e\u043d\u0438\u0438, \u041b\u0430\u0442\u0432\u0438\u0438, \u041b\u0438\u0442\u0432\u044b, \u041f\u043e\u043b\u044c\u0448\u0438, \u0427\u0435\u0445\u0438\u0438, \u0421\u043b\u043e\u0432\u0430\u043a\u0438\u0438,  \u0412\u0435\u043d\u0433\u0440\u0438\u0438 \u0438\u00a0\u0413\u0440\u0443\u0437\u0438\u0438 \u0432\u044b\u0441\u0442\u0443\u043f\u0438\u043b\u0438 \u0441\u00a0\u0441\u043e\u0432\u043c\u0435\u0441\u0442\u043d\u044b\u043c \u0437\u0430\u044f\u0432\u043b\u0435\u043d\u0438\u0435\u043c \u043e\u00a0\u043d\u0435\u043e\u0431\u0445\u043e\u0434\u0438\u043c\u043e\u0441\u0442\u0438  \u0440\u0430\u0441\u0441\u043b\u0435\u0434\u043e\u0432\u0430\u0442\u044c \u00ab\u043f\u0440\u0435\u0441\u0442\u0443\u043f\u043b\u0435\u043d\u0438\u044f \u043a\u043e\u043c\u043c\u0443\u043d\u0438\u0437\u043c\u0430\u00bb \u0438\u00a0\u0441\u043e\u0437\u0434\u0430\u043d\u0438\u044f \u0434\u043b\u044f\u00a0\u044d\u0442\u043e\u0433\u043e \u0441\u043f\u0435\u0446\u0438\u0430\u043b\u044c\u043d\u043e\u0433\u043e  \u043c\u0435\u0436\u0434\u0443\u043d\u0430\u0440\u043e\u0434\u043d\u043e\u0433\u043e \u0441\u0443\u0434\u0430. \u0414\u043b\u044f\u00a0\u043e\u0431\u0441\u0443\u0436\u0434\u0435\u043d\u0438\u044f \u044d\u0442\u043e\u0433\u043e \u0432\u043e\u043f\u0440\u043e\u0441\u0430 \u0440\u0435\u0448\u0435\u043d\u043e \u0441\u043e\u0431\u0440\u0430\u0442\u044c \u0433\u0440\u0443\u043f\u043f\u0443  \u044d\u043a\u0441\u043f\u0435\u0440\u0442\u043e\u0432.<\/p>\n<p><span style=\"text-decoration: underline;\">========================================================================<\/span><\/p>\n<h2>Septi\u0146u valstu p\u0101rst\u0101vji vienoj\u0101s, ka j\u0101izmekl\u0113 komunisma noziegumi<\/h2>\n<p>Interesants gad\u012bjums !<\/p>\n<p>Jau pirms gada septi\u0146as valstis \u00a0<a href=\"https:\/\/news.mail.ru\/politics\/23065907\/?social=fb\">https:\/\/news.mail.ru\/politics\/23065907\/?social=fb<\/a><em> (Igaunija, Latvija, Lietuva, Polija, \u010cehija, Slov\u0101kija, Ung\u0101rija un Gr\u016bzija)<\/em> n\u0101ca klaj\u0101 ar pazi\u0146ojumu, ka nepiecie\u0161ams<strong><span style=\"text-decoration: underline;\"> izveidot starptautisku TIESU<\/span><\/strong>, kas <strong><span style=\"text-decoration: underline;\">izmekl\u0113tu KOMUNISMA NOZIEGUMUS<\/span><\/strong>.<\/p>\n<p>Interesanti, ka<strong> Latvij\u0101<\/strong>, kaut ar\u012b <strong>Latvija <\/strong>ir viena no \u0161\u012bm valst\u012bm kas to pieprasa, tas nav nekur ska\u013ci propagand\u0113ts !<\/p>\n<h2>K\u0101p\u0113c t\u0101ds klusums ?<\/h2>\n<p>Klusums, protams, ir piln\u012bgi saproto\u0161s, ja zin\u0101m, ka <strong>Latvij\u0101 <\/strong>pie varas ir tie\u0161i tie:<\/p>\n<h1><span style=\"color: #ff0000;\">kuru noziegumus v\u0113las izskat\u012bt.<\/span><\/h1>\n<p>Nepiekrist \u0161ai idejai <strong>Latvija<\/strong> nevar\u0113ja, ja to dara <strong>Igaunija<\/strong> un <strong>Lietuva<\/strong>, bet p\u0113c tam dar\u012bt visu, lai \u0161\u012b vieno\u0161an\u0101s nogrimtu aizmirst\u012bb\u0101, pie t\u0101 <strong><span style=\"text-decoration: underline;\">cionistu p\u0101rvald\u012bt\u0101 Latvija<\/span><\/strong> piestr\u0101d\u0101 ar sviedriem vaigos.<\/p>\n<h2><span style=\"color: #ff0000;\">Kas notiks, ja tiks izskat\u012bti \u0161ie noziegumi ?<\/span><\/h2>\n<p>Notiks tas, ko <strong>H- 86 <\/strong>jau piepras\u012bja pirms vair\u0101kiem gadiem- tiks piln\u012bb\u0101, ar starptautisko organiz\u0101ciju pal\u012bdz\u012bbu<em>(l\u012bdz tiks arest\u0113ti Latvijas Republikas vado\u0161ie darbo\u0146i un vi\u0146u piesedz\u0113ji)<\/em> <span style=\"color: #ff0000;\"><strong><span style=\"text-decoration: underline;\">aptur\u0113ta Latvijas Republikas suverenit\u0101te<\/span><\/strong>.<\/span><\/p>\n<p>Par <strong><span style=\"text-decoration: underline;\">Latvijas noziedznieku karteli<\/span><\/strong> run\u0101ts ar\u012b <strong><span style=\"text-decoration: underline;\">p\u0113d\u0113j\u0101 H- 86 zi\u0146ojum\u0101 ES un ANO<\/span><\/strong>: <a href=\"http:\/\/tautastribunals.eu\/?p=33495\">http:\/\/tautastribunals.eu\/?p=33495<\/a><\/p>\n<p>Gan jau tas tiks izskat\u012bts, nekur neviens no \u0161\u012b \u0101rpr\u0101ta nozieguma, kas ir veikts pret cilv\u0113ci un it \u012bpa\u0161i pret latvie\u0161u tautu, netiks nedz sarg\u0101ts un ar\u012b ne pagl\u0101bts. Visi <strong>\u010dekisti, komunisti<\/strong> un <strong>citi band\u012bti, <\/strong>kuri k\u013cuvu\u0161i par miljon\u0101riem aplaupot latvie\u0161u tautu un <strong>Latvijas <\/strong>valsti, tiks publiski pak\u0101rti un nozagtais atsavin\u0101ts.<\/p>\n<p>Tas, latviet, b\u016bs <strong>Taisn\u012bgi<\/strong> un ar\u012b <strong>Likum\u012bgi, <\/strong>jo sodam j\u0101b\u016bt adekv\u0101tam pastr\u0101d\u0101tajam noziegumam !<\/p>\n<p>Par <strong>Latviju<\/strong>, k\u0101 mafijas citadeli, run\u0101 ar\u012b <strong>Lietuvas <\/strong>uz\u0146\u0113m\u0113ju p\u0101rst\u0101vis: <a href=\"http:\/\/pietiek.com\/raksti\/lietuvas_gambits_latvija_duriens_mugura,_nevis_plikis_seja\">http:\/\/pietiek.com\/raksti\/lietuvas_gambits_latvija_duriens_mugura,_nevis_plikis_seja<\/a> Skaidr\u0101k par<strong> Latviju<\/strong>, k\u0101 noziedznieku p\u0101rvald\u012btu karteli, izteikties vairs nav iesp\u0113jams.<\/p>\n<p>Un \u0161ie s\u0101taniskie izdzimumi 16. novembr\u012b grib mani ties\u0101t par to, ka es ar saviem cilv\u0113kiem par vi\u0146iem s\u016bdzos <strong><span style=\"text-decoration: underline;\">starptautiskaj\u0101m organiz\u0101cij\u0101m<\/span><\/strong> !<\/p>\n<p>Man\u0101 aps\u016bdz\u012bb\u0101 tiek <strong><span style=\"text-decoration: underline;\">varon\u012bgi<\/span><\/strong> pazi\u0146ots, ka par man\u0101m darb\u012bb\u0101m pien\u0101kas <strong><span style=\"text-decoration: underline;\">desmit gadi cietumsods<\/span><\/strong> !<\/p>\n<p>Nu paskat\u012bsimies, kuram tad b\u016bs j\u0101s\u0113\u017eas un \u201c<strong>elektrisko d\u012bv\u0101nu<\/strong>\u201d ?<\/p>\n<p>30.08.16\u00a0\u00a0\u00a0\u00a0\u00a0\u00a0 L. Granti\u0146\u0161<\/p>\n<h1><span style=\"color: #ff0000;\">Latvijas sarkano idiotu klo\u0101ka !<\/span><\/h1>\n<p><span style=\"color: #ff0000;\"><a href=\"http:\/\/tautastribunals.eu\/wp-content\/uploads\/2016\/08\/Kairi\u0161sGranti\u0146\u0161LRTT.png\"><img decoding=\"async\" loading=\"lazy\" class=\"alignleft size-full wp-image-34044\" title=\"Kairi\u0161s,Granti\u0146\u0161,LRTT,\" src=\"http:\/\/tautastribunals.eu\/wp-content\/uploads\/2016\/08\/Kairi\u0161sGranti\u0146\u0161LRTT.png\" alt=\"Kairi\u0161s,Granti\u0146\u0161,LRTT,\" width=\"625\" height=\"449\" srcset=\"https:\/\/tautastribunals.eu\/wp-content\/uploads\/2016\/08\/Kairi\u0161sGranti\u0146\u0161LRTT.png 713w, https:\/\/tautastribunals.eu\/wp-content\/uploads\/2016\/08\/Kairi\u0161sGranti\u0146\u0161LRTT-300x215.png 300w\" sizes=\"(max-width: 625px) 100vw, 625px\" \/><\/a><br \/>\n<\/span><\/p>\n","protected":false},"excerpt":{"rendered":"<p>\u041f\u0440\u0435\u0434\u0441\u0442\u0430\u0432\u0438\u0442\u0435\u043b\u0438 \u041c\u0438\u043d\u044e\u0441\u0442\u043e\u0432 \u042d\u0441\u0442\u043e\u043d\u0438\u0438, \u041b\u0430\u0442\u0432\u0438\u0438, \u041b\u0438\u0442\u0432\u044b, \u041f\u043e\u043b\u044c\u0448\u0438, \u0427\u0435\u0445\u0438\u0438, \u0421\u043b\u043e\u0432\u0430\u043a\u0438\u0438, \u0412\u0435\u043d\u0433\u0440\u0438\u0438 \u0438\u00a0\u0413\u0440\u0443\u0437\u0438\u0438 \u0432\u044b\u0441\u0442\u0443\u043f\u0438\u043b\u0438 \u0441\u00a0\u0441\u043e\u0432\u043c\u0435\u0441\u0442\u043d\u044b\u043c \u0437\u0430\u044f\u0432\u043b\u0435\u043d\u0438\u0435\u043c \u043e\u00a0\u043d\u0435\u043e\u0431\u0445\u043e\u0434\u0438\u043c\u043e\u0441\u0442\u0438 \u0440\u0430\u0441\u0441\u043b\u0435\u0434\u043e\u0432\u0430\u0442\u044c \u00ab\u043f\u0440\u0435\u0441\u0442\u0443\u043f\u043b\u0435\u043d\u0438\u044f \u043a\u043e\u043c\u043c\u0443\u043d\u0438\u0437\u043c\u0430\u00bb \u0438\u00a0\u0441\u043e\u0437\u0434\u0430\u043d\u0438\u044f \u0434\u043b\u044f\u00a0\u044d\u0442\u043e\u0433\u043e \u0441\u043f\u0435\u0446\u0438\u0430\u043b\u044c\u043d\u043e\u0433\u043e \u043c\u0435\u0436\u0434\u0443\u043d\u0430\u0440\u043e\u0434\u043d\u043e\u0433\u043e \u0441\u0443\u0434\u0430. \u0414\u043b\u044f\u00a0\u043e\u0431\u0441\u0443\u0436\u0434\u0435\u043d\u0438\u044f \u044d\u0442\u043e\u0433\u043e \u0432\u043e\u043f\u0440\u043e\u0441\u0430 \u0440\u0435\u0448\u0435\u043d\u043e \u0441\u043e\u0431\u0440\u0430\u0442\u044c \u0433\u0440\u0443\u043f\u043f\u0443 \u044d\u043a\u0441\u043f\u0435\u0440\u0442\u043e\u0432. ======================================================================== Septi\u0146u valstu p\u0101rst\u0101vji vienoj\u0101s,&#46;&#46;&#46;<\/p>\n","protected":false},"author":1,"featured_media":0,"comment_status":"open","ping_status":"open","sticky":false,"template":"","format":"standard","meta":[],"categories":[1],"tags":[],"_links":{"self":[{"href":"https:\/\/tautastribunals.eu\/index.php?rest_route=\/wp\/v2\/posts\/34020"}],"collection":[{"href":"https:\/\/tautastribunals.eu\/index.php?rest_route=\/wp\/v2\/posts"}],"about":[{"href":"https:\/\/tautastribunals.eu\/index.php?rest_route=\/wp\/v2\/types\/post"}],"author":[{"embeddable":true,"href":"https:\/\/tautastribunals.eu\/index.php?rest_route=\/wp\/v2\/users\/1"}],"replies":[{"embeddable":true,"href":"https:\/\/tautastribunals.eu\/index.php?rest_route=%2Fwp%2Fv2%2Fcomments&post=34020"}],"version-history":[{"count":32,"href":"https:\/\/tautastribunals.eu\/index.php?rest_route=\/wp\/v2\/posts\/34020\/revisions"}],"predecessor-version":[{"id":34075,"href":"https:\/\/tautastribunals.eu\/index.php?rest_route=\/wp\/v2\/posts\/34020\/revisions\/34075"}],"wp:attachment":[{"href":"https:\/\/tautastribunals.eu\/index.php?rest_route=%2Fwp%2Fv2%2Fmedia&parent=34020"}],"wp:term":[{"taxonomy":"category","embeddable":true,"href":"https:\/\/tautastribunals.eu\/index.php?rest_route=%2Fwp%2Fv2%2Fcategories&post=34020"},{"taxonomy":"post_tag","embeddable":true,"href":"https:\/\/tautastribunals.eu\/index.php?rest_route=%2Fwp%2Fv2%2Ftags&post=34020"}],"curies":[{"name":"wp","href":"https:\/\/api.w.org\/{rel}","templated":true}]}}