{"id":33878,"date":"2016-08-22T17:36:45","date_gmt":"2016-08-22T14:36:45","guid":{"rendered":"http:\/\/tautastribunals.eu\/?p=33878"},"modified":"2016-08-22T17:36:45","modified_gmt":"2016-08-22T14:36:45","slug":"lasitajs-par-kadu-cionistiskas-sistemas-likumigo-zagli","status":"publish","type":"post","link":"https:\/\/tautastribunals.eu\/?p=33878","title":{"rendered":"Las\u012bt\u0101js. Par k\u0101du cionistisk\u0101s sist\u0113mas &#8220;likum\u012bgo zagli&#8221; !"},"content":{"rendered":"<h1><span style=\"color: #003300;\"><a href=\"http:\/\/tautastribunals.eu\/wp-content\/uploads\/2016\/08\/www.tautastribunals.eu-1411.png\"><img decoding=\"async\" loading=\"lazy\" class=\"alignleft size-full wp-image-33886\" title=\"www.tautastribunals.eu-1411\" src=\"http:\/\/tautastribunals.eu\/wp-content\/uploads\/2016\/08\/www.tautastribunals.eu-1411.png\" alt=\"www.tautastribunals.eu-1411\" width=\"639\" height=\"88\" srcset=\"https:\/\/tautastribunals.eu\/wp-content\/uploads\/2016\/08\/www.tautastribunals.eu-1411.png 950w, https:\/\/tautastribunals.eu\/wp-content\/uploads\/2016\/08\/www.tautastribunals.eu-1411-300x42.png 300w, https:\/\/tautastribunals.eu\/wp-content\/uploads\/2016\/08\/www.tautastribunals.eu-1411-800x112.png 800w\" sizes=\"(max-width: 639px) 100vw, 639px\" \/><\/a>LRTT pasts !<br \/>\n<\/span><\/h1>\n<p><span style=\"color: #000000;\">Paskatieties, <strong>Granti\u0146a kungs<\/strong>, deklar\u0101ciju ! <\/span><\/p>\n<p><span style=\"color: #000000;\"><span style=\"text-decoration: underline;\"><strong>Latvijas<\/strong> korump\u0113t\u0101s un mafioz\u0101s tiesu  sist\u0113mas pamatlic\u0113js<\/span> <strong>Andris Gu\u013c\u0101ns <\/strong>m\u0113nes\u012b pensij\u0101, uz apzagt\u0101s latvie\u0161u  tautas r\u0113\u0137ina, sa\u0146em to pa\u0161u, ko<span style=\"text-decoration: underline;\"> J\u016bs pa 5 gadiem <\/span>? Pie t\u0101das algas ties\u0101m god\u012bguma zi\u0146\u0101 vajadz\u0113ja  sp\u012bd\u0113t un laist\u012bties ! <\/span><\/p>\n<h2><span style=\"color: #000000;\">Bet vai t\u0101 ir?<\/span><\/h2>\n<p><span style=\"color: #000000;\"><span style=\"text-decoration: underline;\">============================================================<\/span><br \/>\n<\/span><\/p>\n<p><span style=\"color: #000000;\"><span style=\"text-decoration: underline;\"><strong>LRTT viedoklis<\/strong><\/span>: \u0160\u012b deklar\u0101cija ir piel\u012bdzin\u0101ma tiesas spriedumam. <\/span><\/p>\n<p><span style=\"color: #000000;\">Atsevi\u0161\u0137as <span style=\"text-decoration: underline;\"><strong>tiesas s\u0113des <\/strong><\/span>vairs nav vajadz\u012bgas. <\/span><\/p>\n<p><span style=\"color: #000000;\">Noziegums kvalific\u0113jams k\u0101:<strong> &#8220;Valsts un tautas izlaup\u012b\u0161ana milzu apm\u0113ros &#8220;<\/strong><\/span><\/p>\n<h2><span style=\"color: #ff0000;\">Uzman\u012bbu !!!<\/span><\/h2>\n<p><span style=\"color: #ff0000;\">Par <strong>A. Gu\u013c\u0101nam <\/strong>nelikum\u012bgi izmaks\u0101to nodok\u013cu maks\u0101t\u0101ju naudu ir iesp\u0113jams uztur\u0113t k\u0101das mazpils\u0113tas slimn\u012bcu vai vair\u0101kas lauku skolas, kuras \u0161odien, p\u0113c cionistu pav\u0113les, tiek likvid\u0113tas.<\/span><\/p>\n<h2>T\u0101du \u0101rpr\u0101ta genoc\u012bdu v\u0113l neviena tauta nav piedz\u012bvojusi !<\/h2>\n<p><a href=\"http:\/\/tautastribunals.eu\/wp-content\/uploads\/2016\/08\/LRTT.-Andris-Gu\u013c\u0101ns-Granti\u0146\u01611.PNG\"><img decoding=\"async\" loading=\"lazy\" class=\"alignleft size-full wp-image-33906\" title=\"LRTT. Andris Gu\u013c\u0101ns, Granti\u0146\u0161\" src=\"http:\/\/tautastribunals.eu\/wp-content\/uploads\/2016\/08\/LRTT.-Andris-Gu\u013c\u0101ns-Granti\u0146\u01611.PNG\" alt=\"LRTT. Andris Gu\u013c\u0101ns, Granti\u0146\u0161\" width=\"431\" height=\"172\" srcset=\"https:\/\/tautastribunals.eu\/wp-content\/uploads\/2016\/08\/LRTT.-Andris-Gu\u013c\u0101ns-Granti\u0146\u01611.PNG 789w, https:\/\/tautastribunals.eu\/wp-content\/uploads\/2016\/08\/LRTT.-Andris-Gu\u013c\u0101ns-Granti\u0146\u01611-300x119.PNG 300w\" sizes=\"(max-width: 431px) 100vw, 431px\" \/><\/a>Tas viss tiek veikts zem<strong> ES<\/strong> karoga p\u0113c<strong> Izra\u0113las<\/strong> un <strong>Krievijas<\/strong> barve\u017eu pav\u0113les !<\/p>\n<p>Par \u0161o noziegumu daudzi<strong> ES &#8220;f\u012breri&#8221;<\/strong> non\u0101ks <strong>H\u0101gas Tribun\u0101l\u0101<\/strong>, jo t\u0101das lietas <span style=\"text-decoration: underline;\"><strong>Dievs<\/strong> neatst\u0101j nesod\u012btas<\/span>.<\/p>\n<p>Praktiski \u0161eit ir j\u0101run\u0101 par vienu- <span style=\"text-decoration: underline;\">kriev\u017e\u012bdu- haz\u0101ru mafijas karteli<\/span>, kur\u0161 teroriz\u0113 pasauli zem diviem karogiem. Abi \u0161ie veidojumi- gan <strong>Izra\u0113la<\/strong>, gan <strong>Krievija<\/strong>, no <strong>Tiesisk\u0101 viedok\u013ca<\/strong> ir nelikum\u012bgi- noziedz\u012bgi.<\/p>\n<p>M\u0113s visi zin\u0101m, k\u0101 veidoj\u0101s <strong>Krievijas imp\u0113rija<\/strong> un ar k\u0101d\u0101m metod\u0113m tika dibin\u0101ta <strong>Izra\u0113la- <\/strong>slepkavojot un padzenot palest\u012bnie\u0161us no vi\u0146u v\u0113sturiski likum\u012bg\u0101m teritorij\u0101m.<\/p>\n<p><span style=\"color: #000000;\">Kas attiecas uz t\u0101diem <strong>&#8220;gu\u013c\u0101niem&#8221;<\/strong>, tad tiesas spriedums b\u016bs:\u00a0 <span style=\"color: #ff0000;\">Gal\u0113jais <strong>ASM<\/strong>&#8211; <strong>NS<\/strong><em>(<strong>N<\/strong>\u0101ves<strong>S<\/strong>ods)<\/em><\/span><\/span><\/p>\n<p>Radinieki un \u0123imenes locek\u013ci, kuri parazit\u0113ju\u0161i uz \u0161\u012b noziedznieka nozagtajiem tautas l\u012bdzek\u013ciem, tiks noties\u0101ti par l\u012bdzdal\u012bbu genoc\u012bda veik\u0161an\u0101 pret latvie\u0161u tautu. K\u0101ds sods pien\u0101k\u0101s par genoc\u012bda veik\u0161anu, dom\u0101jams, ka katrs to zina&#8230; .<\/p>\n<p><span style=\"color: #000000;\">P\u0113c <span style=\"text-decoration: underline;\"><strong>Tiesiskuma atjauno\u0161anas Latvij\u0101<\/strong><\/span> tie\u0161i t\u0101 ar\u012b notiks.<span style=\"text-decoration: underline;\"><strong> Tiesas funkcijas p\u0101r\u0146ems finansu eksperti<\/strong><\/span> un spriedumi tiks <strong>&#8220;defin\u0113ti&#8221; <\/strong>vadoties no ties\u0101jamo <strong>KONTIEM<\/strong> un \u0161\u0101da veida<strong> DEKLAR\u0100CIJ\u0100M<\/strong>.<br \/>\n<\/span><\/p>\n<p><span style=\"color: #000000;\">Sods, t\u0101da veida valsts un tautas izlaup\u012bt\u0101jiem, ir<span style=\"text-decoration: underline;\"><strong> j\u0101izpilda starptautisko ekspertu kl\u0101tb\u016btn\u0113<\/strong><\/span>, lai par noziegumiem, ko veic bijus\u012b komunistisk\u0101<em>(cionistiska p\u0113c satura)<\/em> nomenklat\u016bra pret latvie\u0161u tautu, tiktu dar\u012bts zin\u0101ms visai pasaulei. <\/span><\/p>\n<p><span style=\"color: #000000;\">Cionistu noziegumi pret latvie\u0161u tautu nedr\u012bks palikt neties\u0101ti !<\/span><\/p>\n<p><span style=\"color: #000000;\">22.08.16\u00a0\u00a0\u00a0\u00a0\u00a0\u00a0 L. Granti\u0146\u0161<br \/>\n<\/span><\/p>\n<h1><a href=\"http:\/\/tautastribunals.eu\/wp-content\/uploads\/2016\/08\/MIGLA-SARKAN\u0100-NOL\u0100D\u0112T\u0100REINIKS\u0100BOLTI\u0145A2.PNG\"><img decoding=\"async\" loading=\"lazy\" class=\"alignleft size-full wp-image-33893\" title=\"MIGLA SARKAN\u0100- NOL\u0100D\u0112T\u0100,REINIKS,\u0100BOLTI\u0145A\" src=\"http:\/\/tautastribunals.eu\/wp-content\/uploads\/2016\/08\/MIGLA-SARKAN\u0100-NOL\u0100D\u0112T\u0100REINIKS\u0100BOLTI\u0145A2.PNG\" alt=\"MIGLA SARKAN\u0100- NOL\u0100D\u0112T\u0100,REINIKS,\u0100BOLTI\u0145A\" width=\"645\" height=\"55\" srcset=\"https:\/\/tautastribunals.eu\/wp-content\/uploads\/2016\/08\/MIGLA-SARKAN\u0100-NOL\u0100D\u0112T\u0100REINIKS\u0100BOLTI\u0145A2.PNG 986w, https:\/\/tautastribunals.eu\/wp-content\/uploads\/2016\/08\/MIGLA-SARKAN\u0100-NOL\u0100D\u0112T\u0100REINIKS\u0100BOLTI\u0145A2-300x25.PNG 300w, https:\/\/tautastribunals.eu\/wp-content\/uploads\/2016\/08\/MIGLA-SARKAN\u0100-NOL\u0100D\u0112T\u0100REINIKS\u0100BOLTI\u0145A2-800x68.PNG 800w\" sizes=\"(max-width: 645px) 100vw, 645px\" \/><\/a>Valsts amatpersonas deklar\u0101cija<\/h1>\n<div>\n<ul>\n<li><a title=\"Citas \u0161\u012bs valsts amatpersonas iesniegt\u0101s deklar\u0101cijas\" href=\"https:\/\/www6.vid.gov.lv\/VID_PDB\/VAD\/VADData#\" target=\"_blank\">Atgriezties uz valsts \t\tamatpersonas deklar\u0101ciju sarakstu<\/a><\/li>\n<\/ul>\n<table border=\"0\">\n<tbody>\n<tr>\n<td>Deklar\u0101cijas veids:<\/td>\n<td>K\u0101rt\u0113j\u0101 gada deklar\u0101cija &#8211; par 2015. gadu<\/td>\n<\/tr>\n<tr>\n<td>V\u0101rds, uzv\u0101rds:<\/td>\n<td><span style=\"color: #ff0000;\"><span style=\"text-decoration: underline;\"><strong>ANDRIS\u00a0GU\u013b\u0100NS<\/strong><\/span><\/span><\/td>\n<\/tr>\n<tr>\n<td>Darbavieta:<\/td>\n<td>&#8216;LR AUGST\u0100K\u0100 TIESA&#8217;<\/td>\n<\/tr>\n<tr>\n<td>Valsts amatpersonas amats:<\/td>\n<td>Tiesnesis<\/td>\n<\/tr>\n<tr>\n<td>Iesniegta VID:<\/td>\n<td>30.03.2016<\/td>\n<\/tr>\n<tr>\n<td>Public\u0113ta:<\/td>\n<td>31.03.2016<\/td>\n<\/tr>\n<\/tbody>\n<\/table>\n<h2>2. Citi amati, kurus deklar\u0101cijas iesniedz\u0113js ie\u0146em papildus valsts amatpersonas \tamatam (<a href=\"http:\/\/t.sk\" target=\"_blank\">t.sk<\/a>. amati biedr\u012bb\u0101s, nodibin\u0101jumos, politiskaj\u0101s, reli\u0123iskaj\u0101s organiz\u0101cij\u0101s \tun arodbiedr\u012bb\u0101s), un citi darbi, kurus deklar\u0101cijas iesniedz\u0113js str\u0101d\u0101, k\u0101 ar\u012b \tinform\u0101cija par uz\u0146\u0113muma l\u012bgumiem vai pilnvarojumiem, kuros noteikt\u0101s saist\u012bbas \ttas pilda<\/h2>\n<table border=\"0\">\n<thead>\n<tr>\n<th> Amata nosaukums, darbi, inform\u0101cija par uz\u0146\u0113muma l\u012bgumiem un pilnvarojumiem<\/th>\n<th> Juridiskai personai &#8211; nosaukums; fiziskai personai &#8211; v\u0101rds un uzv\u0101rds<\/th>\n<th> Juridiskai personai &#8211; re\u0123istr\u0101cijas numurs Komercre\u0123istr\u0101 un juridisk\u0101 adrese<\/th>\n<\/tr>\n<\/thead>\n<tbody>\n<tr>\n<td>Disciplin\u0101rtiesas tiesnesis<\/td>\n<td>&#8216;LR AUGST\u0100K\u0100 TIESA&#8217;<\/td>\n<td>90000068892 Latvija, R\u012bga, Br\u012bv\u012bbas bulv\u0101ris 36<\/td>\n<\/tr>\n<tr>\n<td>Padomes loceklis<\/td>\n<td>Nodibin\u0101jums &#8220;Latvijas Tiesne\u0161u m\u0101c\u012bbu centrs&#8221;<\/td>\n<td>50003253361 Latvija, R\u012bga, M\u0101rsta\u013cu 19<\/td>\n<\/tr>\n<\/tbody>\n<\/table>\n<h2>3. Deklar\u0101cijas iesniedz\u0113ja \u012bpa\u0161um\u0101 (kop\u012bpa\u0161um\u0101), vald\u012bjum\u0101 vai lieto\u0161an\u0101 eso\u0161ie \tnekustamie \u012bpa\u0161umi (ar\u012b tie, kurus tas nom\u0101 no cit\u0101m person\u0101m un kuri atrodas t\u0101 \tvald\u012bjum\u0101 sakar\u0101 ar nodibin\u0101to aizbildn\u012bbu vai aizg\u0101dn\u012bbu)<\/h2>\n<table border=\"0\">\n<thead>\n<tr>\n<th> Nekustam\u0101 \u012bpa\u0161uma veids<\/th>\n<th> Nekustam\u0101 \u012bpa\u0161uma atra\u0161an\u0101s vieta (valsts, pils\u0113ta\/apdz\u012bvota vieta)<\/th>\n<th> Atz\u012bme par to, vai ir \u012bpa\u0161um\u0101 (kop\u012bpa\u0161um\u0101), vald\u012bjum\u0101 vai lieto\u0161an\u0101<\/th>\n<\/tr>\n<\/thead>\n<tbody>\n<tr>\n<td>P\u0101r\u0113jie<\/td>\n<td>Latvija, J\u016brmala<\/td>\n<td>kop\u012bpa\u0161um\u0101<\/td>\n<\/tr>\n<tr>\n<td>P\u0101r\u0113jie<\/td>\n<td>Latvija, Madlienas pag.<\/td>\n<td>kop\u012bpa\u0161um\u0101<\/td>\n<\/tr>\n<\/tbody>\n<\/table>\n<h2>4. Komercsabiedr\u012bbas, kuru dal\u012bbnieks, akcion\u0101rs vai biedrs ir deklar\u0101cijas iesniedz\u0113js. \tDeklar\u0101cijas iesniedz\u0113jam piedero\u0161\u0101s kapit\u0101la da\u013cas un akcijas (privatiz\u0101cijas un \tkompens\u0101cijas sertifik\u0101tiem nor\u0101da tikai skaitu)<\/h2>\n<h2>Deklar\u0101cijas iesniedz\u0113jam piedero\u0161ie finan\u0161u instrumenti \u2013 par\u0101da v\u0113rtspap\u012bri (piem\u0113ram, \toblig\u0101cijas), v\u0113rtspap\u012bri, ar kuriem nostiprin\u0101tas ties\u012bbas ieg\u0101d\u0101ties vai atsavin\u0101t \tp\u0101rvedamus v\u0113rtspap\u012brus vai kuri paredz nor\u0113\u0137inus naud\u0101, ieguld\u012bjumu fondu ieguld\u012bjumu \tapliec\u012bbas un citi p\u0101rvedami v\u0113rtspap\u012bri, kas apliecina l\u012bdzdal\u012bbu ieguld\u012bjumu fondos \tvai tiem piel\u012bdzin\u0101mos kop\u0113jo ieguld\u012bjumu uz\u0146\u0113mumos, naudas tirgus instrumenti<\/h2>\n<h2>5. Deklar\u0101cijas iesniedz\u0113jam piedero\u0161ie re\u0123istr\u0113jamie transportl\u012bdzek\u013ci, k\u0101 ar\u012b \tt\u0101 vald\u012bjum\u0101 vai lieto\u0161an\u0101 eso\u0161ie transportl\u012bdzek\u013ci un transportl\u012bdzek\u013ci, kurus \ttas ir ieg\u0101d\u0101jies uz l\u012bzinga l\u012bguma pamata<\/h2>\n<table border=\"0\">\n<thead>\n<tr>\n<th> Transportl\u012bdzek\u013ca veids<\/th>\n<th> Marka<\/th>\n<th> Izlaides gads<\/th>\n<th> Re\u0123istr\u0101cijas gads<\/th>\n<th> Atz\u012bme par to, vai ir \u012bpa\u0161um\u0101, vald\u012bjum\u0101 vai lieto\u0161an\u0101<\/th>\n<\/tr>\n<\/thead>\n<tbody>\n<tr>\n<td>Piekabe transporta kravas kaste<\/td>\n<td>MAZ 8114<\/td>\n<td>1991<\/td>\n<td>1991<\/td>\n<td>\u012bpa\u0161um\u0101<\/td>\n<\/tr>\n<tr>\n<td>Vieglais pla\u0161lietojuma<\/td>\n<td>SUBARU FORESTER<\/td>\n<td>2014<\/td>\n<td>2014<\/td>\n<td>vald\u012bjum\u0101<\/td>\n<\/tr>\n<\/tbody>\n<\/table>\n<h2>6. Deklar\u0101cijas iesniedz\u0113ja skaidr\u0101s un bezskaidr\u0101s naudas uzkr\u0101jumi, ja to summa \tp\u0101rsniedz 20 Ministru kabineta noteikt\u0101s minim\u0101l\u0101s m\u0113ne\u0161algas (attiec\u012bg\u0101s val\u016btas \tvien\u012bb\u0101s)<\/h2>\n<table border=\"0\">\n<thead>\n<tr>\n<th> Skaidr\u0101s naudas uzkr\u0101juma summa ar cipariem<\/th>\n<th> Val\u016bta<\/th>\n<th> Skaidr\u0101s naudas uzkr\u0101juma summa ar v\u0101rdiem<\/th>\n<\/tr>\n<\/thead>\n<tbody>\n<tr>\n<td>3000.00<\/td>\n<td>EUR<\/td>\n<td>tr\u012bs t\u016bksto\u0161i eiro 00 centi<\/td>\n<\/tr>\n<\/tbody>\n<\/table>\n<table border=\"0\">\n<thead>\n<tr>\n<th> Bezkaidr\u0101s naudas uzkr\u0101juma summa<\/th>\n<th> Val\u016bta<\/th>\n<th> Bezskaidr\u0101s naudas uzkr\u0101jumu tur\u0113t\u0101ja vai nor\u0113\u0137inu kartes izdev\u0113ja nosaukums<\/th>\n<th> Juridiskai personai &#8211; re\u0123istr\u0101cijas numurs Komercre\u0123istr\u0101 un juridisk\u0101 adrese<\/th>\n<\/tr>\n<\/thead>\n<tbody>\n<tr>\n<td>15164.66<\/td>\n<td>EUR<\/td>\n<td>AS &#8220;SEB banka&#8221;<\/td>\n<td>40003151743 Latvija, \u0136ekavas pag., Valdlau\u010di, Meistaru 1<\/td>\n<\/tr>\n<\/tbody>\n<\/table>\n<h2>7. Visi deklar\u0101cijas iesniedz\u0113ja p\u0101rskata period\u0101 g\u016btie ien\u0101kumi, piem\u0113ram, darba \talga, piemaksas pie darba algas, pr\u0113mijas, honor\u0101ri, ien\u0101kumi no saimniecisk\u0101s un \tkomercdarb\u012bbas, apdro\u0161in\u0101\u0161anas izmaksas, kompens\u0101cijas, ien\u0101kumi no kustam\u0101s un \tnekustam\u0101s mantas realiz\u0101cijas un nomas (\u012bres), laimesti un dividendes, mantojumi, \td\u0101vin\u0101jumi, sa\u0146emtie pabalsti un citi ien\u0101kumi<\/h2>\n<table border=\"0\">\n<thead>\n<tr>\n<th> Ien\u0101kumu g\u016b\u0161anas vieta (avots) \u2013 juridisk\u0101s personas nosaukums, re\u0123istr\u0101cijas numurs \t\t\t\tkomercre\u0123istr\u0101 un juridisk\u0101 adrese; fizisk\u0101s personas v\u0101rds un uzv\u0101rds<\/th>\n<th> Ien\u0101kumu veids<\/th>\n<th> Summa<\/th>\n<th> Val\u016bta<\/th>\n<\/tr>\n<\/thead>\n<tbody>\n<tr>\n<td>&#8216;LR AUGST\u0100K\u0100 TIESA&#8217;, 90000068892, Latvija, R\u012bga, Br\u012bv\u012bbas bulv\u0101ris 36<\/td>\n<td>Alga<\/td>\n<td><span style=\"color: #ff0000;\">38499.88<\/span><\/td>\n<td><span style=\"color: #ff0000;\">EUR<\/span><\/td>\n<\/tr>\n<tr>\n<td>Akciju sabiedr\u012bba &#8220;SEB atkl\u0101tais pensiju fonds&#8221;, 40003485047, Latvija, R\u012bga, Antonijas 9<\/td>\n<td>U.c. ien\u0101kumi<\/td>\n<td><span style=\"color: #ff0000;\">4800.00<\/span><\/td>\n<td><span style=\"color: #ff0000;\">EUR<\/span><\/td>\n<\/tr>\n<tr>\n<td>&#8216;VSAA (BUD\u017dETA MAKS\u0100JUMI)&#8217;, 90001024113, Latvija, R\u012bga, L\u0101\u010dpl\u0113\u0161a 70a<\/td>\n<td>Pensija<\/td>\n<td><span style=\"color: #ff0000;\">23124.19<\/span><\/td>\n<td><span style=\"color: #ff0000;\">EUR<\/span><\/td>\n<\/tr>\n<\/tbody>\n<\/table>\n<h2>8. Deklar\u0101cijas iesniedz\u0113ja p\u0101rskata period\u0101 veiktie dar\u012bjumi, ja to summa p\u0101rsniedz \t20 Ministru kabineta noteikt\u0101s minim\u0101l\u0101s m\u0113ne\u0161algas<\/h2>\n<h2>9. Deklar\u0101cijas iesniedz\u0113ja par\u0101dsaist\u012bbas, kuru apm\u0113rs p\u0101rsniedz 20 Ministru kabineta \tnoteikt\u0101s minim\u0101l\u0101s m\u0113ne\u0161algas<\/h2>\n<table border=\"0\">\n<thead>\n<tr>\n<th> Summa ar cipariem<\/th>\n<th> Val\u016bta<\/th>\n<th> Summa ar v\u0101rdiem<\/th>\n<\/tr>\n<\/thead>\n<tbody>\n<tr>\n<td>16299.97<\/td>\n<td>EUR<\/td>\n<td>se\u0161padsmit t\u016bksto\u0161i divi simti devi\u0146desmit devi\u0146i eiro 97 centi<\/td>\n<\/tr>\n<\/tbody>\n<\/table>\n<h2>10. Deklar\u0101cijas iesniedz\u0113ja izsniegtie aizdevumi, kuru summa p\u0101rsniedz 20 Ministru \tkabineta noteikt\u0101s minim\u0101l\u0101s m\u0113ne\u0161algas<\/h2>\n<h2>11. Inform\u0101cija par g\u016bto labumu Noziedz\u012bgi ieg\u016btu l\u012bdzek\u013cu legaliz\u0101cijas un terorisma \tfinans\u0113\u0161anas nov\u0113r\u0161anas likuma izpratn\u0113 no citai personai piedero\u0161as vai p\u0101rvald\u012b\u0161an\u0101 \tnodotas lietas vai t\u0101s da\u013cas<\/h2>\n<h2>Inform\u0101cija par g\u016bto labumu Noziedz\u012bgi ieg\u016btu l\u012bdzek\u013cu legaliz\u0101cijas un terorisma \tfinans\u0113\u0161anas nov\u0113r\u0161anas likuma izpratn\u0113 no citai personai piedero\u0161\u0101m vai citas personas \tp\u0101rvald\u012b\u0161an\u0101 eso\u0161\u0101m kapit\u0101la da\u013c\u0101m, akcij\u0101m un citiem likuma &#8220;Par intere\u0161u konflikta \tnov\u0113r\u0161anu valsts amatpersonu darb\u012bb\u0101&#8221; 24.panta pirm\u0101s da\u013cas 5.<sup>1<\/sup>punkt\u0101 \tmin\u0113tajiem finan\u0161u instrumentiem<\/h2>\n<h2>Ja ir nosl\u0113gts l\u012bgums (piem\u0113ram, trasta l\u012bgums), nor\u0101da l\u012bguma nosl\u0113g\u0161anas datumu, \tl\u012bguma priek\u0161metu, priek\u0161meta v\u0113rt\u012bbu un val\u016btu<\/h2>\n<h2>12. Deklar\u0101cijas iesniedz\u0113js, nor\u0101dot ar v\u0101rdiem &#8220;ir&#8221; vai &#8220;nav&#8221;, sniedz inform\u0101ciju, \tvai tam ir vai nav uzkr\u0101ti l\u012bdzek\u013ci priv\u0101tajos pensiju fondos vai dz\u012bv\u012bbas apdro\u0161in\u0101\u0161an\u0101 \t(ar l\u012bdzek\u013cu uzkr\u0101\u0161anu)<\/h2>\n<table border=\"0\">\n<thead>\n<tr>\n<th> Priv\u0101tie pensiju fondi<\/th>\n<th> Dz\u012bv\u012bbas apdro\u0161in\u0101\u0161ana (ar l\u012bdzek\u013cu uzkr\u0101\u0161anu)<\/th>\n<\/tr>\n<\/thead>\n<tbody>\n<tr>\n<td>ir<\/td>\n<td>nav<\/td>\n<\/tr>\n<\/tbody>\n<\/table>\n<h2>13. Cita inform\u0101cija, kuru v\u0113las nor\u0101d\u012bt un, kuras m\u0113r\u0137is ir paskaidrot ar deklar\u0113taj\u0101m \tzi\u0146\u0101m saist\u012btas intereses vai citus apst\u0101k\u013cus, kuri var izrais\u012bt mantisko vai citu \tpersonisko ieinteres\u0113t\u012bbu k\u0101das deklar\u0101cijas iesniedz\u0113ja amata pien\u0101kumos ietilpsto\u0161as \tdarb\u012bbas veik\u0161an\u0101<\/h2>\n<table border=\"0\">\n<tbody>\n<tr>\n<td>LR Augst\u0101k\u0101 tiesa ir ieg\u0101d\u0101jusies vesel\u012bbas apdro\u0161in\u0101\u0161anas polisi.<\/td>\n<\/tr>\n<\/tbody>\n<\/table>\n<h2>14. Deklar\u0101cijas iesniedz\u0113ja laul\u0101tais, vec\u0101ki un pilngad\u012bgie br\u0101\u013ci, m\u0101sas un b\u0113rni<\/h2>\n<table border=\"0\">\n<thead>\n<tr>\n<th> V\u0101rds, uzv\u0101rds<\/th>\n<th> Radniec\u012bba<\/th>\n<\/tr>\n<\/thead>\n<tbody>\n<tr>\n<td>ARMANDS GU\u013b\u0100NS<\/td>\n<td>D\u0113ls<\/td>\n<\/tr>\n<tr>\n<td>BENITA SILENIECE<\/td>\n<td>M\u0101sa<\/td>\n<\/tr>\n<tr>\n<td>GUNTA GU\u013b\u0100NE<\/td>\n<td>Laul\u0101tais<\/td>\n<\/tr>\n<tr>\n<td>KRIST\u012aNE BIRZI\u0145A<\/td>\n<td>Meita<\/td>\n<\/tr>\n<\/tbody>\n<\/table>\n<p>Inform\u0101cija atjaunota: \t17.08.2016 00:45:03<\/p><\/div>\n<p>VID Publiskojam\u0101 datu b\u0101z\u0113 valsts amatpersonu deklar\u0101cij\u0101s nor\u0101d\u012bt\u0101  inform\u0101cija tiek publiskota atbilsto\u0161i valsts inform\u0101cijas re\u0123istros  eso\u0161ajai aktu\u0101lajai inform\u0101cijai.<\/p>\n<p>V\u0113r\u0161am uzman\u012bbu, ka s\u0101kot ar 2015.gada 1.janv\u0101ri inform\u0101cija par valsts  amatpersonas nepilngad\u012bgajiem radiniekiem netiks publiskota VID  Publiskojamo datu b\u0101z\u0113.<\/p>\n<p>Atbilsto\u0161i 2014.gada 30.janv\u0101ra likuma &#8220;Groz\u012bjumi likum\u0101 &#8220;Par intere\u0161u  konflikta nov\u0113r\u0161anu valsts amatpersonu darb\u012bb\u0101&#8221;&#8221; 2.punkta noteiktajam  publiski nepieejam\u0101 deklar\u0101cijas da\u013ca ir deklar\u0101cij\u0101 nor\u0101d\u012btais valsts  amatpersonas personas kods un dz\u012bvesvieta, inform\u0101cija par amatpersonas  nepilngad\u012bgajiem radiniekiem (ar\u012b adopt\u0113tajiem), inform\u0101cija par  deklar\u0101cij\u0101 nor\u0101d\u012btajiem saist\u012bbu un dar\u012bjumu partneriem, k\u0101 ar\u012b \u0161\u0101  likuma 24.panta pirm\u0101s da\u013cas 13.punkta &#8220;a&#8221; apak\u0161punkt\u0101 nor\u0101d\u012bt\u0101  inform\u0101cija.<\/p>\n","protected":false},"excerpt":{"rendered":"<p>LRTT pasts ! Paskatieties, Granti\u0146a kungs, deklar\u0101ciju ! Latvijas korump\u0113t\u0101s un mafioz\u0101s tiesu sist\u0113mas pamatlic\u0113js Andris Gu\u013c\u0101ns m\u0113nes\u012b pensij\u0101, uz apzagt\u0101s latvie\u0161u tautas r\u0113\u0137ina, sa\u0146em to pa\u0161u, ko J\u016bs pa 5 gadiem ? Pie&#46;&#46;&#46;<\/p>\n","protected":false},"author":1,"featured_media":0,"comment_status":"open","ping_status":"open","sticky":false,"template":"","format":"standard","meta":[],"categories":[1],"tags":[],"_links":{"self":[{"href":"https:\/\/tautastribunals.eu\/index.php?rest_route=\/wp\/v2\/posts\/33878"}],"collection":[{"href":"https:\/\/tautastribunals.eu\/index.php?rest_route=\/wp\/v2\/posts"}],"about":[{"href":"https:\/\/tautastribunals.eu\/index.php?rest_route=\/wp\/v2\/types\/post"}],"author":[{"embeddable":true,"href":"https:\/\/tautastribunals.eu\/index.php?rest_route=\/wp\/v2\/users\/1"}],"replies":[{"embeddable":true,"href":"https:\/\/tautastribunals.eu\/index.php?rest_route=%2Fwp%2Fv2%2Fcomments&post=33878"}],"version-history":[{"count":31,"href":"https:\/\/tautastribunals.eu\/index.php?rest_route=\/wp\/v2\/posts\/33878\/revisions"}],"predecessor-version":[{"id":33940,"href":"https:\/\/tautastribunals.eu\/index.php?rest_route=\/wp\/v2\/posts\/33878\/revisions\/33940"}],"wp:attachment":[{"href":"https:\/\/tautastribunals.eu\/index.php?rest_route=%2Fwp%2Fv2%2Fmedia&parent=33878"}],"wp:term":[{"taxonomy":"category","embeddable":true,"href":"https:\/\/tautastribunals.eu\/index.php?rest_route=%2Fwp%2Fv2%2Fcategories&post=33878"},{"taxonomy":"post_tag","embeddable":true,"href":"https:\/\/tautastribunals.eu\/index.php?rest_route=%2Fwp%2Fv2%2Ftags&post=33878"}],"curies":[{"name":"wp","href":"https:\/\/api.w.org\/{rel}","templated":true}]}}