{"id":33199,"date":"2016-07-20T08:08:51","date_gmt":"2016-07-20T05:08:51","guid":{"rendered":"http:\/\/tautastribunals.eu\/?p=33199"},"modified":"2022-01-23T23:44:30","modified_gmt":"2022-01-23T21:44:30","slug":"bez-noziedzigiem-ekspertiem-4-maija-klike-nepastavetu","status":"publish","type":"post","link":"https:\/\/tautastribunals.eu\/?p=33199","title":{"rendered":"Bez noziedz\u012bgiem &#8220;ekspertiem&#8221; 4. maija kli\u0137e nepast\u0101v\u0113tu"},"content":{"rendered":"<p><span style=\"color: #003300;\">Vai nav <strong><span style=\"text-decoration: underline;\">\u0161izofr\u0113nisks absurds<\/span><\/strong> no \u0161o <strong><span style=\"text-decoration: underline;\">okupantu un kolaboracionistu puses<\/span><\/strong>, ka piespiedu k\u0101rt\u0101 tiku padz\u012bts no <strong>Latvijas<\/strong>, bet tagad vi\u0146i ar visiem iesp\u0113jamiem un pat noziedz\u012bgiem l\u012bdzek\u013ciem mani grib dab\u016bt atpaka\u013c un ties\u0101t ! <\/span><\/p>\n<p><span style=\"color: #003300;\">Un ne jau tikai par tagad\u0113jiem \u201c<strong>noziegumiem<\/strong>\u201d, kurus esmu veicis klaid\u0101 dz\u012bvojot, bet ar\u012b par <strong>Helsinki \u2013 86 dibin\u0101\u0161anu<\/strong> un <strong>14. j\u016bnija demonstr\u0101cijas organiz\u0113\u0161anu<\/strong>, jo to laika dokumenti pielikti kl\u0101t aps\u016bdz\u012bbai.<\/span><\/p>\n<p><span style=\"color: #003300;\">Ievietotaj\u0101 dokument\u0101 redzama <strong>Izra\u0113las v\u012bza<\/strong>. <\/span><\/p>\n<p><span style=\"color: #003300;\">Uz<strong> Izra\u0113lu <\/strong>izraid\u012bja visus nev\u0113lamos elementus, kurus v\u0113l nebija paguvu\u0161i noslepkavot.<\/span><\/p>\n<p><span style=\"color: #003300;\"><a href=\"http:\/\/tautastribunals.eu\/wp-content\/uploads\/2016\/07\/Za\u013c\u0161-tautastribunals.eu5.png\"><img decoding=\"async\" loading=\"lazy\" class=\"alignleft  wp-image-33200\" title=\"Za\u013c\u0161, tautastribunals.eu\" src=\"http:\/\/tautastribunals.eu\/wp-content\/uploads\/2016\/07\/Za\u013c\u0161-tautastribunals.eu5.png\" alt=\"Za\u013c\u0161, tautastribunals.eu\" width=\"1628\" height=\"229\" srcset=\"https:\/\/tautastribunals.eu\/wp-content\/uploads\/2016\/07\/Za\u013c\u0161-tautastribunals.eu5.png 950w, https:\/\/tautastribunals.eu\/wp-content\/uploads\/2016\/07\/Za\u013c\u0161-tautastribunals.eu5-300x42.png 300w, https:\/\/tautastribunals.eu\/wp-content\/uploads\/2016\/07\/Za\u013c\u0161-tautastribunals.eu5-800x112.png 800w\" sizes=\"(max-width: 1628px) 100vw, 1628px\" \/><\/a><\/span><span style=\"color: #003300;\"><a href=\"http:\/\/tautastribunals.eu\/wp-content\/uploads\/2016\/07\/Izra\u0113la.Godmanis.LRTT.Granti\u0146\u0161.Latvija.jpg\"><img decoding=\"async\" loading=\"lazy\" class=\"alignleft  wp-image-33204\" title=\"Izra\u0113la.Godmanis.LRTT.Granti\u0146\u0161.Latvija\" src=\"http:\/\/tautastribunals.eu\/wp-content\/uploads\/2016\/07\/Izra\u0113la.Godmanis.LRTT.Granti\u0146\u0161.Latvija.jpg\" alt=\"Izra\u0113la.Godmanis.LRTT.Granti\u0146\u0161.Latvija\" width=\"388\" height=\"609\" srcset=\"https:\/\/tautastribunals.eu\/wp-content\/uploads\/2016\/07\/Izra\u0113la.Godmanis.LRTT.Granti\u0146\u0161.Latvija.jpg 743w, https:\/\/tautastribunals.eu\/wp-content\/uploads\/2016\/07\/Izra\u0113la.Godmanis.LRTT.Granti\u0146\u0161.Latvija-191x300.jpg 191w, https:\/\/tautastribunals.eu\/wp-content\/uploads\/2016\/07\/Izra\u0113la.Godmanis.LRTT.Granti\u0146\u0161.Latvija-510x800.jpg 510w\" sizes=\"(max-width: 388px) 100vw, 388px\" \/><\/a><\/span><span style=\"color: #003300;\">Turpin\u0101jums rakstam:<a href=\"http:\/\/tautastribunals.eu\/?p=33113\"><strong> &#8220;Vi\u0146u v\u0101rdi un noziegumi j\u0101zin !&#8221;<\/strong><\/a><\/span><\/p>\n<p><span style=\"color: #003300;\">Eksperte <strong>Ilona Kronberga<\/strong> ir \u013coti centusies iztapt<span style=\"text-decoration: underline;\"> okup\u0101cijas re\u017e\u012bma ielikte\u0146iem- komunistiskajiem noziedzniekiem<\/span>. <\/span><\/p>\n<p><span style=\"color: #003300;\">Ja <strong>&#8220;eksperts&#8221; Tre\u013cis<\/strong><em>(\u0112riks Tre\u013cs)<\/em> savu ekspert\u012bzes samazgu spaini uz <strong>L. Granti\u0146u <\/strong>bija izg\u0101zis 20 lpp. garum\u0101, tad m\u016bsu <strong>Iloni\u0146a <\/strong>to ir veikusi uz vesel\u0101m 49 lpp. T\u0101 teikt, dro\u0161s paliek nedro\u0161s: jo vair\u0101k, jo lab\u0101k, un jo dzi\u013c\u0101k, jo m\u012b\u013c\u0101k !!! T\u0101 esot aus\u012b \u010dukst\u0113ju\u0161as tautas nodev\u0113jam, latviski labi run\u0101jo\u0161ajam kriev\u017e\u012bdam <strong>Godmanim <\/strong>vi\u0146a abas <strong>&#8220;matraces&#8221;, Sandra Kalniete<\/strong> un <strong>Elita Veidemane<\/strong>, kuras \u0161odien ir labi un p\u0101rtic\u012bgi iek\u0101rtotas. \u0160odien god\u0101ti tiek izvirtu\u013ci un nodev\u0113ji\u2026 . <\/span><\/p>\n<p><span style=\"color: #003300;\">\u0160aj\u0101 video <strong>Godmanis<\/strong> pats sevi nodod, sakot, k<\/span><span style=\"color: #003300;\">a vi\u0146\u0161 dom\u0101 krieviski<em>(kriev\u017e\u012bdiski)<\/em>. <a href=\"https:\/\/www.youtube.com\/watch?v=SboB23PfLro\">https:\/\/www.youtube.com\/watch?v=SboB23PfLro<\/a> B\u016btu smiekl\u012bgi un pat noziedz\u012bgi dom\u0101t, ka \u0161is haz\u0101r- \u017e\u012bds r\u016bp\u0113sies par <strong>Latvijas<\/strong> un<strong> latvie\u0161u tautas<\/strong> labkl\u0101j\u012bbu. Vi\u0146\u0161 prot tikai zagt un slepkavot, sl\u0113pjot<\/span><span style=\"color: #003300;\">ies zem <strong>LR DP<\/strong> izk\u0101rtnes. <\/span><\/p>\n<p><span style=\"color: #003300;\">Man<em>(L. Granti\u0146am<\/em><\/span><span style=\"color: #003300;\"><em>)<\/em> k\u0101ds <strong>Godma\u0146a <\/strong>kaimi\u0146\u0161 reiz sac\u012bja:<strong> \u201cJa Ivari\u0146a t\u0113vam Teodoram v\u0113l bija k\u0101da kripati\u0146a latvie\u0161u asinis, tad Ivari\u0146am t\u0101du nav vairs nemaz !\u201d <\/strong><\/span><\/p>\n<p><span style=\"color: #003300;\">Kad <strong>\u201cSu\u0146u b\u016bdas\u201d<\/strong> f\u012brers <strong>A. Kaimi\u0146\u0161<\/strong> uzdeva<strong> Godmanim <\/strong>jaut\u0101jumu: <strong>\u201cVai tu esi ebrejs ?\u201d<\/strong> Vi\u0146\u0161 atbild\u0113ja pareizi, ka neesot ebrejs. Protams, ka vi\u0146\u0161 nav ebrejs, vi\u0146\u0161 ir latviski run\u0101jo\u0161s, bet krieviski dom\u0101jo\u0161s haz\u0101r- \u017e\u012bds<em>(a\u0161ken\u0101z\u012b, t\u0101tad- kriev\u017e\u012bds)<\/em>, kuram nav nek\u0101ds sakars ar<\/span><span style=\"color: #003300;\"> sem\u012btiskas izcelsmes ebrejiem. <\/span><\/p>\n<p><span style=\"color: #003300;\">Cik uzkr\u012bto\u0161i \u0161ie v\u0113sturiskie band\u012btvalsts-<strong> Haz\u0101rijas <\/strong>klaido\u0146i sevi pat ar varu piespie\u017e latvie\u0161us saukt vi\u0146us par ebrejiem, lai var\u0113tu veikt <span style=\"text-decoration: underline;\"><strong>noziegumus holokausta aizseg\u0101 <\/strong><\/span>!!!<\/span><\/p>\n<p><span style=\"color: #003300;\">Viss <strong>I. Kronbergas &#8220;ekspertojums&#8221; <\/strong>nor\u0101da uz to, ka<strong> Latvijas Republikas okup\u0101cija <\/strong>ir bijusi likum\u012bga un pat nepiecie\u0161ama. Nekur netiek piemin\u0113ts, k\u0101da iemesla p\u0113c ir rad\u012bts<strong> Latvijas Republikas tautas tribun\u0101ls <\/strong>? Tiek piln\u012bgi absurd\u0101 un nesakar\u012bg\u0101 veid\u0101 izdar\u012bti secin\u0101jumi. Tikai t\u0101du noziedz\u012bgu, glumu un gar\u012bgi smird\u012bgu <strong>&#8220;ekspertu&#8221;<\/strong> d\u0113\u013c var past\u0101v\u0113t \u0161\u012b noziedznieku banda, kas \u0161odien izn\u012bcina m\u016bsu tautu un valsti.<\/span><\/p>\n<p>Vai par to pirms se\u0161iem gadiem nerun\u0101ja A.<strong> Gr\u016btups<\/strong>: <a href=\"http:\/\/www.tvnet.lv\/online_tv\/4589-lzk_viesos_andris_grutups\" rel=\"nofollow\">http:\/\/www.tvnet.lv\/online_tv\/4589-lzk_viesos_andris_grutups<\/a><\/p>\n<p><span style=\"color: #003300;\">Mana, uz 500 lpp. <strong>&#8220;trekn\u0101&#8221; <\/strong>krimin\u0101llieta, b\u016bs par aps\u016bdz\u012bbas pamatu <strong>4. maija kli\u0137ei<\/strong> un \u0161iem \u00a0<strong>&#8220;ekspertiem&#8221;<\/strong> starptautiskaj\u0101 <strong>Tribun\u0101l\u0101 H\u0101g\u0101<\/strong>.<\/span><\/p>\n<p><span style=\"color: #003300;\"><span style=\"text-decoration: underline;\">K\u0101da m\u016b\u017esen\u0101 atzi\u0146a skan<\/span>:<strong> &#8220;Dots dev\u0113jam atdosies !&#8221;<\/strong><\/span><\/p>\n<p><span style=\"color: #003300;\"><a href=\"http:\/\/tautastribunals.eu\/wp-content\/uploads\/2016\/07\/Ilona-Kronberga.LRTT.PNG\"><img decoding=\"async\" loading=\"lazy\" class=\"alignleft size-full wp-image-33227\" title=\"Ilona Kronberga.LRTT\" src=\"http:\/\/tautastribunals.eu\/wp-content\/uploads\/2016\/07\/Ilona-Kronberga.LRTT.PNG\" alt=\"Ilona Kronberga.LRTT\" width=\"160\" height=\"225\" \/><\/a><\/span><\/p>\n<p><strong>FOTO:<\/strong> <span style=\"color: #ff0000;\"><em>Un k\u0101, Iloni\u0146, ir ar j\u016bsu nacion\u0101lo izcelsmi ? Vai tom\u0113r nav j\u016bsos kas azi\u0101tisks ? Vai jums ir mor\u0101las ties\u012bbas veikt &#8220;ekspert\u012bzes&#8221; par tiem, kuri nepieder j\u016bsu \u0123en\u0113tiskajai tuv\u012bbai ? Piem\u0113rs: Vai neb\u016btu absurdi, ja gur\u0137is run\u0101tu par burk\u0101na \u012bpa\u0161\u012bb\u0101m un pasaules uztveri ? Kas jums ir devis ties\u012bbas &#8220;ekspert\u012bz\u0113t&#8221; par latvie\u0161iem ? Esperts Tre\u013cs jau ar\u012b nav latviskas izcelsmes ! Ja es paskatos uz uzv\u0101rdiem, kuri saist\u012bti ar manu lietu, tad rodas t\u0101da d\u012bvaina saj\u016bta&#8230; , M. Aukstikalnis, V. Ivonauska, M. Dolgova, G. Lorencs. A. Save\u013cjevs, R. Po\u013caks, A. Voino, K. Kraveca, Iluta Saul\u012bte\u2026 . Latviete \u0160arlote B\u0113rzi\u0146a atteic\u0101s piedal\u012bties \u0161aj\u0101 noziegum\u0101&#8230;. bet jums, k\u0101 redzams, \u0161\u012b nodarbo\u0161\u0101n\u0101s ir \u012bsta medusmaize !<br \/>\n<\/em><\/span><\/p>\n<p><span style=\"color: #003300;\">Min\u0113\u0161u tikai vienu \u013coti b\u016btisku, pr\u0101tam neaptveramu mel\u012bgu <strong>I. Kronbergas<\/strong> secin\u0101jumu, kur es rakstu par <strong>Baigo gadu. <\/strong>Sprie\u017e <strong>Kronberga<\/strong>: <span style=\"color: #800080;\"><em>&#8220;No autora apgalvojumiem, latvie\u0161u taut\u012bbai pieder\u012bgs las\u012bt\u0101js var saprast, ka autora r\u012bc\u012bb\u0101 ir inform\u0101cija, atsauces uz kuru vi\u0146\u0161 gan nesniedz, nedz nor\u0101da uz t\u0101s ieg\u016b\u0161anas citiem veidiem vai avotiem, kuras rezult\u0101t\u0101 autors ir izdar\u012bjis secin\u0101jumu, ka krievu un ebreju tautai pieder\u012bgie ir v\u0113rsu\u0161ies pret latvie\u0161u taut\u012bbas cilv\u0113kiem ar m\u0113r\u0137i tos izn\u012bcin\u0101t. \u0160\u0101ds apgalvojums las\u012bt\u0101jam var izrais\u012bt nepatiku, dusmas, aizvainojumu un naidu pret krievu un ebreju tautai pieder\u012bgajiem. Ebreju un krievu taut\u012bbas cilv\u0113kiem(ieklausies, latviet, \u0161aj\u0101 formul\u0113jum\u0101; ebreju un krievu taut\u012bbas cilv\u0113ku ! ja tas j\u0101uzsver, ka tas dom\u0101ts uz cilv\u0113kiem, tad j\u0101saprot, ka var b\u016bt ar\u012b ebreju un krievu taut\u012bbas zv\u0113ri, lopi vai kas l\u012bdz\u012bgs !), kuri iepaz\u012bstas ar \u0161\u0101das publik\u0101cijas saturu, var rasties priek\u0161stats, ka past\u0101v t\u0101di latvie\u0161u taut\u012bbas cilv\u0113ki, kuri izplata objekt\u012bvos faktos nepamatotu inform\u0101ciju par ebreju un krievu taut\u012bbas cilv\u0113kiem, draud vi\u0146us izn\u012bcin\u0101t, neuzskatot tos par cilv\u0113kiem un noliedzot vi\u0146u ties\u012bbas dz\u012bvot, t\u0101dej\u0101di ebreju un krievu taut\u012bbas cilv\u0113ki var izjust bailes, dusmas un naidu pret latvie\u0161u tautai pieder\u012bgajiem.&#8221;<\/em><\/span><\/span><\/p>\n<p><span style=\"color: #003300;\">\u0160\u012b no\u017e\u0113lojam\u0101 rad\u012bba secina, ka autors, l\u016bk, nesniedzot atsauces !!!<\/span><\/p>\n<p><span style=\"color: #003300;\">Par ko nesniedz atsauces ? <\/span><\/p>\n<p><span style=\"color: #003300;\">Vai par <strong>Baigo gadu<\/strong> un <strong>l\u012b\u0137u kaudz\u0113m<\/strong>, par ko ir izdotas neskait\u0101mas gr\u0101matas un pilns internets ???<\/span><\/p>\n<p><span style=\"color: #003300;\">Viss ir sac\u012bts<em>(ekspert\u012bz\u0113ts)<\/em> sta\u013cinisma stil\u0101:<strong> &#8220;Cilv\u0113ks ir, pantu atrad\u012bsim !&#8221;<\/strong><\/span><\/p>\n<p><span style=\"color: #003300;\">T\u0101da, l\u016bk, ir kriev\u017e\u012bdisk\u0101 okupantu lo\u0123ika vis\u0101 sav\u0101 spo\u017eum\u0101 !<\/span><\/p>\n<h2><span style=\"color: #ff0000;\">Okup\u0101cija bija, bet okupanti nav !!!<\/span><\/h2>\n<h2><\/h2>\n<h2><span style=\"color: #ff0000;\">No\u0161autu latvie\u0161u l\u012b\u0137u kaudzes bija, bet \u0161\u0101v\u0113ji nav !!!<\/span><\/h2>\n<h2><\/h2>\n<h2><span style=\"color: #ff0000;\">Deport\u0113tie bija bet deport\u0113t\u0101ji nav !!!<\/span><\/h2>\n<p><span style=\"color: #003300;\">Un tie \u0101rpr\u0101ta meli par ebrejiem !!!<\/span><\/p>\n<p><span style=\"color: #003300;\">Es nekad nevienu ebreju neesmu apvainojis, jo t\u0101di <strong>Latvij\u0101<\/strong> nekad nav biju\u0161i un ar\u012b nav ! Ebrejs ir sem\u012btiskas izcelsmes ! Es esmu nevis apvainojis, bet korekti nor\u0101d\u012bjis, ka <strong>Latviju<\/strong> okup\u0113ja<strong> PSRS<\/strong> un latvie\u0161us \u0161\u0101va- izn\u012bcin\u0101ja okupanti kriev\u017e\u012bdi, kuri ir tjurkiskas izcelsmes un d\u0113v\u0113ti par \u017e\u012bdiem tiek savas reli\u0123ijas d\u0113\u013c !!!<\/span><\/p>\n<p><span style=\"color: #003300;\"><strong>Latvij\u0101<\/strong> nav krievu un \u017e\u012bdu &#8220;<strong>taut\u012bbas cilv\u0113ki<\/strong>&#8220;, bet ir <strong>ruskojazi\u010dnije okupanti<\/strong>, kuri <strong><span style=\"text-decoration: underline;\">atrodas Latvij\u0101 nelikum\u012bgi <\/span><\/strong>!!!<\/span><\/p>\n<p><span style=\"color: #003300;\">Es ar\u012b cilv\u0113ks vien esmu un emocijas man nav sve\u0161\u0101s. Nekad nevienam \u013caunu neesmu nedz dar\u012bjis, nedz ar\u012b v\u0113l\u0113jis. Vienm\u0113r esmu centies pal\u012bdz\u0113t un uz maksu neesmu orient\u0113jies. Esmu visu m\u016b\u017eu god\u012bgi str\u0101d\u0101jis un ne sant\u012bmu neesmu nozadzis ! \u013bauno neieredzu l\u012bdz sirds dzi\u013cumiem un t\u0101p\u0113c saku uz \u0161o nelieti <strong>Kronbergu<\/strong>: <strong>&#8220;Kaut tu civiliz\u0101cijas samazga aizr\u012btos ar sav\u0101m s\u0101taniskaj\u0101m nodev\u012bbas g\u013cot\u0101m ! Tu, ar saviem darba dev\u0113jiem, sa\u0146emsi visu, ko viens nodev\u0113js ir peln\u012bjis !&#8221;<\/strong><\/span><\/p>\n<p><span style=\"color: #003300;\">\u0160aj\u0101 sakar\u0101 es gribu piemin\u0113t otru eksperti-<strong> \u0160arloti B\u0113rzi\u0146u<\/strong>, kura pirmaj\u0101 aps\u016bdz\u012bb\u0101 tika piemin\u0113ta, bet k\u0101 izr\u0101d\u0101s, tad <strong><span style=\"text-decoration: underline;\">atteikusies veikt \u0161o noziedz\u012bgo pas\u016bt\u012bjumu<\/span><\/strong>. Bet neskatoties uz to, vi\u0146a figur\u0113 man\u0101 aps\u016bdz\u012bb\u0101 un t\u0101p\u0113c tika \u0161aj\u0101 vietn\u0113 piemin\u0113ta nel\u0101g\u0101 gaism\u0101.<strong> LRTT<\/strong> izsaka no\u017e\u0113lu, ka <strong>\u0160arlote B\u0113rzi\u0146a <\/strong>pateic\u012bbas viet\u0101 sa\u0146\u0113musi neslavu, bet v\u0113sturiski gar\u0101k\u0101 laika posm\u0101 vi\u0146a tiks va\u013c\u0101 no \u0161\u012b apvainojuma. Izdz\u0113st no \u0161\u012bs <strong>i- vietnes <\/strong>es vi\u0146u nevaru, jo tad zud\u012bs k\u0101ds \u013coti svar\u012bgs aps\u016bdz\u012bbas posms aps\u016bdz\u012bb\u0101 pret valdo\u0161\u0101s kli\u0137es noziegumiem, kurus t\u0101 veikusi pret latvie\u0161u tautu un cilv\u0113ci.<\/span><\/p>\n<p><span style=\"color: #003300;\"><strong>LRTT <\/strong>pateicas <strong>\u0160arlotei B\u0113rzi\u0146ai,<\/strong> ka vi\u0146a nepiekrita veikt \u0161o noziedz\u012bgo <strong>\u201cekspert\u012bzi\u201d.<\/strong> T\u0101 ir tom\u0113r sava veida drosme, ja m\u0113s zin\u0101m, ka <strong>\u0161odien Latvij\u0101 <\/strong>valda <strong>\u0160ustina p\u0113cn\u0101c\u0113ji<\/strong>, pasaules v\u0113stur\u0113 liel\u0101kie noziedznieki. Nobeigum\u0101 tiek pielikts <strong>\u201dinteresants\u201d<\/strong> dokuments, kas sev\u012b sl\u0113pj draudus- iedarbojas bied\u0113jo\u0161i uz cilv\u0113ka apzi\u0146u. Ar sarkanu pasv\u012btrota noziedz\u012bg\u0101- bai\u013cu izraiso\u0161\u0101 fr\u0101ze. Uz \u0161\u0101da veida <strong>\u201ctrikiem\u201d<\/strong> balst\u0101s <span style=\"text-decoration: underline;\">cionistu kontrol\u0113t\u0101 demokr\u0101tija<\/span>. T\u0101p\u0113c <strong>Sv\u0113t\u012bgs Tas<\/strong>, kur\u0161 ir sp\u0113j\u012bgs p\u0101rvar\u0113t \u0161o sl\u0113pto teroru un nepiedal\u012bties noziegum\u0101.<\/span><\/p>\n<h2><span style=\"text-decoration: underline;\"><span style=\"color: #003300;\"><span style=\"color: #ff0000;\">Br\u012bdina !!! par atteik\u0161anos !!! izdar\u012bt ekspert\u012bzi&#8230;!!!<\/span><\/span><\/span><\/h2>\n<p><span style=\"color: #003300;\"><span style=\"color: #ff0000;\"><span style=\"color: #000000;\"><a href=\"http:\/\/tautastribunals.eu\/wp-content\/uploads\/2016\/07\/\u0160arlote-B\u0113rzi\u0146a.-Granti\u0146\u0161.LRTT.jpg\"><img decoding=\"async\" loading=\"lazy\" class=\"alignleft size-full wp-image-33224\" title=\"\u0160arlote B\u0113rzi\u0146a. Granti\u0146\u0161.LRTT\" src=\"http:\/\/tautastribunals.eu\/wp-content\/uploads\/2016\/07\/\u0160arlote-B\u0113rzi\u0146a.-Granti\u0146\u0161.LRTT.jpg\" alt=\"\u0160arlote B\u0113rzi\u0146a. Granti\u0146\u0161.LRTT\" width=\"635\" height=\"416\" srcset=\"https:\/\/tautastribunals.eu\/wp-content\/uploads\/2016\/07\/\u0160arlote-B\u0113rzi\u0146a.-Granti\u0146\u0161.LRTT.jpg 1397w, https:\/\/tautastribunals.eu\/wp-content\/uploads\/2016\/07\/arlote-B\u0113rzi\u0146a.-Granti\u0146\u0161.LRTT-300x197.jpg 300w, https:\/\/tautastribunals.eu\/wp-content\/uploads\/2016\/07\/arlote-B\u0113rzi\u0146a.-Granti\u0146\u0161.LRTT-800x525.jpg 800w\" sizes=\"(max-width: 635px) 100vw, 635px\" \/><\/a>20.07.16\u00a0\u00a0\u00a0 LRTT<\/span><br \/>\n<\/span><\/span><\/p>\n","protected":false},"excerpt":{"rendered":"<p>Vai nav \u0161izofr\u0113nisks absurds no \u0161o okupantu un kolaboracionistu puses, ka piespiedu k\u0101rt\u0101 tiku padz\u012bts no Latvijas, bet tagad vi\u0146i ar visiem iesp\u0113jamiem un pat noziedz\u012bgiem l\u012bdzek\u013ciem mani grib dab\u016bt atpaka\u013c un ties\u0101t !&#46;&#46;&#46;<\/p>\n","protected":false},"author":1,"featured_media":0,"comment_status":"open","ping_status":"open","sticky":false,"template":"","format":"standard","meta":[],"categories":[1],"tags":[],"_links":{"self":[{"href":"https:\/\/tautastribunals.eu\/index.php?rest_route=\/wp\/v2\/posts\/33199"}],"collection":[{"href":"https:\/\/tautastribunals.eu\/index.php?rest_route=\/wp\/v2\/posts"}],"about":[{"href":"https:\/\/tautastribunals.eu\/index.php?rest_route=\/wp\/v2\/types\/post"}],"author":[{"embeddable":true,"href":"https:\/\/tautastribunals.eu\/index.php?rest_route=\/wp\/v2\/users\/1"}],"replies":[{"embeddable":true,"href":"https:\/\/tautastribunals.eu\/index.php?rest_route=%2Fwp%2Fv2%2Fcomments&post=33199"}],"version-history":[{"count":47,"href":"https:\/\/tautastribunals.eu\/index.php?rest_route=\/wp\/v2\/posts\/33199\/revisions"}],"predecessor-version":[{"id":61515,"href":"https:\/\/tautastribunals.eu\/index.php?rest_route=\/wp\/v2\/posts\/33199\/revisions\/61515"}],"wp:attachment":[{"href":"https:\/\/tautastribunals.eu\/index.php?rest_route=%2Fwp%2Fv2%2Fmedia&parent=33199"}],"wp:term":[{"taxonomy":"category","embeddable":true,"href":"https:\/\/tautastribunals.eu\/index.php?rest_route=%2Fwp%2Fv2%2Fcategories&post=33199"},{"taxonomy":"post_tag","embeddable":true,"href":"https:\/\/tautastribunals.eu\/index.php?rest_route=%2Fwp%2Fv2%2Ftags&post=33199"}],"curies":[{"name":"wp","href":"https:\/\/api.w.org\/{rel}","templated":true}]}}