{"id":32606,"date":"2016-06-19T09:42:06","date_gmt":"2016-06-19T06:42:06","guid":{"rendered":"http:\/\/tautastribunals.eu\/?p=32606"},"modified":"2016-06-19T11:02:29","modified_gmt":"2016-06-19T08:02:29","slug":"i-ronis-atklata-vestule-ievas-kundzeinobeigums","status":"publish","type":"post","link":"https:\/\/tautastribunals.eu\/?p=32606","title":{"rendered":"I. Ronis. Atkl\u0101ta v\u0113stule Ievas kundzei(nobeigums)"},"content":{"rendered":"<p><span style=\"color: #003300;\"><a href=\"http:\/\/tautastribunals.eu\/wp-content\/uploads\/2016\/06\/I.Ronis.-L.Granti\u0146\u0161.LRTT.-Helsinki-86.-R\u012bga2.PNG\"><img decoding=\"async\" loading=\"lazy\" class=\"alignleft size-full wp-image-32607\" title=\"I.Ronis. L.Granti\u0146\u0161.LRTT. Helsinki- 86. R\u012bga\" src=\"http:\/\/tautastribunals.eu\/wp-content\/uploads\/2016\/06\/I.Ronis.-L.Granti\u0146\u0161.LRTT.-Helsinki-86.-R\u012bga2.PNG\" alt=\"I.Ronis. L.Granti\u0146\u0161.LRTT. Helsinki- 86. R\u012bga\" width=\"629\" height=\"94\" \/><\/a><\/span><\/p>\n<h2>Raksta s\u0101kums: <em><a href=\"http:\/\/tautastribunals.eu\/?p=32501\">http:\/\/tautastribunals.eu\/?p=32501<\/a><\/em><\/h2>\n<p><span style=\"color: #003300;\">\u0160\u012b sl\u0101vu tauta v\u0113l kristie\u0161u \u0113ras s\u0101kum\u0101 apdz\u012bvoja m\u016bsdienu <strong>D\u0101nijas <\/strong>teritoriju. <\/span><\/p>\n<p><span style=\"color: #003300;\">Vi\u0146us iekaroja, izk\u0101va v\u012brus, bet atraitnes un meitas aprec\u0113ja, t\u0101s p\u0101rtautojot. Da\u013ca <strong>vagru <\/strong>caur <strong>Baltiju<\/strong> ar nemit\u012bg\u0101m kauj\u0101m atk\u0101p\u0101s uz <strong>Krieviju<\/strong>&#8211; un tie\u0161i vi\u0146i lika pamatus <strong>Krievijas valstiskumam<\/strong> ! Visas \u0161odien joproj\u0101m cirkul\u0113jo\u0161\u0101s v\u0113sturisk\u0101s le\u0123endas un anekdotes sacer\u0113tas galvenok\u0101rt p\u0113c <strong>Pr\u016bsijas <\/strong>princeses un <strong>Krievijas \u0137eizarienes Katr\u012bnas II<\/strong> pav\u0113les. \u0160\u012b sazv\u0113rniece, uzurpatore pas\u016bt\u012bja sava v\u012bra <strong>P\u0113tera III<\/strong> <strong>Romanova <\/strong>slepkav\u012bbu, <span style=\"text-decoration: underline;\">lai nozagtu vi\u0146am troni<\/span>, vair\u0101k gan sl\u0113pa patieso vi\u0146as dzimt\u0101s <strong>Pr\u016bsijas v\u0113sturi,<\/strong> kur ar<span style=\"color: #0000ff;\"><a href=\"http:\/\/tautastribunals.eu\/?p=7570\"><\/a><\/span><\/span><\/p>\n<h2><span style=\"color: #003300;\"><span style=\"color: #0000ff;\"><a href=\"http:\/\/tautastribunals.eu\/?p=7570\"> <em><span style=\"text-decoration: underline;\">viet\u0113jiem iedz\u012bvot\u0101jiem iekarot\u0101ji izr\u0113\u0137in\u0101j\u0101s l\u012bdz\u012bg\u0101 veid\u0101<\/span><\/em><\/a><em>.<\/em><\/span><\/span><\/h2>\n<p><span style=\"color: #003300;\"> <\/span><\/p>\n<p><span style=\"color: #003300;\"><strong>Bernadotu Nams<\/strong> b\u016bt\u012bb\u0101 ir uz\u0146\u0113mies pilnu juridisko atbild\u012bbu par \u0161o milz\u012bgo kara noziegumu sl\u0113p\u0161anu l\u012bdz m\u016bsu dien\u0101m- korump\u0113jot vai iebaidot <strong>LU <\/strong>v\u0113sturniekus, kuri par <strong><span style=\"text-decoration: underline;\">Baltijas senv\u0113sturi<\/span><\/strong><span style=\"text-decoration: underline;\"> melo ac\u012bs skat\u012bdamies<\/span>. Proti, <strong>Bernadotu Nama<\/strong> kara\u013ci vada <strong>Stokholmas masonu lo\u017eu<\/strong>, k\u0101 t\u0101s tradicion\u0101lie meistari, bet<strong> masonu lo\u017e\u0101 saist\u012bjusies Zviedrijas akad\u0113misk\u0101 elite<\/strong>, kura turpina atra\u017eot \u0161os <strong>Viduslaiku melus un peste\u013cus<\/strong>.<\/span><\/p>\n<p><span style=\"color: #003300;\"> <\/span><\/p>\n<p><span style=\"color: #003300;\">Neaizmirs\u012bsim ta\u010du <strong>\u0100dolfu Hitleru<\/strong>, kur\u0161 \u0161ai nordiskajai kungu rasei vien\u012bgai bija atv\u0113l\u0113jis kungu statusu- p\u0101r\u0113jie lab\u0101kaj\u0101 gad\u012bjum\u0101 b\u016btu vergi un dzimtcilv\u0113ki, <strong>bet slikt\u0101kaj\u0101- l\u012b\u0137i<\/strong>.<\/span><\/p>\n<p><span style=\"color: #003300;\"> <\/span><\/p>\n<p><span style=\"color: #003300;\"><strong>Krievijas ZA Krievijas v\u0113stures instit\u016bta <\/strong>direktoru akad\u0113mi\u0137i <strong>Saharovu <\/strong>no\u017e\u0113lojamais prof\u0101ns un nelga<strong> Putins <\/strong>padzina par<span style=\"text-decoration: underline;\"> m\u0113\u0123in\u0101jumu atslepenot <strong>Krievijas <\/strong>patieso v\u0113sturi<\/span>.<\/span><\/p>\n<p><span style=\"color: #003300;\"> <\/span><\/p>\n<p><span style=\"color: #003300;\">Divas reizes es l\u016bdzu <strong>Bernadotu Namu <\/strong>izbeigt atra\u017eot \u0161\u012bs v\u0113sturisk\u0101s bezj\u0113dz\u012bbas un sniegt pal\u012bdz\u012bgu roku izdz\u012bvoju\u0161ajam <strong>Rom\u0101novu Dinastiskajam Namam, <\/strong>jo ar\u012b zviedru prin\u010da <strong>Lennarta <\/strong>dz\u012bsl\u0101s rit\u0113ja Rom\u0101novu asinis.<\/span><\/p>\n<p><span style=\"color: #003300;\"> <\/span><\/p>\n<p><span style=\"color: #003300;\">2013. g. 5. apr\u012bl\u012b es to l\u016bdzu karalim <strong>K\u0101rlim XVI Gustavam <\/strong>un 2014. g. 17. j\u016bnij\u0101 <strong>kro\u0146princesei Viktorijai,<\/strong> ta\u010du nesa\u0146\u0113mu pat piekl\u0101j\u012bbas atbildi. Abas reizes ierados <strong>Stokholm\u0101 <\/strong>ar <strong>Tallink<\/strong> pr\u0101mi un v\u0113stules abiem min\u0113tajiem <strong>Bernadotu Nama<\/strong> locek\u013ciem iesniedzu vi\u0146u birojos pils laukum\u0101.<\/span><\/p>\n<p><span style=\"color: #003300;\"> <\/span><\/p>\n<p><span style=\"color: #003300;\">Ja Jums, <strong>Ievas kundze<\/strong>, rastos interese izlas\u012bt \u0161\u012bs bez atbildes atst\u0101t\u0101s v\u0113stules karalim un kro\u0146princesei, tad J\u016bs k\u0101 senie romie\u0161i novaiman\u0101tu: <strong>o tempor\u0113s, o mor\u0113s !<\/strong><em>(ak laiki, ak tikumi !)<\/em><\/span><\/p>\n<p><span style=\"color: #003300;\"> <\/span><\/p>\n<p><span style=\"color: #003300;\">Ta\u010du karalienes <strong>Silvijas<\/strong> prote\u017e\u0113tajai <strong>R\u012bgas juridiskajai augstskolai<\/strong> nekav\u0113joties ir anul\u0113jam licence, ta\u010du lai to pan\u0101ktu, ir j\u0101sace\u013c trauksme starptautisk\u0101 l\u012bmen\u012b. Proti, br\u012bdin\u0101ju min\u0113t\u0101s augstskolas rektoru un citas amatpersonas, ka <span style=\"color: #ff0000;\"><strong>R\u012bgas Juridisk\u0101s augstskolas profesors Egils Levits<\/strong><\/span> man\u0101 eksperta v\u0113rt\u0113jum\u0101 ir <strong><span style=\"color: #ff0000;\">KGB\/MOSSAD<\/span> <\/strong>dubulta\u0123ents, bet profesors, <strong>KGB<\/strong> pulkve\u017ea d\u0113ls<strong> Aivars Stranga <\/strong>ir viens no diviem visticam\u0101kajiem docenta<strong> Vi\u013c\u0146a P\u0101vul\u0101na <\/strong>slepkav\u0101m 1994. g. 2. j\u016bnij\u0101, vi\u0146a darba kabinet\u0101 <strong>LU,<\/strong> docentu burtiski sadurstot ar somu dunci. Tiesu medic\u012bnisk\u0101 ekspert\u012bze par n\u0101v\u0113jo\u0161iem atzina 2 d\u016brienus, ta\u010du policija at\u013c\u0101v\u0101s \u0161o slepkav\u012bbu norakst\u012bt uz slepkav\u012bbas r\u0113\u0137ina. . ZA korespond\u0113t\u0101jloceklis, docents <strong>Vilnis P\u0101vul\u0101ns<\/strong> bija ne tikai mans draugs un c\u012b\u0146u biedrs, bet ar\u012b <strong>augst\u0101k\u0101s kvalifik\u0101cijas normanistikas eksperts<\/strong> !!!<\/span><\/p>\n<p><span style=\"color: #003300;\"> <\/span><\/p>\n<p><span style=\"color: #003300;\">Vai ar\u012b \u0161aj\u0101 tra\u0123\u0113dij\u0101 mekl\u0113jamas<strong> Stokholmas<\/strong> p\u0113das ?<\/span><\/p>\n<p><span style=\"color: #003300;\"> <\/span><\/p>\n<p><span style=\"color: #003300;\">Nek\u0101da atbilde man netika sniegta, bet pats rupj\u0101 manier\u0113 tiku izraid\u012bts no <strong>R\u012bgas Juridisk\u0101s<\/strong> <strong>augstskolas <\/strong>telp\u0101m zem\u0101ko klerku l\u012bmen\u012b.<\/span><\/p>\n<p><span style=\"color: #003300;\"> <\/span><\/p>\n<p><span style=\"color: #003300;\">Tad jau patiesi ar\u012b \u0161aj\u0101 slepkav\u012bb\u0101 mekl\u0113jamas <strong>Stokholmas<\/strong> p\u0113das !<\/span><\/p>\n<p><span style=\"color: #003300;\"> <\/span><\/p>\n<p><span style=\"color: #003300;\">Rakstu Jums t\u0101p\u0113c, ka man\u0101 \u0161. g. 30. apr\u012b\u013ca atkl\u0101taj\u0101 v\u0113stul\u0113 <strong>Vienot\u012bba<\/strong>i- konfidencialit\u0101tes apsv\u0113rumu d\u0113\u013c nav piemin\u0113ta k\u0101da arhib\u016btiska lieta. Proti, pati \u0161ok\u0113jo\u0161\u0101k\u0101 persona <strong>Vienot\u012bbas <\/strong>vald\u0113 tom\u0113r ir iek\u0161lietu ministrs <strong>Rihards Kozlovskis<\/strong>. Neilgi pirms tam, kad premjers<span style=\"color: #ff0000;\"><strong> <span style=\"color: #003300;\">V. Dombrovskis<\/span><\/strong> <\/span>p\u0113c <span style=\"color: #003300;\"><strong>Grigorija Krup\u0146ikova<\/strong><\/span> draudz\u012bg\u0101 ieteikuma iec\u0113la iek\u0161lietu ministra amat\u0101<span style=\"color: #ff0000;\"><strong> <span style=\"color: #003300;\">Rihardu Kozlovski<\/span><\/strong><span style=\"color: #003300;\">&#8211;<\/span><strong> Kozlovskis atrad\u0101s cietum\u0101<\/strong>,<\/span> jo bija <span style=\"color: #ff0000;\"><strong>arest\u0113ts par re\u0101lu, notiku\u0161u izvaro\u0161anu<\/strong>.<\/span> No cietuma iek\u0161lietu ministra kr\u0113sl\u0101 <strong>Rihardu <\/strong>iemanevr\u0113ja vi\u0146a t\u0113vs zv\u0113rin\u0101ts advok\u0101ts <strong><span style=\"color: #003300;\">Vilhelms Kozlovskis,<\/span> <\/strong>nep\u0101rprotami<strong> <\/strong>ar manis vaj\u0101\u0161anas lietas materi\u0101liem, jo <strong>V. Kozlovskis<\/strong> bija bijis mans advok\u0101ts.<\/span><\/p>\n<p><span style=\"color: #003300;\"> <\/span><\/p>\n<p><span style=\"color: #003300;\">Vai <strong>Aivars<\/strong> un <strong>Rihards <\/strong>ar\u012b ir p\u0101rg\u0101ju\u0161i<strong> Stokholmas<\/strong> kalp\u012bb\u0101 ?<\/span><\/p>\n<p><span style=\"color: #003300;\"> <\/span><\/p>\n<h2><span style=\"color: #003300;\">Laikam gan, jo t\u0101di t\u0101dus atrod.<\/span><\/h2>\n<p><span style=\"color: #003300;\"> <\/span><\/p>\n<p><span style=\"color: #003300;\">Dom\u0101ju, ka Jums, k\u0101 pieredz\u0113ju\u0161ai politi\u0137ei, <strong>Ievas kundze<\/strong>, jau t\u0101pat vien bija k\u013cuvis skaidrs, k\u0101di frukti paties\u012bb\u0101 ir <strong>V. Dombrovskis, L. Straujuma <\/strong>un<strong> M. Ku\u010dinskis. <\/strong>Tiesa, pati \u0161ok\u0113jo\u0161\u0101k\u0101 gan ir <strong>Latvijas<\/strong> <span style=\"text-decoration: underline;\">\u017eurn\u0101listu konspirat\u012bvi sazv\u0113rniecisk\u0101 klus\u0113\u0161ana<\/span> <span style=\"text-decoration: underline;\">par cietumnieka- izvarot\u0101ja cel\u0161anu iek\u0161lietu ministra kr\u0113sl\u0101. <\/span>Pats izvarot\u0101ja arests gan bija av\u012bz\u0113s aprakst\u012bts visai ko\u0161i, netika aizmirsts, ka <strong>V. Kozlovskis<\/strong> pat bija centr\u0101l\u0101s v\u0113l\u0113\u0161anu komisijas priek\u0161s\u0113d\u0113t\u0101js un <strong>5. Saeima<\/strong> ir <span style=\"text-decoration: underline;\">vi\u0146a roku veikl\u012bbas darbs<\/span>, <strong>Gorbunova Latvijas Ce\u013cam<\/strong> izdalot liel\u0101ko vietu skaitu, bet <strong>Latvijas Tautas fronti<\/strong> atst\u0101jot aiz varas ku\u0123a &#8220;<strong>Kleptokr\u0101ts&#8221;<\/strong> borta.<\/span><\/p>\n<p><span style=\"color: #003300;\"> <\/span><\/p>\n<p><span style=\"color: #003300;\">Nu j\u0101, daudzi <strong>LU <\/strong>profesori sast\u0101ju\u0161ies <strong>Stokholmas <\/strong>lo\u017e\u0101.<\/span><\/p>\n<p><span style=\"color: #003300;\"> <\/span><\/p>\n<p><span style=\"color: #003300;\">Ar patiesu cie\u0146u.<\/span><\/p>\n<p><span style=\"color: #003300;\"> <\/span><\/p>\n<p><span style=\"color: #003300;\">2016. g. 2. j\u016bnija post scriptum.<\/span><\/p>\n<p><span style=\"color: #003300;\"> <\/span><\/p>\n<h3><span style=\"color: #003300;\">Ievas kundze ! <\/span><\/h3>\n<p><span style=\"color: #003300;\">Pazudus\u012b <strong>Minsterejas ieli\u0146a <\/strong>man izrais\u012bja nopietnas ba\u017eas, vai ar Jums nav izr\u0113\u0137in\u0101ju\u0161ies laup\u012bt\u0101jkapit\u0101lisma manier\u0113- J\u016bs izputinot manas nenodot\u0101s \u0161. g. 4. janv\u0101ra v\u0113stules d\u0113\u013c.\u00a0\u0160\u012b v\u0113stule bija adres\u0113ta ar\u012b <strong>M\u016bzikas akad\u0113mijas<\/strong> profesoriem <strong>Sergejam Osokinam<\/strong> un <strong>Imantam Resnim<\/strong>, ta\u010du tur bija min\u0113ts ar\u012b <strong><span style=\"text-decoration: underline;\">J\u016bsu v\u0101rds<\/span><\/strong>. \u0160aj\u0101 \u0161. g. 4.janv\u0101ra v\u0113stul\u0113 bija ar\u012b \u0161\u0101das rindas: \u201cTie\u0161i akad\u0113mi\u0137is <strong>J\u0101nis Stradi\u0146\u0161<\/strong> dr\u012bz organiz\u0113ja manis atcel\u0161anu 1996. gada febru\u0101r\u012b no<strong> Latvijas Universit\u0101tes Latvijas v\u0113stures instit\u016bta <\/strong>direktora amata 4 m\u0113ne\u0161us pirms direktora termi\u0146a iztec\u0113\u0161anas dr\u012bz man uzliekot piln\u012bgu profesijas aizliegumu, liedzot jebk\u0101du finans\u0113jumu no <strong>Latvijas zin\u0101tnes bud\u017eeta<\/strong>.<\/span><\/p>\n<p><span style=\"color: #003300;\"> <\/span><\/p>\n<p><span style=\"color: #003300;\">Pie vainas bija manis nesen sa\u0146emt\u0101 inform\u0101cija, ka akad\u0113mi\u0137is <strong>Pauls Stradi\u0146\u0161 Sta\u013cina<\/strong> laik\u0101 sav\u0101<strong> Biolo\u0123ijas<\/strong> un eksperiment\u0101l\u0101s medic\u012bnas instit\u016bt\u0101 bija <span style=\"text-decoration: underline;\">izmantojis medic\u012bniskiem eksperimentiem<strong> Gul\u0101ga<\/strong> ieslodz\u012btos<\/span>. Pirmais, pie kura centos \u0161o inform\u0101ciju p\u0101rbaud\u012bt, bija akad\u0113mi\u0137is <strong>J\u0101nis Stradi\u0146\u0161,<\/strong> min\u0113t\u0101 <strong>Paula <\/strong>d\u0113ls. <strong>J. Stradi\u0146am<\/strong> tas izrais\u012bja hist\u0113risku dusmu l\u0113kmi ar gandr\u012bz t\u016bl\u012bt\u0113ju vaj\u0101\u0161anas kampa\u0146u pret mani. Sapratu, ka tas bija <strong>Dieva sods<\/strong> par to, ka biju piev\u0113ris acis par <strong>J\u0101\u0146a Stradi\u0146a <\/strong>zin\u0101tnisko spiego\u0161anu <strong>Rietumu laboratorij\u0101s<\/strong>, kur vi\u0146\u0161 ierad\u0101s k\u0101 <strong>\u010dekas segorganiz\u0101cijas Kultkoma stipendi\u0101ts<\/strong>, p\u0113c tam sav\u0101<strong> LZA<\/strong> <strong>Organisk\u0101s sint\u0113zes instit\u016bta<\/strong> laboratorij\u0101 <strong><span style=\"text-decoration: underline;\">uzlau\u017eot Rietumu patentus<\/span><\/strong>.<\/span><\/p>\n<p><span style=\"color: #003300;\"> <\/span><\/p>\n<p><span style=\"color: #003300;\">Ja J\u016bs v\u0113l\u0113tos aizst\u0101v\u0113t joproj\u0101m ietekm\u012bg\u0101kos ofici\u0101l\u0101s<strong> Latvijas akad\u0113misk\u0101s pasaules <\/strong>autorit\u0101tes<strong>, LZA Sen\u0101ta<\/strong> priek\u0161s\u0113d\u0113t\u0101ja, akad\u0113mi\u0137a <strong>J\u0101\u0146a Stradi\u0146a<\/strong> cie\u0146u un godu, ko vi\u0146\u0161 pats joproj\u0101m nev\u0113las dar\u012bt, tad par <strong>Akad\u0113misk\u0101s Goda<\/strong> tiesas locek\u013ciem no savas puses iesaku v\u0113sturnieku, profesoru <strong>Heinrihu Strodu<\/strong> un atjaunot\u0101s <strong>Latvijas Universit\u0101tes <\/strong>pirmo rektoru, profesoru <strong>Juri Za\u0137i<\/strong>\u201d<em>(cit\u0101ta beigas).<\/em><\/span><\/p>\n<p><span style=\"color: #003300;\"> <\/span><\/p>\n<p><span style=\"color: #003300;\">Lietas b\u016bt\u012bba ir t\u0101, ka l\u012bdz p\u0113d\u0113jam laikam<strong> R\u012bgas ielu<\/strong> nosaukumus p\u0113c sava ieskata main\u012bja nu pat min\u0113tais <strong>J\u0101nis Stradi\u0146\u0161,<\/strong> bet <strong>M\u016bzikas akad\u0113mijas atbalst\u012bt\u0101ju <\/strong>lok\u0101 ir virkne <strong>J\u0101\u0146a Stradi\u0146a<\/strong> domubiedri, k\u0101 <strong>M\u0101rcis Auzi\u0146\u0161, Hel\u0113na Demakova, Dagm\u0101ra Beitnere- Le Galla<\/strong> un pats tuv\u0101kais <strong>Stradi\u0146a<\/strong> c\u012b\u0146u biedrs profesors <strong>J\u0101nis V\u0113tra<\/strong>.<\/span><\/p>\n<p><span style=\"color: #003300;\"> <\/span><\/p>\n<p><span style=\"color: #003300;\">Pats <strong>Stradi\u0146\u0161<\/strong> nekad nav \u012bpa\u0161i sl\u0113pis savu pieder\u012bbu <strong>KGB <\/strong>kontrol\u0113tai masonu da\u013cai, jo nep\u0101rprotami m\u0113\u0123in\u0101ja masonu noziedz\u012bgajos t\u012bklos ievilkt ar\u012b mani. <strong>Zviedrijas v\u0113stnieka R\u012bg\u0101 A. D\u0101la<\/strong> iev\u0113l\u0113\u0161ana par <strong>LZA <\/strong>\u0101rzemju locekli <strong>T\u0101\u013ca Millera<\/strong> un <strong>J\u0101\u0146a Stradi\u0146a<\/strong> prezident\u016bras laik\u0101- ta\u010du ir dro\u0161a liec\u012bba par <strong>Stradi\u0146a <\/strong>k\u0101diem kontaktiem ar <strong>Stokholmas masonu lo\u017eu<\/strong>.<\/span><\/p>\n<p><span style=\"color: #003300;\"> <\/span><\/p>\n<p><span style=\"color: #003300;\">Tas man izrais\u012bja visnopietn\u0101ko satraukumu par J\u016bsu personisko dro\u0161\u012bbu, jo aizvien nep\u0101rprotam\u0101k p\u0101rliecinos, ka <strong>Stokholma <\/strong>ir p\u0101rv\u0113rsta par vienu no <span style=\"text-decoration: underline;\">liel\u0101kajiem starptautisk\u0101s organiz\u0113t\u0101s noziedz\u012bbas centriem<\/span> un vienu no <span style=\"text-decoration: underline;\">galvenajiem glob\u0101lo teroristu kara finans\u0113t\u0101jiem<\/span> un <span style=\"text-decoration: underline;\">apbru\u0146ot\u0101jiem.<\/span> \u0160\u012b noziedz\u012bg\u0101 pasaule darbojas <strong>Bernadotu Nama<\/strong> un <strong>Stokholmas masonu lo\u017eas<\/strong> aizseg\u0101. <\/span><\/p>\n<p><span style=\"color: #003300;\"><a href=\"http:\/\/tautastribunals.eu\/wp-content\/uploads\/2016\/06\/Mavriks-Vulfsons.png\"><img decoding=\"async\" loading=\"lazy\" class=\"alignleft size-full wp-image-32623\" title=\"Mavriks-Vulfsons\" src=\"http:\/\/tautastribunals.eu\/wp-content\/uploads\/2016\/06\/Mavriks-Vulfsons.png\" alt=\"Mavriks-Vulfsons\" width=\"102\" height=\"123\" \/><\/a><\/span><\/p>\n<p><strong>FOTO<\/strong>: <span style=\"color: #ff0000;\"><em>Mavriks Vulfsons- latvie\u0161u virsnieku slepkava !!!<\/em><\/span><\/p>\n<p><span style=\"color: #003300;\">Pati b\u012bstam\u0101k\u0101 gangsteru korpor\u0101cija ir lielkapit\u0101listu grup\u0113jums ap <strong>SKANDINAVIEN ENSKILD BANKEN<\/strong> un <strong>Expresen,<\/strong> kur\u0161 izdod <strong>Dagen Nyheter <\/strong>un bija pirmais vald\u012bbas laikraksta <strong>DIENA<\/strong> prihvatizators- padzenot no autoru loka god\u012bgos v\u0113sturniekus, k\u0101 mani, bet radot popularit\u0101ti <strong>A. Rubika <\/strong>izpal\u012bgam <strong>Leo Dribinam<\/strong>, \u010dekistam- <span style=\"text-decoration: underline;\">latvie\u0161u virsnieku slepkavam<strong> Liten\u0113<\/strong><\/span><strong> <\/strong>1941. gad\u0101 <strong>Mavrikam Vulfsonam<\/strong> un taml\u012bdz\u012bgiem okup\u0101cijas laika atkritumiem.<\/span><\/p>\n<p><span style=\"color: #003300;\"> <\/span><\/p>\n<p><span style=\"color: #003300;\">\u0160\u012b banda pat nenopublic\u0113ja apmaks\u0101tu manu rekl\u0101mas sludin\u0101jumu, bet naudu piesavin\u0101j\u0101s ! Ta\u010du galven\u0101 b\u012bstam\u012bba sl\u0113pjas \u0161\u012bs lielkalibra laup\u012bt\u0101ju bandas izcelsm\u0113- t\u0101s kodolu veido <span style=\"color: #ff0000;\"><strong><span style=\"text-decoration: underline;\">etniskie ebreji<\/span><\/strong> <\/span>no <strong>Magribas zem\u0113m<\/strong>, kuri franciskoju\u0161i savus uzv\u0101rdus. <\/span><\/p>\n<p><span style=\"color: #003300;\">T\u0101 ir sena kara noziedznieku banda, kura sav\u0101 laik\u0101<strong> finans\u0113ja fran\u010du teroristisko organiz\u0101ciju OAS<\/strong>. Uz <strong>Stokholmas kurdu<\/strong> emigrantu kopienas b\u0101zes vi\u0146i izveidoja <strong>Kurdist\u0101nas Str\u0101dnieku<\/strong> <strong>partiju <\/strong>un pa\u0161laik cen\u0161as sar\u012bd\u012bt<strong> Krieviju<\/strong> un <strong>Turciju<\/strong>. \u0160ie band\u012bti ar\u012b nopirka no<strong> Jum\u012b\u0161a<\/strong> un <strong>\u0160abanska R\u012bg\u0101<\/strong> nozagt\u0101s psihotrono iero\u010du tehnolo\u0123ijas un taisa lielu naudu ar teroristu- <strong>pa\u0161n\u0101vnieku zomb\u0113\u0161anu.<\/strong> <span style=\"text-decoration: underline;\">Vi\u0146i ir ar\u012b galvenie <strong>Par\u012bzes <\/strong>un <strong>Briseles <\/strong>terora aktu autori<\/span>.<\/span><\/p>\n<p><span style=\"color: #003300;\"> <\/span><\/p>\n<p><span style=\"color: #003300;\">L\u016bk da\u017ei vi\u0146u v\u0101rdi ar vis\u0101m vi\u0146u adres\u0113m<em>(sakar\u0101 ar man neeso\u0161o v\u0101cu un zviedru rakst\u012bbu ievietoju sken\u0113jumu)<\/em>:<\/span><\/p>\n<p><span style=\"color: #003300;\"> <\/span><\/p>\n<p><span style=\"color: #003300;\"><a href=\"http:\/\/tautastribunals.eu\/wp-content\/uploads\/2016\/06\/eva-k.jpg\"><img decoding=\"async\" loading=\"lazy\" class=\"alignleft size-full wp-image-32620\" title=\"eva k\" src=\"http:\/\/tautastribunals.eu\/wp-content\/uploads\/2016\/06\/eva-k.jpg\" alt=\"eva k\" width=\"601\" height=\"349\" srcset=\"https:\/\/tautastribunals.eu\/wp-content\/uploads\/2016\/06\/eva-k.jpg 1537w, https:\/\/tautastribunals.eu\/wp-content\/uploads\/2016\/06\/eva-k-300x174.jpg 300w, https:\/\/tautastribunals.eu\/wp-content\/uploads\/2016\/06\/eva-k-799x465.jpg 799w\" sizes=\"(max-width: 601px) 100vw, 601px\" \/><\/a>\u0145emot v\u0113r\u0101 visu augst\u0101k min\u0113to, l\u016bdzu hum\u0101no cilv\u0113ku<strong> L. Granti\u0146a kungu<\/strong> nopublic\u0113t ar\u012b \u0161o atkl\u0101to v\u0113stuli <strong>Jums, Ievas kundze<\/strong> !<\/span><\/p>\n<p><span style=\"color: #003300;\"> <\/span><\/p>\n<p><span style=\"color: #003300;\">Ar patiesu cie\u0146u un cer\u012bb\u0101s uz visu labu<\/span><\/p>\n<p><span style=\"color: #003300;\"> <\/span><\/p>\n<p><span style=\"color: #003300;\">Indulis Ronis.<\/span><\/p>\n","protected":false},"excerpt":{"rendered":"<p>Raksta s\u0101kums: http:\/\/tautastribunals.eu\/?p=32501 \u0160\u012b sl\u0101vu tauta v\u0113l kristie\u0161u \u0113ras s\u0101kum\u0101 apdz\u012bvoja m\u016bsdienu D\u0101nijas teritoriju. Vi\u0146us iekaroja, izk\u0101va v\u012brus, bet atraitnes un meitas aprec\u0113ja, t\u0101s p\u0101rtautojot. Da\u013ca vagru caur Baltiju ar nemit\u012bg\u0101m kauj\u0101m atk\u0101p\u0101s uz&#46;&#46;&#46;<\/p>\n","protected":false},"author":1,"featured_media":0,"comment_status":"open","ping_status":"open","sticky":false,"template":"","format":"standard","meta":[],"categories":[1],"tags":[],"_links":{"self":[{"href":"https:\/\/tautastribunals.eu\/index.php?rest_route=\/wp\/v2\/posts\/32606"}],"collection":[{"href":"https:\/\/tautastribunals.eu\/index.php?rest_route=\/wp\/v2\/posts"}],"about":[{"href":"https:\/\/tautastribunals.eu\/index.php?rest_route=\/wp\/v2\/types\/post"}],"author":[{"embeddable":true,"href":"https:\/\/tautastribunals.eu\/index.php?rest_route=\/wp\/v2\/users\/1"}],"replies":[{"embeddable":true,"href":"https:\/\/tautastribunals.eu\/index.php?rest_route=%2Fwp%2Fv2%2Fcomments&post=32606"}],"version-history":[{"count":44,"href":"https:\/\/tautastribunals.eu\/index.php?rest_route=\/wp\/v2\/posts\/32606\/revisions"}],"predecessor-version":[{"id":32645,"href":"https:\/\/tautastribunals.eu\/index.php?rest_route=\/wp\/v2\/posts\/32606\/revisions\/32645"}],"wp:attachment":[{"href":"https:\/\/tautastribunals.eu\/index.php?rest_route=%2Fwp%2Fv2%2Fmedia&parent=32606"}],"wp:term":[{"taxonomy":"category","embeddable":true,"href":"https:\/\/tautastribunals.eu\/index.php?rest_route=%2Fwp%2Fv2%2Fcategories&post=32606"},{"taxonomy":"post_tag","embeddable":true,"href":"https:\/\/tautastribunals.eu\/index.php?rest_route=%2Fwp%2Fv2%2Ftags&post=32606"}],"curies":[{"name":"wp","href":"https:\/\/api.w.org\/{rel}","templated":true}]}}