{"id":32261,"date":"2016-06-01T23:13:01","date_gmt":"2016-06-01T20:13:01","guid":{"rendered":"http:\/\/tautastribunals.eu\/?p=32261"},"modified":"2016-06-01T23:29:59","modified_gmt":"2016-06-01T20:29:59","slug":"l-grantins-laupisana-krievzidukomunistu-cionistu-gara","status":"publish","type":"post","link":"https:\/\/tautastribunals.eu\/?p=32261","title":{"rendered":"L.Granti\u0146\u0161.Laup\u012b\u0161ana kriev\u017e\u012bdu(komunistu- cionistu) gar\u0101 !"},"content":{"rendered":"<p><span style=\"color: #003300;\"><a href=\"http:\/\/tautastribunals.eu\/wp-content\/uploads\/2016\/06\/Za\u013c\u0161-tautastribunals.eu41.png\"><img decoding=\"async\" loading=\"lazy\" class=\"alignleft size-full wp-image-32354\" title=\"Za\u013c\u0161-tautastribunals.eu4\" src=\"http:\/\/tautastribunals.eu\/wp-content\/uploads\/2016\/06\/Za\u013c\u0161-tautastribunals.eu41.png\" alt=\"Za\u013c\u0161-tautastribunals.eu4\" width=\"643\" height=\"86\" \/><\/a>Katram mums reiz pien\u0101k laiks, kad esam savu oblig\u0101to \u201c<strong>dienestu<\/strong>\u201d atkalpoju\u0161i un par to m\u0113s sa\u0146emam atzin\u012bbu- pensiju. <strong>V\u0101cij\u0101 <\/strong>vi\u0146u d\u0113v\u0113 par renti. Man \u0161is vecums <em>(66 gadi)<\/em> ir pien\u0101cis. Ofici\u0101li mans darba st\u0101\u017es skait\u0101s no 16 gadiem. T\u0101tad, pus- gadsimts. Neattaisnotu iemeslu d\u0113\u013c neesmu kav\u0113jis nevienu dienu. Ar\u012b vis\u0101 \u0161aj\u0101 pusgadsimt\u0101 neesmu ne reizi nogul\u0113jis darbu. <\/span><\/p>\n<p><span style=\"color: #003300;\">Praktiski esmu uzaudzis 19. gadsimta darba <strong>\u201capzi\u0146as\u201d<\/strong> gar\u0101, jo mans vect\u0113vs, pie kura esmu uzaudzis, bija dzimis 19. gadsimta beig\u0101s. Jau <strong>Sib\u012brij\u0101<\/strong>, kad manu vect\u0113vu atk\u0101rtoti arest\u0113ja un aizs\u016bt\u012bja uz <strong>Gulaga nometn\u0113m<\/strong> kaut kur <strong>Irkutskas <\/strong>apgabal\u0101, man jau 5 gadu vecum\u0101 vajadz\u0113ja mammai un omammai pal\u012bdz\u0113t pret\u012b z\u0101\u0123i vilkt, kad no stepes- taigas tika p\u0101rvilkta malka.<\/span><\/p>\n<p><span style=\"color: #003300;\"> <\/span><\/p>\n<p><span style=\"color: #003300;\">P\u0113c izdzimte\u0146a<strong>(sta\u013cina)<\/strong> nospr\u0101g\u0161anas 1956. gad\u0101 ziem\u0101 atgriez\u0101mies <strong>Latvij\u0101<\/strong>. Ar\u012b tad man bija j\u0101str\u0101d\u0101 no r\u012bta l\u012bdz v\u0113lam vakaram. Vect\u0113vs str\u0101d\u0101ja kolhoza d\u0101rzniec\u012bb\u0101 un man vi\u0146am vis\u0101s vasar\u0101s br\u012bvdien\u0101s bija j\u0101pal\u012bdz. Darbs bija ar zirgiem. Liel\u0101koties vad\u0101ju zirgu, kad tika aparti kult\u016braugi. Traktori toreiz v\u0113l tik pat k\u0101 nebija.<\/span><\/p>\n<p><span style=\"color: #003300;\"> <\/span><\/p>\n<p><span style=\"color: #003300;\">Atceros, ka man asaras saskr\u0113ja ac\u012bs, kad citi b\u0113rni draiskoj\u0101s. Beidzot kolhoza d\u0101rzniec\u012bbas darbus, ar\u012b m\u0101j\u0101s pietika ko dar\u012bt\u2026 .<\/span><\/p>\n<p><span style=\"color: #003300;\"> <\/span><\/p>\n<h2><span style=\"color: #003300;\">K\u0101p\u0113c es to visu st\u0101stu- \u017e\u0113lojos ?<\/span><\/h2>\n<p><span style=\"color: #003300;\"> <\/span><\/p>\n<p><span style=\"color: #003300;\"><strong><span style=\"text-decoration: underline;\"><a href=\"http:\/\/tautastribunals.eu\/wp-content\/uploads\/2016\/06\/A.Suharenko-Nils-U\u0161akovs-Putins-Urbanovi\u010ds.PNG\"><img decoding=\"async\" loading=\"lazy\" class=\"alignleft size-full wp-image-32357\" title=\"A.Suharenko, Nils U\u0161akovs, Putins, Urbanovi\u010ds\" src=\"http:\/\/tautastribunals.eu\/wp-content\/uploads\/2016\/06\/A.Suharenko-Nils-U\u0161akovs-Putins-Urbanovi\u010ds.PNG\" alt=\"A.Suharenko, Nils U\u0161akovs, Putins, Urbanovi\u010ds\" width=\"266\" height=\"492\" \/><\/a>Es ne\u017e\u0113lojos<\/span><\/strong>, ar to es gribu pasac\u012bt, ka es nek\u0101di nevaru saprast tos, kuri bez darba un uz citu sviedriem grib dz\u012bvot k\u0101 parad\u012bz\u0113.<\/span><\/p>\n<p><span style=\"color: #003300;\"> <\/span><\/p>\n<p>FOTO:<span style=\"color: #ff0000;\"><em> K\u0101p\u0113c \u0161ie padibenes atrodas man\u0101 Dimten\u0113 ? Nek\u0101ds referendums \u0161aj\u0101 jaut\u0101jum\u0101 nav noticis !<\/em><\/span><\/p>\n<p><span style=\"color: #003300;\"><strong><span style=\"text-decoration: underline;\">K\u0101p\u0113c tie<\/span><\/strong>, kuri okup\u0113ja <strong><span style=\"text-decoration: underline;\">manu T\u0113vzemi<\/span><\/strong> un slepkavoja <strong><span style=\"text-decoration: underline;\">manu tautu<\/span><\/strong>, \u0161odien, apzogot \u0161o <strong><span style=\"text-decoration: underline;\">manu tautu<\/span><\/strong>, peldas miljonos ?<\/span><\/p>\n<p><span style=\"color: #003300;\"> <\/span><\/p>\n<p><span style=\"color: #003300;\"><strong><span style=\"text-decoration: underline;\">K\u0101da mor\u0101le<\/span><\/strong> ir tiem, kuri zinot visus<span style=\"text-decoration: underline;\"> kriev\u017e\u012bdisk\u0101s kompartijas<em>(cionistu)<\/em> asinsdarbus<\/span> pret <strong><span style=\"text-decoration: underline;\">manu tautu<\/span><\/strong>, iest\u0101j\u0101s \u0161aj\u0101 partij\u0101 ?<\/span><\/p>\n<p><span style=\"color: #003300;\"> <\/span><\/p>\n<p><span style=\"color: #003300;\"><strong><span style=\"text-decoration: underline;\">K\u0101da \u0161iem komunistiem- \u010dekistiem ir mor\u0101le<\/span><\/strong>, kad vi\u0146i, izmantojot savu st\u0101vokli, sagr\u0101b\u0101s latvie\u0161u tautai piedero\u0161o, k\u013cuva par miljon\u0101riem ?<\/span><\/p>\n<p><span style=\"color: #003300;\"> <\/span><\/p>\n<p><span style=\"color: #003300;\"><strong><span style=\"text-decoration: underline;\">K\u0101da ir mor\u0101le<\/span><\/strong> tiem <strong>komunistiem- \u010dekistiem- kriev\u017e\u012bdiem<\/strong>, kuri sa\u0146em t\u016bksto\u0161iem lielas pensijas par tautas apzag\u0161anu un slepkavo\u0161anu, bet man atn\u0101k atbilde, ka par <strong>Latvij\u0101<\/strong> nostr\u0101d\u0101tiem 22 gadiem nepien\u0101kas nekas ?<\/span><\/p>\n<p><span style=\"color: #003300;\"> <\/span><\/p>\n<p><span style=\"color: #003300;\">Es nes\u016bt\u012bju piepras\u012bjumu <strong>Latvijai,<\/strong> to dar\u012bja v\u0101cu iest\u0101des. V\u0101cu iest\u0101d\u0113m ar\u012b tika sniegta t\u0101da pati atbildi, jo man atn\u0101ca pazi\u0146ojums, ka vi\u0146iem esot \u017e\u0113l, ka<strong> Latvija<\/strong> neko nemaks\u0101jot un t\u0101p\u0113c man palik\u0161ot t\u0101da summa, k\u0101da ir apr\u0113\u0137in\u0101ta bez <strong>Latvijas pensijas<\/strong>.<\/span><\/p>\n<p><span style=\"color: #003300;\"> <\/span><\/p>\n<p><span style=\"color: #003300;\">Gan jau izdz\u012bvo\u0161u, jo turpinu, cik manos sp\u0113kos, ar\u012b tagad str\u0101d\u0101t, bet runa ir par \u0161\u012bs <strong>zag\u013cu un slepkavu bandas, kura \u0161odien n\u012bd\u0113 manu T\u0113vzemi <\/strong>un <strong>manu tautu<\/strong>, attieksmi pret vienk\u0101r\u0161o cilv\u0113ku.<\/span><\/p>\n<p><span style=\"color: #003300;\"> <\/span><\/p>\n<p><span style=\"color: #003300;\">K\u0101p\u0113c kriev\u017e\u012bdiem <strong>Karginam, Godmanim, Lembergam<\/strong> u.c. no \u0161\u012bs s\u0101tanistu \u0161lakas, ir turpat vai pa miljardam uz vi\u0146u kontiem, bet latvie\u0161iem, no \u0161o kriev\u017e\u012bdu izlaup\u012bt\u0101s <strong>Dzimtenes<\/strong>, ir j\u0101brauc prom ?<\/span><\/p>\n<p><span style=\"color: #003300;\"> <\/span><\/p>\n<p><span style=\"color: #003300;\">Vi\u0146i, \u0161ie kriev\u017e\u012bdiskie asinssu\u0146i ir vareni t\u0101p\u0113c, ka aiz vi\u0146iem st\u0101v s\u0101tanisk\u0101 <strong>Izra\u0113la<\/strong>.<\/span><\/p>\n<p><span style=\"color: #003300;\"> <\/span><\/p>\n<p><span style=\"color: #003300;\">K\u0101p\u0113c t\u0101dam <span style=\"text-decoration: underline;\">zaglim- komunistam un slepkavam <strong>A.B\u0113rzi\u0146am<\/strong><\/span><strong> <\/strong>ir <strong>6 ooo<\/strong> eiro varena pensija ?<\/span><\/p>\n<p><span style=\"color: #003300;\"> <\/span><\/p>\n<p><span style=\"color: #003300;\">K\u0101p\u0113c <span style=\"text-decoration: underline;\">latvietim, kur\u0161 nostr\u0101d\u0101jis 45- 50 gadus ir tikai divi simti <\/span>?<\/span><\/p>\n<p><span style=\"color: #003300;\"> <\/span><\/p>\n<p><span style=\"color: #003300;\">K\u0101p\u0113c \u010dekas <span style=\"text-decoration: underline;\">a\u0123entam- provokatoram <strong>Jurim Vi\u0146\u0137elim<\/strong><\/span> jau 57 gadu<em>(2010.gad\u0101)<\/em> vecum\u0101 tika pie\u0161\u0137irta <strong><span style=\"text-decoration: underline;\">1500 Ls liela pensija<\/span><\/strong> ? <\/span><\/p>\n<p><span style=\"color: #003300;\">Visas <strong>\u201cz\u012bmes\u201d <\/strong>r\u0101da, ka<strong> Vi\u0146\u0137elis<\/strong> ir saist\u012bts ar <strong>helsinkie\u0161a H. L\u0101mas<\/strong> pazu\u0161anu. Varb\u016bt, ka t\u0101p\u0113c ar\u012b \u0161\u012b priek\u0161laic\u012bg\u0101 varen\u0101 pension\u0113\u0161an\u0101s\u2026 ?<\/span><\/p>\n<p><span style=\"color: #003300;\"> <\/span><\/p>\n<h2><span style=\"color: #003300;\">Vai tas nav kriev\u017e\u012bdu \u0101rpr\u0101ta genoc\u012bds pret latvie\u0161u tautu ?<\/span><\/h2>\n<p><span style=\"color: #003300;\"> <\/span><\/p>\n<p><span style=\"color: #003300;\">Vai <strong>R\u012bg\u0101<\/strong> \u0161odien \u0161\u012b kriev\u017e\u012bdu banda, ar <strong>U\u0161akovu un Suharenko<\/strong> priek\u0161gal\u0101, neveic genoc\u012bdu pret latvie\u0161u n\u0101ciju ? Apzin\u0101ti netiek celti latvie\u0161u b\u0113rnud\u0101rzi, bet tikai krievu ! Bez krievu valodas darbs latvietim netiek dots !!!<\/span><\/p>\n<p><span style=\"color: #003300;\"> <\/span><\/p>\n<p><span style=\"color: #003300;\">Notiek p\u0101rkrievo\u0161ana piln\u0101 spar\u0101, bet <span style=\"text-decoration: underline;\">latviski run\u0101jo\u0161ais<\/span> <strong>kriev\u017e\u012bds V\u0113jonis<\/strong> to neredz !<\/span><\/p>\n<p><span style=\"color: #003300;\"> <\/span><\/p>\n<p><span style=\"color: #003300;\"><strong>V\u0113jonis<\/strong> ir vispret\u012bg\u0101kais <strong>Maskavas- Telavivas ieliktenis<\/strong> !<\/span><\/p>\n<p><span style=\"color: #003300;\"> <\/span><\/p>\n<p><span style=\"color: #003300;\"><strong>Latvijas<\/strong> un ar\u012b <strong>Krievijas<\/strong> liktenis tiek lemts <strong>Telaviv\u0101.<\/strong><\/span><\/p>\n<p><span style=\"color: #003300;\"> <\/span><\/p>\n<p><span style=\"color: #003300;\"><strong>Putins<\/strong> ir \u017e\u012bds un ielikts lai sagrautu <strong>Krieviju<\/strong>. P\u0113c tam vis\u0101s sadal\u012btaj\u0101s da\u013c\u0101s prezidenti b\u016bs kriev\u017e\u012bdiskie <strong>&#8220;suharenki&#8221;<\/strong>. Vismaz vi\u0146i t\u0101 ir iecer\u0113ju\u0161i, bet: <strong>&#8220;\u017d\u012bds dom\u0101, bet Dievs dara !&#8221;<\/strong> Nu neizdosies vi\u0146iem \u0161\u012b smalki iecer\u0113t\u0101 sp\u0113le !<\/span><span style=\"color: #003300;\"> <strong>Sv\u0113tajos Rakstos <\/strong>ir sac\u012bts, k\u0101du galu \u0161ie <strong>s\u0101tanisti \u0146ems<\/strong> ! <\/span><\/p>\n<p><span style=\"color: #003300;\">Lasiet, ko saka biju\u0161\u0101 <strong>\u013be\u0146ingradas <\/strong>m\u0113ra<strong> Sap\u010daka<\/strong> atraitne:<a href=\"http:\/\/my-disain.ru\/lyudmila-narusova-istreblyat-russkijj-narod-pogolovno\/?_utl_t=fb\">(las\u012bt \u0161eit)KRIEVUS VAJAG PILN\u012aGI IZN\u012aCIN\u0100T !<\/a><br \/>\n<\/span><\/p>\n<p><span style=\"color: #003300;\"> <\/span><\/p>\n<h2><span style=\"color: #003300;\"><strong>Dievs<\/strong>, lai notiek tavs pr\u0101ts k\u0101 <strong>Debes\u012bs<\/strong>, t\u0101 ar\u012b virs zemes !!!<\/span><\/h2>\n<p><span style=\"color: #003300;\"> <\/span><\/p>\n<p><span style=\"color: #003300;\">Atmaksas stunda vairs nav t\u0101lu, jo <strong>Izra\u0113la<\/strong> ir atmaskota\u2026., vadzis l\u016bz\u012bs un mukt ta \u0161iem laup\u012bt\u0101jiem neb\u016bs kur ! <strong>Izra\u0113la<\/strong> ir starptautiski atz\u012bta par noziedznieku parad\u012bzi !<\/span><\/p>\n<p><span style=\"color: #003300;\"> <\/span><\/p>\n<p><span style=\"color: #003300;\">Bet tagad mazliet no interneta dz\u012bl\u0113m par \u0161eit piemin\u0113to t\u0113mu, jo sav\u0101d\u0101k k\u0101ds var iedom\u0101ties, ka tikai es viens t\u0101 dom\u0101ju. Raksta beig\u0101s <strong>kriev\u017e\u012bdisk\u0101s Latvijas atbilde<\/strong> manas pensijas liet\u0101.<\/span><\/p>\n<p><span style=\"color: #003300;\">01.06.16\u00a0\u00a0\u00a0\u00a0\u00a0 L. Granti\u0146\u0161<\/span><\/p>\n<p><span style=\"color: #003300;\">Dr\u012bz, latviet, dr\u012bz \u0161\u012b kriev\u017e\u012bdu marasma izzud\u012bs k\u0101 r\u012bta rasa spo\u017eajos saules starors un iest\u0101sies ilgi gaid\u012btais <a href=\"https:\/\/www.youtube.com\/watch?v=Ewn21FTZRGU\">SV\u0112TVAKARS <\/a> m\u016bs tautai.<br \/>\n<\/span><\/p>\n<p><a href=\"http:\/\/tautastribunals.eu\/wp-content\/uploads\/2016\/06\/L.Granti\u0146\u0161-P.-Br\u016bveris-J.-Vanags.PNG\"><img decoding=\"async\" loading=\"lazy\" class=\"alignleft size-full wp-image-32360\" title=\"L.Granti\u0146\u0161, P. Br\u016bveris, J. Vanags\" src=\"http:\/\/tautastribunals.eu\/wp-content\/uploads\/2016\/06\/L.Granti\u0146\u0161-P.-Br\u016bveris-J.-Vanags.PNG\" alt=\"L.Granti\u0146\u0161, P. Br\u016bveris, J. Vanags\" width=\"644\" height=\"81\" srcset=\"https:\/\/tautastribunals.eu\/wp-content\/uploads\/2016\/06\/L.Granti\u0146\u0161-P.-Br\u016bveris-J.-Vanags.PNG 929w, https:\/\/tautastribunals.eu\/wp-content\/uploads\/2016\/06\/L.Granti\u0146\u0161-P.-Br\u016bveris-J.-Vanags-300x37.PNG 300w, https:\/\/tautastribunals.eu\/wp-content\/uploads\/2016\/06\/L.Granti\u0146\u0161-P.-Br\u016bveris-J.-Vanags-800x100.PNG 800w\" sizes=\"(max-width: 644px) 100vw, 644px\" \/><\/a><span style=\"color: #008000;\"><a href=\"http:\/\/tautastribunals.eu\/wp-content\/uploads\/2016\/06\/A.-B\u0113rzi\u0146\u0161-Ulmanis-Zatlers.PNG\"><img decoding=\"async\" loading=\"lazy\" class=\"alignleft size-full wp-image-32361\" title=\"A. B\u0113rzi\u0146\u0161, Ulmanis, Zatlers\" src=\"http:\/\/tautastribunals.eu\/wp-content\/uploads\/2016\/06\/A.-B\u0113rzi\u0146\u0161-Ulmanis-Zatlers.PNG\" alt=\"A. B\u0113rzi\u0146\u0161, Ulmanis, Zatlers\" width=\"160\" height=\"185\" \/><\/a><\/span><\/p>\n<p>FOTO: <span style=\"color: #ff0000;\"><em>L\u016bk, \u0161im izdzimtenim, kur\u0161 apzogot tautu k\u013cuvis par vair\u0101kk\u0101rt\u0113ju miljon\u0101ru, knapi pietiekot ar 6 000 Eiro pensiju, bet Granti\u0146am nepien\u0101kas piln\u012bgi nekas ! Bet nu nekur jau tu dra\u0146\u0137i neizmuksi. Tiksi arest\u0113ts ar visu savu radinieku \u0161aiku l\u012bdz radniec\u012bbas desmitajai pak\u0101pei. Darba nometn\u0113 visiem b\u016bs j\u0101atpelna tautai nozagtais, bet pats PUVEKLIS publiski pak\u0101rts.<\/em><\/span><\/p>\n<p><span style=\"color: #003300;\">M\u016bsu prezidentam p\u0113c amatpersonas deklar\u0101cijas pensija 2014.gad\u0101 bijusi 78274 EUR, kas san\u0101k krietni virs 6000 m\u0113nes\u012b&#8230;<\/span><\/p>\n<p><span style=\"color: #003300;\"> <\/span><\/p>\n<p><span style=\"color: #003300;\"> <\/span><\/p>\n<p><span style=\"color: #003300;\"> <\/span><\/p>\n<p><span style=\"color: #003300;\">J\u0113dzieni &#8220;god\u012bgums&#8221; un &#8220;taisn\u012bgums&#8221; nav savienojami ar tiem sala\u0161\u0146\u0101m, kuri Latvij\u0101 atrodas pie varas kop\u0161 1991.gada. Atcer\u0113simies kaut vai godmani, \u0161\u0137\u0113li, \u0161leseru(\u013ce\u0161\u010dinski), birkavu, gaili, kalv\u012bti un v\u0113l rindu citu noziedznieku pret daba tautu. Kam\u0113r Latvija k\u0101 valsts past\u0101v\u0113s \u0161\u0101das bod\u012btes variant\u0101 k\u0101 \u0161odien, god\u012bgi str\u0101d\u0101jo\u0161ie nesa\u0146ems ne adekv\u0101tas algas par darbu, ne ar\u012b pien\u0101c\u012bgas pensijas.<\/span><\/p>\n<p><span style=\"color: #003300;\"> <\/span><\/p>\n<p><span style=\"color: #003300;\"> <\/span><\/p>\n<p><span style=\"color: #003300;\"> <\/span><\/p>\n<p><span style=\"color: #003300;\">Vispirms par\u0101diet ,kur Latvij\u0101 ir darbs iz\u0146emot R\u012bgu un Ventspili. Varb\u016bt lielaj\u0101 ostas pils\u0113t\u0101 Liep\u0101j\u0101 ,mu\u013c\u0137\u012bbas, ar\u012b tur bezdarbs k\u0101 Latgal\u0113 un jaunie izbrauku\u0161i trimd\u0101.<br \/>\nAugstajiem kungiem jau neinteres\u0113 k\u0101 j\u016btas un dz\u012bvo Latvijas iedz\u012bvot\u0101ji. Vi\u0146i t\u0101l\u0101k par saviem m\u012bkstajiem un ienes\u012bgajiem kr\u0113sliem neko neredz.<br \/>\nDombrovska un Vienot\u012bbas meli par &#8220;veiksmes st\u0101stu&#8221; tuvojas kraham. S\u0101k par\u0101d\u012bties patiesie st\u0101sti par nabadz\u012bgo Latviju. Dr\u012bz jau tas apstiprin\u0101sies visiem.<br \/>\nK\u0101 var dz\u012bvot vecie pension\u0101ri ar 70-200 eiro, ja puse j\u0101atdod par apkuri un citiem maks\u0101jumiem. K\u0101 var izdz\u012bvot \u0123imenes ar b\u0113rniem, ja tre\u0161\u0101 da\u013ca str\u0101d\u0101jo\u0161o sa\u0146em minim\u0101lo algu !<br \/>\nPar ko var \u0101rst\u0113ties, nopirkt z\u0101les, pa\u0113st&#8230;.. Slimie inval\u012bdi, daudzb\u0113rnu \u0123imenes un vientu\u013c\u0101s m\u0101tes pamesti likte\u0146a var\u0101. M\u016b\u017eu nostr\u0101d\u0101, bet vecumdien\u0101s nabags, kur v\u0113l t\u0101 ir ?<br \/>\nJa tu pasaki paties\u012bbu par dz\u012bvi Latvij\u0101, tad tevi uzskata par trolli, kremlistu vai nodev\u0113ju. L\u016bk, k\u0101dus laikus esam piedz\u012bvoju\u0161i. Daudz trak\u0101k k\u0101 padomij\u0101.<\/span><\/p>\n<p><span style=\"color: #003300;\"> <\/span><\/p>\n<p><span style=\"color: #003300;\"><span style=\"text-decoration: underline;\"> <\/span><\/span><\/p>\n<p><span style=\"color: #003300;\"> <\/span><\/p>\n<p><span style=\"color: #003300;\"><span style=\"text-decoration: underline;\">==========================================================================<\/span><br \/>\n<\/span><\/p>\n<p><span style=\"color: #003300;\"> <\/span><\/p>\n<p><span style=\"color: #003300;\"><a href=\"http:\/\/tautastribunals.eu\/wp-content\/uploads\/2016\/06\/Juris-Vi\u0146\u0137elis-Ilze-Vi\u0146\u0137ele1.PNG\"><img decoding=\"async\" loading=\"lazy\" class=\"alignleft size-full wp-image-32365\" title=\"Juris Vi\u0146\u0137elis, Ilze Vi\u0146\u0137ele\" src=\"http:\/\/tautastribunals.eu\/wp-content\/uploads\/2016\/06\/Juris-Vi\u0146\u0137elis-Ilze-Vi\u0146\u0137ele1.PNG\" alt=\"Juris Vi\u0146\u0137elis, Ilze Vi\u0146\u0137ele\" width=\"206\" height=\"276\" srcset=\"https:\/\/tautastribunals.eu\/wp-content\/uploads\/2016\/06\/Juris-Vi\u0146\u0137elis-Ilze-Vi\u0146\u0137ele1.PNG 315w, https:\/\/tautastribunals.eu\/wp-content\/uploads\/2016\/06\/Juris-Vi\u0146\u0137elis-Ilze-Vi\u0146\u0137ele1-223x300.PNG 223w\" sizes=\"(max-width: 206px) 100vw, 206px\" \/><\/a><\/span><\/p>\n<p>FOTO:<span style=\"color: #ff0000;\"><em> \u0160eit par \u0161o \u010dekas fek\u0101liju variet las\u012bt vair\u0101k !<\/em><\/span><\/p>\n<p><span style=\"color: #ff0000;\"><em> <\/em><\/span><\/p>\n<p><span style=\"color: #ff0000;\"><em>Kas vi\u0146\u0161 bija par preto\u0161\u0101n\u0101s kust\u012bbas &#8220;darbinieku&#8221; !<\/em><\/span><\/p>\n<p><a href=\"http:\/\/tautastribunals.eu\/?p=4169\">http:\/\/tautastribunals.eu\/?p=4169<\/a><\/p>\n<p><span style=\"color: #003300;\">Toties jau 2010. gad\u0101 J. Vi\u0146\u0137elis pensij\u0101 sa\u0146\u0113mis iespaid\u012bgu summu &#8211; 17 313 latus jeb vid\u0113ji 1442 latus m\u0113nes\u012b.<\/span><\/p>\n<p><span style=\"color: #003300;\"> <\/span><\/p>\n<p><span style=\"color: #003300;\"> <\/span><\/p>\n<p><span style=\"color: #003300;\"> <\/span><\/p>\n<p><span style=\"color: #003300;\">\u201cMana pensija apr\u0113\u0137in\u0101ta p\u0113c manis veiktaj\u0101m iemaks\u0101m soci\u0101laj\u0101 apdro\u0161in\u0101\u0161anas fond\u0101 \u2013 atbilsto\u0161i LR normat\u012bvajiem aktiem. Man ir vair\u0101k nek\u0101 40 gadu darba st\u0101\u017es, no kuriem gandr\u012bz puse ir veidojusies p\u0113c Latvijas neatkar\u012bbas atjauno\u0161anas\u201d, pietiek.lv paskaidro J. Vi\u0146\u0137elis.<\/span><\/p>\n<p><span style=\"color: #003300;\"> <\/span><\/p>\n<p><span style=\"color: #003300;\"> <\/span><\/p>\n<p><span style=\"color: #003300;\"> <\/span><\/p>\n<p><span style=\"color: #003300;\">Piecus gadus pirms pension\u0113\u0161an\u0101s vecuma (62 gadi) sasnieg\u0161anas pension\u0113ties vi\u0146am \u013c\u0101vis nacion\u0101l\u0101s preto\u0161an\u0101s kust\u012bbas dal\u012bbnieka statuss par politieslodz\u012bjuma laiku padomju re\u017e\u012bma cietum\u0101.<\/span><\/p>\n<p><a href=\"http:\/\/tautastribunals.eu\/wp-content\/uploads\/2016\/05\/w.-Linards-Granti\u0146\u0161.-Helsinki-86-Latvijas-Republikas-tautas-tribun\u0101ls.jpg\"><img decoding=\"async\" loading=\"lazy\" class=\"alignleft size-full wp-image-32262\" title=\"w. Linards Granti\u0146\u0161. Helsinki-86, Latvijas Republikas tautas tribun\u0101ls\" src=\"http:\/\/tautastribunals.eu\/wp-content\/uploads\/2016\/05\/w.-Linards-Granti\u0146\u0161.-Helsinki-86-Latvijas-Republikas-tautas-tribun\u0101ls.jpg\" alt=\"w. Linards Granti\u0146\u0161. Helsinki-86, Latvijas Republikas tautas tribun\u0101ls\" width=\"614\" height=\"936\" \/><\/a><\/p>\n","protected":false},"excerpt":{"rendered":"<p>Katram mums reiz pien\u0101k laiks, kad esam savu oblig\u0101to \u201cdienestu\u201d atkalpoju\u0161i un par to m\u0113s sa\u0146emam atzin\u012bbu- pensiju. V\u0101cij\u0101 vi\u0146u d\u0113v\u0113 par renti. Man \u0161is vecums (66 gadi) ir pien\u0101cis. Ofici\u0101li mans darba st\u0101\u017es&#46;&#46;&#46;<\/p>\n","protected":false},"author":1,"featured_media":0,"comment_status":"open","ping_status":"open","sticky":false,"template":"","format":"standard","meta":[],"categories":[1],"tags":[],"_links":{"self":[{"href":"https:\/\/tautastribunals.eu\/index.php?rest_route=\/wp\/v2\/posts\/32261"}],"collection":[{"href":"https:\/\/tautastribunals.eu\/index.php?rest_route=\/wp\/v2\/posts"}],"about":[{"href":"https:\/\/tautastribunals.eu\/index.php?rest_route=\/wp\/v2\/types\/post"}],"author":[{"embeddable":true,"href":"https:\/\/tautastribunals.eu\/index.php?rest_route=\/wp\/v2\/users\/1"}],"replies":[{"embeddable":true,"href":"https:\/\/tautastribunals.eu\/index.php?rest_route=%2Fwp%2Fv2%2Fcomments&post=32261"}],"version-history":[{"count":26,"href":"https:\/\/tautastribunals.eu\/index.php?rest_route=\/wp\/v2\/posts\/32261\/revisions"}],"predecessor-version":[{"id":58282,"href":"https:\/\/tautastribunals.eu\/index.php?rest_route=\/wp\/v2\/posts\/32261\/revisions\/58282"}],"wp:attachment":[{"href":"https:\/\/tautastribunals.eu\/index.php?rest_route=%2Fwp%2Fv2%2Fmedia&parent=32261"}],"wp:term":[{"taxonomy":"category","embeddable":true,"href":"https:\/\/tautastribunals.eu\/index.php?rest_route=%2Fwp%2Fv2%2Fcategories&post=32261"},{"taxonomy":"post_tag","embeddable":true,"href":"https:\/\/tautastribunals.eu\/index.php?rest_route=%2Fwp%2Fv2%2Ftags&post=32261"}],"curies":[{"name":"wp","href":"https:\/\/api.w.org\/{rel}","templated":true}]}}