{"id":3221,"date":"2010-11-12T21:22:02","date_gmt":"2010-11-12T19:22:02","guid":{"rendered":"http:\/\/tautastribunals.eu\/?p=3221"},"modified":"2010-11-12T21:22:02","modified_gmt":"2010-11-12T19:22:02","slug":"j-ziverts-pretigi-glumais-pabriks","status":"publish","type":"post","link":"https:\/\/tautastribunals.eu\/?p=3221","title":{"rendered":"J. Z\u012bverts. Pret\u012bgi glumais Pabriks."},"content":{"rendered":"<h2><span style=\"color: #008000\"><img decoding=\"async\" loading=\"lazy\" class=\"alignleft size-medium wp-image-3222\" src=\"http:\/\/tautastribunals.eu\/wp-content\/uploads\/2010\/11\/J\u0101nis-Z\u012bverts-207x300.jpg\" alt=\"J\u0101nis Z\u012bverts\" width=\"134\" height=\"185\" \/>Sveicin\u0101ti tautie\u0161i.<\/span><\/h2>\n<p><span style=\"color: #008000\">K\u0101rtojot pap\u012brus uzg\u0101ju \u0161o <strong>Dr. Ulafa Ja\u0146sona<\/strong><em>(Uldis \u0122\u0113rmanis)<\/em> piebildumus, kuros piemin\u0113ts ar\u012b es. Ja palasa manis teikto toreiz ar manis teikto \u0161odien, tad at\u0161\u0137ir\u012bba b\u016btu vien\u012bgi da\u017eu &#8220;aktieru&#8221; mai\u0146\u0101 \u0161aj\u0101 politte\u0101tr\u012b-balag\u0101n\u0101. <strong>Dr. Ulafs Ja\u0146sons<\/strong> skaidro, ka moment\u0101li nekas nenotiek, apzin\u012bgie un sabiedriski akt\u012bvie rodas t\u0101 pamaz\u0101m, pal\u0113n\u0101m. Rodas jau, var b\u016bt, rodas, bet m\u0113s varam nepasp\u0113t &#8220;sara\u017eot&#8221; tik daudz, lai kaut kas main\u012btos. Vienk\u0101r\u0161i, laika vairs nav tik daudz. Ja patreiz(!) m\u016bsu &#8220;draugiem&#8221; par kre\u0146\u0137iem krievi atstumti no varas gro\u017eiem, tad tas nav uz ilgu laiku. Atcer\u0113simies <strong>J. Urbanovi\u010da<\/strong> sol\u012bjumu sar\u012bkot <strong>Bi\u0161keku-2<\/strong>.<strong> Klementjevs<\/strong> draud g\u0101zt <em>&#8220;vald\u012bbu&#8221;,<\/em> ja neb\u016bs p\u0113c vi\u0146a pr\u0101ta. Un vi\u0146i to ar\u012b izdar\u012bs, nav jau leti\u0146\u0161- anti\u0146\u0161. Ar\u012b p\u0113d\u0113j\u0101s &#8220;v\u0113l\u0113\u0161anas&#8221; par\u0101d\u012bja, ka tom\u0113r esam <span style=\"text-decoration: underline\"><strong>Mu\u013c\u0137u zeme ar vis\u0101m tai piem\u012bto\u0161\u0101m paz\u012bm\u0113m.<\/strong><\/span> Pasaul\u0113 ir t\u0101di m\u016bsu\u00a0 &#8220;aizbild\u0146i&#8221;, kuri labpr\u0101t redz\u0113tu latvie\u0161u tautu &#8220;balt\u0101s \u010d\u012bbi\u0146\u0101s&#8221;, vai ar ubaga tarbu kakl\u0101 kl\u012bstam pa pasauli. Par p\u0113d\u0113jiem notikumiem politik\u0101 j\u016bs jau pa\u0161i ziniet.<\/span><\/p>\n<p><span style=\"color: #008000\">Tas, ka <strong>Vislatvie\u0161us(VL)<\/strong> &#8220;uzmeta&#8221; bija gaid\u0101ms. R\u016bciens no<strong> Austrumiem<\/strong>, spiediens no <strong>Rietumiem <\/strong>un pa\u0161m\u0101ju <em>&#8220;neatkar\u012bg\u0101s&#8221;<\/em> valsts <em>&#8220;vado\u0146iem&#8221;<\/em> bikses slapjas. Pret\u012bgi <strong>glumais Pabriks<\/strong> ar put\u0101m uz l\u016bp\u0101m cent\u0101s iz\u0113st <strong>Vislatvie\u0161us<\/strong> no koal\u012bcijas. \u012asts nodev\u0113ja tips no m\u0101c\u012bbu gr\u0101matas, k\u0101dam j\u0101b\u016bt \u012bstam savas tautas nodev\u0113jam ! <strong><span style=\"text-decoration: underline\">Varask\u0101rs savt\u012bgs nelietis !!!<\/span><\/strong> <\/span><\/p>\n<p><span style=\"color: #008000\">Ar <strong>Abreni <\/strong>vi\u0146am bija par maz. Kas b\u016bs n\u0101ko\u0161ais objekts ko p\u0101rdot ? Variantu daudz ! V\u0101rdu sakot, katrs to zina un v\u0113rt\u0113. Izlas\u012bju <strong>Vi\u013ca V\u012btola<\/strong> gr\u0101matu <strong><em>&#8220;Sav\u0113jiem&#8221;.<\/em><\/strong> \u0160ur tur, protams, ka nepiekritu, bet ir v\u0113rts palas\u012bt un ieteiktu visiem tiem stulbe\u0146iem, kuri ar vieglu roku stut\u0113 savas tautas nodev\u0113jus un slepkavas. \u0160ie stulbe\u0146i pa\u0161i neko nej\u0113dz, tikai zina \u0137eng\u0101ties, <strong>Granti\u0146\u0161 <\/strong>t\u0101ds un \u0161it\u0101ds,<strong> Z\u012bverts<\/strong> \u0161it\u0101ds un t\u0101ds. Vai tas nav redzams, iz\u0146emot stulbe\u0146us, ka latvie\u0161u tautu gras\u0101s upur\u0113t, lai tikai dab\u016btu no Krievijas g\u0101zi, naftu utt.utjp. <\/span><\/p>\n<p><span style=\"color: #008000\"><strong><span style=\"text-decoration: underline\">Ar\u012b pasaules cionistiem nacion\u0101lisms ir k\u0101 velnam krusts ! <\/span><\/strong><\/span><\/p>\n<p><span style=\"color: #008000\"><strong>Paldies Dievam<\/strong>, ka vismaz <strong>Eiropa<\/strong> mostas ! Cilv\u0113ki redz uz kurieni st\u016br\u0113 cionistu izaukl\u0113t\u0101 globaliz\u0101cija. \u00a0<strong>Laiks r\u0101d\u012bs, kas, kur, kad un k\u0101 !<\/strong><\/span><\/p>\n<p><span style=\"color: #008000\"><em>J\u0101nis Z\u012bverts\u00a0 12.11.2010<\/em><\/span><\/p>\n<h2><span style=\"color: #008000\"><span style=\"color: #800080\">Dr. Ulafa Ja\u0146sona piebildumi<\/span>. <\/span><\/h2>\n<p><span style=\"color: #008000\">\u00a0<\/span><span style=\"color: #008000\"><em><span style=\"color: #800080\">(Nacion\u0101l\u0101 Neatkar\u012bba 1997.gada 26 marts- 1.apr\u012blis)<img decoding=\"async\" loading=\"lazy\" class=\"alignleft size-full wp-image-3239\" src=\"http:\/\/tautastribunals.eu\/wp-content\/uploads\/2010\/11\/UG-81.jpg\" alt=\"UG-8\" width=\"609\" height=\"828\" \/><\/span><\/em><\/span><\/p>\n<p><span style=\"color: #008000\">\u00a0<\/span><\/p>\n<p><span style=\"color: #008000\">\u00a0<\/span><\/p>\n<p><span style=\"color: #008000\">\u00a0<\/span><\/p>\n<p><span style=\"color: #008000\">\u00a0<\/span><\/p>\n<p><span style=\"color: #008000\">\u00a0<\/span><\/p>\n<p><span style=\"color: #008000\">\u00a0<\/span><\/p>\n<p><span style=\"color: #008000\">\u00a0<\/span><\/p>\n<p><span style=\"color: #008000\">\u00a0<\/span><\/p>\n<p><span style=\"color: #008000\">\u00a0<\/span><\/p>\n<p><span style=\"color: #008000\">\u00a0<\/span><\/p>\n<p><span style=\"color: #008000\">\u00a0<\/span><\/p>\n<p><span style=\"color: #008000\">\u00a0<\/span><\/p>\n<p><span style=\"color: #008000\">\u00a0<\/span><\/p>\n<p><span style=\"color: #008000\">\u00a0<\/span><\/p>\n<p><span style=\"color: #008000\">\u00a0<\/span><\/p>\n<p><span style=\"color: #008000\">\u00a0<\/span><\/p>\n<p><span style=\"color: #008000\">\u00a0<\/span><\/p>\n<p><span style=\"color: #008000\">\u00a0<\/span><\/p>\n<p><span style=\"color: #008000\">\u00a0<\/span><\/p>\n<p><span style=\"color: #008000\">\u00a0<\/span><\/p>\n<p><span style=\"color: #008000\">\u00a0<\/span><\/p>\n<p>\u00a0<\/p>\n<p><span style=\"color: #008000\">++++++++<img decoding=\"async\" loading=\"lazy\" class=\"alignleft size-full wp-image-3246\" src=\"http:\/\/tautastribunals.eu\/wp-content\/uploads\/2010\/11\/Uldis-\u0122\u0113rmanis-35.jpg\" alt=\"Uldis \u0122\u0113rmanis 3\" width=\"606\" height=\"596\" \/>+++++++++++++++++++++++++++++++++++++++++++++++++++<\/span><\/p>\n","protected":false},"excerpt":{"rendered":"<p>Sveicin\u0101ti tautie\u0161i. K\u0101rtojot pap\u012brus uzg\u0101ju \u0161o Dr. Ulafa Ja\u0146sona(Uldis \u0122\u0113rmanis) piebildumus, kuros piemin\u0113ts ar\u012b es. Ja palasa manis teikto toreiz ar manis teikto \u0161odien, tad at\u0161\u0137ir\u012bba b\u016btu vien\u012bgi da\u017eu &#8220;aktieru&#8221; mai\u0146\u0101 \u0161aj\u0101 politte\u0101tr\u012b-balag\u0101n\u0101. Dr.&#46;&#46;&#46;<\/p>\n","protected":false},"author":6,"featured_media":0,"comment_status":"open","ping_status":"open","sticky":false,"template":"","format":"standard","meta":[],"categories":[1],"tags":[],"_links":{"self":[{"href":"https:\/\/tautastribunals.eu\/index.php?rest_route=\/wp\/v2\/posts\/3221"}],"collection":[{"href":"https:\/\/tautastribunals.eu\/index.php?rest_route=\/wp\/v2\/posts"}],"about":[{"href":"https:\/\/tautastribunals.eu\/index.php?rest_route=\/wp\/v2\/types\/post"}],"author":[{"embeddable":true,"href":"https:\/\/tautastribunals.eu\/index.php?rest_route=\/wp\/v2\/users\/6"}],"replies":[{"embeddable":true,"href":"https:\/\/tautastribunals.eu\/index.php?rest_route=%2Fwp%2Fv2%2Fcomments&post=3221"}],"version-history":[{"count":18,"href":"https:\/\/tautastribunals.eu\/index.php?rest_route=\/wp\/v2\/posts\/3221\/revisions"}],"predecessor-version":[{"id":3251,"href":"https:\/\/tautastribunals.eu\/index.php?rest_route=\/wp\/v2\/posts\/3221\/revisions\/3251"}],"wp:attachment":[{"href":"https:\/\/tautastribunals.eu\/index.php?rest_route=%2Fwp%2Fv2%2Fmedia&parent=3221"}],"wp:term":[{"taxonomy":"category","embeddable":true,"href":"https:\/\/tautastribunals.eu\/index.php?rest_route=%2Fwp%2Fv2%2Fcategories&post=3221"},{"taxonomy":"post_tag","embeddable":true,"href":"https:\/\/tautastribunals.eu\/index.php?rest_route=%2Fwp%2Fv2%2Ftags&post=3221"}],"curies":[{"name":"wp","href":"https:\/\/api.w.org\/{rel}","templated":true}]}}