{"id":31502,"date":"2016-04-04T12:06:43","date_gmt":"2016-04-04T09:06:43","guid":{"rendered":"http:\/\/tautastribunals.eu\/?p=31502"},"modified":"2016-04-04T12:06:43","modified_gmt":"2016-04-04T09:06:43","slug":"a-kavacis-terorisms-ir-stulbs-bet-likumsakarigs","status":"publish","type":"post","link":"https:\/\/tautastribunals.eu\/?p=31502","title":{"rendered":"A. Kavacis. Terorisms ir stulbs, bet likumsakar\u012bgs"},"content":{"rendered":"<p><span style=\"color: #003300;\"><strong><a href=\"http:\/\/tautastribunals.eu\/wp-content\/uploads\/2016\/04\/Za\u013c\u0161-tautastribunals.eu1.png\"><img decoding=\"async\" loading=\"lazy\" title=\"Za\u013c\u0161, tautastribunals.eu\" class=\"alignleft size-full wp-image-31511\" src=\"http:\/\/tautastribunals.eu\/wp-content\/uploads\/2016\/04\/Za\u013c\u0161-tautastribunals.eu1.png\" alt=\"Za\u013c\u0161, tautastribunals.eu\" width=\"636\" height=\"89\" srcset=\"https:\/\/tautastribunals.eu\/wp-content\/uploads\/2016\/04\/Za\u013c\u0161-tautastribunals.eu1.png 950w, https:\/\/tautastribunals.eu\/wp-content\/uploads\/2016\/04\/Za\u013c\u0161-tautastribunals.eu1-300x42.png 300w, https:\/\/tautastribunals.eu\/wp-content\/uploads\/2016\/04\/Za\u013c\u0161-tautastribunals.eu1-800x112.png 800w\" sizes=\"(max-width: 636px) 100vw, 636px\" \/><\/a><a href=\"http:\/\/tautastribunals.eu\/wp-content\/uploads\/2016\/04\/Andrejs-Kavacis-Linards-Granti\u0146\u0161-Juris-Rubenis-J\u0101nis-Vanags-P\u0101vils-Br\u016bveris.11.PNG\"><img decoding=\"async\" loading=\"lazy\" title=\"Andrejs-Kavacis-Linards-Granti\u0146\u0161-Juris-Rubenis-J\u0101nis-Vanags-P\u0101vils-Br\u016bveris.1\" class=\"alignleft size-full wp-image-31512\" src=\"http:\/\/tautastribunals.eu\/wp-content\/uploads\/2016\/04\/Andrejs-Kavacis-Linards-Granti\u0146\u0161-Juris-Rubenis-J\u0101nis-Vanags-P\u0101vils-Br\u016bveris.11.PNG\" alt=\"Andrejs-Kavacis-Linards-Granti\u0146\u0161-Juris-Rubenis-J\u0101nis-Vanags-P\u0101vils-Br\u016bveris.1\" width=\"637\" height=\"36\" srcset=\"https:\/\/tautastribunals.eu\/wp-content\/uploads\/2016\/04\/Andrejs-Kavacis-Linards-Granti\u0146\u0161-Juris-Rubenis-J\u0101nis-Vanags-P\u0101vils-Br\u016bveris.11.PNG 962w, https:\/\/tautastribunals.eu\/wp-content\/uploads\/2016\/04\/Andrejs-Kavacis-Linards-Granti\u0146\u0161-Juris-Rubenis-J\u0101nis-Vanags-P\u0101vils-Br\u016bveris.11-300x16.PNG 300w, https:\/\/tautastribunals.eu\/wp-content\/uploads\/2016\/04\/Andrejs-Kavacis-Linards-Granti\u0146\u0161-Juris-Rubenis-J\u0101nis-Vanags-P\u0101vils-Br\u016bveris.11-800x44.PNG 800w\" sizes=\"(max-width: 637px) 100vw, 637px\" \/><\/a><a href=\"http:\/\/tautastribunals.eu\/wp-content\/uploads\/2016\/04\/9.-Andrejs-Kavacis-LELB-Latvija-Bazn\u012bca-LRTT.P\u0101vils-Br\u016bveris.PNG\"><img decoding=\"async\" loading=\"lazy\" title=\"9. Andrejs-Kavacis-LELB-Latvija-Bazn\u012bca-LRTT.P\u0101vils-Br\u016bveris\" class=\"alignleft size-full wp-image-31517\" src=\"http:\/\/tautastribunals.eu\/wp-content\/uploads\/2016\/04\/9.-Andrejs-Kavacis-LELB-Latvija-Bazn\u012bca-LRTT.P\u0101vils-Br\u016bveris.PNG\" alt=\"9. Andrejs-Kavacis-LELB-Latvija-Bazn\u012bca-LRTT.P\u0101vils-Br\u016bveris\" width=\"141\" height=\"213\" \/><\/a>Ed<\/strong><\/span><span style=\"color: #003300;\"><strong>uards Veidenbaums<\/strong> bija prec\u012bzs: <strong>\u201cVirs zemes nav taisn\u012bbas, d\u016brei tik sp\u0113ks\u201d\u2026<\/strong><\/span><\/p>\n<p><span style=\"color: #003300;\">Varenie valda ar maz\u0101kuma d\u016bres demokr\u0101tiju, bet vi\u0146u <\/span><span style=\"color: #003300;\">ignor\u0113tais vair\u0101kums akl\u0101s dusm\u0101s triec terorisma d\u016bri gald\u0101\u2026 . <\/span><\/p>\n<p><span style=\"color: #003300;\">Terorisms ir idiotiska c\u012b\u0146a pret visu un visiem, slepkavojot p\u0113c gad\u012bjuma iesp\u0113j\u0101m pieejamus nevain\u012bgus cilv\u0113kus. Teroristi cer ar bai\u013cu pal\u012bdz\u012bbu pak\u013caut sev pas<\/span><span style=\"color: #003300;\">auli, kas tiem dro\u0161i vien neizdosies, ta\u010du <strong><span style=\"text-decoration: underline;\">vi\u0146i var\u0113tu piespiest eiropie\u0161us p\u0101rv\u0113rt\u0113t l\u012bdz \u0161im neaizskaramo liber\u0101ls\u0101tanismu, kas bez tautu akcepta uzkundz\u0113jies visiem<\/span><\/strong>.<\/span><\/p>\n<p><span style=\"color: #003300;\"> <\/span><\/p>\n<p><span style=\"color: #003300;\">No terorisma galvenok\u0101rt\u00a0 cie\u0161 nevain\u012bg\u0101 tauta. Valdo\u0161ie s\u0101tanisti prot sl\u0113pties un no saviem sl\u0113p\u0146iem \u201cvaron\u012bgi\u201d aicina sarg\u0101t \u201cjaun\u0101s kop\u012bg\u0101s v\u0113rt\u012bbas\u201d, kas sacer\u0113tas nol\u016bk\u0101 aizvietot dievi\u0161\u0137o k\u0101rt\u012bbu\u2026 .<\/span><\/p>\n<p><span style=\"color: #003300;\"> <\/span><\/p>\n<p><span style=\"color: #003300;\">Sacer\u0113ti t\u0101di starptautisko ties\u012bbu akti, kas pav\u0113l uztur\u0113t pa\u0161reiz\u0113jo st\u0101vokli ar\u012b tad, ja tas veidots uz varas un netaisn\u012bbas pamata.<\/span><\/p>\n<p><span style=\"color: #003300;\"> <\/span><\/p>\n<p><span style=\"color: #003300;\">Eiros\u0101tanisti neiev\u0113ro Dieva dot\u0101s tautu ties\u012bbas br\u012bvi dz\u012bvot nacion\u0101l\u0101s valst\u012bs. <strong><span style=\"text-decoration: underline;\">B\u016bt\u012bb\u0101 tiek turpin\u0101ta marksistisko s\u0101tanistu tautu sajauk\u0161anas politika<\/span><\/strong>.<\/span><\/p>\n<p><span style=\"color: #003300;\"> <\/span><\/p>\n<p><span style=\"color: #003300;\">Pace\u013cot cilv\u0113ku ties\u012bbas augst\u0101k par tautu ties\u012bb\u0101m ar\u012b Latvijai piespieda \u201cintegr\u0113t\u201d PSRS okup\u0101cijas varas p\u0101rvietotos kolonistus.<\/span><\/p>\n<p><span style=\"color: #003300;\"> <\/span><\/p>\n<p><span style=\"color: #003300;\">K\u0101 integr\u0113t tos, kas negrib integr\u0113ties ?<\/span><\/p>\n<p><span style=\"color: #003300;\"> <\/span><\/p>\n<p><span style=\"color: #003300;\">Tas liber\u0101\u013cus neinteres\u0113ja ne Latvij\u0101, ne Eirop\u0101. Integr\u0101cija bija tikai mel\u012bgs murgs \u012bsto nol\u016bku un paties\u012bbas sl\u0113p\u0161anai.<\/span><\/p>\n<p><span style=\"color: #003300;\"> <\/span><\/p>\n<p><span style=\"color: #003300;\">Isl\u0101ma tic\u012bgie pirmie piln\u012bgi atkl\u0101ti noraid\u012bja un s\u0101ka apkarot integr\u0101cijas murgu ar nepak\u013cau\u0161anos un terorismu. Un k\u0101p\u0113c lai to nedar\u012btu Eirop\u0101, kur slepkavas dz\u012bv\u012bba p\u0113c s\u0101tanistu lo\u0123ikas ir neaizskarama ar\u012b p\u0113c tam, kad vi\u0146\u0161 ir at\u0146\u0113mis dz\u012bv\u012bbas simtiem citu cilv\u0113ku, kuriem ac\u012bm redzot nav bijis ties\u012bbu palikt dz\u012bviem ! Slepkava turkl\u0101t j\u0101uztur komfortabl\u0101 cietum\u0101 nevis uz d\u0113\u013cu n\u0101r\u0101m, bet uz m\u012bksta matra\u010da.<\/span><\/p>\n<p><span style=\"color: #003300;\"> <\/span><\/p>\n<p><span style=\"color: #003300;\">Te nu liber\u0101ls\u0101tanisti labest\u012bb\u0101 dom\u0101jas p\u0101rsp\u0113ju\u0161i pa\u0161u Dievu. Tikai <strong><span style=\"text-decoration: underline;\">vi\u0146u \u201clabest\u012bba\u201dir a\u010dg\u0101rna, jo t\u0101 aizst\u0101v noziedzniekus, nevis vi\u0146u upurus.<\/span><\/strong><\/span><\/p>\n<p><span style=\"color: #003300;\"> <\/span><\/p>\n<p><span style=\"color: #003300;\">Liber\u0101lteroristi bez spridzin\u0101\u0161anas visai Eiropai uzspie\u017e neprodukt\u012bvu viendzimuma p\u0101ru \u201claul\u012bbas\u201d. Tas, protams, samazin\u0101s dzimst\u012bbu un rad\u012bs darbasp\u0113ka tr\u016bkumu. Un atkal b\u016bs vajadz\u012bgi integr\u0101ciju noraido\u0161i iece\u013cot\u0101ji.<\/span><\/p>\n<p><span style=\"color: #003300;\"> <\/span><\/p>\n<p><span style=\"color: #003300;\">PROBL\u0112MAS NEBEIGSIES, JA PA\u0160I EIROPIE\u0160I NEAT\u0145EMS POLITISKO VARU S\u0100TANISKAJIEM LIBER\u0100\u013bIEM UN NEIZSVIED\u012aS MISKAST\u0112 \u201cVI\u0145U KROPL\u012aG\u0100S V\u0112RT\u012aBAS\u201d!<\/span><\/p>\n<p><span style=\"color: #003300;\"> <\/span><\/p>\n<p><span style=\"color: #003300;\">Tikm\u0113r periodiski notiks teroristu organiz\u0113ti spr\u0101dzieni. <strong><span style=\"text-decoration: underline;\">J\u0101cer, ka tas, kas ir jau noticis Eirop\u0101, pal\u012bdz\u0113s eiropie\u0161iem nokrat\u012bt no kakla liekul\u012bgo liber\u0101ls\u0101tanistu varu<\/span><\/strong>.<\/span><\/p>\n<p><span style=\"color: #003300;\"> <\/span><\/p>\n<p><span style=\"color: #003300;\">Ne jau tikai Eirop\u0101 un Krievij\u0101 valda liekul\u012bgi s\u0101tanisti, kas ar demago\u0123iju un varu\u00a0 vairo netaisn\u012bbu un spriedzi starp taut\u0101m, izraisa asins izlie\u0161anu un tad liekul\u012bgi\u00a0 \u201cc\u012bn\u0101s par mieru\u201d. \u0100zij\u0101, Tuvajos Austrumos kop\u0161 aizv\u0113stures dz\u012bvo kurdu tauta, apm\u0113ram 20 miljoni cilv\u0113ku, seno m\u0113die\u0161u p\u0113cte\u010di, bez tautas ties\u012bb\u0101m uz savu valsti.<\/span><\/p>\n<p><span style=\"color: #003300;\"> <\/span><\/p>\n<p><span style=\"color: #003300;\"><strong><span style=\"text-decoration: underline;\">Ne ANO, ne \u201cstarptautisko ties\u012bbu normas\u201d neaizst\u0101v vi\u0146u dab\u012bg\u0101s ties\u012bbas<\/span><\/strong>.Vi\u0146iem joproj\u0101m j\u0101dz\u012bvo jauno tautu: ir\u0101\u0146u, ar\u0101bu un turku iekarot\u0101s teritorij\u0101s bez savas nacion\u0101l\u0101s valsts. Un sena liela tauta ir k\u013cuvusi par teroristiem tikai t\u0101p\u0113c, <strong>ka virs zemes nav taisn\u012bbas<\/strong>, <strong>d\u016brei tik sp\u0113ks<\/strong>\u2026 .<\/span><\/p>\n<p><span style=\"color: #003300;\"> <\/span><\/p>\n<p><span style=\"color: #003300;\">Liekul\u012bba \u201cstarptautisko ties\u012bbu norm\u0101s\u201d neliedz pl\u0101t\u012bties ar\u012b Putinam k\u0101 Krievijas imp\u0113rijas \u201cties\u012bbu\u201d gl\u0101b\u0113jam un aizst\u0101vim. Vi\u0146\u0161 bezkaun\u012bgi run\u0101 par krievu ties\u012bb\u0101m vis\u0101s k\u0101dreiz okup\u0113taj\u0101s teritorij\u0101s. Neviens vi\u0146u neapsauc un neapklusina, jo<strong><span style=\"text-decoration: underline;\"> starptautisko ties\u012bbu normas skaidri nenoliedz \u201claup\u012bt\u0101ju ties\u012bbas\u201d un neaizst\u0101v aplaup\u012btos<\/span><\/strong>. Toties pien\u0101kumu pret laup\u012bt\u0101jiem laup\u012bt\u0101js vienk\u0101r\u0161i var noliegt. Nozog Ukrainai Krimu un v\u0113l r\u0113\u0137ina cik daudz Ukraina esot par\u0101d\u0101 Krievijai.<\/span><\/p>\n<p><span style=\"color: #003300;\"> <\/span><\/p>\n<p><span style=\"color: #003300;\">Kas ir sp\u0113k\u0101, taisn\u012bba vai netaisn\u012bba ?<\/span><\/p>\n<p><span style=\"color: #003300;\"> <\/span><\/p>\n<p><span style=\"color: #003300;\">Pr\u0101v.emer. Andrejs Kavacis<\/span><\/p>\n<p><span style=\"color: #003300;\"> <\/span><\/p>\n<p><span style=\"color: #003300;\">04.04.16<\/span><\/p>\n","protected":false},"excerpt":{"rendered":"<p>Eduards Veidenbaums bija prec\u012bzs: \u201cVirs zemes nav taisn\u012bbas, d\u016brei tik sp\u0113ks\u201d\u2026 Varenie valda ar maz\u0101kuma d\u016bres demokr\u0101tiju, bet vi\u0146u ignor\u0113tais vair\u0101kums akl\u0101s dusm\u0101s triec terorisma d\u016bri gald\u0101\u2026 . Terorisms ir idiotiska c\u012b\u0146a pret visu&#46;&#46;&#46;<\/p>\n","protected":false},"author":1,"featured_media":0,"comment_status":"open","ping_status":"open","sticky":false,"template":"","format":"standard","meta":[],"categories":[1],"tags":[],"_links":{"self":[{"href":"https:\/\/tautastribunals.eu\/index.php?rest_route=\/wp\/v2\/posts\/31502"}],"collection":[{"href":"https:\/\/tautastribunals.eu\/index.php?rest_route=\/wp\/v2\/posts"}],"about":[{"href":"https:\/\/tautastribunals.eu\/index.php?rest_route=\/wp\/v2\/types\/post"}],"author":[{"embeddable":true,"href":"https:\/\/tautastribunals.eu\/index.php?rest_route=\/wp\/v2\/users\/1"}],"replies":[{"embeddable":true,"href":"https:\/\/tautastribunals.eu\/index.php?rest_route=%2Fwp%2Fv2%2Fcomments&post=31502"}],"version-history":[{"count":18,"href":"https:\/\/tautastribunals.eu\/index.php?rest_route=\/wp\/v2\/posts\/31502\/revisions"}],"predecessor-version":[{"id":31556,"href":"https:\/\/tautastribunals.eu\/index.php?rest_route=\/wp\/v2\/posts\/31502\/revisions\/31556"}],"wp:attachment":[{"href":"https:\/\/tautastribunals.eu\/index.php?rest_route=%2Fwp%2Fv2%2Fmedia&parent=31502"}],"wp:term":[{"taxonomy":"category","embeddable":true,"href":"https:\/\/tautastribunals.eu\/index.php?rest_route=%2Fwp%2Fv2%2Fcategories&post=31502"},{"taxonomy":"post_tag","embeddable":true,"href":"https:\/\/tautastribunals.eu\/index.php?rest_route=%2Fwp%2Fv2%2Ftags&post=31502"}],"curies":[{"name":"wp","href":"https:\/\/api.w.org\/{rel}","templated":true}]}}