{"id":31435,"date":"2016-03-27T22:24:14","date_gmt":"2016-03-27T19:24:14","guid":{"rendered":"http:\/\/tautastribunals.eu\/?p=31435"},"modified":"2016-03-27T23:05:10","modified_gmt":"2016-03-27T20:05:10","slug":"lrtt-deportaciju-zaimotaji","status":"publish","type":"post","link":"https:\/\/tautastribunals.eu\/?p=31435","title":{"rendered":"LRTT. Deport\u0101ciju zaimot\u0101ji !"},"content":{"rendered":"<h2><span style=\"color: #003300;\"><a href=\"http:\/\/tautastribunals.eu\/wp-content\/uploads\/2016\/03\/Za\u013c\u0161-tautastribunals.eu3.png\"><img decoding=\"async\" loading=\"lazy\" class=\"alignleft size-full wp-image-31436\" title=\"Za\u013c\u0161, tautastribunals.eu\" src=\"http:\/\/tautastribunals.eu\/wp-content\/uploads\/2016\/03\/Za\u013c\u0161-tautastribunals.eu3.png\" alt=\"Za\u013c\u0161, tautastribunals.eu\" width=\"640\" height=\"89\" srcset=\"https:\/\/tautastribunals.eu\/wp-content\/uploads\/2016\/03\/Za\u013c\u0161-tautastribunals.eu3.png 950w, https:\/\/tautastribunals.eu\/wp-content\/uploads\/2016\/03\/Za\u013c\u0161-tautastribunals.eu3-300x42.png 300w, https:\/\/tautastribunals.eu\/wp-content\/uploads\/2016\/03\/Za\u013c\u0161-tautastribunals.eu3-800x112.png 800w\" sizes=\"(max-width: 640px) 100vw, 640px\" \/><\/a><a href=\"http:\/\/tautastribunals.eu\/wp-content\/uploads\/2016\/03\/I.-M\u016brniece-M.-Ku\u010dinskis-G.-Resnais-LRTT..PNG\"><img decoding=\"async\" loading=\"lazy\" class=\"alignleft size-full wp-image-31439\" title=\"I. M\u016brniece, M. Ku\u010dinskis, G. Resnais, LRTT.\" src=\"http:\/\/tautastribunals.eu\/wp-content\/uploads\/2016\/03\/I.-M\u016brniece-M.-Ku\u010dinskis-G.-Resnais-LRTT..PNG\" alt=\"I. M\u016brniece, M. Ku\u010dinskis, G. Resnais, LRTT.\" width=\"639\" height=\"386\" \/><\/a>Ko mekl\u0113 \u0161ie<strong> S\u0101tana<\/strong> kalpi pie m\u016bsu<strong> Sv\u0113tuma<\/strong> ?<\/span><\/h2>\n<p><span style=\"color: #003300;\"> <\/span><\/p>\n<p><span style=\"color: #003300;\">\u0160ie <strong>gar\u012bgi smirdo\u0161ie su\u0146i<\/strong>, bez sirdsapzi\u0146as p\u0101rmetumiem iet pie m\u016bsu tautas sv\u0113tuma-<strong> BR\u012aV\u012aBAS PIEMINEK\u013bA !<\/strong><\/span><\/p>\n<p><span style=\"color: #003300;\"> <\/span><\/p>\n<p><span style=\"color: #003300;\">Vi\u0146i ta\u010du ir m\u016bsu tautas slepkavu gar\u012bgie p\u0113cn\u0101c\u0113ji !!!<\/span><\/p>\n<p><span style=\"color: #003300;\"> <\/span><\/p>\n<p><span style=\"color: #003300;\"><span style=\"color: #ff0000;\"><strong>Rasna\u010ds-<\/strong><\/span> vismeln\u0101kais m\u016bsu tautas kangars, kur\u0161 visiem iesp\u0113jamiem un neiesp\u0113jamiem l\u012bdzek\u013ciem cen\u0161as pasarg\u0101t <strong><span style=\"text-decoration: underline;\">m\u016bsu tautas slepkavas<\/span><\/strong> no <strong>taisn\u012bg\u0101 soda<\/strong>.<\/span><\/p>\n<p><span style=\"color: #003300;\"> <\/span><\/p>\n<p><span style=\"color: #003300;\"><strong><span style=\"text-decoration: underline;\">-Vi\u0146\u0161 atkl\u0101ti<\/span><\/strong> uzst\u0101jas par <strong>\u201c\u010dekas maisu\u201d<\/strong> nosl\u0113p\u0161anu v\u0113l uz tr\u012bsdesmit gadiem.<\/span><\/p>\n<p><span style=\"color: #003300;\"> <\/span><\/p>\n<p><span style=\"color: #003300;\"><strong><span style=\"text-decoration: underline;\">-Vi\u0146\u0161 atkl\u0101ti<\/span><\/strong> soda tos, <strong><span style=\"text-decoration: underline;\">kuri v\u0113las VDK kartot\u0113ku<\/span><\/strong> atv\u0113rt un nodot to izp\u0113tei.<\/span><\/p>\n<p><span style=\"color: #003300;\"> <\/span><\/p>\n<p><span style=\"color: #003300;\"><strong>Rasna\u010ds<\/strong> ir slepkava v\u0101rda vistie\u0161\u0101kaj\u0101 noz\u012bm\u0113, jo nenododot atkl\u0101t\u012bb\u0101 slepkavas, tie turpina slepkavot t\u0101l\u0101k !!!<\/span><\/p>\n<p><span style=\"color: #003300;\"> <\/span><\/p>\n<p><span style=\"color: #003300;\">Paraugieties uz &#8220;<strong><span style=\"text-decoration: underline;\">Putina milit\u0101ro ata\u0161eju Latvij\u0101&#8221;,<\/span><\/strong> t\u0101 saucamo <strong>\u201c<span style=\"color: #ff0000;\">aizsardz\u012bbas ministru<\/span>\u201d,<\/strong> kur\u0161 pat <strong>\u201ckrosen\u0113s\u201d<\/strong> uzskat\u012bjis par vajadz\u012bgu <strong>\u201cgodin\u0101t\u201d<\/strong> n\u0101ves skartos upurus !<\/span><\/p>\n<p><span style=\"color: #003300;\"> <\/span><\/p>\n<p><span style=\"color: #003300;\"><a href=\"http:\/\/tautastribunals.eu\/wp-content\/uploads\/2016\/03\/R.Bergmanis-Dz.Rasna\u010dsRink\u0113vi\u010dsLRTT1.PNG\"><img decoding=\"async\" loading=\"lazy\" class=\"alignleft size-full wp-image-31445\" title=\"R.Bergmanis, Dz.Rasna\u010ds,Rink\u0113vi\u010ds,LRTT\" src=\"http:\/\/tautastribunals.eu\/wp-content\/uploads\/2016\/03\/R.Bergmanis-Dz.Rasna\u010dsRink\u0113vi\u010dsLRTT1.PNG\" alt=\"R.Bergmanis, Dz.Rasna\u010ds,Rink\u0113vi\u010ds,LRTT\" width=\"640\" height=\"384\" srcset=\"https:\/\/tautastribunals.eu\/wp-content\/uploads\/2016\/03\/R.Bergmanis-Dz.Rasna\u010dsRink\u0113vi\u010dsLRTT1.PNG 800w, https:\/\/tautastribunals.eu\/wp-content\/uploads\/2016\/03\/R.Bergmanis-Dz.Rasna\u010dsRink\u0113vi\u010dsLRTT1-300x180.PNG 300w\" sizes=\"(max-width: 640px) 100vw, 640px\" \/><\/a>Nu, kur v\u0113l dzi\u013c\u0101k var krist sav\u0101 pervers\u0101 uzved\u012bb\u0101, \u0161aj\u0101 neskait\u0101mu t\u016bksto\u0161u nevain\u012bgi noslepkavoto un izmoc\u012bto <strong>Latvijas pilso\u0146u s\u0113ru atceres br\u012bd\u012b<\/strong> ? Nav jau kas aizr\u0101da, ja pat<strong> <span style=\"color: #ff0000;\">Kult\u016bras<\/span><\/strong><span style=\"color: #ff0000;\"> ministre <\/span>neuzskat\u012bja par vajadz\u012bgu uzvilkt t\u0101dai reizei piedieno\u0161u m\u0113teli, bet r\u0101da savas \u201c<strong>cisci\u0146as<\/strong>\u201d\u2026 .<\/span><\/p>\n<p><span style=\"color: #003300;\"> <\/span><\/p>\n<p><span style=\"color: #003300;\">Nu dien, <strong>\u0161murgu\u013cu banda, <\/strong>intelektu\u0101li padibenes<strong> <\/strong>un nekas vair\u0101k !!! <\/span><\/p>\n<p><span style=\"color: #003300;\">Ja pa\u0161i neapj\u0113dz k\u0101 j\u0101\u0123\u0113rbjas t\u0101d\u0101s reiz\u0113s, tad var ta\u010du paskat\u012bties k\u0101 to dara m\u016bsu kaimi\u0146i- somi, zviedri d\u0101\u0146i holandie\u0161i\u2026 .<\/span><\/p>\n<p><span style=\"color: #003300;\"> <\/span><\/p>\n<p><span style=\"color: #003300;\">Un tu tikai skaties, <strong>Latvijas politiski repres\u0113to apvien\u012bbas vad\u012bt\u0101js<span style=\"color: #ff0000;\"> Gun\u0101rs Resnais<\/span><\/strong>, ar\u012b lepni groz\u0101s kop\u0101 ar \u010dekas \u0161va\u013ciem. Un k\u0101 lai negroz\u012btos, jo vi\u0146\u0161 ta\u010du bija viens no akt\u012bv\u0101kajiem <strong>\u201c\u010dekas maisu<\/strong>\u201d atv\u0113r\u0161anas pretiniekiem !!! Vai neb\u016btu j\u0101preciz\u0113 vi\u0146a <strong>\u201ctitulu\u201d,<\/strong> un teiksim: <strong>\u201cRepres\u0113t\u0101ju apvien\u012bbas vad\u012bt\u0101js\u201d?<\/strong> Vi\u0146\u0161 ir nekas vair\u0101k k\u0101 amor\u0101ls <strong>piel\u012bd\u0113ju- nodev\u0113ju<\/strong> tips. Vair\u0101k par \u0161o t\u0113mu \u0161eit: <a href=\"http:\/\/tautastribunals.eu\/?p=18038\">http:\/\/tautastribunals.eu\/?p=18038<\/a><\/span><\/p>\n<p><span style=\"color: #003300;\"> <\/span><\/p>\n<p><span style=\"color: #003300;\"><a href=\"http:\/\/tautastribunals.eu\/wp-content\/uploads\/2016\/03\/Nils-U\u0161akovs-Andris-Ameriks-LRTT.PNG\"><img decoding=\"async\" loading=\"lazy\" class=\"alignleft size-full wp-image-31450\" title=\"Nils U\u0161akovs, Andris Ameriks, LRTT\" src=\"http:\/\/tautastribunals.eu\/wp-content\/uploads\/2016\/03\/Nils-U\u0161akovs-Andris-Ameriks-LRTT.PNG\" alt=\"Nils U\u0161akovs, Andris Ameriks, LRTT\" width=\"320\" height=\"403\" \/><\/a>Un, ko mekl\u0113 \u0161aj\u0101 latvie\u0161u tautas s\u0113ru dien\u0101 pie <strong>Br\u012bv\u012bbas pieminek\u013ca<\/strong> jaunizcetais premjers <span style=\"color: #ff0000;\"><strong>M\u0101ris Ku\u010dinskis<\/strong><\/span> ? <\/span><\/p>\n<p><span style=\"color: #003300;\">Vi\u0146am ta\u010du <strong>Br\u012bvvalsts<\/strong> laika <strong>\u201capri\u0146\u0137i\u201d asoci\u0113joties <\/strong>ar aizsargiem un t\u0101p\u0113c neesot nu nek\u0101d\u0101 gad\u012bjum\u0101 pie\u013caujams, ka \u0161is teritori\u0101li administrat\u012bvais nosaukums tiktu atjaunots. <\/span><\/p>\n<p><span style=\"color: #003300;\">Vai tad tas nenor\u0101da uz vis\u012bst\u0101ko okupantu pastr\u0101d\u0101to p\u0101rk\u0101rtojumu atbalst\u012b\u0161anu ? <\/span><\/p>\n<p><span style=\"color: #003300;\">Un ar k\u0101du degsmi \u0161is spruksti\u0146\u0161 uzst\u0101j\u0101s par <strong>Abrenes atdo\u0161anu Putina slepkavu imp\u0113rijai <\/strong>!<\/span><\/p>\n<p><span style=\"color: #003300;\"> <\/span><\/p>\n<p><span style=\"color: #003300;\">Un sadisma <strong>\u201ckroni\u201d <\/strong>visam uzliek divu <strong>Putina<\/strong> hemoro\u012bdu, <span style=\"color: #ff0000;\"><strong>U\u0161akova<\/strong> <\/span>un <span style=\"color: #ff0000;\"><strong>Amerika<\/strong><\/span>, par\u0101d\u012b\u0161an\u0101s pie m\u016bsu <strong>Sv\u0113tuma<\/strong> ! Abi ta\u010du ir dedz\u012bgi okup\u0101cijas noliedz\u0113ji !<\/span><\/p>\n<p><span style=\"color: #003300;\"> <\/span><\/p>\n<p><span style=\"color: #003300;\">K\u0101dam <strong>\u201ciemeslam\u201d<\/strong> par godu vi\u0146i lika ziedus ? Vai aiz s\u0113r\u0101m par m\u016bsu tautas cie\u0161an\u0101m, vai s\u0113ras bija, ka par maz vi\u0146u tautas br\u0101\u013ci m\u016bs noslepkavoja ?<\/span><\/p>\n<p><span style=\"color: #003300;\"> <\/span><\/p>\n<p><span style=\"color: #003300;\">Katr\u0101 gad\u012bjum\u0101 visi \u0161eit piemin\u0113tie uzskat\u0101mi par noziedzniekiem un ir ties\u0101jami !<\/span><\/p>\n<p><span style=\"color: #003300;\"> <\/span><\/p>\n<p><span style=\"color: #003300;\">T\u0101 diena noteikti pien\u0101ks, kad par visu vi\u0146iem tiks piest\u0101d\u012bts r\u0113\u0137ins un tas b\u016bs briesm\u012bgs !<\/span><\/p>\n<p><span style=\"color: #003300;\"> <\/span><\/p>\n<p><span style=\"color: #003300;\"><strong>DIEVS SV\u0112TI M\u016aSU T\u0112VZEMI<\/strong> un atbr\u012bvo no \u0161iem <strong>S\u0101tana <\/strong>kalpiem !<\/span><\/p>\n<p><span style=\"color: #003300;\"> <\/span><\/p>\n<p><span style=\"color: #003300;\">27.03.16\u00a0\u00a0\u00a0\u00a0\u00a0\u00a0\u00a0\u00a0\u00a0\u00a0\u00a0\u00a0\u00a0\u00a0\u00a0\u00a0\u00a0 L. Granti\u0146\u0161<\/span><\/p>\n","protected":false},"excerpt":{"rendered":"<p>Ko mekl\u0113 \u0161ie S\u0101tana kalpi pie m\u016bsu Sv\u0113tuma ? \u0160ie gar\u012bgi smirdo\u0161ie su\u0146i, bez sirdsapzi\u0146as p\u0101rmetumiem iet pie m\u016bsu tautas sv\u0113tuma- BR\u012aV\u012aBAS PIEMINEK\u013bA ! Vi\u0146i ta\u010du ir m\u016bsu tautas slepkavu gar\u012bgie p\u0113cn\u0101c\u0113ji !!! Rasna\u010ds-&#46;&#46;&#46;<\/p>\n","protected":false},"author":1,"featured_media":0,"comment_status":"open","ping_status":"open","sticky":false,"template":"","format":"standard","meta":[],"categories":[1],"tags":[],"_links":{"self":[{"href":"https:\/\/tautastribunals.eu\/index.php?rest_route=\/wp\/v2\/posts\/31435"}],"collection":[{"href":"https:\/\/tautastribunals.eu\/index.php?rest_route=\/wp\/v2\/posts"}],"about":[{"href":"https:\/\/tautastribunals.eu\/index.php?rest_route=\/wp\/v2\/types\/post"}],"author":[{"embeddable":true,"href":"https:\/\/tautastribunals.eu\/index.php?rest_route=\/wp\/v2\/users\/1"}],"replies":[{"embeddable":true,"href":"https:\/\/tautastribunals.eu\/index.php?rest_route=%2Fwp%2Fv2%2Fcomments&post=31435"}],"version-history":[{"count":25,"href":"https:\/\/tautastribunals.eu\/index.php?rest_route=\/wp\/v2\/posts\/31435\/revisions"}],"predecessor-version":[{"id":31464,"href":"https:\/\/tautastribunals.eu\/index.php?rest_route=\/wp\/v2\/posts\/31435\/revisions\/31464"}],"wp:attachment":[{"href":"https:\/\/tautastribunals.eu\/index.php?rest_route=%2Fwp%2Fv2%2Fmedia&parent=31435"}],"wp:term":[{"taxonomy":"category","embeddable":true,"href":"https:\/\/tautastribunals.eu\/index.php?rest_route=%2Fwp%2Fv2%2Fcategories&post=31435"},{"taxonomy":"post_tag","embeddable":true,"href":"https:\/\/tautastribunals.eu\/index.php?rest_route=%2Fwp%2Fv2%2Ftags&post=31435"}],"curies":[{"name":"wp","href":"https:\/\/api.w.org\/{rel}","templated":true}]}}