{"id":31083,"date":"2016-03-05T16:44:46","date_gmt":"2016-03-05T14:44:46","guid":{"rendered":"http:\/\/tautastribunals.eu\/?p=31083"},"modified":"2023-11-12T13:14:36","modified_gmt":"2023-11-12T11:14:36","slug":"lrtt-saeima-ir-5-kolonna","status":"publish","type":"post","link":"https:\/\/tautastribunals.eu\/?p=31083","title":{"rendered":"LRTT. Saeima ir &#8220;5.kolonna&#8221;"},"content":{"rendered":"<h2><span style=\"color: #003300;\"><a href=\"http:\/\/tautastribunals.eu\/wp-content\/uploads\/2016\/03\/Za\u013c\u0161.Latvijas-republikas-tautas-tribun\u0101ls-Aivars-Borovkovs-Ivars-Godmanis-J\u0101nis-Reinisks-Straujuma-Prezidents-Saeima-DP.-ST.-Kopie.PNG\"><img decoding=\"async\" loading=\"lazy\" class=\"alignleft  wp-image-31087\" title=\"Za\u013c\u0161.Latvijas republikas tautas tribun\u0101ls, Aivars Borovkovs, Ivars Godmanis, J\u0101nis Reinisks, Straujuma, Prezidents, Saeima, DP. ST. - Kopie\" src=\"http:\/\/tautastribunals.eu\/wp-content\/uploads\/2016\/03\/Za\u013c\u0161.Latvijas-republikas-tautas-tribun\u0101ls-Aivars-Borovkovs-Ivars-Godmanis-J\u0101nis-Reinisks-Straujuma-Prezidents-Saeima-DP.-ST.-Kopie.PNG\" alt=\"Za\u013c\u0161.Latvijas republikas tautas tribun\u0101ls, Aivars Borovkovs, Ivars Godmanis, J\u0101nis Reinisks, Straujuma, Prezidents, Saeima, DP. ST. - Kopie\" width=\"1639\" height=\"343\" srcset=\"https:\/\/tautastribunals.eu\/wp-content\/uploads\/2016\/03\/Za\u013c\u0161.Latvijas-republikas-tautas-tribun\u0101ls-Aivars-Borovkovs-Ivars-Godmanis-J\u0101nis-Reinisks-Straujuma-Prezidents-Saeima-DP.-ST.-Kopie.PNG 854w, https:\/\/tautastribunals.eu\/wp-content\/uploads\/2016\/03\/Za\u013c\u0161.Latvijas-republikas-tautas-tribun\u0101ls-Aivars-Borovkovs-Ivars-Godmanis-J\u0101nis-Reinisks-Straujuma-Prezidents-Saeima-DP.-ST.-Kopie-300x62.PNG 300w, https:\/\/tautastribunals.eu\/wp-content\/uploads\/2016\/03\/Za\u013c\u0161.Latvijas-republikas-tautas-tribun\u0101ls-Aivars-Borovkovs-Ivars-Godmanis-J\u0101nis-Reinisks-Straujuma-Prezidents-Saeima-DP.-ST.-Kopie-800x167.PNG 800w\" sizes=\"(max-width: 1639px) 100vw, 1639px\" \/><\/a><a href=\"http:\/\/tautastribunals.eu\/wp-content\/uploads\/2016\/03\/Urbanovi\u010d\u0161-U\u0161akovs-Me\u017eviets-Ulmanis-Granti\u0146\u0161.PNG\"><img decoding=\"async\" loading=\"lazy\" class=\"alignleft  wp-image-31088\" title=\"Urbanovi\u010d\u0161, U\u0161akovs, Me\u017eviets, Ulmanis, Granti\u0146\u0161\" src=\"http:\/\/tautastribunals.eu\/wp-content\/uploads\/2016\/03\/Urbanovi\u010d\u0161-U\u0161akovs-Me\u017eviets-Ulmanis-Granti\u0146\u0161.PNG\" alt=\"Urbanovi\u010d\u0161, U\u0161akovs, Me\u017eviets, Ulmanis, Granti\u0146\u0161\" width=\"1608\" height=\"824\" srcset=\"https:\/\/tautastribunals.eu\/wp-content\/uploads\/2016\/03\/Urbanovi\u010d\u0161-U\u0161akovs-Me\u017eviets-Ulmanis-Granti\u0146\u0161.PNG 838w, https:\/\/tautastribunals.eu\/wp-content\/uploads\/2016\/03\/Urbanovi\u010d\u0161-U\u0161akovs-Me\u017eviets-Ulmanis-Granti\u0146\u0161-300x153.PNG 300w, https:\/\/tautastribunals.eu\/wp-content\/uploads\/2016\/03\/Urbanovi\u010d\u0161-U\u0161akovs-Me\u017eviets-Ulmanis-Granti\u0146\u0161-800x409.PNG 800w\" sizes=\"(max-width: 1608px) 100vw, 1608px\" \/><\/a>Vis\u012bst\u0101k\u0101 <strong>Piekt\u0101 kolonna<\/strong> ir <strong>Saeima<\/strong> !<\/span><\/h2>\n<p><span style=\"color: #003300;\">Vai p\u0113c<strong>Atmodas<\/strong> laik\u0101 ir pie\u0146emts k\u0101ds <strong>Likums<\/strong>, kur\u0161 aizsarg\u0101 <strong>latvie\u0161u tautu<\/strong> un <strong>Latvijas valsti<\/strong> ?<\/span><\/p>\n<h2><span style=\"color: #003300;\">N\u0113 !!!<\/span><\/h2>\n<p><span style=\"color: #003300;\">Visi likumi ir pie\u0146emti <strong>kriev\u017e\u012bdisko okupantu <\/strong>un <strong>kolaboracionistu<\/strong><em>(viet\u0113jo komunistu un \u010dekas sadarbo\u0146u) <\/em>intere\u0161u aizst\u0101v\u0113\u0161anai. Jau kop\u0161<strong> Atmodas<\/strong> laikiem vieni un tie pa\u0161i deput\u0101t<strong>Purni<\/strong> ir skat\u0101mi.<\/span><\/p>\n<p><span style=\"color: #003300;\">Atgad\u012bjums ar <strong>Valaini<\/strong> un <strong>\u0100bolti\u0146u <\/strong>atsedz visu \u0161o <strong>kriev\u017e\u012bdisko paraz\u012btsist\u0113mu <\/strong>l\u012bdz <strong>kaulu smadzen\u0113m<\/strong>.<\/span><\/p>\n<p><span style=\"color: #003300;\">Nav tiku\u0161i atv\u0113rti <strong>\u201e\u010dekas maisi\u201d,<\/strong> kas ir <span style=\"text-decoration: underline;\">kliedzo\u0161s demokr\u0101tijas p\u0101rk\u0101pums<\/span> !!! <strong>KGB<\/strong>isti nav <span style=\"text-decoration: underline;\">atstumti no varas gro\u017eiem un turpina slepkavot<\/span> !!!<\/span><\/p>\n<p><span style=\"color: #003300;\"><strong>ES <\/strong>klus\u0113, kad <strong>Krievijas- Izra\u0113las<\/strong> p\u0101rst\u0101vji caur <strong>Latviju<\/strong> grauj <strong>vi\u0146as pa\u0161as <\/strong>pamatus. V\u0113l jo vair\u0101k, cionistiskajam <strong>MOSSAD <\/strong>ir izdevies piln\u012bb\u0101 p\u0101r\u0146emt t\u0101s vad\u012bbu ar <strong>Junkeru<\/strong> un <strong>Merkeli<\/strong> priek\u0161gal\u0101. <strong>Putins- Merkele- Junkers <\/strong>= haz\u0101r\u017e\u012bdu tr\u012bsvien\u012bba- <strong>S\u0101tanisk\u0101s<\/strong> un pretlikum\u012bgi dibin\u0101t\u0101s <strong>Izra\u0113las<\/strong> cilv\u0113ki.<\/span><\/p>\n<p><span style=\"color: #003300;\">-Vien\u012bg\u0101 cer\u012bba ir <strong>ASV <\/strong>un <strong>NATO<\/strong>, k\u0101 ar\u012b nacion\u0101li dom\u0101jo\u0161ie latvie\u0161i.<\/span><\/p>\n<p><span style=\"color: #003300;\">-K\u0101p\u0113c netika veikta dekoloniz\u0101cija, kas ir paredz\u0113ta 1949.g. <strong>\u017den\u0113vas Konvencij\u0101<\/strong> ?<\/span><\/p>\n<p><span style=\"color: #003300;\">-Kur\u0161 deput\u0101ts ir <strong><span style=\"text-decoration: underline;\">pac\u0113lis <\/span><\/strong>\u0161o jaut\u0101jumu ?<\/span><\/p>\n<h2><span style=\"color: #003300;\">N E V I E N S !<\/span><\/h2>\n<p><span style=\"color: #003300;\">-Kuri starptautiskie <strong>Likumi<\/strong> paredz, ka okup\u0113t\u0101jvalsts iepludin\u0101tie kolonisti ir uzskat\u0101mi par<strong> nacion\u0101lo minorit\u0101ti,<\/strong> pat tad, ja vi\u0146i pils\u0113t\u0101s ir vair\u0101kum\u0101 ?<\/span><\/p>\n<h2><span style=\"color: #003300;\">-T\u0101di <strong>Likumi <\/strong>nav !!!<\/span><\/h2>\n<h2><span style=\"color: #003300;\">-T\u0101 ir grandioz\u0101k\u0101 <strong>\u201eanekdote\u201d <\/strong>civiliz\u0101cijas past\u0101v\u0113\u0161anas v\u0113stur\u0113.<\/span><\/h2>\n<p><span style=\"color: #003300;\">Par <strong>minorit\u0101ti <\/strong>ir uzskat\u0101ma t\u0101da taut\u012bba, kurai <span style=\"text-decoration: underline;\">nav sava valsts<\/span>. Kriev\u017e\u012bdiem ir savas valstis<em>(Izra\u0113la un Krievija)<\/em> un t\u0101p\u0113c vi\u0146i ir <strong><span style=\"text-decoration: underline;\">j\u0101iztriec<\/span><\/strong> no <strong>Latvijas<\/strong> k\u0101<span style=\"color: #ff0000;\"><strong> <span style=\"text-decoration: underline;\">okup\u0101cijas rad\u012bts \u013caundab\u012bgs audz\u0113js<\/span><\/strong> <\/span>! Pret noziedzniekiem \u017e\u0113last\u012bba nedr\u012bkst b\u016bt, <strong>vien\u012bgi sods<\/strong> !<\/span><\/p>\n<h2><span style=\"color: #003300;\">-Pasaulei j\u0101past\u0101v uz <strong>LIKUMA PAMATIEM<\/strong> !<\/span><\/h2>\n<p><span style=\"color: #003300;\">-Ja \u0161ie<strong> PAMATI<\/strong> netiek iev\u0113roti, tad tas noved pie asins izlie\u0161anas.<\/span><\/p>\n<p><span style=\"color: #003300;\">&gt;Ar p\u0101rliec\u012bbu var sac\u012bt, ka <strong>Merkele, Junkers<\/strong> un <strong>Putins<\/strong> savu karjeru beigs <strong><span style=\"text-decoration: underline;\">H\u0101gas Tribun\u0101l\u0101 <\/span><\/strong>!<\/span><\/p>\n<p><span style=\"color: #003300;\">&gt;Tas pats ir sak\u0101ms par <strong>Latvijas valdo\u0161o kli\u0137i<\/strong>, kura ir <strong>Izra\u0113las<\/strong> noziedz\u012bgo pav\u0113\u013cu realiz\u0113t\u0101ja.<\/span><\/p>\n<h2><span style=\"color: #003300;\"><strong>Latvij\u0101 Bazn\u012bca<\/strong> ir \u0161\u0137irta no valsts.<\/span><\/h2>\n<p><span style=\"color: #003300;\"><a href=\"http:\/\/tautastribunals.eu\/wp-content\/uploads\/2016\/03\/9-.-Raimonds-V\u0113jonis-Raimonds-Bergmanis-Valdis-Ztlers.-LRTT.-Granti\u0146\u0161.PNG\"><img decoding=\"async\" loading=\"lazy\" class=\"alignleft  wp-image-31091\" title=\"9 . Raimonds V\u0113jonis, Raimonds Bergmanis, Valdis Ztlers. LRTT. Granti\u0146\u0161\" src=\"http:\/\/tautastribunals.eu\/wp-content\/uploads\/2016\/03\/9-.-Raimonds-V\u0113jonis-Raimonds-Bergmanis-Valdis-Ztlers.-LRTT.-Granti\u0146\u0161.PNG\" alt=\"9 . Raimonds V\u0113jonis, Raimonds Bergmanis, Valdis Ztlers. LRTT. Granti\u0146\u0161\" width=\"1855\" height=\"655\" srcset=\"https:\/\/tautastribunals.eu\/wp-content\/uploads\/2016\/03\/9-.-Raimonds-V\u0113jonis-Raimonds-Bergmanis-Valdis-Ztlers.-LRTT.-Granti\u0146\u0161.PNG 1053w, https:\/\/tautastribunals.eu\/wp-content\/uploads\/2016\/03\/9-.-Raimonds-V\u0113jonis-Raimonds-Bergmanis-Valdis-Ztlers.-LRTT.-Granti\u0146\u0161-300x105.PNG 300w, https:\/\/tautastribunals.eu\/wp-content\/uploads\/2016\/03\/9-.-Raimonds-V\u0113jonis-Raimonds-Bergmanis-Valdis-Ztlers.-LRTT.-Granti\u0146\u0161-800x281.PNG 800w\" sizes=\"(max-width: 1855px) 100vw, 1855px\" \/><\/a>Tad k\u0101 ir izskaidrojams, ka divas valsts svar\u012bg\u0101k\u0101s personas, <strong>prezidents<\/strong> un <strong>aizsardz\u012bbas ministrs,<\/strong> <strong>\u201es\u0113\u017e\u201d <\/strong>sinagog\u0101 kop\u0101 ar kriev\u017e\u012bdu noziedznieku un latvie\u0161u tautas apzadz\u0113ju<strong> A. Suharenko<\/strong>, kur\u0161 ir <strong><span style=\"text-decoration: underline;\">Putina komandas cilv\u0113ks<\/span><\/strong>?<\/span><\/p>\n<p><span style=\"color: #003300;\"><strong>Latvij\u0101 <\/strong>ir pie\u0146emta<strong> DEKLAR\u0100CIJA <\/strong>par okup\u0101ciju: <\/span><\/p>\n<h2><span style=\"color: #003300;\"><a href=\"http:\/\/lpra.vip.lv\/deklaracija.html\">http:\/\/lpra.vip.lv\/deklaracija.html<\/a><\/span><\/h2>\n<h2><span style=\"color: #003300;\">-K\u0101p\u0113c netiek \u012bstenota \u0161\u012b <strong>DEKLAR\u0100CIJA<\/strong> ?<\/span><\/h2>\n<p><span style=\"color: #003300;\">-Kas tie ir par sp\u0113kiem, kuri trauc\u0113 \u0161\u012bs <strong>DEKLAR\u0100CIJAS <\/strong>\u012bsteno\u0161anu ?<\/span><\/p>\n<p><span style=\"color: #003300;\">\u0160eit nek\u0101da min\u0113\u0161ana nav vajadz\u012bga, tie ir kriev\u017e\u012bdiskie cionisti ar noziedz\u012bgo un nelikum\u012bgi<em>(pret\u0113ji <strong>ANO <\/strong>stat\u016btiem)<\/em> <span style=\"text-decoration: underline;\">dibin\u0101to<strong> Izra\u0113lu <\/strong>priek\u0161gal\u0101<\/span>.<\/span><\/p>\n<p><span style=\"color: #003300;\">Par <strong>Izra\u0113las<\/strong> noziegumiem atkl\u0101ti run\u0101 ar\u012b <strong>Krievijas <\/strong>\u017e\u012bds<em>(no t\u0113va puses<\/em>)<strong> Vladimirs \u017dirinovskis<\/strong>: <a href=\"https:\/\/www.youtube.com\/watch?v=YdtVUuSRopw\">https:\/\/www.youtube.com\/watch?v=YdtVUuSRopw<\/a><\/span><\/p>\n<p><span style=\"color: #003300;\"><strong>\u017dirinovskis <\/strong>atkl\u0101ti pasaka, ka <strong>holokaustu izr\u012bkoja pa\u0161i \u017e\u012bdi !!!<\/strong> un, ka visus pasaules konfliktus rada vi\u0146i, lai nov\u0113rstu naidu no <strong>Izra\u0113las<\/strong>.<\/span><\/p>\n<p><span style=\"color: #003300;\">Musulma\u0146u uzk\u016bd\u012b\u0161ana uz eiropie\u0161iem ar\u012b ir \u017e\u012bdu darbs.<\/span><\/p>\n<p><span style=\"color: #003300;\"><strong>Kabalists-<\/strong> profesors un ar\u012b kriev\u017e\u012bds<strong> Laitmans <\/strong>bez kautr\u0113\u0161an\u0101s pasaka, ka \u017e\u012bdi ir tie, kuri apzog citas tautas un, ka uz vi\u0146iem nav attiecin\u0101ms j\u0113dziens-<strong> TAUTA<\/strong>: <a href=\"https:\/\/www.youtube.com\/watch?v=PrtatSImzaI\">https:\/\/www.youtube.com\/watch?v=PrtatSImzaI<\/a><\/span><\/p>\n<p><span style=\"color: #003300;\">\u017d\u012bds, tas noz\u012bm\u0113jot dv\u0113seles st\u0101vokli, saka <strong>Laitmans<\/strong>.<\/span><\/p>\n<p><span style=\"color: #003300;\">Nu t\u0101 jau ir pietieko\u0161i skaidra atbilde, lai saprastu <strong>Latvij\u0101<\/strong> notieko\u0161o. Aug\u0161\u0101<em>(pie siles) <\/em>ir apvienoju\u0161ies visi tie, kuriem dv\u0113seles <strong>\u201est\u0101voklis\u201d <\/strong>ir nostabiliz\u0113jies uz <strong>paraz\u012btisma vi\u013c\u0146a<\/strong> !<\/span><\/p>\n<p><span style=\"color: #003300;\">Zagt un pl\u0113st visu to, ko citi ir gr\u016bta darba proces\u0101 rad\u012bju\u0161i.<\/span><\/p>\n<p><span style=\"color: #003300;\">Noskatieties \u0161o- <strong>Izra\u0113la- Haz\u0101rijas<\/strong> atjauno\u0161ana: <a href=\"https:\/\/www.youtube.com\/watch?v=fhNkoVLeh8E\">https:\/\/www.youtube.com\/watch?v=fhNkoVLeh8E<\/a> un j\u016bs saprat\u012bsiet, ka \u017e\u012bdi nav tauta, bet noziedznieku konglomer\u0101ts<em>(band\u012btu apvien\u012bba).<\/em><\/span><\/p>\n<p><span style=\"color: #003300;\">Kur \u017e\u012bdi<em>(cilv\u0113ki bez nacionalit\u0101tes- izteikti noziedznieki<\/em>), tur <strong>nemieri, mor\u0101lais pagrimums<\/strong> un<strong> konflikti<\/strong>.<\/span><\/p>\n<p><span style=\"color: #003300;\">L\u016bk, p\u0113c t\u0101da principa ir atlas\u012bti visi <strong>Saeimas <\/strong>deput\u0101ti. Gaid\u012bt no vi\u0146iem darbus latvie\u0161u tautas lab\u0101 ir velt\u012bgi. Pirms k\u013c\u016bt par deput\u0101tu, vi\u0146\u0161<em>(n\u0101ko\u0161ais deput\u0101ts) <\/em>tiek \u201e<strong>apstr\u0101d\u0101ts<\/strong>\u201d. Ar \u0161odien pieejam\u0101m metod\u0113m tas ir izdar\u0101ms \u013coti vienk\u0101r\u0161i. \u0160eit nav runa tikai par <strong>psihotronisku <\/strong>apstr\u0101d\u0101\u0161anu, kuru es pag\u0101ju\u0161aj\u0101 vasar\u0101 piedz\u012bvoju<strong> R\u012bgas centr\u0101lcietum\u0101<\/strong>, bet ar\u012b ar <strong>medikamentozas hipnozes<\/strong> un <strong>brut\u0101las varm\u0101c\u012bbas pal\u012bdz\u012bbu<\/strong>.<\/span><\/p>\n<p><span style=\"color: #003300;\">Mana atkl\u0101t\u0101<strong><span style=\"text-decoration: underline;\">&#8211; brut\u0101l\u0101 apcietin\u0101\u0161ana parastajos pilso\u0146os iedvesa \u0161ausmas<\/span><\/strong>, kur nu v\u0113l tajos, kuri virina<strong> Saeimas<\/strong> durvis.<\/span><\/p>\n<p><span style=\"color: #003300;\">P\u0113c savas <strong>dzi\u013c\u0101k\u0101s b\u016bt\u012bbas<\/strong>, ja izprotam <strong>kabalista Laitmana<\/strong> teikto, <strong>Saeim\u0101 <\/strong>visi ir \u017e\u012bdi, t\u0101tad, <strong>s\u0101tanisma<\/strong> kalpi.<\/span><\/p>\n<p><span style=\"color: #003300;\">Ar <strong>antropolo\u0123iskajiem j\u016bdiem- ebrejiem<\/strong>, no<strong> \u0100brama<\/strong> cilts, vi\u0146iem nav nek\u0101ds sakars. Tos vi\u0146i izmanto, lai sl\u0113ptu savus noziegumus zem <strong>\u201edievizredz\u0113t\u012bbas\u201d <\/strong>maskas.<\/span><\/p>\n<p><span style=\"color: #003300;\">Antisem\u012bti ir tie\u0161i vi\u0146i<em>(palest\u012bnie\u0161u slepkavas),<\/em> nevis latvie\u0161i un citas tautas.<\/span><\/p>\n<p><span style=\"color: #003300;\">Da\u017es labs las\u012bt\u0101js, kur\u0161 neiedzi\u013cin\u0101s lietas b\u016bt\u012bb\u0101 sac\u012bs:<strong> \u201eNu, ko j\u016bs te vienu un to pa\u0161u m\u016b\u017e\u012bgi ma\u013cat, vai beidzot nepietiks ?\u201d<\/strong><\/span><\/p>\n<p><span style=\"color: #003300;\">Atk\u0101rto\u0161u,<strong> Latvijai <\/strong>un pasaulei ir tikai viena <strong>PROBL\u0112MA<\/strong>, proti,<strong> \u017e\u012bdisms<\/strong>.<strong> LRTT <\/strong>\u0161o t\u0113mu un visu, kas ar to saist\u012bts, \u201e<strong>mals un mals<\/strong>\u201d, kam\u0113r vi\u0146us samals un iesvied\u012bs <strong>Elles<\/strong> za\u0146\u0137\u012b uz visiem laikiem. <\/span><\/p>\n<p><span style=\"color: #003300;\">Probl\u0113ma ir viena, bet milz\u012bga, un ir <strong>vajadz\u012bgs laiks<\/strong> un <strong>Gar\u012bgais resurss<\/strong>, lai to pieveiktu.<\/span><\/p>\n<p><span style=\"color: #003300;\">G\u013c\u0113vums un bailes ir \u017e\u012bdisma sabiedrotais !<\/span><\/p>\n<p><span style=\"color: #003300;\">T\u0101p\u0113c vi\u0146i cen\u0161as visus iebied\u0113t un pan\u0101kumi \u0161aj\u0101 jom\u0101 vi\u0146iem ir lieli. G\u013c\u0113vais un bail\u012bgais ir pieskait\u0101ms pie nodev\u0113ja.<\/span><\/p>\n<p><span style=\"color: #003300;\">To nesaka <strong>LRTT<\/strong>, bet k\u0101ds <strong>CITS<\/strong>, kur\u0161 tuv\u0101kaj\u0101 laik\u0101 m\u016bs apmekl\u0113s.<\/span><\/p>\n<p><span style=\"color: #003300;\"><strong>\u201eTad, kad j\u016bs redz\u0113siet Mani n\u0101kam, no\u017e\u0113lot b\u016bs par v\u0113lu,\u201d <\/strong>skan vi\u0146a sac\u012btais.<\/span><\/p>\n<p><span style=\"color: #003300;\">&gt;Tas, ko es \u0161eit saku, b\u016btu <strong>j\u0101sludina Bazn\u012bc\u0101s<\/strong> !<\/span><\/p>\n<p><span style=\"color: #003300;\">&gt;Tie cit\u0101ti<span style=\"color: #ff0000;\">***<\/span>, kurus es cit\u0113ju \u0161aj\u0101<strong> i- vietn\u0113,<\/strong> b\u016btu j\u0101cit\u0113 bazn\u012bckungiem, bet vi\u0146i klus\u0113 !<\/span><\/p>\n<p><span style=\"color: #003300;\">K\u0101p\u0113c ?<\/span><\/p>\n<p><span style=\"color: #003300;\">T\u0101p\u0113c, ka vi\u0146i kalpo \u0161\u012bs zemes kungam un, kas ir \u0161\u012bs zemes <strong>kungs<\/strong>, zina katrs.<\/span><\/p>\n<p><span style=\"color: #003300;\">Abiem kalpot nevar, k\u0101 to grib dar\u012bt <strong>In\u0101ra M\u016brniece,<\/strong> godin\u0101t <strong>Suharenko bandu, <\/strong>kura ir m\u016bsu <strong>tautas slepkavu p\u0113cte\u010di<\/strong> un <strong>le\u0123ion\u0101rus,<\/strong> k\u0101 vi\u0146a esot ap\u0146\u0113musies to \u0161ogad dar\u012bt.<\/span><\/p>\n<p><span style=\"color: #003300;\">Vai Iek\u0161lietu ministrs <strong>Kozlovskis <\/strong>\u0161ogad ar\u012b organiz\u0113s le\u0123ion\u0101ru g\u0101jiena trauc\u0113\u0161anu ? Protams, visi band\u012btiskie izl\u0113cieni pret latvie\u0161u le\u0123ion\u0101riem tiek pl\u0101noti un apstiprin\u0101ti <strong>Ie.M<\/strong>. un<strong> DP.<\/strong><br \/>\n<\/span><\/p>\n<h2><span style=\"color: #003300;\">Dievs, atpest\u012b m\u016bs no \u013caun\u0101 !!!<\/span><\/h2>\n<p><span style=\"color: #003300;\">05.03.16\u00a0\u00a0\u00a0\u00a0 L. Granti\u0146\u0161<\/span><\/p>\n<p><span style=\"color: #003300;\"><strong><span style=\"color: #ff0000;\">***<\/span>J\u0113zus <\/strong>vi\u0146iem sac\u012bja: \u201cJa <strong>Dievs<\/strong> b\u016btu j\u016bsu <strong>T\u0113vs<\/strong>, j\u016bs <strong>Mani<\/strong> m\u012bl\u0113tu, jo<strong> Es<\/strong> esmu izg\u0101jis un n\u0101ku no <strong>Dieva<\/strong>. Jo ne no <strong>Sevis<\/strong> esmu n\u0101cis, bet <strong>Vi\u0146\u0161 Mani<\/strong> s\u016bt\u012bjis. K\u0101d\u0113\u013c j\u016bs <strong>Manu<\/strong> runu nesaprotat? T\u0101p\u0113c, ka j\u016bs neesat sp\u0113j\u012bgi klaus\u012bties <strong>Manos<\/strong> v\u0101rdos. J\u016bs esat no sava <strong>t\u0113va \u2013 velna,<\/strong> un jums<span style=\"text-decoration: underline;\"> gribas piepild\u012bt sava t\u0113va k\u0101r\u012bba<\/span>s. Vi\u0146\u0161 no pa\u0161a s\u0101kuma ir bijis <strong>slepkava <\/strong><span style=\"text-decoration: underline;\">un <\/span><strong>nest\u0101v paties\u012bb\u0101<\/strong>, jo <strong>paties\u012bbas nav vi\u0146\u0101<\/strong>. Melus run\u0101dams, vi\u0146\u0161 run\u0101 p\u0113c<strong> savas dabas<\/strong>, jo vi\u0146\u0161 ir <strong>melis<\/strong> un<strong> melu t\u0113vs<\/strong>.\u201d&#8221;<\/span><\/p>\n<h2><span style=\"color: #008000;\"><a href=\"http:\/\/tautastribunals.eu\/wp-content\/uploads\/2016\/03\/LatvijaDievs-Granti\u0146\u0161-Liep\u0101jaR\u012bgaLRTT.PNG\"><img decoding=\"async\" loading=\"lazy\" class=\"alignleft  wp-image-31097\" title=\"Latvija,Dievs, Granti\u0146\u0161, Liep\u0101ja,R\u012bga,LRTT\" src=\"http:\/\/tautastribunals.eu\/wp-content\/uploads\/2016\/03\/LatvijaDievs-Granti\u0146\u0161-Liep\u0101jaR\u012bgaLRTT.PNG\" alt=\"Latvija,Dievs, Granti\u0146\u0161, Liep\u0101ja,R\u012bga,LRTT\" width=\"2198\" height=\"358\" srcset=\"https:\/\/tautastribunals.eu\/wp-content\/uploads\/2016\/03\/LatvijaDievs-Granti\u0146\u0161-Liep\u0101jaR\u012bgaLRTT.PNG 859w, https:\/\/tautastribunals.eu\/wp-content\/uploads\/2016\/03\/LatvijaDievs-Granti\u0146\u0161-Liep\u0101jaR\u012bgaLRTT-300x48.PNG 300w, https:\/\/tautastribunals.eu\/wp-content\/uploads\/2016\/03\/LatvijaDievs-Granti\u0146\u0161-Liep\u0101jaR\u012bgaLRTT-800x130.PNG 800w\" sizes=\"(max-width: 2198px) 100vw, 2198px\" \/><\/a>Pielikums<\/span><\/h2>\n<p><span style=\"color: #008000;\"><a href=\"http:\/\/tautastribunals.eu\/wp-content\/uploads\/2016\/03\/In\u0101ra-M\u016brniece-Dainis-\u012av\u0101ns-Granti\u0146\u0161.-LRTT.PNG\"><img decoding=\"async\" loading=\"lazy\" class=\"alignleft  wp-image-31098\" title=\"In\u0101ra M\u016brniece, Dainis \u012av\u0101ns, Granti\u0146\u0161. LRTT\" src=\"http:\/\/tautastribunals.eu\/wp-content\/uploads\/2016\/03\/In\u0101ra-M\u016brniece-Dainis-\u012av\u0101ns-Granti\u0146\u0161.-LRTT.PNG\" alt=\"In\u0101ra M\u016brniece, Dainis \u012av\u0101ns, Granti\u0146\u0161. LRTT\" width=\"1555\" height=\"1397\" srcset=\"https:\/\/tautastribunals.eu\/wp-content\/uploads\/2016\/03\/In\u0101ra-M\u016brniece-Dainis-\u012av\u0101ns-Granti\u0146\u0161.-LRTT.PNG 565w, https:\/\/tautastribunals.eu\/wp-content\/uploads\/2016\/03\/In\u0101ra-M\u016brniece-Dainis-\u012av\u0101ns-Granti\u0146\u0161.-LRTT-300x269.PNG 300w\" sizes=\"(max-width: 1555px) 100vw, 1555px\" \/><\/a>Varam run\u0101t skaistus v\u0101rdus, bet darbi nor\u0101da uz ko citu. Pareizi jau paruna saka: <strong><span style=\"text-decoration: underline;\">draugi ir tie, kuri pasaka, kas esi<\/span><\/strong>. Daudzas lietas, \u0161ajos gr\u016btajos laikos,<strong> In\u0101ra<\/strong>, ir j\u0101dara piespiedu k\u0101rt\u0101 un to ar\u012b tauta m\u0101k at\u0161\u0137irt, bet ir lietas, kuras tev neviens neuzspie\u017e, bet tu tom\u0113r to dari. P\u0113c t\u0101m ar\u012b var spriest par tavas<strong> Dv\u0113seles <\/strong>\u012bsto <strong>B\u016bt\u012bbu<\/strong>.<\/span><\/p>\n<p><span style=\"color: #ff0000;\"><strong>FOTO<\/strong>:<em> Palasi, In\u0101ri\u0146, m\u016bsu di\u017e\u0101 &#8220;cer\u012bbi\u0146a&#8221;, ko saka \u0161is <strong>gar\u012bgais spr\u0101gonis<\/strong> pats par sevi un savu bandu:<\/em><a href=\"http:\/\/tautastribunals.eu\/?p=28015\">http:\/\/tautastribunals.eu\/?p=28015<\/a><\/span><\/p>\n<p><span style=\"color: #ff0000;\"><em>Vai tevi k\u0101ds spieda ar \u0161o izdzimteni br\u0101\u013coties un m\u012b\u013cv\u0101rdi\u0146us vi\u0146am d\u0101v\u0101t ?<\/em><\/span><\/p>\n<p><span style=\"color: #008000;\">Mor\u0101les m\u0113raukla, <strong>In\u0101ra<\/strong>, atrodas <strong>DEBES\u012aS<\/strong>.<\/span><\/p>\n<p><span style=\"color: #008000;\">Cilv\u0113ks, kuram ar <strong>Sirdsapzi\u0146u<\/strong> viss ir k\u0101rt\u012bb\u0101, redz \u0161o debes\u012bs apsl\u0113pto <strong>MOR\u0100LES M\u0112RAUKLU<\/strong>, bet divkosis un pa\u0161labuma mekl\u0113t\u0101js, n\u0113. <strong>Tas Kungs,<\/strong> kad vi\u0146\u0161 n\u0101ks, <strong>Vi\u0146\u0161<\/strong> m\u0113r\u012bs<strong> LIETAS<\/strong> ar <strong>Debes\u012bs rakst\u012bto<\/strong>, ne ar <strong>\u012av\u0101na <\/strong>un <strong>Suharenko<\/strong> rad\u012bto, <strong>mor\u0101les m\u0113rauklu<\/strong>.<\/span><\/p>\n<p><span style=\"color: #008000;\">K\u0101p\u0113c tu, <strong>In\u0101ra M\u016brniece<\/strong>, neapmekl\u0113ji mani man\u0101 <strong>65<\/strong>j\u0101 jubilej\u0101 <strong>22.<\/strong> august\u0101<strong> R\u012bgas Centr\u0101lcietum\u0101<\/strong> ?<\/span><\/p>\n<p><span style=\"color: #008000;\">T\u0101 b\u016btu bijusi viena no laim\u012bg\u0101kaj\u0101m dien\u0101m man\u0101 m\u016b\u017e\u0101, jo tu ta\u010du p\u0101rst\u0101vi manu tautu, vismaz man t\u0101 liek\u0101s. Tev bija j\u0101par\u0101da m\u016bsu p\u0101rbied\u0113tajai un pusdz\u012bvai tautai drosmes piem\u0113ru !<\/span><\/p>\n<h2><span style=\"color: #008000;\">Tu to neizdar\u012bji !<\/span><\/h2>\n<h2><span style=\"color: #008000;\">Tu Paties\u012bbu samain\u012bji pret nodev\u012bbu !<\/span><\/h2>\n<p><span style=\"color: #008000;\">Tu izv\u0113l\u0113jies <strong>zagli un slepkavu<\/strong>, bet ne to, kur\u0161 jau kuro reizi tika eksikut\u0113ts no t\u0101diem <strong>\u201c\u012bv\u0101niem\u201d<\/strong> par to, <strong>ka tu esi t\u0101, kas tu esi<\/strong>.<\/span><\/p>\n<p><span style=\"color: #008000;\">Redzi,<strong> In\u0101ra, <\/strong>t\u0101 ir t\u0101 <strong>Debesu Mor\u0101les m\u0113raukla<\/strong>, kuru tu n\u012bsti, jo tavi draugi ir manas tautas slepkavas un tu neesi lab\u0101ka.<\/span><\/p>\n<p><span style=\"color: #008000;\">Mans pag\u0101ju\u0161\u0101s vasaras brauciens uz <strong>T\u0113vzemi <\/strong>bija <strong>APZIN\u0100TS- PROVOKAT\u012aVS<\/strong><em>(protams, pozit\u012bv\u0101 noz\u012bm\u0113) <\/em>un dar\u012bju to tie\u0161i priek\u0161 jums- <strong>VL!,<\/strong> bet j\u016bs izg\u0101z\u0101ties ne tikai <strong>Paties\u012bbas<\/strong>, bet visas <strong>latvie\u0161u tautas priek\u0161\u0101<\/strong>. <\/span><\/p>\n<p><span style=\"color: #008000;\">S\u012bk\u0101k par to k\u0101du citu reizi&#8230; .<br \/>\n<\/span><\/p>\n","protected":false},"excerpt":{"rendered":"<p>Vis\u012bst\u0101k\u0101 Piekt\u0101 kolonna ir Saeima ! Vai p\u0113cAtmodas laik\u0101 ir pie\u0146emts k\u0101ds Likums, kur\u0161 aizsarg\u0101 latvie\u0161u tautu un Latvijas valsti ? N\u0113 !!! Visi likumi ir pie\u0146emti kriev\u017e\u012bdisko okupantu un kolaboracionistu(viet\u0113jo komunistu un \u010dekas&#46;&#46;&#46;<\/p>\n","protected":false},"author":1,"featured_media":0,"comment_status":"open","ping_status":"open","sticky":false,"template":"","format":"standard","meta":[],"categories":[1],"tags":[],"_links":{"self":[{"href":"https:\/\/tautastribunals.eu\/index.php?rest_route=\/wp\/v2\/posts\/31083"}],"collection":[{"href":"https:\/\/tautastribunals.eu\/index.php?rest_route=\/wp\/v2\/posts"}],"about":[{"href":"https:\/\/tautastribunals.eu\/index.php?rest_route=\/wp\/v2\/types\/post"}],"author":[{"embeddable":true,"href":"https:\/\/tautastribunals.eu\/index.php?rest_route=\/wp\/v2\/users\/1"}],"replies":[{"embeddable":true,"href":"https:\/\/tautastribunals.eu\/index.php?rest_route=%2Fwp%2Fv2%2Fcomments&post=31083"}],"version-history":[{"count":40,"href":"https:\/\/tautastribunals.eu\/index.php?rest_route=\/wp\/v2\/posts\/31083\/revisions"}],"predecessor-version":[{"id":65256,"href":"https:\/\/tautastribunals.eu\/index.php?rest_route=\/wp\/v2\/posts\/31083\/revisions\/65256"}],"wp:attachment":[{"href":"https:\/\/tautastribunals.eu\/index.php?rest_route=%2Fwp%2Fv2%2Fmedia&parent=31083"}],"wp:term":[{"taxonomy":"category","embeddable":true,"href":"https:\/\/tautastribunals.eu\/index.php?rest_route=%2Fwp%2Fv2%2Fcategories&post=31083"},{"taxonomy":"post_tag","embeddable":true,"href":"https:\/\/tautastribunals.eu\/index.php?rest_route=%2Fwp%2Fv2%2Ftags&post=31083"}],"curies":[{"name":"wp","href":"https:\/\/api.w.org\/{rel}","templated":true}]}}