{"id":30966,"date":"2016-02-27T11:05:28","date_gmt":"2016-02-27T09:05:28","guid":{"rendered":"http:\/\/tautastribunals.eu\/?p=30966"},"modified":"2016-02-27T11:49:40","modified_gmt":"2016-02-27T09:49:40","slug":"cionistu-marionetes-uzpeld-viena-pec-otras","status":"publish","type":"post","link":"https:\/\/tautastribunals.eu\/?p=30966","title":{"rendered":"Cionistu marionetes uzpeld viena p\u0113c otras"},"content":{"rendered":"<p><span style=\"color: #003300;\"><a href=\"http:\/\/tautastribunals.eu\/wp-content\/uploads\/2016\/02\/www.tautastribunals.eu-123.png\"><img decoding=\"async\" loading=\"lazy\" class=\"alignleft size-full wp-image-30967\" title=\"www.tautastribunals.eu-12\" src=\"http:\/\/tautastribunals.eu\/wp-content\/uploads\/2016\/02\/www.tautastribunals.eu-123.png\" alt=\"www.tautastribunals.eu-12\" width=\"623\" height=\"86\" srcset=\"https:\/\/tautastribunals.eu\/wp-content\/uploads\/2016\/02\/www.tautastribunals.eu-123.png 950w, https:\/\/tautastribunals.eu\/wp-content\/uploads\/2016\/02\/www.tautastribunals.eu-123-300x42.png 300w, https:\/\/tautastribunals.eu\/wp-content\/uploads\/2016\/02\/www.tautastribunals.eu-123-800x112.png 800w\" sizes=\"(max-width: 623px) 100vw, 623px\" \/><\/a>Tikko k\u0101 tika rakst\u012bts par k\u0101du <strong>\u201ekabalistu\u201d Oj\u0101ru Kalni\u0146u <\/strong>un ar\u012b piemin\u0113ts, ka visa<strong> Latvij\u0101<\/strong> valdo\u0161\u0101 hunta sast\u0101v no \u0161iem civiliz\u0101cijas draz\u0101m. K\u0101 par cilv\u0113kiem k\u0101 t\u0101diem, vi\u0146i neb\u016btu piemin\u0113\u0161anas v\u0113rti, ja vien neb\u016btu no <strong>\u201eapgraiz\u012btajiem\u201d<\/strong> ieb\u012bd\u012bti <strong>Latvijas valsts<\/strong> past\u0101v\u0113\u0161anai svar\u012bg\u0101kajos amatos.<\/span><\/p>\n<p><span style=\"color: #003300;\"> <\/span><\/p>\n<p><span style=\"color: #003300;\">\u0160oreiz piemin\u0113sim divus no \u0161\u012bs <strong>\u201ezortes\u201d-<em> <\/em><\/strong><em>propesoru <\/em><strong>L. Taiv\u0101nu<\/strong> un <em>\u0123ener\u0101ldirektoru<\/em> <strong>\u0112. Kalnmeieru<\/strong>. Abi uztic\u012bgi cionisma<em>(bo\u013c\u0161evisma- komunisma)<\/em> kalpi.<\/span><\/p>\n<p><span style=\"color: #003300;\"> <\/span><\/p>\n<h2><span style=\"color: #003300;\">\u0112riks Kalnmeiers ?<\/span><\/h2>\n<p><span style=\"color: #003300;\"> <\/span><\/p>\n<p><span style=\"color: #003300;\"><a href=\"http:\/\/tautastribunals.eu\/wp-content\/uploads\/2016\/02\/Eriks-kalnmeiersL.-Taiv\u0101ns-Cionisms-LRTT-H-86.-Granti\u0146\u0161.PNG\"><img decoding=\"async\" loading=\"lazy\" class=\"alignleft size-full wp-image-30972\" title=\"Eriks-kalnmeiers,L. Taiv\u0101ns, Cionisms, LRTT, H-86. Granti\u0146\u0161\" src=\"http:\/\/tautastribunals.eu\/wp-content\/uploads\/2016\/02\/Eriks-kalnmeiersL.-Taiv\u0101ns-Cionisms-LRTT-H-86.-Granti\u0146\u0161.PNG\" alt=\"Eriks-kalnmeiers,L. Taiv\u0101ns, Cionisms, LRTT, H-86. Granti\u0146\u0161\" width=\"180\" height=\"249\" \/><\/a>Kad run\u0101jam par \u0161o <strong>\u201eeksenpl\u0101ru\u201d,<\/strong> tad vienm\u0113r uzrunas<strong> \u201ekungs\u201d <\/strong>viet\u0101 vajadz\u0113tu likt:<strong> <a href=\"http:\/\/valmiera.pilseta24.lv\/zina?slug=-ba157908fe\">NOZIEDZNIEKS<\/a><\/strong><a href=\"http:\/\/valmiera.pilseta24.lv\/zina?slug=-ba157908fe\">(atv\u0113rt)<\/a><strong><a href=\"http:\/\/valmiera.pilseta24.lv\/zina?slug=-ba157908fe\"> <\/a><\/strong><a href=\"http:\/\/valmiera.pilseta24.lv\/zina?slug=-ba157908fe\">!<\/a><\/span><\/p>\n<p><span style=\"color: #003300;\"> <\/span><\/p>\n<p><span style=\"color: #003300;\">Paklausieties tikai, ko \u0161is <strong>\u201ekungs\u201d <\/strong>at\u013caujas izsecin\u0101t:<em> <span style=\"color: #0000ff;\">\u201e<\/span><\/em><span style=\"color: #0000ff;\"><em>\u0122ener\u0101lprokurors \u0112riks Kalnmeiers ir p\u0101rliecin\u0101ts, ka par Krievijas karoga k\u0101ta saboj\u0101\u0161anu p\u0113rn R\u012bg\u0101 notiku\u0161aj\u0101 Latvijas Krievu savien\u012bbas (LKS) organiz\u0113taj\u0101 piket\u0101 &#8220;Krimas atbalstam&#8221; aps\u016bdz\u0113tais v\u012brietis ir j\u0101noties\u0101 par vi\u0146a neieciet\u012bgo r\u012bc\u012bbu, jo nevienam nav ties\u012bbu prettiesiski v\u0113rsties pret viedok\u013ca paud\u0113ju, ja ar viedok\u013ca pau\u0161anu nav p\u0101rk\u0101pts likums.\u201d<\/em><\/span><\/span><\/p>\n<p><span style=\"color: #003300;\"> <\/span><\/p>\n<p><span style=\"color: #003300;\"><strong>Rodas jaut\u0101jums:<\/strong> Tiesnesis lemj, kuru noties\u0101t <span style=\"text-decoration: underline;\">vai \u0123ener\u0101lprokurors<\/span> ?<\/span><\/p>\n<p><span style=\"color: #003300;\"> <\/span><\/p>\n<p><span style=\"color: #003300;\">Protams, ka t\u0101d\u0101 band\u012btiskaj\u0101 veidojum\u0101 k\u0101 \u0161odienas <strong>Latvija<\/strong>, kur\u0101 visu nosaka <strong>Sta\u013cina <\/strong>laika slepkavas<em>(biju\u0161ie <strong>KGB <\/strong>darbo\u0146i),<\/em> tiesne\u0161iem ir pie\u0161\u0137irta tikai butaforijas lom\u0101.<\/span><\/p>\n<p><span style=\"color: #003300;\"> <\/span><\/p>\n<p><span style=\"color: #003300;\"><strong>LRTT i- vietn\u0113<\/strong> par \u0161o band\u012btu ir rakst\u012bts vair\u0101kk\u0101rt. <\/span><\/p>\n<p><span style=\"color: #003300;\">Pats par sevi, \u0161is <strong>putnu bied\u0113k\u013ca izskata kreat\u016bra,<\/strong> nav pat izlietota tualetes pap\u012bra v\u0113rts, bet k\u0101 paklaus\u012bga <strong>KGB<\/strong>istu marionete gan. Vi\u0146\u0161 bija viens no tiem, kur\u0161 ar mani \u0161ovasar \u201e<strong>izr\u0113\u0137in\u0101j\u0101s<\/strong>\u201d. Ar savu pazi\u0146ojumu \u201e<strong>slotas k\u0101ta<\/strong>\u201d jaut\u0101jum\u0101***, vi\u0146\u0161 sevi piln\u012bgi degrad\u0113ja, ne tikai k\u0101 \u0123ener\u0101lprokurors, bet ar\u012b k\u0101 cilv\u0113ks. Vi\u0146a sac\u012btais piln\u012bb\u0101 atkl\u0101ja <strong>kriev\u017e\u012bdisko noziedz\u012bbu<\/strong> un<strong> stulbumu<\/strong>.<\/span><\/p>\n<p><span style=\"color: #003300;\"> <\/span><\/p>\n<p><span style=\"color: #003300;\">K\u0101 var pieskait\u012bt tos, kuri<span style=\"text-decoration: underline;\"><strong> atbalsta iebrukumu kaimi\u0146valstij<\/strong><\/span>,<span style=\"text-decoration: underline;\"><strong> slepkav\u012bbas <\/strong><\/span>un<span style=\"text-decoration: underline;\"><strong> teritorijas atsavin\u0101\u0161anu,<\/strong><\/span> pie viedok\u013ca paud\u0113jiem ? Nedom\u0101ju, ka<strong> Kalnmeies <\/strong>pats bija tik mu\u013c\u0137is, vi\u0146\u0161 vienk\u0101r\u0161i atk\u0101rtoja to, <span style=\"text-decoration: underline;\"><strong>ko vi\u0146am lika<\/strong><\/span>.<\/span><\/p>\n<p><span style=\"color: #003300;\"> <\/span><\/p>\n<p><span style=\"color: #003300;\">Par \u0161o secin\u0101jumu <em>band\u012bts <\/em><strong>Kalnmeiers<\/strong> ir peln\u012bjis restes. Vi\u0146\u0161 ir atbalst\u012bjis <strong>Krievijas asi\u0146aino re\u017e\u012bmu<\/strong>, kuram par laimi civiliz\u0113tajai pasaulei, bet par nelaimi<strong> Kalnmeieram<\/strong>, dienas ir skait\u012btas. <strong>Kalnmeieru<\/strong> un visu vi\u0146a <strong>4. maija huntas noziedzniekus<\/strong> sagaida <strong>Rum\u0101nijas \u0123enseka \u010cau\u0161esku liktenis<\/strong>. <\/span><\/p>\n<p><span style=\"color: #003300;\">Nek\u0101das <strong>tiesas <\/strong>un <strong>tribun\u0101li<\/strong> neb\u016bs, b\u016bs tikai un vien\u012bgi <strong>SODA IZPILDE<\/strong>. <\/span><\/p>\n<p><span style=\"color: #003300;\">Pasaules v\u0113sture nepaz\u012bst citus variantus&#8230; .<\/span><\/p>\n<p><span style=\"color: #003300;\"> <\/span><\/p>\n<p><span style=\"color: #003300;\"><a href=\"http:\/\/tautastribunals.eu\/wp-content\/uploads\/2016\/02\/Str\u012b\u0137e-Loskutovs-Kalnmeiers.PNG\"><img decoding=\"async\" loading=\"lazy\" class=\"alignleft size-full wp-image-30985\" title=\"Str\u012b\u0137e, Loskutovs, Kalnmeiers\" src=\"http:\/\/tautastribunals.eu\/wp-content\/uploads\/2016\/02\/Str\u012b\u0137e-Loskutovs-Kalnmeiers.PNG\" alt=\"Str\u012b\u0137e, Loskutovs, Kalnmeiers\" width=\"303\" height=\"182\" \/><\/a>\u0160aj\u0101 sakar\u0101 ir v\u0113rts noskat\u012bties: <a href=\"http:\/\/ltv.lsm.lv\/lv\/raksts\/23.02.2016-11-gundars-reders--juta-strike.id66530\/\">http:\/\/ltv.lsm.lv\/lv\/raksts\/23.02.2016-11-gundars-reders&#8211;juta-strike.id66530\/<\/a> <strong>Jutas Str\u012b\u0137es<\/strong> intervija nor\u0101da uz \u0161\u012bs kli\u0137es noziegumiem pret <strong>Latvijas valsti<\/strong> un ar\u012b latvie\u0161u tautu. Vienreiz\u0113ji un drosm\u012bgi pazi\u0146ojumi, kuri, ja tos \u0146em p\u0113c <strong>LIETAS B\u016aT\u012aBAS<\/strong>, pasaka, ka<strong> Kalnmeiers<\/strong> ir augsta ranga noziedznieks un <strong>Latvijas valsts bende<\/strong>. Tie\u0161i tas, ko visu laiku cen\u0161as pasac\u012bt <strong>LRTT<\/strong>. P\u0113c \u0161\u012bs intervijas <strong>J. Str\u012b\u0137ei <\/strong>vajadz\u0113tu \u013coti, \u013coti uzman\u012bties un nek\u0101d\u0101 gad\u012bjum\u0101 neb\u016bt palu laik\u0101 tuvu<strong> Daugavai<\/strong>, jo var <strong>\u201eien\u0101kt\u201d <\/strong>mu\u013c\u0137\u012bga doma galv\u0101, nu tie\u0161i t\u0101da pa\u0161a k\u0101 <strong>Jolantai Z\u0101l\u012btei<\/strong>: <a href=\"http:\/\/www.diena.lv\/latvija\/zinas\/bijusi-latvijas-masu-asociacijas-vaditaja-zalite-atrasta-mirusi-daugavas-krasta-14095398\">http:\/\/www.diena.lv\/latvija\/zinas\/bijusi-latvijas-masu-asociacijas-vaditaja-zalite-atrasta-mirusi-daugavas-krasta-14095398<\/a><\/span><\/p>\n<p><span style=\"color: #003300;\"> <\/span><\/p>\n<h2><span style=\"color: #003300;\">Tiek ar\u012b pasac\u012bts, ka<strong> Latvija <\/strong>ir korump\u0113ta valsts.<\/span><\/h2>\n<p><span style=\"color: #003300;\"> <\/span><\/p>\n<p><span style=\"color: #003300;\"><strong>LRTT<\/strong> pirms diviem gadiem iesniedza <strong>ULTIM\u0100TU ASV, NATO<\/strong> un <strong>V\u0101cijai<\/strong>, ka ir j\u0101aptur <strong>Latvijas SUVERNIT\u0100TE <\/strong>un j\u0101p\u0101r\u0146em <a href=\"http:\/\/tautastribunals.eu\/?p=16492\">http:\/\/tautastribunals.eu\/?p=16492<\/a> uz laiku t\u0101s vad\u012bbu. V\u0113rojams, ka pa\u0161laik notiek pamat\u012bgs spiediens uz <strong>Latvijas huntu<\/strong> no <strong>ASV<\/strong> puses. T\u0101 ir laba z\u012bme un<strong> lauvas tiesu <\/strong>\u0161aj\u0101 proces\u0101 ir ieguld\u012bjusi <strong>H- 86<\/strong> grupa.<\/span><\/p>\n<p><span style=\"color: #003300;\"> <\/span><\/p>\n<p><span style=\"color: #003300;\">Savas dusmas \u0161\u012b banda \u0161ovasar izg\u0101za uz mani un t\u0101p\u0113c, p\u0113c \u0161\u012bs intervijas, ir j\u0101baid\u0101s par <strong>J. Str\u012b\u0137es<\/strong> likteni.<\/span><\/p>\n<p><span style=\"color: #003300;\"> <\/span><\/p>\n<h3><span style=\"color: #003300;\">M\u0113s, latviet, vi\u0146us, \u0161os Ci\u0101nas kalpus, dr\u012bz T i e s \u0101 s i m !!!<\/span><\/h3>\n<p><span style=\"color: #003300;\"> <\/span><\/p>\n<h2><span style=\"color: #003300;\">Leons Taiv\u0101ns ?<\/span><\/h2>\n<p><span style=\"color: #003300;\"> <\/span><\/p>\n<p><span style=\"color: #003300;\"><a href=\"http:\/\/tautastribunals.eu\/wp-content\/uploads\/2016\/02\/Taiv\u0101ns-Str\u012b\u0137e-Kalni\u0146\u0161-Granti\u0146\u0161-LRTT.PNG\"><img decoding=\"async\" loading=\"lazy\" class=\"alignleft size-full wp-image-30992\" title=\"Taiv\u0101ns, Str\u012b\u0137e, Kalni\u0146\u0161, Granti\u0146\u0161, LRTT\" src=\"http:\/\/tautastribunals.eu\/wp-content\/uploads\/2016\/02\/Taiv\u0101ns-Str\u012b\u0137e-Kalni\u0146\u0161-Granti\u0146\u0161-LRTT.PNG\" alt=\"Taiv\u0101ns, Str\u012b\u0137e, Kalni\u0146\u0161, Granti\u0146\u0161, LRTT\" width=\"177\" height=\"270\" \/><\/a>\u0160is <strong>\u201e\u013coti nevain\u012bgais\u201d<\/strong><em> propesors<\/em> veic sevi\u0161\u0137i izsmalcin\u0101tu cionistu propagandu.<\/span><\/p>\n<p><span style=\"color: #003300;\"> <\/span><\/p>\n<p><strong>FOTO:<\/strong><span style=\"color: #ff0000;\"><em> Leon, ar muti nevar braukt k\u0101 ar tramvaju ! Par katru v\u0101rdu reiz b\u016bs j\u0101atbild. Godma\u0146i un suharenki nepal\u012bdz\u0113s, jo pa\u0161i b\u016bs aiz &#8220;gard\u012bn\u0113m&#8221; un gaid\u012bs savu &#8220;pakabin\u0101\u0161anu&#8221; ! <\/em><\/span><\/p>\n<p><span style=\"color: #ff0000;\"><em>Un skaties tikai, kas par izn\u012bcino\u0161u skatu ir m\u016bsu Leonam ?!\u00a0 Nu k\u0101 \u012bstam ci\u0101nas propesoram !<\/em><\/span><\/p>\n<p><span style=\"color: #003300;\">Nu, teiksim, ko noz\u012bm\u0113 \u0161is pazi\u0146ojums:<a href=\"http:\/\/www.la.lv\/beglu-bernu-uznemsana-latviesu-gimenes-butu-risinajums-migrantu-krizei-uzskata-taivans\/\"> <strong>\u201e<\/strong>(atv\u0113rt)<strong>B\u0113g\u013cu b\u0113rnu uz\u0146em\u0161ana latvie\u0161u \u0123imen\u0113s b\u016btu risin\u0101jums migrantu kr\u012bzei, uzskata Taiv\u0101ns\u201d<\/strong><\/a><\/span><\/p>\n<p><span style=\"color: #003300;\"> <\/span><\/p>\n<p><span style=\"color: #003300;\">Tai viet\u0101, lai c\u012bn\u012btos pret \u0161\u012bs noziedz\u012bg\u0101s <strong>huntas v\u0101jpr\u0101tu<\/strong>: atdodot savus b\u0101re\u0146us sve\u0161zemniekiem, \u0161is nelietis sludina, ka latvie\u0161u \u0123imen\u0113s j\u0101uz\u0146em <strong>\u201eb\u0113g\u013cu\u201d <\/strong>b\u0113rni ! T\u0101 ir vispret\u012bg\u0101k\u0101 smadze\u0146u skalo\u0161ana, tie\u0161i tas, ko v\u0113las <strong>\u201eapgraiz\u012btie\u201d, <\/strong>lai piln\u012bgi degrad\u0113tu latvie\u0161u nacion\u0101lo apzi\u0146u, kura ir veidojusies gadu t\u016bksto\u0161os.<\/span><\/p>\n<p><span style=\"color: #003300;\"> <\/span><\/p>\n<p><span style=\"color: #003300;\">Neesmu dzird\u0113jis, ka k\u0101ds latvietis vai v\u0101cietis piekristu \u0161\u0101dai politikai !<\/span><\/p>\n<p><span style=\"color: #003300;\"> <\/span><\/p>\n<p><span style=\"color: #003300;\">Tad rodas jaut\u0101jums:<strong> \u201eKas tev, nelieti, ir devis ties\u012bbas run\u0101t tautas v\u0101rd\u0101 ?\u201d<\/strong><\/span><\/p>\n<p><span style=\"color: #003300;\"> <\/span><\/p>\n<p><span style=\"color: #003300;\">Neviens vi\u0146am<em>(nedz ar\u012b k\u0101dam citam)<\/em> nav devis t\u0101das ties\u012bbas- \u0161eit izvietot <strong>&#8220;b\u0113g\u013cus&#8221;<\/strong> un t\u0101p\u0113c vi\u0146\u0161 ir uzskat\u0101ms par <strong>NOZIEDZNIEKU<\/strong>&#8211; nacion\u0101lo naida kurin\u0101t\u0101ju. Lai neb\u016btu j\u0101izpl\u016bst pla\u0161\u0101 apskaidro\u0161an\u0101, tad ievieto\u0161u k\u0101du koment\u0101ru, kas atrodams zem vi\u0146a raksta:<\/span><\/p>\n<ol>\n<li id=\"comment-id-9252913\">\n<div>\n<div>rej <a href=\"http:\/\/www.la.lv\/beglu-bernu-uznemsana-latviesu-gimenes-butu-risinajums-migrantu-krizei-uzskata-taivans\/#comment-9252913\">19. febru\u0101ris, 2016 17:49<\/a> <a href=\"http:\/\/www.la.lv\/beglu-bernu-uznemsana-latviesu-gimenes-butu-risinajums-migrantu-krizei-uzskata-taivans\/?replytocom=9252913#respond\">Atbild\u0113t<\/a><\/div>\n<div>\n<h3><span style=\"color: #0000ff;\">Lai par\u0101da piem\u0113ru! Pa\u0146em sav\u0101 \u0123imen\u0113!<\/span><\/h3>\n<\/div>\n<\/div>\n<\/li>\n<\/ol>\n<p><span style=\"color: #003300;\"> <\/span><\/p>\n<p><span style=\"color: #003300;\">Katrai tautai, kurai ir sava etnisk\u0101 dzimtene, ir ar\u012b j\u0101dz\u012bvo taj\u0101 un j\u0101c\u012bn\u0101s pret varm\u0101k\u0101m, nevis j\u0101skrien pa pasauli diedel\u0113t p\u0113c labumiem.<\/span><\/p>\n<p><span style=\"color: #003300;\"> <\/span><\/p>\n<p><span style=\"color: #003300;\">Un vai iev\u0113roj\u0101t, k\u0101da l\u012bdz\u012bba ar <strong>\u201eizredz\u0113tajiem\u201d <\/strong>?!<\/span><\/p>\n<p><span style=\"color: #003300;\"> <\/span><\/p>\n<p><span style=\"color: #003300;\"><a href=\"http:\/\/tautastribunals.eu\/wp-content\/uploads\/2016\/02\/M\u0101rti\u0146\u0161-Luters.PNG\"><img decoding=\"async\" loading=\"lazy\" class=\"alignleft size-full wp-image-31019\" title=\"M\u0101rti\u0146\u0161-Luters\" src=\"http:\/\/tautastribunals.eu\/wp-content\/uploads\/2016\/02\/M\u0101rti\u0146\u0161-Luters.PNG\" alt=\"M\u0101rti\u0146\u0161-Luters\" width=\"74\" height=\"104\" srcset=\"https:\/\/tautastribunals.eu\/wp-content\/uploads\/2016\/02\/M\u0101rti\u0146\u0161-Luters.PNG 233w, https:\/\/tautastribunals.eu\/wp-content\/uploads\/2016\/02\/M\u0101rti\u0146\u0161-Luters-215x300.PNG 215w\" sizes=\"(max-width: 74px) 100vw, 74px\" \/><\/a>Tie ar\u012b kl\u012bst pa pasauli un parazit\u0113 uz citu sastr\u0101d\u0101tiem labumiem.<\/span><\/p>\n<p><span style=\"color: #003300;\"> <\/span><\/p>\n<p><span style=\"color: #003300;\">B\u0113g\u013cu kr\u012bze ir m\u0101ksl\u012bgi rad\u012bta, tas vairs nav nosl\u0113pums.<\/span><\/p>\n<p><span style=\"color: #003300;\"> <\/span><\/p>\n<p><span style=\"color: #003300;\">M\u016bsu uzdevums ir izvilkt gaism\u0101 \u0161os <strong>kr\u012bzes rad\u012bt\u0101jus<\/strong> un nocirst \u0161ai hidrai galvu.<\/span><\/p>\n<p>Atsvaidziniet to, ko <strong>&#8220;pr\u0101ti\u0146\u0161&#8221;<\/strong> ir apzin\u012bgi aizmirsis: <a href=\"http:\/\/tautastribunals.eu\/?p=16800\"><strong> <\/strong><\/a><\/p>\n<h2><a href=\"http:\/\/tautastribunals.eu\/?p=16800\">(atv\u0113rt)<strong>M. Luters par \u017e\u012bdiem<\/strong><\/a><\/h2>\n<p><span style=\"color: #003300;\">27.02.26\u00a0\u00a0\u00a0\u00a0\u00a0 L. Granti\u0146\u0161<br \/>\n<\/span><\/p>\n<p><span style=\"color: #003300;\"> <\/span><\/p>\n<h2><span style=\"color: #003300;\"><a href=\"http:\/\/tautastribunals.eu\/wp-content\/uploads\/2016\/02\/LatvijaDievs-Granti\u0146\u0161-Liep\u0101jaR\u012bgaLRTT.PNG\"><img decoding=\"async\" loading=\"lazy\" class=\"alignleft size-full wp-image-31013\" title=\"Latvija,Dievs, Granti\u0146\u0161, Liep\u0101ja,R\u012bga,LRTT\" src=\"http:\/\/tautastribunals.eu\/wp-content\/uploads\/2016\/02\/LatvijaDievs-Granti\u0146\u0161-Liep\u0101jaR\u012bgaLRTT.PNG\" alt=\"Latvija,Dievs, Granti\u0146\u0161, Liep\u0101ja,R\u012bga,LRTT\" width=\"636\" height=\"75\" \/><\/a>Kait\u012bg\u0101 paties\u012bba<\/span><\/h2>\n<p><span style=\"color: #003300;\"> <\/span><\/p>\n<p><span style=\"color: #003300;\"><a href=\"http:\/\/tautastribunals.eu\/wp-content\/uploads\/2016\/02\/Valdis-At\u0101ls-Atmoda-Kalniete.LRTT.PNG\"><img decoding=\"async\" loading=\"lazy\" class=\"alignleft size-full wp-image-31002\" title=\"Valdis At\u0101ls, Atmoda, Kalniete.LRTT\" src=\"http:\/\/tautastribunals.eu\/wp-content\/uploads\/2016\/02\/Valdis-At\u0101ls-Atmoda-Kalniete.LRTT.PNG\" alt=\"Valdis At\u0101ls, Atmoda, Kalniete.LRTT\" width=\"277\" height=\"156\" srcset=\"https:\/\/tautastribunals.eu\/wp-content\/uploads\/2016\/02\/Valdis-At\u0101ls-Atmoda-Kalniete.LRTT.PNG 887w, https:\/\/tautastribunals.eu\/wp-content\/uploads\/2016\/02\/Valdis-At\u0101ls-Atmoda-Kalniete.LRTT-300x169.PNG 300w, https:\/\/tautastribunals.eu\/wp-content\/uploads\/2016\/02\/Valdis-At\u0101ls-Atmoda-Kalniete.LRTT-800x450.PNG 800w\" sizes=\"(max-width: 277px) 100vw, 277px\" \/><\/a>Nodot tautu un graut nacion\u0101lo apzi\u0146u var ar\u012b \u0161\u0101di, k\u0101 to dara <strong>Valdis At\u0101ls-<\/strong> ar pesimismu un idiotisku sak\u0101vnieciskumu, kur\u0101 pats atz\u012bst savu vainu: <a href=\"https:\/\/www.youtube.com\/watch?v=aHhw6DcWwqA\">https:\/\/www.youtube.com\/watch?v=aHhw6DcWwqA<\/a><\/span><\/p>\n<p><span style=\"color: #003300;\"> <\/span><\/p>\n<p><span style=\"color: #003300;\">M\u0113s zin\u0101m, ka karalaik\u0101 un \u0101rk\u0101rtas situ\u0101cij\u0101s, t\u0101dus pirmos \u201e<strong>pielika pie sienas<\/strong>\u201d !<\/span><\/p>\n<p><span style=\"color: #003300;\"> <\/span><\/p>\n<p>Forma, <strong>At\u0101l<\/strong>, forma, izteiksmes forma ir j\u0101maina, jo sav\u0101d\u0101k: <strong>&#8220;Ar labiem nodomiem tie\u0161i uz Elli aizbrauksi un veselu &#8220;baru&#8221; v\u0113l l\u012bdz parausi&#8230;. .&#8221;<\/strong><\/p>\n<p>M\u0113s neesam maz, m\u0113s esam \u013coti daudz !<\/p>\n<p>Tauta ir j\u0101mobiliz\u0113, nevis j\u0101iedve\u0161 sak\u0101vnieciskums&#8230; .<\/p>\n<p>Un dz\u012bve,<strong> At\u0101la kungs<\/strong>, m\u016bs nenodod un ar\u012b nevar nodot, bet m\u0113s dz\u012bvi gan varam nodot- aizlaist to pa izn\u012bc\u012bbas taku un l\u012bdz ar to ar\u012b savu tautu&#8230; .<\/p>\n<p><span style=\"color: #003300;\">Es saku, <span style=\"text-decoration: underline;\">kas attiecas uz komunistiem<\/span>, ka ir notikusi dabisk\u0101 atlase, ka pa\u0161i uz likvid\u0101ciju ir pieteiku\u0161ies tie, kuri izmantoja <strong>Atmodu pa\u0161labuma<\/strong> un <strong>nodev\u012bbas<\/strong> d\u0113\u013c. Ja tas neb\u016btu noticis, tad \u0161\u012b <strong>sapuvus\u012b nodev\u0113ju sperma<\/strong> atra\u017eotu \u0161os izdzimte\u0146us gadsimtiem ilgi. Vi\u0146i, \u0161ie <strong>\u017euliki <\/strong>un <strong>tautas bendes<\/strong>, \u0161odien ir skaidri saskat\u0101mi, k\u0101 tr\u012bsdesmit<strong> j\u016bdasa gra\u0161i <\/strong>uz <strong>melna galdauta<\/strong>. Kad pien\u0101ks atmaksas diena, m\u0113s vi\u0146iem visiem aizbrauksim paka\u013c&#8230;. . <\/span><\/p>\n<h2><span style=\"color: #003300;\">Viss notiks t\u0101, k\u0101 tam j\u0101notiek !<\/span><\/h2>\n<p><span style=\"color: #003300;\">M\u0113s atg\u016bsim savu neatkar\u012bbu un visu to, kas mums nozagts !<\/span><\/p>\n<p><span style=\"color: #003300;\"><a href=\"http:\/\/tautastribunals.eu\/wp-content\/uploads\/2016\/02\/\u0112\u0137is-\u0100bolti\u0146a-Dzintars-Urbanovi\u010dsLRTT-Granti\u0146\u0161.PNG\"><img decoding=\"async\" loading=\"lazy\" class=\"alignleft size-full wp-image-31023\" title=\"\u0112\u0137is, \u0100bolti\u0146a, Dzintars, Urbanovi\u010ds,LRTT, Granti\u0146\u0161\" src=\"http:\/\/tautastribunals.eu\/wp-content\/uploads\/2016\/02\/\u0112\u0137is-\u0100bolti\u0146a-Dzintars-Urbanovi\u010dsLRTT-Granti\u0146\u0161.PNG\" alt=\"\u0112\u0137is, \u0100bolti\u0146a, Dzintars, Urbanovi\u010ds,LRTT, Granti\u0146\u0161\" width=\"645\" height=\"428\" srcset=\"https:\/\/tautastribunals.eu\/wp-content\/uploads\/2016\/02\/\u0112\u0137is-\u0100bolti\u0146a-Dzintars-Urbanovi\u010dsLRTT-Granti\u0146\u0161.PNG 682w, https:\/\/tautastribunals.eu\/wp-content\/uploads\/2016\/02\/is-\u0100bolti\u0146a-Dzintars-Urbanovi\u010dsLRTT-Granti\u0146\u0161-300x199.PNG 300w\" sizes=\"(max-width: 645px) 100vw, 645px\" \/><\/a>L. Granti\u0146\u0161<br \/>\n<\/span><\/p>\n","protected":false},"excerpt":{"rendered":"<p>Tikko k\u0101 tika rakst\u012bts par k\u0101du \u201ekabalistu\u201d Oj\u0101ru Kalni\u0146u un ar\u012b piemin\u0113ts, ka visa Latvij\u0101 valdo\u0161\u0101 hunta sast\u0101v no \u0161iem civiliz\u0101cijas draz\u0101m. K\u0101 par cilv\u0113kiem k\u0101 t\u0101diem, vi\u0146i neb\u016btu piemin\u0113\u0161anas v\u0113rti, ja vien neb\u016btu&#46;&#46;&#46;<\/p>\n","protected":false},"author":1,"featured_media":0,"comment_status":"open","ping_status":"open","sticky":false,"template":"","format":"standard","meta":[],"categories":[1],"tags":[],"_links":{"self":[{"href":"https:\/\/tautastribunals.eu\/index.php?rest_route=\/wp\/v2\/posts\/30966"}],"collection":[{"href":"https:\/\/tautastribunals.eu\/index.php?rest_route=\/wp\/v2\/posts"}],"about":[{"href":"https:\/\/tautastribunals.eu\/index.php?rest_route=\/wp\/v2\/types\/post"}],"author":[{"embeddable":true,"href":"https:\/\/tautastribunals.eu\/index.php?rest_route=\/wp\/v2\/users\/1"}],"replies":[{"embeddable":true,"href":"https:\/\/tautastribunals.eu\/index.php?rest_route=%2Fwp%2Fv2%2Fcomments&post=30966"}],"version-history":[{"count":51,"href":"https:\/\/tautastribunals.eu\/index.php?rest_route=\/wp\/v2\/posts\/30966\/revisions"}],"predecessor-version":[{"id":31017,"href":"https:\/\/tautastribunals.eu\/index.php?rest_route=\/wp\/v2\/posts\/30966\/revisions\/31017"}],"wp:attachment":[{"href":"https:\/\/tautastribunals.eu\/index.php?rest_route=%2Fwp%2Fv2%2Fmedia&parent=30966"}],"wp:term":[{"taxonomy":"category","embeddable":true,"href":"https:\/\/tautastribunals.eu\/index.php?rest_route=%2Fwp%2Fv2%2Fcategories&post=30966"},{"taxonomy":"post_tag","embeddable":true,"href":"https:\/\/tautastribunals.eu\/index.php?rest_route=%2Fwp%2Fv2%2Ftags&post=30966"}],"curies":[{"name":"wp","href":"https:\/\/api.w.org\/{rel}","templated":true}]}}