{"id":30861,"date":"2016-02-20T21:16:11","date_gmt":"2016-02-20T19:16:11","guid":{"rendered":"http:\/\/tautastribunals.eu\/?p=30861"},"modified":"2024-04-14T13:13:02","modified_gmt":"2024-04-14T10:13:02","slug":"kam-pienakas-restitucija-latviesiem-vai-krievzidiem","status":"publish","type":"post","link":"https:\/\/tautastribunals.eu\/?p=30861","title":{"rendered":"Kam pien\u0101k\u0101s restit\u016bcija, latvie\u0161iem vai kriev\u017e\u012bdiem ?"},"content":{"rendered":"<p><span style=\"color: #003300;\"><a href=\"http:\/\/tautastribunals.eu\/wp-content\/uploads\/2016\/02\/1.-L.Granti\u0146\u0161-Helsinki-86.-LRTT.-Saeima.-Latvija.-Liep\u0101ja.-Kopie.PNG\"><img decoding=\"async\" loading=\"lazy\" class=\"alignleft  wp-image-30873\" title=\"1. L.Granti\u0146\u0161, Helsinki-86. LRTT. Saeima. Latvija. Liep\u0101ja. - Kopie\" src=\"http:\/\/tautastribunals.eu\/wp-content\/uploads\/2016\/02\/1.-L.Granti\u0146\u0161-Helsinki-86.-LRTT.-Saeima.-Latvija.-Liep\u0101ja.-Kopie.PNG\" alt=\"1. L.Granti\u0146\u0161, Helsinki-86. LRTT. Saeima. Latvija. Liep\u0101ja. - Kopie\" width=\"147\" height=\"224\" srcset=\"https:\/\/tautastribunals.eu\/wp-content\/uploads\/2016\/02\/1.-L.Granti\u0146\u0161-Helsinki-86.-LRTT.-Saeima.-Latvija.-Liep\u0101ja.-Kopie.PNG 305w, https:\/\/tautastribunals.eu\/wp-content\/uploads\/2016\/02\/1.-L.Granti\u0146\u0161-Helsinki-86.-LRTT.-Saeima.-Latvija.-Liep\u0101ja.-Kopie-196x300.PNG 196w\" sizes=\"(max-width: 147px) 100vw, 147px\" \/><\/a>Esmu piedzimis <strong>k\u0101 latvietis<\/strong><em>(1950.g. Sib\u012brij\u0101)<\/em> un t\u0101p\u0113c mans uzdevums ir<strong> <span style=\"text-decoration: underline;\">aizst\u0101v\u0113t \u0161o tautu l\u012bdz p\u0113d\u0113jam elpas vilcienam<\/span><\/strong> !<\/span><\/p>\n<p><span style=\"color: #003300;\">Mana <strong>Sirdsapzi\u0146a <\/strong>nevar pie\u013caut, ka manu <strong>sen\u010du p\u012b\u0161\u013ci<\/strong>, t\u0101pat ar\u012b <strong>mani p\u0113cn\u0101c\u0113ji<\/strong>, tiek ap\u0137\u0113z\u012bti un apsmieti no tiem, par kuriem <strong>J\u0113zus Kristus<\/strong> ir sac\u012bjis: <span style=\"color: #008000;\"><strong>\u201eJ\u016bs esat no sava t\u0113va- velna, un jums gribas piepild\u012bt sava t\u0113va k\u0101r\u012bbas. Vi\u0146\u0161 no pa\u0161a s\u0101kuma ir bijis slepkava un nest\u0101v Paties\u012bb\u0101, jo paties\u012bba nav vi\u0146\u0101. Melus run\u0101dams, vi\u0146\u0161 run\u0101 p\u0113c savas dabas, jo vi\u0146\u0161 ir melis un melu t\u0113vs.\u201d<\/strong><\/span><\/span><\/p>\n<p><span style=\"color: #003300;\"><a href=\"http:\/\/tautastribunals.eu\/wp-content\/uploads\/2016\/02\/o.kalni\u0146\u0161.-l.granti\u0146\u0161LRTTe.kalnmeiers-r.bergmanisr.v\u0113jonis.PNG\"><img decoding=\"async\" loading=\"lazy\" class=\"alignleft  wp-image-30866\" title=\"o.kalni\u0146\u0161. l.granti\u0146\u0161,LRTT,e.kalnmeiers, r.bergmanis,r.v\u0113jonis\" src=\"http:\/\/tautastribunals.eu\/wp-content\/uploads\/2016\/02\/o.kalni\u0146\u0161.-l.granti\u0146\u0161LRTTe.kalnmeiers-r.bergmanisr.v\u0113jonis.PNG\" alt=\"o.kalni\u0146\u0161. l.granti\u0146\u0161,LRTT,e.kalnmeiers, r.bergmanis,r.v\u0113jonis\" width=\"1485\" height=\"518\" srcset=\"https:\/\/tautastribunals.eu\/wp-content\/uploads\/2016\/02\/o.kalni\u0146\u0161.-l.granti\u0146\u0161LRTTe.kalnmeiers-r.bergmanisr.v\u0113jonis.PNG 930w, https:\/\/tautastribunals.eu\/wp-content\/uploads\/2016\/02\/o.kalni\u0146\u0161.-l.granti\u0146\u0161LRTTe.kalnmeiers-r.bergmanisr.v\u0113jonis-300x104.PNG 300w, https:\/\/tautastribunals.eu\/wp-content\/uploads\/2016\/02\/o.kalni\u0146\u0161.-l.granti\u0146\u0161LRTTe.kalnmeiers-r.bergmanisr.v\u0113jonis-800x279.PNG 800w\" sizes=\"(max-width: 1485px) 100vw, 1485px\" \/><\/a>K\u0101 <strong>\u017e\u012bdiem<\/strong>, t\u0101 ar\u012b <strong>krieviem<\/strong> ir <strong><span style=\"text-decoration: underline;\">sava dzimtene<\/span><\/strong>.<\/span><\/p>\n<p><span style=\"color: #003300;\">Agr\u0101k vai v\u0113l\u0101k, bet no <strong>Latvijas<\/strong> \u0161\u012b noziedznieku banda tiks padz\u012bta un <strong><span style=\"text-decoration: underline;\">kolaboracionisti<\/span><\/strong><em><span style=\"text-decoration: underline;\">(ar\u012b Oj\u0101rs Kalni\u0146\u0161<\/span><\/em><span style=\"text-decoration: underline;\">)<strong> ties\u0101ti Starptautisk\u0101 ties\u0101<\/strong><\/span>.<\/span><\/p>\n<p><span style=\"color: #003300;\">J\u0101, latviet,<strong> H- 86 dibin\u0101t\u0101jam<\/strong> ar \u0161iem <strong>S\u0101tana kalpiem<\/strong> nekad <span style=\"text-decoration: underline;\">nekas kop\u012bgs nav bijis un neb\u016bs <\/span>!<\/span><\/p>\n<p><span style=\"color: #003300;\">\u0160\u012b publik\u0101cija ir velt\u012bta k\u0101dam <strong>S\u0101tana kalpam<\/strong> un <strong>latvie\u0161u tautas bendem- Oj\u0101ram Kalni\u0146am<\/strong>.<\/span><\/p>\n<h2><a href=\"http:\/\/www.la.lv\/deputatu-labas-gribas-zests-bankierim-suharenko\/\">http:\/\/www.la.lv\/deputatu-labas-gribas-zests-bankierim-suharenko\/<\/a><\/h2>\n<p><span style=\"color: #003300;\"><strong>Oj\u0101rs Kalni\u0146\u0161 <\/strong>ir<strong> J\u0101\u0146a Ka\u017eoci\u0146a \u201ekol\u0113\u0123is\u201d <\/strong>p\u0113c <strong>GAR\u012aG\u0100S<\/strong> pieder\u012bbas.<\/span><\/p>\n<p><span style=\"color: #003300;\">\u0160odienas <strong>Latvijas<\/strong> varas spic\u0113 ir <strong>\u201eizkristaliz\u0113ju\u0161ies\u201d<\/strong> tie, kuri ir uztic\u012bgi bo\u013c\u0161eviku- cionistu kalpi, t\u0101tad, latvie\u0161u tautas bendes !<\/span><\/p>\n<p><span style=\"color: #003300;\">Lai <strong>lietas b\u016bt\u012bba <\/strong>b\u016btu vair\u0101k saprotama, tad ievietoju izvilkumu no v\u0113sturnieka- profesora<span style=\"color: #0000ff;\"> <strong>Indu\u013ca Ro\u0146a<\/strong> <\/span>sac\u012bt\u0101:<\/span><\/p>\n<p><span style=\"color: #0000ff;\"><em>\u201d Neaizmirs\u012bsim\u00a0 ar\u012b,\u00a0 ka\u00a0 visnedro\u0161\u0101kie\u00a0 Br\u012bv\u0101s\u00a0 pasaules dro\u0161\u012bbas\u00a0 dienesti\u00a0 ir\u00a0 Lielbrit\u0101nijai \u2013\u00a0 tam\u00a0 pier\u0101d\u012bjums\u00a0 ir\u00a0 ne\u00a0 tikai\u00a0 <em>Kembrid\u017eas\u00a0 piec\u012b\u0161i<\/em>,\u00a0 bet\u00a0 ar\u012b\u00a0 Lielbrit\u0101nijas\u00a0 brig\u0101des\u00a0 \u0123ener\u0101lis, ar\u00a0 Komandanta\u00a0 godalgu\u00a0 apbalvotais Latvijas\u00a0 Tieslietu\u00a0 ministrijas\u00a0 pasp\u0101rn\u0113 izveidot\u0101\u00a0 Satversmes aizsardz\u012bbas\u00a0 biroja (SAB)\u00a0 direktors\u00a0 no\u00a0 2003.gada maija\u00a0 <strong>J\u0101nis Ka\u017eoci\u0146\u0161<\/strong>.\u00a0 ASV\u00a0 priv\u0101ti\u00a0 ieg\u016bto\u00a0 inform\u0101ciju\u00a0 par\u00a0 <strong>J\u0101ni Ka\u017eoci\u0146u<\/strong>,\u00a0 k\u0101\u00a0 K\u0100I\u00a0 spiegu,\u00a0 gr\u0101matas autors \u00a0ir\u00a0 p\u0101rbaud\u012bjis\u00a0 garu\u00a0 gadu\u00a0 garum\u0101\u00a0 un\u00a0\u00a0 to\u00a0 dokument\u0113s \u00a0gr\u0101matas\u00a0 nosl\u0113guma\u00a0 da\u013c\u0101.\u00a0 <strong>J\u0101\u0146a Ka\u017eoci\u0146a<\/strong> nodar\u012btais\u00a0 \u013caunums\u00a0 Br\u012bvajai\u00a0 pasaulei\u00a0 par\u00a0 kuras\u00a0 neat\u0146emamu\u00a0 sast\u0101vda\u013cu\u00a0 ir\u00a0 k\u013cuvusi\u00a0 ar\u012b\u00a0 Latvija\u2013\u00a0 ir\u00a0 nesam\u0113rojami\u00a0 smag\u0101ks\u00a0 nek\u0101\u00a0<strong> Kimam\u00a0 Filbijam.<\/strong> Ta\u010du\u00a0 ar\u012b\u00a0 <strong>J\u0101\u0146a\u00a0 Ka\u017eoci\u0146a<\/strong> dzi\u013ci\u00a0 noziedz\u012bgajai\u00a0 probl\u0113mai\u00a0 ir\u00a0 divas\u00a0 puses \u2013\u00a0 caur\u00a0 vi\u0146a\u00a0 darb\u012bbu\u00a0 ir\u00a0 iesp\u0113jams\u00a0 pier\u0101d\u012bt,\u00a0 ka\u00a0 2001. gada\u00a0 terora\u00a0 akti\u00a0 ASV\u00a0 ir\u00a0 Krievijas\u00a0 specdienestu\u00a0 organiz\u0113ta\u00a0 diversija\u00a0\u00a0 bo\u013c\u0161eviku\u00a0 imp\u0113rijas\u00a0 atjauno\u0161anas\u00a0 un t\u0101s\u00a0 pasaules\u00a0 kundz\u012bbas (vispasaules\u00a0 soci\u0101listisk\u0101\u00a0 revol\u016bcija)\u00a0 interes\u0113s,\u00a0 bet\u00a0 par\u00a0 to\u00a0 nedaudz\u00a0 s\u012bk\u0101k\u00a0 parun\u0101sim\u00a0 speci\u0101l\u0101\u00a0 paragr\u0101f\u0101.<\/em><\/span><\/p>\n<h2><span style=\"color: #003300;\"><strong>Oj\u0101rs Kalni\u0146\u0161 ?<\/strong><\/span><\/h2>\n<p><span style=\"color: #003300;\">No kurienes uzradies ?<\/span><\/p>\n<p><span style=\"color: #003300;\">Kad izlas\u0101m visu, kas par vi\u0146u rakst\u012bts\/sac\u012bts <strong>Vikipedia,<\/strong> tad nepaliek nek\u0101du \u0161aubu, kuram <strong>\u201esp\u0113kam\u201d<\/strong> vi\u0146\u0161 kalpo. No pa\u0161a<strong> <span style=\"text-decoration: underline;\">Latvijas<\/span><\/strong><span style=\"text-decoration: underline;\"> neatkar\u012bbas atjauno\u0161anas br\u012b\u017ea<\/span> vi\u0146\u0161 ir bijis kop\u0101 ar tiem, kuri ir latvie\u0161u tautu apzagu\u0161i un izdzinu\u0161i sve\u0161um\u0101. Vi\u0146\u0161 ir ar\u012b viens no tiem, kur\u0161 <strong>m\u016bsu valsti<\/strong> novedis uz <strong>izn\u012bc\u012bbas sliek\u0161\u0146a<\/strong>, pat <strong>Triju Zvaig\u017e\u0146u ordeni <\/strong>par to nopeln\u012bjis !<\/span><\/p>\n<p><span style=\"color: #003300;\">Lai t\u0101l\u0101kais b\u016btu lab\u0101k saprotams, tad atg\u0101din\u0101\u0161u, ko <strong>Latvijas izzadz\u0113js<\/strong>, nelikum\u012bgais iekl\u012bdenis- kriev\u017e\u012bds <strong>Arkadijs Suharenko<\/strong> sac\u012bja <strong>Maskav\u0101<\/strong>(19.01.2016) \u017e\u012bdu saiet\u0101: <strong>\u201dLatvij\u0101 nav antisem\u012btisma, pie mums situ\u0101cija ir iev\u0113rojami lab\u0101ka nek\u0101 cit\u0101s ES valst\u012bs.\u201d <\/strong><\/span><\/p>\n<p><span style=\"color: #003300;\">Vai saprati, latviet, ko noz\u012bm\u0113 vi\u0146a sac\u012btais ?<\/span><\/p>\n<p><span style=\"color: #003300;\">Tas noz\u012bm\u0113 to, ka vi\u0146i <strong>Latvija <\/strong>kontrol\u0113 piln\u012bgi visu !<\/span><\/p>\n<p><span style=\"color: #003300;\">Te nu b\u016btu ko dar\u012bt <strong>ASV<\/strong> izl\u016bkdienestam<em>(noteikti ar\u012b dara)<\/em>, jo tas noz\u012bm\u0113 ar\u012b to, ka <strong>Latvija <\/strong>ir piln\u012bg\u0101<strong> Krievijas <\/strong>kontrol\u0113.<\/span><\/p>\n<p><span style=\"color: #003300;\">Klausies un netici sav\u0101m aus\u012bm, ar k\u0101du <strong>\u201elo\u0123iku\u201d<\/strong> \u0161\u012bs latvie\u0161u tautas nodev\u0113js manipul\u0113: \u00a0<span style=\"color: #000080;\"><em>\u201eGan <strong>komisijas vad\u012bt\u0101js<\/strong>(Oj\u0101rs Kalni\u0146\u0161), gan parlament\u0101r\u0101 sekret\u0101re likumprojektu nepiecie\u0161am\u012bbu pamatoja ar <strong>Satversmes preambul\u0101<\/strong> rakst\u012bto, ka <strong><span style=\"text-decoration: underline;\">Latvijas tauta<\/span><\/strong> nosoda komunistisko un nacistisko totalit\u0101ro re\u017e\u012bmu un to noziegumus, ka<strong> Latvijas valsts <\/strong>aizsarg\u0101 cilv\u0113ka pamatties\u012bbas un<strong><span style=\"text-decoration: underline;\"> ciena maz\u0101kumtaut\u012bbas. <\/span><\/strong>\u201e<\/em><\/span><\/span><\/p>\n<p><span style=\"color: #003300;\"><a href=\"http:\/\/tautastribunals.eu\/wp-content\/uploads\/2016\/02\/oj\u0101rs-Kalni\u0146\u0161-L.Granti\u0146\u0161V\u0113jonisBergmanis.LRTT..PNG\"><img decoding=\"async\" loading=\"lazy\" class=\"alignleft  wp-image-30882\" title=\"oj\u0101rs Kalni\u0146\u0161, L.Granti\u0146\u0161,V\u0113jonis,Bergmanis.LRTT.\" src=\"http:\/\/tautastribunals.eu\/wp-content\/uploads\/2016\/02\/oj\u0101rs-Kalni\u0146\u0161-L.Granti\u0146\u0161V\u0113jonisBergmanis.LRTT..PNG\" alt=\"oj\u0101rs Kalni\u0146\u0161, L.Granti\u0146\u0161,V\u0113jonis,Bergmanis.LRTT.\" width=\"469\" height=\"263\" srcset=\"https:\/\/tautastribunals.eu\/wp-content\/uploads\/2016\/02\/oj\u0101rs-Kalni\u0146\u0161-L.Granti\u0146\u0161V\u0113jonisBergmanis.LRTT..PNG 806w, https:\/\/tautastribunals.eu\/wp-content\/uploads\/2016\/02\/oj\u0101rs-Kalni\u0146\u0161-L.Granti\u0146\u0161V\u0113jonisBergmanis.LRTT.-300x167.PNG 300w, https:\/\/tautastribunals.eu\/wp-content\/uploads\/2016\/02\/oj\u0101rs-Kalni\u0146\u0161-L.Granti\u0146\u0161V\u0113jonisBergmanis.LRTT.-800x447.PNG 800w\" sizes=\"(max-width: 469px) 100vw, 469px\" \/><\/a>Tiek piesaukta <strong>Satversmes preambula<\/strong><em>(k\u0101dreiz jau rakst\u012bju, ka t\u0101 ir dr\u012bz\u0101k VVF \u201evobla\u201d nevis preambula)<\/em> !!!<\/span><\/p>\n<p><span style=\"color: #003300;\">Ieklausieties un paanaliz\u0113jiet \u0161os te v\u0101rdus: <span style=\"color: #000080;\"><em>\u201epamatoja ar <strong>Satversmes preambul\u0101<\/strong> rakst\u012bto, ka <strong><span style=\"text-decoration: underline;\">Latvijas tauta<\/span><\/strong> nosoda komunistisko un nacistisko totalit\u0101ro re\u017e\u012bmu un to noziegumus, ka<strong> Latvijas valsts <\/strong>aizsarg\u0101 cilv\u0113ka pamatties\u012bbas un<strong><span style=\"text-decoration: underline;\"> ciena maz\u0101kumtaut\u012bbas. <\/span><\/strong>\u201e<\/em><\/span><\/span><\/p>\n<p><span style=\"color: #003300;\"><strong>O. Kalni\u0146a<\/strong> \u017e\u012bdisk\u0101<em>(viltus\u017e\u012bda) <\/em>neliet\u012bba ir: <strong>uzskat\u012bt latvie\u0161us par mu\u013c\u0137iem<\/strong> !<\/span><\/p>\n<p><span style=\"color: #003300;\">Vai tad \u0161\u012bs <strong>\u201emaz\u0101kumtaut\u012bbas\u201d<\/strong> neuzrad\u0101s tie\u0161i komunistisko un nacistisko re\u017e\u012bmu neliet\u012bbas rezult\u0101t\u0101, kur\u0101m vi\u0146\u0161 nelikum\u012bg\u0101 veid\u0101 atdod to, kas pieder latvie\u0161u tautai ?<\/span><\/p>\n<h2><span style=\"color: #003300;\">K\u0101p\u0113c netika veikta likum\u0101 paredz\u0113t\u0101 okup\u0101cijas seku likvid\u0113\u0161ana ?<\/span><\/h2>\n<p><span style=\"color: #003300;\">Un v\u0113l k\u0101da \u0161\u012b noziedznieka mel\u012bga <strong>Terezina <\/strong>deklar\u0101cijas interpret\u0101cija:<span style=\"color: #000080;\"> \u201d<em>Uz jaut\u0101jumu, k\u0101p\u0113c ar ebreju \u012bpa\u0161umiem j\u0101nodarbojas \u0101rlietu resoram, Kalni\u0146\u0161 atbild\u0113ja, ka tam pamat\u0101 esot Terezina deklar\u0101cija, ko Latvija parakst\u012bjusi kop\u0101 ar cit\u0101m Eiropas valst\u012bm un kur cita starp\u0101 ir sol\u012bts atdot ebreju organiz\u0101cij\u0101m un biedr\u012bb\u0101m to v\u0113sturiskos \u012bpa\u0161umus. \u201cTas ir mor\u0101ls arguments, kuru Latvija nedr\u012bkst ignor\u0113t,\u201d secina Kalni\u0146\u0161.\u201d<\/em><\/span><\/span><\/p>\n<p><span style=\"color: #003300;\"><strong>O. Kalni\u0146\u0161<\/strong> <strong>\u201eaizmirsis\u201c<\/strong> piebilst \u0161\u012bs deklar\u0101cijas galveno principu, ka \u012bpa\u0161umu atdo\u0161anu<em>(restit\u016bcija- agr\u0101k\u0101 st\u0101vok\u013ca atjauno\u0161ana, zaud\u0113jumu atl\u012bdzin\u0101\u0161ana) <\/em>var piepras\u012bt tikai <strong>Latvijas pilso\u0146u p\u0113cte\u010di<\/strong> !!!<\/span><\/p>\n<p><span style=\"color: #003300;\">Nu j\u0101, bet, tas tikai t\u0101ds s\u012bkums vien ir, uzskata <strong>KGB<\/strong> darbinieks <strong>Oj\u0101rs Kalni\u0146\u0161<\/strong>.<\/span><\/p>\n<p><span style=\"color: #003300;\"><span style=\"color: #ff0000;\"><strong><span style=\"text-decoration: underline;\">&gt;Varb\u016bt vi\u0146\u0161<\/span><\/strong><\/span><em>(\u0161is kalni\u0146\u0161)<\/em> <strong>LRTT<\/strong> un latvie\u0161u tautai var\u0113tu paskaidrot: k\u0101du agr\u0101ko st\u0101vokli atjauno <strong>Suharenko<\/strong> ar savu <strong>kriev\u017e\u012bdu bandu<\/strong> ???<\/span><\/p>\n<p><span style=\"color: #003300;\"><span style=\"color: #ff0000;\"><strong><span style=\"text-decoration: underline;\">&gt;Varb\u016bt vi\u0146\u0161<\/span><\/strong>,<\/span> \u0161is <strong>Maskavas KGB<\/strong> darbonis mums var\u0113tu paskaidrot: k\u0101 \u0161is \u017e\u012bds, kur\u0161 nav nek\u0101ds \u017e\u012bds p\u0113c etnisk\u0101s paz\u012bmes un nav<strong> Latvijas pilsonis<\/strong>, ir<strong> Latvij\u0101 <\/strong>ticis pie neskait\u0101miem miljoniem ?<\/span><\/p>\n<p><span style=\"color: #003300;\">Vienreiz jau visiem \u0161iem <strong>kalni\u0146iem &amp; Co<\/strong> par saviem noziegumiem b\u016bs j\u0101atbild un tad vi\u0146iem v\u0113dera saturs iztuk\u0161osies biks\u0113s, par to variet ne\u0161aub\u012bties, jo <strong>sadisti <\/strong>un <strong>nodev\u0113ji<\/strong> ir <strong>cilv\u0113ces g\u013c\u0113v\u0101k\u0101 da\u013ca<\/strong>.<\/span><\/p>\n<p><span style=\"color: #003300;\">L\u016bk, latviet, t\u0101da ir \u017e\u012bdiski- s\u0101tanisk\u0101 <strong>LO\u0122IKA<\/strong>, ka mums okupanti un kolonisti, kuriem ir <strong>savas etnisk\u0101s dzimtenes,<\/strong> ir j\u0101uzskata par <strong>maz\u0101kumtaut\u012bb\u0101m <\/strong>!<\/span><\/p>\n<p><span style=\"color: #003300;\">Ja nel\u012bd\u012bsi \u0161o slepkavu priek\u0161\u0101 uz ce\u013ciem, tad jebkur\u0101 br\u012bdi vari tikt noslepkavots vai aizmests aiz rest\u0113m.<\/span><\/p>\n<p><span style=\"color: #003300;\">Un, ja man k\u0101ds aizr\u0101d\u012bs, ka nav taisn\u012bgi \u0161o<strong> KGB\/MOSSAD <\/strong>darbinieku, latvie\u0161u tautas nodev\u0113ju- <strong>Oj\u0101ru Kalni\u0146u<\/strong> nol\u0101d\u0113t, tad t\u0101dam lai m\u0113le nokalst !!!<\/span><\/p>\n<p><span style=\"color: #003300;\">Man \u0161odien nav iesp\u0113ja sav\u0101d\u0101k ar \u0161iem <strong>s\u0101tanistiem c\u012bn\u012bties<\/strong> un t\u0101p\u0113c es to daru ar <strong>Gar\u012bg\u0101m metod\u0113m<\/strong>, gan nol\u0101dot, gan s\u016bdzoties starptautisk\u0101m iest\u0101d\u0113m\/valst\u012bm, bet pie pirm\u0101s situ\u0101cijas, <span style=\"text-decoration: underline;\"><strong>kad \u0161ie izdzimumi <\/strong><\/span>b\u016bs tautu novedu\u0161i l\u012bdz <span style=\"text-decoration: underline;\"><strong>asinsizlie\u0161anai<\/strong><\/span>, tad es to dar\u012b\u0161u ar ieroci rok\u0101s !<\/span><\/p>\n<p><span style=\"color: #003300;\">Latvie\u0161u tautas slepkav\u0101m un <strong>genoc\u012bda \u012bstenot\u0101jiem ir <\/strong>j\u0101sa\u0146em to,<strong> ko vi\u0146i ir peln\u012bju\u0161i<\/strong> !<\/span><\/p>\n<h2><span style=\"color: #ff0000;\">Uzman\u012bbu !!!<\/span><\/h2>\n<p><span style=\"color: #ff0000;\"><span style=\"text-decoration: underline;\"><strong>Nozagtais ir j\u0101atsavina<\/strong><\/span> un <strong>j\u0101atdod atpaka\u013c latvie\u0161u tautai !<\/strong> <\/span><\/p>\n<p><span style=\"color: #ff0000;\"><strong>Latvijai<\/strong> j\u0101atjauno 1939. gada <strong>STATUS<\/strong> ! <\/span><\/p>\n<p><span style=\"color: #ff0000;\">Okupanti un vi\u0146u p\u0113cte\u010di j\u0101izraida no valsts !!!<\/span><\/p>\n<h2><span style=\"color: #003300;\"><span style=\"color: #ff0000;\">L\u016bk, t\u0101 tad ar\u012b b\u016bs t\u0101 \u012bst\u0101 RESTIT\u016aCIJA !<\/span><br \/>\n<\/span><\/h2>\n<p><span style=\"color: #003300;\">Iz <strong>J\u0101\u0146a<\/strong> atkl\u0101smes gr\u0101matas: <strong><span style=\"color: #008000;\">\u201dEs zinu tavus gr\u016btumus un nabadz\u012bbu, bet tu esi bag\u0101ts, un, ka tevi zaimo tie, kas saucas par j\u016bdiem un nav t\u0101di, bet ir s\u0101tana sinagoga.\u201d<\/span><span style=\"color: #0000ff;\">***<\/span><\/strong><\/span><\/p>\n<h2><span style=\"color: #008000;\">-Tev m\u016b\u017eam dz\u012bvot <strong>LATVIJA <\/strong>!<\/span><\/h2>\n<p><span style=\"color: #003300;\">-Lai top sv\u0113t\u012bts tas, kur\u0161 past\u0101v<strong> PATIES\u012aBA <\/strong>!<\/span><\/p>\n<p><span style=\"color: #003300;\">-Lai <strong>Velns parauj visu \u0161o noziedznieku bandu<\/strong>, kura \u0161odien p\u0101rvalda m\u016bsu <strong>DZIMTENI !<\/strong><\/span><\/p>\n<p><span style=\"color: #003300;\">20.02.16\u00a0\u00a0\u00a0\u00a0\u00a0 L. Granti\u0146\u0161<\/span><\/p>\n<p><span style=\"color: #003300;\"><strong><span style=\"color: #0000ff;\"><a href=\"http:\/\/tautastribunals.eu\/wp-content\/uploads\/2016\/02\/SuharenkoOj\u0101rs-Kalni\u0146\u0161.V\u0113jonisGranti\u0146\u0161-Bergmanis-Me\u017eviets1.PNG\"><img decoding=\"async\" loading=\"lazy\" class=\"alignleft  wp-image-30892\" title=\"Suharenko,Oj\u0101rs Kalni\u0146\u0161.V\u0113jonis,Granti\u0146\u0161, Bergmanis ,Me\u017eviets\" src=\"http:\/\/tautastribunals.eu\/wp-content\/uploads\/2016\/02\/SuharenkoOj\u0101rs-Kalni\u0146\u0161.V\u0113jonisGranti\u0146\u0161-Bergmanis-Me\u017eviets1.PNG\" alt=\"Suharenko,Oj\u0101rs Kalni\u0146\u0161.V\u0113jonis,Granti\u0146\u0161, Bergmanis ,Me\u017eviets\" width=\"2012\" height=\"465\" srcset=\"https:\/\/tautastribunals.eu\/wp-content\/uploads\/2016\/02\/SuharenkoOj\u0101rs-Kalni\u0146\u0161.V\u0113jonisGranti\u0146\u0161-Bergmanis-Me\u017eviets1.PNG 797w, https:\/\/tautastribunals.eu\/wp-content\/uploads\/2016\/02\/SuharenkoOj\u0101rs-Kalni\u0146\u0161.V\u0113jonisGranti\u0146\u0161-Bergmanis-Me\u017eviets1-300x69.PNG 300w\" sizes=\"(max-width: 2012px) 100vw, 2012px\" \/><\/a>***<\/span><\/strong> Interesanti,<strong> Bazn\u012bc\u0101<\/strong> vienm\u0113r tiek cit\u0113ta<strong> B\u012bbele<\/strong>, bet vai ir dzird\u0113ts, ka k\u0101ds <strong>\u201emelnsv\u0101rcis\u201d<\/strong> ir cit\u0113jis \u0161aj\u0101 rakst\u0101 cit\u0113to ???<\/span><\/p>\n<p><span style=\"color: #003300;\">Es, <strong>Linards Granti\u0146\u0161<\/strong>, sevi uzskatu par kristieti, bet ne par melnsv\u0101r\u010du apmauto zombiju. Vienk\u0101r\u0161i, es sevi uzskatu par <strong><span style=\"text-decoration: underline;\">latvieti<\/span><\/strong><em>(kur\u0161 caur sidraba birzi iet un ne zari\u0146a nenolau\u017e) <\/em>un <strong>neuzskatu par latvie\u0161iem<\/strong> tos, kuri melo un apkr\u0101pj savu tuv\u0101ko, jo vi\u0146i ir no velna un pilda sava <strong>\u201et\u0113va\u201d<\/strong><em>(velna) <\/em>k\u0101r\u012bbas.<\/span><\/p>\n<h3>==============<\/h3>\n<h3><span style=\"color: #003300;\">Krievija nav Krievija, bet gan \u017didostana: <\/span><\/h3>\n<h2><a href=\"https:\/\/www.youtube.com\/watch?v=mXHN7ioHopE\">https:\/\/www.youtube.com\/watch?v=mXHN7ioHopE<\/a><\/h2>\n<p>Vecais kriev\u017e\u012bdu profesors- kabalists <strong>Laitmans<\/strong> pasaka bez kautr\u0113\u0161an\u0101s, ka \u017e\u012bdi nav tauta, bet gan uz ideolo\u0123iskiem <strong>&#8220;pamatiem&#8221;<\/strong> apvienojusies <span style=\"text-decoration: underline;\">noziedznieku banda<\/span>, pie kuras ir pieskait\u0101ms ar\u012b m\u016bsu<strong> &#8220;kabalists&#8221;- O. Kalni\u0146\u0161<\/strong>:<\/p>\n<h2><a href=\"https:\/\/www.youtube.com\/watch?v=PrtatSImzaI\">https:\/\/www.youtube.com\/watch?v=PrtatSImzaI<\/a><\/h2>\n","protected":false},"excerpt":{"rendered":"<p>Esmu piedzimis k\u0101 latvietis(1950.g. Sib\u012brij\u0101) un t\u0101p\u0113c mans uzdevums ir aizst\u0101v\u0113t \u0161o tautu l\u012bdz p\u0113d\u0113jam elpas vilcienam ! Mana Sirdsapzi\u0146a nevar pie\u013caut, ka manu sen\u010du p\u012b\u0161\u013ci, t\u0101pat ar\u012b mani p\u0113cn\u0101c\u0113ji, tiek ap\u0137\u0113z\u012bti un apsmieti&#46;&#46;&#46;<\/p>\n","protected":false},"author":1,"featured_media":0,"comment_status":"open","ping_status":"open","sticky":false,"template":"","format":"standard","meta":[],"categories":[1],"tags":[],"_links":{"self":[{"href":"https:\/\/tautastribunals.eu\/index.php?rest_route=\/wp\/v2\/posts\/30861"}],"collection":[{"href":"https:\/\/tautastribunals.eu\/index.php?rest_route=\/wp\/v2\/posts"}],"about":[{"href":"https:\/\/tautastribunals.eu\/index.php?rest_route=\/wp\/v2\/types\/post"}],"author":[{"embeddable":true,"href":"https:\/\/tautastribunals.eu\/index.php?rest_route=\/wp\/v2\/users\/1"}],"replies":[{"embeddable":true,"href":"https:\/\/tautastribunals.eu\/index.php?rest_route=%2Fwp%2Fv2%2Fcomments&post=30861"}],"version-history":[{"count":35,"href":"https:\/\/tautastribunals.eu\/index.php?rest_route=\/wp\/v2\/posts\/30861\/revisions"}],"predecessor-version":[{"id":65950,"href":"https:\/\/tautastribunals.eu\/index.php?rest_route=\/wp\/v2\/posts\/30861\/revisions\/65950"}],"wp:attachment":[{"href":"https:\/\/tautastribunals.eu\/index.php?rest_route=%2Fwp%2Fv2%2Fmedia&parent=30861"}],"wp:term":[{"taxonomy":"category","embeddable":true,"href":"https:\/\/tautastribunals.eu\/index.php?rest_route=%2Fwp%2Fv2%2Fcategories&post=30861"},{"taxonomy":"post_tag","embeddable":true,"href":"https:\/\/tautastribunals.eu\/index.php?rest_route=%2Fwp%2Fv2%2Ftags&post=30861"}],"curies":[{"name":"wp","href":"https:\/\/api.w.org\/{rel}","templated":true}]}}