{"id":3035,"date":"2010-10-24T15:21:13","date_gmt":"2010-10-24T12:21:13","guid":{"rendered":"http:\/\/tautastribunals.eu\/?p=3035"},"modified":"2010-10-24T15:25:24","modified_gmt":"2010-10-24T12:25:24","slug":"lr-prezidenta-nota-krievijai","status":"publish","type":"post","link":"https:\/\/tautastribunals.eu\/?p=3035","title":{"rendered":"LR prezidenta nota Krievijai"},"content":{"rendered":"<p style=\"line-height: 19.2pt;background: white\"><span style=\"font-family: 'Tahoma','sans-serif';color: #343434;font-size: 9pt\" lang=\"LV\"><span style=\"color: #800080\"><strong><img decoding=\"async\" loading=\"lazy\" class=\"alignleft size-full wp-image-3036\" src=\"http:\/\/tautastribunals.eu\/wp-content\/uploads\/2010\/10\/Pl\u0101npr\u0101t\u012bbas-iemiesojums..tie\u0161i-t\u0101di-tiek-mekl\u0113ti-lai-izn\u012bcin\u0101tu-latvie\u0161u-tautu....jpg\" alt=\"Pl\u0101npr\u0101t\u012bbas iemiesojums..tie\u0161i t\u0101di tiek mekl\u0113ti, lai izn\u012bcin\u0101tu latvie\u0161u tautu...\" width=\"240\" height=\"368\" srcset=\"https:\/\/tautastribunals.eu\/wp-content\/uploads\/2010\/10\/Pl\u0101npr\u0101t\u012bbas-iemiesojums..tie\u0161i-t\u0101di-tiek-mekl\u0113ti-lai-izn\u012bcin\u0101tu-latvie\u0161u-tautu....jpg 240w, https:\/\/tautastribunals.eu\/wp-content\/uploads\/2010\/10\/Pl\u0101npr\u0101t\u012bbas-iemiesojums..tie\u0161i-t\u0101di-tiek-mekl\u0113ti-lai-izn\u012bcin\u0101tu-latvie\u0161u-tautu...-195x300.jpg 195w\" sizes=\"(max-width: 240px) 100vw, 240px\" \/>LR prezidenta pazi\u0146ojums:<br \/>\n<\/strong>Kam\u0113r <strong>Krievijas Feder\u0101cij\u0101<\/strong> atkl\u0101ti darbosies daudzskaitl\u012bgas profa\u0161istiskas un neonacistiskas organiz\u0101cijas, pie tam piln\u012bgi leg\u0101li un ar nacistu k\u0101\u0161krustiem, ideolo\u0123iju un pat ar kop\u0113tu hitlerisko sveicienu ar paceltu roku, tikm\u0113r <strong><span style=\"text-decoration: underline\">Latvijas valsts Prezidents<\/span><\/strong> atsaka viz\u012bti<strong> Maskav\u0101<\/strong>, l\u012bdz \u0161\u012bs <strong><span style=\"text-decoration: underline\">21.gadsimtam<\/span><\/strong> nepie\u0146emam\u0101s nacistiski nenorm\u0101las par\u0101d\u012bbas likvid\u0101cijai <strong>Krievij\u0101!<br \/>\n<\/strong><\/span><\/span><\/p>\n<p style=\"line-height: 19.2pt;background: white\"><span style=\"font-family: 'Tahoma','sans-serif';color: #343434;font-size: 9pt\" lang=\"LV\"><span style=\"color: #800080\"><strong><span style=\"color: #000000\">Foto:<\/span><\/strong> <em><span style=\"color: #ff0000\">Un pien\u0101ks diena, kad \u0161o un vi\u0146am l\u012bdz\u012bgos de\u0123ener\u0101tus latvie\u0161u tauta atcer\u0113sies ar riebumu !!!<\/span><\/em><\/span><\/span><\/p>\n<p style=\"line-height: 19.2pt;background: white\"><span style=\"font-family: 'Tahoma','sans-serif';color: #343434;font-size: 9pt\" lang=\"LV\"><span style=\"color: #800080\">Tas pats attiecas uz nacistisko skinhedu jaunatnes noziedz\u012bgaj\u0101m slepkavu band\u0101m <strong>Krievij\u0101,<\/strong> kas nesod\u012bti var uzbrukt, aplaup\u012bt un noslepkavot cilv\u0113kus d\u0113\u013c etnisk\u0101m, rasistisk\u0101m un reli\u0123isk\u0101m paz\u012bm\u0113m. \u0160o sarkano nacistu bandu upuru skaits jau sniedzas t\u016bksto\u0161os, bet <strong>Krievijas<\/strong> varas iest\u0101des nav aptur\u0113ju\u0161as to darb\u012bbu, nav arest\u0113ju\u0161as un sod\u012bju\u0161as \u0161os fa\u0161istisko rasistu noziedz\u012bgos elementus. Tas ir tik kliedzo\u0161s cilv\u0113kties\u012bbu un likum\u012bbas p\u0101rk\u0101pums, ka <strong>Latvijas valsts<\/strong> un t\u0101s <strong>Prezidents<\/strong> nevar uz to nerea\u0123\u0113t.<br \/>\n<\/span><strong><span style=\"color: #800080\">=============================================================================<br \/>\n<\/span><span style=\"color: #ff0000\">Ja mums b\u016btu \u012bsts prezidents, tad t\u0101du notu s\u016bt\u012btu uz agresorvalsts \u0161t\u0101bu &#8211; kremli, apr\u0101dot t\u0101s amor\u0101l\u012bbu, ar milzu ba\u013c\u0137i sav\u0101\u00a0RU ac\u012b r\u0101d\u012bt uz m\u016bsu valsts neeso\u0161o skaidi\u0146u!<\/span><\/strong><\/span><\/p>\n<p style=\"line-height: 19.2pt;background: white\"><span style=\"font-family: 'Tahoma','sans-serif';color: #343434;font-size: 9pt\" lang=\"LV\"><span style=\"color: #ff0000\"><em>Ar cie\u0146u, A. Balts<\/em><strong>.<\/strong><\/span><\/span><\/p>\n<p style=\"line-height: 19.2pt;background: white\"><span style=\"font-family: 'Tahoma','sans-serif';color: #343434;font-size: 9pt\" lang=\"LV\"><span style=\"color: #ff0000\"><strong>==========================================<\/strong><\/span><\/span><\/p>\n<p style=\"line-height: 19.2pt;background: white\"><span style=\"font-family: 'Tahoma','sans-serif';color: #343434;font-size: 9pt\" lang=\"LV\"><span style=\"color: #ff0000\"><span style=\"color: #008000\"><img decoding=\"async\" loading=\"lazy\" class=\"alignleft size-full wp-image-3042\" src=\"http:\/\/tautastribunals.eu\/wp-content\/uploads\/2010\/10\/lin2.jpg\" alt=\"lin\" width=\"95\" height=\"88\" \/>Protams, ka t\u0101dai notai b\u016btu j\u0101b\u016bt. Un k\u0101dreiz ar\u012b taml\u012bdz\u012bga<strong> NOTA<\/strong> tiks <strong><span style=\"text-decoration: underline\">Krievijas slepkavu re\u017e\u012bmam<\/span><\/strong> nos\u016bt\u012bta. \u0160odien<strong> Latvij\u0101<\/strong>\u00a0valdo\u0161\u0101 noziedznieku banda nekad ko taml\u012bdz\u012bgu nedar\u012bs, jo ir pie varas tiku\u0161i ar Krievijas specdienestu pal\u012bdz\u012bbu. Vai tad <strong>Zatlers <\/strong>ir uzskat\u0101ms par <strong>Latvijas Republikas prezidentu<\/strong> ? Protam, ka n\u0113, vi\u0146\u0161 tika &#8220;iev\u0113l\u0113ts&#8221;\u00a0zoolo\u0123iskaj\u0101 d\u0101rz\u0101 !!! Un kas tie bija, kas vi\u0146u\u00a0iev\u0113l\u0113ja ? Tie bija mafijas p\u0101rst\u0101vji, kuri cie\u0161i saist\u012bti ar biju\u0161o kompartiju, kura \u0161odien darbojas pagr\u012bd\u0113 ! Neviens biju\u0161ais <strong><span style=\"text-decoration: underline\">\u010dekists Latvij\u0101 nav noties\u0101ts<\/span><\/strong>, bet tie\u0161i otr\u0101di, vi\u0146i visi darbojas <strong>DP strukt\u016br\u0101s<\/strong>, kuras vistie\u0161\u0101k\u0101 veid\u0101 pak\u013cautas <strong><span style=\"text-decoration: underline\">Maskavas slepkavu re\u017e\u012bmam<\/span><\/strong>. Der atcer\u0113ties, ka \u0161ie prezidenta <strong><em>&#8220;v\u0113l\u0113t\u0101ji&#8221; <\/em><\/strong>\u00a0ir pedofili-pederasti un t\u0101diem izdzimte\u0146iem nekas nav <strong><span style=\"text-decoration: underline\">Sv\u0113ts<\/span><\/strong>, tie gatavi\u00a0pa\u0161i savu\u00a0m\u0101ti\u00a0zem tramvaja pagr\u016bst&#8230;sava labuma d\u0113\u013c. Tie\u0161i t\u0101dus de\u0123ener\u0101tus<strong> Maskava<\/strong> visviegl\u0101k var tur\u0113t savos valgos- ar \u0161ant\u0101\u017eas pal\u012bdz\u012bbu ! <\/span><\/span><\/span><\/p>\n<p style=\"line-height: 19.2pt;background: white\"><span style=\"font-family: 'Tahoma','sans-serif';color: #343434;font-size: 9pt\" lang=\"LV\"><span style=\"color: #ff0000\"><span style=\"color: #008000\"><strong><span style=\"text-decoration: underline\">Valdis Zatlers ir gar\u012bgi degrad\u0113ta person\u012bba.<\/span><\/strong> Mor\u0101le <strong><em>(krist\u012bg\u0101)<\/em><\/strong> \u0161im degradantam nepiem\u012bt. Visur spie\u017eas cauri <strong>stulbums un varask\u0101re-<\/strong> savas tautas nicin\u0101\u0161ana. Nav \u0161aubu, ka \u0161is klauns<strong><em>(Zatlers) <\/em><\/strong>savu dz\u012bvi nosl\u0113gs kar\u0101tav\u0101s un visa <strong><span style=\"text-decoration: underline\">Latvija tad aplaud\u0113s<\/span><\/strong> !!!<\/span><\/span><\/span><\/p>\n<p style=\"line-height: 19.2pt;background: white\"><span style=\"font-family: 'Tahoma','sans-serif';color: #343434;font-size: 9pt\" lang=\"LV\"><span style=\"color: #ff0000\"><span style=\"color: #008000\"><em><span style=\"color: #000000\">L.Granti\u0146\u0161.\u00a0 24.10.10<\/span><\/em><\/span><\/span><\/span><\/p>\n","protected":false},"excerpt":{"rendered":"<p>LR prezidenta pazi\u0146ojums: Kam\u0113r Krievijas Feder\u0101cij\u0101 atkl\u0101ti darbosies daudzskaitl\u012bgas profa\u0161istiskas un neonacistiskas organiz\u0101cijas, pie tam piln\u012bgi leg\u0101li un ar nacistu k\u0101\u0161krustiem, ideolo\u0123iju un pat ar kop\u0113tu hitlerisko sveicienu ar paceltu roku, tikm\u0113r Latvijas valsts&#46;&#46;&#46;<\/p>\n","protected":false},"author":6,"featured_media":0,"comment_status":"open","ping_status":"open","sticky":false,"template":"","format":"standard","meta":[],"categories":[1],"tags":[],"_links":{"self":[{"href":"https:\/\/tautastribunals.eu\/index.php?rest_route=\/wp\/v2\/posts\/3035"}],"collection":[{"href":"https:\/\/tautastribunals.eu\/index.php?rest_route=\/wp\/v2\/posts"}],"about":[{"href":"https:\/\/tautastribunals.eu\/index.php?rest_route=\/wp\/v2\/types\/post"}],"author":[{"embeddable":true,"href":"https:\/\/tautastribunals.eu\/index.php?rest_route=\/wp\/v2\/users\/6"}],"replies":[{"embeddable":true,"href":"https:\/\/tautastribunals.eu\/index.php?rest_route=%2Fwp%2Fv2%2Fcomments&post=3035"}],"version-history":[{"count":7,"href":"https:\/\/tautastribunals.eu\/index.php?rest_route=\/wp\/v2\/posts\/3035\/revisions"}],"predecessor-version":[{"id":3045,"href":"https:\/\/tautastribunals.eu\/index.php?rest_route=\/wp\/v2\/posts\/3035\/revisions\/3045"}],"wp:attachment":[{"href":"https:\/\/tautastribunals.eu\/index.php?rest_route=%2Fwp%2Fv2%2Fmedia&parent=3035"}],"wp:term":[{"taxonomy":"category","embeddable":true,"href":"https:\/\/tautastribunals.eu\/index.php?rest_route=%2Fwp%2Fv2%2Fcategories&post=3035"},{"taxonomy":"post_tag","embeddable":true,"href":"https:\/\/tautastribunals.eu\/index.php?rest_route=%2Fwp%2Fv2%2Ftags&post=3035"}],"curies":[{"name":"wp","href":"https:\/\/api.w.org\/{rel}","templated":true}]}}