{"id":30174,"date":"2015-12-30T16:22:31","date_gmt":"2015-12-30T14:22:31","guid":{"rendered":"http:\/\/tautastribunals.eu\/?p=30174"},"modified":"2015-12-30T23:28:55","modified_gmt":"2015-12-30T21:28:55","slug":"l-grantins-%e2%80%9ctev-nebus-patiesibu-zaimot-%e2%80%9d-2-turp","status":"publish","type":"post","link":"https:\/\/tautastribunals.eu\/?p=30174","title":{"rendered":"L. Granti\u0146\u0161.\u201cTev neb\u016bs Paties\u012bbu zaimot !\u201d (2.turp.)"},"content":{"rendered":"<p><span style=\"color: #003300;\"><strong><a href=\"http:\/\/tautastribunals.eu\/wp-content\/uploads\/2015\/12\/Liec\u012bbas.LRTT.H-86.LatvijaSaeimaGranti\u0146\u0161BitenieksBarissUrbanovi\u010dsKozlovskis.4.PNG\"><img decoding=\"async\" loading=\"lazy\" class=\"alignleft size-full wp-image-30176\" title=\"Liec\u012bbas.LRTT.H-86.Latvija,Saeima,Granti\u0146\u0161,Bitenieks,Bariss,Urbanovi\u010ds,Kozlovskis.\" src=\"http:\/\/tautastribunals.eu\/wp-content\/uploads\/2015\/12\/Liec\u012bbas.LRTT.H-86.LatvijaSaeimaGranti\u0146\u0161BitenieksBarissUrbanovi\u010dsKozlovskis.4.PNG\" alt=\"Liec\u012bbas.LRTT.H-86.Latvija,Saeima,Granti\u0146\u0161,Bitenieks,Bariss,Urbanovi\u010ds,Kozlovskis.\" width=\"642\" height=\"147\" srcset=\"https:\/\/tautastribunals.eu\/wp-content\/uploads\/2015\/12\/Liec\u012bbas.LRTT.H-86.LatvijaSaeimaGranti\u0146\u0161BitenieksBarissUrbanovi\u010dsKozlovskis.4.PNG 834w, https:\/\/tautastribunals.eu\/wp-content\/uploads\/2015\/12\/Liec\u012bbas.LRTT.H-86.LatvijaSaeimaGranti\u0146\u0161BitenieksBarissUrbanovi\u010dsKozlovskis.4-300x68.PNG 300w, https:\/\/tautastribunals.eu\/wp-content\/uploads\/2015\/12\/Liec\u012bbas.LRTT.H-86.LatvijaSaeimaGranti\u0146\u0161BitenieksBarissUrbanovi\u010dsKozlovskis.4-800x183.PNG 800w\" sizes=\"(max-width: 642px) 100vw, 642px\" \/><\/a><\/strong><\/span><\/p>\n<p><span style=\"color: #008000;\"><strong><a href=\"http:\/\/tautastribunals.eu\/wp-content\/uploads\/2015\/12\/Dace-Slavinska-Harija-Be\u0137eris-L.Granti\u0146\u0161-Normunds-Krafts.PNG\"><img decoding=\"async\" loading=\"lazy\" class=\"alignleft size-full wp-image-30189\" title=\"Dace Slavinska, Harija Be\u0137eris, L.Granti\u0146\u0161, Normunds Krafts\" src=\"http:\/\/tautastribunals.eu\/wp-content\/uploads\/2015\/12\/Dace-Slavinska-Harija-Be\u0137eris-L.Granti\u0146\u0161-Normunds-Krafts.PNG\" alt=\"Dace Slavinska, Harija Be\u0137eris, L.Granti\u0146\u0161, Normunds Krafts\" width=\"204\" height=\"249\" srcset=\"https:\/\/tautastribunals.eu\/wp-content\/uploads\/2015\/12\/Dace-Slavinska-Harija-Be\u0137eris-L.Granti\u0146\u0161-Normunds-Krafts.PNG 266w, https:\/\/tautastribunals.eu\/wp-content\/uploads\/2015\/12\/Dace-Slavinska-Harija-Be\u0137eris-L.Granti\u0146\u0161-Normunds-Krafts-246x300.PNG 246w\" sizes=\"(max-width: 204px) 100vw, 204px\" \/><\/a><\/strong><\/span><\/p>\n<p>FOTO:<em><span style=\"color: #ff0000;\"> Dace Slavinska, Harija Be\u0137era kol\u0113\u0123e. Vai tad v\u0113l kas ir piebilst\u0101ms ? Piln\u012bgi saprotams, kam tiek kalpots ! Norm\u0101ls cilv\u0113ks pie \u0161\u012b pasaules liel\u0101k\u0101 asinssu\u0146a, pat tuvum\u0101 ner\u0101d\u012btos, bet tie, kuri j\u016bt ar vi\u0146u asins sader\u012bbu, labpr\u0101t ir kop\u0101 ar vi\u0146u<strong>.Vieni kop\u0101 ar Dzer\u017einski, citi ar \u013be\u0146inu, v\u0113l citi ar&#8230; .<\/strong> Tas viss kop\u0101 saucas:<strong> 4. maija kli\u0137e !<\/strong><br \/>\n<\/span><\/em><\/p>\n<p><span style=\"color: #008000;\"><strong>Latvija<\/strong> ir vien\u012bga valsts <strong>Eirop\u0101<\/strong>, kura nav publiskojusi <strong>VDK <\/strong>arh\u012bvus. <\/span><\/p>\n<p><span style=\"color: #008000;\">Tas ir starptautiska m\u0113roga noziegums un \u0161\u012b nozieguma izskat\u012b\u0161ana ir tikai laika jaut\u0101jums ! <\/span><\/p>\n<p><span style=\"color: #008000;\">Pie varas ir paliku\u0161i m\u016bsu tautas slepkavas ! <\/span><\/p>\n<p><span style=\"color: #008000;\">\u0160odienas <strong>Latvijas valsts<\/strong><span style=\"text-decoration: underline;\"> nav le\u0123it\u012bma<\/span> ! <\/span><\/p>\n<p><span style=\"color: #008000;\">Viss, kas tiek dar\u012bts <strong>LR<\/strong> v\u0101rd\u0101, ir <strong>NELIKUM\u012aGS !<\/strong><\/span><\/p>\n<p><span style=\"color: #008000;\">Tas viss tiks p\u0101rskat\u012bts un vain\u012bgie <strong>Starptautiski <\/strong>ties\u0101ti !<strong><br \/>\n<\/strong><\/span><\/p>\n<p><span style=\"color: #008000;\"><strong><span style=\"text-decoration: underline;\">======================================================================<\/span><br \/>\n<\/strong><\/span><\/p>\n<h2><span style=\"color: #003300;\">Tiek neiedom\u0101jami viltota m\u016bsu tautas v\u0113sture !<\/span><\/h2>\n<p><span style=\"color: #003300;\"> <\/span><\/p>\n<p><span style=\"color: #003300;\">Daudzi patrio<strong>TE\u013bI<\/strong> un pat <strong>patrioti <\/strong>to neapj\u0113dz, ar ko vi\u0146is sasaist\u0101s. <\/span><\/p>\n<p><span style=\"color: #003300;\">Iesp\u0113jams, ka: ar labiem nodomiem, bet pa taisno uz<strong> Elli <\/strong>!<\/span><\/p>\n<h2><a href=\"http:\/\/ltv.lsm.lv\/lv\/raksts\/25.11.2015-modinataji.id60656\/\">http:\/\/ltv.lsm.lv\/lv\/raksts\/25.11.2015-modinataji.id60656\/<\/a><\/h2>\n<p><span style=\"color: #003300;\"><strong><a href=\"http:\/\/tautastribunals.eu\/wp-content\/uploads\/2015\/12\/Normunds-Krafts1.PNG\"><img decoding=\"async\" loading=\"lazy\" class=\"alignleft size-full wp-image-30208\" title=\"Normunds Krafts\" src=\"http:\/\/tautastribunals.eu\/wp-content\/uploads\/2015\/12\/Normunds-Krafts1.PNG\" alt=\"Normunds Krafts\" width=\"135\" height=\"144\" \/><\/a>Normunds Krafts<\/strong><em>(jaunie\u0161u apvien\u012bba T\u0113vzemei un Br\u012bv\u012bbai): <\/em><strong>Ironiz\u0113 par br\u012bv\u012bbu<\/strong>, k\u0101 redzams ar\u012b par atra\u0161anos<strong> ES<\/strong>. <strong> <\/strong><\/span><\/p>\n<p><span style=\"color: #003300;\"><strong>Normundam<\/strong> jau licies, ka <strong>Atmodas <\/strong>s\u0101kums nevienu neinteres\u0113jot, bet tad piezvana k\u0101ds<span style=\"color: #ff0000;\"> <span style=\"text-decoration: underline;\"><strong>Harijs Be\u0137eris<\/strong><\/span><\/span> un, tas esot bijis tas, ko <span style=\"text-decoration: underline;\">vi\u0146\u0161 gaid\u012bjis 25. gadus<\/span> !!!<\/span><\/p>\n<p><span style=\"color: #003300;\"> <\/span><\/p>\n<p><span style=\"color: #003300;\">K\u0101p\u0113c tas s\u0101ka \u201c<strong>hari<\/strong>\u201d interes\u0113t p\u0113c tik ilga laika, to laikam <strong>Normunds<\/strong> aiz <strong>&#8220;savi\u013c\u0146ojuma&#8221; <\/strong>aizmirsa pavaic\u0101t \u2026 ? <\/span><\/p>\n<p><span style=\"color: #003300;\">Vai tad <strong>Krafta kungs<\/strong> nezin\u0101ja, ka \u0161odien <strong><span style=\"text-decoration: underline;\">Latvij\u0101<\/span><\/strong><span style=\"text-decoration: underline;\"> pie varas gro\u017eiem ir noziedznieki<\/span> un visi inform\u0101cijas l\u012bdzek\u013ci ir vi\u0146u rok\u0101s ?<\/span><\/p>\n<p><span style=\"color: #003300;\"> <\/span><\/p>\n<h2><span style=\"color: #003300;\">Zin\u0101ja, un k\u0101 v\u0113l zin\u0101ja !<\/span><\/h2>\n<p><span style=\"color: #003300;\"> <\/span><\/p>\n<p><span style=\"color: #003300;\">Zin\u0101ja, ka kli\u0137ei kalpojo\u0161ie \u017eurn\u0101listi dara visu, lai <strong>Atmodu \u201cpierakst\u012btu\u201d TF \u2013 komunistiem<\/strong>, to ar\u012b <strong>Normunds<\/strong>, vismaz es t\u0101 dom\u0101ju, ka labi saprata, jo zinu, ka vi\u0146\u0161 nav \u201c<strong>aptaur\u0113ts<\/strong>\u201d. <\/span><\/p>\n<p><span style=\"color: #003300;\">Vai patie\u0161\u0101m <strong>Normunds Krafts<\/strong> dom\u0101ja, ka var\u0113s<span style=\"text-decoration: underline;\"> apvest ap st\u016bri<\/span> \u010dekistu p\u0113cte\u010dus ?<\/span><\/p>\n<p><span style=\"color: #003300;\"> <\/span><\/p>\n<p><span style=\"color: #003300;\">Ja no <strong>Normunda Krafta<\/strong> sac\u012bt\u0101 nav nekas \u201c<strong>atmont\u0113ts<\/strong>\u201d, tad viennoz\u012bm\u012bgi var sac\u012bt, ka cilv\u0113kam<strong> izr\u0101d\u012b\u0161an\u0101s un godk\u0101re <\/strong>ir p\u0101r\u0146\u0113musi un aptum\u0161ojusi vi\u0146a <strong>apzi\u0146u<\/strong>.<\/span><\/p>\n<p><span style=\"color: #003300;\"> <\/span><\/p>\n<p><span style=\"color: #003300;\">K\u0101 tad t\u0101, lielais patriot, <strong>Tu<\/strong> saki, ka <span style=\"text-decoration: underline;\">pils\u0113t\u0101 bija pakl\u012bdu\u0161as runas<\/span> par svec\u012b\u0161u nolik\u0161anu <strong>Zieme\u013cu kapos<\/strong>?!<\/span><\/p>\n<p><span style=\"color: #003300;\"> <\/span><\/p>\n<p><span style=\"color: #003300;\">Vai tad tas nebija j\u016bsu- <strong>T\u0113vzemes un Br\u012bv\u012bbas<\/strong> nopelns ?<\/span><\/p>\n<p><span style=\"color: #003300;\"> <\/span><\/p>\n<p><span style=\"color: #003300;\">Izr\u0101d\u0101s, ka j\u016bs lielie varo\u0146i, k\u0101m\u0113r es biju iespund\u0113ts <strong>\u0160kirotavas nomentn\u0113<\/strong> starp krievu krimin\u0101listiem, <span style=\"text-decoration: underline;\">bail\u012bgi aizlav\u012bj\u0101ties uz kapiem p\u0113c veco tanti\u0146u aicin\u0101juma<\/span> ?<\/span><\/p>\n<p><span style=\"color: #003300;\"> <\/span><\/p>\n<p><span style=\"color: #003300;\">L\u012bdz \u0161im vald\u012bja uzskats, ka j\u016bs bij\u0101t tie, kuri pac\u0113la <strong>sarkanbaltsarkano karogu<\/strong>, bet izr\u0101d\u012bj\u0101s, ka tie bija \u201c<strong>k\u0101di\u201d<span style=\"color: #ff0000;\">*<\/span><\/strong> !<\/span><\/p>\n<p><span style=\"color: #003300;\"> <\/span><\/p>\n<p><span style=\"color: #003300;\">Un tagad, <strong>Normund Kraft<\/strong>, ievelc elpu, aps\u0113dies pie datora un <strong>\u201cpast\u0101sti\u201d<\/strong> visu no s\u0101kuma, tie\u0161i t\u0101, k\u0101 viss bija, k\u0101 notika j\u016bsu apvien\u012bbas <strong>\u201cT\u0112VZEMEI un BR\u012aV\u012aBAI\u201d<\/strong> dibin\u0101\u0161ana, un vai \u201c<strong>haris<\/strong>\u201d par\u0101d\u012bja visu bez cenz\u016bras ?<\/span><\/p>\n<p><span style=\"color: #003300;\"> <\/span><\/p>\n<p><span style=\"color: #003300;\">Man nekad nav bijis \u017e\u0113l, Normund, ar saviem nopelniem dal\u012bties, bet ja notiek absol\u016bta nopelnu uzurp\u0101cija, tad ir j\u0101saka: <strong>\u201cNes\u0113dies pie goda galda, pirms Kungs tevi nav aicin\u0101jis, vai b\u016bs lab\u0101k, ja vi\u0146\u0161 atn\u0101kot tev padz\u012bs, vai pa\u0146ems aiz rokas un nos\u0113din\u0101s sev blakus ?\u201d<\/strong><\/span><\/p>\n<p><span style=\"color: #003300;\"> <\/span><\/p>\n<p><span style=\"color: #003300;\">Man jau pirms gada atnesa \u017eurn\u0101lu, kur bija par jums rakst\u012bts, lepni, pat ar foto uz\u0146\u0113mumiem ! \u0160is cilv\u0113ks man jaut\u0101ja: <strong>\u201cVai es nesaskatu \u0161aj\u0101 rakst\u0101 \u201cd\u012bvain\u012bbas\u201d\u201d?<\/strong><\/span><\/p>\n<p><span style=\"color: #003300;\"> <\/span><\/p>\n<p><span style=\"color: #003300;\">Ar v\u0101rdu <strong>KUNGS<\/strong>, es nedom\u0101ju sevi, bet gan<strong> Paties\u012bbu<\/strong>. Vai <strong>Tev,<\/strong> pirms run\u0101ji par<strong> Atmodu<\/strong> ar \u0161o<strong> DP<\/strong> spruksti\u0146u, nevajadz\u0113ja vi\u0146am pajaut\u0101t par mani, kur es atrodos, k\u0101p\u0113c es netieku iztauj\u0101ts ?<\/span><\/p>\n<p><span style=\"color: #003300;\"> <\/span><\/p>\n<p><span style=\"color: #003300;\">K\u0101p\u0113c<strong> Tu<\/strong> to nedar\u012bji ?<\/span><\/p>\n<p><span style=\"color: #003300;\"> <\/span><\/p>\n<p><span style=\"color: #003300;\">K\u0101p\u0113c skr\u0113ji pie <strong>Goda Galda<\/strong>, kuru neesi kl\u0101jis ?<\/span><\/p>\n<p><span style=\"color: #003300;\"> <\/span><\/p>\n<p><span style=\"color: #003300;\">Tu, <strong>Normund Kraft<\/strong>, esi piedal\u012bjies latvie\u0161u tautas nomelno\u0161an\u0101, kuru veic \u0161\u012bs <strong>DP nodev\u012bbas gn\u012bdas,<\/strong> cionistu- komunistu un p\u0101r\u0113jo <strong>KGB<\/strong>istisko \u0161va\u013cu uzdevum\u0101.<\/span><\/p>\n<p><span style=\"color: #003300;\"> <\/span><\/p>\n<p><span style=\"color: #003300;\">Ja <strong><span style=\"text-decoration: underline;\">neizproti politiku s\u012bkumos<\/span><\/strong>, tad nejaucies taj\u0101, g\u0101d\u0101 par d\u0113liem un savu jauko sievi\u0146u.. .<\/span><\/p>\n<p><span style=\"color: #003300;\"> <\/span><\/p>\n<p><span style=\"color: #003300;\">Tu,<strong> Normund<\/strong>, esi tas for\u0161\u0101kais un labsird\u012bg\u0101kais <strong>\u201c\u010domis\u201d <\/strong>no visiem, vismaz man\u0101 uztver\u0113, un t\u0101p\u0113c ar\u012b tiki no \u0161iem <strong>DP<\/strong> uzdevum\u0101 str\u0101d\u0101jo\u0161iem izdzimte\u0146iem izmantots, bet tas nenoz\u012bm\u0113, ka es<strong> Tevi <\/strong>turpm\u0101k \u017e\u0113lo\u0161u\u2026 .<\/span><\/p>\n<p><span style=\"color: #003300;\"> <\/span><\/p>\n<p><span style=\"color: #003300;\">Tu esi ne tikai pret mani necie\u0146u izr\u0101d\u012bjis<em>(kur\u0161 <strong>j\u016bs,<\/strong> praktiski ar sp\u0113ku un <strong>\u201captais\u012bju\u0161os\u201d<\/strong> iemeta \u0161aj\u0101 <strong>Atmodas <\/strong>virpul\u012b),<\/em> bet ar\u012b iesp\u013c\u0101vis sej\u0101 visai latvie\u0161u tautai.<\/span><\/p>\n<p><span style=\"color: #003300;\"> <\/span><\/p>\n<p><span style=\"color: #003300;\">Es, <strong>Normund Kraft, <\/strong>nekad vairs nevar\u0113\u0161u <strong>Tevi<\/strong> pa\u0146emt pie rokas un nos\u0113din\u0101t pie latvie\u0161u tautas <strong>Goda Galda<\/strong>\u2026 ,tici, man grib\u0113j\u0101s ar jums dal\u012bties taj\u0101, ko paveicu es viens, lai par\u0101d\u012btu, ka m\u016bsu tautai ir daudz drosminieku, bet\u2026 .<\/span><\/p>\n<p><span style=\"color: #003300;\"> <\/span><\/p>\n<h2><span style=\"color: #003300;\">K\u0101p\u0113c <strong>Tu <\/strong>l\u012bdz \u0161im v\u0113l neesi ar mani sazin\u0101jies ?<\/span><\/h2>\n<p><span style=\"color: #003300;\"> <\/span><\/p>\n<p><span style=\"color: #003300;\"> <\/span><\/p>\n<p><span style=\"color: #003300;\"> <\/span><\/p>\n<p><span style=\"color: #003300;\"><strong><a href=\"http:\/\/tautastribunals.eu\/wp-content\/uploads\/2015\/12\/2.Lidija-Lasmane-leo-Hir\u0161sJ.ZiemelisI.-C\u0101l\u012btis.-L.-Granti\u0146\u0161..PNG\"><img decoding=\"async\" loading=\"lazy\" class=\"alignleft size-full wp-image-30270\" title=\"2.Lidija Lasmane, leo Hir\u0161s,J.Ziemelis,I. C\u0101l\u012btis. L. Granti\u0146\u0161.\" src=\"http:\/\/tautastribunals.eu\/wp-content\/uploads\/2015\/12\/2.Lidija-Lasmane-leo-Hir\u0161sJ.ZiemelisI.-C\u0101l\u012btis.-L.-Granti\u0146\u0161..PNG\" alt=\"2.Lidija Lasmane, leo Hir\u0161s,J.Ziemelis,I. C\u0101l\u012btis. L. Granti\u0146\u0161.\" width=\"203\" height=\"338\" srcset=\"https:\/\/tautastribunals.eu\/wp-content\/uploads\/2015\/12\/2.Lidija-Lasmane-leo-Hir\u0161sJ.ZiemelisI.-C\u0101l\u012btis.-L.-Granti\u0146\u0161..PNG 323w, https:\/\/tautastribunals.eu\/wp-content\/uploads\/2015\/12\/2.Lidija-Lasmane-leo-Hir\u0161sJ.ZiemelisI.-C\u0101l\u012btis.-L.-Granti\u0146\u0161.-180x300.PNG 180w\" sizes=\"(max-width: 203px) 100vw, 203px\" \/><\/a>Lidija Lasmane- Doro\u0146ina:<\/strong> Vai<strong> Doro\u0146ina<\/strong> bija tik naiva un patie\u0161\u0101m nesaprata, ka \u0161o raid\u012bjumu veido tie pa\u0161i, kuri vi\u0146u <strong>\u201cvaz\u0101ja\u201d<\/strong> pa l\u0113\u0123eriem ?<\/span><\/p>\n<p><span style=\"color: #003300;\"> <\/span><\/p>\n<p><strong>FOTO:<\/strong> <span style=\"color: #ff0000;\"><em>Redz tikai, k\u0101 visi \u0161ie \u010dekas paraz\u012bti <strong>\u201cintegr\u0113jas\u201d<\/strong> disidentu nopelnos ! Gan cionistu izs\u016bt\u0101mais sargsuns <strong>Raimonds V\u0113jonis<\/strong>, gan uz \u0161\u0101 foto redzamais <strong>VDK<\/strong>(\u0161odienas leksik\u0101 DP zi\u0146nesis) ok\u0161\u0137eris <strong>Leo Hir\u0161sons<\/strong>. Vair\u0101k par \u0161o krimin\u0101las pasaules darboni \u0161eit: <a href=\"http:\/\/tautastribunals.eu\/?p=3720\">http:\/\/tautastribunals.eu\/?p=3720<\/a><\/em><\/span><\/p>\n<p><span style=\"color: #003300;\">\u010cekisti vi\u0146u atkal izmantoja k\u0101 vecu \u201c<strong>gr\u012bdaslupatu<\/strong>\u201d, lai piepild\u012btu \u0113teru un cilv\u0113ku apzi\u0146u ar visiem zin\u0101mu \u201c<strong>balastvielu<\/strong>\u201d, at\u013caujot daudz run\u0101t par pag\u0101tni, lai nov\u0113rtu uzman\u012bbu no galven\u0101, <span style=\"text-decoration: underline;\">no \u0161odienas situ\u0101cijas,<\/span> kad notiek v\u0113l liel\u0101kas neliet\u012bbas k\u0101 <strong>Padomju laik\u0101<\/strong>.<\/span><\/p>\n<p><span style=\"color: #003300;\"> <\/span><\/p>\n<h3><span style=\"color: #003300;\">K\u0101p\u0113c Lasmanes kundze ne reizi neiemin\u0113j\u0101s par \u0161odienas \u0101rpr\u0101tu ?<\/span><\/h3>\n<p><span style=\"color: #003300;\"> <\/span><\/p>\n<p><span style=\"color: #003300;\">Es \u0161eit neb\u016bt netaisos nopelt <strong><span style=\"text-decoration: underline;\">Lidijas <\/span><\/strong><span style=\"text-decoration: underline;\">cie\u0161anas<\/span> un c\u012b\u0146u <span style=\"text-decoration: underline;\">latvie\u0161u tautas lab\u0101,<\/span> bet gan to, ka vi\u0146a at\u013c\u0101va \u010dekistu p\u0113cte\u010diem sevi izmantot, lai turpin\u0101tu graut un izn\u012bcin\u0101t latvie\u0161u tautu. Piln\u012bgi nek\u0101ds sakars ar <strong>Modin\u0101t\u0101jiem<\/strong>. Tas ir parasts politieslodz\u012bt\u0101 dz\u012bvesst\u0101sts, kuru jau m\u0113s esam no vi\u0146as dzird\u0113ju\u0161i. Vi\u0146as secin\u0101jums, ka <strong>M. Te\u010dere<\/strong> un <strong>J\u0101nis P\u0101vils<\/strong> <strong>II<\/strong> sagr\u0101va komunismu, ir diezgan absurds. Ja par vi\u0146iem var ko sac\u012bt, tad: <strong><span style=\"text-decoration: underline;\">vi\u0146i sekm\u0113ja komunisma sagrau\u0161anu<\/span><\/strong>. Tad jau pareiz\u0101k b\u016btu sac\u012bt, ka pati <strong>L. Doro\u0146ina- Lasmane<\/strong> un <strong><span style=\"text-decoration: underline;\">vi\u0146ai l\u012bdz\u012bgie<\/span><\/strong><span style=\"text-decoration: underline;\"> sagr\u0101va komunismu. <\/span><\/span><\/p>\n<p><span style=\"color: #003300;\"> <\/span><\/p>\n<p><span style=\"color: #003300;\">\u0160is ir tas galvenais \u201c<strong>punkts<\/strong>\u201d, ko grib\u0113ja dzird\u0113t <strong>jaun\u010dekisti<\/strong><em>(cionistu pakalpi\u0146i)<\/em> no vi\u0146as mutes, ka ne jau<span style=\"text-decoration: underline;\"> latvie\u0161i un latvie\u0161u polit-c\u012bn\u012bt\u0101ji, bet vi\u0146i, tie tur \u0101rzem\u0113s <\/span><strong>\u201cizredz\u0113tie\u201d\u2026<\/strong> sagr\u0101va<strong> PSRS<\/strong> ! Skat\u012bt\u0101jam un klaus\u012bt\u0101jam klusi un nemanot tiek <strong>\u201ciezomb\u0113ts\u201d<\/strong> piln\u012bgi pret\u0113jais, <strong>latvie\u0161iem visi nopelni tiek atsavin\u0101ti<\/strong> ! Un to visu veic t\u0101di <strong><span style=\"text-decoration: underline;\">hariji un daces<\/span><\/strong>&#8211; smirdo\u0161i komunistu-cionistu iztapo\u0146as !<\/span><\/p>\n<p><span style=\"color: #003300;\"> <\/span><\/p>\n<p><span style=\"color: #003300;\"><a href=\"http:\/\/tautastribunals.eu\/wp-content\/uploads\/2015\/12\/Lidija-Doro\u0146ina-Lasmane-L.-Granti\u0146\u0161-Raimonds-V\u0113jonis-Latvijas-PrezidentsLRTT.PNG\"><img decoding=\"async\" loading=\"lazy\" class=\"alignleft size-full wp-image-30218\" title=\"Lidija Doro\u0146ina- Lasmane, L. Granti\u0146\u0161, Raimonds V\u0113jonis, Latvijas, Prezidents,LRTT\" src=\"http:\/\/tautastribunals.eu\/wp-content\/uploads\/2015\/12\/Lidija-Doro\u0146ina-Lasmane-L.-Granti\u0146\u0161-Raimonds-V\u0113jonis-Latvijas-PrezidentsLRTT.PNG\" alt=\"Lidija Doro\u0146ina- Lasmane, L. Granti\u0146\u0161, Raimonds V\u0113jonis, Latvijas, Prezidents,LRTT\" width=\"635\" height=\"400\" srcset=\"https:\/\/tautastribunals.eu\/wp-content\/uploads\/2015\/12\/Lidija-Doro\u0146ina-Lasmane-L.-Granti\u0146\u0161-Raimonds-V\u0113jonis-Latvijas-PrezidentsLRTT.PNG 727w, https:\/\/tautastribunals.eu\/wp-content\/uploads\/2015\/12\/Lidija-Doro\u0146ina-Lasmane-L.-Granti\u0146\u0161-Raimonds-V\u0113jonis-Latvijas-PrezidentsLRTT-300x188.PNG 300w\" sizes=\"(max-width: 635px) 100vw, 635px\" \/><\/a><\/span><\/p>\n<p><strong>FOTO:<\/strong> <span style=\"color: #ff0000;\"><em>K\u0101p\u0113c <strong>Tu, Lidija,<\/strong> pamet zem k\u0101j\u0101m <strong>savas un savas tautas cie\u0161anas<\/strong><strong> <\/strong><span style=\"text-decoration: underline;\">\u0161im \u010dekistu prezidentos ieb\u012bd\u012btajam izdzimtenim <\/span>? Vi\u0146iem, \u0161iem slepkav\u0101m, jau tas tikai ir vajadz\u012bgs. Ja <strong>Tu,<\/strong> kura pavad\u012bjusi pusi dz\u012bves l\u0113\u0123eros, esi kop\u0101 ar vi\u0146u, t\u0101tad tas nor\u0101da, ka <strong>Tu attaisno vi\u0146u noziegumus pret latvie\u0161u tautu<\/strong> un tie\u0161i tas vi\u0146iem ir \u013coti, \u013coti nepiecie\u0161ams. Vi\u0146\u0161 zin, kas es ar vi\u0146u nekad &#8220;bildes kop\u0101 netais\u012b\u0161u&#8221;, un t\u0101p\u0113c vi\u0146i(ar\u012b V\u0113jonis) nol\u0113ma mani fiziski izn\u012bcin\u0101t. Es <strong>Tev, Lasmanes kundze<\/strong>, par so\u0123i netaisos b\u016bt, bet <strong>K\u0101da<\/strong> priek\u0161\u0101 par \u0161o <strong>\u201esoli\u201c<\/strong> tom\u0113r vajadz\u0113s atbild\u0113t.<\/em><\/span><\/p>\n<p><span style=\"color: #003300;\">B\u0113d\u012bgi, \u013coti b\u0113d\u012bgi, <strong>Lidija<\/strong>, ka <strong>Tu<\/strong> at\u013c\u0101vies \u0161iem sarkanajiem<strong> c\u0113rme\u0146iem <\/strong>sevi izmantot.<\/span><\/p>\n<p><span style=\"color: #003300;\"> <\/span><\/p>\n<p><span style=\"color: #003300;\"><strong>P\u0101vils Br\u016bveris:<\/strong> Atk\u0101rto <strong>A. Sol\u017ei\u0146\u012bcina<\/strong> viedos v\u0101rdus, ka totalit\u0101r\u0101 sist\u0113m\u0101 viss turas uz meliem, ja m\u0113s tajos nepiedal\u012btos, tad sist\u0113ma sabruktu. Labi paz\u012bstot <strong>P\u0101vilu B\u016bveri<\/strong>, rodas jaut\u0101jums: k\u0101p\u0113c \u0161is \u201c<strong>br\u012bv\u012bbas c\u012bn\u012bt\u0101js<\/strong>\u201d neseko<strong> Sol\u017ei\u0146\u012bcina sac\u012btajam <\/strong>? Bet par to vair\u0101k n\u0101ko\u0161aj\u0101 raid\u012bjuma apskat\u0113.<\/span><\/p>\n<p><span style=\"color: #003300;\"> <\/span><\/p>\n<p><span style=\"color: #003300;\"><strong>J\u0101nis Ro\u017ekalns:<\/strong> Nevaru tie\u0161i pateikt, kur\u0101 br\u012bdi <strong>J\u0101nis Ro\u017ekalns<\/strong> k\u013cuva no disidenta par provokatoru- <strong>VDK sadarboni<\/strong>, bet no \u0161\u012b video redzam, ka vi\u0146\u0161 netika izraid\u012bts no <strong>LPSR<\/strong>, bet pats l\u016bdz t\u0101du iesp\u0113ju un pie tam v\u0113l \u013coti kupl\u0101 radu un \u0123imenes pavad\u012bb\u0101. Toties ierodoties <strong>Rietumos <\/strong>vi\u0146\u0161 sludin\u0101ja piln\u012bgi pret\u0113jo, bet par \u0161o glumekli n\u0101ko\u0161aj\u0101 apskat\u0101.<\/span><\/p>\n<p><span style=\"color: #003300;\"> <\/span><\/p>\n<p><span style=\"color: #003300;\"><strong>V\u0113sturnieks J\u0101nis \u0136eruss:<\/strong> Cen\u0161as nor\u0101d\u012bt, ka <strong>Atmoda<\/strong> nes\u0101kas ar <strong>LTF 1988.g.<\/strong> bet jau daudz \u0101tr\u0101k,<strong> 70tajos <\/strong>gados. Tas ir piln\u012bgi pareizi, bet k\u0101p\u0113c vi\u0146\u0161 nepateica visu p\u0113c b\u016bt\u012bbas, ka <strong>LTF<\/strong> bija paraz\u012btisks \u010dekas veidojums, kas sagr\u0101va visus latvie\u0161u tautas <strong>Atmodas <\/strong>ide\u0101lus !!! <\/span><\/p>\n<p><span style=\"color: #003300;\">Ka aiz visa t\u0101 st\u0101v\u0113ja vis\u012bst\u0101kie m\u016bsu tautas bendes, ar komunistu <strong>J\u0101ni Peteru<\/strong> priek\u0161gal\u0101. <strong>Atmoda<\/strong>, <strong>\u0136erusa kungs<\/strong>, s\u0101k\u0101s nevis septi\u0146desmitajos gados, bet gan t\u016bl\u012bt p\u0113c okup\u0101cijas\u2026 .<\/span><\/p>\n<p><span style=\"color: #003300;\"> <\/span><\/p>\n<p><span style=\"color: #003300;\"><strong>VDK priek\u0161nieks Edmunds Johansons<\/strong>: Apzin\u0101ti vai aiz sava stulbuma, bet <strong>primit\u012bvie raid\u012bjuma veidot\u0101ji<\/strong> izdar\u012bja l\u0101\u010da pakalpojumu sev, saviem darba dev\u0113jiem, bet galvenais, pa\u0161iem \u201c<strong>\u012bst\u0101kajiem<\/strong>\u201d disidentiem. Bet, par to ar\u012b vair\u0101k n\u0101ko\u0161aj\u0101 apskat\u0101.<\/span><\/p>\n<p><span style=\"color: #003300;\"><strong>Raimonds Bitenieks:<\/strong> Par vi\u0146a <strong>\u201cuzst\u0101\u0161anos\u201d<\/strong> n\u0101ko\u0161aj\u0101 aprakst\u0101, kas b\u016bs daudz pla\u0161\u0101ks par<strong> MODIN\u0100T\u0100JU<\/strong> koment\u0113\u0161anu.<\/span><\/p>\n<p><span style=\"color: #003300;\"> <\/span><\/p>\n<p><span style=\"color: #003300;\"><strong><a href=\"http:\/\/tautastribunals.eu\/wp-content\/uploads\/2015\/12\/Daumants-Kalni\u0146\u0161-L.-Granti\u0146\u0161-J.-Rubenis-M.-Ludviks.PNG\"><img decoding=\"async\" loading=\"lazy\" class=\"alignleft size-full wp-image-30214\" title=\"Daumants Kalni\u0146\u0161, L. Granti\u0146\u0161, J. Rubenis, M. Ludviks\" src=\"http:\/\/tautastribunals.eu\/wp-content\/uploads\/2015\/12\/Daumants-Kalni\u0146\u0161-L.-Granti\u0146\u0161-J.-Rubenis-M.-Ludviks.PNG\" alt=\"Daumants Kalni\u0146\u0161, L. Granti\u0146\u0161, J. Rubenis, M. Ludviks\" width=\"120\" height=\"133\" \/><\/a>Daumants Kalni\u0146\u0161, Atmodas akt\u012bvists<\/strong>:\u00a0 Sac\u012bja vien\u012bgos \u012bstenos v\u0101rdus: <strong>\u201cJa neb\u016btu bijis 14. j\u016bnijs, tad v\u0113l l\u012bdz m\u016bsu karogam ar\u012b b\u016btu bijis t\u0101l\u0101k.\u201d<\/strong> <\/span><\/p>\n<p><span style=\"color: #003300;\">T\u0101 ir tiesa, kaut daudziem tas bija \u013coti nepat\u012bkami, bet ne jau t\u0101p\u0113c es to uzsveru, bet gan t\u0101p\u0113c, ka vi\u0146\u0161 bija vien\u012bgais, kur\u0161 to pasac\u012bja cilv\u0113c\u012bg\u0101 ton\u012b, bez p\u0101rsp\u012bl\u0113ta patosa \u2013 bez t\u0101, kas daudziem \u0161eit piemita, it k\u0101 visi notikumi grieztos ap vi\u0146iem.<\/span><\/p>\n<p><span style=\"color: #003300;\"><span style=\"text-decoration: underline;\">========================================================<\/span><br \/>\n<\/span><\/p>\n<p><span style=\"color: #003300;\"> <\/span><\/p>\n<p><span style=\"color: #003300;\">J\u0101 biedr,<strong> Krauze,<\/strong> tie bija <span style=\"text-decoration: underline;\">\u0161\u012bsdienas meli<\/span>, bet vakardienas paties\u012bba.<\/span><\/p>\n<p><span style=\"color: #003300;\">Lai las\u012btu n\u0101ko\u0161o apskatu, j\u0101noskat\u0101s:<\/span><\/p>\n<h2><span style=\"color: #003300;\"><a href=\"http:\/\/ltv.lsm.lv\/lv\/raksts\/02.12.2015-helsinki-86.id61128\/\">http:\/\/ltv.lsm.lv\/lv\/raksts\/02.12.2015-helsinki-86.id61128<\/a><\/span><\/h2>\n<p><span style=\"color: #003300;\">30.12.15\u00a0\u00a0\u00a0\u00a0\u00a0\u00a0 L.Granti\u0146\u0161<\/span><\/p>\n<p><span style=\"color: #003300;\"><span style=\"color: #ff0000;\">* <\/span>Nu k\u0101da nelaime priek\u0161 <strong>Konstant\u012bna Jevge\u0146jevi\u010da Pupura<\/strong>, kur\u0161 <strong>&#8220;c\u0113la karogu&#8221; <\/strong>p\u0113c gada un dar\u012bja to <strong>VDK <\/strong>uzraudz\u012bb\u0101, lai \u0161im provokatoram var\u0113tu vismaz k\u0101dus npelnus pierakst\u012bt, j\u016bs at\u0146emat \u0161o <strong>&#8220;pirmdzimt\u0101&#8221;<\/strong> godu.<br \/>\n<\/span><\/p>\n","protected":false},"excerpt":{"rendered":"<p>FOTO: Dace Slavinska, Harija Be\u0137era kol\u0113\u0123e. Vai tad v\u0113l kas ir piebilst\u0101ms ? Piln\u012bgi saprotams, kam tiek kalpots ! Norm\u0101ls cilv\u0113ks pie \u0161\u012b pasaules liel\u0101k\u0101 asinssu\u0146a, pat tuvum\u0101 ner\u0101d\u012btos, bet tie, kuri j\u016bt ar&#46;&#46;&#46;<\/p>\n","protected":false},"author":1,"featured_media":0,"comment_status":"open","ping_status":"open","sticky":false,"template":"","format":"standard","meta":[],"categories":[1],"tags":[],"_links":{"self":[{"href":"https:\/\/tautastribunals.eu\/index.php?rest_route=\/wp\/v2\/posts\/30174"}],"collection":[{"href":"https:\/\/tautastribunals.eu\/index.php?rest_route=\/wp\/v2\/posts"}],"about":[{"href":"https:\/\/tautastribunals.eu\/index.php?rest_route=\/wp\/v2\/types\/post"}],"author":[{"embeddable":true,"href":"https:\/\/tautastribunals.eu\/index.php?rest_route=\/wp\/v2\/users\/1"}],"replies":[{"embeddable":true,"href":"https:\/\/tautastribunals.eu\/index.php?rest_route=%2Fwp%2Fv2%2Fcomments&post=30174"}],"version-history":[{"count":94,"href":"https:\/\/tautastribunals.eu\/index.php?rest_route=\/wp\/v2\/posts\/30174\/revisions"}],"predecessor-version":[{"id":30268,"href":"https:\/\/tautastribunals.eu\/index.php?rest_route=\/wp\/v2\/posts\/30174\/revisions\/30268"}],"wp:attachment":[{"href":"https:\/\/tautastribunals.eu\/index.php?rest_route=%2Fwp%2Fv2%2Fmedia&parent=30174"}],"wp:term":[{"taxonomy":"category","embeddable":true,"href":"https:\/\/tautastribunals.eu\/index.php?rest_route=%2Fwp%2Fv2%2Fcategories&post=30174"},{"taxonomy":"post_tag","embeddable":true,"href":"https:\/\/tautastribunals.eu\/index.php?rest_route=%2Fwp%2Fv2%2Ftags&post=30174"}],"curies":[{"name":"wp","href":"https:\/\/api.w.org\/{rel}","templated":true}]}}