{"id":3015,"date":"2010-10-23T20:35:44","date_gmt":"2010-10-23T17:35:44","guid":{"rendered":"http:\/\/tautastribunals.eu\/?p=3015"},"modified":"2010-10-23T20:44:10","modified_gmt":"2010-10-23T17:44:10","slug":"un-atkal-maitu-ergli-plosa-latviesu-valodu","status":"publish","type":"post","link":"https:\/\/tautastribunals.eu\/?p=3015","title":{"rendered":"Un atkal maitu \u0113rg\u013ci plosa latvie\u0161u valodu !"},"content":{"rendered":"<p><img decoding=\"async\" loading=\"lazy\" class=\"alignleft size-thumbnail wp-image-3016\" src=\"http:\/\/tautastribunals.eu\/wp-content\/uploads\/2010\/10\/IMGP09745-150x150.jpg\" alt=\"IMGP0974\" width=\"95\" height=\"92\" srcset=\"https:\/\/tautastribunals.eu\/wp-content\/uploads\/2010\/10\/IMGP09745-300x292.jpg 300w, https:\/\/tautastribunals.eu\/wp-content\/uploads\/2010\/10\/IMGP09745-800x780.jpg 800w, https:\/\/tautastribunals.eu\/wp-content\/uploads\/2010\/10\/IMGP09745.jpg 1278w\" sizes=\"(max-width: 95px) 100vw, 95px\" \/><span style=\"color: #0000ff\"><strong>Tieslietu ministrij\u0101<\/strong> izstr\u0101d\u0101taj\u0101 Sabiedr\u012bbas integr\u0101cijas politikas pamatnost\u0101d\u0146u projekt\u0101 atrodami slideni formul\u0113jumi par starpetnisk\u0101s sazi\u0146as valodu, teikts rakst\u0101 <strong>LA<\/strong> <strong><span style=\"color: #800000\">&#8220;<\/span><\/strong><\/span><a href=\"http:\/\/www2.la.lv\/lat\/latvijas_avize\/jaunakaja_numura\/latvijas.zinas\/?doc=87509\" target=\"_blank\"><span style=\"color: #0000ff\"><strong><span style=\"color: #800000\">Integr\u0101cijas pamatnost\u0101dnes &#8211; soli t\u0101l\u0101k no latviskuma<\/span><\/strong><\/span><\/a><span style=\"color: #0000ff\"><strong><span style=\"color: #800000\">&#8220;<\/span><\/strong><\/span><\/p>\n<p><span style=\"color: #0000ff\">\u00a0\u0160is, <strong>Tieslietu ministrij\u0101,<\/strong> izstr\u0101d\u0101tais apjom\u012bgais dokuments liek saprast, ka<strong> Latvij\u0101<\/strong> starpetniskai sazi\u0146as valodai ir j\u0101b\u016bt ne tikai latvie\u0161u, bet ar\u012b krievu !!!<\/span><\/p>\n<p><span style=\"color: #0000ff\">Tas ir nekas vair\u0101k no <strong>Tieslietu ministrijas<\/strong> puses, k\u0101 <em><span style=\"text-decoration: underline\"><span style=\"color: #800000\">&#8220;piepras\u012bjums&#8221;<\/span><\/span><\/em> p\u0113c otr\u0101s valsts valodas. K\u0101 redzam, tad krievu nacistisk\u0101 hidra ir p\u0101r\u0146\u0113musi ar\u012b LR Tieslietu ministriju.<\/span><\/p>\n<p><span style=\"color: #0000ff\"><img decoding=\"async\" loading=\"lazy\" class=\"alignleft size-thumbnail wp-image-3018\" src=\"http:\/\/tautastribunals.eu\/wp-content\/uploads\/2010\/10\/Atk\u0101rtoju-nek\u0101das-pras\u012bbas-p\u0113c-latvie\u0161u-valodas-un-anti-latvisko-elementu-repatri\u0101cijas.-150x150.jpg\" alt=\"Atk\u0101rtoju-nek\u0101das pras\u012bbas p\u0113c latvie\u0161u valodas un anti-latvisko elementu repatri\u0101cijas.\" width=\"150\" height=\"150\" \/><\/span><\/p>\n<p><span style=\"color: #0000ff\"><strong><span style=\"color: #000000\">Foto:<\/span><\/strong> Jaunizceptais kangars saka vislatvijie\u0161iem: <span style=\"color: #993366\"><span style=\"color: #ff0000\">nek\u0101du latvie\u0161u valodu izgl\u012bt\u012bb\u0101, jo m\u0113s neesam t\u0101di diktatoriski re\u017e\u012bmi k\u0101 D\u0101nij\u0101 vai V\u0101cij\u0101, kur visas m\u0101c\u012bbas tiek uzspiestas vi\u0146u su\u0146u valod\u0101 !!! Mums ir blakus t\u0101di demokr\u0101tijas piem\u0113ri k\u0101 Nils U\u0161akovs b\u013ce\u0123 un I. Pime\u0146uga nahui, kuri zina ko run\u0101 un p\u0113c k\u0101 prasa, saprat\u0101t latvie\u0161u \u0113ze\u013ci\u00a0!? Es piln\u012bgi atbalstu \u0161o okupantu, piedodiet,- paspruka b\u013ca, atbr\u012bvot\u0101ju v\u0113lmes. Nek\u0101das repatri\u0101cijas, m\u016bsu cien\u012bjamajiem atbr\u012bvot\u0101jiem j\u0101paliek ar mums. Tiem, kuriem nepat\u012bk mani domu biedri, lai v\u0101cas uz \u012ariju&#8230; .<\/span><\/span><\/span><\/p>\n<p><span style=\"color: #0000ff\">\u00a0<\/span><\/p>\n<p><span style=\"color: #0000ff\"><span style=\"color: #0000ff\">Paskat\u012bsimies, kas tad \u0161odien &#8220;valda&#8221; p\u0101r <strong>Tieslietu ministriju<\/strong> ? <\/span><\/span><\/p>\n<p><span style=\"color: #0000ff\"><span style=\"color: #0000ff\">\u012asta <strong>&#8220;vado\u0146a&#8221;<\/strong> tur visp\u0101r nav, ir tikai <strong>Tieslietu ministra<\/strong> vietas izpild\u012bt\u0101js. \u0160is vietas izpild\u012bt\u0101js ir neviens cits k\u0101 <strong>Lielbrit\u0101nij\u0101<\/strong> dzimu\u0161ais kosmopol\u012bts <strong>Imants Lie\u0123is<\/strong>. <strong><span style=\"text-decoration: underline\">Viss latviskais \u0161im t\u0101lzemju &#8220;leti\u0146am&#8221; ir sve\u0161s. <\/span><\/strong>P\u0113c cionistu bandas ieteikuma vi\u0146\u0161 ir &#8220;k\u013cuvis&#8221; par <strong>Aizsardz\u012bbas ministru.<\/strong> \u0160odien <strong>Tieslietu ministrij\u0101 <\/strong>noteic\u0113ji ir biju\u0161ie kompartijas nomenklat\u016bras darbinieki.\u00a0K\u0101 piem\u0113ru var min\u0113t <strong>Tieslietu ministrijas<\/strong> valsts sekret\u0101ra vietnieci tiesu jaut\u0101jumos <strong>Inesi Kalni\u0146u.<\/strong> T\u0101da<strong> Laila Medina, Inga Skuji\u0146a vai M\u0101rti\u0146\u0161 Lazdovskis<\/strong> ir tuk\u0161as vietas. Vi\u0146i pilda savu <strong><em>&#8220;pagr\u012bdes&#8221;<\/em><\/strong> \u017eurku pav\u0113les. Un \u0161ie pagr\u012bdes \u017eurkas\u00a0ir biju\u0161ie komunisti un \u010dekisti, un vairums no \u0161iem m\u0113sliem ir nelatvie\u0161i\u00a0!\u00a0<\/span><\/span><\/p>\n<p><span style=\"color: #0000ff\"><span style=\"color: #0000ff\">\u00a0T\u0101p\u0113c ar\u012b\u00a0ir radies \u0161is latvie\u0161u valodai naid\u012bgais dokuments uz vesel\u0101m 70 lpp.<\/span><\/span><\/p>\n<p><span style=\"color: #0000ff\"><strong><span style=\"color: #000000\"><img decoding=\"async\" loading=\"lazy\" class=\"alignleft size-full wp-image-3029\" src=\"http:\/\/tautastribunals.eu\/wp-content\/uploads\/2010\/10\/krievu-\u0161valis-I.-Pimenovs1.jpg\" alt=\"krievu \u0161valis I. Pimenovs\" width=\"125\" height=\"152\" \/>Foto:<\/span><\/strong> K\u0101da krievu nacista fizionomija saka: <span style=\"color: #ff0000\">nebija okup\u0101cijas, bet dubult atbr\u012bvo\u0161ana 1940taj\u0101 un 44taj\u0101. Un- neaiztieciet Dum-brovski, nepateic\u012bgie lati\u0161\u0146as&#8230; .<\/span><\/span><\/p>\n<p><span style=\"color: #0000ff\">Pie \u0161\u012b dokumenta &#8220;sast\u0101d\u012b\u0161anas&#8221; ir tiku\u0161i pieaicin\u0101ti da\u017e\u0101da kalibra okupantu \u0161va\u013ci <em>(t\u0101 k\u0101dreiz izsac\u012bj\u0101s Augusts Eduardovi\u010ds Voss).<\/em> Skatieties un br\u012bnieties, ko saka okupantu \u0161valis- Igors Pimenovs, kur\u0161 no <strong><em>&#8220;Saska\u0146as centra&#8221;<\/em><\/strong> iev\u0113l\u0113ts 10. Saeim\u0101, run\u0101ja l\u012bdz\u012bgi:<\/span><span style=\"color: #008000\"> <\/span><em><span style=\"color: #008000\">sabiedr\u012bbas da\u013cu starp\u0101 j\u0101veido uztic\u0113\u0161an\u0101s. T\u0101pat &#8220;varam diskut\u0113t par to, kas notika 1940. gad\u0101, bet katrai no etniskaj\u0101m grup\u0101m bija da\u017e\u0101da v\u0113sturisk\u0101 pieredze&#8221;. P\u0113c vi\u0146a teikt\u0101, nepilso\u0146i gaidot, lai valsts vair\u0101k interes\u0113tos par to, ko vi\u0146i dom\u0101 un grib dar\u012bt, t\u0101pat valstij j\u0101nodro\u0161inot skolo\u0161an\u0101s dzimtaj\u0101 valod\u0101. Bet, t\u0101 k\u0101 valsts bud\u017eet\u0101 naudas ir maz, tad &#8211; latviski un krieviski, sac\u012bja I. Pimenovs, a\u0123it\u0113jot ar\u012b par jaunu divpl\u016bsmu skolu veido\u0161anu<\/span><span style=\"color: #0000ff\">.<\/span><\/em><\/p>\n<p><em><\/em><span style=\"color: #0000ff\">Redz tikai ko, latvietim j\u0101veido uztic\u012bba ar slepkav\u0101m un vi\u0146u p\u0113cte\u010diem !!! Vai neb\u016btu lab\u0101k \u0161iem pimenovie\u0161u klaido\u0146iem p\u0101rcelties uz plauksto\u0161o m\u0101ti krievzemi-para\u0161u, kur vi\u0146i var\u0113tu veidot dialogu ar \u010de\u010deniem ? Bet n\u0113, vi\u0146i piez\u012bdu\u0161ies latvie\u0161iem k\u0101 paraz\u012btiskas infic\u0113tas \u0113rces. Visa <strong><span style=\"text-decoration: underline\">Krievija smird<\/span><\/strong>, bet mums m\u0101ca k\u0101rt\u012bbu. \u0160is krievu nelietis aizrun\u0101jas pat tik t\u0101lu, ka j\u0101nodro\u0161inot izgl\u012bt\u012bba dzimtaj\u0101 valod\u0101 !!!, bet naudas tr\u016bkuma d\u0113\u013c- krieviski un latviski. T\u0101 vien gribas jaut\u0101t \u0161im pret\u012bgajam krievu okupantu de\u0123ener\u0101tam: ja naudas tr\u016bkums, tad k\u0101p\u0113c nep\u0101riet tikai uz latvisku izgl\u012bt\u012bbu, k\u0101 tas ir Krievij\u0101(tikai krieviski). K\u0101p\u0113c, teiksim, naudas tr\u016bkuma d\u0113\u013c neatst\u0101t tikai maz\u0101kumtaut\u012bbu skolas, kuras m\u0101ca ukrainiski ?<\/span><\/p>\n<p><span style=\"color: #0000ff\">Redzi,<strong> Pimenov<\/strong>, tu pats sevi nosauci par pret\u012bgu krievu \u0161ovinistu, kur\u0161 no <strong>Latvijas <\/strong>tiks patriekts ar s-koku !<\/span><\/p>\n<p><span style=\"color: #0000ff\"><img decoding=\"async\" loading=\"lazy\" class=\"alignleft size-thumbnail wp-image-3024\" src=\"http:\/\/tautastribunals.eu\/wp-content\/uploads\/2010\/10\/Nodev\u012bbas-un-izvirt\u012bbas-simbols-150x150.jpg\" alt=\"Nodev\u012bbas un izvirt\u012bbas simbols\" width=\"150\" height=\"150\" \/><\/span><\/p>\n<p><span style=\"color: #0000ff\"><strong>Foto:<\/strong> <span style=\"color: #ff0000\">Latvie\u0161u tautas nodev\u012bbas un izvirt\u012bbas simbols !<\/span><\/span><\/p>\n<p><span style=\"color: #0000ff\">K\u0101 saka, velns rauj \u0161o krievu fa\u0161istu-nacistu <strong>Pimenovu<\/strong>, bet m\u016bsu pa\u0161u &#8220;m\u012blulis&#8221; <strong>Dombrovskis<\/strong> nost\u0101jas v\u0113l akt\u012bv\u0101k pret visu latvisko, k\u0101 m\u016bsu ienaidnieki. Vi\u0146\u0161 izvirz\u012bjis<strong> VL<\/strong> noteikumus, lai var\u0113tu piedal\u012bties vald\u012bbas veido\u0161an\u0101, kuri nu nek\u0101di neatbilst v\u0113l\u0113t\u0101ju v\u0113lm\u0113m, bet kuri saskan ar <strong>Pimenova <\/strong>pras\u012bb\u0101m !!!<\/span><\/p>\n<p><span style=\"color: #008000\">&#8220;<strong>Dombrovskis <\/strong>sac\u012bja, ka vien\u012bgais \u0161\u0137\u0113rslis, kas trauc\u0113ja Nacion\u0101lajai apvien\u012bbai pievienoties vald\u012bbai, ir likvid\u0113ts, jo apvien\u012bba piekr\u012bt nevirz\u012bt repatri\u0101cijas un maz\u0101kumtaut\u012bbu izgl\u012bt\u012bbas politikas mai\u0146as jaut\u0101jumus.&#8221;<\/span><\/p>\n<p><span style=\"color: #0000ff\">T\u0101tad, Dombrovskis turpin\u0101s graut <span style=\"color: #800000\"><span style=\"text-decoration: underline\"><strong>Latviju k\u0101 nacion\u0101lu valsti<\/strong> <\/span><\/span>!!! Visas <strong>Dombrovska <\/strong>r\u012bc\u012bbas nor\u0101da uz to, ka vi\u0146\u0161 ir bez mugurkaula- sliekveid\u012bgs rad\u012bjums un sve\u0161u pav\u0113\u013cu pild\u012bt\u0101js.<\/span><\/p>\n<p><span style=\"color: #0000ff\"><strong>\u00a0Latvie\u0161i<\/strong> v\u0113l\u0113ja par <strong>Vienot\u012bbu un VL,<\/strong> lai<strong> Latvij\u0101<\/strong> vienreiz dar\u012btu galu <strong>5. kolonas<\/strong> graujo\u0161ajai darb\u012bbai pret latvie\u0161u tautu !!!<\/span><\/p>\n<p><span style=\"color: #0000ff\">K\u0101 redzams, cit\u0101d\u0101k jau ar\u012b \u0161aj\u0101 noziedznieku bordel\u012b nevar b\u016bt, jo visos noteico\u0161ajos poste\u0146os ir ieb\u012bd\u012bti krimin\u0101lelementi vai komunistu<strong>-KGBistu<\/strong> noziedznieki. <strong>Dombrovskis <\/strong>ir \u0161o noziedznieku ilgi mekl\u0113tais atradums, t\u0101ds pats atradums k\u0101 bijus\u012b krievu<strong> KGBistu<\/strong> &#8220;priekameita&#8221; <strong>Vaira V\u012b\u0137e Freiberga,<\/strong> kura aizs\u0101ka \u0161o anti-latvisko izn\u012bc\u012bbas ce\u013cu.<\/span><\/p>\n<p><span style=\"color: #0000ff\"><strong><img decoding=\"async\" loading=\"lazy\" class=\"alignleft size-full wp-image-3025\" src=\"http:\/\/tautastribunals.eu\/wp-content\/uploads\/2010\/10\/Tr\u012bs-noziedz\u012bg\u0101s-pasaules-kreat\u016bras...-..jpg\" alt=\"Tr\u012bs noziedz\u012bg\u0101s pasaules kreat\u016bras... .\" width=\"266\" height=\"171\" \/>\u00a0<span style=\"color: #000000\">Foto:<\/span><\/strong> <span style=\"color: #ff0000\">Mafioz\u0101s pasaules p\u0101rst\u0101vji.T\u0101da veida elementiem ir j\u0101atrodas aiz rest\u0113m vai j\u0101kar\u0101jas kar\u0101tav\u0101s, bet \u0161ie krop\u013ci \u0161odien atrodas pie Latvijas valsts vad\u012bbas st\u016bres !!! Latvijas valsts bendes&#8230; .<\/span><\/span><\/p>\n<p><span style=\"color: #0000ff\">J\u0101piekr\u012bt k\u0101dam LA koment\u0113tajam: <span style=\"color: #339966\">Visi \u0161ie krop\u013cojumi un izteiktie nicin\u0101jumi latvie\u0161u valodai un latvietim no ier\u0113d\u0146u puses, sak\u0101s 1999.g., kad p\u0113c<strong> Freibergas<\/strong> spiediena tika pie\u0146emts \u0161is nodev\u012bgais latvietim Valodas likums. \u0160\u012b likuma 1.panta 4) punkt\u0101, izsaka, ka maz\u0101kumtaut\u012bbu cilv\u0113kiem ir ties\u012bbas lietot dzimto valodu vai citas valodas. Ar to ir viss pateikts. Ir p\u0113d\u0113jais laiks p\u0101rskat\u012bt Valsts valodas likuma normas.<\/span><\/span><\/p>\n<p><span style=\"color: #0000ff\">Ari <strong>VVF<\/strong> nebija noteic\u0113ja p\u0101r sevi. Vi\u0146a pild\u012bja krievu <strong>KGBistu<\/strong> pav\u0113les.Un t\u0101s bija j\u0101pilda, jo sav\u0101d\u0101k tiktu laistas &#8220;gaism\u0101<strong>&#8221; VDK<\/strong> konspirat\u012bvajos dz\u012bvok\u013cos (70tajos un 80tajos gados) uz\u0146emt\u0101s kompromit\u0113jo\u0161\u0101s filmas.<\/span><\/p>\n<p><span style=\"color: #0000ff\">Parastos &#8220;dar\u012bjumus&#8221; \u010dekisti var\u0113ja nok\u0101rtot uz ku\u0123a vai viesn\u012bc\u0101. <strong><span style=\"color: #800000\"><span style=\"text-decoration: underline\">Konspirat\u012bvajos dz\u012bvok\u013cos tika r\u012bkotas alkohola un seksa or\u0123ijas, un tas viss tika film\u0113ts.<\/span><\/span> VVF<\/strong> bija t\u0101du or\u0123iju upuris, t\u0101p\u0113c jau ar\u012b vi\u0146ai bija j\u0101pilda visas krievu \u0161ovinistu-kgb-istu pav\u0113les.<\/span><\/p>\n<p><span style=\"color: #0000ff\">\u00a0<strong><span style=\"text-decoration: underline\">P\u0113c Tiesiskuma atjauno\u0161anas Latvij\u0101 \u0161\u012b noziedzniece tiks ties\u0101ta ar ASM.<\/span><\/strong><\/span><\/p>\n<p><span style=\"color: #0000ff\"><strong>VVF <\/strong>anti-latviskums ir ar\u012b saist\u012bts ar to, ka vi\u0146a no t\u0113va puses ir \u017e\u012bdiete, jeb k\u0101 \u0161odien pie\u0146emts &#8220;gavar\u012bt&#8221;- ebrejiete.<\/span><\/p>\n<p><span style=\"color: #0000ff\"><strong>Bet, k\u0101 teica latvietis J\u0101nis Z\u012bverts no Ventspils: latvie\u0161i ne tikai ar t\u0101diem s\u016bdiem vien ir tiku\u0161i gal\u0101, tiks gal\u0101 ar\u012b ar \u0161iem !!!<\/strong><\/span><\/p>\n<p><span style=\"color: #0000ff\"><em>23.10.10.<\/em><\/span><\/p>\n","protected":false},"excerpt":{"rendered":"<p>Tieslietu ministrij\u0101 izstr\u0101d\u0101taj\u0101 Sabiedr\u012bbas integr\u0101cijas politikas pamatnost\u0101d\u0146u projekt\u0101 atrodami slideni formul\u0113jumi par starpetnisk\u0101s sazi\u0146as valodu, teikts rakst\u0101 LA &#8220;Integr\u0101cijas pamatnost\u0101dnes &#8211; soli t\u0101l\u0101k no latviskuma&#8220; \u00a0\u0160is, Tieslietu ministrij\u0101, izstr\u0101d\u0101tais apjom\u012bgais dokuments liek saprast, ka&#46;&#46;&#46;<\/p>\n","protected":false},"author":6,"featured_media":0,"comment_status":"open","ping_status":"open","sticky":false,"template":"","format":"standard","meta":[],"categories":[1],"tags":[],"_links":{"self":[{"href":"https:\/\/tautastribunals.eu\/index.php?rest_route=\/wp\/v2\/posts\/3015"}],"collection":[{"href":"https:\/\/tautastribunals.eu\/index.php?rest_route=\/wp\/v2\/posts"}],"about":[{"href":"https:\/\/tautastribunals.eu\/index.php?rest_route=\/wp\/v2\/types\/post"}],"author":[{"embeddable":true,"href":"https:\/\/tautastribunals.eu\/index.php?rest_route=\/wp\/v2\/users\/6"}],"replies":[{"embeddable":true,"href":"https:\/\/tautastribunals.eu\/index.php?rest_route=%2Fwp%2Fv2%2Fcomments&post=3015"}],"version-history":[{"count":13,"href":"https:\/\/tautastribunals.eu\/index.php?rest_route=\/wp\/v2\/posts\/3015\/revisions"}],"predecessor-version":[{"id":3034,"href":"https:\/\/tautastribunals.eu\/index.php?rest_route=\/wp\/v2\/posts\/3015\/revisions\/3034"}],"wp:attachment":[{"href":"https:\/\/tautastribunals.eu\/index.php?rest_route=%2Fwp%2Fv2%2Fmedia&parent=3015"}],"wp:term":[{"taxonomy":"category","embeddable":true,"href":"https:\/\/tautastribunals.eu\/index.php?rest_route=%2Fwp%2Fv2%2Fcategories&post=3015"},{"taxonomy":"post_tag","embeddable":true,"href":"https:\/\/tautastribunals.eu\/index.php?rest_route=%2Fwp%2Fv2%2Ftags&post=3015"}],"curies":[{"name":"wp","href":"https:\/\/api.w.org\/{rel}","templated":true}]}}