{"id":29666,"date":"2015-12-07T19:16:09","date_gmt":"2015-12-07T17:16:09","guid":{"rendered":"http:\/\/tautastribunals.eu\/?p=29666"},"modified":"2015-12-07T20:41:26","modified_gmt":"2015-12-07T18:41:26","slug":"lasitajs-par-holokaustu-un-i-murnieci","status":"publish","type":"post","link":"https:\/\/tautastribunals.eu\/?p=29666","title":{"rendered":"Las\u012bt\u0101js. Par holokaustu un I. M\u016brnieci"},"content":{"rendered":"<h2><span style=\"color: #003300;\"><a href=\"http:\/\/tautastribunals.eu\/wp-content\/uploads\/2015\/12\/Za\u013c\u0161-tautastribunals.eu.png\"><img decoding=\"async\" loading=\"lazy\" class=\"alignleft size-full wp-image-29667\" title=\"Za\u013c\u0161, tautastribunals.eu\" src=\"http:\/\/tautastribunals.eu\/wp-content\/uploads\/2015\/12\/Za\u013c\u0161-tautastribunals.eu.png\" alt=\"Za\u013c\u0161, tautastribunals.eu\" width=\"620\" height=\"86\" srcset=\"https:\/\/tautastribunals.eu\/wp-content\/uploads\/2015\/12\/Za\u013c\u0161-tautastribunals.eu.png 950w, https:\/\/tautastribunals.eu\/wp-content\/uploads\/2015\/12\/Za\u013c\u0161-tautastribunals.eu-300x42.png 300w, https:\/\/tautastribunals.eu\/wp-content\/uploads\/2015\/12\/Za\u013c\u0161-tautastribunals.eu-800x112.png 800w\" sizes=\"(max-width: 620px) 100vw, 620px\" \/><\/a><span style=\"color: #ff0000;\">Holokausts ?!<\/span><\/span><\/h2>\n<p><span style=\"color: #003300;\"> <\/span><\/p>\n<p><span style=\"color: #003300;\">Vai k\u0101ds ir p\u0113t\u012bjis \u0161\u012b v\u0101rda izcelsmi ?<\/span><\/p>\n<p><span style=\"color: #003300;\"> <\/span><\/p>\n<p><span style=\"color: #003300;\">Ko tas noz\u012bm\u0113 ?<\/span><\/p>\n<p><span style=\"color: #003300;\"> <\/span><\/p>\n<p><span style=\"color: #003300;\">No kurienes<strong> TAM<\/strong> aug k\u0101jas- kur<strong> T\u0100<\/strong> sakne ?<\/span><\/p>\n<p><span style=\"color: #003300;\"> <\/span><\/p>\n<p><span style=\"color: #003300;\">V\u0113sturiski, filolo\u0123iski un reli\u0123iski<strong> HOLOKAUSTS<\/strong> noz\u012bm\u0113: \u017e\u012bdu izdar\u012bts upurritu\u0101ls masveid\u0101 nogalinot \u017e\u012bdus, jeb ar\u012b cilv\u0113kus, bet katr\u0101 gad\u012bjum\u0101 reli\u0123isks upurritu\u0101ls- ma\u0123iska darb\u012bba, upuris \u017e\u012bdu augst\u0101kajam gar\u012bgajam sp\u0113kam, jeb<strong> Dievam<\/strong>. V\u0101rdu <strong>DIEVS<\/strong>, \u017e\u012bdi piesavin\u0101j\u0101s un s\u0101ka lietot 13.gs., p\u0113c <strong>Baltijas agres\u012bv\u0101s<\/strong> iekaro\u0161anas.<\/span><\/p>\n<p><span style=\"color: #003300;\"> <\/span><\/p>\n<p><span style=\"color: #003300;\">In\u0101ra <strong>M\u016brniece <\/strong>ta\u010du ir \u017e\u012bdiete !<\/span><\/p>\n<p><span style=\"color: #003300;\"> <\/span><\/p>\n<p><span style=\"color: #003300;\"><a href=\"http:\/\/tautastribunals.eu\/wp-content\/uploads\/2015\/12\/T\u0101lmuds\u0113breji.reiniks\u0101bolti\u0146aDP.LRTT.PNG\"><img decoding=\"async\" loading=\"lazy\" class=\"alignleft size-full wp-image-29676\" title=\"T\u0101lmuds,\u0113breji.reiniks,\u0101bolti\u0146a,DP.LRTT\" src=\"http:\/\/tautastribunals.eu\/wp-content\/uploads\/2015\/12\/T\u0101lmuds\u0113breji.reiniks\u0101bolti\u0146aDP.LRTT.PNG\" alt=\"T\u0101lmuds,\u0113breji.reiniks,\u0101bolti\u0146a,DP.LRTT\" width=\"330\" height=\"164\" \/><\/a>Kam acis tas ta\u010du redz un kam ausis, tas dzird !<\/span><\/p>\n<p><span style=\"color: #003300;\"> <\/span><\/p>\n<p><strong>Foto:<\/strong> <span style=\"color: #ff0000;\"><strong>Talmuts apstiprina:<\/strong><em> &#8220;Tikai ebreji ir uzskat\u0101mi par pilnv\u0113rt\u012bgiem cilv\u0113kiem&#8221;. &#8220;Gojas nogalin\u0101\u0161ana piel\u012bdzin\u0101ma dz\u012bvnieka nogalin\u0101\u0161anai&#8221;.<br \/>\n<\/em><\/span><\/p>\n<p><span style=\"color: #003300;\"><span style=\"color: #003300;\">Turkl\u0101t, t\u0101du postu ar masveida cilv\u0113ku sl<\/span>epkav\u012bb\u0101m <strong>Latvija<\/strong> ir pieredz\u0113jusi tikai no \u017e\u012bdiem un kriev\u017e\u012bdiem. <\/span><\/p>\n<p><span style=\"color: #003300;\">Baigais gads, \u017e\u012bdi ar saviem zem\u0101kas sugas jaun\u0101kajiem br\u0101\u013ciem <strong>Krievijas <\/strong>kriev\u017e\u012bdiem<em>(juridiski korekti b\u016btu sac\u012bts: \u017e\u012bdu tauta l\u012bdzdal\u012bb\u0101 ar krievu tautu) <\/em>masveid\u0101 nogalin\u0101ja latvie\u0161us, sadiski tos sp\u012bdzinot nevis no\u0161aujot \u0101tri bez cie\u0161an\u0101m.<\/span><\/p>\n<p><span style=\"color: #003300;\"> <\/span><\/p>\n<p><span style=\"color: #003300;\">Vai k\u0101ds <strong>AKREDIT\u0112TS <\/strong>v\u0113sturnieks ir matem\u0101tiski prec\u012bzi apr\u0113\u0137in\u0101jis, cik latvie\u0161u taut\u012bbas cilv\u0113ku ir nogalin\u0101ju\u0161i \u017e\u012bdu un krievu taut\u012bbas cilv\u0113ki ?<\/span><\/p>\n<p><span style=\"color: #003300;\"> <\/span><\/p>\n<p><span style=\"color: #003300;\">\u017d\u012bdu izv\u0113rstais genoc\u012bds pret latvie\u0161u tautu ac\u012bmredzami notiek ar\u012b \u0161odien, jo \u017e\u012bdu taut\u012bbas cilv\u0113kiem tik\u0161ot pie\u0161\u0137irti \u012bpa\u0161umi, ar ko b\u016bs rad\u012bts precedents, ka<strong> Latvij\u0101 <\/strong>nav taisn\u012bgums.<\/span><\/p>\n<p><span style=\"color: #003300;\"> <\/span><\/p>\n<p><span style=\"color: #003300;\">N\u0101ko\u0161ais <strong>\u201ctaisn\u012bbas atjauno\u0161anas\u201d<\/strong> solis b\u016bs,- kompens\u0101ciju izmaksas process, jo latvie\u0161u tauta ir nelie\u0161i un sod\u0101mi, lai maks\u0101 m\u016b\u017e\u012bgi \u0161ie vergi- goji.<\/span><\/p>\n<p><span style=\"color: #003300;\"> <\/span><\/p>\n<p><span style=\"color: #003300;\"><strong>Gr\u016btups \u201cno\u0161\u0101v\u0101s\u201d<\/strong> t\u0101pat k\u0101 tie divi<span style=\"color: #ff0000;\">***<\/span> kolekt\u012bvi sarun\u0101t\u0101s <strong>\u201cpa\u0161n\u0101v\u012bbas<\/strong>\u201d upuri: v\u0113l\u0113\u0161anu komisijas priek\u0161nieks un vi\u0146a vietnieks, kuri bija pirms<strong> Cimdara<\/strong>. <\/span><\/p>\n<p><span style=\"color: #003300;\">Tie, ar to \u201c<strong>nepareizo izpratni<\/strong>\u201d, attiec\u012bb\u0101 pret <strong>Cimdaru<\/strong>.<\/span><\/p>\n<p><span style=\"color: #003300;\"> <\/span><\/p>\n<p><span style=\"color: #003300;\">LPSR rull\u0113 !!!<\/span><\/p>\n<p><span style=\"color: #003300;\"> <\/span><\/p>\n<p><span style=\"color: #003300;\"><span style=\"color: #ff0000;\">***<\/span> autors laikam dom\u0101jis <strong>Krami\u0146u <\/strong>un <strong>L\u012bgotni<\/strong>.<\/span><\/p>\n<p><span style=\"color: #008000;\"><strong><a href=\"http:\/\/tautastribunals.eu\/wp-content\/uploads\/2015\/12\/LatvijaDievs-Granti\u0146\u0161-Liep\u0101jaR\u012bgaLRTT1.PNG\"><img decoding=\"async\" loading=\"lazy\" class=\"alignleft size-full wp-image-29673\" title=\"Latvija,Dievs, Granti\u0146\u0161, Liep\u0101ja,R\u012bga,LRTT\" src=\"http:\/\/tautastribunals.eu\/wp-content\/uploads\/2015\/12\/LatvijaDievs-Granti\u0146\u0161-Liep\u0101jaR\u012bgaLRTT1.PNG\" alt=\"Latvija,Dievs, Granti\u0146\u0161, Liep\u0101ja,R\u012bga,LRTT\" width=\"626\" height=\"102\" srcset=\"https:\/\/tautastribunals.eu\/wp-content\/uploads\/2015\/12\/LatvijaDievs-Granti\u0146\u0161-Liep\u0101jaR\u012bgaLRTT1.PNG 859w, https:\/\/tautastribunals.eu\/wp-content\/uploads\/2015\/12\/LatvijaDievs-Granti\u0146\u0161-Liep\u0101jaR\u012bgaLRTT1-300x48.PNG 300w, https:\/\/tautastribunals.eu\/wp-content\/uploads\/2015\/12\/LatvijaDievs-Granti\u0146\u0161-Liep\u0101jaR\u012bgaLRTT1-800x130.PNG 800w\" sizes=\"(max-width: 626px) 100vw, 626px\" \/><\/a>LRTT<\/strong> piebilde: <\/span><\/p>\n<p><span style=\"color: #008000;\">Viens jau ir k\u013cuvis piln\u012bgi skaidrs, ka neviens latvietis nevienu \u017e\u012bdu nav nogalin\u0101jis un pat <strong>gestapo<\/strong> \u0161\u0101v\u0113ju komand\u0101 nebija neviens latvietis !<\/span><\/p>\n<p><span style=\"color: #008000;\"> <\/span><\/p>\n<p><span style=\"color: #008000;\">To dokument\u0101li pier\u0101d\u012bja <strong>A. Gr\u016btups<\/strong>. <strong>Laiks<\/strong> un <strong>taisn\u012bbas mekl\u0113t\u0101ju<\/strong> p\u016bles ir piln\u012bgi <strong>\u201ciz\u0123erbu\u0161i\u201d<\/strong> viltus \u017e\u012bdu- cionistu mel\u012bgos apgalvojumus par latvie\u0161iem, <strong><span style=\"text-decoration: underline;\">k\u0101 lab\u0101kiem \u017e\u012bdu \u0161\u0101v\u0113jiem par v\u0101cie\u0161iem<\/span><\/strong>.<\/span><\/p>\n<p><span style=\"color: #008000;\"> <\/span><\/p>\n<p><span style=\"color: #008000;\">L\u012bdz ar to, tiek piln\u012bgi atkl\u0101ts, ka pa\u0161i \u017e\u012bdi- cionisti ir tie, kuri veiku\u0161i neiedom\u0101jamus asinsdarbus, ne tikai pret latvie\u0161iem, krieviem un citiem eiropie\u0161iem, bet ar\u012b \u0101rpr\u0101ta zv\u0113r\u012bbas pret palest\u012bnie\u0161iem.<\/span><\/p>\n<p><span style=\"color: #008000;\"> <\/span><\/p>\n<p><span style=\"color: #008000;\">Nekas nepaliek apsl\u0113pts, kas nen\u0101ktu gaism\u0101.<\/span><\/p>\n<p><span style=\"color: #008000;\"> <\/span><\/p>\n<p><span style=\"color: #008000;\">B\u016bt\u012bba sl\u0113pjas tikai <strong>LAIK\u0100.<\/strong><\/span><\/p>\n<p><span style=\"color: #008000;\"> <\/span><\/p>\n<p><span style=\"color: #008000;\"><strong>LAIKS<\/strong> ir k\u0101 strauja upe, kur\u0101 tiek iemests net\u012brais melu akmens. Straume visu drazu nopl\u0113\u0161 un paliek t\u012brs, saul\u0113 vizu\u013cojo\u0161s akmens, proti, paliek tikai <strong>Paties\u012bba<\/strong>.<\/span><\/p>\n<p><span style=\"color: #008000;\"> <\/span><\/p>\n<p><span style=\"color: #008000;\">\u017d\u012bdu nacistu- cionistu laiks, ir tuvu savam galam !<\/span><\/p>\n<p><span style=\"color: #008000;\"> <\/span><\/p>\n<p><span style=\"color: #008000;\">Visi nelie\u0161i, nodev\u0113ji un paraz\u012bti, kuri vi\u0146iem kalpoju\u0161i un l\u012bdz ar to ar\u012b veiku\u0161i genoc\u012bdu pret savu tautu, tiks bargi ties\u0101ti.<\/span><\/p>\n<p><span style=\"color: #008000;\">07.12.15\u00a0\u00a0\u00a0\u00a0\u00a0\u00a0\u00a0 L. Granti\u0146\u0161<br \/>\n<\/span><\/p>\n","protected":false},"excerpt":{"rendered":"<p>Holokausts ?! Vai k\u0101ds ir p\u0113t\u012bjis \u0161\u012b v\u0101rda izcelsmi ? Ko tas noz\u012bm\u0113 ? No kurienes TAM aug k\u0101jas- kur T\u0100 sakne ? V\u0113sturiski, filolo\u0123iski un reli\u0123iski HOLOKAUSTS noz\u012bm\u0113: \u017e\u012bdu izdar\u012bts upurritu\u0101ls masveid\u0101 nogalinot&#46;&#46;&#46;<\/p>\n","protected":false},"author":1,"featured_media":0,"comment_status":"open","ping_status":"open","sticky":false,"template":"","format":"standard","meta":[],"categories":[1],"tags":[],"_links":{"self":[{"href":"https:\/\/tautastribunals.eu\/index.php?rest_route=\/wp\/v2\/posts\/29666"}],"collection":[{"href":"https:\/\/tautastribunals.eu\/index.php?rest_route=\/wp\/v2\/posts"}],"about":[{"href":"https:\/\/tautastribunals.eu\/index.php?rest_route=\/wp\/v2\/types\/post"}],"author":[{"embeddable":true,"href":"https:\/\/tautastribunals.eu\/index.php?rest_route=\/wp\/v2\/users\/1"}],"replies":[{"embeddable":true,"href":"https:\/\/tautastribunals.eu\/index.php?rest_route=%2Fwp%2Fv2%2Fcomments&post=29666"}],"version-history":[{"count":24,"href":"https:\/\/tautastribunals.eu\/index.php?rest_route=\/wp\/v2\/posts\/29666\/revisions"}],"predecessor-version":[{"id":29693,"href":"https:\/\/tautastribunals.eu\/index.php?rest_route=\/wp\/v2\/posts\/29666\/revisions\/29693"}],"wp:attachment":[{"href":"https:\/\/tautastribunals.eu\/index.php?rest_route=%2Fwp%2Fv2%2Fmedia&parent=29666"}],"wp:term":[{"taxonomy":"category","embeddable":true,"href":"https:\/\/tautastribunals.eu\/index.php?rest_route=%2Fwp%2Fv2%2Fcategories&post=29666"},{"taxonomy":"post_tag","embeddable":true,"href":"https:\/\/tautastribunals.eu\/index.php?rest_route=%2Fwp%2Fv2%2Ftags&post=29666"}],"curies":[{"name":"wp","href":"https:\/\/api.w.org\/{rel}","templated":true}]}}