{"id":29624,"date":"2015-12-06T00:23:15","date_gmt":"2015-12-05T22:23:15","guid":{"rendered":"http:\/\/tautastribunals.eu\/?p=29624"},"modified":"2015-12-06T12:05:38","modified_gmt":"2015-12-06T10:05:38","slug":"lrtt-par-velna-apsestajiem","status":"publish","type":"post","link":"https:\/\/tautastribunals.eu\/?p=29624","title":{"rendered":"LRTT. Par velna aps\u0113stajiem !"},"content":{"rendered":"<h3><span style=\"color: #ff0000;\">Vai tom\u0113r nav j\u0101main\u0101s viet\u0101m, kad ir runa par v\u0113sturisk\u0101s Taisn\u012bbas atjauno\u0161anu, ? <\/span><\/h3>\n<h3><span style=\"color: #ff0000;\">J\u0101run\u0101 par \u017e\u012bdu noziegumiem pret latvie\u0161u tautu !<br \/>\n<\/span><\/h3>\n<p><span style=\"color: #ff0000;\">Advok\u0101ts<strong> Andris Gr\u016btups<\/strong> dokument\u0101li apstiprin\u0101ja, ka neviens latvietis nevienu \u017e\u012bdu nav no\u0161\u0101vis, jo t\u0101du patva\u013cu nacisti nepie\u013cava. <\/span><\/p>\n<p><span style=\"color: #ff0000;\">Pirms n\u0101ves vi\u0146\u0161 grib\u0113ja kaut ko<strong> \u013coti svar\u012bgu <\/strong>pasac\u012bt latvie\u0161u tautai, bet nepasp\u0113ja, jo izn\u0101ca izdar\u012bt &#8220;<strong>pa\u0161n\u0101v\u012bbu<\/strong>&#8221; ar diviem \u0161\u0101vieniem kr\u016b\u0161u un v\u0113dera apvid\u016b.<\/span><\/p>\n<p><span style=\"color: #ff0000;\">Dro\u0161i vien jau aiz s\u0101p\u0113m grib\u0113ja to sasod\u012bto<strong> &#8220;v\u0113zi&#8221;<\/strong> no\u0161aut,t\u0101p\u0113c jau laikam tie divi \u0161\u0101vieni-viens v\u0113zim, bet otrs pa\u0161am !<br \/>\n<\/span><\/p>\n<p><strong><a href=\"http:\/\/tautastribunals.eu\/wp-content\/uploads\/2015\/12\/Melns.-Latvijas-republikas-tautas-tribun\u0101ls-Aivars-Borovkovs-Ivars-Godmanis-J\u0101nis-Reinisks-Straujuma-Prezidents-Saeima-DP.-ST.-Kopie2.PNG\"><img decoding=\"async\" loading=\"lazy\" class=\"alignleft size-full wp-image-29625\" title=\"Melns.-Latvijas-republikas-tautas-tribun\u0101ls-Aivars-Borovkovs-Ivars-Godmanis-J\u0101nis-Reinisks-Straujuma-Prezidents-Saeima-DP.-ST.-Kopie2\" src=\"http:\/\/tautastribunals.eu\/wp-content\/uploads\/2015\/12\/Melns.-Latvijas-republikas-tautas-tribun\u0101ls-Aivars-Borovkovs-Ivars-Godmanis-J\u0101nis-Reinisks-Straujuma-Prezidents-Saeima-DP.-ST.-Kopie2.PNG\" alt=\"Melns.-Latvijas-republikas-tautas-tribun\u0101ls-Aivars-Borovkovs-Ivars-Godmanis-J\u0101nis-Reinisks-Straujuma-Prezidents-Saeima-DP.-ST.-Kopie2\" width=\"634\" height=\"97\" \/><\/a><\/strong><a href=\"http:\/\/www.saeima.lv\/lv\/aktualitates\/saeimas-zinas\/24149-saeimas-priekssedetaja-inara-murniece-pieminas-bridi-rumbula-lidz-pat-sodienai-neaptverams-ir-lielak\"><strong> <\/strong><\/a><strong><a href=\"http:\/\/tautastribunals.eu\/wp-content\/uploads\/2015\/12\/Rink\u0113vi\u010ds-Me\u017evietsSaeimaLRTT.In\u0101ra-M\u016brniece-Raimonds-V\u0113jonis.PNG\"><img decoding=\"async\" loading=\"lazy\" class=\"alignleft size-full wp-image-29630\" title=\"Rink\u0113vi\u010ds, Me\u017eviets,Saeima,LRTT.In\u0101ra M\u016brniece, Raimonds V\u0113jonis\" src=\"http:\/\/tautastribunals.eu\/wp-content\/uploads\/2015\/12\/Rink\u0113vi\u010ds-Me\u017evietsSaeimaLRTT.In\u0101ra-M\u016brniece-Raimonds-V\u0113jonis.PNG\" alt=\"Rink\u0113vi\u010ds, Me\u017eviets,Saeima,LRTT.In\u0101ra M\u016brniece, Raimonds V\u0113jonis\" width=\"634\" height=\"365\" srcset=\"https:\/\/tautastribunals.eu\/wp-content\/uploads\/2015\/12\/Rink\u0113vi\u010ds-Me\u017evietsSaeimaLRTT.In\u0101ra-M\u016brniece-Raimonds-V\u0113jonis.PNG 697w, https:\/\/tautastribunals.eu\/wp-content\/uploads\/2015\/12\/Rink\u0113vi\u010ds-Me\u017evietsSaeimaLRTT.In\u0101ra-M\u016brniece-Raimonds-V\u0113jonis-300x172.PNG 300w\" sizes=\"(max-width: 634px) 100vw, 634px\" \/><\/a><\/strong><\/p>\n<p><strong>FOTO:<span style=\"color: #ff0000;\"><em> <\/em><\/span><\/strong><span style=\"color: #ff0000;\"><em>Vai tu, <strong>In\u0101ri\u0146,<\/strong> apj\u0113dz, ka tie, kuriem tu atdod godu, nav \u017e\u012bdi, bet gan noziedz\u012bgas j\u016bdaiskas sektas bandas locek\u013ci ? Neviens uz foto redzamajiem nav sem\u012bts. Ar k\u0101d\u0101m ties\u012bb\u0101m \u0161ie tr\u012bs<strong> LR <\/strong>vald\u012bbas p\u0101rst\u0101vji st\u0101v blakus band\u012btam,<strong> Latvijas<\/strong> valsts izlaup\u012bt\u0101jam<strong> Suharenko <\/strong>?<br \/>\n<\/em><\/span><\/p>\n<p><span style=\"color: #800080;\"><a href=\"http:\/\/www.saeima.lv\/lv\/aktualitates\/saeimas-zinas\/24149-saeimas-priekssedetaja-inara-murniece-pieminas-bridi-rumbula-lidz-pat-sodienai-neaptverams-ir-lielak\"><strong>Saeimas priek\u0161s\u0113d\u0113t\u0101ja In\u0101ra M\u016brniece piemi\u0146as br\u012bd\u012b Rumbul\u0101: l\u012bdz pat \u0161odienai neaptverams ir liel\u0101kais genoc\u012bda noziegums Latvij\u0101 <\/strong><\/a><\/span><\/p>\n<p><span style=\"color: #0000ff;\"><em>\u201e\u0160odien, pieminot Rumbul\u0101 noslepkavotos, ir j\u0101uzsver, ka Latvijas Republikas pien\u0101kums ir atjaunot v\u0113sturisko taisn\u012bgumu attiec\u012bb\u0101 pret holokausta upuriem,\u201d sac\u012bja I. M\u016brniece.<\/em><\/span><\/p>\n<p><span style=\"color: #000000;\"> <\/span><\/p>\n<p><span style=\"color: #000000;\">Interesanti, ka p\u0113c tik perfekt\u0101s <strong>18. novembra<\/strong> runas<strong> Saeimas <\/strong>priek\u0161s\u0113d\u0113t\u0101ja <strong>In\u0101ra M\u016brniece Rumbul\u0101<\/strong> n\u0101k klaj\u0101 ar tik idiotisku- nodev\u012bgu un mel\u012bgu sav\u0101rst\u012bjumu.<\/span><\/p>\n<p><span style=\"color: #000000;\"> <\/span><\/p>\n<p><span style=\"color: #000000;\">K\u0101das nodevas tad nu bija j\u0101maks\u0101 un galvenais, k\u0101 priek\u0161\u0101 ?!<\/span><\/p>\n<p><span style=\"color: #000000;\"> <\/span><\/p>\n<p><span style=\"color: #000000;\">Interesanti zin\u0101t, k\u0101ds<strong> Latvijas Republikai<\/strong> ir pien\u0101kums \u0161aj\u0101 <strong>\u201cv\u0113sturisk\u0101 taisn\u012bguma\u201d<\/strong> atjauno\u0161anas jaut\u0101jum\u0101 ?<\/span><\/p>\n<p><span style=\"color: #000000;\"> <\/span><\/p>\n<h2><span style=\"color: #000000;\">Kas tad v\u0113l nav atjaunots ?<\/span><\/h2>\n<p><span style=\"color: #000000;\"> <\/span><\/p>\n<p><span style=\"color: #000000;\">Un, k\u0101ds sakars ir noziedzniekam un <strong><span style=\"text-decoration: underline;\">Latvijas<\/span><\/strong><span style=\"text-decoration: underline;\"> valsts izlaup\u012bt\u0101jam<strong> <\/strong><\/span><strong>Suharenko<\/strong>, kuram nav <strong>Latvijas <\/strong>pilson\u012bba, ar \u0161o<strong> \u201cv\u0113sturisko taisn\u012bgumu\u201d <\/strong>?<\/span><\/p>\n<p><span style=\"color: #000000;\"> <\/span><\/p>\n<p><span style=\"color: #000000;\">T\u0101 ir tie\u0161a vainas atz\u012b\u0161ana, kas attiecas uz <strong>\u201cRumbulas probl\u0113mu\u201d, <\/strong>l\u012bdz ar to ar\u012b vispret\u012bg\u0101ko kr\u0113pu iesp\u013cau\u0161ana latvie\u0161u tautas sej\u0101 !<\/span><\/p>\n<p><span style=\"color: #000000;\"> <\/span><\/p>\n<p><span style=\"color: #000000;\">Vai tu, <strong>In\u0101ri\u0146<\/strong>, nevar\u0113tu koment\u0113t to \u017e\u012bdu lo\u0123iku, kura ir izkl\u0101st\u012bta uz foto ?<\/span><\/p>\n<p><span style=\"color: #000000;\"> <\/span><\/p>\n<p><span style=\"color: #000000;\">Un k\u0101, <strong>In\u0101ri\u0146,<\/strong> ir ar tiem \u201c<strong>m\u012b\u013cajiem \u017e\u012bdi\u0146iem<\/strong>\u201d<strong>, <\/strong>kurus <strong>Ulmanis<\/strong><em>(vien\u012bgais Eirop\u0101) <\/em>aiz \u017e\u0113last\u012bbas ielaida <strong>Latvij\u0101<\/strong>, un, kuri p\u0113c<strong> PSRS<\/strong> okup\u0101cijas <strong><span style=\"text-decoration: underline;\">veidoja kaujas dru\u017e\u012bnas<\/span><\/strong><em>(kaujas vien\u012bbas<\/em>) un piedal\u012bj\u0101s patv\u0113ruma dev\u0113ju- <span style=\"text-decoration: underline;\">latvie\u0161u slepkavo\u0161an\u0101 <\/span>?<\/span><\/p>\n<p><span style=\"color: #000000;\"> <\/span><\/p>\n<p><span style=\"color: #000000;\">Neb\u016bs nek\u0101ds br\u012bnums, ja r\u012bt jau tu krit\u012bsi uz ce\u013ciem <strong>godma\u0146a, kargina, krasovicka<\/strong> un <strong>suharenko <\/strong>priek\u0161\u0101 un l\u016bgsi piedo\u0161anu par \u201c<strong>holokaustu<\/strong>\u201d!<\/span><\/p>\n<p><span style=\"color: #000000;\"> <\/span><\/p>\n<p><span style=\"color: #000000;\">Kaut ko t\u0101du var pateikt tikai ienaidnieks, idiots vai tautas nodev\u0113js !<\/span><\/p>\n<p><span style=\"color: #000000;\"> <\/span><\/p>\n<p><span style=\"color: #000000;\">Iegaum\u0113, no\u017e\u0113lojam\u0101 <strong>In\u0101ri\u0146a<\/strong>: latvie\u0161u tautai nav piln\u012bgi nek\u0101ds pien\u0101kums \u201c<strong>holokausta<\/strong>\u201d upuru priek\u0161\u0101. <\/span><\/p>\n<p><span style=\"color: #000000;\">T\u0101 bija bo\u013c\u0161evistisk\u0101 <strong>PSRS<\/strong> un nacistisk\u0101 <strong>V\u0101cija<\/strong>, kas veica \u0161o noziegumu un iejaukt<strong> Latviju<\/strong> \u0161aj\u0101 noziegum\u0101, savuk\u0101rt ir jauns noziegums !<\/span><\/p>\n<p><span style=\"color: #000000;\"> <\/span><\/p>\n<p><span style=\"color: #000000;\">Nezin\u0101\u0161ana<strong>, In\u0101ri\u0146, <\/strong>tevi neatbr\u012bvo no krimin\u0101latbild\u012bbas.<\/span><\/p>\n<p><span style=\"color: #000000;\"> <\/span><\/p>\n<p><span style=\"color: #000000;\">Bet varb\u016bt, ka esi viena no vi\u0146iem, jo daudzi koment\u0101ros izsaka t\u0101du domu !<\/span><\/p>\n<p><span style=\"color: #000000;\"> <\/span><\/p>\n<p><span style=\"color: #000000;\"><strong>Visu labi selekcion\u0113to M\u016brnieces runu las\u012bt \u0161eit: <\/strong><a href=\"http:\/\/www.saeima.lv\/lv\/aktualitates\/saeimas-zinas\/24149-saeimas-priekssedetaja-inara-murniece-pieminas-bridi-rumbula-lidz-pat-sodienai-neaptverams-ir-lielak\">http:\/\/www.saeima.lv\/lv\/aktualitates\/saeimas-zinas\/24149-saeimas-priekssedetaja-inara-murniece-pieminas-bridi-rumbula-lidz-pat-sodienai-neaptverams-ir-lielak<\/a><\/span><\/p>\n<p><span style=\"color: #000000;\"> <\/span><\/p>\n<p><span style=\"color: #0000ff;\"><em>&#8220;Upuri ir peln\u012bju\u0161i, ka m\u0113s ne tikai aizl\u016bdzam par vi\u0146u dv\u0113sel\u0113m, bet dar\u0101m visu, kas ir m\u016bsu sp\u0113kos, lai nepie\u013cautu karu un citu noziegumu atk\u0101rto\u0161anos. Te, Rumbul\u0101, milz\u012bga nozieguma viet\u0101, to saj\u016btam \u012bpa\u0161i skaudri. M\u0113s esam viet\u0101, kur uz m\u016bsu zemes nodev\u012bgi tika slepkavots. To uzspieda sve\u0161as varas. M\u016bsu valsts bija izn\u012bcin\u0101ta. Diem\u017e\u0113l bija nelie\u0161i ar\u012b m\u016bsu vid\u016b, kas bija \u013caunuma p\u0101r\u0146emti. Tas ir no\u017e\u0113lojami un nosod\u0101mi,&#8221; nor\u0101d\u012bja V\u0113jonis.<\/em><\/span><\/p>\n<p><span style=\"color: #000000;\"> <\/span><\/p>\n<p><span style=\"color: #000000;\"><strong>V\u0113jo\u0146a murgu lasiet \u0161eit:<\/strong> <a href=\"http:\/\/www.kasjauns.lv\/lv\/zinas\/209738\/vejonis-svarigi-ne-tikai-lai-aizludzam-par-dveselem-bet-daram-visu-lai-nepielautu-karu\">http:\/\/www.kasjauns.lv\/lv\/zinas\/209738\/vejonis-svarigi-ne-tikai-lai-aizludzam-par-dveselem-bet-daram-visu-lai-nepielautu-karu<\/a><\/span><\/p>\n<p><span style=\"color: #000000;\"> <\/span><\/p>\n<p><span style=\"color: #000000;\">Un, par \u0161iem v\u0101rdiem, no\u017e\u0113lojamais<strong> Pleskavas <\/strong>\u201c\u0161\u0146abja degun\u201d, <strong>R. V\u0113jon<\/strong>, tu reiz st\u0101sies latvie\u0161u autas tiesas priek\u0161\u0101:<span style=\"color: #0000ff;\"> <em>\u201cDiem\u017e\u0113l bija nelie\u0161i ar\u012b m\u016bsu vid\u016b, kas bija \u013caunuma p\u0101r\u0146emti. Tas ir no\u017e\u0113lojami un nosod\u0101mi,&#8221; nor\u0101d\u012bja V\u0113jonis\u201d<\/em><\/span><\/span><\/p>\n<p><span style=\"color: #000000;\"> <\/span><\/p>\n<p><span style=\"color: #000000;\">Nekur tu<strong>, Raimond<\/strong>, neizmuksi no latvie\u0161u tautas taisn\u012bg\u0101s tiesas.<\/span><\/p>\n<p><span style=\"color: #000000;\"> <\/span><\/p>\n<p><span style=\"color: #000000;\">Un neaizmirsti, ka manis sakrop\u013co\u0161an\u0101 tu ar\u012b esi 100% vain\u012bgs.<\/span><\/p>\n<p><span style=\"color: #000000;\"> <\/span><\/p>\n<p><span style=\"color: #000000;\">Nezinu, <strong>Raimond<\/strong>, varb\u016bt <strong>Dievs <\/strong>tev piedos, bet<strong> es <\/strong>un <strong>tauta <\/strong>nekad !<\/span><\/p>\n<p><span style=\"color: #000000;\"> <\/span><\/p>\n<p><span style=\"color: #000000;\">Uz tik\u0161anos tiesas z\u0101l\u0113, no\u017e\u0113lojamais padibene<strong> V\u0113jon<\/strong> !<\/span><\/p>\n<p><span style=\"color: #000000;\"> <\/span><\/p>\n<p><span style=\"color: #000000;\">N\u0101ko\u0161aj\u0101 rakst\u0101 ar\u012b par \u0161o <strong>holokausta te\u0101tra t\u0113mu<\/strong>, bet aizn\u0101ko\u0161aj\u0101 par kli\u0137es noziegumiem pret <strong>Helsinki- 86 <\/strong>dibin\u0101t\u0101ju.<\/span><\/p>\n<p><span style=\"color: #000000;\"> <\/span><\/p>\n<p><span style=\"color: #000000;\"><a href=\"http:\/\/tautastribunals.eu\/wp-content\/uploads\/2015\/12\/LatvijaDievs-Granti\u0146\u0161-Liep\u0101jaR\u012bgaLRTT.PNG\"><img decoding=\"async\" loading=\"lazy\" class=\"alignleft size-full wp-image-29655\" title=\"Latvija,Dievs, Granti\u0146\u0161, Liep\u0101ja,R\u012bga,LRTT\" src=\"http:\/\/tautastribunals.eu\/wp-content\/uploads\/2015\/12\/LatvijaDievs-Granti\u0146\u0161-Liep\u0101jaR\u012bgaLRTT.PNG\" alt=\"Latvija,Dievs, Granti\u0146\u0161, Liep\u0101ja,R\u012bga,LRTT\" width=\"636\" height=\"104\" srcset=\"https:\/\/tautastribunals.eu\/wp-content\/uploads\/2015\/12\/LatvijaDievs-Granti\u0146\u0161-Liep\u0101jaR\u012bgaLRTT.PNG 859w, https:\/\/tautastribunals.eu\/wp-content\/uploads\/2015\/12\/LatvijaDievs-Granti\u0146\u0161-Liep\u0101jaR\u012bgaLRTT-300x48.PNG 300w, https:\/\/tautastribunals.eu\/wp-content\/uploads\/2015\/12\/LatvijaDievs-Granti\u0146\u0161-Liep\u0101jaR\u012bgaLRTT-800x130.PNG 800w\" sizes=\"(max-width: 636px) 100vw, 636px\" \/><\/a>Nosl\u0113gum\u0101 izlasiet, ko raksta<strong> Armands Pu\u010de<\/strong>: <\/span><\/p>\n<h2><span style=\"color: #000000;\"><a href=\"http:\/\/nra.lv\/kultura\/157249-armands-puce-jauns-skatijums-uz-herbertu-cukuru.htm\">&#8220;Jauns skat\u012bjums uz Herbertu Cukuru&#8221;<\/a>. <\/span><\/h2>\n<p><span style=\"color: #000000;\">Tad saprat\u012bsiet cionistu noziedz\u012bgo sp\u0113li pret latvie\u0161u tautu. <\/span><\/p>\n<p><span style=\"color: #000000;\">T\u0101 ir pateic\u012bba par to, ka<strong> K\u0101rlis Ulmanis <\/strong>bija vien\u012bgais <strong>Eirop\u0101,<\/strong> kur\u0161 uz\u0146\u0113ma \u017e\u012bdus. <\/span><\/p>\n<h2><span style=\"color: #000000;\">Pateic\u012bba \u017e\u012bdu gaum\u0113 !<\/span><\/h2>\n<p><span style=\"color: #003300;\"><strong><span style=\"text-decoration: underline;\"><a href=\"http:\/\/tautastribunals.eu\/wp-content\/uploads\/2015\/12\/2011-04-27_puce.jpg\"><img decoding=\"async\" loading=\"lazy\" class=\"alignleft size-full wp-image-29654\" title=\"2011-04-27_puce\" src=\"http:\/\/tautastribunals.eu\/wp-content\/uploads\/2015\/12\/2011-04-27_puce.jpg\" alt=\"2011-04-27_puce\" width=\"204\" height=\"138\" \/><\/a><\/span>Armands Pu\u010de:<\/strong> \u00abIzstr\u0101d\u0101jot <strong>Satversmi<\/strong>, grib\u0113ja ierakst\u012bt, ka <strong>Latvijas valsts suver\u0113n\u0101 vara pieder latvie\u0161iem<\/strong>, bet noteiktas etnisk\u0101s grupas, starp kur\u0101m <strong>akt\u012bv\u0101kie bija ebreji<\/strong>, pan\u0101ca, ka ieraksta <strong>Latvijas tautai<\/strong>, nevis \u2013 <strong>latvie\u0161iem<\/strong>. Un \u0161is bija \u013coti apspriests jaut\u0101jums 20. gados <strong>Latvijas sabiedr\u012bb\u0101<\/strong>. <\/span><\/p>\n<h2><span style=\"color: #003300;\">Kur\u0161 tad izc\u012bn\u012bja \u0161o valsti <strong>Br\u012bv\u012bbas c\u012b\u0146\u0101s<\/strong>?<\/span><\/h2>\n<p><span style=\"text-decoration: underline;\"><span style=\"color: #003300;\"> <\/span><\/span><\/p>\n<p><span style=\"color: #003300;\"><span style=\"text-decoration: underline;\"><strong>Latvie\u0161i redz\u0113ja<\/strong>, k\u0101 <strong>ebreji Liep\u0101j\u0101 sagaida v\u0101cu armiju Pirm\u0101 pasaules kara laik\u0101<\/strong><\/span>, k\u0101 krievi tad, kad vajadz\u0113ja sisties, nekaroja, <strong>bet brauca atpaka\u013c uz sav\u0101m s\u0101d\u017e\u0101m<\/strong>, jo \u2013 vi\u0146iem jau nebija par ko karot.<\/span><\/p>\n<p><span style=\"color: #003300;\"> <\/span><\/p>\n<p><span style=\"color: #003300;\">Nebija jau t\u0101, ka Latvijas valsts tap\u0161ana tolaik bija visu Latvijas teritorij\u0101 dz\u012bvojo\u0161u taut\u012bbu kop\u012bgs projekts, tas <strong>galvenok\u0101rt bija latvie\u0161u projekts.<\/strong> Latvietis ir izcils kompromisu mekl\u0113t\u0101js, bet, to darot vienm\u0113r, vis\u0101s situ\u0101cij\u0101s un ar visiem, m\u0113s k\u013c\u016bstam destrukt\u012bvi, un re\u017e\u012bmi, kas n\u0101k mums p\u0101ri, tad vienk\u0101r\u0161i m\u016bs sama\u013c.\u00bb<\/span><\/p>\n<p><span style=\"color: #000000;\">05.12.15\u00a0\u00a0\u00a0\u00a0 L. Granti\u0146\u0161<br \/>\n<\/span><\/p>\n","protected":false},"excerpt":{"rendered":"<p>Vai tom\u0113r nav j\u0101main\u0101s viet\u0101m, kad ir runa par v\u0113sturisk\u0101s Taisn\u012bbas atjauno\u0161anu, ? J\u0101run\u0101 par \u017e\u012bdu noziegumiem pret latvie\u0161u tautu ! Advok\u0101ts Andris Gr\u016btups dokument\u0101li apstiprin\u0101ja, ka neviens latvietis nevienu \u017e\u012bdu nav no\u0161\u0101vis, jo&#46;&#46;&#46;<\/p>\n","protected":false},"author":1,"featured_media":0,"comment_status":"open","ping_status":"open","sticky":false,"template":"","format":"standard","meta":[],"categories":[1],"tags":[],"_links":{"self":[{"href":"https:\/\/tautastribunals.eu\/index.php?rest_route=\/wp\/v2\/posts\/29624"}],"collection":[{"href":"https:\/\/tautastribunals.eu\/index.php?rest_route=\/wp\/v2\/posts"}],"about":[{"href":"https:\/\/tautastribunals.eu\/index.php?rest_route=\/wp\/v2\/types\/post"}],"author":[{"embeddable":true,"href":"https:\/\/tautastribunals.eu\/index.php?rest_route=\/wp\/v2\/users\/1"}],"replies":[{"embeddable":true,"href":"https:\/\/tautastribunals.eu\/index.php?rest_route=%2Fwp%2Fv2%2Fcomments&post=29624"}],"version-history":[{"count":37,"href":"https:\/\/tautastribunals.eu\/index.php?rest_route=\/wp\/v2\/posts\/29624\/revisions"}],"predecessor-version":[{"id":29645,"href":"https:\/\/tautastribunals.eu\/index.php?rest_route=\/wp\/v2\/posts\/29624\/revisions\/29645"}],"wp:attachment":[{"href":"https:\/\/tautastribunals.eu\/index.php?rest_route=%2Fwp%2Fv2%2Fmedia&parent=29624"}],"wp:term":[{"taxonomy":"category","embeddable":true,"href":"https:\/\/tautastribunals.eu\/index.php?rest_route=%2Fwp%2Fv2%2Fcategories&post=29624"},{"taxonomy":"post_tag","embeddable":true,"href":"https:\/\/tautastribunals.eu\/index.php?rest_route=%2Fwp%2Fv2%2Ftags&post=29624"}],"curies":[{"name":"wp","href":"https:\/\/api.w.org\/{rel}","templated":true}]}}