{"id":29569,"date":"2015-11-30T21:40:47","date_gmt":"2015-11-30T19:40:47","guid":{"rendered":"http:\/\/tautastribunals.eu\/?p=29569"},"modified":"2015-11-30T21:43:55","modified_gmt":"2015-11-30T19:43:55","slug":"v-freimantals-tiesnese-cence-nekavejoties-jaareste","status":"publish","type":"post","link":"https:\/\/tautastribunals.eu\/?p=29569","title":{"rendered":"V. Freimant\u0101ls.Tiesnese Cence nekav\u0113joties j\u0101arest\u0113 !"},"content":{"rendered":"<p><span style=\"color: #003300;\"><a href=\"http:\/\/tautastribunals.eu\/wp-content\/uploads\/2015\/11\/www.tautastribunals.eu-126.png\"><img decoding=\"async\" loading=\"lazy\" class=\"alignleft size-full wp-image-29574\" title=\"www.tautastribunals.eu-12\" src=\"http:\/\/tautastribunals.eu\/wp-content\/uploads\/2015\/11\/www.tautastribunals.eu-126.png\" alt=\"www.tautastribunals.eu-12\" width=\"644\" height=\"90\" srcset=\"https:\/\/tautastribunals.eu\/wp-content\/uploads\/2015\/11\/www.tautastribunals.eu-126.png 950w, https:\/\/tautastribunals.eu\/wp-content\/uploads\/2015\/11\/www.tautastribunals.eu-126-300x42.png 300w, https:\/\/tautastribunals.eu\/wp-content\/uploads\/2015\/11\/www.tautastribunals.eu-126-800x112.png 800w\" sizes=\"(max-width: 644px) 100vw, 644px\" \/><\/a><a href=\"http:\/\/tautastribunals.eu\/wp-content\/uploads\/2015\/11\/Valdis-Freimant\u0101ls12.JPG\"><img decoding=\"async\" loading=\"lazy\" class=\"alignleft size-full wp-image-29575\" title=\"Valdis-Freimant\u0101ls1\" src=\"http:\/\/tautastribunals.eu\/wp-content\/uploads\/2015\/11\/Valdis-Freimant\u0101ls12.JPG\" alt=\"Valdis-Freimant\u0101ls1\" width=\"164\" height=\"222\" \/><\/a>Ja bild\u0113 redzam\u0101s galvas pareizin\u0101s ar <strong>T\u016aKSTOTI,<\/strong> tad kop\u0113jais skaitlis nor\u0101d\u012bs cik <strong>LATVIE\u0160U <\/strong>dz\u012bv\u012bbas pras\u012bja noziedznieces \u2013 tiesneses <strong>Cences <\/strong>apzin\u0101ti netaisn\u012bg\u0101 sprieduma tais\u012b\u0161ana un \u010dekistu 18.febru\u0101ra nakts<strong> TERORAKTA \u201cle\u0123itimiz\u0101cija\u201d.<\/strong><\/span><\/p>\n<p><span style=\"color: #003300;\"> <\/span><\/p>\n<p><span style=\"color: #003300;\">Atg\u0101dinu, ka pa\u0161n\u0101v\u012bbu l\u012bkne strauji k\u0101pa p\u0113c <strong>BRUT\u0100L\u0100S,<\/strong><\/span><span style=\"color: #003300;\"><strong> V A R M \u0100 C \u012a G \u0100 S <\/strong>atjaunot\u0101s <strong>R\u012bgas Latvie\u0161u Biedr\u012bbas<\/strong> izn\u012bcin\u0101\u0161anas 1993.gada 18.febru\u0101ra nakt\u012b.<br \/>\n\/Skat\u012bt valsts statistikas p\u0101rvaldes diagrammu un nepiel\u016bdzamos skait\u013cus\/.<\/span><\/p>\n<p><span style=\"color: #003300;\"> <\/span><\/p>\n<p><span style=\"color: #003300;\"><strong>Helsinki- 86<\/strong> darbs ir j\u0101turpina katram <strong>LATVIETIM<\/strong>. Vis\u0101 valst\u012b ir j\u0101atjauno visas latvie\u0161u biedr\u012bbas, lai cilv\u0113ki var\u0113tu aizst\u0101v\u0113t savas <strong>\u0122IMENES <\/strong>pret komunistu un \u010dekistu visat\u013caut\u012bbu <strong>Latvij\u0101<\/strong>.<\/span><\/p>\n<p><span style=\"color: #003300;\"> <\/span><\/p>\n<p><span style=\"color: #003300;\">Latvie\u0161i ir nospiesti uz ce\u013ciem partiju patva\u013cas priek\u0161\u0101!<\/span><\/p>\n<p><span style=\"color: #003300;\"> <\/span><\/p>\n<p><span style=\"color: #003300;\"><strong><span style=\"text-decoration: underline;\">Viltus R\u012bgas Latvie\u0161u Biedr\u012bba<\/span><\/strong> jau 22 gadus imit\u0113 latviet\u012bbu un past\u0101v tikai t\u0101d\u0113\u013c, lai nepie\u013cautu patriotu pulc\u0113\u0161anos <strong>Latvijas <\/strong>sird\u012b <strong>M\u0101mu\u013c\u0101<\/strong>. T\u0101s uzdevums ir nepie\u013caut likum\u012bgi atjaunoto 1938.gada stat\u016btu <strong>ATZ\u012a\u0160ANU<\/strong>.<\/span><\/p>\n<p><span style=\"color: #003300;\"> <\/span><\/p>\n<p><span style=\"color: #003300;\"><strong><span style=\"text-decoration: underline;\">Visi tieslietu ministri <\/span><\/strong>ir saucami pie <strong>ATBILD\u012aBAS<\/strong> un ties\u0101jami ar<strong><span style=\"text-decoration: underline;\"> visu likuma bardz\u012bbu <\/span><\/strong>p\u0113c 1993.gada 18.febru\u0101ra nakts tra\u0123\u0113dijas par Latvie\u0161u tradicion\u0101l\u0101s, atjaunot\u0101s kult\u016bras dz\u012bves <strong>ZV\u0112R\u012aGO <\/strong>izn\u012bcin\u0101\u0161anu par komunistu un \u010dekistu pretlikum\u012bgo varas p\u0101r\u0146em\u0161anu valst\u012b.<\/span><\/p>\n<p><span style=\"color: #003300;\"> <\/span><\/p>\n<p><span style=\"color: #003300;\">Sekojo\u0161ie notikumi politik\u0101 un ekonomik\u0101 piel\u012bdzin\u0101mi apzin\u0101tam tero<\/span><span style=\"color: #003300;\">ram pret tautu, piel\u012bdzin\u0101mi genoc\u012bdam pret latvie\u0161iem, radot necie\u0161amus dz\u012bves apst\u0101k\u013cus milz\u012bgam daudzumam latvie\u0161u \u0123ime\u0146u. \/pa\u0161n\u0101v\u012bbu cunami un emigr\u0101cijas vilnis\/.<\/span><\/p>\n<p><span style=\"color: #003300;\"> <\/span><\/p>\n<p><span style=\"color: #003300;\">Mask\u0113tie komunistu un \u010dekistu politiskie sp\u0113ki ir k\u0101 vilki, kas uzvilku\u0161i aitu ka\u017eokus.<\/span><\/p>\n<p><span style=\"color: #003300;\"> <\/span><\/p>\n<p><span style=\"color: #003300;\">Visb\u012bstam\u0101kie vilki ir ties\u012bbsarg\u0101jo\u0161\u0101s instit\u016bcij\u0101s un likumdo\u0161an\u0101!<\/span><\/p>\n<p><span style=\"color: #003300;\"> <\/span><\/p>\n<p><span style=\"color: #003300;\">Uzlikt \u0123imen\u0113m<strong> NESAMAKS\u0100JAMI <\/strong>augstus nodok\u013cus par to, ka t\u0101s dz\u012bvo <strong>DZIM<\/strong><\/span><span style=\"color: #003300;\"><strong>TEN\u0112<\/strong>, sav\u0101s m\u0101j\u0101s, ir noziegums pret tautu \u2013 noziegums, par kura veik\u0161anu valsts amatpersonas ir sod\u0101mas visbarg\u0101k!<\/span><span style=\"color: #003300;\"><strong><span style=\"text-decoration: underline;\"><a href=\"http:\/\/tautastribunals.eu\/wp-content\/uploads\/2015\/11\/Izra\u0113laKrievija-Me\u017eviets-Kozlovskis-\u0100bolti\u0146a-LRTTDP.1.PNG\"><img decoding=\"async\" loading=\"lazy\" class=\"alignleft size-full wp-image-29578\" title=\"Izra\u0113la,Krievija, Me\u017eviets, Kozlovskis, \u0100bolti\u0146a, LRTT,DP.\" src=\"http:\/\/tautastribunals.eu\/wp-content\/uploads\/2015\/11\/Izra\u0113laKrievija-Me\u017eviets-Kozlovskis-\u0100bolti\u0146a-LRTTDP.1.PNG\" alt=\"Izra\u0113la,Krievija, Me\u017eviets, Kozlovskis, \u0100bolti\u0146a, LRTT,DP.\" width=\"303\" height=\"215\" srcset=\"https:\/\/tautastribunals.eu\/wp-content\/uploads\/2015\/11\/Izra\u0113laKrievija-Me\u017eviets-Kozlovskis-\u0100bolti\u0146a-LRTTDP.1.PNG 511w, https:\/\/tautastribunals.eu\/wp-content\/uploads\/2015\/11\/Izra\u0113laKrievija-Me\u017eviets-Kozlovskis-\u0100bolti\u0146a-LRTTDP.1-300x213.PNG 300w\" sizes=\"(max-width: 303px) 100vw, 303px\" \/><\/a><\/span><\/strong><\/span><\/p>\n<p><span style=\"color: #003300;\"> <\/span><\/p>\n<p><span style=\"color: #003300;\">Mums ir j\u0101pan\u0101k vienas amatpersonas sauk\u0161ana pie atbild\u012bbas par <strong>NOZIEGUMA <\/strong>veik\u0161anu pret savu tautu! Pagaid\u0101m neviens no vi\u0146iem nav ties\u0101ts un pat ne saukts pie atbild\u012bbas \u2013 un tas ir latvie\u0161u tautas visu nelaimju tie\u0161\u0101kais c\u0113lonis. \/visur salikti <strong>komunistu<\/strong> un <strong>\u010dekistu<\/strong> r\u016bp\u012bgi <strong>selekcion\u0113ti un atlas\u012bti kadri<\/strong>, kuri <strong><span style=\"text-decoration: underline;\">piesedz vilkus<\/span><\/strong>, aitu \u0101di\u0146\u0101s \u0123\u0113rbtus, lai cik vi\u0146a purns ir asi\u0146ains\/.<\/span><\/p>\n<p><span style=\"color: #003300;\"> <\/span><\/p>\n<p><span style=\"color: #003300;\">Ja vienu \u2013 to pirmo sauksim pie atbild\u012bbas, ies\u0101ksies likum\u012bbas atjau<\/span><span style=\"color: #003300;\">no\u0161anas process<strong> Latvij\u0101<\/strong> !<\/span><\/p>\n<p><span style=\"color: #003300;\"> <\/span><\/p>\n<p><span style=\"color: #003300;\">Uzskatu, ka tiesnese <strong>Cence <\/strong>ir pats<strong> NEKRIETN\u0100KAIS <\/strong>cilv\u0113ks <strong>Latvij\u0101<\/strong> un peln\u012bjusi<strong> Latvijas tautas m\u016b\u017e\u012bgu nop\u0113lumu <\/strong>\u2013 k\u0101 v\u0101cu tauta nope\u013c <strong>\u0100dolfu Hitleru<\/strong>, kura r\u012bc\u012bba valsts amat\u0101 likusi ciest tautai!<\/span><\/p>\n<p><span style=\"color: #003300;\"> <\/span><\/p>\n<p><span style=\"color: #003300;\">Vi\u0146u vara noirs k\u0101 d\u017eemperis, kad beidzamais valdzi\u0146\u0161 b\u016bs god\u012bgu cilv\u0113ku rok\u0101s un tiks parauts, lai no\u0101rd\u012btu vairs neder\u012bgo, nevajadz\u012bgo ad\u012bjumu.<\/span><\/p>\n<p><span style=\"color: #003300;\"> <\/span><\/p>\n<p><span style=\"color: #003300;\">K\u0101 <strong>R\u012bgas Latvie\u0161u Biedr\u012bbas <\/strong>likum\u012bgi v\u0113l\u0113ta amatpersona \u2013 goda tiesnesis, l\u016bdzu <strong>Linardu Granti\u0146u<\/strong> ofici\u0101li <strong>Helsinku 86<\/strong> v\u0101rd\u0101 v\u0113rsties pie <strong>ASV <\/strong>kongresme\u0146iem un cit\u0101m starptautiski ietekm\u012bg\u0101m strukt\u016br\u0101m, lai pan\u0101ktu <strong><span style=\"text-decoration: underline;\">Latvijas noziedznieces nr. 1 , tiesneses Cences nekav\u0113jo\u0161u atst\u0101din\u0101\u0161anu no ie\u0146emam\u0101 amata un arestu<\/span><\/strong>.<\/span><\/p>\n<p><span style=\"color: #003300;\"> <\/span><\/p>\n<p><span style=\"color: #003300;\">Esmu p\u0101rliecin\u0101ts, ka tikai t\u0101 varam s\u0101kt likum\u012bbas atjauno\u0161anas procesu <strong>Latvij\u0101<\/strong> ! \/komunistu un \u010dekistu parad\u012bz\u0113, kur visa vara ir<strong> KONCENTR\u0112TA<\/strong> komunistu un <strong><span style=\"text-decoration: underline;\">\u010dekistu asi\u0146ainaj\u0101s rok\u0101s<\/span><\/strong>, kur demokr\u0101tiju imit\u0113 un \u0161\u012b imit\u0101cija ir sasniegusi <strong>GINNESA<\/strong> rekorda l\u012bmeni uz m\u016bsu plan\u0113tas\/.<\/span><\/p>\n<h2><span style=\"color: #008000;\"><a href=\"http:\/\/tautastribunals.eu\/wp-content\/uploads\/2015\/11\/Latvija.Dievs-Granti\u0146\u0161-R\u012bga.Liep\u0101ja.LRTT.-Ulmanis.1.PNG\"><img decoding=\"async\" loading=\"lazy\" class=\"alignleft size-full wp-image-29579\" title=\"Latvija.Dievs-Granti\u0146\u0161- R\u012bga.Liep\u0101ja.LRTT. Ulmanis.\" src=\"http:\/\/tautastribunals.eu\/wp-content\/uploads\/2015\/11\/Latvija.Dievs-Granti\u0146\u0161-R\u012bga.Liep\u0101ja.LRTT.-Ulmanis.1.PNG\" alt=\"Latvija.Dievs-Granti\u0146\u0161- R\u012bga.Liep\u0101ja.LRTT. Ulmanis.\" width=\"639\" height=\"104\" srcset=\"https:\/\/tautastribunals.eu\/wp-content\/uploads\/2015\/11\/Latvija.Dievs-Granti\u0146\u0161-R\u012bga.Liep\u0101ja.LRTT.-Ulmanis.1.PNG 859w, https:\/\/tautastribunals.eu\/wp-content\/uploads\/2015\/11\/Latvija.Dievs-Granti\u0146\u0161-R\u012bga.Liep\u0101ja.LRTT.-Ulmanis.1-300x48.PNG 300w, https:\/\/tautastribunals.eu\/wp-content\/uploads\/2015\/11\/Latvija.Dievs-Granti\u0146\u0161-R\u012bga.Liep\u0101ja.LRTT.-Ulmanis.1-800x130.PNG 800w\" sizes=\"(max-width: 639px) 100vw, 639px\" \/><\/a><a href=\"http:\/\/tautastribunals.eu\/wp-content\/uploads\/2015\/11\/L.-Granti\u0146\u0161.-H-86-LRTT-Kopie3-Kopie.jpg\"><img decoding=\"async\" loading=\"lazy\" class=\"alignleft size-full wp-image-29585\" title=\"L.-Granti\u0146\u0161.-H-86-LRTT-Kopie3 - Kopie\" src=\"http:\/\/tautastribunals.eu\/wp-content\/uploads\/2015\/11\/L.-Granti\u0146\u0161.-H-86-LRTT-Kopie3-Kopie.jpg\" alt=\"L.-Granti\u0146\u0161.-H-86-LRTT-Kopie3 - Kopie\" width=\"133\" height=\"199\" \/><\/a>LRTT piebilde:<\/span><\/h2>\n<p><span style=\"color: #008000;\"> <\/span><\/p>\n<p><span style=\"color: #008000;\"><strong>LRTT<\/strong><em>(Helsinki-86)<\/em> par katru atsevi\u0161\u0137u gad\u012bjumu nes\u016bdzas starptautisk\u0101m iest\u0101d\u0113m, bet gad\u0101 reizi tas tiek dar\u012bts. <\/span><\/p>\n<p><span style=\"color: #008000;\">Bie\u017e\u0101k tas nav ar\u012b vajadz\u012bgs, jo viss, kas tiek ierakst\u012bts \u0161aj\u0101 <strong>i- vietn\u0113<\/strong>, ar garantiju non\u0101k lielo valstu izl\u016bkdienestu rok\u0101s. Jo vair\u0101k m\u0113s piepild\u012bsim \u0161o <strong>LRTT i-vietni<\/strong> ar <strong>PATIESIEM <\/strong>rakstiem, jo \u0101tr\u0101k tiks g\u0101zta <span style=\"text-decoration: underline;\">komunistu- \u010dekistu noziedznieku banda<\/span>, kura atrodas<strong> Latvij\u0101<\/strong> pie varas un veic<strong><span style=\"text-decoration: underline;\"> graujo\u0161u darb\u012bbu pret ES un NATO<\/span><\/strong>. <\/span><\/p>\n<p><span style=\"color: #008000;\">Ne jau aiz gara laika, <strong>Freimant\u0101la kungs<\/strong>, vi\u0146i mani \u0161ovasar grib\u0113ja noslepkavot un l\u012bdz ar to ar\u012b tikt va\u013c\u0101 no \u0161\u012bs <strong><span style=\"text-decoration: underline;\">interneta vietnes<\/span><\/strong>.<\/span><\/p>\n<p><span style=\"color: #008000;\"> <\/span><\/p>\n<p><span style=\"color: #008000;\">Iev\u0113ro, k\u0101das \u0101rpr\u0101ta p\u016bles vi\u0146i pieliek, lai nomelnotu <strong>mani <\/strong>un <strong>Atmodu<\/strong>, kuru veica latvie\u0161u tauta. <strong>2. decembr\u012b, <\/strong>dom\u0101ju, ka redz\u0113sim k\u0101rt\u0113jo gar\u012bgo teroraktu.<\/span><\/p>\n<p><span style=\"color: #008000;\"> <\/span><\/p>\n<p><span style=\"color: #008000;\">M\u0113s, <strong>Valdi<\/strong>, vi\u0146us uzvar\u0113sim, jo past\u0101vam <strong>PATIES\u012aB\u0100<\/strong> !<\/span><\/p>\n<p><span style=\"color: #008000;\"> <\/span><\/p>\n<p><span style=\"color: #008000;\"><strong>Cence<\/strong> un ne tikai <strong>Cence<\/strong>, bet daudzi simti, ja ne t\u016bksto\u0161i, dr\u012bz st\u0101sies <strong>Liel\u0101s Tiesas<\/strong> priek\u0161\u0101. <strong>Fizikas Likumus<\/strong> nav pat <strong>Dievs<\/strong> sp\u0113j\u012bgs izmain\u012bt.<\/span><\/p>\n<p><span style=\"color: #008000;\"> <\/span><\/p>\n<p><span style=\"color: #008000;\"><strong>\u013baunums<\/strong>, kad sasniedz kritisko robe\u017eu- uzspr\u0101gst, pats sevi izn\u012bcina. <strong>Karmas Likums <\/strong>ir drausm\u012bg\u0101ks par <strong>ELLI<\/strong>.<\/span><\/p>\n<p><span style=\"color: #008000;\"> <\/span><\/p>\n<p><span style=\"color: #008000;\">Vai <strong>Tu<\/strong> zini, <strong>Valdi<\/strong>, k\u0101p\u0113c \u013cauni cilv\u0113ki mirstot b\u013cauj un drausm\u012bgi baid\u0101s n\u0101ves ?<\/span><\/p>\n<p><span style=\"color: #008000;\"> <\/span><\/p>\n<p><span style=\"color: #008000;\">T\u0101p\u0113c, ka \u013caun\u0101s b\u016btnes, kuras nesa\u0146em ener\u0123iju no <strong>DEBES\u012aM<\/strong><em>(Gar\u012bg\u0101s pasaules), <\/em>vi\u0146iem v\u0113l dz\u012bviem esot <span style=\"text-decoration: underline;\"><strong>izpl\u0113\u0161 dv\u0113seles no miesas<\/strong><\/span>.<\/span><\/p>\n<p><span style=\"color: #008000;\"> <\/span><\/p>\n<h2><span style=\"color: #008000;\">Nebaid\u012bsimies, c\u012bn\u012bsimies un<strong> Dievs <\/strong>mums pal\u012bdz\u0113s !<\/span><\/h2>\n<p><span style=\"color: #008000;\">30.11.15\u00a0\u00a0\u00a0\u00a0\u00a0\u00a0 L. Granti\u0146\u0161<br \/>\n<\/span><\/p>\n","protected":false},"excerpt":{"rendered":"<p>Ja bild\u0113 redzam\u0101s galvas pareizin\u0101s ar T\u016aKSTOTI, tad kop\u0113jais skaitlis nor\u0101d\u012bs cik LATVIE\u0160U dz\u012bv\u012bbas pras\u012bja noziedznieces \u2013 tiesneses Cences apzin\u0101ti netaisn\u012bg\u0101 sprieduma tais\u012b\u0161ana un \u010dekistu 18.febru\u0101ra nakts TERORAKTA \u201cle\u0123itimiz\u0101cija\u201d. Atg\u0101dinu, ka pa\u0161n\u0101v\u012bbu l\u012bkne strauji&#46;&#46;&#46;<\/p>\n","protected":false},"author":1,"featured_media":0,"comment_status":"open","ping_status":"open","sticky":false,"template":"","format":"standard","meta":[],"categories":[1],"tags":[],"_links":{"self":[{"href":"https:\/\/tautastribunals.eu\/index.php?rest_route=\/wp\/v2\/posts\/29569"}],"collection":[{"href":"https:\/\/tautastribunals.eu\/index.php?rest_route=\/wp\/v2\/posts"}],"about":[{"href":"https:\/\/tautastribunals.eu\/index.php?rest_route=\/wp\/v2\/types\/post"}],"author":[{"embeddable":true,"href":"https:\/\/tautastribunals.eu\/index.php?rest_route=\/wp\/v2\/users\/1"}],"replies":[{"embeddable":true,"href":"https:\/\/tautastribunals.eu\/index.php?rest_route=%2Fwp%2Fv2%2Fcomments&post=29569"}],"version-history":[{"count":18,"href":"https:\/\/tautastribunals.eu\/index.php?rest_route=\/wp\/v2\/posts\/29569\/revisions"}],"predecessor-version":[{"id":29593,"href":"https:\/\/tautastribunals.eu\/index.php?rest_route=\/wp\/v2\/posts\/29569\/revisions\/29593"}],"wp:attachment":[{"href":"https:\/\/tautastribunals.eu\/index.php?rest_route=%2Fwp%2Fv2%2Fmedia&parent=29569"}],"wp:term":[{"taxonomy":"category","embeddable":true,"href":"https:\/\/tautastribunals.eu\/index.php?rest_route=%2Fwp%2Fv2%2Fcategories&post=29569"},{"taxonomy":"post_tag","embeddable":true,"href":"https:\/\/tautastribunals.eu\/index.php?rest_route=%2Fwp%2Fv2%2Ftags&post=29569"}],"curies":[{"name":"wp","href":"https:\/\/api.w.org\/{rel}","templated":true}]}}