{"id":29194,"date":"2015-11-08T15:11:12","date_gmt":"2015-11-08T13:11:12","guid":{"rendered":"http:\/\/tautastribunals.eu\/?p=29194"},"modified":"2026-02-04T16:47:32","modified_gmt":"2026-02-04T14:47:32","slug":"maisi-feldmani-tiks-atverti","status":"publish","type":"post","link":"https:\/\/tautastribunals.eu\/?p=29194","title":{"rendered":"&#8220;Maisi&#8221;, Feldman, tiks atv\u0113rti !"},"content":{"rendered":"<p><a href=\"http:\/\/tautastribunals.eu\/wp-content\/uploads\/2015\/11\/Melns.-Latvijas-republikas-tautas-tribun\u0101ls-Aivars-Borovkovs-Ivars-Godmanis-J\u0101nis-Reinisks-Straujuma-Prezidents-Saeima-DP.-ST.-Kopie2.PNG\"><img decoding=\"async\" loading=\"lazy\" class=\"alignleft  wp-image-29195\" title=\"Melns.-Latvijas-republikas-tautas-tribun\u0101ls-Aivars-Borovkovs-Ivars-Godmanis-J\u0101nis-Reinisks-Straujuma-Prezidents-Saeima-DP.-ST.-Kopie2\" src=\"http:\/\/tautastribunals.eu\/wp-content\/uploads\/2015\/11\/Melns.-Latvijas-republikas-tautas-tribun\u0101ls-Aivars-Borovkovs-Ivars-Godmanis-J\u0101nis-Reinisks-Straujuma-Prezidents-Saeima-DP.-ST.-Kopie2.PNG\" alt=\"Melns.-Latvijas-republikas-tautas-tribun\u0101ls-Aivars-Borovkovs-Ivars-Godmanis-J\u0101nis-Reinisks-Straujuma-Prezidents-Saeima-DP.-ST.-Kopie2\" width=\"1502\" height=\"318\" srcset=\"https:\/\/tautastribunals.eu\/wp-content\/uploads\/2015\/11\/Melns.-Latvijas-republikas-tautas-tribun\u0101ls-Aivars-Borovkovs-Ivars-Godmanis-J\u0101nis-Reinisks-Straujuma-Prezidents-Saeima-DP.-ST.-Kopie2.PNG 856w, https:\/\/tautastribunals.eu\/wp-content\/uploads\/2015\/11\/Melns.-Latvijas-republikas-tautas-tribun\u0101ls-Aivars-Borovkovs-Ivars-Godmanis-J\u0101nis-Reinisks-Straujuma-Prezidents-Saeima-DP.-ST.-Kopie2-300x63.PNG 300w, https:\/\/tautastribunals.eu\/wp-content\/uploads\/2015\/11\/Melns.-Latvijas-republikas-tautas-tribun\u0101ls-Aivars-Borovkovs-Ivars-Godmanis-J\u0101nis-Reinisks-Straujuma-Prezidents-Saeima-DP.-ST.-Kopie2-800x169.PNG 800w\" sizes=\"(max-width: 1502px) 100vw, 1502px\" \/><\/a><a href=\"http:\/\/www.diena.lv\/latvija\/viedokli\/vesturnieks-dala-vdk-dokumentu-aizvesti-uz-krieviju-un-neviens-tiem-vairs-netiks-klat-14118161\">\u201cDa\u013ca VDK dokumenti aizvesti uz Krieviju un neviens tiem vairs netiks kl\u0101t\u201d, saka \u201cv\u0113sturnieks\u201d Inesis Feldmanis !!!<\/a><\/p>\n<p>Vai k\u0101ds ir kaut pavir\u0161i iedzi\u013cin\u0101jies \u0161\u012bs <strong>Feldma\u0146a <\/strong>pateikt\u0101s fr\u0101zes b\u016bt\u012bb\u0101 ?<\/p>\n<h2>Nav !<\/h2>\n<p>Liel\u0101k\u0101 da\u013ca <strong>4. maija<\/strong> <strong>kli\u0137es<\/strong> propagandas apstulboti to nemaz nav sp\u0113j\u012bgi, bet pie varas<strong> \u201csiles\u201d <\/strong>eso\u0161ie to nedara apzin\u0101ti.<\/p>\n<p>T\u0101 k\u0101 to nav neviens izdar\u012bjis, tad k\u0101rt\u0113jo reizi \u0161is nepateic\u012bgais un rieb\u012bgais darbs ir j\u0101veic <strong>LRTT i- vietnei<\/strong>&#8211; tautastribunals.eu.<\/p>\n<p><strong><span style=\"text-decoration: underline;\"><a href=\"http:\/\/tautastribunals.eu\/wp-content\/uploads\/2015\/11\/Aivars-Stranga-Inesis-Feldmanis.-Jansons-KoylovskisReiniks-Maiz\u012btis-Indulis-RonisLRTT.-Granti\u0146\u0161..PNG\"><img decoding=\"async\" loading=\"lazy\" class=\"alignleft size-full wp-image-29201\" title=\"Aivars-Stranga-Inesis-Feldmanis.-Jansons, Koylovskis,Reiniks-Maiz\u012btis-Indulis-RonisLRTT.-Granti\u0146\u0161.\" src=\"http:\/\/tautastribunals.eu\/wp-content\/uploads\/2015\/11\/Aivars-Stranga-Inesis-Feldmanis.-Jansons-KoylovskisReiniks-Maiz\u012btis-Indulis-RonisLRTT.-Granti\u0146\u0161..PNG\" alt=\"Aivars-Stranga-Inesis-Feldmanis.-Jansons, Koylovskis,Reiniks-Maiz\u012btis-Indulis-RonisLRTT.-Granti\u0146\u0161.\" width=\"329\" height=\"236\" srcset=\"https:\/\/tautastribunals.eu\/wp-content\/uploads\/2015\/11\/Aivars-Stranga-Inesis-Feldmanis.-Jansons-KoylovskisReiniks-Maiz\u012btis-Indulis-RonisLRTT.-Granti\u0146\u0161..PNG 938w, https:\/\/tautastribunals.eu\/wp-content\/uploads\/2015\/11\/Aivars-Stranga-Inesis-Feldmanis.-Jansons-KoylovskisReiniks-Maiz\u012btis-Indulis-RonisLRTT.-Granti\u0146\u0161.-300x216.PNG 300w, https:\/\/tautastribunals.eu\/wp-content\/uploads\/2015\/11\/Aivars-Stranga-Inesis-Feldmanis.-Jansons-KoylovskisReiniks-Maiz\u012btis-Indulis-RonisLRTT.-Granti\u0146\u0161.-800x576.PNG 800w\" sizes=\"(max-width: 329px) 100vw, 329px\" \/><\/a><\/span><\/strong><strong><span style=\"text-decoration: underline;\">Pirmais jaut\u0101jums:<\/span><\/strong> K\u0101 <strong>Inesis Feldmanis<\/strong> zina, ka dokumenti aizvesti uz<strong> Krieviju<\/strong> ?<\/p>\n<p><strong><span style=\"text-decoration: underline;\">Otrais jaut\u0101jums: <\/span><\/strong>K\u0101 \u201c<strong>v\u0113sturnieks<\/strong>\u201d<em>(nu nav \u0161\u012bs alkoholi\u0137is, \u010dekas darbinieks un slepkava nek\u0101ds v\u0113sturnieks) <\/em><strong>I. Feldmanis <\/strong>zina, ka neviens tiem vairs netiks kl\u0101t ?<\/p>\n<p>Vai iev\u0113roj\u0101t, cik neatlaid\u012bgi \u0161\u012b doma tiek uzspiesta tautai ???!!!<\/p>\n<p>Cik <span style=\"text-decoration: underline;\">varon\u012bgi \u0161is \u010dekas darbinieks<\/span> \u0161odien vis\u0101 apvaino <strong>Vairu V\u012b\u0137i Freibergu<\/strong>, it k\u0101 vi\u0146\u0161, kad <strong>VVF<\/strong> divas reizes aptur\u0113ja \u0161o procesu, b\u016btu atadies \u201c<strong>uz m\u0113ness<\/strong>\u201d.<\/p>\n<p>J\u0101, j\u016bs nep\u0101rklaus\u012bj\u0101ties, <strong>Inesis Feldmanis<\/strong> nav nek\u0101ds profesion\u0101ls v\u0113sturnieks, bet <span style=\"text-decoration: underline;\">\u010dekas<strong>(KGB)<\/strong> pilna \u0161tata darbinieks,<\/span> kura rokas \u201c<strong>mirkst asin\u012bs<\/strong>\u201d.<\/p>\n<h2>Slepkava v\u0101rda vistie\u0161\u0101kaj\u0101 noz\u012bm\u0113 !!!<\/h2>\n<p>Izlasiet, ko saka par <strong>\u201cv\u0113sturnieku\u201d<\/strong> <strong>Inesi Feldmani<\/strong> v\u0113sturnieks <strong>Indulis Ronis<\/strong> un j\u016bsu dz\u012bsl\u0101s stings asinis: <a href=\"http:\/\/tautastribunals.eu\/?p=13201\">http:\/\/tautastribunals.eu\/?p=13201<\/a><\/p>\n<p>Par to ar\u012b <strong>Induli Roni<\/strong> cent\u0101s noslepkavot, bet ko <strong>Dievs<\/strong> ir nol\u0113mis pasarg\u0101t, tam s\u0101tanisti kl\u0101t netiek: <a href=\"http:\/\/tautastribunals.eu\/?p=17781\">http:\/\/tautastribunals.eu\/?p=17781<\/a><\/p>\n<p><span style=\"color: #008000;\"><em><a href=\"http:\/\/tautastribunals.eu\/wp-content\/uploads\/2015\/11\/Indulis-Ronis-L.-Granti\u0146\u0161-v\u0113sture-Stranga-Feldmanis.PNG\"><img decoding=\"async\" loading=\"lazy\" class=\"alignleft size-full wp-image-29214\" title=\"Indulis-Ronis-L.-Granti\u0146\u0161-v\u0113sture-Stranga-Feldmanis\" src=\"http:\/\/tautastribunals.eu\/wp-content\/uploads\/2015\/11\/Indulis-Ronis-L.-Granti\u0146\u0161-v\u0113sture-Stranga-Feldmanis.PNG\" alt=\"Indulis-Ronis-L.-Granti\u0146\u0161-v\u0113sture-Stranga-Feldmanis\" width=\"114\" height=\"169\" srcset=\"https:\/\/tautastribunals.eu\/wp-content\/uploads\/2015\/11\/Indulis-Ronis-L.-Granti\u0146\u0161-v\u0113sture-Stranga-Feldmanis.PNG 343w, https:\/\/tautastribunals.eu\/wp-content\/uploads\/2015\/11\/Indulis-Ronis-L.-Granti\u0146\u0161-v\u0113sture-Stranga-Feldmanis-202x300.PNG 202w\" sizes=\"(max-width: 114px) 100vw, 114px\" \/><\/a>&#8220;T\u0101p\u0113c inform\u0113ju <strong>Eiropas Cilv\u0113kties\u012bbu tiesu<\/strong>, ka docenta <strong>Vi\u013c\u0146a P\u0101vul\u0101na<\/strong> slepkavas iesp\u0113jams bija divi. <\/em><\/span><\/p>\n<p><span style=\"color: #008000;\"><em>P\u0113c profesora- slepkavas <strong>A. Strangas<\/strong> v\u0101rda nosauk\u0161anas, p\u0113c k\u0101da laika toreiz\u0113jais <strong>Saeimas<\/strong> sekret\u0101rs <strong>Imants Daudi\u0161s<\/strong> man teica, ka veco \u010dekistu vid\u016b kl\u012bstot baumas, it k\u0101 <strong>V. P\u0101vul\u0101na <\/strong>p\u0113d\u0113jie v\u0101rdi esot biju\u0161i:<strong> \u201eKo tu dari Inesi, ko tu dari Inesi ?\u201d<\/strong> Vain\u012bgais mums zin\u0101mais <strong>Inesis <\/strong><strong>LU V\u0113stures<\/strong> un filozofijas fakult\u0101t\u0113 bija un ir profesors <strong>Inesis Feldmanis<\/strong>, pa\u0161laik <strong>Latvijas V\u0113sturnieku komisijas<\/strong> priek\u0161s\u0113d\u0113t\u0101js pie <strong>Valsts <\/strong>prezidenta <strong>Andra B\u0113rzi\u0146a.<\/strong> <\/em><\/span><\/p>\n<p><span style=\"color: #008000;\"><em>Te nu ir <strong>\u201e\u0123ener\u0101lp\u0113das\u201d <\/strong>pie slepkav\u012bbas pas\u016bt\u012bt\u0101jiem !&#8221;<\/em><\/span><\/p>\n<p><strong>Latvijas Republikas tautas tribun\u0101ls<\/strong> ir vien\u012bgais, kas atkl\u0101ti inform\u0113 par <strong>komunistu- cionistu noziegumiem<\/strong> pret latvie\u0161u tautu. Tas, kas notiek \u0161odienas <strong>Latvij\u0101<\/strong>, ir piel\u012bdzin\u0101ms 1937tajam gadam <strong>Krievijas imp\u0113rij\u0101<\/strong>, kas sevi toreiz d\u0113v\u0113ja par <strong>Padomju Savien\u012bbu<\/strong>.<\/p>\n<p>\u0160odien, vair\u0101k k\u0101 jel kad agr\u0101k, valdo\u0161\u0101 noziedznieku banda, kurai \u201c<strong>saknes<\/strong>\u201d aizstiepjas caur <strong>Maskavu<\/strong> l\u012bdz <strong>Telavivai<\/strong>, ir ieinteres\u0113ta \u010dekas maisu \u201c<strong>norak\u0161an\u0101<\/strong>\u201d.<\/p>\n<p>Ja tiks atkl\u0101ti <strong>Latvijas \u201c\u010dekas maisi\u201d, <\/strong>tad var <span style=\"text-decoration: underline;\">krist visa cionistu pasaules mafija<\/span><strong>. <\/strong><\/p>\n<p><strong>R\u012bg\u0101 <\/strong>ta\u010du palika <span style=\"text-decoration: underline;\">20 000 pension\u0113tie okup\u0101cijas varas virsnieki,<\/span> kuri piln\u012bb\u0101 p\u0101rvalda <strong>Latvijas DP<\/strong> un l\u012bdz ar to ar\u012b <strong>Saeimu<\/strong>. Ne jau nejau\u0161\u012bbas d\u0113\u013c <strong>R\u012bgas Centr\u0101lcietuma<\/strong> dro\u0161\u012bbas dienesta telpu <strong>\u201crot\u0101\u201d F\u0113liksa Dzer\u017einska<\/strong> foto<strong>. <\/strong><\/p>\n<p><strong>RC<\/strong> ir piln\u012bgi sagatavots, lai vajadz\u012bbas gad\u012bjum\u0101 taj\u0101 notiktu <strong>1940\/41 gada \u0101rpr\u0101ta asins darbi<\/strong>.<\/p>\n<p>Es, <strong>Linards Granti\u0146\u0161<\/strong>, pats \u201c<strong>uz savas \u0101das<\/strong>\u201d \u0161ovasar par to p\u0101rliecin\u0101jos. Ar pilnu atbild\u012bbu saku: <strong>\u201cLatvij\u0101, zem demokr\u0101tijas maskas, valda vissasi\u0146ain\u0101kais re\u017e\u012bms, k\u0101du vien cilv\u0113ks var iedom\u0101ties.\u201d<\/strong><\/p>\n<p><a href=\"http:\/\/tautastribunals.eu\/wp-content\/uploads\/2015\/11\/Inesis-Feldmanis-un-Andris-B\u0113rzi\u0146\u0161-Reiniks-DP-Saeima-LRTT.jpg\"><img decoding=\"async\" loading=\"lazy\" class=\"alignleft size-full wp-image-29209\" title=\"Inesis-Feldmanis-un-Andris-B\u0113rzi\u0146\u0161-Reiniks-DP-Saeima-LRTT\" src=\"http:\/\/tautastribunals.eu\/wp-content\/uploads\/2015\/11\/Inesis-Feldmanis-un-Andris-B\u0113rzi\u0146\u0161-Reiniks-DP-Saeima-LRTT.jpg\" alt=\"Inesis-Feldmanis-un-Andris-B\u0113rzi\u0146\u0161-Reiniks-DP-Saeima-LRTT\" width=\"351\" height=\"211\" \/><\/a>Caur da\u017e\u0101d\u0101m viltus nacion\u0101l\u0101m organiz\u0101cij\u0101m tiek izsekoti- apzin\u0101ti nacion\u0101li dom\u0101jo\u0161ie<span style=\"text-decoration: underline;\"> <strong>Latvijas <\/strong>patrioti un uz\u0146\u0113m\u0113ji<\/span>, lai p\u0113c tam vi\u0146us \u201c<strong>nomirin\u0101tu dab\u012bg\u0101 n\u0101v\u0113<\/strong>\u201d.<\/p>\n<p>\u0160odien tiek veikts \u0101rpr\u0101ta genoc\u012bds pret latvie\u0161u tautu.<\/p>\n<p><strong>LRTT <\/strong>jau ir rakst\u012bjis, ka nevienu <strong>\u201c\u010dekas maisu\u201d<\/strong> nevar nedz izn\u012bcin\u0101t, nedz aizvest uz<strong> Krieviju<\/strong>, kam\u0113r dz\u012bvs ir kaut <strong>viens \u010dekists<\/strong>.<\/p>\n<p>T\u0101tad, <strong>\u201cmaisam\u201d <\/strong>nav j\u0101b\u016bt, pavisam vienk\u0101r\u0161i, tas j\u0101atver<strong> \u201cfilozofisk\u0101\u201d<\/strong> izpratn\u0113 un j\u0101s\u0101k noskaidrot t\u0101 saturu.<\/p>\n<p>Tas viss ir izdar\u0101ms \u013coti vienk\u0101r\u0161i, ar pa\u0161u \u010dekistu pa\u0146\u0113mieniem: J\u0101izsauc<em>(tas ar\u012b tiks izdar\u012bts p\u0113c Tiesiskuma atjauno\u0161anas Latvij\u0101) <\/em>uz<strong> DP <\/strong>\u010dekas darbinieks- slepkava un v\u0113sturnieks <strong>Inesis Feldmanis,<\/strong> j\u0101iedod pap\u012brs un rakst\u0101mais, lai raksta visu, ko vien zina. P\u0113c tam uz <strong>DP<\/strong> izsaukt tos, par kuriem rakst\u012bts<strong> Freldma\u0146a<\/strong> paskaidrojum\u0101.<\/p>\n<p>Ja <strong>Feldmanis<\/strong> p\u0113k\u0161\u0146i b\u016bs zaud\u0113jis atmi\u0146u, tad vi\u0146am to var atsvaidzin\u0101t ar medikamentu vai hipnozes pal\u012bdz\u012bbu, bet vislab\u0101k ievietot <strong>Riharda Bunkas<\/strong> izveidotaj\u0101 psihotroniskaj\u0101 <strong>PRESKAMER\u0100<\/strong>.<\/p>\n<p>Ar 100% p\u0101rliec\u012bbu varam apgalvot, ka<strong> \u201c\u010dekas maisi\u201d <\/strong>atjaunosies to pirmatn\u0113j\u0101 satur\u0101\/sast\u0101v\u0101.<\/p>\n<h2>J\u0101, latviet, <strong>Latvijas \u201c\u010dekas maisos\u201d<\/strong> sl\u0113pjas pasaules cionistu noziedznieku liktenis !<\/h2>\n<p><strong><span style=\"text-decoration: underline;\">&gt;Atceros<\/span><\/strong>, ar k\u0101du naidu mana aresta br\u012bd\u012b<em>(\u0161ogad Latvijas apciemojuma laik\u0101) <\/em>nevajadz\u012bgi, kad jau atrados pie zemes piespiests zem diviem <strong>DP<\/strong> darbiniekiem, man <span style=\"color: #ff0000;\"><strong><em><span style=\"text-decoration: underline;\">melnmatainais<\/span><\/em><\/strong><\/span> <strong>\u201clatviec\u201d<\/strong> salauza elko\u0146a loc\u012btavu !<\/p>\n<p><span style=\"text-decoration: underline;\"><strong>&gt;Atceros, <\/strong><\/span>ar k\u0101du eiforisku gandar\u012bjumu mani <strong>R\u012bg\u0101, <\/strong>asin\u012bm \u201cnota\u0161\u0137\u012btu\u201d, sagaid\u012bja<strong><em><span style=\"text-decoration: underline;\"> <span style=\"color: #ff0000;\">melnmatainais<\/span> <\/span><\/em>\u201clatviec\u201d Po\u013caks<\/strong> !<\/p>\n<h2>T\u0101 visa bija naida eiforija- gandar\u012bjums !!!<\/h2>\n<p>Ir ar\u012b k\u013cuvis zin\u0101ms, ka mana aresta dien\u0101 <strong>Liep\u0101ja<\/strong> esot <strong>\u201c\u0146udz\u0113jusi\u201d<\/strong> no augsti st\u0101vo\u0161iem<strong> DP<\/strong> darbo\u0146iem. T\u0101tad, par godu manam arestam, ir notikusi san\u0101ksme. T\u0101das san\u0101ksmes ne\u0161\u0137\u012bste\u0146u aprind\u0101s tiek d\u0113v\u0113tas par <strong>MESS\u0112M<\/strong> !<\/p>\n<h1>P.S.<\/h1>\n<h2><strong>S\u0101tanistu- cionistu<\/strong> p\u016bles ir grandiozas.<\/h2>\n<p>Vi\u0146u sapnis ir likvid\u0113t <strong>L. Granti\u0146u<\/strong> un sl\u0113gt <strong>LRTT i- vietni<\/strong>, jo \u0161ie <strong>&#8220;abi&#8221;<\/strong> vi\u0146iem ir k\u0101 murgs, no kura nav iesp\u0113jams pamosties.<\/p>\n<p><a href=\"http:\/\/tautastribunals.eu\/wp-content\/uploads\/2015\/11\/L.Granti\u0146\u0161Rasna\u010dsBorovkovsStraujuma-prezidentsB\u0113rzi\u0146\u0161Kozlovskis.Me\u017eviets.PNG\"><img decoding=\"async\" loading=\"lazy\" class=\"alignleft  wp-image-29200\" title=\"L.Granti\u0146\u0161Rasna\u010dsBorovkovsStraujuma-prezidentsB\u0113rzi\u0146\u0161Kozlovskis.Me\u017eviets\" src=\"http:\/\/tautastribunals.eu\/wp-content\/uploads\/2015\/11\/L.Granti\u0146\u0161Rasna\u010dsBorovkovsStraujuma-prezidentsB\u0113rzi\u0146\u0161Kozlovskis.Me\u017eviets.PNG\" alt=\"L.Granti\u0146\u0161Rasna\u010dsBorovkovsStraujuma-prezidentsB\u0113rzi\u0146\u0161Kozlovskis.Me\u017eviets\" width=\"1687\" height=\"636\" srcset=\"https:\/\/tautastribunals.eu\/wp-content\/uploads\/2015\/11\/L.Granti\u0146\u0161Rasna\u010dsBorovkovsStraujuma-prezidentsB\u0113rzi\u0146\u0161Kozlovskis.Me\u017eviets.PNG 965w, https:\/\/tautastribunals.eu\/wp-content\/uploads\/2015\/11\/L.Granti\u0146\u0161Rasna\u010dsBorovkovsStraujuma-prezidentsB\u0113rzi\u0146\u0161Kozlovskis.Me\u017eviets-300x112.PNG 300w\" sizes=\"(max-width: 1687px) 100vw, 1687px\" \/><\/a>Vai iev\u0113roj\u0101t, k\u0101 tiek nonicin\u0101ts <strong>L. Granti\u0146\u0161 <\/strong>un<strong> H- 86, <\/strong>l\u012bdz ar to ar\u012b latvie\u0161u tauta ?<\/p>\n<p>&gt;<span style=\"text-decoration: underline;\">Darbinieks<\/span> <strong>Juris Rubenis<\/strong>(<em>nelatvietis<\/em>) pazi\u0146o, ka vi\u0146\u0161 sarakst\u012bjis <strong>H- 86<\/strong> dokumentus !<\/p>\n<p><a href=\"https:\/\/www.youtube.com\/watch?v=DkBfJEyqw84\">https:\/\/www.youtube.com\/watch?v=DkBfJEyqw84<\/a><\/p>\n<p>&gt;<span style=\"text-decoration: underline;\">Darbinieks<\/span> <strong>Valdis \u0160teins<\/strong><em>(nelatvietis)<\/em> pazi\u0146o, ka <strong>H- 86 dokumentus<\/strong> nav sarakst\u012bjis latvietis !<\/p>\n<p><a href=\"http:\/\/tautastribunals.eu\/?p=17286\">http:\/\/tautastribunals.eu\/?p=17286<\/a><\/p>\n<p>&gt;<span style=\"text-decoration: underline;\">Darbinieks<\/span> <strong>Juris Lapinskis<\/strong><em>(nelatvietis)<\/em> sav\u0101 <strong>\u201cgaismas pil\u0113\u201d, <\/strong>kura tiek kori\u0123\u0113ta no<strong> DP<\/strong>, saka to pa\u0161u.<\/p>\n<p>&gt;<span style=\"text-decoration: underline;\">Darbinieks <\/span><strong>Aivars Garda<\/strong><em>(nelatvietis)<\/em> <strong>L. Granti\u0146u <\/strong>nosauc par <span style=\"text-decoration: underline;\">gar\u0101 v\u0101ju<\/span> un <span style=\"text-decoration: underline;\">dra\u0146\u0137i <\/span>!<\/p>\n<p>&gt;<span style=\"text-decoration: underline;\">Darbinieks<\/span> <strong>Leonards Inkins L. Granti\u0146u <\/strong>pat apvaino sadarb\u012bb\u0101 ar<strong> Izra\u0113las<\/strong> v\u0113stniec\u012bbu !<\/p>\n<p>&gt;<span style=\"text-decoration: underline;\">Visam kroni<\/span> uzliek valdo\u0161\u0101 <strong>4. maija kli\u0137e, <\/strong>kura par<strong> Atmodas<\/strong> celmlauzi nod\u0113v\u0113 komunistu- tautfrontieti <strong>Daini \u012av\u0101nu<\/strong>, kur\u0161 <strong>TF <\/strong>divdesmit gadu jubilej\u0101 atzin\u0101s brut\u0101l\u0101 <strong>Latvijas valsts<\/strong> izlaup\u012b\u0161an\u0101.<\/p>\n<h1><a href=\"http:\/\/tautastribunals.eu\/?p=28015\">http:\/\/tautastribunals.eu\/?p=28015<\/a><\/h1>\n<p>Un cik simboliski, ka \u0161\u012b <strong>\u012av\u0101na <\/strong>slavin\u0101\u0161anas ceremonija notika\u00a0 <strong>V\u0101cij\u0101<\/strong> un tie\u0161i pils\u0113t\u0101<em>(Minster\u0113),<\/em> kur\u0101 esmu apmeties uz pagaidu dz\u012bvi l\u012bdz br\u012bdim, kad tiks likvid\u0113ta komunistu- cionistu banda man\u0101 <strong>Dzimten\u0113<\/strong>.<\/p>\n<p>Visi \u0161eit piemin\u0113tie <strong>\u201dlatvju patrioti\u201d <\/strong>ir cionistu darbo\u0146i un ar\u012b tie, kuri ir kop\u0101 ar \u0161iem \u201c<strong>patriotiem<\/strong>\u201d.<\/p>\n<h2>DIEVS SV\u0112T\u012a LATVIJU !<\/h2>\n<p>08.11.15\u00a0\u00a0\u00a0\u00a0\u00a0\u00a0\u00a0\u00a0 L. Granti\u0146\u0161<\/p>\n","protected":false},"excerpt":{"rendered":"<p>\u201cDa\u013ca VDK dokumenti aizvesti uz Krieviju un neviens tiem vairs netiks kl\u0101t\u201d, saka \u201cv\u0113sturnieks\u201d Inesis Feldmanis !!! Vai k\u0101ds ir kaut pavir\u0161i iedzi\u013cin\u0101jies \u0161\u012bs Feldma\u0146a pateikt\u0101s fr\u0101zes b\u016bt\u012bb\u0101 ? Nav ! Liel\u0101k\u0101 da\u013ca 4.&#46;&#46;&#46;<\/p>\n","protected":false},"author":1,"featured_media":0,"comment_status":"open","ping_status":"open","sticky":false,"template":"","format":"standard","meta":[],"categories":[1],"tags":[],"_links":{"self":[{"href":"https:\/\/tautastribunals.eu\/index.php?rest_route=\/wp\/v2\/posts\/29194"}],"collection":[{"href":"https:\/\/tautastribunals.eu\/index.php?rest_route=\/wp\/v2\/posts"}],"about":[{"href":"https:\/\/tautastribunals.eu\/index.php?rest_route=\/wp\/v2\/types\/post"}],"author":[{"embeddable":true,"href":"https:\/\/tautastribunals.eu\/index.php?rest_route=\/wp\/v2\/users\/1"}],"replies":[{"embeddable":true,"href":"https:\/\/tautastribunals.eu\/index.php?rest_route=%2Fwp%2Fv2%2Fcomments&post=29194"}],"version-history":[{"count":42,"href":"https:\/\/tautastribunals.eu\/index.php?rest_route=\/wp\/v2\/posts\/29194\/revisions"}],"predecessor-version":[{"id":68129,"href":"https:\/\/tautastribunals.eu\/index.php?rest_route=\/wp\/v2\/posts\/29194\/revisions\/68129"}],"wp:attachment":[{"href":"https:\/\/tautastribunals.eu\/index.php?rest_route=%2Fwp%2Fv2%2Fmedia&parent=29194"}],"wp:term":[{"taxonomy":"category","embeddable":true,"href":"https:\/\/tautastribunals.eu\/index.php?rest_route=%2Fwp%2Fv2%2Fcategories&post=29194"},{"taxonomy":"post_tag","embeddable":true,"href":"https:\/\/tautastribunals.eu\/index.php?rest_route=%2Fwp%2Fv2%2Ftags&post=29194"}],"curies":[{"name":"wp","href":"https:\/\/api.w.org\/{rel}","templated":true}]}}