{"id":29162,"date":"2015-11-04T20:49:32","date_gmt":"2015-11-04T18:49:32","guid":{"rendered":"http:\/\/tautastribunals.eu\/?p=29162"},"modified":"2015-11-04T20:49:32","modified_gmt":"2015-11-04T18:49:32","slug":"a-kavacis-tikai-neklusim-glevi-neliesu-prieksa","status":"publish","type":"post","link":"https:\/\/tautastribunals.eu\/?p=29162","title":{"rendered":"A.Kavacis. Tikai nek\u013c\u016bsim g\u013c\u0113vi nelie\u0161u priek\u0161\u0101!"},"content":{"rendered":"<p><a href=\"http:\/\/tautastribunals.eu\/wp-content\/uploads\/2015\/11\/LRTT-L.-Granti\u0146\u0161-Helsinki-86-R\u012bga-LatvijaBorovkovs-Me\u017eviets-DP..PNG\"><img decoding=\"async\" loading=\"lazy\" class=\"alignleft size-full wp-image-29167\" title=\"LRTT, L. Granti\u0146\u0161, Helsinki-86, R\u012bga, Latvija,Borovkovs, Me\u017eviets, DP.\" src=\"http:\/\/tautastribunals.eu\/wp-content\/uploads\/2015\/11\/LRTT-L.-Granti\u0146\u0161-Helsinki-86-R\u012bga-LatvijaBorovkovs-Me\u017eviets-DP..PNG\" alt=\"LRTT, L. Granti\u0146\u0161, Helsinki-86, R\u012bga, Latvija,Borovkovs, Me\u017eviets, DP.\" width=\"637\" height=\"139\" srcset=\"https:\/\/tautastribunals.eu\/wp-content\/uploads\/2015\/11\/LRTT-L.-Granti\u0146\u0161-Helsinki-86-R\u012bga-LatvijaBorovkovs-Me\u017eviets-DP..PNG 820w, https:\/\/tautastribunals.eu\/wp-content\/uploads\/2015\/11\/LRTT-L.-Granti\u0146\u0161-Helsinki-86-R\u012bga-LatvijaBorovkovs-Me\u017eviets-DP.-300x65.PNG 300w, https:\/\/tautastribunals.eu\/wp-content\/uploads\/2015\/11\/LRTT-L.-Granti\u0146\u0161-Helsinki-86-R\u012bga-LatvijaBorovkovs-Me\u017eviets-DP.-800x175.PNG 800w\" sizes=\"(max-width: 637px) 100vw, 637px\" \/><\/a><span style=\"color: #008000;\">Pirms las\u0101m <strong>A. Kavaci,<\/strong> v\u0113l mazliet inform\u0101cija par <strong>L. Granti\u0146a \u201enozieguma\u201d<\/strong> p\u0113tniekiem un <strong>\u201emont\u0113t\u0101jiem\u201d<\/strong>.<\/span><\/p>\n<p><span style=\"color: #008000;\"> <\/span><\/p>\n<p><span style=\"color: #008000;\"><strong>A. Kava\u010da<\/strong> rakstu\/s sa\u0146\u0113mu t\u016bl\u012bt p\u0113c tam, kad atgriezos no kriev\u017e\u012bdu<strong> cionistu p\u0101rvald\u012bt\u0101s <\/strong>savas <strong>T\u0113vzemes<\/strong>. Laika tr\u016bkuma d\u0113\u013c, divus vi\u0146a rakstus p\u0101rs\u016bt\u012bju <strong>L. Lapsam<\/strong>, ar l\u016bgumu public\u0113t, ko vi\u0146\u0161 ar\u012b izdar\u012bja. \u0160ie raksti ir aktu\u0101li l\u012bdz br\u012bdim, kad tiks aizm\u0113zta un starptautiski sod\u012bta<strong> Latvij\u0101 valdo\u0161\u0101 <\/strong>cionistisk\u0101 noziedznieku kli\u0137e.<\/span><\/p>\n<p><span style=\"color: #008000;\"> <\/span><\/p>\n<p><span style=\"color: #008000;\">Rakstu tagad public\u0113ju ar\u012b <strong>LRTT i- vietn\u0113<\/strong>, jo tas atbilst apskat\u0101majai t\u0113mai.<\/span><\/p>\n<p><strong><a href=\"http:\/\/tautastribunals.eu\/wp-content\/uploads\/2015\/11\/MIGLA-SARKAN\u0100RASNA\u010cSBOROVKOVS-GRANTI\u0145\u0160.LRTT..PNG\"><img decoding=\"async\" loading=\"lazy\" class=\"alignleft size-full wp-image-29166\" title=\"MIGLA SARKAN\u0100,RASNA\u010cS,BOROVKOVS, GRANTI\u0145\u0160.LRTT.\" src=\"http:\/\/tautastribunals.eu\/wp-content\/uploads\/2015\/11\/MIGLA-SARKAN\u0100RASNA\u010cSBOROVKOVS-GRANTI\u0145\u0160.LRTT..PNG\" alt=\"MIGLA SARKAN\u0100,RASNA\u010cS,BOROVKOVS, GRANTI\u0145\u0160.LRTT.\" width=\"632\" height=\"54\" srcset=\"https:\/\/tautastribunals.eu\/wp-content\/uploads\/2015\/11\/MIGLA-SARKAN\u0100RASNA\u010cSBOROVKOVS-GRANTI\u0145\u0160.LRTT..PNG 570w, https:\/\/tautastribunals.eu\/wp-content\/uploads\/2015\/11\/MIGLA-SARKAN\u0100RASNA\u010cSBOROVKOVS-GRANTI\u0145\u0160.LRTT.-300x25.PNG 300w\" sizes=\"(max-width: 632px) 100vw, 632px\" \/><\/a>\u201eAldis Plaudis<\/strong> pla\u0161\u0101k paz\u012bstams k\u0101 iev\u0113rojams nekustamo \u012bpa\u0161umu biznesmenis, kur\u0161 ar saviem hekt\u0101ru t\u016bksto\u0161iem vair\u0101kus gadus ir bijis ar\u012b <strong>Latvijas liel\u0101ko zemes \u012bpa\u0161nieku sarakstos<\/strong>. Ta\u010du jaunaj\u0101 gr\u0101mat\u0101 <strong>\u00abLatvijas miljon\u0101ri bez mask\u0101m\u00bb, <\/strong>kur\u0101 atrodams ar\u012b jaunais <strong>Latvijas 600 miljon\u0101ru saraksts<\/strong>, biznesmenis pirmoreiz atkl\u0101j paties\u012bbu par savu darbu<strong> Latvijas PSR Valsts dro\u0161\u012bbas komitej\u0101<\/strong>.<\/p>\n<p><a href=\"http:\/\/apollo.tvnet.lv\/zinas\/aldis-plaudis-pirmoreiz-stasta-par-cekas-gadiem\/329237\">http:\/\/apollo.tvnet.lv\/zinas\/aldis-plaudis-pirmoreiz-stasta-par-cekas-gadiem\/329237<\/a><\/p>\n<p><a href=\"http:\/\/tautastribunals.eu\/wp-content\/uploads\/2015\/11\/Aldis-Plaudis-Iluta-Saul\u012bte-Linards-Granti\u0146\u0161.-LRTT.-Helsinki-86.PNG\"><img decoding=\"async\" loading=\"lazy\" class=\"alignleft size-full wp-image-29174\" title=\"Aldis Plaudis, Iluta Saul\u012bte, Linards Granti\u0146\u0161. LRTT. Helsinki-86\" src=\"http:\/\/tautastribunals.eu\/wp-content\/uploads\/2015\/11\/Aldis-Plaudis-Iluta-Saul\u012bte-Linards-Granti\u0146\u0161.-LRTT.-Helsinki-86.PNG\" alt=\"Aldis Plaudis, Iluta Saul\u012bte, Linards Granti\u0146\u0161. LRTT. Helsinki-86\" width=\"627\" height=\"297\" srcset=\"https:\/\/tautastribunals.eu\/wp-content\/uploads\/2015\/11\/Aldis-Plaudis-Iluta-Saul\u012bte-Linards-Granti\u0146\u0161.-LRTT.-Helsinki-86.PNG 912w, https:\/\/tautastribunals.eu\/wp-content\/uploads\/2015\/11\/Aldis-Plaudis-Iluta-Saul\u012bte-Linards-Granti\u0146\u0161.-LRTT.-Helsinki-86-300x141.PNG 300w, https:\/\/tautastribunals.eu\/wp-content\/uploads\/2015\/11\/Aldis-Plaudis-Iluta-Saul\u012bte-Linards-Granti\u0146\u0161.-LRTT.-Helsinki-86-800x378.PNG 800w\" sizes=\"(max-width: 627px) 100vw, 627px\" \/><\/a><\/p>\n<p><strong>FOTO: <\/strong><span style=\"color: #ff0000;\"><em>S\u0101taniski izvalb\u012btais skats izsaka \u0161\u012b noziedznieka b\u016bt\u012bbu.<\/em><\/span><\/p>\n<p>\u0160\u0137iet, visnota\u013c god\u012bgi <strong>A. Plaudis <\/strong>atbild ar\u012b uz jaut\u0101jumu, k\u0101p\u0113c 1989. gada vasar\u0101 aizg\u0101jis no darba VDK, &#8211; n\u0113, tam neesot bijis nek\u0101da sakara ar ideolo\u0123iskiem apsv\u0113rumiem: \u00abVesel\u012bba. Man ir iedzimts reimatisms, k\u0101 ar\u012b sekas no k\u0101dreiz\u0113j\u0101s sirds p\u0101rslodzes, sp\u0113l\u0113jot Latvijas basketbola izlas\u0113, daudz\u0101s traumas, anaboli lika sevi man\u012bt. Cik b\u016bs manos sp\u0113kos, nevienam no saviem b\u0113rniem ne\u013cau\u0161u nodarboties ar profesion\u0101lo sportu.\u201d<\/p>\n<p><a href=\"http:\/\/tautastribunals.eu\/wp-content\/uploads\/2015\/11\/www.tautastribunals.eu-141.png\"><img decoding=\"async\" loading=\"lazy\" class=\"alignleft size-full wp-image-29182\" title=\"www.tautastribunals.eu-141\" src=\"http:\/\/tautastribunals.eu\/wp-content\/uploads\/2015\/11\/www.tautastribunals.eu-141.png\" alt=\"www.tautastribunals.eu-141\" width=\"630\" height=\"88\" srcset=\"https:\/\/tautastribunals.eu\/wp-content\/uploads\/2015\/11\/www.tautastribunals.eu-141.png 950w, https:\/\/tautastribunals.eu\/wp-content\/uploads\/2015\/11\/www.tautastribunals.eu-141-300x42.png 300w, https:\/\/tautastribunals.eu\/wp-content\/uploads\/2015\/11\/www.tautastribunals.eu-141-800x112.png 800w\" sizes=\"(max-width: 630px) 100vw, 630px\" \/><\/a>Un tu redz tikai ko, aizg\u0101jis no VDK !!!<em>(vai tad, kad likvid\u0113 \u0161o noziedznieku iest\u0101di- sauc par aizie\u0161anu?)<\/em><\/p>\n<p>Hekt\u0101ru t\u016bksto\u0161i !!!<\/p>\n<p>K\u0101 vi\u0146am tie rad\u0101s ?<em>(draudot un izkr\u0101pjot, un neiztika ar\u012b bez slepkavo\u0161anas)<\/em><\/p>\n<p>K\u0101 k\u013cuva par miljon\u0101ru ?<em>(p\u0101rdodot to, kas pieder\u0113ja tautai)<\/em><\/p>\n<p>\u0160is \u010dekas <strong>kroplais izdzimums<\/strong> ir nozadzis to, kas pieder tautai !!!<\/p>\n<p>Vi\u0146\u0161 peldas nozagtaj\u0101 naud\u0101, bet apzagtajiem nav par ko pie \u0101rsta aiziet, vai ar\u012b samaks\u0101t par pa\u0161u nepiecie\u0161am\u0101ko oper\u0101ciju. \u0160\u0101du \u010dekas izdzimte\u0146u d\u0113\u013c ir sagrauta medic\u012bnisk\u0101 apr\u016bpe, kurai<strong> Latvij\u0101<\/strong> bija j\u0101b\u016bt pa velti- bezmaksas.<\/p>\n<p>Vai ir j\u0101\u017e\u0113lo \u0161ie <strong>kroplie s\u0101taniskie izdzimte\u0146i <\/strong>? Ne, vi\u0146iem nav j\u0101dz\u012bvo starp mums.<\/p>\n<p>Vi\u0146i izmanto t\u0101das <strong>\u201esaul\u012btes\u201d, <\/strong>lai izn\u012bcin\u0101tu tos, kuri grib vi\u0146iem spriest taisn\u012bgu sodu.<\/p>\n<p>Vai \u0161ai <strong>\u201esaul\u012btei\u201d<\/strong> bija iesp\u0113ja atteikties no manas <strong>LIETAS<\/strong> ? Protams, ka bija un ir ar\u012b v\u0113l tagad, bet vi\u0146a to nekad nedar\u012bs, jo ir neat\u0146emama \u0161\u012bs noziedz\u012bg\u0101s sist\u0113mas sast\u0101vda\u013ca.<\/p>\n<p>\u0160\u012b \u010dekistu marionete man lepni pazi\u0146o: <span style=\"color: #333399;\"><strong>\u201eP\u0101rbaudes gait\u0101 konstat\u0113ts, ka krimin\u0101lproces\u0101 ieg\u016bto pier\u0101d\u012bjumu kopums nor\u0101da uz J\u016bsu vainu izmekl\u0113jamaj\u0101 noziedz\u012bg\u0101 nodar\u012bjum\u0101 un to apstiprina.\u201d<\/strong><\/span><\/p>\n<p>Par \u0161iem v\u0101rdiem <strong>Ilutai Saul\u012btei<\/strong>, p\u0113c <strong>Tiesikuma atjauno\u0161anas Latvij\u0101<\/strong>, b\u016bs j\u0101atbild <strong>Neatkar\u012bg\u0101s Latvijas<\/strong><em>(ar\u012b starptautisk\u0101s)<\/em><strong> Tiesas priek\u0161\u0101. <\/strong><\/p>\n<p>Aps\u016bdz\u012bba: <span style=\"color: #333399;\"><strong>\u201eProkurore Iluta Saul\u012bte<span style=\"color: #ff0000;\">*<\/span> tiek aps\u016bdz\u0113ta par genoc\u012bda veik\u0161anu pret latvie\u0161u tautu, sadarb\u012bbu ar \u0101rvalstu specdienestiem un viet\u0113jiem KGB noziedz\u012bgajiem elementiem, kuri izlaup\u012bju\u0161i Latviju un slepkavoju\u0161i latvie\u0161u taut\u012bbas politiskos pretiniekus.\u201d<\/strong><\/span><\/p>\n<p>J\u0101, prokurore <strong>I. Saul\u012bte<\/strong>, jums b\u016bs j\u0101st\u0101jas neiedom\u0101jami bargas <span style=\"text-decoration: underline;\">latvie\u0161u tautas<\/span> un<span style=\"text-decoration: underline;\"> starptautisk\u0101s <strong>Tiesas<\/strong> <\/span>priek\u0161\u0101.<\/p>\n<h2>NIRNBERGA- 2 noteikti b\u016bs !<\/h2>\n<p>&gt;Tu, <strong>Saul\u012btes kundze<\/strong>, esi nost\u0101jusies pret <strong>Paties\u012bbu<\/strong> !<\/p>\n<p>&gt;Tu, <strong>Saul\u012btes kundze<\/strong>, esi nost\u0101jusies <span style=\"text-decoration: underline;\">slepkavu pus\u0113<\/span>.<\/p>\n<p>Grib\u0113ju tev sadz\u012bves valod\u0101 ko pateikt, bet tad atcer\u0113jos k\u0101du aforismu par c\u016bku, kura rokot z\u012bles, lai pier\u012btos, pl\u0113sa ozola saknes.<\/p>\n<p><strong>\u201eKaut tu, ne\u0161\u0137\u012bstene, sp\u0113tu savas acis uz aug\u0161u pacelt un redz\u0113t, no kurienes tev visi \u0161ie labumi n\u0101k&#8230;, bet n\u0113, tu tikai pl\u0113s un pl\u0113s un rij un rij\u201d, <\/strong>sac\u012bja ozols.<\/p>\n<h2>Ar ko tu, <strong>Saul\u012bte<\/strong>, at\u0161\u0137iries no \u0161\u012bs c\u016bkas ?<\/h2>\n<p>Tu ar\u012b gribi r\u012bt un sod\u012bt tos, kuri \u0161os labumus ir rad\u012bju\u0161i un, kuri ir biju\u0161i gatavi dz\u012bv\u012bbu atdot, lai var\u0113tu dz\u012bvot cilv\u0113ka cien\u012bgu dz\u012bvi&#8230; .<\/p>\n<p>Nelie\u0161iem atg\u0101din\u0101\u0161u: <strong>Komunisms bija daudzk\u0101rt asi\u0146ain\u0101ks par nacismu<\/strong> !<\/p>\n<p>Nacismam pasaul\u0113 <strong><span style=\"text-decoration: underline;\">p\u0101rgrieza r\u012bkli<\/span><\/strong> !<\/p>\n<p>Komunismam<em>(cionismam) <\/em>pasaule <strong><span style=\"text-decoration: underline;\">p\u0101rgriez\u012bs r\u012bkli<\/span><\/strong> !<\/p>\n<p>Nacistiem bija <strong>GEST\u0100PO,<\/strong> bet komunistiem <strong>KGB<\/strong>. Gest\u0101povie\u0161iem tiesas bija \u012bsas- vi\u0146us fiziski izn\u012bcin\u0101ja.<\/p>\n<h2>Vi\u0146i bija to peln\u012bju\u0161i !<\/h2>\n<p>Tas viss v\u0113l st\u0101v priek\u0161\u0101 <strong>Ilutas Saul\u012btes <\/strong>\u201e<strong>darba dev\u0113jiem<\/strong>\u201d- <strong><em>plau\u017eiem,indriksoniem,borovkoviem,godma\u0146iem&#8230;<\/em><\/strong>, kuri ir daudz asi\u0146ain\u0101ki par gest\u0101povie\u0161iem !<\/p>\n<p><strong>\u201eN\u0101vi latvie\u0161u tautas slepkav\u0101m\u201d,<\/strong> dr\u012bz piepras\u012bs latvie\u0161u tauta.<\/p>\n<p>Katrs sa\u0146em to algu, ko vi\u0146\u0161 peln\u012bjis.<\/p>\n<h2>\u0160o <strong>Dieva Paties\u012bbu<\/strong> tom\u0113r vajadz\u0113tu atcer\u0113ties.<\/h2>\n<p><span style=\"text-decoration: underline;\">=========================================================================<\/span><\/p>\n<p>Visus tom\u0113r neizdosies izn\u012bcin\u0101t, <strong>biedr\u2019 nol\u0101d\u0113tais Plaudi<\/strong> ! Dr\u012bz iezvan\u012bsies j\u016bsu<em>(\u010dekistu)<\/em> kapa zvans.<\/p>\n<p>04.11.15\u00a0\u00a0\u00a0\u00a0 L. Granti\u0146\u0161<\/p>\n<p><span style=\"color: #ff0000;\">* <\/span>Kad b\u016bs j\u0101atbild par visu, tad \u010duras, kakas, pu\u0146\u0137i un asaras, <strong>Iluta<\/strong>, mais\u012bsies kokteil\u012b, bet piedo\u0161anas neb\u016bs !<\/p>\n<p><span style=\"text-decoration: underline;\">==========================================================================<\/span><\/p>\n<p>\u0160aj\u0101 video ir redzams kriev\u017e\u012bdisms<em>(komunisms)-<\/em> cionisms vis\u0101 sav\u0101 spo\u017eum\u0101- zagt un slepkavot: <a href=\"https:\/\/www.youtube.com\/watch?v=5g7qp87CtQc\">https:\/\/www.youtube.com\/watch?v=5g7qp87CtQc<\/a><\/p>\n<h2><a href=\"http:\/\/pietiek.com\/raksti\/kas_trauce_vakardienas_varenajiem,_tiek_novakti\"><\/a><a href=\"http:\/\/tautastribunals.eu\/wp-content\/uploads\/2015\/11\/www.tautastribunals.eu-12.png\"><img decoding=\"async\" loading=\"lazy\" class=\"alignleft size-full wp-image-29172\" title=\"www.tautastribunals.eu-12\" src=\"http:\/\/tautastribunals.eu\/wp-content\/uploads\/2015\/11\/www.tautastribunals.eu-12.png\" alt=\"www.tautastribunals.eu-12\" width=\"631\" height=\"88\" srcset=\"https:\/\/tautastribunals.eu\/wp-content\/uploads\/2015\/11\/www.tautastribunals.eu-12.png 950w, https:\/\/tautastribunals.eu\/wp-content\/uploads\/2015\/11\/www.tautastribunals.eu-12-300x42.png 300w, https:\/\/tautastribunals.eu\/wp-content\/uploads\/2015\/11\/www.tautastribunals.eu-12-800x112.png 800w\" sizes=\"(max-width: 631px) 100vw, 631px\" \/><\/a>Kas trauc\u0113 vakardienas varenajiem, tiek nov\u0101kti<\/h2>\n<p><span style=\"color: #003300;\"><a href=\"http:\/\/tautastribunals.eu\/wp-content\/uploads\/2015\/11\/Andrejs-Kavacis-LELB-Latvija-Bazn\u012bca-LRTT.P\u0101vils-Br\u016bveris.PNG\"><img decoding=\"async\" loading=\"lazy\" class=\"alignleft size-full wp-image-29173\" title=\"Andrejs Kavacis, LELB, Latvija, Bazn\u012bca, LRTT.P\u0101vils Br\u016bveris\" src=\"http:\/\/tautastribunals.eu\/wp-content\/uploads\/2015\/11\/Andrejs-Kavacis-LELB-Latvija-Bazn\u012bca-LRTT.P\u0101vils-Br\u016bveris.PNG\" alt=\"Andrejs Kavacis, LELB, Latvija, Bazn\u012bca, LRTT.P\u0101vils Br\u016bveris\" width=\"172\" height=\"267\" \/><\/a>D\u012bvaini, p\u0113c <strong>PSRS <\/strong>sabrukuma nav dzird\u0113ts, ka <strong>R\u012bg\u0101 <\/strong>vai <strong>Latvij\u0101<\/strong> k\u0101ds biju\u0161ais visvarenais b\u016btu no\u017e\u0113lojis gr\u0113kus vai, neb\u016bdams sp\u0113j\u012bgs atz\u012bt paties\u012bbu, b\u016btu izdar\u012bjis pa\u0161n\u0101v\u012bbu. Lai nu k\u0101, bet \u013caudis bez goda un sirdsapzi\u0146as turas pie \u0161\u012bs pasaules ar krampjainu tv\u0113rienu un ne par ko nelai\u017eas va\u013c\u0101 no savas p\u0113d\u0113j\u0101s cer\u012bbas &#8211; mies\u012bg\u0101s eksistences.<\/span><\/p>\n<p><span style=\"color: #003300;\"> <\/span><\/p>\n<p><span style=\"color: #003300;\"> <\/span><\/p>\n<p><span style=\"color: #003300;\"> <\/span><\/p>\n<p><span style=\"color: #003300;\">Turpretim daudzi sabiedr\u012bbai un valstij \u013coti der\u012bgi cilv\u0113ki tiek rautin izrauti no aprites, jo ac\u012bmredzot k\u0101dam \u0161\u0137iet trauc\u0113jo\u0161i. Kinooperatori <strong>Andris Slapi\u0146\u0161<\/strong> un <strong>Gvido Zvaigzne<\/strong> k\u0101 cilv\u0113ki, kuri sabiedr\u012bbai sniedza aktu\u0101lo inform\u0101ciju un bija \u013coti vajadz\u012bgi, tan\u012b pat laik\u0101 \u010dekas band\u012btiem bija \u013coti nev\u0113lami un nekav\u0113joties tika nov\u0101kti k\u0101da mistiska &#8220;<strong>tre\u0161\u0101 sp\u0113ka<\/strong>&#8221; v\u0101rd\u0101. Skaidrs, vain\u012bgs ir &#8220;<strong>tre\u0161ais sp\u0113ks<\/strong>&#8220;!<\/span><\/p>\n<p><span style=\"color: #003300;\"> <\/span><\/p>\n<p><span style=\"color: #003300;\"> <\/span><\/p>\n<p><span style=\"color: #003300;\"> <\/span><\/p>\n<p><span style=\"color: #003300;\"><strong>Heino L\u0101ma<\/strong> pazuda bez v\u0113sts. Vec\u0101s varas propagandas rupori muld\u0113ja, ka past\u0101vot iesp\u0113ja &#8220;<strong>iekrist laika spraug\u0101<\/strong>&#8220;. Skaidrs, vain\u012bgi nav nacion\u0101lpatriotu vaj\u0101t\u0101ji &#8211; \u010dekisti, bet &#8220;<strong>laika sprauga<\/strong>&#8220;.<\/span><\/p>\n<p><span style=\"color: #003300;\"> <\/span><\/p>\n<p><span style=\"color: #003300;\"> <\/span><\/p>\n<p><span style=\"color: #003300;\"> <\/span><\/p>\n<p><span style=\"color: #003300;\"><strong>Juris Podnieks<\/strong> visai pasaulei par\u0101d\u012bja miera e\u0146\u0123e\u013ca <strong>Gorba\u010dova<\/strong> kara darb\u012bbu <strong>Vi\u013c\u0146\u0101<\/strong>. T\u0101 sakot, atv\u0113ra pasaulei acis un liedza iesp\u0113ju piem\u0101n\u012bt to ar k\u0101rt\u0113jiem <strong>Krem\u013ca<\/strong> meliem. Rezult\u0101t\u0101 varen\u0101 imp\u0113rija aizg\u0101ja &#8220;<strong>pa burbuli<\/strong>&#8220;. Un <strong>troika nosprieda<\/strong>, ka ar\u012b <strong>Jurim<\/strong> ar divu akvalangistu pal\u012bdz\u012bbu j\u0101aiziet &#8220;pa burbuli&#8221;. Bet v\u0113l lab\u0101k, ja &#8220;visi gali paliktu \u016bden\u012b&#8221;. T\u0101p\u0113c tika nol\u012bgti pat ekstrasensi, kuri r\u0101d\u012bja visos virzienos, iz\u0146emot pareizo. Tom\u0113r Juri nosmac\u0113tu atrada ezera d\u016b\u0146\u0101s, un &#8220;<strong>gali nepalika \u016bden\u012b<\/strong>&#8220;.<\/span><\/p>\n<p><span style=\"color: #003300;\"> <\/span><\/p>\n<p><span style=\"color: #003300;\"> <\/span><\/p>\n<p><span style=\"color: #003300;\"> <\/span><\/p>\n<p><span style=\"color: #003300;\">Nep\u0101rprotama slepkav\u012bba, bet \u010deka sav\u0113jos neatmasko.<\/span><\/p>\n<p><span style=\"color: #003300;\"> <\/span><\/p>\n<p><span style=\"color: #003300;\"> <\/span><\/p>\n<p><span style=\"color: #003300;\"> <\/span><\/p>\n<p><span style=\"color: #003300;\"><strong>Ita Kozak\u0113vi\u010da Atmodas<\/strong> laik\u0101 uzausa k\u0101 spilgta zvaigzne. Izgl\u012btota, ap\u0137\u0113r\u012bga, darb\u012bga, nenogurdin\u0101ma, sp\u0113j\u012bga gan p\u0101rliecin\u0101t, gan iedvesmot, turkl\u0101t poliete un <strong>Latvijas patriote<\/strong>. \u0100rk\u0101rt\u012bgi vajadz\u012bga sabiedr\u012bbai, bet nev\u0113lama vakardienas varenajiem. T\u0101p\u0113c tika sevi\u0161\u0137i pieskat\u012bta, sekojot l\u012bdz pat atva\u013cin\u0101jumam<strong> It\u0101lij\u0101<\/strong>, kur k\u0101ds akvalangists lieliski peld\u0113t proto\u0161o Itu vienk\u0101r\u0161i pavilka zem \u016bdens un nosl\u0101p\u0113ja. Nav no svara, mazs ezeri\u0146\u0161 vai pla\u0161\u0101 Vidusj\u016bra, gali \u016bden\u012b ar\u012b tad, ja &#8220;gali nepaliek \u016bden\u012b&#8221;, metode zin\u0101ma.<\/span><\/p>\n<p><span style=\"color: #003300;\"> <\/span><\/p>\n<p><span style=\"color: #003300;\"> <\/span><\/p>\n<p><span style=\"color: #003300;\"> <\/span><\/p>\n<p><span style=\"color: #003300;\">Slepkav\u012bba nep\u0101rprotama.<\/span><\/p>\n<p><span style=\"color: #003300;\"> <\/span><\/p>\n<p><span style=\"color: #003300;\"> <\/span><\/p>\n<p><span style=\"color: #003300;\"> <\/span><\/p>\n<p><span style=\"color: #003300;\">Vain\u012bgo nav&#8230;<\/span><\/p>\n<p><span style=\"color: #003300;\"> <\/span><\/p>\n<p><span style=\"color: #003300;\"> <\/span><\/p>\n<p><span style=\"color: #003300;\"> <\/span><\/p>\n<p><span style=\"color: #003300;\"><strong>Masu slepkav\u0101m<\/strong> un genoc\u012bda \u012bstenot\u0101jiem netr\u016bkst meto\u017eu ar\u012b indiv\u012bdu nov\u0101k\u0161anai. Vien\u0101das metodes garlaiko, t\u0101p\u0113c j\u0101dom\u0101 par da\u017e\u0101d\u012bbu&#8230; Vakardienas varenie k\u0101 <strong>Latvijas ce\u013ca<\/strong> l\u0113m\u0113ji smagi caurkrita <strong>6.Saeimas<\/strong> v\u0113l\u0113\u0161an\u0101s, t\u0101p\u0113c \u0137\u0113r\u0101s pie rupjas balsu vilto\u0161anas atsevi\u0161\u0137os <strong>R\u012bgas iecirk\u0146os<\/strong>. P\u0113c v\u0113l\u0113\u0161an\u0101m s\u0101k\u0101s izmekl\u0113\u0161ana, un tavu nekaun\u012bbu! K\u0101 V\u0113l\u0113\u0161anu komisijas priek\u0161s\u0113d\u0113t\u0101js <strong>Atis Krami\u0146\u0161<\/strong>, t\u0101 vi\u0146a vietnieks, biju\u0161ais <strong>Balvu<\/strong> rajona prokurors <strong>Andris L\u012bgotnis <\/strong>atsac\u012bj\u0101s sadarboties ar balsu viltot\u0101jiem.<\/span><\/p>\n<p><span style=\"color: #003300;\"> <\/span><\/p>\n<p><span style=\"color: #003300;\"> <\/span><\/p>\n<p><span style=\"color: #003300;\"> <\/span><\/p>\n<p><span style=\"color: #003300;\">Juridiski apkalti \u013caudis. Labi, ka masu inform\u0101cija klus\u0113. Laika nav, un vakardienas vareno troika nol\u0113ma, ka \u0161oreiz der\u0113s &#8220;<strong>tipiskas pa\u0161n\u0101v\u012bbas<\/strong>&#8220;. Da\u017eu dienu laik\u0101 pagalam bija k\u0101 <strong>Atis Krami\u0146\u0161,<\/strong> t\u0101 ar\u012b <strong>Andris L\u012bgotnis<\/strong>. Nu laikam jau sarun\u0101ju\u0161i izdar\u012bt &#8220;<strong>tipiskas pa\u0161n\u0101v\u012bbas<\/strong>&#8220;. Galvenais, ka <strong>Aloizs Blonskis<\/strong> jau pirms izmekl\u0113\u0161anas zin\u0101ja, ka \u0161\u012bs abas ir &#8220;<strong>tipiskas pa\u0161n\u0101v\u012bbas<\/strong>&#8220;, t\u0101p\u0113c nevainojiet tos, kam bija vajadz\u012bba viltot v\u0113l\u0113\u0161anu rezult\u0101tus.<\/span><\/p>\n<p><span style=\"color: #003300;\"> <\/span><\/p>\n<p><span style=\"color: #003300;\"> <\/span><\/p>\n<p><span style=\"color: #003300;\"> <\/span><\/p>\n<p><span style=\"color: #003300;\">Par \u010dekas br\u012bnumiero\u010diem mani inform\u0113ja izbiju\u0161ais <strong>LPSR Ministru Padomes<\/strong> priek\u0161s\u0113dis <strong>Vilis Kr\u016bmi\u0146\u0161.<\/strong> Jau b\u016bdams <strong>Dabas muzeja<\/strong> direktors, vi\u0146\u0161 bija s\u0101cis rakst\u012bt memu\u0101rus, par ko \u013coti satrauc\u0101s \u010deka. Vi\u0146am pat ieteikts nerakst\u012bt neko, lai neizmuld\u0113tos. Bet mutiski man vi\u0146\u0161 pateica, ka \u010deka indiv\u012bdus var nov\u0101kt ar kinokamer\u0101 iemont\u0113tu l\u0101zer\u012bti vai ar mikrovi\u013c\u0146u \u0123eneratoru, vai ar\u012b uz 10-15min. paraliz\u0113t, ar specr\u012bku uz\u0161\u013c\u0101cot \u012bpa\u0161u \u0137\u012bmisku \u0161\u0137\u012bdumu uz cilv\u0113ka neapsegtas miesas.<\/span><\/p>\n<p><span style=\"color: #003300;\"> <\/span><\/p>\n<p><span style=\"color: #003300;\"> <\/span><\/p>\n<p><span style=\"color: #003300;\"> <\/span><\/p>\n<p><span style=\"color: #003300;\">Kam\u0113r cilv\u0113ks ir bez sama\u0146as, ar to dara, ko grib.<\/span><\/p>\n<p><span style=\"color: #003300;\"> <\/span><\/p>\n<p><span style=\"color: #003300;\"> <\/span><\/p>\n<p><span style=\"color: #003300;\"> <\/span><\/p>\n<p><span style=\"color: #003300;\">Esmu sajutis gan \u010dekas l\u0101zer\u012b\u0161a d\u016brienu, gan mikrovi\u013c\u0146u \u0123eneratora iedarb\u012bbu. <strong>P\u0113d\u0113jais n\u0101ves sods<\/strong> man tika piespriests par to, ka atteicos \u010dekistam bez maksas pie\u0161\u0137irt draudzes zemi.<\/span><\/p>\n<p><span style=\"color: #003300;\"> <\/span><\/p>\n<p><span style=\"color: #003300;\"> <\/span><\/p>\n<p><span style=\"color: #003300;\"> <\/span><\/p>\n<p><span style=\"color: #003300;\">P\u0113d\u0113jais n\u0101ves sods man atnesa tikai smagu infarktu ar sekojo\u0161u progres\u0113jo\u0161o stenokardiju.<\/span><\/p>\n<p><span style=\"color: #003300;\"> <\/span><\/p>\n<p><span style=\"color: #003300;\"> <\/span><\/p>\n<p><span style=\"color: #003300;\"> <\/span><\/p>\n<p><span style=\"color: #003300;\">Kaut ko l\u012bdz\u012bgu pirms manis bija piedz\u012bvoju\u0161i gan arhib\u012bskaps <strong>Matulis,<\/strong> gan m\u0101c\u012bt\u0101js <strong>Balti\u0146\u0161<\/strong>, un kas zina, cik daudzi v\u0113l.<\/span><\/p>\n<p><span style=\"color: #003300;\"> <\/span><\/p>\n<p><span style=\"color: #003300;\"> <\/span><\/p>\n<p><span style=\"color: #003300;\"> <\/span><\/p>\n<p><span style=\"color: #003300;\">Tikai nek\u013c\u016bsim g\u013c\u0113vi nelie\u0161u priek\u0161\u0101!<\/span><\/p>\n","protected":false},"excerpt":{"rendered":"<p>Pirms las\u0101m A. Kavaci, v\u0113l mazliet inform\u0101cija par L. Granti\u0146a \u201enozieguma\u201d p\u0113tniekiem un \u201emont\u0113t\u0101jiem\u201d. A. Kava\u010da rakstu\/s sa\u0146\u0113mu t\u016bl\u012bt p\u0113c tam, kad atgriezos no kriev\u017e\u012bdu cionistu p\u0101rvald\u012bt\u0101s savas T\u0113vzemes. Laika tr\u016bkuma d\u0113\u013c, divus vi\u0146a&#46;&#46;&#46;<\/p>\n","protected":false},"author":1,"featured_media":0,"comment_status":"open","ping_status":"open","sticky":false,"template":"","format":"standard","meta":[],"categories":[1],"tags":[],"_links":{"self":[{"href":"https:\/\/tautastribunals.eu\/index.php?rest_route=\/wp\/v2\/posts\/29162"}],"collection":[{"href":"https:\/\/tautastribunals.eu\/index.php?rest_route=\/wp\/v2\/posts"}],"about":[{"href":"https:\/\/tautastribunals.eu\/index.php?rest_route=\/wp\/v2\/types\/post"}],"author":[{"embeddable":true,"href":"https:\/\/tautastribunals.eu\/index.php?rest_route=\/wp\/v2\/users\/1"}],"replies":[{"embeddable":true,"href":"https:\/\/tautastribunals.eu\/index.php?rest_route=%2Fwp%2Fv2%2Fcomments&post=29162"}],"version-history":[{"count":25,"href":"https:\/\/tautastribunals.eu\/index.php?rest_route=\/wp\/v2\/posts\/29162\/revisions"}],"predecessor-version":[{"id":29193,"href":"https:\/\/tautastribunals.eu\/index.php?rest_route=\/wp\/v2\/posts\/29162\/revisions\/29193"}],"wp:attachment":[{"href":"https:\/\/tautastribunals.eu\/index.php?rest_route=%2Fwp%2Fv2%2Fmedia&parent=29162"}],"wp:term":[{"taxonomy":"category","embeddable":true,"href":"https:\/\/tautastribunals.eu\/index.php?rest_route=%2Fwp%2Fv2%2Fcategories&post=29162"},{"taxonomy":"post_tag","embeddable":true,"href":"https:\/\/tautastribunals.eu\/index.php?rest_route=%2Fwp%2Fv2%2Ftags&post=29162"}],"curies":[{"name":"wp","href":"https:\/\/api.w.org\/{rel}","templated":true}]}}