{"id":29054,"date":"2015-10-27T16:35:29","date_gmt":"2015-10-27T14:35:29","guid":{"rendered":"http:\/\/tautastribunals.eu\/?p=29054"},"modified":"2015-10-27T16:36:34","modified_gmt":"2015-10-27T14:36:34","slug":"i-saulites-spriedums-l-grantina-lietaturpinajums","status":"publish","type":"post","link":"https:\/\/tautastribunals.eu\/?p=29054","title":{"rendered":"I.Saul\u012btes spriedums L.Granti\u0146a LIET\u0100(turpin\u0101jums)"},"content":{"rendered":"<p><span style=\"color: #003300;\"><a href=\"http:\/\/tautastribunals.eu\/wp-content\/uploads\/2015\/10\/www.tautastribunals.eu-125.png\"><img decoding=\"async\" loading=\"lazy\" class=\"alignleft size-full wp-image-29057\" title=\"www.tautastribunals.eu-12\" src=\"http:\/\/tautastribunals.eu\/wp-content\/uploads\/2015\/10\/www.tautastribunals.eu-125.png\" alt=\"www.tautastribunals.eu-12\" width=\"615\" height=\"86\" srcset=\"https:\/\/tautastribunals.eu\/wp-content\/uploads\/2015\/10\/www.tautastribunals.eu-125.png 950w, https:\/\/tautastribunals.eu\/wp-content\/uploads\/2015\/10\/www.tautastribunals.eu-125-300x42.png 300w, https:\/\/tautastribunals.eu\/wp-content\/uploads\/2015\/10\/www.tautastribunals.eu-125-800x112.png 800w\" sizes=\"(max-width: 615px) 100vw, 615px\" \/><\/a><\/span><span style=\"color: #003300;\"><a href=\"http:\/\/tautastribunals.eu\/wp-content\/uploads\/2015\/10\/1.-L.Granti\u0146\u0161-Helsinki-86.-LRTT.-Saeima.-Latvija.-Liep\u0101ja.-Kopie.PNG\"><img decoding=\"async\" loading=\"lazy\" class=\"alignleft size-full wp-image-29062\" title=\"1. L.Granti\u0146\u0161, Helsinki-86. LRTT. Saeima. Latvija. Liep\u0101ja. - Kopie\" src=\"http:\/\/tautastribunals.eu\/wp-content\/uploads\/2015\/10\/1.-L.Granti\u0146\u0161-Helsinki-86.-LRTT.-Saeima.-Latvija.-Liep\u0101ja.-Kopie.PNG\" alt=\"1. L.Granti\u0146\u0161, Helsinki-86. LRTT. Saeima. Latvija. Liep\u0101ja. - Kopie\" width=\"158\" height=\"237\" \/><\/a><\/span><span style=\"color: #003300;\">K\u0101da tad izskat\u0101s \u0161\u012bs <strong><span style=\"text-decoration: underline;\">LIETAS mor\u0101l\u0101 puse<\/span><\/strong> ?<\/span><\/p>\n<p><span style=\"color: #003300;\"> <\/span><\/p>\n<p><span style=\"color: #003300;\">K\u0101rt\u0113jo reizi atkal<strong> \u201euzpeld\u201d <\/strong>jaut\u0101jums: kur s\u0101kas cilv\u0113ks un, kur tas p\u0101rst\u0101j par t\u0101du b\u016bt ?<\/span><\/p>\n<p><span style=\"color: #003300;\"> <\/span><\/p>\n<p><span style=\"color: #003300;\"><strong>&gt;Vai<\/strong> prokurore<strong> Iluta Saul\u012bte <\/strong>nezina, kas es esmu un par ko es tieku apvainots ?<\/span><\/p>\n<p><span style=\"color: #003300;\"> <\/span><\/p>\n<p><span style=\"color: #003300;\"><strong>&gt;Vai Iluta Saul\u012bte <\/strong>nezina, kas bija un ir <strong>Aldis Plaudis<\/strong> ?<\/span><\/p>\n<p><span style=\"color: #003300;\"> <\/span><\/p>\n<p><span style=\"color: #003300;\"><strong>&gt;Vai<\/strong> <strong>Iluta Saul\u012bte <\/strong>nezina, ka par katru noziegumu <span style=\"text-decoration: underline;\">b\u016bs reiz j\u0101st\u0101jas tiesas priek\u0161\u0101<\/span> ?<\/span><\/p>\n<p><span style=\"color: #003300;\"> <\/span><\/p>\n<p><span style=\"color: #003300;\">Zina, to visu <strong>Iluta Saul\u012bte,<\/strong> k\u0101 juriste, zina daudz lab\u0101k par mums visiem kop\u0101 \u0146emot.<\/span><\/p>\n<p><span style=\"color: #003300;\"> <\/span><\/p>\n<p><span style=\"color: #003300;\">T\u0101tad, kur beidzas cilv\u0113ks un kur s\u0101kas <strong><span style=\"text-decoration: underline;\">viens pl\u0113s\u012bgs zv\u0113rs<\/span><\/strong> ?<\/span><\/p>\n<p><span style=\"color: #003300;\"> <\/span><\/p>\n<p><span style=\"color: #003300;\">Tie ir m\u016bsu veiktie darbi, kas m\u016bs ierindo <strong>evol\u016bcijas hierarhij\u0101<\/strong>. Un ir velti cer\u0113t uz to, ka p\u0113c n\u0101ves viss beidzas. Maksa <strong>Gar\u012bgaj\u0101 pasaul\u0113<\/strong> ir adekv\u0101ta \u201e<strong>padar\u012btajam darbam<\/strong>\u201d.<\/span><\/p>\n<p><span style=\"color: #003300;\"> <\/span><\/p>\n<p><span style=\"color: #003300;\">Kad lasa \u0161os <strong>Ilutas Saul\u012btes<\/strong> v\u0101rdus: <em>\u201e<strong>secinu, ka l\u016bgums ir noraid\u0101ms, jo uz l\u016bguma izskat\u012b\u0161anas br\u012bdi krimin\u0101lprocesa izbeig\u0161anai nav likum\u012bga pamata&#8230;\u201d<\/strong><\/em><strong> <\/strong>rodas neiedom\u0101jams r\u016bgtums mut\u0113 un ac\u012bs sarie\u0161as asaras. T\u0101, protams, ir cilv\u0113ciska reakcija tam, kur\u0161 nav p\u0101rdevis savu <strong>Sirdsapzi\u0146u<\/strong>. Es sav\u0101 m\u016b\u017e\u0101 neesmu piesavin\u0101jies nevienu sant\u012bmu, sve\u0161as, manis nenopeln\u012btas naudas.<\/span><\/p>\n<p><span style=\"color: #003300;\"> <\/span><\/p>\n<p><span style=\"color: #003300;\">Esmu centies vienm\u0113r dot, bet ne \u0146emt. Zv\u0113rin\u0101tais advok\u0101ts <strong>P\u0101vils Rebenoks<\/strong> nep\u0101rprotami nor\u0101da, ka nekur nav saskat\u0101ma mana vaina, par ko b\u016btu ierosin\u0101ma krimin\u0101llieta.<\/span><\/p>\n<p><span style=\"color: #003300;\"> <\/span><\/p>\n<p><span style=\"color: #003300;\">To nesaskat\u012bja ar\u012b<strong> V\u0101cijas <\/strong>tiesa, bet saskata <strong>Iluta Saul\u012bte<\/strong>, kura str\u0101d\u0101 <span style=\"text-decoration: underline;\">\u010dekas slepkavas kantor\u012b<\/span> !!!<\/span><\/p>\n<p><span style=\"color: #003300;\"> <\/span><\/p>\n<p><span style=\"color: #003300;\">Visa<strong> LRTT<\/strong> darb\u012bba ir v\u0113rsta pret <strong>Latvijas valsts<\/strong> izzadz\u0113jiem, kuri<strong> Latviju<\/strong> ir novedu\u0161i izn\u012bc\u012bbas priek\u0161\u0101, bet pa\u0161i peld tautai piedero\u0161aj\u0101 naud\u0101, kuru vi\u0146i nozagu\u0161i izmantojot savu ie\u0146emamo amatu. Apvainot mani nacion\u0101l\u0101 naida kurin\u0101\u0161an\u0101 var tikai tie, kuri pa\u0161i to dara, lai t\u0101 sl\u0113ptu savus noziegumus.<\/span><\/p>\n<p><span style=\"color: #003300;\"> <\/span><\/p>\n<h2><span style=\"color: #003300;\">\u0160\u012b ir mana un man l\u012bdz\u012bgo valsts !<\/span><\/h2>\n<p><span style=\"color: #003300;\"> <\/span><\/p>\n<p><span style=\"color: #003300;\">Es biju tas, kur\u0161 ar grupu <strong>HELSINKI- 86<\/strong> aizs\u0101ka <strong>Atmodu<\/strong>, k\u0101 rezult\u0101t\u0101 <strong>Latvija <\/strong>atguva neatkar\u012bbu. <strong>Latvija<\/strong> bija bag\u0101t\u0101k\u0101<strong> PSRS <\/strong>republika. Ja komunistiskie \u010dekas noziedznieki, kuri slepkavojot un iebaidot latvie\u0161u patriotus neb\u016btu veiku\u0161i apv\u0113rsumu, m\u0113s dz\u012bvotu ne slikt\u0101k k\u0101 <strong>V\u0101cij\u0101<\/strong>.<\/span><\/p>\n<p><span style=\"color: #003300;\"> <\/span><\/p>\n<p><span style=\"color: #003300;\">Komunistiskie noziedznieki, ar <strong>Peteru<\/strong> un <strong>Z\u0101l\u012bti <\/strong>priek\u0161gal\u0101, aizveda <strong>Latviju<\/strong> pa izn\u012bc\u012bbas ce\u013cu.<\/span><\/p>\n<p><span style=\"color: #003300;\"> <\/span><\/p>\n<p><span style=\"color: #003300;\"><strong>A. Plaudis<\/strong>, <strong>Saul\u012btes kundze<\/strong>, ir vis\u012bst\u0101kais slepkava, t\u0101ds pats k\u0101 <strong>G. Indriksons, A. Borovkovs, A. Godmanis vai tas pats A. Bunka.<\/strong><\/span><\/p>\n<p><span style=\"color: #003300;\"> <\/span><\/p>\n<p><span style=\"color: #003300;\">Vis\u012bst\u0101k\u0101<strong> 5. Kolonna, <\/strong>kura gaida atn\u0101kam<strong> Putina &#8220;za\u013co&#8221;<\/strong> rept\u012b\u013cu bandu<strong>.<\/strong><\/span><\/p>\n<p><span style=\"color: #003300;\"> <\/span><\/p>\n<h2><span style=\"color: #003300;\">Vai<strong> NATO<\/strong> un<strong> ES <\/strong>to neredz ?<strong> <\/strong><\/span><\/h2>\n<p><span style=\"color: #003300;\"> <\/span><\/p>\n<p><span style=\"color: #003300;\">Dom\u0101ju, ka redz, jo <strong>LRTT <\/strong>ne reizi vien par \u0161iem noziedzniekiem vi\u0146us ir inform\u0113jis.<\/span><\/p>\n<p><span style=\"color: #003300;\"> <\/span><\/p>\n<p><span style=\"color: #003300;\">\u0160ie ir ar\u012b tie, kuri mani grib ties\u0101t, jo <strong>LRTT<\/strong> vi\u0146iem <span style=\"text-decoration: underline;\">prasa atpaka\u013c tautai nozagtos miljardus<\/span>.<\/span><\/p>\n<p><span style=\"color: #003300;\"> <\/span><\/p>\n<p><span style=\"color: #003300;\">M\u0113s ar\u012b dab\u016bsim tos atpaka\u013c un pa\u0161us \u0161os noziedzniekus starptautiski aizvilksim uz kar\u0101tav\u0101m.<\/span><\/p>\n<p><span style=\"color: #003300;\"> <\/span><\/p>\n<p><span style=\"color: #003300;\">Aiz manis st\u0101v mana tauta un<strong> Atmoda<\/strong>.<\/span><\/p>\n<p><span style=\"color: #003300;\"> <\/span><\/p>\n<p><span style=\"color: #003300;\">Kas st\u0101v aiz tiem, kurus <strong>Tu, Iluta<\/strong>, aizst\u0101vi ?<\/span><\/p>\n<p><span style=\"color: #003300;\"><span style=\"color: #003300;\">Vien\u012bgi<strong> asinis<\/strong>, <strong>asaras<\/strong> un <strong>okup\u0101cija<\/strong>.<\/span><\/span><\/p>\n<p><span style=\"color: #003300;\">Es v\u0113los vienu, lai mana tauta b\u016btu laim\u012bga un <strong>\u010dekas izdzimte\u0146i,<\/strong> kuri to slepkavoju\u0161i un apzagu\u0161i, tiktu starptautiski ties\u0101ti.<\/span><\/p>\n<p><span style=\"color: #003300;\">Es, ar tautas pal\u012bdz\u012bbu, to pan\u0101k\u0161u. <\/span><\/p>\n<p><span style=\"color: #003300;\"><span style=\"color: #003300;\">Un ir j\u0101b\u016bt, <strong>Saul\u012btes kundze<\/strong>, \u013coti uzman\u012bgai, lai j\u016bs netiktu pieskait\u012bta vi\u0146iem&#8230; .<\/span><br \/>\n<\/span><\/p>\n<p><span style=\"color: #003300;\"> <\/span><\/p>\n<p><span style=\"color: #003300;\"> <\/span><\/p>\n<p><span style=\"color: #003300;\">26.10.15\u00a0\u00a0\u00a0\u00a0\u00a0 L. Granti\u0146\u0161<\/span><\/p>\n<p><span style=\"color: #003300;\"><span style=\"text-decoration: underline;\">==========================================================================<\/span><\/span><\/p>\n<h2><span style=\"color: #008000;\"><a href=\"http:\/\/tautastribunals.eu\/wp-content\/uploads\/2015\/10\/Tem\u012bda-Granti\u0146\u0161-LRTT.-H-86..PNG\"><img decoding=\"async\" loading=\"lazy\" class=\"alignleft size-full wp-image-29078\" title=\"Tem\u012bda, Granti\u0146\u0161, LRTT. H-86.\" src=\"http:\/\/tautastribunals.eu\/wp-content\/uploads\/2015\/10\/Tem\u012bda-Granti\u0146\u0161-LRTT.-H-86..PNG\" alt=\"Tem\u012bda, Granti\u0146\u0161, LRTT. H-86.\" width=\"170\" height=\"235\" \/><\/a>P.S.<br \/>\n<\/span><\/h2>\n<p><span style=\"color: #008000;\">K\u0101p\u0113c bija vajadz\u012bgs v\u0113l run\u0101t par \u0161\u012bs <strong>LIETAS<\/strong> mor\u0101lo pusi ?<\/span><\/p>\n<p><span style=\"color: #008000;\"> <\/span><\/p>\n<p><span style=\"color: #008000;\">Vienk\u0101r\u0161i, t\u0101p\u0113c, lai k\u0101ds nenobriedis <strong>\u201ekangars\u201d,<\/strong> pirms vi\u0146\u0161 cen\u0161as <strong>\u201eekspert\u012bz\u0113t\u201d LRTT i- vietn\u0113 <\/strong>sac\u012bto, apdom\u0101tu, k\u0101du galu tas var \u0146emt. <\/span><\/p>\n<p><span style=\"color: #008000;\">Visi tie, kuri grib ties\u0101t <strong>L. Granti\u0146u,<\/strong> reiz st\u0101sies <strong><span style=\"text-decoration: underline;\">latvie\u0161u tautas Tiesas <\/span><\/strong>priek\u0161\u0101.<\/span><\/p>\n<p><span style=\"color: #008000;\"> <\/span><\/p>\n<p><span style=\"color: #008000;\">Aps\u016bdz\u012bba b\u016bs viennoz\u012bm\u012bga: <strong>GENOC\u012aDS PRET LATVIE\u0160U TAUTU !<\/strong><\/span><\/p>\n<p><span style=\"color: #008000;\"> <\/span><\/p>\n<p><span style=\"color: #008000;\">K\u0101ds sods draud par genoc\u012bda veik\u0161anu, dom\u0101ju, ka jebkuram ir zin\u0101ms.<\/span><\/p>\n<p><span style=\"color: #008000;\"> <\/span><\/p>\n<p><span style=\"color: #008000;\">Variet b\u016bt dro\u0161i, \u0161\u012b s\u0101tanisk\u0101 kangaru sist\u0113ma<em>(4.maija kli\u0137e<\/em>) krit\u012bs un visi, kuri to atbalst\u012bju\u0161i, sa\u0146ems visbarg\u0101ko sodu, k\u0101ds visp\u0101r ir iedom\u0101jams.<\/span><\/p>\n","protected":false},"excerpt":{"rendered":"<p>K\u0101da tad izskat\u0101s \u0161\u012bs LIETAS mor\u0101l\u0101 puse ? K\u0101rt\u0113jo reizi atkal \u201euzpeld\u201d jaut\u0101jums: kur s\u0101kas cilv\u0113ks un, kur tas p\u0101rst\u0101j par t\u0101du b\u016bt ? &gt;Vai prokurore Iluta Saul\u012bte nezina, kas es esmu un par&#46;&#46;&#46;<\/p>\n","protected":false},"author":1,"featured_media":0,"comment_status":"open","ping_status":"open","sticky":false,"template":"","format":"standard","meta":[],"categories":[1],"tags":[],"_links":{"self":[{"href":"https:\/\/tautastribunals.eu\/index.php?rest_route=\/wp\/v2\/posts\/29054"}],"collection":[{"href":"https:\/\/tautastribunals.eu\/index.php?rest_route=\/wp\/v2\/posts"}],"about":[{"href":"https:\/\/tautastribunals.eu\/index.php?rest_route=\/wp\/v2\/types\/post"}],"author":[{"embeddable":true,"href":"https:\/\/tautastribunals.eu\/index.php?rest_route=\/wp\/v2\/users\/1"}],"replies":[{"embeddable":true,"href":"https:\/\/tautastribunals.eu\/index.php?rest_route=%2Fwp%2Fv2%2Fcomments&post=29054"}],"version-history":[{"count":31,"href":"https:\/\/tautastribunals.eu\/index.php?rest_route=\/wp\/v2\/posts\/29054\/revisions"}],"predecessor-version":[{"id":29088,"href":"https:\/\/tautastribunals.eu\/index.php?rest_route=\/wp\/v2\/posts\/29054\/revisions\/29088"}],"wp:attachment":[{"href":"https:\/\/tautastribunals.eu\/index.php?rest_route=%2Fwp%2Fv2%2Fmedia&parent=29054"}],"wp:term":[{"taxonomy":"category","embeddable":true,"href":"https:\/\/tautastribunals.eu\/index.php?rest_route=%2Fwp%2Fv2%2Fcategories&post=29054"},{"taxonomy":"post_tag","embeddable":true,"href":"https:\/\/tautastribunals.eu\/index.php?rest_route=%2Fwp%2Fv2%2Ftags&post=29054"}],"curies":[{"name":"wp","href":"https:\/\/api.w.org\/{rel}","templated":true}]}}