{"id":28398,"date":"2015-09-19T11:48:27","date_gmt":"2015-09-19T08:48:27","guid":{"rendered":"http:\/\/tautastribunals.eu\/?p=28398"},"modified":"2015-09-19T13:49:28","modified_gmt":"2015-09-19T10:49:28","slug":"dp-banditisms-ir-jazina-visiem","status":"publish","type":"post","link":"https:\/\/tautastribunals.eu\/?p=28398","title":{"rendered":"DP band\u012btisms ir j\u0101zina visiem !"},"content":{"rendered":"<p><span style=\"color: #003300;\"><a href=\"http:\/\/tautastribunals.eu\/wp-content\/uploads\/2015\/09\/Za\u013c\u0161-tautastribunals.eu9.png\"><img decoding=\"async\" loading=\"lazy\" class=\"alignleft size-full wp-image-28469\" title=\"Za\u013c\u0161, tautastribunals.eu\" src=\"http:\/\/tautastribunals.eu\/wp-content\/uploads\/2015\/09\/Za\u013c\u0161-tautastribunals.eu9.png\" alt=\"Za\u013c\u0161, tautastribunals.eu\" width=\"624\" height=\"87\" srcset=\"https:\/\/tautastribunals.eu\/wp-content\/uploads\/2015\/09\/Za\u013c\u0161-tautastribunals.eu9.png 950w, https:\/\/tautastribunals.eu\/wp-content\/uploads\/2015\/09\/Za\u013c\u0161-tautastribunals.eu9-300x42.png 300w, https:\/\/tautastribunals.eu\/wp-content\/uploads\/2015\/09\/Za\u013c\u0161-tautastribunals.eu9-800x112.png 800w\" sizes=\"(max-width: 624px) 100vw, 624px\" \/><\/a>Par <strong>DP<\/strong> band\u012btisko uzved\u012bbu un metod\u0113m vair\u0101kk\u0101rt ir rakst\u012bjis <strong>PIETIEK.com<\/strong>.<\/span><\/p>\n<p><span style=\"color: #003300;\"> <\/span><\/p>\n<p><span style=\"color: #003300;\">Lielu uzman\u012bbu ieguva ar\u012b k\u0101rsavie\u0161a <strong>Raita Kononova <\/strong>intervija laikrakst\u0101 <strong><a href=\"http:\/\/old.puaro.lv\/lv\/tiesiskums-un-kriminallietas-intervijas\/kononovs-kontrabandu-parvalda-vienotiba\">\u201cLudzas Zeme\u201d<\/a>:<\/strong><\/span><\/p>\n<p><span style=\"color: #003300;\"> <\/span><\/p>\n<p><span style=\"color: #0000ff;\"><em>\u201cVisu(kontrabandu) kontrol\u0113ja Reinika komanda jau no devi\u0146desmitajiem gadiem. Kad veidoj\u0101s dro\u0161\u012bbas policija, apvienoj\u0101s ar ONABu. Visu vad\u012bbu priek\u0161nieki bija veidoju\u0161i vienu sh\u0113mu. Greb\u0146evas muit\u0101 aiztais\u012bja ciet neleg\u0101l\u0101 alkohola un cigare\u0161u pl\u016bsmu un novirz\u012bja visu uz Terehovu. Viss, kas g\u0101ja caur Terehovu, nesa vi\u0146iem pe\u013c\u0146u. To naudu priek\u0161 vi\u0146iem las\u012bja viens cilv\u0113ks, visi biznesme\u0146i maks\u0101ja, vi\u0146\u0161 nodeva to t\u0101l\u0101k. Tagad ir main\u012bjies daudz kas. Viss ir zem Dro\u0161\u012bbas policijas, ar Muitas krimin\u0101lp\u0101rvaldes priek\u0161nieku Ceipi priek\u0161gal\u0101 un Robe\u017esardzes krimin\u0101lp\u0101rvaldi.\u201d<\/em><\/span><\/p>\n<p><span style=\"color: #003300;\"> <\/span><\/p>\n<p><span style=\"color: #003300;\">Las\u012bt visu: <a href=\"http:\/\/old.puaro.lv\/lv\/tiesiskums-un-kriminallietas-intervijas\/kononovs-kontrabandu-parvalda-vienotiba\">http:\/\/old.puaro.lv\/lv\/tiesiskums-un-kriminallietas-intervijas\/kononovs-kontrabandu-parvalda-vienotiba<\/a><\/span><\/p>\n<p><span style=\"color: #003300;\"> <\/span><\/p>\n<p><span style=\"color: #003300;\">Un, kas notiek t\u0101l\u0101k, pat neticas sav\u0101m ac\u012bm ! <\/span><\/p>\n<p><span style=\"color: #003300;\"><span style=\"color: #0000ff;\"><em>\u201cDaudzviet Eirop\u0101 par \u017eurn\u0101lista profesion\u0101lo veikumu krimin\u0101latbild\u012bbu pras\u012bt vairs nevar, ta\u010du Latvij\u0101 tas aizvien ir iesp\u0113jams. \u0160obr\u012bd \u0161\u0101ds process par apmelo\u0161anu uzs\u0101kts pret laikraksta &#8220;Ludzas zeme&#8221; \u017eurn\u0101listi Anitu Dauk\u0161ti.\u201d<\/em><\/span><\/span><\/p>\n<p><span style=\"color: #003300;\"><span style=\"color: #0000ff;\"><em><span style=\"color: #003300;\"><strong>Rasna\u010da, Kozlovska<\/strong> un<strong> Me\u017evieta <\/strong>mafiozais krimikartelis visam uzsp\u013cauj !<br \/>\n<\/span><\/em><\/span><\/span><\/p>\n<p><span style=\"color: #003300;\"> <\/span><\/p>\n<p><span style=\"color: #003300;\"><a href=\"https:\/\/www.youtube.com\/watch?t=1&amp;v=S3vxp3ctG4E\">https:\/\/www.youtube.com\/watch?t=1&amp;v=S3vxp3ctG4E<\/a><\/span><\/p>\n<p><span style=\"color: #003300;\"> <\/span><\/p>\n<p><span style=\"color: #003300;\">L\u016bk, t\u0101, \u017eurn\u0101listi <strong>Anitu Dauk\u0161ti<\/strong> grib iespund\u0113t cietum\u0101 par to, ka vi\u0146a at\u013c\u0101v\u0101s uzst\u0101ties pret <strong>LR<\/strong> ekonomikas gr\u0101v\u0113jiem, t\u0101tad, ar\u012b pret<strong> ES <\/strong>sabotieriem.<\/span><\/p>\n<p><span style=\"color: #003300;\"> <\/span><\/p>\n<p><span style=\"color: #003300;\">Un v\u0113l, cik ap\u0146\u0113m\u012bgi mums visiem paz\u012bstam\u0101 <strong>Anda Ro\u017eukalne<\/strong>, aizst\u0101v noziedznieku intereses. <\/span><\/p>\n<h2><span style=\"color: #003300;\">Un k\u0101 gan sav\u0101d\u0101k, jo kontrabandistu un <strong>&#8220;br\u012bv\u0101s preses&#8221;<\/strong> <strong>\u201cjumts\u201d,<\/strong> ir zem <strong>DP<\/strong> jumta.<\/span><\/h2>\n<p><span style=\"color: #003300;\"> <\/span><\/p>\n<h2><span style=\"color: #003300;\">Realit\u0101te r\u0101da to, ka <strong>DP<\/strong> ir <strong>\u201cjumts\u201d <\/strong>vis\u0101m <strong>Latvijas mafiozaj\u0101m<\/strong> strukt\u016br\u0101m.<\/span><\/h2>\n<p><span style=\"color: #003300;\"> <\/span><\/p>\n<p><span style=\"color: #003300;\"><strong>LRTT<\/strong> run\u0101 nebaidoties un vair\u0101k par \u0161o mafiozo <strong>\u201ckarteli\u201d, <\/strong>kas iek\u0101rtojies zem <strong>DP <\/strong>izk\u0101rtnes, nek\u0101 citi inform\u0101cijas avoti. Bet pats galvenais un nepat\u012bkam\u0101kais priek\u0161 \u0161\u012bs noziedznieku bandas ir tas, ka <strong>LRTT &amp; H-86<\/strong> ir vien\u012bgais, kas par to inform\u0113 <strong>ES <\/strong>un <strong>NATO.<\/strong><\/span><\/p>\n<p><span style=\"color: #003300;\"> <\/span><\/p>\n<p><span style=\"color: #003300;\">Tikko k\u0101 sa\u0146\u0113mu k\u0101da<strong> DP \u201ckontraadmir\u0101\u013ca\u201d I. Ulma\u0146isa<\/strong> atbildi, sakar\u0101 ar manu s\u016bdz\u012bbu par brut\u0101lo aiztur\u0113\u0161anu. Uzrakst\u012bts k\u0101 no \u0161ablona, tie\u0161i k\u0101<strong> L. Lapsas<\/strong> rakst\u0101: <a href=\"http:\/\/www.pietiek.com\/raksti\/ka_tiesai_un_dienesta_zinojumos_meloja_dp_darbinieki_lato_lapsas_iesniegums_prokuraturai\">http:\/\/www.pietiek.com\/raksti\/ka_tiesai_un_dienesta_zinojumos_meloja_dp_darbinieki_lato_lapsas_iesniegums_prokuraturai<\/a> <\/span><\/p>\n<h2><span style=\"color: #003300;\"><a href=\"http:\/\/tautastribunals.eu\/wp-content\/uploads\/2015\/09\/I.-Ulmanis-KozlovskisGranti\u0146\u0161-DzintarsR\u012bbena..PNG\"><img decoding=\"async\" loading=\"lazy\" class=\"alignleft size-full wp-image-28506\" title=\"I. Ulmanis, Kozlovskis,Granti\u0146\u0161, Dzintars,R\u012bbena.\" src=\"http:\/\/tautastribunals.eu\/wp-content\/uploads\/2015\/09\/I.-Ulmanis-KozlovskisGranti\u0146\u0161-DzintarsR\u012bbena..PNG\" alt=\"I. Ulmanis, Kozlovskis,Granti\u0146\u0161, Dzintars,R\u012bbena.\" width=\"338\" height=\"230\" \/><\/a>Meli melu gal\u0101 !!!<br \/>\n<\/span><\/h2>\n<p><span style=\"color: #003300;\"> <\/span><\/p>\n<p><span style=\"color: #003300;\">\u0160is<strong> <\/strong>di\u017eais <strong>&#8220;eksperts&#8221;,<\/strong> kur\u0161 uzdodas par k\u0101du <strong>I. Ulmani,<\/strong> un, kura paraksts atg\u0101dina citplan\u0113tie\u0161a paz\u012b\u0161an\u0101s z\u012bmi, p\u0113c se\u0161u ned\u0113\u013cu intens\u012bvas apst\u0101k\u013cu p\u0113t\u012b\u0161anas, ir non\u0101cis pie sl\u0113dziena, cit\u0113ju: <span style=\"color: #0000ff;\"><em>\u201cLai p\u0101rtrauktu L. Granti\u0146a <span style=\"text-decoration: underline;\"><strong>agres\u012bvu preto\u0161anos <\/strong><\/span>un <span style=\"text-decoration: underline;\"><strong>nepak\u013cau\u0161anos policijas darbinieka likum\u012bgaj\u0101m pras\u012bb\u0101m<\/strong><\/span>, DP amatpersonas bija spiestas piem\u0113rot <strong>s a m \u0113 r \u012b g u<\/strong> sp\u0113ku<strong>,<\/strong> lai nog\u0101d\u0101tu personu policijas iest\u0101d\u0113 un t\u0101d\u0101 veid\u0101 nov\u0113rstu personas iesp\u0113ju izvair\u012bties no soda par iesp\u0113jamo noziedz\u012bgo nodar\u012bjumu.<\/em><br \/>\n<\/span><\/span><\/p>\n<p><span style=\"color: #003300;\"> <\/span><\/p>\n<p><span style=\"color: #003300;\">K\u0101 lai sav\u0101d\u0101k \u0161o <strong>\u201culmani\u201d <\/strong>nosauc, ja ne par<strong> izdzimumu<\/strong> ?<\/span><\/p>\n<p><span style=\"color: #003300;\"> \u0160is izdzimums <strong>\u201cs\u0113\u017e\u201d<\/strong> manis un man l\u012bdz\u012bgo atjaunotaj\u0101 <strong>Latvijas Republik\u0101 <\/strong>un fantaz\u0113 par maniem <strong>\u201cnoziedz\u012bgajiem nodar\u012bjumiem\u201d<\/strong> !!!<\/span><\/p>\n<p><span style=\"color: #003300;\"> <\/span><\/p>\n<h2><span style=\"color: #003300;\">Kas t\u0101 ir par sievieti, kura dzemd\u0113jusi t\u0101du<span style=\"text-decoration: underline;\"> <strong>gara kropli<\/strong><\/span> ?<\/span><\/h2>\n<p><span style=\"color: #003300;\"> <\/span><\/p>\n<h2><span style=\"color: #003300;\">Kur\u0161 b\u016bs tas, kas sac\u012bs, ka vi\u0146\u0161 nav sod\u0101ms:<strong>k\u0101 noziedznieks pret cilv\u0113ci<\/strong> ?<\/span><\/h2>\n<p><span style=\"color: #003300;\"> <\/span><\/p>\n<p><span style=\"color: #003300;\"> <\/span><\/p>\n<p><span style=\"color: #003300;\">\u201c<strong>Granti\u0146\u0161<\/strong> pretoj\u0101s un mums izn\u0101ca <strong>\u201csam\u0113r\u012bgi\u201d<\/strong> vi\u0146am lauzt roku, lai vi\u0146\u0161 neizvair\u012btos no soda, par <strong><span style=\"text-decoration: underline;\">iesp\u0113jamo noziedz\u012bgo nodar\u012bjumu<\/span><\/strong>\u201d, p\u0113c b\u016bt\u012bbas pasac\u012bja \u0161is<strong> I. Ulma\u0146is<\/strong>.<\/span><\/p>\n<p><span style=\"color: #003300;\"> <\/span><\/p>\n<p><span style=\"color: #003300;\">To, ka<strong> L. Granti\u0146\u0161 <\/strong>netais\u012bj\u0101s pretoties un jau gadiem ilgi piepras\u012bja tik\u0161anos ar varas iest\u0101\u017eu darbiniekiem, vi\u0146\u0161, protams,<strong> &#8220;nezin\u0101ja&#8221;<\/strong>. <\/span><\/p>\n<p><span style=\"color: #003300;\">\u0160ogad v\u0113l\u0113jos tikties ar jauniev\u0113l\u0113to prezidentu <strong>Raimondu V\u0113joni<\/strong> un, cik noprotams, tad \u0161is bija vislab\u0101kais vi\u0146a<em>(prezidenta)<\/em> <strong>\u201cdiskusijas\u201d <\/strong>variants.<\/span><\/p>\n<p><span style=\"color: #003300;\">Biju\u0161\u0101 prezidentosa<strong> vadmot\u012bvs <\/strong>bija: <strong>&#8220;dot pa galvu&#8221;<\/strong>, bet tagad\u0113j\u0101: <strong>&#8220;lauzt rokas&#8221;<\/strong>.<\/span><\/p>\n<h2><span style=\"color: #003300;\">&#8220;Vot tev i demokr\u0101tija !&#8221;<br \/>\n<\/span><\/h2>\n<p><span style=\"color: #003300;\"> <\/span><\/p>\n<p><span style=\"color: #003300;\">Bet vislab\u0101k par \u0161o band\u012btu p\u0101rvald\u012bto <strong>\u201ckarteli\u201d<\/strong><em>(tautai nozagto valsti) <\/em>un person\u012bgi mani, \u00a0ir izsac\u012bjies k\u0101ds profesors no <strong>Daugavpils-<\/strong> <strong>Arturs Pried\u012btis<\/strong>.<span style=\"color: #ff0000;\">***<\/span><\/span><\/p>\n<h2><span style=\"color: #003300;\">Satura zi\u0146\u0101 tik pies\u0101tin\u0101tu koment\u0101ru v\u0113l nebiju las\u012bjis. <\/span><\/h2>\n<p><span style=\"color: #003300;\">Tas, kas \u0161aj\u0101 koment\u0101r\u0101 attiecas tie\u0161i uz mani- vi\u0146\u0161, praktiski, nolas\u012bja k\u0101 no <strong>likte\u0146gr\u0101matas.<\/strong> P\u0101rlas\u012bju vi\u0146a sac\u012bto <strong>v\u0113lreiz <\/strong>un <strong>v\u0113lreiz<\/strong>, un <strong>netic\u0113ju sav\u0101m ac\u012bm,<\/strong><span style=\"text-decoration: underline;\"> ka\u00a0 tie\u0161i<\/span><strong><span style=\"text-decoration: underline;\"> A. Pried\u012btis<\/span>, <\/strong>ko t\u0101du var\u0113ja uzrakst\u012bt<strong> <\/strong>. Katrs teikums un katrs v\u0101rds vi\u0146a koment\u0101r\u0101 ir<strong> maksim\u0101li pies\u0101tin\u0101ts <\/strong>ar <strong>patiesu inform\u0101ciju<\/strong>&#8211; lietas <strong>b\u016bt\u012bbas piln\u012bgu izpratni<\/strong>. Bet izlasiet pa\u0161i: <a href=\"http:\/\/blog.artursprieditis.lv\/?p=2464\" target=\"_blank\">http:\/\/blog.artursprieditis.lv\/?p=2464<\/a><\/span><\/p>\n<p><span style=\"color: #003300;\"> <\/span><\/p>\n<p><span style=\"color: #003300;\"> <\/span><\/p>\n<p><span style=\"color: #003300;\"> <\/span><\/p>\n<p><span style=\"color: #008000;\">Posted on <a title=\"6:39 pm\" href=\"http:\/\/blog.artursprieditis.lv\/?p=2464\" target=\"_blank\">j\u016blijs 31, 2015<\/a> by <a title=\"View all posts by Art\u016brs\" href=\"http:\/\/blog.artursprieditis.lv\/?author=1\" target=\"_blank\">Art\u016brs<\/a><\/span><\/p>\n<p><span style=\"color: #008000;\"> <\/span><\/p>\n<p><span style=\"color: #008000;\"> <\/span><\/p>\n<p><span style=\"color: #008000;\"> <\/span><\/p>\n<p><span style=\"color: #008000;\"><strong><a href=\"http:\/\/tautastribunals.eu\/wp-content\/uploads\/2015\/09\/Arturs-Pried\u012btis.L.-Granti\u0146\u0161-Bitenieks-Dzintars..PNG\"><img decoding=\"async\" loading=\"lazy\" class=\"alignleft size-full wp-image-28494\" title=\"Arturs Pried\u012btis.L. Granti\u0146\u0161, Bitenieks, Dzintars.\" src=\"http:\/\/tautastribunals.eu\/wp-content\/uploads\/2015\/09\/Arturs-Pried\u012btis.L.-Granti\u0146\u0161-Bitenieks-Dzintars..PNG\" alt=\"Arturs Pried\u012btis.L. Granti\u0146\u0161, Bitenieks, Dzintars.\" width=\"337\" height=\"203\" srcset=\"https:\/\/tautastribunals.eu\/wp-content\/uploads\/2015\/09\/Arturs-Pried\u012btis.L.-Granti\u0146\u0161-Bitenieks-Dzintars..PNG 802w, https:\/\/tautastribunals.eu\/wp-content\/uploads\/2015\/09\/Arturs-Pried\u012btis.L.-Granti\u0146\u0161-Bitenieks-Dzintars.-300x181.PNG 300w, https:\/\/tautastribunals.eu\/wp-content\/uploads\/2015\/09\/Arturs-Pried\u012btis.L.-Granti\u0146\u0161-Bitenieks-Dzintars.-800x484.PNG 800w\" sizes=\"(max-width: 337px) 100vw, 337px\" \/><\/a><em>L.Granti\u0146a<\/em><\/strong><em> piekau\u0161ana un sp\u012bdzin\u0101\u0161ana pie mums <strong>Latvij\u0101 <\/strong>ir svar\u012bgs pagrieziens noziegumu br\u012bv\u012bb\u0101, ieg\u016bstot asoci\u0101cijas ar fa\u0161isma varas form\u0101tiem. T\u0101di ekscesi v\u0113l <span style=\"text-decoration: underline;\">nebija piedz\u012bvoti p\u0113cpadomju visat\u013caut\u012bb\u0101<\/span>, kad visat\u013caut\u012bba ir varas strukt\u016bru apzi\u0146as pamats un t\u0101tad ar\u012b darb\u012bbas un atbild\u012bbas m\u0113rs. <strong>Visat\u013caut\u012bba, nesodam\u012bba,<\/strong> <strong>mor\u0101l\u0101 <\/strong>un<strong> juridisk\u0101 bezatbild\u012bba<\/strong>. <strong>Tie ir galvenie<\/strong> m\u016bsu dz\u012bves <strong>tiesiskuma<\/strong> un <strong>taisn\u012bguma<\/strong> atrib\u016bti aizvad\u012btajos 25 gados. <strong>Granti\u0146a <\/strong>kunga attieksmi var saprast. Katr\u0101 zi\u0146\u0101 taj\u0101 <strong>preval\u0113 bezcer\u012bba<\/strong>. <\/em><\/span><\/p>\n<p><em> <\/em><\/p>\n<p><em><span style=\"color: #008000;\">T\u0101 ir t\u0101da bezcer\u012bba <strong>ieraudz\u012bt norm\u0101lu savu dzimteni<\/strong> un <strong>tautu<\/strong>, kas ir rakstur\u012bga<strong> tikai \u012bstiem patriotiem<\/strong>.<strong> VDK<\/strong> \u012bsti patrioti nebija vajadz\u012bgi. Iesp\u0113jams, tas ir<strong> Granti\u0146a<\/strong> nelaimes avots. <strong>VDK<\/strong> bija vajadz\u012bgi tikai <strong>VDK+PSKP <\/strong>koktei\u013ca patrioti. Tie patrioti, kuriem galven\u0101s patriotisma kategorijas bija<strong> dzimtene, t\u0113vzeme un tauta, <\/strong>tika atz\u012bti par b\u012bstamiem cilv\u0113kiem un <strong>\u201ckantoris\u201d<\/strong> nesaskat\u012bja vi\u0146u <strong>piem\u0113rot\u012bbu<\/strong> <strong>VDK<\/strong> uzdevumiem. <\/span><\/em><\/p>\n<p><em> <\/em><\/p>\n<h2><em><span style=\"color: #008000;\">M\u016bsu bra\u0161\u0101 <strong>DP<\/strong> var r\u012bkoties br\u012bvi. <\/span><\/em><\/h2>\n<p><em> <\/em><\/p>\n<p><em><span style=\"color: #008000;\">Naivi ir cer\u0113t, <strong>ka valdo\u0161aj\u0101 kli\u0137\u0113 k\u0101ds baid\u0101s no Latvijas slikt\u0101s reput\u0101cijas<\/strong> un \u0161aj\u0101 gad\u012bjum\u0101 starptautiskaj\u0101m nepatik\u0161an\u0101m sakar\u0101 ar <strong>zv\u0113r\u012bb\u0101m pret Granti\u0146a kungu<\/strong>. \u0122ener\u0101lprokurat\u016br\u0101, kas ar\u012b ir katr\u0101 zi\u0146\u0101 vienota ar <strong>Granti\u0146a <\/strong>lietu (p\u0113c publiski atmaskotaj\u0101m DP zv\u0113r\u012bb\u0101m), kancelejas vad\u012bt\u0101ja ir <strong>Dina Iva\u0161ina<\/strong>. \u0160\u012b d\u0101ma dara, kas ien\u0101k pr\u0101t\u0101. Var pie\u0146emt un nepie\u0146emt iesniegumus, var atbild\u0113t un neatbild\u0113t uz v\u0113stul\u0113m. Zina, ka netiks sod\u012bta.<strong> Granti\u0146a kungs visiem m\u0113sliem parasti piesprieda ASM<\/strong>. Un tas tika dar\u012bts no<strong> bezsp\u0113c\u012bbas piedz\u012bvot element\u0101ru valstisko k\u0101rt\u012bbu sav\u0101 t\u0113vzem\u0113.<\/strong> Vi\u0146\u0161 ir zaud\u0113jis tic\u012bbu t\u0101dai iesp\u0113jai un t\u0101p\u0113c s\u0101ka visus ties\u0101t sav\u0101 <strong>ori\u0123in\u0101laj\u0101 Tautas tribun\u0101l\u0101<\/strong>. <strong>Dom\u0101ju, \u0161\u012bs fat\u0101l\u0101s bezsp\u0113c\u012bbas vad\u012bts vi\u0146\u0161 izaicino\u0161i ierad\u0101s Latvij\u0101, lai ar re\u0101lu DP, prokurat\u016bras, politisk\u0101s varas apie\u0161anos ar vi\u0146u atsegtu m\u016bsu cilv\u0113cisko pagrimumu<\/strong>. Bezsp\u0113c\u012bbu stimul\u0113 ar\u012b apzi\u0146a, ka latvie\u0161i nav sp\u0113j\u012bgi pretoties fa\u0161istiskiem form\u0101tiem. Te nav <strong>V\u0101cija<\/strong>, kur t\u0101das neliet\u012bbas sabiedr\u012bba neatst\u0101j bez adekv\u0101tas reakcijas.<\/span><\/em><\/p>\n<p><span style=\"color: #003300;\"> <\/span><\/p>\n<p><span style=\"color: #003300;\">Tie\u0161i t\u0101, <strong>Pried\u012b\u0161a kungs<\/strong>, J\u016bs pareizi pateic\u0101t par manu iera\u0161an\u0101s m\u0113r\u0137i. Tikai vienu gan es nebiju gaid\u012bjis, tik \u0101rpr\u0101t\u012bgu brutalit\u0101ti un \u0101rpr\u0101ta melus piln\u012bgi no vis\u0101m amatperson\u0101m. Ja man k\u0101ds iepriek\u0161 b\u016btu sac\u012bjis, ka t\u0101 var melot, nekad neb\u016btu notic\u0113jis.<\/span><\/p>\n<p><span style=\"color: #003300;\"> <\/span><\/p>\n<p><span style=\"color: #003300;\"> <\/span><\/p>\n<p><span style=\"text-decoration: underline;\">===========================================================================<\/span><\/p>\n<p><span style=\"color: #003300;\"><a href=\"http:\/\/tautastribunals.eu\/wp-content\/uploads\/2015\/09\/V.AGE\u0160INSME\u017dVIETSKOZLOVSKIS-URBANOVI\u010cSLRTTBITENIEKS.PNG\"><img decoding=\"async\" loading=\"lazy\" class=\"alignleft size-full wp-image-28503\" title=\"V.AGE\u0160INS,ME\u017dVIETS,KOZLOVSKIS, URBANOVI\u010cS,LRTT,BITENIEKS\" src=\"http:\/\/tautastribunals.eu\/wp-content\/uploads\/2015\/09\/V.AGE\u0160INSME\u017dVIETSKOZLOVSKIS-URBANOVI\u010cSLRTTBITENIEKS.PNG\" alt=\"V.AGE\u0160INS,ME\u017dVIETS,KOZLOVSKIS, URBANOVI\u010cS,LRTT,BITENIEKS\" width=\"344\" height=\"242\" srcset=\"https:\/\/tautastribunals.eu\/wp-content\/uploads\/2015\/09\/V.AGE\u0160INSME\u017dVIETSKOZLOVSKIS-URBANOVI\u010cSLRTTBITENIEKS.PNG 658w, https:\/\/tautastribunals.eu\/wp-content\/uploads\/2015\/09\/V.AGE\u0160INSME\u017dVIETSKOZLOVSKIS-URBANOVI\u010cSLRTTBITENIEKS-300x211.PNG 300w\" sizes=\"(max-width: 344px) 100vw, 344px\" \/><\/a><span style=\"text-decoration: underline;\"><strong>Bet, sakar\u0101 ar manu arestu, ir v\u0113l ar\u012b cits viedoklis<\/strong><\/span> par<strong> Granti\u0146u,<\/strong> kuru izsaka k\u0101ds okupantu p\u0113ctecis <strong>Ag\u0113\u0161ins<\/strong><strong>. <\/strong><\/span><\/p>\n<p><span style=\"color: #003300;\">\u0160aj\u0101 gad\u012bjum\u0101 pat nav j\u0101pier\u0101da, ka cilv\u0113ks sav\u0101 naid\u0101 pret latvie\u0161iem un <strong>Latviju<\/strong>, ir pieskait\u0101ms pie klasiska idiota: <\/span><\/p>\n<p><em><a href=\"https:\/\/www.facebook.com\/agesins?fref=ufi\" target=\"_blank\">Val\u0113rijs Age\u0161ins<\/a> <a href=\"https:\/\/www.facebook.com\/guntars.baumanis.7?hc_location=ufi\" target=\"_blank\">Guntars Baumanis<\/a> <span style=\"color: #0000ff;\"> <\/span><\/em><\/p>\n<p><em><span style=\"color: #0000ff;\"><span style=\"color: #003366;\"><span style=\"color: #008080;\">V\u0101cijas pilsonis Granti\u0146\u0161 man<\/span><span style=\"color: #008080;\"> <\/span><\/span><span style=\"color: #008080;\">jau 2002. gad\u0101, kad pirmoreiz k\u013cuvu par Saeimas deput\u0101tu, piesprieda \u201caugst\u0101ko soda m\u0113ru\u201d. To vi\u0146\u0161 piesprieda, k\u0101 zin\u0101ms, ar\u012b eksprezidentei Vairai V\u012b\u0137ei\u2013Freibergai. Tolaik tam lielu uzman\u012bbu nepiev\u0113rsu. Ta\u010du 2013. gad\u0101 tika p\u0101rk\u0101pta robe\u017ea. Esmu sa\u0146\u0113mis v\u0113st\u012bjumu, ka man piespriests \u201caugst\u0101kais soda m\u0113rs\u201d, pieminot manu taut\u012bbu, un man person\u012bgi tika izteikti fiziskas izr\u0113\u0137in\u0101\u0161anas draudi par noziegumiem, kurus nek\u0101di nevar\u0113ju pastr\u0101d\u0101t. Turkl\u0101t draudi tika izteikti man k\u0101 Nacion\u0101l\u0101s dro\u0161\u012bbas komisijas loceklim, un \u0161\u0101ds pazi\u0146ojums tika izs\u016bt\u012bts uz visu 100 Saeimas deput\u0101tu e\u2013pasta adres\u0113m. T\u0101p\u0113c par notiku\u0161o nekav\u0113joties inform\u0113ju gan Dro\u0161\u012bbas policiju, gan \u0122ener\u0101lprokurat\u016bru (iesniegums par draudiem par izr\u0113\u0137in\u0101\u0161anos).<\/span><\/span><\/em><\/p>\n<p><span style=\"color: #008080;\"> <\/span><\/p>\n<p><span style=\"color: #008080;\"><span style=\"color: #003300;\">Mana, pirms gada rakst\u012bt\u0101 atbilde <strong>Age\u0161ina<\/strong> murgam: <\/span><em>&#8220;Te nu j\u0101saka:<strong> \u201cKrievu<\/strong><\/em><em>(varb\u016bt \u017e\u012bdu)<\/em><em> <strong>pidri\u0137i, neapkauno savu tautu ar \u0161iem alkoholi\u0137a murgiem.\u201d<\/strong> Pirmk\u0101rt: es t\u0101das niec\u012bbas k\u0101 tevi neiev\u0113roju, jo tu priek\u0161 manas tautas, un ar\u012b person\u012bgi priek\u0161 manis, esi ienaidnieks.<strong> LRTT<\/strong> visu uzman\u012bbu velt\u012b <strong>nodev\u0113jiem<\/strong>, kuri ir daudz liel\u0101ki izdzimte\u0146i par ienaidnieku. Man\u0101 <strong>NODEV\u0112JU KARTOT\u0112K\u0100 <\/strong>tavs v\u0101rds nav atrodams, bet <strong>IENAIDNIEKU KARTOT\u0112KAS<\/strong> man nav. T\u0101 k\u0101 tev nepien\u0101kas t\u0101ds gods, kuru tu tik \u013coti grib\u0113tu izpeln\u012bties <strong>MASKAVAS <\/strong>ac\u012bs. Pasaki saviem <strong>Maskavas <\/strong>kungiem, ka <strong>LRTT<\/strong> tevi ir nov\u0113rt\u0113jis zem\u0101k pat par za\u0137a <strong>spiru<\/strong><\/em><em>(spira, V\u013cera, ir za\u0137a kaka).<\/em><em> <\/em><\/span><\/p>\n<h2><span style=\"color: #008080;\"><em>Tavai cent\u012bbai,<strong> Age\u0161in<\/strong>, ir <\/em><em><span style=\"text-decoration: underline;\">\u0161izofr\u0113niskas iez\u012bmes<\/span><\/em><em>. <\/em><\/span><\/h2>\n<p><span style=\"color: #008080;\"> <\/span><\/p>\n<p><span style=\"color: #008080;\"><em>2002. gad\u0101 <strong>LRTT<\/strong> tev nevar\u0113ja piespriest <strong>ASM<\/strong><\/em><em>(nevis n\u0101vessodu)<\/em><em> t\u0101p\u0113c vien, ka<strong> TT<\/strong> tika dibin\u0101ts tikai <strong>2006. gad\u0101, bet i- vietne 2009.gad\u0101.<\/strong><\/em><\/span><\/p>\n<p><span style=\"color: #008080;\"> <\/span><\/p>\n<p><span style=\"color: #008080;\"> <\/span><\/p>\n<p><span style=\"color: #008080;\"> <\/span><\/p>\n<p><span style=\"color: #008080;\"><em>J\u0101,<strong> Age\u0161in<\/strong>, k\u0101 gribas kaut kam b\u016bt, it sevi\u0161\u0137i tad, ja <span style=\"text-decoration: underline;\">nekas neesi<\/span>.\u201d<\/em><\/span><\/p>\n<p><span style=\"color: #0000ff;\"> <\/span><\/p>\n<p><span style=\"text-decoration: underline;\">==========================================================================<\/span><\/p>\n<p><span style=\"color: #003300;\">Mums visiem ir ska\u013ci j\u0101run\u0101 par \u0161iem <strong>gara krop\u013ciem<\/strong>, kuri \u0161odien ir <span style=\"text-decoration: underline;\">aps\u0113du\u0161i m\u016bsu <strong>Dzimteni<\/strong><\/span> un, kuri ar <strong>medikamentiem<\/strong> un<strong> <\/strong><\/span><strong>psihomanipulat\u012bv\u0101s tehnolo\u0123ijas<\/strong> iero\u010du<span style=\"color: #003300;\"> pal\u012bdz\u012bbu <strong>slepkavo <\/strong>un <strong>zomb\u0113<\/strong> cilv\u0113kus.<\/span><\/p>\n<p><span style=\"color: #003300;\"> <\/span><\/p>\n<h2><span style=\"color: #003300;\">Dievs sv\u0113ti Latviju !<\/span><\/h2>\n<p><span style=\"color: #003300;\">19.09.15<br \/>\n<\/span><\/p>\n<p><span style=\"color: #003300;\"> <\/span><\/p>\n<p><span style=\"color: #003300;\"><span style=\"color: #ff0000;\">***<\/span>Kas attiec\u0101s uz valdo\u0161o kli\u0137i, tad mums ar<strong> Pried\u012bti<\/strong> uzskati sakr\u012bt, bet vis\u0101 p\u0101r\u0113j\u0101 m\u0113s esam piln\u012bgi pret\u0113j\u0101s ierakuma pus\u0113s. Nu labi, ka vismaz tik daudz. Bet varb\u016bt, ka <strong>Pried\u012btis beidzot <\/strong>ir sapratis<em>(tas b\u016btu v\u0113rt\u012bgs ieguvums m\u016bsu tautai)<\/em>, ka aiz viet\u0113j\u0101s kli\u0137es st\u0101v tie, kurus vi\u0146\u0161 tik briesm\u012bgi ir aizst\u0101v\u0113jis- komunisti. <\/span><\/p>\n<p><a href=\"http:\/\/tautastribunals.eu\/wp-content\/uploads\/2015\/09\/j\u0101nis-vanagseva-\u0101lere-t\u0101livaldis-t\u0101lbergsaleksejs-\u013cedjajevsaivars-gardajuris-lapinskis4.PNG\"><img decoding=\"async\" loading=\"lazy\" class=\"alignleft size-full wp-image-28487\" title=\"j\u0101nis vanags,eva \u0101lere, t\u0101livaldis t\u0101lbergs,aleksejs \u013cedjajevs,aivars garda,juris lapinskis\" src=\"http:\/\/tautastribunals.eu\/wp-content\/uploads\/2015\/09\/j\u0101nis-vanagseva-\u0101lere-t\u0101livaldis-t\u0101lbergsaleksejs-\u013cedjajevsaivars-gardajuris-lapinskis4.PNG\" alt=\"j\u0101nis vanags,eva \u0101lere, t\u0101livaldis t\u0101lbergs,aleksejs \u013cedjajevs,aivars garda,juris lapinskis\" width=\"644\" height=\"45\" srcset=\"https:\/\/tautastribunals.eu\/wp-content\/uploads\/2015\/09\/j\u0101nis-vanagseva-\u0101lere-t\u0101livaldis-t\u0101lbergsaleksejs-\u013cedjajevsaivars-gardajuris-lapinskis4.PNG 1101w, https:\/\/tautastribunals.eu\/wp-content\/uploads\/2015\/09\/j\u0101nis-vanagseva-\u0101lere-t\u0101livaldis-t\u0101lbergsaleksejs-\u013cedjajevsaivars-gardajuris-lapinskis4-300x20.PNG 300w, https:\/\/tautastribunals.eu\/wp-content\/uploads\/2015\/09\/j\u0101nis-vanagseva-\u0101lere-t\u0101livaldis-t\u0101lbergsaleksejs-\u013cedjajevsaivars-gardajuris-lapinskis4-800x55.PNG 800w\" sizes=\"(max-width: 644px) 100vw, 644px\" \/><\/a><a href=\"http:\/\/tautastribunals.eu\/wp-content\/uploads\/2015\/09\/Andris-B\u0113rzi\u0146\u0161-Ivars-Ivars-Godmanis-Guntis-Indriksons-Anatolijs-Gorbunovs-Aivars-Borovkovs-J\u0101nis-Urbanovi\u010ds2.PNG\"><img decoding=\"async\" loading=\"lazy\" class=\"alignleft size-full wp-image-28490\" title=\"Andris-B\u0113rzi\u0146\u0161-Ivars-Ivars-Godmanis-Guntis-Indriksons-Anatolijs-Gorbunovs-Aivars-Borovkovs-J\u0101nis-Urbanovi\u010ds\" src=\"http:\/\/tautastribunals.eu\/wp-content\/uploads\/2015\/09\/Andris-B\u0113rzi\u0146\u0161-Ivars-Ivars-Godmanis-Guntis-Indriksons-Anatolijs-Gorbunovs-Aivars-Borovkovs-J\u0101nis-Urbanovi\u010ds2.PNG\" alt=\"Andris-B\u0113rzi\u0146\u0161-Ivars-Ivars-Godmanis-Guntis-Indriksons-Anatolijs-Gorbunovs-Aivars-Borovkovs-J\u0101nis-Urbanovi\u010ds\" width=\"645\" height=\"293\" srcset=\"https:\/\/tautastribunals.eu\/wp-content\/uploads\/2015\/09\/Andris-B\u0113rzi\u0146\u0161-Ivars-Ivars-Godmanis-Guntis-Indriksons-Anatolijs-Gorbunovs-Aivars-Borovkovs-J\u0101nis-Urbanovi\u010ds2.PNG 1020w, https:\/\/tautastribunals.eu\/wp-content\/uploads\/2015\/09\/Andris-B\u0113rzi\u0146\u0161-Ivars-Ivars-Godmanis-Guntis-Indriksons-Anatolijs-Gorbunovs-Aivars-Borovkovs-J\u0101nis-Urbanovi\u010ds2-300x136.PNG 300w, https:\/\/tautastribunals.eu\/wp-content\/uploads\/2015\/09\/Andris-B\u0113rzi\u0146\u0161-Ivars-Ivars-Godmanis-Guntis-Indriksons-Anatolijs-Gorbunovs-Aivars-Borovkovs-J\u0101nis-Urbanovi\u010ds2-800x363.PNG 800w\" sizes=\"(max-width: 645px) 100vw, 645px\" \/><\/a>L\u016bk, k\u0101da interesanta zi\u0146a: <strong>Bulg\u0101rija<\/strong> <span style=\"text-decoration: underline;\">atce\u013c noilgumu komunistiskajiem noziegumiem<\/span>: <a href=\"http:\/\/www.tvnet.lv\/zinas\/arvalstis\/576348-bulgarija_atcel_noilgumu_komunistiskajiem_noziegumiem\">http:\/\/www.tvnet.lv\/zinas\/arvalstis\/576348-bulgarija_atcel_noilgumu_komunistiskajiem_noziegumiem<\/a><\/p>\n<p>Ar\u012b <strong>Latvij\u0101<\/strong> tas notiks un tad,<strong> 4.maija kli\u0137e <\/strong>piln\u0101 sast\u0101v\u0101 tiks p\u0101rcelta uz <strong>H\u0101gu- NIRNBERGA -2<\/strong><\/p>\n<p><strong>=======================================================================<\/strong><\/p>\n<h2><span style=\"color: #008000;\"><strong><a href=\"http:\/\/tautastribunals.eu\/wp-content\/uploads\/2015\/09\/LRTT.H-86.PNG\"><img decoding=\"async\" loading=\"lazy\" class=\"alignleft size-full wp-image-28526\" title=\"LRTT.H-86\" src=\"http:\/\/tautastribunals.eu\/wp-content\/uploads\/2015\/09\/LRTT.H-86.PNG\" alt=\"LRTT.H-86\" width=\"285\" height=\"117\" \/><\/a>Un tagad mazliet kas atp\u016btai:<\/strong><\/span><\/h2>\n<p><a href=\"https:\/\/www.youtube.com\/watch?v=WW2FwJqf2Pw\"><strong>https:\/\/www.youtube.com\/watch?v=WW2FwJqf2Pw<\/strong><\/a><\/p>\n<p><strong><span style=\"color: #008000;\">M\u012bli to, ko ir v\u0113rts m\u012bl\u0113t,<br \/>\naizmirsti to, ko nav v\u0113rts atcer\u0113ties,<br \/>\nlepojies ar to, kas ir lepnuma v\u0113rts !<\/span><br \/>\n<\/strong><\/p>\n<p><span style=\"color: #003300;\"> <\/span><\/p>\n","protected":false},"excerpt":{"rendered":"<p>Par DP band\u012btisko uzved\u012bbu un metod\u0113m vair\u0101kk\u0101rt ir rakst\u012bjis PIETIEK.com. Lielu uzman\u012bbu ieguva ar\u012b k\u0101rsavie\u0161a Raita Kononova intervija laikrakst\u0101 \u201cLudzas Zeme\u201d: \u201cVisu(kontrabandu) kontrol\u0113ja Reinika komanda jau no devi\u0146desmitajiem gadiem. Kad veidoj\u0101s dro\u0161\u012bbas policija, apvienoj\u0101s&#46;&#46;&#46;<\/p>\n","protected":false},"author":1,"featured_media":0,"comment_status":"open","ping_status":"open","sticky":false,"template":"","format":"standard","meta":[],"categories":[1],"tags":[],"_links":{"self":[{"href":"https:\/\/tautastribunals.eu\/index.php?rest_route=\/wp\/v2\/posts\/28398"}],"collection":[{"href":"https:\/\/tautastribunals.eu\/index.php?rest_route=\/wp\/v2\/posts"}],"about":[{"href":"https:\/\/tautastribunals.eu\/index.php?rest_route=\/wp\/v2\/types\/post"}],"author":[{"embeddable":true,"href":"https:\/\/tautastribunals.eu\/index.php?rest_route=\/wp\/v2\/users\/1"}],"replies":[{"embeddable":true,"href":"https:\/\/tautastribunals.eu\/index.php?rest_route=%2Fwp%2Fv2%2Fcomments&post=28398"}],"version-history":[{"count":86,"href":"https:\/\/tautastribunals.eu\/index.php?rest_route=\/wp\/v2\/posts\/28398\/revisions"}],"predecessor-version":[{"id":28555,"href":"https:\/\/tautastribunals.eu\/index.php?rest_route=\/wp\/v2\/posts\/28398\/revisions\/28555"}],"wp:attachment":[{"href":"https:\/\/tautastribunals.eu\/index.php?rest_route=%2Fwp%2Fv2%2Fmedia&parent=28398"}],"wp:term":[{"taxonomy":"category","embeddable":true,"href":"https:\/\/tautastribunals.eu\/index.php?rest_route=%2Fwp%2Fv2%2Fcategories&post=28398"},{"taxonomy":"post_tag","embeddable":true,"href":"https:\/\/tautastribunals.eu\/index.php?rest_route=%2Fwp%2Fv2%2Ftags&post=28398"}],"curies":[{"name":"wp","href":"https:\/\/api.w.org\/{rel}","templated":true}]}}