{"id":28281,"date":"2015-09-14T11:43:34","date_gmt":"2015-09-14T08:43:34","guid":{"rendered":"http:\/\/tautastribunals.eu\/?p=28281"},"modified":"2015-09-14T17:28:07","modified_gmt":"2015-09-14T14:28:07","slug":"j-ziverts-paliek-ar-vien-baisak","status":"publish","type":"post","link":"https:\/\/tautastribunals.eu\/?p=28281","title":{"rendered":"J. Z\u012bverts. Paliek ar vien bais\u0101k !"},"content":{"rendered":"<p><strong><span style=\"color: #008000;\">Ja godav\u012bru z\u0101k\u0101 pe\u013c,\/ Bet neliet\u012bbu god\u0101 ce\u013c,\/ T\u0101 zeme lemta n\u012bc\u012bbai,\/\u0160\u0101ds liktens nolemts Latvijai ?!<\/span><\/strong><\/p>\n<p><span style=\"color: #003300;\"> <\/span><\/p>\n<p><span style=\"color: #003300;\"><a href=\"http:\/\/tautastribunals.eu\/wp-content\/uploads\/2015\/09\/Za\u013c\u0161-tautastribunals.eu6.png\"><img decoding=\"async\" loading=\"lazy\" class=\"alignleft size-full wp-image-28282\" title=\"Za\u013c\u0161, tautastribunals.eu\" src=\"http:\/\/tautastribunals.eu\/wp-content\/uploads\/2015\/09\/Za\u013c\u0161-tautastribunals.eu6.png\" alt=\"Za\u013c\u0161, tautastribunals.eu\" width=\"629\" height=\"88\" srcset=\"https:\/\/tautastribunals.eu\/wp-content\/uploads\/2015\/09\/Za\u013c\u0161-tautastribunals.eu6.png 950w, https:\/\/tautastribunals.eu\/wp-content\/uploads\/2015\/09\/Za\u013c\u0161-tautastribunals.eu6-300x42.png 300w, https:\/\/tautastribunals.eu\/wp-content\/uploads\/2015\/09\/Za\u013c\u0161-tautastribunals.eu6-800x112.png 800w\" sizes=\"(max-width: 629px) 100vw, 629px\" \/><\/a><a href=\"http:\/\/tautastribunals.eu\/wp-content\/uploads\/2015\/09\/J\u0101nis-Z\u012bverts-Pried\u012btis-komunists-\u017e\u012bdi-bo\u013c\u0161eviki-slepkavas.jpg\"><img decoding=\"async\" loading=\"lazy\" class=\"alignleft size-full wp-image-28361\" title=\"J\u0101nis Z\u012bverts, Pried\u012btis, komunists, \u017e\u012bdi, bo\u013c\u0161eviki, slepkavas\" src=\"http:\/\/tautastribunals.eu\/wp-content\/uploads\/2015\/09\/J\u0101nis-Z\u012bverts-Pried\u012btis-komunists-\u017e\u012bdi-bo\u013c\u0161eviki-slepkavas.jpg\" alt=\"J\u0101nis Z\u012bverts, Pried\u012btis, komunists, \u017e\u012bdi, bo\u013c\u0161eviki, slepkavas\" width=\"139\" height=\"221\" \/><\/a>\u0160aj\u0101<strong> \u201cpupu mizu\u201d <\/strong>valsti\u0146\u0101, par k\u0101du p\u0101rv\u0113rsta <strong>Latvija,<\/strong> iesp\u0113jams viss !<\/span><\/p>\n<p><span style=\"color: #003300;\"> <\/span><\/p>\n<p><span style=\"color: #003300;\">Tas, kas notika ar Br\u012bv\u012bbas c\u012bn\u012bt\u0101ju, <strong>Triju Zvaig\u017e\u0146u orde\u0146a lielvirsnieku<\/strong> un latvieti <strong>Linardu Granti\u0146u<\/strong>, pier\u0101da un par\u0101da, k\u0101d\u0101 valst\u012b dz\u012bvojam <strong>! Demokr\u0101tiska<\/strong> un <strong>Tiesiska <\/strong>t\u0101 ir <strong><span style=\"text-decoration: underline;\">tikai uz pap\u012bra,<\/span><\/strong> bet ne dz\u012bv\u0113.<\/span><\/p>\n<p><span style=\"color: #003300;\"> <\/span><\/p>\n<p><span style=\"color: #003300;\">Arest\u0113jot <strong>Linardu Granti\u0146u, \u201cbr\u012bv\u0101s\u201d Latvijas VPP(K)<\/strong> cent\u0101s p\u0101rsp\u0113t savu skolot\u0101ju, padomju \u010dekistu metodes. Salau\u017eot <strong>Linardam <\/strong>locek\u013cus, piekaujot, pazemojot par\u0101d\u012bja baiso \u012bsten\u012bbu, k\u0101d\u0101 dz\u012bvojam. Un tas viss tikai par to, ka <strong>Linards Granti\u0146\u0161<\/strong> atkl\u0101ja un pauda<strong> Paties\u012bbu<\/strong> par \u0161\u012bs<strong><span style=\"text-decoration: underline;\"> nodev\u012bg\u0101s valdo\u0161\u0101s kli\u0137es <\/span><\/strong>darb\u012bbu nu jau ceturtda\u013cgadsimta gadsimta garum\u0101.<\/span><\/p>\n<p><span style=\"color: #003300;\"> <\/span><\/p>\n<p><span style=\"color: #003300;\">Darb\u012bbu, kuras rezult\u0101t\u0101 <strong>Latvija <\/strong>paliek arvien br\u012bv\u0101ka no latvie\u0161iem.<\/span><\/p>\n<p><span style=\"color: #003300;\"> <\/span><\/p>\n<p><span style=\"color: #003300;\">5. kolonnas<em>(okupantu, migrantu kolonistu) interes\u0113s<\/em>, lai<strong> Latvija <\/strong>b\u016btu piln\u012bgi br\u012bva no latvie\u0161iem, ko vi\u0146i ar\u012b atkl\u0101ti deklar\u0113. Vi\u0146i<em>(5. kolonna) <\/em>dr\u012bkst <strong>latvie\u0161us apmelot, no\u0137eng\u0101t, nomelnot<\/strong> utt., utjpr.<\/span><\/p>\n<p><span style=\"color: #003300;\"> <\/span><\/p>\n<p><span style=\"color: #003300;\">T\u0101, vi\u0146upr\u0101t, esot v\u0101rda br\u012bv\u012bba <strong>\u201cdemokr\u0101tiska\u201d,<\/strong> savu ties\u012bbu aizst\u0101v\u012bba utt., tikai latvietis nedr\u012bkst sevi aizst\u0101v\u0113t un ja to uzdro\u0161in\u0101s, iet va\u013c\u0101 br\u0113ka par <strong>ekstr\u0113mismu, rusofobiju, nacion\u0101lradik\u0101lismu<\/strong>, l\u012bdz beig\u0101s non\u0101k pie <strong>neonacisma <\/strong>un<strong> fa\u0161isma<\/strong>.<\/span><\/p>\n<p><span style=\"color: #003300;\"> <\/span><\/p>\n<p><span style=\"color: #003300;\">T\u0101 tas notika ar\u012b ar <strong>Linardu Granti\u0146u,<\/strong> kur\u0161 nu k\u013cuva par naida kurin\u0101t\u0101ju, kaut gan naida inde mekl\u0113jama<strong> 5. kolonnas<\/strong> rind\u0101s.<\/span><\/p>\n<p><span style=\"color: #003300;\"> <\/span><\/p>\n<p><span style=\"color: #003300;\">Atkal j\u0101atceras vec\u0101 paties\u012bba, ka lab\u0101kais aizsarg\u0101\u0161an\u0101s veids ir uzbrukums, bet laup\u012bt\u0101jam laup\u012bt\u0101ja filozofija.<\/span><\/p>\n<p><span style=\"color: #003300;\"> <\/span><\/p>\n<p><span style=\"color: #003300;\">Sarkanais fa\u0161isms v\u0113l nav miris !!!<\/span><\/p>\n<p><span style=\"color: #003300;\"> <\/span><\/p>\n<p><span style=\"color: #003300;\">Tas redzams ik uz so\u013ca-<strong> 9. maijs, 16. marts <\/strong>un <strong>katru m\u012b\u013cu dienu<\/strong>.<\/span><\/p>\n<p><span style=\"color: #003300;\"> <\/span><\/p>\n<p><span style=\"color: #003300;\">Naids pret latvie\u0161u tautu un latvie\u0161u valsti turpin\u0101sies, kam\u0113r vi\u0146i<em>(okupanti,migranti)<\/em> b\u016bs \u0161eit.<\/span><\/p>\n<p><span style=\"color: #003300;\"> <\/span><\/p>\n<p><span style=\"color: #003300;\">Vilks spalvu met, bet ne dabu.<\/span><\/p>\n<p><span style=\"color: #003300;\"> <\/span><\/p>\n<p><span style=\"color: #003300;\"><strong>Latvija<\/strong> atrodas uz <span style=\"text-decoration: underline;\">politisk\u0101 un ekonomisk\u0101 sabrukuma robe\u017e\u0101s<\/span> !<\/span><\/p>\n<p><span style=\"color: #003300;\"> <\/span><\/p>\n<p><span style=\"color: #003300;\">Par \u0161o<strong> Paties\u012bbas<\/strong> pau\u0161anu <strong>Linarda Granti\u0146a<\/strong> vesel\u012bba un dz\u012bv\u012bba ir apdraud\u0113ta !<\/span><\/p>\n<p><span style=\"color: #003300;\"> <\/span><\/p>\n<p><span style=\"color: #003300;\">Un tas notiek \u0161odien, it k\u0101 <strong>demokr\u0101tisk\u0101, tiesisk\u0101<\/strong> un <strong>br\u012bv\u0101 Latvij\u0101<\/strong> !<\/span><\/p>\n<p><span style=\"color: #003300;\"> <\/span><\/p>\n<p><span style=\"color: #003300;\">Paliek baisi, redzot \u0161o skaudro \u012bsten\u012bbu !<\/span><\/p>\n<p><span style=\"color: #003300;\"> <\/span><\/p>\n<p><span style=\"color: #003300;\">J\u0101l\u016bdz <strong>Dievs<\/strong>, lai <strong>E. Finka<\/strong> pare\u0123ojums piepild\u012btos !<\/span><\/p>\n<p><span style=\"color: #003300;\"> <\/span><\/p>\n<p><span style=\"color: #003300;\">Ar cer\u012bb\u0101m uz<strong> Finku, J\u0101nis Z\u012bverts,<\/strong> latvietis.<\/span><\/p>\n<p><span style=\"color: #003300;\">J. Z\u012bverts\u00a0\u00a0\u00a0\u00a0\u00a0\u00a0\u00a0 14.09.15<br \/>\n<\/span><\/p>\n<p><span style=\"color: #003300;\"> <\/span><\/p>\n<p><span style=\"color: #003300;\"> <\/span><\/p>\n<p><span style=\"color: #003300;\"> <\/span><\/p>\n<p><span style=\"color: #003300;\">P.S.<\/span><\/p>\n<p><span style=\"color: #003300;\"> <\/span><\/p>\n<p><span style=\"color: #003300;\">Ar\u012b dancis ap \u010dekas <strong>\u201cmaisiem\u201d<\/strong> par\u0101da un pier\u0101da to, ka neko t\u0101lu no <strong>Padomijas<\/strong> neesam aizg\u0101ju\u0161i.<\/span><\/p>\n<p><span style=\"text-decoration: underline;\"><a href=\"http:\/\/tautastribunals.eu\/wp-content\/uploads\/2015\/09\/j\u0101nis-vanagseva-\u0101lere-t\u0101livaldis-t\u0101lbergsaleksejs-\u013cedjajevsaivars-gardajuris-lapinskis1.PNG\"><img decoding=\"async\" loading=\"lazy\" class=\"alignleft size-full wp-image-28364\" title=\"j\u0101nis vanags,eva \u0101lere, t\u0101livaldis t\u0101lbergs,aleksejs \u013cedjajevs,aivars garda,juris lapinskis\" src=\"http:\/\/tautastribunals.eu\/wp-content\/uploads\/2015\/09\/j\u0101nis-vanagseva-\u0101lere-t\u0101livaldis-t\u0101lbergsaleksejs-\u013cedjajevsaivars-gardajuris-lapinskis1.PNG\" alt=\"j\u0101nis vanags,eva \u0101lere, t\u0101livaldis t\u0101lbergs,aleksejs \u013cedjajevs,aivars garda,juris lapinskis\" width=\"644\" height=\"45\" srcset=\"https:\/\/tautastribunals.eu\/wp-content\/uploads\/2015\/09\/j\u0101nis-vanagseva-\u0101lere-t\u0101livaldis-t\u0101lbergsaleksejs-\u013cedjajevsaivars-gardajuris-lapinskis1.PNG 1101w, https:\/\/tautastribunals.eu\/wp-content\/uploads\/2015\/09\/j\u0101nis-vanagseva-\u0101lere-t\u0101livaldis-t\u0101lbergsaleksejs-\u013cedjajevsaivars-gardajuris-lapinskis1-300x20.PNG 300w, https:\/\/tautastribunals.eu\/wp-content\/uploads\/2015\/09\/j\u0101nis-vanagseva-\u0101lere-t\u0101livaldis-t\u0101lbergsaleksejs-\u013cedjajevsaivars-gardajuris-lapinskis1-800x55.PNG 800w\" sizes=\"(max-width: 644px) 100vw, 644px\" \/><\/a>==========================================================================<\/span><\/p>\n<p><span style=\"color: #008000;\">\u0160eit es v\u0113los par\u0101d\u012bt v\u0113l k\u0101du \u0161odienas<strong> Latvijas rad\u012bbu<\/strong><em>(kreat\u016bru),<\/em> kurai <strong><span style=\"text-decoration: underline;\">meli<\/span><\/strong> ir dz\u012bves <strong><span style=\"text-decoration: underline;\">neat\u0146emama sast\u0101vda\u013ca<\/span><\/strong>. <\/span><\/p>\n<p><span style=\"color: #008000;\"><a href=\"http:\/\/tautastribunals.eu\/wp-content\/uploads\/2015\/09\/Ilona-Spure-A.-Bunka-Me\u017eviets-Kozlovskis.PNG\"><img decoding=\"async\" loading=\"lazy\" class=\"alignleft size-full wp-image-28343\" title=\"Ilona Spure, A. Bunka, Me\u017eviets, Kozlovskis\" src=\"http:\/\/tautastribunals.eu\/wp-content\/uploads\/2015\/09\/Ilona-Spure-A.-Bunka-Me\u017eviets-Kozlovskis.PNG\" alt=\"Ilona Spure, A. Bunka, Me\u017eviets, Kozlovskis\" width=\"350\" height=\"199\" srcset=\"https:\/\/tautastribunals.eu\/wp-content\/uploads\/2015\/09\/Ilona-Spure-A.-Bunka-Me\u017eviets-Kozlovskis.PNG 626w, https:\/\/tautastribunals.eu\/wp-content\/uploads\/2015\/09\/Ilona-Spure-A.-Bunka-Me\u017eviets-Kozlovskis-300x171.PNG 300w\" sizes=\"(max-width: 350px) 100vw, 350px\" \/><\/a>Spriediet pa\u0161i vai vi\u0146a ir uzskat\u0101ma par cilv\u0113ku, vai vienk\u0101r\u0161i par sevis apzino\u0161u <strong>\u201crumpi\u201d,<\/strong> kas ieradies \u0161aj\u0101 pasaul\u0113, lai p\u0101rstr\u0101d\u0101tu bar\u012bbu- <strong>ra\u017eotu kakas<\/strong>.<\/span><\/p>\n<p><span style=\"color: #008000;\"> <\/span><\/p>\n<p>FOTO: <span style=\"color: #ff0000;\"><em>Ja j\u016bs k\u0101dreiz satiekat \u0161o kundzi, tad zin\u0101t, ka viss tas, kas rakstur\u012bgs cilv\u0113kam, vi\u0146ai ir koncentr\u0113ts taj\u0101 viet\u0101, kur k\u0101jas saiet kop\u0101. Ja <strong>rihards bunka <\/strong>liks, tad vi\u0146a jebkuram ielaid\u012bs lodi pier\u0113, jo kas tik<strong> &#8220;mas\u012bvi&#8221;<\/strong> melo, ir sp\u0113j\u012bgs uz visu ! Neba es vai <strong>LRTT <\/strong>tevi,<strong> Iloni\u0146<\/strong>, ties\u0101s, bet tavi<strong> \u013caunie darbi<\/strong> ! <\/em><\/span><\/p>\n<p><span style=\"color: #008000;\">Neaizmirs\u012bsim, latviet, ka \u0161ie \u013caundari, \u0161aj\u0101 gad\u012bjum\u0101 \u013caundare, tiek barota par tevis maks\u0101tajiem nodok\u013ciem.<\/span><\/p>\n<p><span style=\"color: #008000;\"> <\/span><\/p>\n<p><span style=\"color: #008000;\">Cit\u0101ts no<a href=\"http:\/\/www.pietiek.com\/raksti\/tiesibsargs__pamodies__un__pamanijis__grantina_brutalas_aizturesanas_lietu\"> pietiek.com:<\/a><\/span><\/p>\n<p><span style=\"color: #008000;\"> <\/span><\/p>\n<h2><span style=\"color: #0000ff;\">Ieslodz\u012bjumu vietas p\u0101rvaldes priek\u0161niece <strong>Ilona Spure<\/strong>.<\/span><\/h2>\n<p><span style=\"color: #0000ff;\"> <\/span><\/p>\n<p><span style=\"color: #0000ff;\">\u201c<em> <\/em>P\u0101rvaldes priek\u0161niece atbild\u0113s ar\u012b min\u0113ja, ka Granti\u0146\u0161 ir bijis &#8220;inform\u0113ts par iesp\u0113ju v\u0113rsties pie R\u012bgas Centr\u0101lcietuma administr\u0101cijas<em> (gan rakstveid\u0101, gan ar\u012b mutiski) <\/em>sakar\u0101 ar medic\u012bnas jaut\u0101jumiem, ka ar\u012b ar l\u016bgumu nodro\u0161in\u0101t vi\u0146u ar papildus nepiecie\u0161amo ap\u0123\u0113rbu&#8221;. Uz jaut\u0101jumu, k\u0101 Granti\u0146\u0161 ar vienu nej\u016bt\u012bgu un vienu lauztu roku b\u016btu var\u0113jis parakst\u012bties, ka ir inform\u0113ts par sav\u0101m aiztur\u0113t\u0101 ties\u012bb\u0101m, <em>Pietiek<\/em> atbildi nav sa\u0146\u0113mis.\u201d<\/span><\/p>\n<p><span style=\"color: #008000;\"> <\/span><\/p>\n<h2><span style=\"color: #008000;\">Ne par k\u0101d\u0101m ties\u012bb\u0101m es netiku inform\u0113ts ! <\/span><\/h2>\n<p><span style=\"color: #008000;\">K\u0101 es var\u0113ju v\u0113rsties pie <strong>Cietuma <\/strong>iest\u0101des rakstiski, ja man nedz pap\u012bru, nedz rakst\u0101mo neviens neizsniedza. Mani l\u016bgumi p\u0113c pap\u012bra un rakst\u0101m\u0101 tika piln\u012bgi ignor\u0113ti !!! Pie rakst\u0101m\u0101 un pap\u012bra tiku tikai p\u0113c tik\u0161an\u0101s ar advok\u0101tiem. Un ar\u012b tad, man t\u0101 bija probl\u0113ma, jo p\u0113c brut\u0101l\u0101 aresta un kamer\u0101 rad\u012btiem apst\u0101k\u013ciem, rakst\u012b\u0161ana bija problem\u0101tiska, bet par to jau esmu izsac\u012bjies\u2026 .<\/span><\/p>\n<p><span style=\"color: #008000;\">Man tika ar\u012b <span style=\"text-decoration: underline;\">noklus\u0113ta v\u0113l k\u0101da<strong> \u013coti svar\u012bga lieta<\/strong><\/span>.<\/span><\/p>\n<p><span style=\"color: #008000;\"> <\/span><\/p>\n<p><span style=\"color: #008000;\">Man <strong>netika<\/strong>!!! izsniegta pirm\u0101 bezmaksas <strong><span style=\"text-decoration: underline;\">v\u0113stule- veidlapa<\/span><\/strong>, ar kuras pal\u012bdz\u012bbu es b\u016btu var\u0113jis inform\u0113t savus tuviniekus.<\/span><\/p>\n<p><span style=\"color: #008000;\"> <\/span><\/p>\n<p><span style=\"color: #008000;\">Tam visam, <strong>Spures kundze<\/strong>, ir viens v\u0101rds: <strong>SADISMS,<\/strong> apzin\u0101ts, m\u0113r\u0137tiec\u012bgs un brut\u0101ls sadisms, lai mani fiziski izn\u012bcin\u0101tu !<\/span><\/p>\n<p><span style=\"color: #008000;\">Un, ja runa iet par nepiecie\u0161am\u0101 ap\u0123\u0113rba sag\u0101d\u0101\u0161anu no cietuma puses.., tad skat\u0101ties <strong>Spures kundze,<\/strong> lai jums par t\u0101diem meliem m\u0113le nenokalst\u2026 .<\/span><\/p>\n<p><span style=\"color: #008000;\">L\u016bk, latviet, k\u0101di tik atkritumi ir sadzemd\u0113ju\u0161ies m\u016bsu tautai !!!<\/span><\/p>\n<p><span style=\"color: #008000;\">L. Granti\u0146\u0161<br \/>\n<\/span><\/p>\n<p><span style=\"text-decoration: underline;\">==========================================================================<\/span><\/p>\n<p><span style=\"color: #008000;\"><a href=\"http:\/\/tautastribunals.eu\/wp-content\/uploads\/2015\/09\/LatvijaDievs-Granti\u0146\u0161-Liep\u0101jaR\u012bgaLRTT2.PNG\"><img decoding=\"async\" loading=\"lazy\" class=\"alignleft size-full wp-image-28389\" title=\"Latvija,Dievs, Granti\u0146\u0161, Liep\u0101ja,R\u012bga,LRTT\" src=\"http:\/\/tautastribunals.eu\/wp-content\/uploads\/2015\/09\/LatvijaDievs-Granti\u0146\u0161-Liep\u0101jaR\u012bgaLRTT2.PNG\" alt=\"Latvija,Dievs, Granti\u0146\u0161, Liep\u0101ja,R\u012bga,LRTT\" width=\"652\" height=\"105\" srcset=\"https:\/\/tautastribunals.eu\/wp-content\/uploads\/2015\/09\/LatvijaDievs-Granti\u0146\u0161-Liep\u0101jaR\u012bgaLRTT2.PNG 859w, https:\/\/tautastribunals.eu\/wp-content\/uploads\/2015\/09\/LatvijaDievs-Granti\u0146\u0161-Liep\u0101jaR\u012bgaLRTT2-300x48.PNG 300w, https:\/\/tautastribunals.eu\/wp-content\/uploads\/2015\/09\/LatvijaDievs-Granti\u0146\u0161-Liep\u0101jaR\u012bgaLRTT2-800x130.PNG 800w\" sizes=\"(max-width: 652px) 100vw, 652px\" \/><\/a>L\u016bk, par ko m\u0113s, latviet, varam lepoties visas pasaules un<strong> Dieva <\/strong>priek\u0161\u0101:<\/span><\/p>\n<p><span style=\"color: #008000;\"><span style=\"color: #008000;\"><a href=\"http:\/\/www.tvnet.lv\/muzika\/klasika\/575532-jansons_un_nelsons_ieklauti_pasaules_labako_dirigentu_topa\">http:\/\/www.tvnet.lv\/muzika\/klasika\/575532-jansons_un_nelsons_ieklauti_pasaules_labako_dirigentu_topa<\/a><\/span><\/span><\/p>\n<p><span style=\"color: #008000;\"> <\/span><\/p>\n<p><span style=\"color: #008000;\"> <\/span><\/p>\n<p><span style=\"color: #008000;\"> <\/span><\/p>\n<p><span style=\"color: #008000;\">Kura pasaules tauta v\u0113l var b\u016bt tik lepna par savu kult\u016bru ? <\/span><\/p>\n<p><span style=\"color: #008000;\"> <\/span><\/p>\n<p><span style=\"color: #008000;\">M\u016bs kaunina un uzspie\u017e savas para\u0161as<em>(dr\u012bz\u0101k jau netikumus)<\/em> tie, kuri<strong> ANO<\/strong> ir visvair\u0101k nosod\u012bti par agresiju pret saviem mierm\u012bl\u012bgajiem kaimi\u0146iem !!!<\/span><\/p>\n<p><span style=\"color: #008000;\"> <\/span><\/p>\n<p><span style=\"color: #008000;\">Kuri, v\u0101rda vistie\u0161\u0101kaj\u0101 noz\u012bm\u0113, mirkst savu upuru asin\u012bs&#8230;. .<\/span><\/p>\n<p><span style=\"color: #008000;\"> <\/span><\/p>\n<p><span style=\"color: #008000;\">Miniet, kas ir tie, par kuriem es run\u0101ju ?<br \/>\n<\/span><\/p>\n<p><span style=\"color: #008000;\"> <\/span><\/p>\n<p><span style=\"color: #008000;\"> <\/span><\/p>\n<p><span style=\"color: #008000;\"> <\/span><\/p>\n<p><span style=\"color: #008000;\"> <\/span><\/p>\n<p><span style=\"color: #003300;\"><br \/>\n<\/span><\/p>\n","protected":false},"excerpt":{"rendered":"<p>Ja godav\u012bru z\u0101k\u0101 pe\u013c,\/ Bet neliet\u012bbu god\u0101 ce\u013c,\/ T\u0101 zeme lemta n\u012bc\u012bbai,\/\u0160\u0101ds liktens nolemts Latvijai ?! \u0160aj\u0101 \u201cpupu mizu\u201d valsti\u0146\u0101, par k\u0101du p\u0101rv\u0113rsta Latvija, iesp\u0113jams viss ! Tas, kas notika ar Br\u012bv\u012bbas c\u012bn\u012bt\u0101ju, Triju&#46;&#46;&#46;<\/p>\n","protected":false},"author":1,"featured_media":0,"comment_status":"open","ping_status":"open","sticky":false,"template":"","format":"standard","meta":[],"categories":[1],"tags":[],"_links":{"self":[{"href":"https:\/\/tautastribunals.eu\/index.php?rest_route=\/wp\/v2\/posts\/28281"}],"collection":[{"href":"https:\/\/tautastribunals.eu\/index.php?rest_route=\/wp\/v2\/posts"}],"about":[{"href":"https:\/\/tautastribunals.eu\/index.php?rest_route=\/wp\/v2\/types\/post"}],"author":[{"embeddable":true,"href":"https:\/\/tautastribunals.eu\/index.php?rest_route=\/wp\/v2\/users\/1"}],"replies":[{"embeddable":true,"href":"https:\/\/tautastribunals.eu\/index.php?rest_route=%2Fwp%2Fv2%2Fcomments&post=28281"}],"version-history":[{"count":54,"href":"https:\/\/tautastribunals.eu\/index.php?rest_route=\/wp\/v2\/posts\/28281\/revisions"}],"predecessor-version":[{"id":28397,"href":"https:\/\/tautastribunals.eu\/index.php?rest_route=\/wp\/v2\/posts\/28281\/revisions\/28397"}],"wp:attachment":[{"href":"https:\/\/tautastribunals.eu\/index.php?rest_route=%2Fwp%2Fv2%2Fmedia&parent=28281"}],"wp:term":[{"taxonomy":"category","embeddable":true,"href":"https:\/\/tautastribunals.eu\/index.php?rest_route=%2Fwp%2Fv2%2Fcategories&post=28281"},{"taxonomy":"post_tag","embeddable":true,"href":"https:\/\/tautastribunals.eu\/index.php?rest_route=%2Fwp%2Fv2%2Ftags&post=28281"}],"curies":[{"name":"wp","href":"https:\/\/api.w.org\/{rel}","templated":true}]}}