{"id":28154,"date":"2015-09-09T11:54:16","date_gmt":"2015-09-09T08:54:16","guid":{"rendered":"http:\/\/tautastribunals.eu\/?p=28154"},"modified":"2021-12-16T19:07:57","modified_gmt":"2021-12-16T17:07:57","slug":"komentars-par-tiesibsarga-zinojumu-advokatam-p-rebenokam","status":"publish","type":"post","link":"https:\/\/tautastribunals.eu\/?p=28154","title":{"rendered":"Paskaidrojums par &#8220;ties\u012bbsarga&#8221; zi\u0146ojumu advok\u0101tam P. Rebenokam"},"content":{"rendered":"<p><span style=\"color: #008000;\"><strong>Latvijas cilv\u0113kties\u012bbu grupas HELSINKI- 86 <\/strong>dibin\u0101t\u0101ja un vad\u012bt\u0101ja<strong> Linarda Granti\u0146a <\/strong>paskaidrojums advok\u0101tam <strong>P\u0101vilam Rebenokam<\/strong> par <strong>Latvijas Republikas<\/strong> ties\u012bbsarga\u00a0 <strong>Jura Jansona <\/strong>v\u0113stuli.<\/span><\/p>\n<p><span style=\"color: #003300;\"><strong> <a href=\"http:\/\/tautastribunals.eu\/wp-content\/uploads\/2015\/09\/Za\u013c\u0161-tautastribunals.eu4.png\"><img decoding=\"async\" loading=\"lazy\" class=\"alignleft  wp-image-28200\" title=\"Za\u013c\u0161, tautastribunals.eu\" src=\"http:\/\/tautastribunals.eu\/wp-content\/uploads\/2015\/09\/Za\u013c\u0161-tautastribunals.eu4.png\" alt=\"Za\u013c\u0161, tautastribunals.eu\" width=\"1776\" height=\"248\" srcset=\"https:\/\/tautastribunals.eu\/wp-content\/uploads\/2015\/09\/Za\u013c\u0161-tautastribunals.eu4.png 950w, https:\/\/tautastribunals.eu\/wp-content\/uploads\/2015\/09\/Za\u013c\u0161-tautastribunals.eu4-300x42.png 300w, https:\/\/tautastribunals.eu\/wp-content\/uploads\/2015\/09\/Za\u013c\u0161-tautastribunals.eu4-800x112.png 800w\" sizes=\"(max-width: 1776px) 100vw, 1776px\" \/><\/a>PASKAIDROJUMS<\/strong><\/span><\/p>\n<p><span style=\"color: #003300;\">Es, <strong>Linards Granti\u0146\u0161<\/strong>, esmu nodz\u012bvojis pietieko\u0161i garu dz\u012bvi, lai var\u0113tu izdar\u012bt pietieko\u0161i <strong>objekt\u012bvus spriedumus<\/strong> par <strong>cilv\u0113kiem<\/strong> un <strong>politiskajiem apst\u0101k\u013ciem<\/strong>, kuros esmu atradies. Protams, protams, ka daudzi man aizr\u0101d\u012bs, ka tie vienm\u0113r b\u016bs subjekt\u012bvi, jo tiek trakt\u0113ti tikai caur manu<strong> EGO<\/strong>.<\/span><\/p>\n<p><span style=\"color: #003300;\">Izlasot <strong>Jura<\/strong> <strong>Jansona<\/strong> <strong>\u201catskaiti\u201d <\/strong>advok\u0101tam<strong> P\u0101vilam Rebenokam<\/strong> par manu apmekl\u0113jumu <strong>R\u012bgas Centr\u0101lcietum\u0101<\/strong>, es nevar\u0113ju notic\u0113t izlas\u012btajam. <strong>Latvijas Republikas<\/strong> ties\u012bbsarga <strong>Jura Jansona<\/strong> sac\u012btais bija tie\u0161i pret\u0113js manis teiktajam un cietum\u0101 eso\u0161ajiem apst\u0101k\u013ciem.<\/span><\/p>\n<p><span style=\"color: #003300;\">Dom\u0101ju, ka 1940. gada<strong> NKVD<\/strong><em>(\u010dekas)<\/em> zi\u0146ojumi par nev\u0113lamajiem <strong>\u201celementiem\u201d<\/strong> satur\u0113ja daudz vair\u0101k paties\u012bbas, nek\u0101 <strong>Jansona <\/strong>teiktais.<\/span><\/p>\n<p><span style=\"color: #003300;\"><a href=\"http:\/\/tautastribunals.eu\/wp-content\/uploads\/2015\/09\/Juris-Jansons-Ivars-Godmanis-Kozlovskis-Me\u017evietsBorovkovsDPLRTT.Helsinki-862.PNG\"><img decoding=\"async\" loading=\"lazy\" class=\"alignleft  wp-image-28201\" title=\"Juris Jansons, Ivars Godmanis, Kozlovskis, Me\u017eviets,Borovkovs,DP,LRTT.Helsinki-86\" src=\"http:\/\/tautastribunals.eu\/wp-content\/uploads\/2015\/09\/Juris-Jansons-Ivars-Godmanis-Kozlovskis-Me\u017evietsBorovkovsDPLRTT.Helsinki-862.PNG\" alt=\"Juris Jansons, Ivars Godmanis, Kozlovskis, Me\u017eviets,Borovkovs,DP,LRTT.Helsinki-86\" width=\"2534\" height=\"2161\" srcset=\"https:\/\/tautastribunals.eu\/wp-content\/uploads\/2015\/09\/Juris-Jansons-Ivars-Godmanis-Kozlovskis-Me\u017evietsBorovkovsDPLRTT.Helsinki-862.PNG 664w, https:\/\/tautastribunals.eu\/wp-content\/uploads\/2015\/09\/Juris-Jansons-Ivars-Godmanis-Kozlovskis-Me\u017evietsBorovkovsDPLRTT.Helsinki-862-300x255.PNG 300w\" sizes=\"(max-width: 2534px) 100vw, 2534px\" \/><\/a>Ar to es gribu pasac\u012bt, ka uzskatu <strong>Juri Jansonu par noziedznieku<\/strong>, jo vi\u0146\u0161 ar sav\u0101m darb\u012bb\u0101m veic noziegumu ne tikai pret latvie\u0161u tautu, bet pret cilv\u0113ci kopum\u0101. Cilv\u0113ks, kur\u0161 100% melo, ir vai nu gar\u012bgi slims, vai kalpo k\u0101dam noziedz\u012bgam sp\u0113kam. Meli vienm\u0113r aiz sevis ir nesu\u0161i izn\u012bc\u012bbu un n\u0101vi.<\/span><\/p>\n<p>FOTO: <span style=\"color: #ff0000;\"><em>Nu nav v\u0113l nevien\u0101 valod\u0101 izgudrots priek\u0161 t\u0101diem nelie\u0161iem, k\u0101 \u0161im te uz foto redzamajam, v\u0101rds.<\/em><\/span><\/p>\n<p><span style=\"color: #003300;\">2015.gada 6.august\u0101 pie manis ierad\u0101s <strong>Ties\u012bbsarga biroja darbinieki, <\/strong>k\u0101 vi\u0146i sevi d\u0113v\u0113ja, v\u012brietis un sieviete. V\u012brietis, p\u0113c sejas pantiem sprie\u017eot, \u013coti l\u012bdz\u012bgs <strong>GOOGLE <\/strong>redzamajam tipam, kur\u0161 tiek d\u0113v\u0113ts par <strong>Juri Jansoni<\/strong>. <\/span><\/p>\n<p><span style=\"color: #003300;\">Tips bija nost\u0101jies 2. korpusa vid\u016b tie\u0161i pretim 203. kameras durv\u012bm. T\u0113rpies bija sniegbalt\u0101s biks\u0113s un krekl\u0101, nu tie\u0161i k\u0101 e\u0146\u0123elis no Holivudas film\u0101m. Pavadone bija \u0123\u0113rbusies praktisk\u0101k\u0101s kr\u0101sas dr\u0113b\u0113s, t\u0101p\u0113c t\u0101 uzdr\u012bkst\u0113j\u0101s iet kamer\u0101, uzk\u0101pt uz para\u0161as, noliekties pie t\u0101s un pat pagriezt primit\u012bvo \u00a0\u016bdens kr\u0101nu. Nobijusies, ka no 50 mm resn\u0101s rores s\u0101k nekontrol\u0113ti g\u0101zties \u016bdens, t\u0101 nekav\u0113joties to aizgrieza un izsteidz\u0101s pie sava balti t\u0113rpt\u0101 kol\u0113\u0123a. L\u012bdz ar to kameras apskate bija beigusies. Tad konvojs m\u016bs aizveda uz <strong>\u201crun\u0101jamo\u201d<\/strong> telpu. Liel\u0101koties run\u0101ju es un ne ilg\u0101k k\u0101 piecas min\u016btes.<\/span><\/p>\n<p><span style=\"color: #003300;\"><strong>-) Sac\u012bju<\/strong> to, kas mani neapmierina. Kamera neiedom\u0101jami auksta, kaut ar\u012b \u0101r\u0101 bija p\u0101ri tr\u012bsdesmit gr\u0101diem. Arest\u0113ts biju apak\u0161krekl\u0101 un citas dr\u0113bes man nebija, bet cietums ar dr\u0113b\u0113m neapg\u0101d\u0101ja. T\u0101p\u0113c, kad las\u012bju <strong>Jansona <\/strong>zi\u0146ojumu, man rad\u0101s izbr\u012bns, ka <strong>cietums r\u016bp\u0113joties par dr\u0113b\u0113m un apaviem<\/strong>.<\/span><\/p>\n<p><span style=\"color: #003300;\">Tad jau izn\u0101k, ka aizliegums attiecies tikai uz mani.<\/span><\/p>\n<p><span style=\"color: #003300;\"><strong>-) Sac\u012bju<\/strong>, ka nevaru p\u0113c tik ilga laika v\u0113l inform\u0113t savus tuviniekus par atra\u0161an\u0101s vietu, jo ir speci\u0101li rad\u012bts apburtais loks. Kad jaut\u0101ju konvojam, ka man vajag to un to, tad atbilde skan: raksti cietuma priek\u0161niekam. Saku, ka man nav ar ko rakst\u012bt un ar\u012b uz ko rakst\u012bt. \u0160is savuk\u0101rt atbild, ka t\u0101 neesot vi\u0146a probl\u0113ma.<\/span><\/p>\n<p><span style=\"color: #003300;\">Vai t\u0101 nav sp\u012bdzin\u0101\u0161anas augst\u0101k\u0101 pak\u0101pe un cilv\u0113ka iedz\u012b\u0161ana bezizej\u0101- \u0101rpr\u0101ta st\u0101vokl\u012b ?<\/span><\/p>\n<p><span style=\"color: #003300;\">Un cik interesanti, ka ari <strong>\u201cties\u012bbsargs\u201d<\/strong> atbild\u0113ja t\u0101pat.<\/span><\/p>\n<p><span style=\"color: #003300;\">Vi\u0146a probl\u0113ma esot p\u0101rbaud\u012bt manus <strong>\u201cdz\u012bves apst\u0101k\u013cus cietum\u0101\u201d <\/strong>un tie esot pat lab\u0101ki nek\u0101 p\u0101r\u0113jiem, bija vi\u0146a secin\u0101jums<\/span><\/p>\n<p><span style=\"color: #003300;\"><strong>-) Sac\u012bju<\/strong>, ka esmu cietuma dro\u0161\u012bbas v\u012briem divas reizes l\u016bdzis, lai vi\u0146i mani p\u0101rvieto no vieninieku kameras uz kameru, kur\u0101 atrodas vair\u0101ki ieslodz\u012btie, jo tas vajadz\u012bgs manas slim\u012bbas d\u0113\u013c. Vi\u0146i jaut\u0101ja ar\u012b par sm\u0113\u0137\u0113\u0161anu. Abas reizes vi\u0146iem sac\u012bju, ka sm\u0113\u0137\u0113t\u0101ji man nekad nav trauc\u0113ju\u0161i. Abas reizes man apsol\u012bja tuv\u0101kaj\u0101s dien\u0101s to nok\u0101rtot. Pie dro\u0161\u012bbniekiem divas reizes tiku aizvests t\u0101p\u0113c, ka vi\u0146i s\u012bk\u0101k grib\u0113ja uzzin\u0101t manus aresta apst\u0101k\u013cus, jo izskat\u012bjos drausm\u012bgs. Biju viss vienos nobr\u0101zumos un zilumos.<\/span><\/p>\n<p><span style=\"color: #003300;\">T\u0101p\u0113c man bija \u0161oks, kad zi\u0146ojum\u0101 <strong><span style=\"text-decoration: underline;\">tre\u0161aj\u0101 punkt\u0101<\/span><\/strong> las\u012bju:<strong> \u201cRC administr\u0101cij\u0101 re\u0123istr\u0113ts L. Granti\u0146a iesniegums, kur\u0101 vi\u0146\u0161 nepiekr\u012bt atrasties kamer\u0101s ar sm\u0113\u0137\u0113jo\u0161\u0101m person\u0101m.\u201d <\/strong><\/span><\/p>\n<p><span style=\"color: #003300;\">Interesanti, kur\u0161 bija t\u0101da iesnieguma<strong> \u201cre\u0123istrators\u201d?<\/strong><\/span><\/p>\n<p><span style=\"color: #003300;\">T\u0101tad, viss tika <strong>\u201cregul\u0113ts\u201d <\/strong>t\u0101, lai <strong>man\u0101 n\u0101ves gad\u012bjum\u0101<\/strong> neb\u016btu neviena liecinieka !!!<\/span><\/p>\n<p><span style=\"color: #003300;\"><strong>-) Sac\u012bju<\/strong> ar\u012b par to, ka 203. kamera ir vis\u012bst\u0101k\u0101 <strong>PRESKAMERA,<\/strong> jo pa nakti ap trijiem taj\u0101 notiek br\u012bnuma lietas. N\u0101k virs\u016b neiedom\u0101jama <strong>bai\u013cu un izmisuma saj\u016bta<\/strong><em>(ja es neb\u016btu reli\u0123iozs, tad noteikti b\u016btu izdar\u012bjis pa\u0161n\u0101v\u012bbu. Mana slim\u012bba ir veicino\u0161a t\u0101d\u0101m iedarb\u012bb\u0101m. To visu DP r\u012bk\u013cur\u0101v\u0113ji zin\u0101ja, t\u0101p\u0113c cent\u0101s mani patur\u0113t vienatn\u0113. Iekav\u0101s rakst\u012bto es, protams, nesac\u012bju di\u017eajam kontrolierim, kur\u0161 bija t\u0113rpies sniegbalt\u0101s e\u0146\u0123e\u013cu dr\u0101n\u0101s).<\/em><\/span><\/p>\n<p><span style=\"color: #003300;\">\u0160odien specdienestu r\u012bc\u012bb\u0101 ir da\u017e\u0101das <strong>\u201capstaro\u0161anas\u201d <\/strong>ier\u012bces un ar\u012b g\u0101zes, lai jebkuru novestu l\u012bdz \u0101rpr\u0101ta st\u0101voklim.<\/span><\/p>\n<p><span style=\"color: #003300;\">Zi\u0146ojuma <strong>otrais punkts<\/strong> ar\u012b ir absurds un apst\u0101k\u013cus maldino\u0161s, kas liek \u0161aub\u012bties kl\u0101teso\u0161ajiem \u0161aub\u012bties par manu gar\u012bgo st\u0101vokli: <strong>\u201dNepiecie\u0161amo medikamentu devas L. Granti\u0146am izsniedz medic\u012bnas m\u0101sa, jo slim\u012bbas<\/strong> <strong>d\u0113\u013c vi\u0146\u0161 varot aizmirst par to savlaic\u012bgu \u0101rst\u0113\u0161anu.\u201d<\/strong><\/span><\/p>\n<p><span style=\"color: #003300;\">Jaut\u0101jums tikai, par k\u0101d\u0101m z\u0101l\u0113m iet runa ? <\/span><\/p>\n<p><span style=\"color: #003300;\">Vai par t\u0101m, kuras nebija ?<\/span><\/p>\n<p><span style=\"color: #003300;\">Tie, kuri mani bija sagatavoju\u0161i noslepkavot, cent\u0101s r\u016bp\u0113ties par visu.<\/span><\/p>\n<p><span style=\"color: #003300;\">P\u0113c divu ned\u0113\u013cu tot\u0101las sp\u012bdzin\u0101\u0161anas un <strong>\u201capstaro\u0161anas\u201d,<\/strong> mani, manu tuvinieku un advok\u0101tu intens\u012bvas darb\u012bbas rezult\u0101t\u0101, p\u0101rc\u0113la uz medic\u012bnisko kameru <strong>M-8<\/strong>., kur apst\u0101k\u013ci vairs neat\u013c\u0101va veikt to, ko var\u0113ja 2. korpusa 203. kamer\u0101.<\/span><\/p>\n<h2><span style=\"color: #003300;\">Tas izklaus\u0101s k\u0101 \u0161ausmu film\u0101, bet t\u0101 ir vist\u012br\u0101k\u0101 paties\u012bba.<\/span><\/h2>\n<p><span style=\"color: #003300;\">Dr\u012bz, p\u0113c <strong>Tiesiskuma atjauno\u0161anas Latvij\u0101 un ar\u012b Krievij\u0101<\/strong>, tas viss n\u0101ks atkl\u0101t\u012bb\u0101.<\/span><\/p>\n<p><span style=\"color: #003300;\">Visa pasaule b\u016bs \u0161ok\u0101 par to, kas ir ticis veikts <strong>M\u016bsu T\u0113vzem\u0113 un ar\u012b Putina p\u0101rvald\u012btaj\u0101 Krievij\u0101<\/strong> !<\/span><\/p>\n<p><span style=\"color: #003300;\">L. Granti\u0146\u0161\u00a0\u00a0 08.09.15.<\/span><\/p>\n<p><span style=\"color: #0000ff;\">P.S.<\/span><\/p>\n<h2><span style=\"color: #0000ff;\">Un tagad mazliet psiholo\u0123ija.<\/span><\/h2>\n<p><span style=\"color: #0000ff;\">Visam ir sava noz\u012bme un viss kaut ko noz\u012bm\u0113. Par cilv\u0113ku var uzzin\u0101t piln\u012bgi visu, ja saliek kop\u0101 vi\u0146a uzved\u012bbu<em>(kust\u012bbas, m\u012bmiku, \u0123\u0113rb\u0161anos, friz\u016bru, to k\u0101 vi\u0146i v\u0113rt\u0113 citus ekstr\u0113mos un norm\u0101los apst\u0101k\u013cos, un, protams, <strong><span style=\"text-decoration: underline;\">ar\u012b p\u0113c paraksta<\/span><\/strong>).<\/em> Nekad neesmu sl\u0113pis un noliedzis, ka <strong>LRTT i- vietne<\/strong> ir balst\u012bta uz \u013coti lielas emociju devas.<\/span><\/p>\n<p><span style=\"color: #0000ff;\">M\u0113s ta\u010du esam <strong>Dieva rad\u012bbas<\/strong>.<\/span><\/p>\n<p><span style=\"color: #0000ff;\">Jaut\u0101jums tikai: <strong>k\u0101das emocijas p\u0101rst\u0101v \u0161\u012b i- vietne, <\/strong>kuras nosaukums ir <strong>tautastribunals.eu ?<\/strong><\/span><\/p>\n<p><span style=\"color: #0000ff;\">Vai ir k\u0101ds, kur\u0161 var\u0113tu man nor\u0101d\u012bt personu, kura b\u016btu nepatiesi aizskarta ?<\/span><\/p>\n<p><span style=\"color: #0000ff;\">\u0160odien tiek aizskarts <strong>Latvijas \u201cties\u012bbsargs\u201d Jansons<\/strong>. Vai p\u0113c visa t\u0101, ko vi\u0146\u0161 ir sarun\u0101jis zv\u0113rin\u0101tam advok\u0101tam <strong>P\u0101vilam Rebenokam<\/strong>, t\u0101ds ir pieskait\u0101ms pie norm\u0101liem cilv\u0113kiem ?<\/span><\/p>\n<p><span style=\"color: #0000ff;\">Vai, piem\u0113ram, \u0161aj\u0101 gad\u012bjum\u0101:<a href=\"http:\/\/www.delfi.lv\/news\/national\/politics\/tiesibsargs-prasa-sev-algu-palielinat-par-77-lidz-4315-eiro.d?id=46139097\">http:\/\/www.delfi.lv\/news\/national\/politics\/tiesibsargs-prasa-sev-algu-palielinat-par-77-lidz-4315-eiro.d?id=46139097 <\/a>, kad vi\u0146\u0161 uzst\u0101j\u012bgi pieprasa sev dubultot algu tad, kad cilv\u0113ki, kas visu m\u016b\u017eu god\u012bgi str\u0101d\u0101ju\u0161i, nevar sev at\u013cauties z\u0101les nopirkt, <span style=\"text-decoration: underline;\"><strong>ir uzskat\u0101ms par cilv\u0113ku<\/strong><\/span> ?<\/span><\/p>\n<p><span style=\"color: #0000ff;\">Bija ta\u010du pirms vair\u0101kiem gadiem diskusija, ka t\u0101da <strong>\u201cties\u012bbsarga\u201d <\/strong>visp\u0101r mums nav vajadz\u012bga. Vi\u0146\u0161 ir valdo\u0161\u0101s kli\u0137es ietekmes a\u0123ents, kur\u0161 parazit\u0113 uz nodok\u013cu maks\u0101t\u0101ja sviedriem, <strong><span style=\"text-decoration: underline;\">un tas ar\u012b ir viss !!!<\/span><\/strong><\/span><\/p>\n<p><span style=\"color: #0000ff;\">Lai par <strong><span style=\"text-decoration: underline;\">kaut ko <\/span><\/strong>spriestu, m\u0113s vienm\u0113r attiec\u012bgo <strong>\u201clietu\u201d <\/strong>ar <strong><span style=\"text-decoration: underline;\">kaut ko<\/span><\/strong> sal\u012bdzin\u0101m. Sal\u012bdzin\u0101sim ar\u012b \u0161oreiz: <strong>K\u0101r\u013ca Ulma\u0146a<\/strong> vald\u012b\u0161anas laik\u0101 bija nepieredz\u0113ts valsts ekonomiskais uzplaukums, bet birokr\u0101tu bija <strong>12 reizes maz\u0101k<\/strong>.<\/span><\/p>\n<p><span style=\"color: #0000ff;\"><a href=\"http:\/\/tautastribunals.eu\/wp-content\/uploads\/2015\/09\/P\u012b\u013c\u0101neJansonsGranti\u0146\u0161V\u0113jonis.DP.LRTT..PNG\"><img decoding=\"async\" loading=\"lazy\" class=\"alignleft  wp-image-28180\" title=\"P\u012b\u013c\u0101ne,Jansons,Granti\u0146\u0161,V\u0113jonis.DP.LRTT.\" src=\"http:\/\/tautastribunals.eu\/wp-content\/uploads\/2015\/09\/P\u012b\u013c\u0101neJansonsGranti\u0146\u0161V\u0113jonis.DP.LRTT..PNG\" alt=\"P\u012b\u013c\u0101ne,Jansons,Granti\u0146\u0161,V\u0113jonis.DP.LRTT.\" width=\"1867\" height=\"487\" srcset=\"https:\/\/tautastribunals.eu\/wp-content\/uploads\/2015\/09\/P\u012b\u013c\u0101neJansonsGranti\u0146\u0161V\u0113jonis.DP.LRTT..PNG 529w, https:\/\/tautastribunals.eu\/wp-content\/uploads\/2015\/09\/P\u012b\u013c\u0101neJansonsGranti\u0146\u0161V\u0113jonis.DP.LRTT.-300x78.PNG 300w\" sizes=\"(max-width: 1867px) 100vw, 1867px\" \/><\/a>Es par\u0101du divus parakstus un at\u013cau\u0161u las\u012bt\u0101jam pa\u0161am spriest par person\u012bb\u0101m. Vai <strong>\u201cties\u012bbsarga\u201d<\/strong> kantora darbinieces paraksts neizsaka visu<strong><span style=\"text-decoration: underline;\"> par \u0161o personu un \u0161o kantori<\/span><\/strong> ? <\/span><\/p>\n<h2><span style=\"color: #0000ff;\">Viens vien\u012bgs skribel\u0113jumu \u0146udzeklis !!!<br \/>\n<\/span><\/h2>\n<p><span style=\"color: #0000ff;\">Nekas nav \u0161in\u012b pasaul\u0113 bez noz\u012bmes, t\u0101p\u0113c run\u0101sim vienm\u0113r taisn\u012bbu, jo <strong>Paties\u012bba <\/strong>ir n\u0101ve priek\u0161 izdzimte\u0146iem, kuri ir aps\u0113du\u0161i m\u016bsu <strong>T\u0113vzemi !<\/strong><\/span><\/p>\n<p><span style=\"color: #003300;\">\u00a0<\/span><\/p>\n","protected":false},"excerpt":{"rendered":"<p>Latvijas cilv\u0113kties\u012bbu grupas HELSINKI- 86 dibin\u0101t\u0101ja un vad\u012bt\u0101ja Linarda Granti\u0146a paskaidrojums advok\u0101tam P\u0101vilam Rebenokam par Latvijas Republikas ties\u012bbsarga\u00a0 Jura Jansona v\u0113stuli. PASKAIDROJUMS Es, Linards Granti\u0146\u0161, esmu nodz\u012bvojis pietieko\u0161i garu dz\u012bvi, lai var\u0113tu izdar\u012bt pietieko\u0161i&#46;&#46;&#46;<\/p>\n","protected":false},"author":1,"featured_media":0,"comment_status":"open","ping_status":"open","sticky":false,"template":"","format":"standard","meta":[],"categories":[1],"tags":[],"_links":{"self":[{"href":"https:\/\/tautastribunals.eu\/index.php?rest_route=\/wp\/v2\/posts\/28154"}],"collection":[{"href":"https:\/\/tautastribunals.eu\/index.php?rest_route=\/wp\/v2\/posts"}],"about":[{"href":"https:\/\/tautastribunals.eu\/index.php?rest_route=\/wp\/v2\/types\/post"}],"author":[{"embeddable":true,"href":"https:\/\/tautastribunals.eu\/index.php?rest_route=\/wp\/v2\/users\/1"}],"replies":[{"embeddable":true,"href":"https:\/\/tautastribunals.eu\/index.php?rest_route=%2Fwp%2Fv2%2Fcomments&post=28154"}],"version-history":[{"count":45,"href":"https:\/\/tautastribunals.eu\/index.php?rest_route=\/wp\/v2\/posts\/28154\/revisions"}],"predecessor-version":[{"id":61342,"href":"https:\/\/tautastribunals.eu\/index.php?rest_route=\/wp\/v2\/posts\/28154\/revisions\/61342"}],"wp:attachment":[{"href":"https:\/\/tautastribunals.eu\/index.php?rest_route=%2Fwp%2Fv2%2Fmedia&parent=28154"}],"wp:term":[{"taxonomy":"category","embeddable":true,"href":"https:\/\/tautastribunals.eu\/index.php?rest_route=%2Fwp%2Fv2%2Fcategories&post=28154"},{"taxonomy":"post_tag","embeddable":true,"href":"https:\/\/tautastribunals.eu\/index.php?rest_route=%2Fwp%2Fv2%2Ftags&post=28154"}],"curies":[{"name":"wp","href":"https:\/\/api.w.org\/{rel}","templated":true}]}}