{"id":27912,"date":"2015-08-16T22:20:54","date_gmt":"2015-08-16T19:20:54","guid":{"rendered":"http:\/\/tautastribunals.eu\/?p=27912"},"modified":"2015-08-16T22:20:54","modified_gmt":"2015-08-16T19:20:54","slug":"zverinatais-advokats-pavels-rebenoks-aicinajis-latvijas-republikas-generalprokuraturu-sakt-kriminalprocesu-par-triju-zvaigznu-ordena-kavaliera-linarda-grantina-%e2%80%9eoficialo-spidzinasanu%e2%80%9c","status":"publish","type":"post","link":"https:\/\/tautastribunals.eu\/?p=27912","title":{"rendered":"Zv\u0113rin\u0101tais advok\u0101ts P\u0101vels Rebenoks aicin\u0101jis Latvijas Republikas \u0122ener\u0101lprokurat\u016bru s\u0101kt krimin\u0101lprocesu par  Triju zvaig\u017e\u0146u orde\u0146a kavaliera Linarda Granti\u0146a \u201eofici\u0101lo sp\u012bdzin\u0101\u0161anu\u201c, ko veica Dro\u0161\u012bbas policijas darbinieki"},"content":{"rendered":"<p style=\"margin: 0px; padding: 0px; font-family: Calibri; font-size: 16px; line-height: normal; text-align: justify;\"><span style=\"font-family: Times, serif; font-size: 10pt;\" lang=\"DE\"> Zv\u0113rin\u0101tais advok\u0101ts P\u0101vels Rebenoks ofici\u0101li aicin\u0101jis Latvijas Republikas \u0122ener\u0101lprokurat\u016bru s\u0101kt krimin\u0101lprocesu par cilv\u0113kties\u012bbu aizst\u0101v\u012bbas grupas Helsinki-86 dibin\u0101t\u0101ja Linarda Granti\u0146a \u012bpa\u0161i cietsird\u012bgo un brut\u0101lo aiztur\u0113\u0161anu, ko veica Dro\u0161\u012bbas policijas darbinieki, k\u0101 ar\u012b veikt visas darb\u012bbas, lai pret V\u0101cijas pilsoni Granti\u0146u nodar\u012btais noziegums tiktu izmekl\u0113ts objekt\u012bvi, efekt\u012bvi un bez neattaisnotas novilcin\u0101\u0161anas. T\u0101pat ofici\u0101li l\u016bgts nodro\u0161in\u0101t visas nepiecie\u0161am\u0101s medic\u012bnisk\u0101s pal\u012bdz\u012bbas snieg\u0161anu Linardam Granti\u0146am \u0101rpus R\u012bgas Centr\u0101lcietuma teritorijas.<\/span><\/p>\n<p style=\"margin: 0px; padding: 0px; font-family: Calibri; font-size: 16px; line-height: normal; text-align: justify;\"><span style=\"font-family: Times, serif; font-size: 10pt;\" lang=\"DE\">P\u0101vels Rebenoks jau zi\u0146oja par 2015.gada 23. j\u016blij\u0101 notiku\u0161o \u012bpa\u0161i brut\u0101lo Granti\u0146a aiztur\u0113\u0161anu, kur\u0101 vi\u0146am salauzta roka, rad\u012bti boj\u0101jumi nier\u0113m un nobr\u0101zumi, sp\u0101rdot ar k\u0101j\u0101m p\u0113c nog\u0101\u0161anas zem\u0113. Dro\u0161\u012bbas policijas darbinieki 1950. gad\u0101 dzimu\u0161\u0101 Granti\u0146a salauztajai rokai uzliku\u0161i rokudzel\u017eus un ar tiem piespr\u0101dz\u0113ju\u0161i pie automa\u0161\u012bnas griestu roktura. Veselu ned\u0113\u013cu ieslodz\u012bjuma viet\u0101 Granti\u0146\u0161 nav sa\u0146\u0113mis medic\u012bnisko pal\u012bdz\u012bbu ne aiztur\u0113\u0161anas laik\u0101 g\u016btaj\u0101m traum\u0101m, ne hroniskajai slim\u012bbai.<\/span><\/p>\n<p style=\"margin: 0px; padding: 0px; font-family: Calibri; font-size: 16px; line-height: normal; text-align: justify;\"><span style=\"font-family: Times, serif; font-size: 10pt;\" lang=\"DE\">Iesniegum\u0101 tiek inform\u0113ts, ka aiztur\u0113\u0161anas laik\u0101 pret 64 gadus vecu un \u013coti smagi slimu cilv\u0113ku Dro\u0161\u012bbas policijas darbinieki piem\u0113roju\u0161i p\u0101rm\u0113r\u012bgu sp\u0113ku, kam nebija objekt\u012bvas nepiecie\u0161am\u012bbas, jo Granti\u0146\u0161 nepretoj\u0101s. T\u0101d\u0101 veid\u0101 Dro\u0161\u012bbas policijas darbinieki apzin\u0101ti demonstr\u0113ja pret Linardu Granti\u0146u savu fizisko p\u0101rsp\u0113ku un personisko nepatiku, nor\u0101d\u012bts iesniegum\u0101.<\/span><\/p>\n<p style=\"margin: 0px; padding: 0px; font-family: Calibri; font-size: 16px; line-height: normal; text-align: justify;\"><span style=\"font-family: Times, serif; font-size: 10pt;\" lang=\"DE\">Granti\u0146a aizst\u0101vis P\u0101vels Rebenoks uzskata, ka Dro\u0161\u012bbas policijas darbinieki p\u0101rk\u0101pu\u0161i Krimin\u0101llikuma pantu par t\u012b\u0161u miesas boj\u0101jumu nodar\u012b\u0161anu, p\u0101rk\u0101pjot aiztur\u0113\u0161anas nosac\u012bjumus un aicina ierosin\u0101t krimin\u0101lprocesu, kur\u0101 izv\u0113rt\u0113tu notiku\u0161\u0101 apst\u0101k\u013cus un personu r\u012bc\u012bbu, kuras veiku\u0161as noziegumu pret Granti\u0146u.<\/span><\/p>\n<p style=\"margin: 0px; padding: 0px; font-family: Calibri; font-size: 16px; line-height: normal; text-align: justify;\"><span style=\"font-family: Times, serif; font-size: 10pt;\" lang=\"DE\">Advok\u0101ts uzskata, ka cietsird\u012bgaj\u0101 aiztur\u0113\u0161an\u0101 un p\u0113c tam sekojo\u0161\u0101 atst\u0101\u0161an\u0101 bez medic\u012bnisk\u0101s pal\u012bdz\u012bbas cietum\u0101 ir saskat\u0101ms Eiropas Cilv\u0113kties\u012bbu un pamatbr\u012bv\u012bbu aizsardz\u012bbas konvencijas 3. pant\u0101 noteikt\u0101 sp\u012bdzin\u0101\u0161anas aizlieguma ac\u012bmredzams p\u0101rk\u0101pums, kuru aicina nekav\u0113joties nov\u0113rst.<\/span><\/p>\n<p style=\"margin: 0px; padding: 0px; font-family: Calibri; font-size: 16px; line-height: normal; text-align: justify;\"><span style=\"font-family: Times, serif; font-size: 10pt;\" lang=\"DE\">Iesniegum\u0101 l\u016bgts ne tikai uzs\u0101kt krimin\u0101lprocesu, bet ar\u012b atz\u012bt Granti\u0146u par cietu\u0161o un nodro\u0161in\u0101t visas nepiecie\u0161am\u0101s medic\u012bnisk\u0101s pal\u012bdz\u012bbas snieg\u0161anu \u0101rpus \u0161\u012b br\u012b\u017ea vi\u0146a tur\u0113\u0161anas vietas &#8211; R\u012bgas Centr\u0101lcietuma teritorijas.<\/span><\/p>\n<p style=\"margin: 0px; padding: 0px; font-family: Calibri; font-size: 16px; line-height: normal; text-align: justify;\"><span style=\"font-family: Times, serif; font-size: 10pt;\" lang=\"DE\">T\u0101pat aicin\u0101ts veikt visas citas normat\u012bvajos aktos paredz\u0113t\u0101s darb\u012bbas, lai pret Granti\u0146u nodar\u012btais noziegums tiktu izmekl\u0113ts objekt\u012bvi, efekt\u012bvi, bez neattaisnotas novilcin\u0101\u0161anas un, iev\u0113rojot Eiropas Cilv\u0113kties\u012bbu un pamatbr\u012bv\u012bbu aizsardz\u012bbas konvencij\u0101 un Latvijas Republikas Satversm\u0113 garant\u0113t\u0101s cilv\u0113kties\u012bbas.<\/span><\/p>\n<p style=\"margin: 0px; padding: 0px; font-family: Calibri; font-size: 16px; line-height: normal; text-align: justify;\"><span style=\"font-family: Times, serif; font-size: 10pt;\" lang=\"DE\">Advok\u0101ts Rebenoks iesniegum\u0101, kas adres\u0113ts gan \u0122ener\u0101lprokurat\u016brai, gan iek\u0161lietu ministram, ties\u012bbsargam u.c., ar\u012b atg\u0101dina, ka\u00a0<strong>V\u0101cijas tiesa nav at\u013c\u0101vusi Latvijas Republikai veikt jebk\u0101das krimin\u0101lprocesu\u0101l\u0101s darb\u012bbas attiec\u012bb\u0101 pret V\u0101cijas pilsoni Granti\u0146u<\/strong>. Iesnieguma kopija ir nos\u016bt\u012bta ar\u012b V\u0101cijas v\u0113stniec\u012bbai.<\/span><\/p>\n<p style=\"margin: 0px; padding: 0px; font-family: Calibri; font-size: 16px; line-height: normal; text-align: justify;\"><span style=\"font-family: Times, serif; font-size: 10pt;\" lang=\"DE\">K\u0101 jau zi\u0146ots, 2014.gad\u0101 tiesa Granti\u0146am piem\u0113rojusi dro\u0161\u012bbas l\u012bdzekli &#8211; apcietin\u0101jumu saist\u012bb\u0101 ar 2012.gada 10.apr\u012bl\u012b s\u0101kto krimin\u0101lprocesu p\u0113c Krimin\u0101llikuma panta par darb\u012bb\u0101m, kas apzin\u0101ti v\u0113rstas uz nacion\u0101l\u0101 naida un nesatic\u012bbas izrais\u012b\u0161anu, izmantojot automatiz\u0113tu datu apstr\u0101des sist\u0113mu.<\/span><\/p>\n<p style=\"margin: 0px; padding: 0px; font-family: Calibri; font-size: 16px; line-height: normal; text-align: justify;\"><span style=\"color: #000000;\"><span style=\"font-family: Times, serif; font-size: 10pt;\" lang=\"DE\">L\u0113mums par dro\u0161\u012bbas l\u012bdzek\u013ca groz\u012b\u0161anu uz apcietin\u0101jumu Linardam Granti\u0146am piem\u0113rots\u00a0<strong><span style=\"text-decoration: underline;\">aizmuguriski<\/span><\/strong> &#8211; 2014. gada 22. maij\u0101 (l\u0113muma Nr. KPL 270370114\/7), to pie\u0146\u0113musi R\u012bgas pils\u0113tas Centra rajona tiesas izmekl\u0113\u0161anas tiesnese K. Kraveca. \u0160\u012b l\u0113muma noraksts Linarda Granti\u0146a aizst\u0101vjiem tika izsniegts Dro\u0161\u012bbas policij\u0101 2015. gada 06. august\u0101. <\/span><span style=\"font-family: Times, serif; font-size: 10pt;\">Tikai 15. dien\u0101 p\u0113c aiztur\u0113\u0161anas Granti\u0146\u0161 uzzin\u0101ja no advok\u0101ta Rebenoka, uz k\u0101da pamata Dro\u0161\u012bbas policijas darbinieki vi\u0146u brut\u0101li ir apcietin\u0101ju\u0161i.<\/span><\/span><\/p>\n<p style=\"margin: 0px; padding: 0px; font-family: Calibri; font-size: 16px; line-height: normal; text-align: justify;\"><span style=\"font-family: Times, serif; font-size: 10pt;\" lang=\"DE\">Dro\u0161\u012bbas policijas darbinieki vi\u0146u aiztur\u0113ja tikai desmit dienas p\u0113c tam, kad Granti\u0146\u0161 bija ieradies Latvij\u0101.<\/span><\/p>\n<p style=\"margin: 0px; padding: 0px; font-family: Calibri; font-size: 16px; line-height: normal; text-align: justify;\"><span style=\"font-family: Times, serif; font-size: 10pt;\">R\u012bgas pils\u0113tas Centra rajona tiesas izmekl\u0113\u0161anas tiesnese K. Kravecai\u00a0<span style=\"text-decoration: underline;\">nebija zin\u0101ms<\/span> Linarda Granti\u0146a vesel\u012bbas st\u0101voklis, kas jau uz L\u0113muma pie\u0146em\u0161anas br\u012bdi bija smags,\u00a0<strong>kas ir pamats dro\u0161\u012bbas l\u012bdzek\u013ca atk\u0101rtotai izv\u0113rt\u0113\u0161anai un ar\u012b groz\u012b\u0161anai, sakar\u0101 ar \u0161\u012bm jaun\u0101m zi\u0146\u0101m par faktiem<\/strong>.<\/span><\/p>\n<p style=\"margin: 0px; padding: 0px; font-family: Calibri; font-size: 16px; line-height: normal; text-align: justify;\"><span style=\"font-family: Times, serif; font-size: 10pt;\"> <\/span><\/p>\n<p style=\"margin: 0px; padding: 0px; font-family: Calibri; font-size: 16px; line-height: normal; text-align: justify;\"><span style=\"font-family: Times, serif; font-size: 10pt;\">Linarda Granti\u0146a aizst\u0101v\u012bba ir v\u0113rsusies dro\u0161\u012bbas l\u012bdzek\u013ca \u2013 apcietin\u0101juma groz\u012b\u0161anas sakar\u0101 ar attiec\u012bgu rakstveida pieteikumu pie krimin\u0101lprocesa Nr. 11840002212 procesa virz\u012bt\u0101ja \u2013 Dro\u0161\u012bbas policijas izmekl\u0113t\u0101ja M. Aukstikalna, ta\u010du nek\u0101da r\u012bc\u012bba t\u0101l\u0101k nav sekojusi, joproj\u0101m nav sa\u0146emta ar\u012b nek\u0101da atbilde uz pieteikumu, t\u0101pat k\u0101 ar\u012b atbildes nav sa\u0146emtas ne uz vienu citu aizst\u0101v\u012bbas nos\u016bt\u012bto rakstveida iesniegumu\/l\u016bgumu R\u012bgas Centr\u0101lcietumam.<\/span><\/p>\n<p style=\"margin: 0px; padding: 0px; font-family: Calibri; font-size: 16px; line-height: normal; text-align: justify;\"><span style=\"font-family: Times, serif; font-size: 10pt;\"> <\/span><\/p>\n<p style=\"margin: 0px; padding: 0px; font-family: Calibri; font-size: 16px; line-height: normal; text-align: justify;\"><span style=\"font-family: Times, serif; font-size: 10pt;\">Advok\u0101ts Rebenoks nor\u0101da, ka interneta vietne <\/span><a href=\"https:\/\/mail.online.lv\/redir.hsp?url=http%3A%2F%2Fwww.tautastribunals.eu%2F\" target=\"_blank\"><span style=\"font-family: Times, serif; font-size: 10pt;\"><span style=\"color: #0000ff;\">www.tautastribunals.eu<\/span><\/span><\/a><span style=\"font-family: Times, serif; font-size: 10pt;\"> ir re\u0123istr\u0113ta un fiziski atrodas uz datu nes\u0113jiem,\u00a0<strong><span style=\"text-decoration: underline;\">kuri atrodas V\u0101cijas Federat\u012bvaj\u0101 Republik\u0101<\/span><\/strong> (skat. ar\u012b\u00a0<a href=\"https:\/\/mail.online.lv\/redir.hsp?url=http%3A%2F%2Fwww.eurid.eu%2Fen%2Fwhois-search\" target=\"_blank\">http:\/\/www.eurid.eu\/en\/whois-search<\/a>).<\/span><\/p>\n<p style=\"margin: 0px; padding: 0px; font-family: Calibri; font-size: 16px; line-height: normal; text-align: justify;\"><span style=\"font-family: Times, serif; font-size: 10pt;\"> <\/span><\/p>\n<p style=\"margin: 0px; padding: 0px; font-family: Calibri; font-size: 16px; line-height: normal; text-align: justify;\"><span style=\"font-family: Times, serif; font-size: 10pt;\">Min\u0113t\u0101 vietne, iesp\u0113jams, ir Linarda Granti\u0146a\u00a0<strong><span style=\"text-decoration: underline;\">person\u012bg\u0101 viedok\u013ca<\/span><\/strong> pau\u0161anas platforma glob\u0101laj\u0101 t\u012bmekl\u012b, ta\u010du j\u0101\u0146em v\u0113r\u0101, ka \u0161\u012b interneta adrese nav re\u0123istr\u0113ta uz L.Granti\u0146a v\u0101rda.<\/span><\/p>\n<p style=\"margin: 0px; padding: 0px; font-family: Calibri; font-size: 16px; line-height: normal; text-align: justify;\"><span style=\"font-family: Times, serif; font-size: 10pt;\"> <\/span><\/p>\n<p style=\"margin: 0px; padding: 0px; font-family: Calibri; font-size: 16px; line-height: normal; text-align: justify;\"><span style=\"font-family: Times, serif; font-size: 10pt;\">Linards Granti\u0146\u0161 ir V\u0101cijas Federat\u012bv\u0101s Republikas pilsonis,\u00a0<strong>p\u0101r kuru Latvijas Republikai nav jurisdikcijas<\/strong>, un \u0161aj\u0101 sakar\u0101 visi (ne maz\u0101k k\u0101 3; p\u0113d\u0113jais izskat\u012bts 31.07.2015 V\u0101cij\u0101) Latvijas Republikas piepras\u012bjumi V\u0101cijas Federat\u012bvajai Republikai, par Linards Granti\u0146a izdo\u0161anu\u00a0<strong>noraid\u012bti k\u0101, absol\u016bti nepamatoti, un vi\u0146a izdo\u0161ana Latvijai ir atteikta<\/strong>, jo saska\u0146\u0101 ar V\u0101cijas Federat\u012bv\u0101s Republikas normat\u012bvajiem aktiem, t\u0101pat k\u0101 ar\u012b saska\u0146\u0101 ar Latvijas Republikas Satversmes 100. pantu &#8211;\u00a0<strong><span style=\"text-decoration: underline;\">Ikvienam ir ties\u012bbas uz v\u0101rda br\u012bv\u012bbu<\/span><\/strong>, kas ietver ties\u012bbas br\u012bvi ieg\u016bt, patur\u0113t un izplat\u012bt inform\u0101ciju,\u00a0<strong><span style=\"text-decoration: underline;\">paust savus uzskatus<\/span><\/strong>. Cenz\u016bra ir aizliegta. Respekt\u012bvi, V\u0101cijas tiesas ir pateiku\u0161as, ka Linards Granti\u0146\u0161 nav izdar\u012bjis nek\u0101dus noziegumus, kurus vi\u0146am \u0161obr\u012bd m\u0113\u0123ina inkrimin\u0113t Latvijas Republikas Dro\u0161\u012bbas policija. Par min\u0113to ir inform\u0113ta Dro\u0161\u012bbas policija, ta\u010du ar\u012b V\u0101cijas tiesu l\u0113mumi nav to attur\u0113ju\u0161i turpin\u0101t ac\u012bmredzami nelikum\u012bgo krimin\u0101lprocesu.<\/span><\/p>\n<p style=\"margin: 0px; padding: 0px; font-family: Calibri; font-size: 16px; line-height: normal; text-align: justify;\"><span style=\"font-family: Times, serif; font-size: 10pt;\"> <\/span><\/p>\n<p style=\"margin: 0px; padding: 0px; font-family: Calibri; font-size: 16px; line-height: normal; text-align: justify;\"><span style=\"font-family: Times, serif; font-size: 10pt;\"><span style=\"color: #000000;\">Turkl\u0101t j\u0101v\u0113r\u0161 ar\u012b uzman\u012bba uz to, ka Linards Granti\u0146\u0161 ir tie\u0161i t\u0101 persona, kas ir taisni c\u012bn\u012bjusies par Latvijas neatkar\u012bbas atg\u016b\u0161anu sabiedrisk\u0101s organiz\u0101cijas \u201cHelsinki-86\u201d ietvaros. T\u0101p\u0113c v\u0113l jo vair\u0101k nav saprotams, k\u0101 \u0161\u0101da persona var, p\u0113c Dro\u0161\u012bbas policijas dom\u0101m, \u201c<em>aicin\u0101t\u00a0<strong>vardarb\u012bgi<\/strong> g\u0101zt Latvijas Republikas Satversm\u0113 nostiprin\u0101to valsts varu\u00a0<strong><span style=\"text-decoration: underline;\">vai<\/span><\/strong> <strong>vardarb\u012bgi<\/strong> groz\u012bt valsts iek\u0101rtu<\/em>\u201d. K\u0101 redzams, tad pati Dro\u0161\u012bbas policija v\u0113l pat \u012bsti nevar iz\u0161\u0137irties vair\u0101k nek\u0101 3 gadus ilg\u0101 izmekl\u0113\u0161an\u0101, uz ko tad ir, p\u0113c vi\u0146as dom\u0101m, priv\u0101tpersona izdar\u012bjusi aicin\u0101jumus.\u00a0<strong><span style=\"text-decoration: underline;\">T\u0101tad pat pats izteiktais pie\u0146\u0113mums par aizdom\u0101m ir nekonkr\u0113ts un liedz Linardam Granti\u0146am ties\u012bbas uz aizst\u0101v\u012bbu, kas ir cilv\u0113kties\u012bbu p\u0101rk\u0101pums.<\/span><\/strong><\/span><\/span><\/p>\n<p style=\"margin: 0px; padding: 0px; font-family: Calibri; font-size: 16px; line-height: normal; text-align: justify;\"><span style=\"font-family: Times, serif; font-size: 10pt;\"> <\/span><\/p>\n<p style=\"margin: 0px; padding: 0px; font-family: Calibri; font-size: 16px; line-height: normal; text-align: justify;\"><span style=\"font-family: Times, serif; font-size: 10pt;\">Uzskatu, ka krimin\u0101lprocesa materi\u0101los nav un nevar b\u016bt zi\u0146as, kas nor\u0101d\u012btu, ka Linardam Granti\u0146am b\u016btu jebk\u0101das iesp\u0113jas \u201cvardarb\u012bgi\u201d kaut ko g\u0101zt vai main\u012bt Latvijas Republik\u0101. Vi\u0146a personisk\u0101 viedok\u013ca pau\u0161ana pati par sevi nav un nevar tikt uzskat\u012bta par krimin\u0101li sod\u0101mu. Ir ac\u012bmredzams, ka \u0161aj\u0101 krimin\u0101lproces\u0101 nenotiek efekt\u012bva izmekl\u0113\u0161ana, lai bez neattaisnotas novilcin\u0101\u0161anas sasniegtu krimin\u0101lprocesa m\u0113r\u0137us, par ko liecina jau tas, ka \u201cizmekl\u0113\u0161ana\u201d notiek jau kop\u0161 2012. gada \u2013 t\u0101tad vair\u0101k nek\u0101 3 gadus tiek \u201cizmekl\u0113ts\u201d priv\u0101tpersonas personiskais viedoklis publiski pieejam\u0101 interneta vietn\u0113, paral\u0113li neatlaid\u012bgi prasot izdot Latvijai priv\u0101tpersonu no V\u0101cijas Federat\u012bv\u0101s Republikas, kas tikpat konsekventi atsaka,\u00a0<strong><span style=\"text-decoration: underline;\">jo nav noticis noziedz\u012bgs nodar\u012bjums<\/span><\/strong>.<\/span><\/p>\n<p style=\"margin: 0px; padding: 0px; font-family: Calibri; font-size: 16px; line-height: normal; text-align: justify;\"><span style=\"font-family: Times, serif; font-size: 10pt;\"> <\/span><\/p>\n<p style=\"margin: 0px; padding: 0px; font-family: Calibri; font-size: 16px; line-height: normal; text-align: justify;\"><span style=\"font-family: Times, serif; font-size: 10pt;\">Kop\u0161 24.07.2015 ar L. Granti\u0146u nek\u0101das procesu\u0101l\u0101s darb\u012bbas nav veiktas.<\/span><\/p>\n<p style=\"margin: 0px; padding: 0px; font-family: Calibri; font-size: 16px; line-height: normal; text-align: justify;\"><span style=\"font-family: Times, serif; font-size: 10pt;\"> <\/span><\/p>\n<p style=\"margin: 0px; padding: 0px; font-family: Calibri; font-size: 16px; line-height: normal; text-align: justify;\"><span style=\"font-family: Times, serif; font-size: 10pt;\"> <\/span><\/p>\n<p style=\"margin: 0px; padding: 0px; font-family: Calibri; font-size: 16px; line-height: normal; text-align: justify;\"><strong><span style=\"font-family: Times, serif; font-size: 10pt;\">Advok\u0101ts Rebenoks nor\u0101da, ka piem\u0113rotais dro\u0161\u012bbas l\u012bdzeklis \u2013 apcietin\u0101jums nav sam\u0113r\u012bgs.<\/span><\/strong><\/p>\n<p style=\"margin: 0px; padding: 0px; font-family: Calibri; font-size: 16px; line-height: normal; text-align: justify;\"><span style=\"font-family: Times, serif; font-size: 10pt;\"> <\/span><\/p>\n<p style=\"margin: 0px; padding: 0px; font-family: Calibri; font-size: 16px; line-height: normal; text-align: justify;\"><span style=\"font-family: Times, serif; font-size: 10pt;\">KPL 12.p. uzliek par pien\u0101kumu\u00a0<em>veikt krimin\u0101lprocesu,\u00a0<strong>iev\u0113rojot starptautiski atz\u012bt\u0101s cilv\u0113kties\u012bbas<\/strong> <strong>un nepie\u013caujot neattaisnotu krimin\u0101lprocesu\u0101lo pien\u0101kumu uzlik\u0161anu vai nesam\u0113r\u012bgu iejauk\u0161anos personas dz\u012bv\u0113<\/strong>, paredzot, ka cilv\u0113kties\u012bbas var ierobe\u017eot tikai tajos gad\u012bjumos, kad to prasa sabiedr\u012bbas\u00a0<strong><span style=\"text-decoration: underline;\">dro\u0161\u012bbas<\/span><\/strong> apsv\u0113rumi<\/em>.<\/span><\/p>\n<p style=\"margin: 0px; padding: 0px; font-family: Calibri; font-size: 16px; line-height: normal; text-align: justify;\"><span style=\"font-family: Times, serif; font-size: 10pt;\"> <\/span><\/p>\n<p style=\"margin: 0px; padding: 0px; font-family: Calibri; font-size: 16px; line-height: normal; text-align: justify;\"><span style=\"font-family: Times, serif; font-size: 10pt;\">Visupirms nor\u0101du, ka\u00a0<span style=\"text-decoration: underline;\">objekt\u012bvaj\u0101 realit\u0101t\u0113\u00a0<strong>nav un nepast\u0101v<\/strong> sabiedr\u012bbas dro\u0161\u012bbas apdraud\u0113jums<\/span>. Uzskatu, ka lietas materi\u0101los tam nav ac\u012bmredzamu, objekt\u012bvu pier\u0101d\u012bjumu.<\/span><\/p>\n<p style=\"margin: 0px; padding: 0px; font-family: Calibri; font-size: 16px; line-height: normal; text-align: justify;\"><span style=\"font-family: Times, serif; font-size: 10pt;\"> <\/span><\/p>\n<p style=\"margin: 0px; padding: 0px; font-family: Calibri; font-size: 16px; line-height: normal; text-align: justify;\"><span style=\"font-family: Times, serif; font-size: 10pt;\">Saska\u0146\u0101 ar KPL 241.p. &#8211; procesu\u0101l\u0101 piespiedu l\u012bdzek\u013ca piem\u0113ro\u0161anas pamats ir personas pretdarb\u012bba krimin\u0101lprocesa m\u0113r\u0137a sasnieg\u0161anai konkr\u0113taj\u0101 proces\u0101 vai atsevi\u0161\u0137as procesu\u0101l\u0101s darb\u012bbas veik\u0161anai, savu procesu\u0101lo pien\u0101kumu nepild\u012b\u0161ana vai nepien\u0101c\u012bga pild\u012b\u0161ana. Savuk\u0101rt KPL 244.p.1.d. nosaka, ka procesa virz\u012bt\u0101js izv\u0113las t\u0101du procesu\u0101lo piespiedu l\u012bdzekli, kas p\u0113c iesp\u0113jas\u00a0<strong>maz\u0101k aizskar<\/strong> personas pamatties\u012bbas un\u00a0<strong>ir sam\u0113r\u012bgs,<\/strong> uzskatu, ka izv\u0113l\u0113tais dro\u0161\u012bbas l\u012bdzeklis &#8211;\u00a0<strong>apcietin\u0101jums<\/strong>nav izv\u0113l\u0113ts atbilsto\u0161i lietas apst\u0101k\u013ciem.<\/span><\/p>\n<p style=\"margin: 0px; padding: 0px; font-family: Calibri; font-size: 16px; line-height: normal; text-align: justify;\"><span style=\"font-family: Times, serif; font-size: 10pt;\"> <\/span><\/p>\n<p style=\"margin: 0px; padding: 0px; font-family: Calibri; font-size: 16px; line-height: normal; text-align: justify;\"><span style=\"font-family: Times, serif; font-size: 10pt;\">Advok\u0101ts Rebenoks nor\u0101da, ka Linarda Granti\u0146a apcietin\u0101\u0161ana un izteikt\u0101s aizdomas ir nepamatotas, jo procesa virz\u012bt\u0101js un tiesa lemjot par apcietin\u0101juma piem\u0113ro\u0161anu vad\u012bjusies nevis no faktiem, bet gan no pie\u0146\u0113mumiem. T\u0101p\u0113c piem\u0113rotais dro\u0161\u012bbas l\u012bdzeklis \u2013 apcietin\u0101jums ir nesam\u0113r\u012bgi smags un aizskar Linarda Granti\u0146a\u00a0\u00a0cilv\u0113kties\u012bbas un nodara vi\u0146am mor\u0101las cie\u0161anas.<\/span><\/p>\n<p style=\"margin: 0px; padding: 0px; font-family: Calibri; font-size: 16px; line-height: normal; text-align: justify;\"><span style=\"font-family: Cambria; color: #000000; font-size: small;\"> <\/span><\/p>\n<p style=\"margin: 0px; padding: 0px; font-family: Calibri; font-size: 16px; line-height: normal; text-align: justify;\"><span style=\"font-family: Times, serif; font-size: 10pt;\">Eiropas Cilv\u0113kties\u012bbu konvencijas (turpm\u0101k &#8211;\u00a0<strong>ECK<\/strong>) un KPL ietverto principu izpratn\u0113\u00a0<strong>nav pie\u013caujams, lai apcietin\u0101juma piem\u0113ro\u0161ana jau priek\u0161laikus pild\u012btu soda funkciju<\/strong>, turkl\u0101t apcietin\u0101jumam ir j\u0101b\u016bt le\u0123it\u012bmam m\u0113r\u0137im (procesa nodro\u0161in\u0101\u0161ana, varb\u016bt\u012bbas nov\u0113r\u0161ana, ka tiks izdar\u012bts jauns noziegums), ta\u010du \u0161\u0101d\u0101m aizdom\u0101m ir j\u0101b\u016bt pamatot\u0101m un procesa virz\u012bt\u0101jam t\u0101s ir j\u0101pier\u0101da ar faktiem, nevis tikai ar pie\u0146\u0113mumiem, pret\u0113j\u0101 gad\u012bjum\u0101 tiks aizskartas Satversm\u0113 garant\u0113t\u0101s personas pamatties\u012bbas un tiks p\u0101rk\u0101pti vair\u0101ki ties\u012bbu principi, tai skait\u0101 nevain\u012bguma prezumpcijas un tiesiskuma princips.<\/span><\/p>\n<p style=\"margin: 0px; padding: 0px; font-family: Calibri; font-size: 16px; line-height: normal; text-align: justify;\"><span style=\"letter-spacing: -0.15pt; font-family: Times, serif; font-size: 10pt;\"> <\/span><\/p>\n<p style=\"margin: 0px; padding: 0px; font-family: Calibri; font-size: 16px; line-height: normal; text-align: justify;\"><span style=\"letter-spacing: -0.15pt; font-family: Times, serif; font-size: 10pt;\">\u201e<strong>Apcietin\u0101jumu nevar piem\u0113rot nol\u016bk\u0101 veikt izmekl\u0113\u0161anas vai procesu\u0101l\u0101s darb\u012bbas. Personas tur\u0113\u0161anu apcietin\u0101jum\u0101 nevar pamatot ar izmekl\u0113\u0161anas gr\u016bt\u012bb\u0101m.<\/strong>\u201d (Eiropas Cilv\u0113kties\u012bbu tiesas spriedumi Noimaisters pret V\u0101ciju (<em>Neumeister v. Germany<\/em>) Kl\u016bss pret Be\u013c\u0123iju (<em>Clooth v.Belgium<\/em>))<\/span><\/p>\n<p style=\"margin: 0px; padding: 0px; font-family: Calibri; font-size: 16px; line-height: normal; text-align: justify;\"><span style=\"letter-spacing: -0.15pt; font-family: Times, serif; font-size: 10pt;\"> <\/span><\/p>\n<p style=\"margin: 0px; padding: 0px; font-family: Calibri; font-size: 16px; line-height: normal; text-align: justify;\"><span style=\"letter-spacing: -0.15pt; font-family: Times, serif; font-size: 10pt;\">Tiesa piln\u0101 m\u0113r\u0101 nav nodro\u0161in\u0101jusi ECK 6.p. defin\u0113t\u0101 taisn\u012bgas tiesas principa iev\u0113ro\u0161anu, k\u0101 rezult\u0101t\u0101 Linards Granti\u0146\u0161 nevar\u0113ja sevi pilnv\u0113rt\u012bgi ties\u0101 aizst\u0101v\u0113t L\u0113muma sakar\u0101.<\/span><\/p>\n<p style=\"margin: 0px; padding: 0px; font-family: Calibri; font-size: 16px; line-height: normal; text-align: justify;\"><span style=\"letter-spacing: -0.15pt; font-family: Times, serif; font-size: 10pt;\"> <\/span><\/p>\n<p style=\"margin: 0px; padding: 0px; font-family: Calibri; font-size: 16px; line-height: normal; text-align: justify;\"><span style=\"letter-spacing: -0.15pt; font-family: Times, serif; font-size: 10pt;\">Saska\u0146\u0101 ar ECK 5.p. un 6.p. noteikumiem, k\u0101 ar\u012b Eiropas Cilv\u0113kties\u012bbu tiesas (ECT) tiesu praksi, tiesas proces\u0101 ir j\u0101iev\u0113ro sacens\u012bbas princips starp pus\u0113m.\u00a0<strong>Procesa virz\u012bt\u0101jam ir j\u0101inform\u0113 apcietin\u0101tais vai vi\u0146a aizst\u0101vis par izmekl\u0113\u0161anas puses viedokli un argumentiem, turkl\u0101t aizst\u0101v\u012bbai ir j\u0101b\u016bt garant\u0113tai pieejai lietas materi\u0101liem, ar kuriem procesa virz\u012bt\u0101js pamato savus argumentus. <\/strong>Tas izriet no sekojo\u0161as ECT tiesu prakses: spriedums \u201eGrau\u017einis pret Lietuvu\u201d, 10.10.2000., 31\u00a7; \u201eN\u012bdbala pret Poliju\u201d, 04.07.2000., 66., 67.<strong> <\/strong>\u00a7; \u201eVlohs pret Poliju\u201d, 19.10.2000., 127. \u00a7; \u201eLamijs pret Be\u013c\u0123iju\u201d, 29. \u00a7.<\/span><\/p>\n<p style=\"margin: 0px; padding: 0px; font-family: Calibri; font-size: 16px; line-height: normal; text-align: justify;\"><span style=\"font-family: Times, serif; font-size: 10pt;\"> <\/span><\/p>\n<p style=\"margin: 0px; padding: 0px; font-family: Calibri; font-size: 16px; line-height: normal; text-align: justify;\"><span style=\"font-family: Times, serif; font-size: 10pt;\">L<\/span><span style=\"font-family: Times, serif; font-size: 10pt;\">ai piem\u0113rotu apcietin\u0101jumu pret personu, ir j\u0101past\u0101v ne tikai pamatot\u0101m aizdom\u0101m par noziedz\u012bga nodar\u012bjuma izdar\u012b\u0161anu, bet ar\u012b j\u0101b\u016bt konkr\u0113tam apcietin\u0101juma pamatojumam un ir j\u0101iev\u0113ro sam\u0113r\u012bguma princips. Nek\u0101d\u0101 gad\u012bjum\u0101 nevar b\u016bt par pietiekamu pamatojumu apcietin\u0101juma piem\u0113ro\u0161anai nodro\u0161in\u0101t aizdom\u0101s tur\u0113t\u0101 kl\u0101tb\u016btni, lai veicot atsevi\u0161\u0137\u0101s izzi\u0146as darb\u012bbas, izvair\u012btos no sare\u017e\u0123\u012bjumiem, kas saist\u012bti ar personas uzaicin\u0101\u0161anu, jo\u00a0<strong>aizdom\u0101s tur\u0113t\u0101 pien\u0101kums nav atvieglot izzi\u0146as iest\u0101\u017eu darbu, akt\u012bvi l\u012bdzdarboties vai izr\u0101d\u012bt labv\u0113l\u012bgu attieksmi pret izmekl\u0113t\u0101ju<\/strong>. Ac\u012bmredzami pretlikum\u012bgi un nesam\u0113rojami ar Konvencijas norm\u0101m ir pamatot apcietin\u0101jumu ar k\u0101du krimin\u0101lprocesa stadiju vai izmekl\u0113\u0161anas darb\u012bbas nepiecie\u0161am\u012bbu, kas atvieglo procesa virz\u012bt\u0101jam veikt savus tie\u0161os pien\u0101kumus krimin\u0101lproces\u0101 uz aizdom\u0101s tur\u0113t\u0101 cilv\u0113kties\u012bbu ierobe\u017eojuma pamata.<\/span><\/p>\n<p style=\"margin: 0px; padding: 0px; font-family: Calibri; font-size: 16px; line-height: normal; text-align: justify;\"><span style=\"font-family: Times, serif; font-size: 10pt;\"> <\/span><\/p>\n<p style=\"margin: 0px; padding: 0px; font-family: Calibri; font-size: 16px; line-height: normal; text-align: justify;\"><span style=\"font-family: Times, serif; font-size: 10pt;\">No Eiropas Cilv\u0113kties\u012bbu tiesas spriedumiem izriet, ka\u00a0<strong>uz aizdomu pamata ir iesp\u0113jams piln\u012bb\u0101 attaisnot aiztur\u0113\u0161anu. Tom\u0113r aiztur\u0113\u0161anas beig\u0101s ar t\u0101m nepietiek, lai attaisnotu apcietin\u0101jumu <\/strong>(Spriedums Jablonskis pret Poliju, 21.12.2000).<\/span><\/p>\n<p style=\"margin: 0px; padding: 0px; font-family: Calibri; font-size: 16px; line-height: normal; text-align: justify;\"><span style=\"font-family: Times, serif; font-size: 10pt;\"> <\/span><\/p>\n<p style=\"margin: 0px; padding: 0px; font-family: Calibri; font-size: 16px; line-height: normal; text-align: justify;\"><span style=\"font-family: Times, serif; font-size: 10pt;\">Advok\u0101ts nor\u0101da, ka, lai personai piem\u0113rotu visbarg\u0101ko dro\u0161\u012bbas l\u012bdzekli \u2013 apcietin\u0101jumu, ir nepiecie\u0161ams konstat\u0113t personas\u00a0<strong>subjekt\u012bvo nodomu un patieso v\u0113lmi trauc\u0113t izmekl\u0113\u0161anu<\/strong> <strong>un paties\u012bbas noskaidro\u0161anu.<\/strong> Apst\u0101k\u013ci, kas nor\u0101da uz izmekl\u0113\u0161anas un paties\u012bbas noskaidro\u0161anas trauc\u0113\u0161anas varb\u016bt\u012bbu, ir j\u0101no\u0161\u0137ir no faktiem un pier\u0101d\u012bjumiem, uz ko t\u0101da varb\u016bt\u012bba balst\u0101s, ta\u010du \u0161ie faktori nevar tikt autom\u0101tiski uzskat\u012bti par pamatu apcietin\u0101juma piem\u0113ro\u0161anai. Apcietin\u0101juma piem\u0113ro\u0161anas praks\u0113 nepiecie\u0161ams \u012bpa\u0161i nopietni izv\u0113rt\u0113t situ\u0101ciju, balstoties uz r\u016bp\u012bgi dokument\u0113tiem faktiem, jo no procesa virz\u012bt\u0101ja viedok\u013ca jebk\u0101du personas r\u012bc\u012bbu vai uzved\u012bbu ir viegli kvalific\u0113t k\u0101 potenci\u0101lu izmekl\u0113\u0161anas darba apdraud\u0113jumu. L\u012bdz ar to varb\u016bt\u012bba, ka tiks trauc\u0113ta paties\u012bbas noskaidro\u0161ana, var past\u0101v\u0113t tikai tad, ja personas konkr\u0113tas darb\u012bbas\u00a0<strong>objekt\u012bvi<\/strong> apdraud noteiktu izzi\u0146as m\u0113r\u0137i (Spriedums Millers pret Franciju, 40. par).<\/span><\/p>\n<p style=\"margin: 0px; padding: 0px; font-family: Calibri; font-size: 16px; line-height: normal; text-align: justify;\"><span style=\"font-family: Times, serif; font-size: 10pt;\"> <\/span><\/p>\n<p style=\"margin: 0px; padding: 0px; font-family: Calibri; font-size: 16px; line-height: normal; text-align: justify;\"><span style=\"font-family: Times, serif; font-size: 10pt;\">\u0145emot v\u0113r\u0101, ka Krimin\u0101lprocesa likums paredz da\u017e\u0101dus ar br\u012bv\u012bbas at\u0146em\u0161anu nesaist\u012btus piespiedu l\u012bdzek\u013cus, k\u0101 ar\u012b Linarda Granti\u0146a smago vesel\u012bbas st\u0101vokli, uzskatu, ka Linarda Granti\u0146a apcietin\u0101jums ir nesam\u0113r\u012bgs un krimin\u0101lprocesa m\u0113r\u0137us var sasniegt, izv\u0113loties citu ar br\u012bv\u012bbas at\u0146em\u0161anu nesaist\u012btu dro\u0161\u012bbas l\u012bdzekli.<\/span><\/p>\n<p style=\"margin: 0px; padding: 0px; font-family: Calibri; font-size: 16px; line-height: normal; text-align: justify;\"><span style=\"font-family: Times, serif; font-size: 10pt;\"> <\/span><\/p>\n<p style=\"margin: 0px; padding: 0px; font-family: Calibri; font-size: 16px; line-height: normal; text-align: justify;\"><span style=\"font-family: Times, serif; font-size: 10pt;\">\u0145emot v\u0113r\u0101 iepriek\u0161 min\u0113to un pamatojoties uz Krimin\u0101lprocesa likuma 1.p., 12.p., 19.p., 41.p., 244.p., 249.p., 272.p.,\u00a0<span style=\"letter-spacing: -0.15pt;\">274.p.,<\/span> 281.p., un Eiropas Cilv\u0113kties\u012bbu konvencijas 3.p., 5.p., 6.p.,<\/span><\/p>\n<p style=\"margin: 0px; padding: 0px; font-family: Calibri; font-size: 16px; line-height: normal; text-align: justify;\"><strong><span style=\"font-family: Times, serif; font-size: 10pt;\"> <\/span><\/strong><\/p>\n<p style=\"margin: 0px; padding: 0px; font-family: Calibri; font-size: 16px; line-height: normal; text-align: justify;\"><strong><span style=\"font-family: Times, serif; font-size: 10pt;\">A d v o k \u0101 t s\u00a0\u00a0\u00a0R e b e n o k s\u00a0\u00a0\u00a0l \u016b d z :<\/span><\/strong><\/p>\n<p style=\"margin: 0px; padding: 0px; font-family: Calibri; font-size: 16px; line-height: normal; text-align: justify;\"><span style=\"font-family: Times, serif; font-size: 10pt;\"> <\/span><\/p>\n<p style=\"margin: 0px; padding: 0px; font-family: Calibri; font-size: 16px; line-height: normal; text-align: justify;\"><span style=\"font-family: Times, serif; font-size: 10pt;\"> <strong>&#8211; atcelt Linardam Granti\u0146am piem\u0113roto dro\u0161\u012bbas l\u012bdzekli \u2013 apcietin\u0101jumu<\/strong>.<\/span><\/p>\n<p style=\"margin: 0px; padding: 0px; font-family: Calibri; font-size: 16px; line-height: normal; text-align: justify;\"><span style=\"font-family: Times, serif; font-size: 10pt;\"> <\/span><\/p>\n<p style=\"margin: 0px; padding: 0px; font-family: Calibri; font-size: 16px; line-height: normal; text-align: justify;\"><span style=\"font-family: Times, serif; font-size: 10pt;\" lang=\"DE\">Lai pal\u012bdz\u0113tu Linarda Granti\u0146a Latvijas aizst\u0101vjiem \u0101tr\u0101k atbr\u012bvot vi\u0146u no nelikum\u012bg\u0101 apcietin\u0101juma, Latvijas cilv\u0113kties\u012bbu aizst\u0101v\u012bbas grupa\u00a0\u00a0HELSINKI \u2013 86\u00a0\u00a0uzskata par nepiecie\u0161amu piesaist\u012bt advok\u0101tu no V\u0101cijas, lai noskaidrotu, vai V\u0101cijas v\u0113stniec\u012bba Latvij\u0101 ir dar\u012bjusi visu iesp\u0113jamo, lai pal\u012bdz\u0113tu savas valsts pilsonim.<\/span><\/p>\n<p style=\"margin: 0px; padding: 0px; font-family: Calibri; font-size: 16px; line-height: normal; text-align: justify;\"><span style=\"font-family: Times, serif; font-size: 10pt;\" lang=\"DE\">Pati Dro\u0161\u012bbas policija no jebk\u0101diem koment\u0101riem un paskaidrojumiem \u0161aj\u0101 sakar\u0101 atsak\u0101s. Nek\u0101dus skaidrojumus pagaid\u0101m nav sniegusi ar\u012b Ieslodz\u012bjuma vietu p\u0101rvalde.<\/span><\/p>\n<p style=\"margin: 0px; padding: 0px; font-family: Calibri; font-size: 16px; line-height: normal; text-align: justify;\"><span style=\"color: #000000;\"><span style=\"font-family: Times, serif; font-size: 10pt;\">Sv\u0113tdien, 2015.gada 16.august\u0101 Leta inform\u0113ja, ka Dro\u0161\u012bbas\u00a0policija veic dienesta p\u0101rbaudi par, iesp\u0113jams, p\u0101rm\u0113r\u012bgu sp\u0113ka pielieto\u0161anu pret Helsinki-86 izveidot\u0101ju Granti\u0146u.\u00a0\u0160o inform\u0101ciju p\u0101rpublic\u0113ja Latvijas liel\u0101kie port\u0101li Delfi, Tvnet, Apollo. Da\u017e\u0101dos interneta port\u0101los las\u012bt\u0101ji izteica vienu domu, ka \u00a0&#8220;Normunda Me\u017evieta vad\u012bt\u0101 Dro\u0161\u012bbas policija jeb\u00a0\u00a0iesp\u0113jamie noziedznieki\u00a0&#8220;p\u0101rbauda&#8221; pa\u0161i sevi&#8221;. Port\u0101los izteikta ar\u012b skarb\u0101ki koment\u0101ri, ka \u201eGranti\u0146\u0161 bija viens no pirmajiem Latvijas neatkar\u012bbas c\u012bn\u012bt\u0101jiem. Kas te Latvij\u0101 notiek? K\u0101p\u0113c neties\u0101 komunistus, bet tos, kuri c\u012bn\u012bj\u0101s par br\u012bv\u012bbu?\u201d \u201e<\/span><span style=\"font-family: Times, serif; font-size: 10pt;\" lang=\"DE\">Tie, kas Linardu Granti\u0146u tagad pazemo, ir\u00a0\u00a0pret NATO un civiliz\u0113t\u0101s pasaules v\u0113rt\u012bb\u0101m. Linards Granti\u0146\u0161 pier\u0101d\u012bjis, ka Latvij\u0101 pret paties\u012bbu ir ar\u012b visa t\u0101 saucam\u0101 liel\u0101 prese, visi Saeimas deput\u0101ti, ministri, ties\u012bbsargs, jo cit\u0101s valst\u012bs par tik kliedzo\u0161u br\u012bv\u012bbas c\u012bn\u012bt\u0101ja zv\u0113risku sp\u012bdzin\u0101\u0161anu protest\u0113tu visa pilsonisk\u0101 sabiedr\u012bba\u201c, teikts v\u0113l k\u0101d\u0101 cit\u0101 koment\u0101r\u0101.<\/span><\/span><\/p>\n<p style=\"margin: 0px; padding: 0px; font-family: Calibri; font-size: 16px; line-height: normal; text-align: justify;\"><span style=\"font-family: Times, serif; font-size: 10pt;\"> <\/span><\/p>\n<p style=\"margin: 0px; padding: 0px; font-family: Calibri; font-size: 16px; line-height: normal; text-align: justify;\"><span style=\"font-family: Times, serif; font-size: 10pt;\"> <\/span><\/p>\n<p style=\"margin: 0px; padding: 0px; font-family: Calibri; font-size: 16px; line-height: normal; text-align: justify;\"><span style=\"font-family: Times, serif; font-size: 10pt;\"> <\/span><\/p>\n<p style=\"margin: 0px; padding: 0px; font-family: Calibri; font-size: 16px; line-height: normal; text-align: justify;\"><span style=\"font-family: Times, serif; font-size: 10pt;\"> <\/span><\/p>\n<p style=\"margin: 0px; padding: 0px; font-family: Calibri; font-size: 16px; line-height: normal; text-align: justify;\"><span style=\"font-family: Times, serif; font-size: 10pt;\"> <\/span><\/p>\n<p style=\"margin: 0px; padding: 0px; font-family: Calibri; font-size: 16px; line-height: normal; text-align: justify;\"><span style=\"font-family: Times, serif; font-size: 10pt;\">Zi\u0146o Helsinki-86 vad\u012bt\u0101ja un biedri.<\/span><\/p>\n<p style=\"margin: 0px; padding: 0px; font-family: Calibri; font-size: 16px; line-height: normal; text-align: justify;\"><span style=\"font-family: Times, serif; font-size: 10pt;\"> <\/span><\/p>\n<p style=\"margin: 0px; padding: 0px; font-family: Calibri; font-size: 16px; line-height: normal; text-align: justify;\"><span style=\"font-family: Times, serif; font-size: 10pt;\"> <\/span><\/p>\n<p style=\"margin: 0px; padding: 0px; font-family: Calibri; font-size: 16px; line-height: normal; text-align: justify;\"><span style=\"font-family: Times, serif; font-size: 10pt;\">V\u0101cij\u0101, Minster\u0113, 2015. gada 16. august\u0101<\/span><\/p>\n","protected":false},"excerpt":{"rendered":"<p>Zv\u0113rin\u0101tais advok\u0101ts P\u0101vels Rebenoks ofici\u0101li aicin\u0101jis Latvijas Republikas \u0122ener\u0101lprokurat\u016bru s\u0101kt krimin\u0101lprocesu par cilv\u0113kties\u012bbu aizst\u0101v\u012bbas grupas Helsinki-86 dibin\u0101t\u0101ja Linarda Granti\u0146a \u012bpa\u0161i cietsird\u012bgo un brut\u0101lo aiztur\u0113\u0161anu, ko veica Dro\u0161\u012bbas policijas darbinieki, k\u0101 ar\u012b veikt visas darb\u012bbas,&#46;&#46;&#46;<\/p>\n","protected":false},"author":1,"featured_media":0,"comment_status":"open","ping_status":"open","sticky":false,"template":"","format":"standard","meta":[],"categories":[1],"tags":[],"_links":{"self":[{"href":"https:\/\/tautastribunals.eu\/index.php?rest_route=\/wp\/v2\/posts\/27912"}],"collection":[{"href":"https:\/\/tautastribunals.eu\/index.php?rest_route=\/wp\/v2\/posts"}],"about":[{"href":"https:\/\/tautastribunals.eu\/index.php?rest_route=\/wp\/v2\/types\/post"}],"author":[{"embeddable":true,"href":"https:\/\/tautastribunals.eu\/index.php?rest_route=\/wp\/v2\/users\/1"}],"replies":[{"embeddable":true,"href":"https:\/\/tautastribunals.eu\/index.php?rest_route=%2Fwp%2Fv2%2Fcomments&post=27912"}],"version-history":[{"count":7,"href":"https:\/\/tautastribunals.eu\/index.php?rest_route=\/wp\/v2\/posts\/27912\/revisions"}],"predecessor-version":[{"id":27919,"href":"https:\/\/tautastribunals.eu\/index.php?rest_route=\/wp\/v2\/posts\/27912\/revisions\/27919"}],"wp:attachment":[{"href":"https:\/\/tautastribunals.eu\/index.php?rest_route=%2Fwp%2Fv2%2Fmedia&parent=27912"}],"wp:term":[{"taxonomy":"category","embeddable":true,"href":"https:\/\/tautastribunals.eu\/index.php?rest_route=%2Fwp%2Fv2%2Fcategories&post=27912"},{"taxonomy":"post_tag","embeddable":true,"href":"https:\/\/tautastribunals.eu\/index.php?rest_route=%2Fwp%2Fv2%2Ftags&post=27912"}],"curies":[{"name":"wp","href":"https:\/\/api.w.org\/{rel}","templated":true}]}}