{"id":27529,"date":"2015-06-28T14:35:01","date_gmt":"2015-06-28T11:35:01","guid":{"rendered":"http:\/\/tautastribunals.eu\/?p=27529"},"modified":"2015-06-28T14:42:29","modified_gmt":"2015-06-28T11:42:29","slug":"zala-cilvecina-etalons-komunists-imants-kalnins","status":"publish","type":"post","link":"https:\/\/tautastribunals.eu\/?p=27529","title":{"rendered":"Za\u013c\u0101 cilv\u0113ci\u0146a etalons- komunists Imants Kalni\u0146\u0161"},"content":{"rendered":"<h2><span style=\"color: #008000;\">Pirms lasi, noklausies \u0161o &#8220;Latvijas dauni&#8221;<\/span><\/h2>\n<p><span style=\"color: #0000ff;\"><a href=\"http:\/\/skaties.lv\/latvija\/imantam-kalninam-par-latviju-ir-liela-vilsanas-uzskata-ka-iestasanas-es-un-nato-bija-kluda\/?utm_source=draugiem&amp;utm_medium=autopost&amp;utm_campaign=social&amp;utm_content=skaties &quot;Krievija \u0161oreiz aizst\u0101vas pret agresiju&quot;, saka &quot;oratorija \u013be\u0146inam&quot; rad\u012btais komunists Imants Kalni\u0146\u0161. Vai iev\u0113roj\u0101t, vi\u0146\u0161 saka, &quot;\u0161oreiz&quot; !!! Un cik z\u012bm\u012bgi, ka 4.maija kli\u0137es \u017eurnalisTE\u013bI visu to ska\u013ci baz\u016bne ! T\u0101tad, t\u0101 ir valdo\u0161as bandas &quot;politisk\u0101 orient\u0101cija&quot;- nach Osten !(uz austrumiem) http:\/\/tautastribunals.eu\/?p=19895 Jaut\u0101jums \u0161im komunistiskajam de\u0123ener\u0101tam- alkoholi\u0137im: pret k\u0101du agresiju Krievija aizst\u0101v\u0113j\u0101s 1939- 1940 gad\u0101, kad uzbruka Somijai, tad kop\u0101 ar nacistisko V\u0101ciju izn\u012bcin\u0101ja Poliju un beidzot zv\u0113riski izn\u012bcin\u0101ja Latvijas(Baltijas) neatkar\u012bbu. Deport\u0101cijas, latvie\u0161u(baltie\u0161u) inteli\u0123ences zv\u0113r\u012bgu slepkavo\u0161anu !!! Visas \u0161is zv\u0113r\u012bbas zinot, vi\u0146\u0161 tom\u0113r uzskat\u012bja par pien\u0101kumu iest\u0101ties  savas tautas bezn\u017eu partij\u0101 !  Vi\u0146\u0161 pat zv\u0113r\u0113ja turpin\u0101t vi\u0146u aizs\u0101ktos asins darbus, par ko m\u0113s ar\u012b \u0161odien varam p\u0101rliecin\u0101ties. Vi\u0146\u0161 , ar savu proMaskavisko propogandu ir pieskait\u0101ms pie &quot;za\u013co cilv\u0113ci\u0146u&quot; elit\u0101ras da\u013cas. Vai ir dzird\u0113ts, ka vi\u0146\u0161 jel reizi b\u016btu nosod\u012bjis piekt\u0101s kolonnas k\u016bd\u012bt\u0101jus un Latvij\u0101 prettiesiski atrodo\u0161os jebrejus: Lindermani, \u017dd\u0101noku, Cil\u0113vi\u010du, Girsu, Plineru, Krasovicki, Godmani, Borovkovu, Karginu... , n\u0113, to vi\u0146\u0161 nav dar\u012bjis ! Tie\u0161i \u0161ie ir tie Latvijas bendes, bet ne ES un NATO. Tautas balss par \u0161o padibeni: &quot;Kalni\u0146\u0161 ir veikls zellis un saprot no kuras puses p\u016b\u0161 v\u0113j\u0161 (ar\u012b nauda) \u2013 Oratorija Sta\u013cinam (atvainojos \u013be\u0146inam), tad atteikums m\u016bzikai Velna kalpiem(padzird\u0113ja, ka par nacion\u0101lu un aizliegs), un v\u0113l un v\u0113l un \u0161odien jau piem\u0113rojas Putinam\u2026 &quot;Kalni\u0146\u0161 ir zaud\u0113jis vecos saimniekus, bet jauniem vi\u0146\u0161 nav p\u0101r\u0101k vajadz\u012bgs. Eirop\u0101 t\u0101dam komponistam b\u016btu pamat\u012bgi j\u0101piep\u016blas, lai tevi paman\u012btu, toties ot\u0101 pus\u0113 pietiek kaut ko pap\u016bst pareiz\u0101 stabul\u0113 un tevi cien\u012bs un slav\u0113s. Redzi, tur t\u0101da atsauc\u012bba, t\u0101da kult\u016bra un, galvenais, t\u0101da mentalit\u0101te! T\u0101p\u0113c jau aizbrauc latvie\u0161i no Latvijas, ka p\u0101r\u0101k daudz mums kalni\u0146u kuri neliksies mier\u0101 kam\u0113r netiks atpaka\u013c pie krievu pupa.&quot; &quot;Nedom\u0101ju, ka Latvij\u0101 dz\u012bvo t\u0101di mu\u013c\u0137i, kuri \u0146em par pilnu rad\u012bjumu, kur\u0161 padomju de\u0123ener\u0101tu okup\u0101cijas re\u017e\u012bma laik\u0101, ir sarakst\u012bjis oratoriju pederastam, sifil\u012bti\u0137im un izdzimtenim \u013be\u0146inam. Par to vien, ka vi\u0146\u0161 ir sast\u0101v\u0113jis pasaules v\u0113stur\u0113 visasi\u0146ain\u0101kaj\u0101 partij\u0101, atbalst\u012bjis latvie\u0161u tautas genoc\u012bdu, kuru veikusi \u0161\u012b partija, t\u0101dam Kalni\u0146am ir izpild\u0101ms n\u0101vessods visas cilv\u0113ces priek\u0161\u0101, t\u0101pat k\u0101 Sadamam Huse\u012bnam. Kalni\u0146\u0161 ir tas, kur\u0161 propagand\u0113 n\u0101ves- Antikrista ideolo\u0123iju ! \">http:\/\/skaties.lv\/latvija\/imantam-kalninam-par-latviju-ir-liela-vilsanas-uzskata-ka-iestasanas-es-un-nato-bija-kluda\/?utm_source=draugiem&amp;utm_medium=autopost&amp;utm_campaign=social&amp;utm_content=skaties<\/a><\/span><\/p>\n<p><span style=\"color: #003300;\"> <\/span><\/p>\n<h2><span style=\"color: #003300;\"><strong><img decoding=\"async\" loading=\"lazy\" class=\"alignleft size-full wp-image-27533\" title=\"Za\u013c\u0161.Latvijas-republikas-tautas-tribun\u0101ls-Aivars-Borovkovs-Ivars-Godmanis-J\u0101nis-Reinisks-Straujuma-Prezidents-Saeima-DP.-ST.-Kopie\" src=\"http:\/\/tautastribunals.eu\/wp-content\/uploads\/2015\/06\/Za\u013c\u0161.Latvijas-republikas-tautas-tribun\u0101ls-Aivars-Borovkovs-Ivars-Godmanis-J\u0101nis-Reinisks-Straujuma-Prezidents-Saeima-DP.-ST.-Kopie1.PNG\" alt=\"Za\u013c\u0161.Latvijas-republikas-tautas-tribun\u0101ls-Aivars-Borovkovs-Ivars-Godmanis-J\u0101nis-Reinisks-Straujuma-Prezidents-Saeima-DP.-ST.-Kopie\" width=\"630\" height=\"75\" \/><\/strong><\/span><span style=\"color: #008000;\"> <\/span><\/h2>\n<h2><span style=\"color: #008000;\">Imants Kalni\u0146\u0161- kriev\u017e\u012bdisk\u0101s Izra\u0113las kalps, Latvijas valsts bende !<\/span><\/h2>\n<p><span style=\"color: #003300;\"><strong><img decoding=\"async\" loading=\"lazy\" class=\"alignleft size-full wp-image-27545\" title=\"Imants Kalni\u0146\u0161, Rezija Kalni',a, Pauls, Peters, LRTT\" src=\"http:\/\/tautastribunals.eu\/wp-content\/uploads\/2015\/06\/Imants-Kalni\u0146\u0161-Rezija-Kalnia-Pauls-Peters-LRTT.PNG\" alt=\"Imants Kalni\u0146\u0161, Rezija Kalni',a, Pauls, Peters, LRTT\" width=\"141\" height=\"135\" \/>&#8220;Krievija \u0161oreiz aizst\u0101vas pret agresiju&#8221;,<\/strong> saka<strong> &#8220;oratorija \u013be\u0146inam&#8221;<span style=\"text-decoration: underline;\"><em> <\/em><\/span><\/strong><span style=\"text-decoration: underline;\"><em>izgudrot\u0101js,<\/em><\/span> komunists <strong>Imants Kalni\u0146\u0161<\/strong>.<\/span><\/p>\n<p><span style=\"color: #003300;\"> <\/span><\/p>\n<p><span style=\"color: #003300;\">Vai iev\u0113roj\u0101t, vi\u0146\u0161 saka: <strong>&#8220;\u0161oreiz&#8221; <\/strong>!!! <\/span><\/p>\n<p><span style=\"color: #003300;\">Un cik z\u012bm\u012bgi, ka <strong>4.maija kli\u0137es <\/strong>\u017eurnalis<strong>TE\u013bI <\/strong>visu to ska\u013ci baz\u016bne !<\/span><\/p>\n<p><span style=\"color: #003300;\"> <\/span><\/p>\n<p><span style=\"color: #003300;\">T\u0101tad, t\u0101 ir valdo\u0161\u0101s bandas <strong>politisk\u0101 orient\u0101cija- &#8220;<\/strong>nach Osten&#8221; !<em>(uz austrumiem)<\/em><\/span><\/p>\n<p><span style=\"color: #003300;\"> <\/span><\/p>\n<h2><a href=\"http:\/\/tautastribunals.eu\/?p=19895\"><span style=\"text-decoration: underline;\"> Vair\u0101k lasi \u0161eit:Prieka v\u0113sts!- ir dzimu\u0161i Latvijas tautas pist\u012bt\u0101ji !!!<\/span><\/a><\/h2>\n<p><span style=\"color: #003300;\"> <\/span><\/p>\n<h2><span style=\"color: #003300;\"><span style=\"color: #800080;\"><span style=\"text-decoration: underline;\"><strong>Jaut\u0101jums \u0161im komunistiskajam de\u0123ener\u0101tam- alkoholi\u0137im:<\/strong><\/span><\/span> <\/span><\/h2>\n<p><span style=\"color: #003300;\">pret k\u0101du agresiju <strong>Krievija<\/strong> aizst\u0101v\u0113j\u0101s 1939- 1940 gad\u0101, kad uzbruka<strong> Somijai<\/strong>, tad kop\u0101 ar <strong>nacistisko V\u0101ciju<\/strong> izn\u012bcin\u0101ja<strong> Poliju<\/strong> un beidzot zv\u0113riski izn\u012bcin\u0101ja<strong> Latvijas<\/strong><em>(Baltijas)<\/em> neatkar\u012bbu. Deport\u0101cijas, latvie\u0161u<em>(baltie\u0161u)<\/em> inteli\u0123ences zv\u0113r\u012bgu slepkavo\u0161anu !!! <\/span><\/p>\n<p><span style=\"color: #003300;\"><span style=\"text-decoration: underline;\"><strong>&gt;Visas <\/strong><\/span>\u0161is zv\u0113r\u012bbas zinot, vi\u0146\u0161 tom\u0113r uzskat\u012bja par pien\u0101kumu iest\u0101ties\u00a0 savas tautas bezn\u017eu partij\u0101 !<\/span><\/p>\n<p><span style=\"color: #003300;\"> <\/span><\/p>\n<p><span style=\"color: #003300;\"><span style=\"text-decoration: underline;\"><strong>&gt;Vi\u0146\u0161 <\/strong><\/span>pat zv\u0113r\u0113ja turpin\u0101t vi\u0146u aizs\u0101ktos asins darbus, par ko m\u0113s ar\u012b \u0161odien varam p\u0101rliecin\u0101ties- vi\u0146\u0161 c\u012bt\u012bgi uzst\u0101jas pret <strong>NATO <\/strong>un<strong> ES<\/strong>. Vi\u0146\u0161 ,ar savu pro<strong>Maskavisko<\/strong> propogandu, ir pieskait\u0101ms pie<strong> &#8220;za\u013co cilv\u0113ci\u0146u&#8221; <\/strong>elit\u0101ras da\u013cas.<\/span><\/p>\n<p><span style=\"color: #003300;\"> <\/span><\/p>\n<p><span style=\"color: #003300;\">Vai ir dzird\u0113ts, ka vi\u0146\u0161 jel reizi b\u016btu nosod\u012bjis <strong>piekt\u0101s kolonnas k\u016bd\u012bt\u0101jus<\/strong> un<strong> Latvij\u0101<\/strong> prettiesiski atrodo\u0161os jebrejus <strong>Lindermani, \u017dd\u0101noku, Cil\u0113vi\u010du, Girsu, Plineru, Krasovicki, Godmani, Borovkovu, Karginu<\/strong>&#8230; ? <\/span><\/p>\n<h2><span style=\"color: #003300;\">N\u0113, to vi\u0146\u0161 nav dar\u012bjis un ar\u012b nedar\u012bs, jo vi\u0146\u0161 pieder \u0161ai bandai ! <\/span><\/h2>\n<p><span style=\"color: #003300;\">Tie\u0161i tie un ar\u012b vi\u0146\u0161 ir tie <strong>Latvijas bendes<\/strong>, bet ne<strong> ES <\/strong>un<strong> NATO<\/strong>.<\/span><\/p>\n<p><span style=\"color: #003300;\"> <\/span><\/p>\n<h2><span style=\"color: #008000;\"><img decoding=\"async\" loading=\"lazy\" class=\"alignleft size-full wp-image-27546\" title=\"\u017d\u012bdi-Imants-Kalni\u0146\u0161-Kaspars-Dimiters-V.-Lindermanis-Raimonds-Pauls-1\" src=\"http:\/\/tautastribunals.eu\/wp-content\/uploads\/2015\/06\/\u017d\u012bdi-Imants-Kalni\u0146\u0161-Kaspars-Dimiters-V.-Lindermanis-Raimonds-Pauls-1.PNG\" alt=\"\u017d\u012bdi-Imants-Kalni\u0146\u0161-Kaspars-Dimiters-V.-Lindermanis-Raimonds-Pauls-1\" width=\"622\" height=\"305\" srcset=\"https:\/\/tautastribunals.eu\/wp-content\/uploads\/2015\/06\/\u017d\u012bdi-Imants-Kalni\u0146\u0161-Kaspars-Dimiters-V.-Lindermanis-Raimonds-Pauls-1.PNG 664w, https:\/\/tautastribunals.eu\/wp-content\/uploads\/2015\/06\/di-Imants-Kalni\u0146\u0161-Kaspars-Dimiters-V.-Lindermanis-Raimonds-Pauls-1-300x146.PNG 300w\" sizes=\"(max-width: 622px) 100vw, 622px\" \/>Tautas balss par \u0161o padibeni: <\/span><\/h2>\n<p><span style=\"color: #008000;\">&#8220;<strong>Kalni\u0146\u0161 <\/strong>ir veikls zellis un saprot no kuras puses p\u016b\u0161 v\u0113j\u0161 <em>(ar\u012b nauda)<\/em> \u2013 <strong>Oratorija Sta\u013cinam <\/strong><em>(atvainojos \u013be\u0146inam), <\/em>tad atteikums m\u016bzikai <strong>Velna kalpiem<\/strong><em>(padzird\u0113ja, ka par nacion\u0101lu un aizliegs), <\/em>un v\u0113l un v\u0113l un \u0161odien jau piem\u0113rojas <strong>Putinam<\/strong>\u2026<\/span><\/p>\n<p><span style=\"color: #008000;\"> <\/span><\/p>\n<p><span style=\"color: #008000;\"> <\/span><\/p>\n<p><span style=\"color: #008000;\"> <\/span><\/p>\n<p><span style=\"color: #008000;\">&#8220;Kalni\u0146\u0161 ir zaud\u0113jis vecos saimniekus, bet jauniem vi\u0146\u0161 nav p\u0101r\u0101k vajadz\u012bgs. Eirop\u0101 t\u0101dam komponistam b\u016btu pamat\u012bgi j\u0101piep\u016blas, lai tevi paman\u012btu, toties ot\u0101 pus\u0113 pietiek kaut ko pap\u016bst pareiz\u0101 stabul\u0113 un tevi cien\u012bs un slav\u0113s. Redzi, tur t\u0101da atsauc\u012bba, t\u0101da kult\u016bra un, galvenais, t\u0101da mentalit\u0101te! T\u0101p\u0113c jau aizbrauc latvie\u0161i no <strong>Latvijas<\/strong>, ka p\u0101r\u0101k daudz mums kalni\u0146u kuri neliksies mier\u0101 kam\u0113r netiks atpaka\u013c pie krievu pupa.&#8221;<\/span><\/p>\n<p><span style=\"color: #008000;\"> <\/span><\/p>\n<p><span style=\"color: #008000;\"> <\/span><\/p>\n<p><span style=\"color: #008000;\"> <\/span><\/p>\n<p><span style=\"color: #008000;\">&#8220;Nedom\u0101ju, ka <strong>Latvij\u0101<\/strong> dz\u012bvo t\u0101di mu\u013c\u0137i, kuri \u0146em par pilnu rad\u012bjumu, kur\u0161 padomju de\u0123ener\u0101tu okup\u0101cijas re\u017e\u012bma laik\u0101, ir sarakst\u012bjis oratoriju pederastam, sifil\u012bti\u0137im un izdzimtenim \u013be\u0146inam.&#8221;<\/span><\/p>\n<p><span style=\"color: #003300;\"> <\/span><\/p>\n<p><span style=\"color: #003300;\">Par to vien, ka<span style=\"text-decoration: underline;\"><strong> vi\u0146\u0161 ir sast\u0101v\u0113jis pasaules v\u0113stur\u0113 visasi\u0146ain\u0101kaj\u0101 partij\u0101,<\/strong><\/span> atbalst\u012bjis latvie\u0161u tautas genoc\u012bdu, kuru veikusi \u0161\u012b partija, t\u0101dam K<strong>alni\u0146am <\/strong>ir izpild\u0101ms n\u0101vessods visas cilv\u0113ces priek\u0161\u0101, t\u0101pat k\u0101 <strong>Sadamam Huse\u012bnam<\/strong>.<\/span><\/p>\n<p><span style=\"color: #003300;\"> <\/span><\/p>\n<p><span style=\"color: #003300;\"><strong>Kalni\u0146\u0161<\/strong> ir tas, kur\u0161 propagand\u0113 n\u0101ves-<strong> Antikrista ideolo\u0123iju <\/strong>!<\/span><\/p>\n<h2>Dievs sv\u0113t\u012b Latviju !<\/h2>\n<p><span style=\"color: #003300;\">LRTT\u00a0\u00a0\u00a0\u00a0\u00a0\u00a0\u00a0\u00a0\u00a0 28.06.15<\/span><\/p>\n<h2><span style=\"color: #003300;\"><img decoding=\"async\" loading=\"lazy\" class=\"alignleft size-full wp-image-27568\" title=\"MIGLA SARKAN\u0100- NOL\u0100D\u0112T\u0100,REINIKS,\u0100BOLTI\u0145A\" src=\"http:\/\/tautastribunals.eu\/wp-content\/uploads\/2015\/06\/MIGLA-SARKAN\u0100-NOL\u0100D\u0112T\u0100REINIKS\u0100BOLTI\u0145A1.PNG\" alt=\"MIGLA SARKAN\u0100- NOL\u0100D\u0112T\u0100,REINIKS,\u0100BOLTI\u0145A\" width=\"633\" height=\"55\" srcset=\"https:\/\/tautastribunals.eu\/wp-content\/uploads\/2015\/06\/MIGLA-SARKAN\u0100-NOL\u0100D\u0112T\u0100REINIKS\u0100BOLTI\u0145A1.PNG 986w, https:\/\/tautastribunals.eu\/wp-content\/uploads\/2015\/06\/MIGLA-SARKAN\u0100-NOL\u0100D\u0112T\u0100REINIKS\u0100BOLTI\u0145A1-300x25.PNG 300w, https:\/\/tautastribunals.eu\/wp-content\/uploads\/2015\/06\/MIGLA-SARKAN\u0100-NOL\u0100D\u0112T\u0100REINIKS\u0100BOLTI\u0145A1-800x68.PNG 800w\" sizes=\"(max-width: 633px) 100vw, 633px\" \/><span style=\"color: #ff0000;\">Imanta Kalni\u0146a n\u0101kotnes Latvijas cer\u012bbas !<br \/>\n<\/span><\/span><\/h2>\n<p><span style=\"color: #003300;\"><span style=\"color: #ff0000;\"> <\/span><img decoding=\"async\" loading=\"lazy\" class=\"alignleft size-full wp-image-27569\" title=\"S. Dolgopolovs, N. U\u0161akovs,Straujuma,B\u0113rzi\u0146\u0161, LRTT. Urbanovi\u010ds.-1\" src=\"http:\/\/tautastribunals.eu\/wp-content\/uploads\/2015\/06\/S.-Dolgopolovs-N.-U\u0161akovsStraujumaB\u0113rzi\u0146\u0161-LRTT.-Urbanovi\u010ds.-1.JPG\" alt=\"S. Dolgopolovs, N. U\u0161akovs,Straujuma,B\u0113rzi\u0146\u0161, LRTT. Urbanovi\u010ds.-1\" width=\"636\" height=\"399\" srcset=\"https:\/\/tautastribunals.eu\/wp-content\/uploads\/2015\/06\/S.-Dolgopolovs-N.-U\u0161akovsStraujumaB\u0113rzi\u0146\u0161-LRTT.-Urbanovi\u010ds.-1.JPG 848w, https:\/\/tautastribunals.eu\/wp-content\/uploads\/2015\/06\/S.-Dolgopolovs-N.-U\u0161akovsStraujumaB\u0113rzi\u0146\u0161-LRTT.-Urbanovi\u010ds.-1-300x188.jpg 300w, https:\/\/tautastribunals.eu\/wp-content\/uploads\/2015\/06\/S.-Dolgopolovs-N.-U\u0161akovsStraujumaB\u0113rzi\u0146\u0161-LRTT.-Urbanovi\u010ds.-1-800x502.jpg 800w\" sizes=\"(max-width: 636px) 100vw, 636px\" \/><br \/>\n<\/span><\/p>\n","protected":false},"excerpt":{"rendered":"<p>Pirms lasi, noklausies \u0161o &#8220;Latvijas dauni&#8221; http:\/\/skaties.lv\/latvija\/imantam-kalninam-par-latviju-ir-liela-vilsanas-uzskata-ka-iestasanas-es-un-nato-bija-kluda\/?utm_source=draugiem&amp;utm_medium=autopost&amp;utm_campaign=social&amp;utm_content=skaties Imants Kalni\u0146\u0161- kriev\u017e\u012bdisk\u0101s Izra\u0113las kalps, Latvijas valsts bende ! &#8220;Krievija \u0161oreiz aizst\u0101vas pret agresiju&#8221;, saka &#8220;oratorija \u013be\u0146inam&#8221; izgudrot\u0101js, komunists Imants Kalni\u0146\u0161. Vai iev\u0113roj\u0101t, vi\u0146\u0161 saka: &#8220;\u0161oreiz&#8221; !!!&#46;&#46;&#46;<\/p>\n","protected":false},"author":1,"featured_media":0,"comment_status":"open","ping_status":"open","sticky":false,"template":"","format":"standard","meta":[],"categories":[1],"tags":[],"_links":{"self":[{"href":"https:\/\/tautastribunals.eu\/index.php?rest_route=\/wp\/v2\/posts\/27529"}],"collection":[{"href":"https:\/\/tautastribunals.eu\/index.php?rest_route=\/wp\/v2\/posts"}],"about":[{"href":"https:\/\/tautastribunals.eu\/index.php?rest_route=\/wp\/v2\/types\/post"}],"author":[{"embeddable":true,"href":"https:\/\/tautastribunals.eu\/index.php?rest_route=\/wp\/v2\/users\/1"}],"replies":[{"embeddable":true,"href":"https:\/\/tautastribunals.eu\/index.php?rest_route=%2Fwp%2Fv2%2Fcomments&post=27529"}],"version-history":[{"count":41,"href":"https:\/\/tautastribunals.eu\/index.php?rest_route=\/wp\/v2\/posts\/27529\/revisions"}],"predecessor-version":[{"id":27573,"href":"https:\/\/tautastribunals.eu\/index.php?rest_route=\/wp\/v2\/posts\/27529\/revisions\/27573"}],"wp:attachment":[{"href":"https:\/\/tautastribunals.eu\/index.php?rest_route=%2Fwp%2Fv2%2Fmedia&parent=27529"}],"wp:term":[{"taxonomy":"category","embeddable":true,"href":"https:\/\/tautastribunals.eu\/index.php?rest_route=%2Fwp%2Fv2%2Fcategories&post=27529"},{"taxonomy":"post_tag","embeddable":true,"href":"https:\/\/tautastribunals.eu\/index.php?rest_route=%2Fwp%2Fv2%2Ftags&post=27529"}],"curies":[{"name":"wp","href":"https:\/\/api.w.org\/{rel}","templated":true}]}}