{"id":26814,"date":"2015-05-16T12:52:00","date_gmt":"2015-05-16T09:52:00","guid":{"rendered":"http:\/\/tautastribunals.eu\/?p=26814"},"modified":"2015-05-17T10:26:51","modified_gmt":"2015-05-17T07:26:51","slug":"kapec-noslepkavoja-ivaru-kezberi","status":"publish","type":"post","link":"https:\/\/tautastribunals.eu\/?p=26814","title":{"rendered":"K\u0101p\u0113c noslepkavoja Ivaru \u0136ezberi ?"},"content":{"rendered":"<h2><span style=\"color: #003300;\"><img decoding=\"async\" loading=\"lazy\" class=\"alignleft size-full wp-image-26815\" title=\"Za\u013c\u0161, tautastribunals.eu\" src=\"http:\/\/tautastribunals.eu\/wp-content\/uploads\/2015\/05\/Za\u013c\u0161-tautastribunals.eu4.png\" alt=\"Za\u013c\u0161, tautastribunals.eu\" width=\"623\" height=\"87\" srcset=\"https:\/\/tautastribunals.eu\/wp-content\/uploads\/2015\/05\/Za\u013c\u0161-tautastribunals.eu4.png 950w, https:\/\/tautastribunals.eu\/wp-content\/uploads\/2015\/05\/Za\u013c\u0161-tautastribunals.eu4-300x42.png 300w, https:\/\/tautastribunals.eu\/wp-content\/uploads\/2015\/05\/Za\u013c\u0161-tautastribunals.eu4-800x112.png 800w\" sizes=\"(max-width: 623px) 100vw, 623px\" \/><\/span><\/h2>\n<p>Atbilde rakstam:<\/p>\n<p><strong><a href=\"http:\/\/www.delfi.lv\/news\/national\/politics\/maskavas-spiegu-tikls-publisko-liecibas-par-ulmana-sabiedroto-dubulto-seju-un-spiegosanu.d?id=45939851\">&#8216;Maskavas spiegu t\u012bkls&#8217; \u2013 publisko liec\u012bbas par Ulma\u0146a sabiedroto dubulto seju un spiego\u0161anu<\/a><\/strong><\/p>\n<h2><span style=\"color: #003300;\">Ivaru \u0136ezberi noslepkavoja t\u0101p\u0113c, ka:<\/span><\/h2>\n<p><span style=\"color: #003300;\"><strong>Ivars \u0136ezberis<\/strong> bija <strong>Padomju<\/strong> laika politologs- ideologs.\u00a0 M\u0113s visi vi\u0146u tolaik uzskat\u012bj\u0101m par \u012bstu maitu. P\u0113c<strong>Atmodas <\/strong>laik\u0101, kad saka p\u0101rveidoties visa pasaule, ar\u012b <strong>\u0136ezberis<\/strong> bija iedom\u0101jies, ka \u017e\u012bdiski- bo\u013c\u0161evistisk\u0101 sist\u0113ma liberaliz\u0113sies, bet k\u0101 redzams, tad <strong>n\u0101v\u012bgi<\/strong> mald\u012bj\u0101s. <strong>&#8220;N\u0101v\u012bgi mald\u012bj\u0101s&#8221;<\/strong> ir j\u0101saprot vistie\u0161\u0101k\u0101 noz\u012bm\u0113. Ja m\u0113s noskat\u0101mies \u0161o video:<a href=\" https:\/\/www.youtube.com\/watch?v=Po9b_gAG1BM\"> https:\/\/www.youtube.com\/watch?v=Po9b_gAG1BM<\/a>, tad saprotam, ka vi\u0146am nebija vietas \u0161odienas noziedznieku band\u0101, band\u0101, kuru p\u0101rst\u0101v t\u0101da noziedzniece k\u0101 <strong>&#8220;v\u0113sturniece&#8221; Ilga Kreituse<\/strong>. <strong><img decoding=\"async\" loading=\"lazy\" class=\"alignleft size-full wp-image-26820\" title=\"Ivars \u0136ezberis, Imants Spu\u013cgis, Laimonis \u0160mits,LRTT,H-86.\" src=\"http:\/\/tautastribunals.eu\/wp-content\/uploads\/2015\/05\/Ivars-\u0136ezberis-Imants-Spu\u013cgis-Laimonis-\u0160mitsLRTTH-86..PNG\" alt=\"Ivars \u0136ezberis, Imants Spu\u013cgis, Laimonis \u0160mits,LRTT,H-86.\" width=\"157\" height=\"253\" \/>\u0136ezberis<\/strong>, k\u0101 m\u0113s redzam p\u0113c video materi\u0101liem, netais\u012bj\u0101s iet pa <strong>&#8220;Maskavas ce\u013cu&#8221;, <\/strong>bet veidot savu, <strong>&#8220;Latvijas ce\u013cu&#8221;. <\/strong><\/span><\/p>\n<p><span style=\"color: #003300;\"> <\/span><\/p>\n<p><span style=\"color: #003300;\"><strong>\u0136ezberis <\/strong>tika noslepkavots, lai p\u0113c n\u0101ves vi\u0146a v\u0101rd\u0101 veiktu latvie\u0161u tautas gar\u012bgu izn\u012bcin\u0101\u0161anu.<\/span><\/p>\n<p><span style=\"color: #003300;\"> <\/span><\/p>\n<p><span style=\"color: #003300;\"><strong>Ivara \u0136ezbera <\/strong>v\u0101rd\u0101 tiek izdotas vi\u0146a <strong>&#8220;atmi\u0146as&#8221; !!! <\/strong><\/span><\/p>\n<p><span style=\"color: #003300;\"> <\/span><\/p>\n<p><span style=\"color: #003300;\">Vai \u0161\u012bs <strong>&#8220;atmi\u0146as&#8221;<\/strong> b\u016btu t\u0101das pa\u0161as, ja vi\u0146\u0161 b\u016btu dz\u012bvs ?<\/span><\/p>\n<p><span style=\"color: #003300;\"> <\/span><\/p>\n<p><span style=\"color: #003300;\">Noteikti n\u0113, jo tamd\u0113\u013c, lai var\u0113tu rad\u012bt &#8220;<strong>t\u0101das atmi\u0146as&#8221;, <\/strong>vi\u0146\u0161 bija j\u0101noslepkavo.<\/span><\/p>\n<p><span style=\"color: #003300;\"> <\/span><\/p>\n<p><span style=\"color: #003300;\">Cik gan mu\u013c\u0137\u012bgi skan apgalvojums:<strong> &#8220;Gr\u0101mat\u0101 vi\u0146\u0161 apraksta savu vieso\u0161anos k\u0101d\u0101 labi apsarg\u0101t\u0101 PSRS arh\u012bv\u0101, kur\u0101 vi\u0146am palaim\u0113jies iepaz\u012bties ar \u013coti slepeniem t\u0101 laika dokumentiem un Krievijas a\u0123entu zi\u0146ojumiem&#8221;.<\/strong><\/span><\/p>\n<p><span style=\"color: #003300;\"> <\/span><\/p>\n<p><span style=\"color: #003300;\"><strong>Pirmk\u0101rt<\/strong>, vi\u0146\u0161\u00a0 nek\u0101du gr\u0101matu neuzrakst\u012bja, to uzrakst\u012bja p\u0113c n\u0101ves vi\u0146a slepkavas. Un apgalvojums, ka vi\u0146am <strong>&#8220;palaim\u0113jies&#8221; <\/strong>iepaz\u012bties ar \u013coti <strong>&#8220;slepeniem&#8221;<\/strong> dokumentiem, ir <span style=\"text-decoration: underline;\">idiotisma paraugskolas \u0161edevrs<\/span>. Viss \u0161is idiotisms tiek <strong>&#8220;druk\u0101ts&#8221;<\/strong>,<strong> <\/strong>lai apg\u0101ztu v\u0113sturnieka <strong>Indu\u013ca Ro\u0146a<\/strong> atrasto inform\u0101ciju<strong> Maskavas<\/strong> arh\u012bvos par m\u016bsu prezidentu <strong>K\u0101rli Ulmani<\/strong>, kas ir piln\u012bgi pret\u0113ja p\u0113cn\u0101ves <strong>\u0136ezbera<\/strong> apgalvojumiem.<\/span><\/p>\n<p><span style=\"color: #003300;\"> <\/span><\/p>\n<p>&gt;<strong>Ivars \u0136ezberis <\/strong>\u0161odien<em>(no cionistu- komunistu puses)<\/em> tiek mel\u012bgi izmantots, lai grautu latvie\u0161u nacion\u0101lo apzi\u0146u un viltotu v\u0113sturi !<\/p>\n<p>&gt;Dz\u012bvs<strong> Ivars \u0136ezberis<\/strong> bija komunistisk\u0101s kriev\u017e\u012bdu bandas pretinieks, bet miris vi\u0146u sabiedrotais !<\/p>\n<p><span style=\"color: #003300;\"><strong>\u0136ezberis <\/strong>video inform\u0101cij\u0101 skaidri pasaka, ka no valdo\u0161o politi\u0137u puses tiek ignor\u0113tas <strong>latvie\u0161u tautas<\/strong> un <strong>Latvijas valsts<\/strong> intereses !!! Tikai un vien\u012bgi\u00a0 \u0161o de\u0123ener\u0101tu savt\u012bg\u0101s intereses !!! Saprotams, t\u0101ds politi\u0137is, k\u0101 <strong>Ivars \u0136ezberis,<\/strong> bija k\u0101 ciank\u0101lijs<strong> Ziedo\u0146a<\/strong> <strong>\u010cevera <\/strong>un vi\u0146a krie\u017e\u012bdisk\u0101s bandas <strong>&#8220;\u0161ampanie\u0161a gl\u0101z\u0113&#8221;! <\/strong><\/span><\/p>\n<p><span style=\"color: #003300;\"> <\/span><\/p>\n<p><span style=\"color: #003300;\">Visi tie, kuri ir centu\u0161ies aizst\u0101v\u0113t latvie\u0161u tautas intereses tiek ne tikai nomelnoti, bet ar\u012b noslepkavoti. T\u0101 tas notika ar<strong> Idu\u013ca Ro\u0146a<\/strong> piemin\u0113to docentu <strong>Vilni P\u0101vul\u0101nu<\/strong>, kuru sav\u0101m rok\u0101m noslepkavoja mums visiem paz\u012bstamie <span style=\"text-decoration: underline;\">kriev\u017e\u012bdu 4. maija komunistisk\u0101s kli\u0137es<\/span> <strong>&#8220;v\u0113sturnieki&#8221; Aivars Stranga<\/strong> un <strong>Inesis Feldmanis<\/strong>. T\u0101 tas notika ar\u012b ar pa\u0161u <strong>Induli Roni<\/strong> pirms p\u0101ris gadiem, kad <strong>Riharda Bunkas &#8220;apkalpojo\u0161ais person\u0101ls&#8221;<\/strong> p\u0101rgrieza vi\u0146am v\u0113nas un atst\u0101ja noasi\u0146o\u0161anai. Tika imit\u0113ta pa\u0161n\u0101v\u012bba, bet vi\u0146\u0161 <strong>&#8220;net\u012b\u0161\u0101m&#8221; <\/strong>izdz\u012bvoja.<\/span><\/p>\n<p><span style=\"color: #003300;\"> <\/span><\/p>\n<p><span style=\"color: #003300;\">T\u0101da pat veid\u0101 tika noslepkavots fizi\u0137is- pedagogs<strong> Laimonis \u0160mits. <\/strong>Ar mums visiem zin\u0101m\u0101 <strong>&#8220;c\u012bn\u012bt\u0101ja&#8221;<\/strong> <strong>Jura Lapinska<\/strong> pal\u012bdz\u012bbu tika noslepkavots <strong>OBHS<\/strong> priek\u0161nieks <strong>Imants Spu\u013c\u0123is<\/strong>, kur\u0161 bija iedom\u0101jies uzst\u0101ties pret \u017e\u012bdu mafiju, kuru vad\u012bja <strong>Lu\u010danskis<\/strong>.<\/span><\/p>\n<p><span style=\"color: #003300;\"> <\/span><\/p>\n<p><span style=\"color: #003300;\">Kad<strong> Adris Gr\u016btups <\/strong>arh\u012bvos atrada, ka neviens latvietis nevienu \u017e\u012bdu nav no\u0161\u0101vis, jo t\u0101du patva\u013cu<strong><span style=\"text-decoration: underline;\"> gest\u0101po <\/span><\/strong>latvie\u0161iem neat\u013c\u0101va, s\u0101k\u0101s kriev\u017e\u012bdisko komunistu hist\u0113rija pret latvie\u0161iem. Par upuri k\u013cuva <strong>M\u0101ris Ruks<\/strong>, kuram bij\u0101 j\u0101uzraksta \u017e\u012bdu murgi par<strong> Ar\u0101ju <\/strong>un ar\u012b <strong>Cukuru<\/strong> ! Pat sarkanais v\u0113sturnieks Ezergails pasm\u0113j\u0101s par \u0161o Ruka idiotismu.<\/span><\/p>\n<p><span style=\"color: #003300;\"> <\/span><\/p>\n<p><span style=\"color: #003300;\">Komunistiskajiem kriev\u017e\u012bdu asinssu\u0146iem nekas nav sv\u0113ts: <strong>ne t\u0113vs, ne m\u0101te, ne ar\u012b cilv\u0113ka dz\u012bv\u012bba<\/strong>.<\/span><\/p>\n<p><span style=\"color: #003300;\"> <\/span><\/p>\n<p><span style=\"color: #003300;\"><strong>\u017d\u012bdisms<\/strong>(<em>komunisms) <\/em>uzbr\u016bk visam latviskam. <strong>Paties\u012bba<\/strong> ir t\u0101<em>(\u017e\u012bdisma) <\/em>visliel\u0101kais ienaidnieks. <strong>K\u0101rlis Ulmanis<\/strong>, kur\u0161 ar savu <strong>&#8220;apv\u0113rsumu&#8221;<\/strong> dar\u012bja galu <strong>Padomju<\/strong> slepeno dienestu graujo\u0161ajai darb\u012bbai <strong>Latvijas Saeim\u0101<\/strong>, tiek tais\u012bts par nodev\u0113ju. Latvie\u0161i par <strong>&#8220;par liel\u0101kiem \u017e\u012bdu \u0161\u0101v\u0113jiem nek\u0101 v\u0101cie\u0161i&#8221;<\/strong><em>(tas ir ofici\u0101lais Izra\u0113las viedoklis)<\/em>.<\/span><\/p>\n<p><span style=\"color: #003300;\"> <\/span><\/p>\n<p><span style=\"color: #003300;\">Neaizmirs\u012bsim, ka tie\u0161i <strong>K\u0101r\u013ca Ulma\u0146a<\/strong> laik\u0101, kad latvie\u0161i bija pie teik\u0161anas, <strong>Latvija<\/strong> uzr\u0101d\u012bja lab\u0101kos sasniegumus ekonomik\u0101.<em> <\/em>\u0160odienas hist\u0113risk\u0101 komunistu agresija pret visu latvisko notiek t\u0101p\u0113c, ka tiek gaid\u012bta <strong>Krievijas <\/strong>inv\u0101zija<strong> Latvij\u0101<\/strong>.<\/span><\/p>\n<p><span style=\"color: #003300;\"> <\/span><\/p>\n<p><span style=\"color: #003300;\">Secin\u0101jums viens: tiek dar\u012bts viss, lai ar \u0161iem \u0101rpr\u0101ta meliem piln\u012bb\u0101 degrad\u0113tu m\u016bsu v\u0113sturi. <\/span><\/p>\n<p><span style=\"color: #003300;\">Jo tikai tas, kuram nav v\u0113stures, nekas ar\u012b nav !!! <\/span><\/p>\n<p><span style=\"color: #003300;\">\u017d\u012bdi, ar viet\u0113jo komunistu pal\u012bdz\u012bbu, m\u016bs grib patais\u012bt par <strong>NEKO<\/strong> !<\/span><\/p>\n<p><span style=\"color: #003300;\"> <\/span><\/p>\n<p><span style=\"color: #003300;\"> <\/span><\/p>\n<p>L. Granti\u0146\u0161\u00a0\u00a0\u00a0\u00a0\u00a0 16.05.15.<\/p>\n<p><span style=\"color: #003300;\">Un tagad atsvaidzin\u0101sim savu atmi\u0146u:<\/span><\/p>\n<p><span style=\"color: #003300;\"><span style=\"text-decoration: underline;\">==========================================================================<\/span><\/span><\/p>\n<h2><span style=\"color: #0000ff;\"><img decoding=\"async\" loading=\"lazy\" class=\"alignleft size-full wp-image-26831\" title=\"Aivars Stranga, Inesis Feldmanis. Reiniks, Maiz\u012btis, Indulis Ronis,LRTT. Granti\u0146\u0161.\" src=\"http:\/\/tautastribunals.eu\/wp-content\/uploads\/2015\/05\/Aivars-Stranga-Inesis-Feldmanis.-Reiniks-Maiz\u012btis-Indulis-RonisLRTT.-Granti\u0146\u0161..PNG\" alt=\"Aivars Stranga, Inesis Feldmanis. Reiniks, Maiz\u012btis, Indulis Ronis,LRTT. Granti\u0146\u0161.\" width=\"316\" height=\"231\" \/>Indulis Ronis:<\/span><\/h2>\n<p><span style=\"color: #0000ff;\"> <\/span><\/p>\n<p><span style=\"color: #0000ff;\">T\u0101p\u0113c inform\u0113ju <strong>Eiropas Cilv\u0113kties\u012bbu tiesu<\/strong>, ka docenta <strong>Vi\u013c\u0146a P\u0101vul\u0101na<\/strong> slepkavas iesp\u0113jams bija divi. <\/span><\/p>\n<h2><span style=\"color: #0000ff;\"><a href=\"http:\/\/tautastribunals.eu\/?p=17781 \">http:\/\/tautastribunals.eu\/?p=17781 <\/a><\/span><\/h2>\n<p><span style=\"color: #0000ff;\">P\u0113c profesora- slepkavas <strong>A. Strangas<\/strong> v\u0101rda nosauk\u0161anas, p\u0113c k\u0101da laika toreiz\u0113jais <strong>Saeimas<\/strong> sekret\u0101rs <strong>Imants Daudi\u0161s<\/strong> man teica, ka veco \u010dekistu vid\u016b kl\u012bstot baumas, it k\u0101 <strong>V. P\u0101vul\u0101na <\/strong>p\u0113d\u0113jie v\u0101rdi esot biju\u0161i:<strong> \u201eKo tu dari Inesi, ko tu dari Inesi ?\u201d<\/strong><\/span><\/p>\n<p><span style=\"color: #0000ff;\">Vain\u012bgais mums zin\u0101mais <strong>Inesis <\/strong><strong>LU V\u0113stures<\/strong> un filozofijas fakult\u0101t\u0113 bija un ir profesors <strong>Inesis Feldmanis<\/strong>, pa\u0161laik <strong>Latvijas V\u0113sturnieku komisijas<\/strong> priek\u0161s\u0113d\u0113t\u0101js pie <strong>Valsts <\/strong>prezidenta <strong>Andra B\u0113rzi\u0146a.<\/strong> <\/span><\/p>\n<p><span style=\"color: #0000ff;\">Te nu ir <strong>\u201e\u0123ener\u0101lp\u0113das\u201d <\/strong>pie slepkav\u012bbas pas\u016bt\u012bt\u0101jiem !<\/span><\/p>\n<p><span style=\"text-decoration: underline;\">==========================================================================<\/span><\/p>\n<p><span style=\"color: #003300;\">L\u016bk, \u0161o taisn\u012bbu <strong>I. Kreituse <\/strong>ar savu murgu grib nosl\u0113pt. <strong>Indulis Ronis<\/strong> ir nosaucis tie\u0161i<strong> Kreituses <\/strong>v\u0101rdu.<\/span><\/p>\n<h2><a href=\"http:\/\/tautastribunals.eu\/?p=21818\">http:\/\/tautastribunals.eu\/?p=21818<\/a><\/h2>\n<p><span style=\"color: #008000;\"><strong>Latvijas Zin\u0101t\u0146u akad\u0113mijas<\/strong> \u012bstenais loceklis, biju\u0161ais <strong>V\u0113stures instit\u016bta direktors<\/strong>, habilit\u0113ts v\u0113stures doktors, gr\u0101matas <strong>\u201cK\u0101rlis Ulmanis trimd\u0101 un cietum\u0101\u201d <\/strong>autors, profesors <strong>Indulis Ronis<\/strong>:<br \/>\n<\/span> <span style=\"color: #008000;\"><strong><img decoding=\"async\" loading=\"lazy\" class=\"alignleft size-full wp-image-26842\" title=\"Indulis-Ronis-L.-Granti\u0146\u0161-v\u0113sture-Stranga-Feldmanis\" src=\"http:\/\/tautastribunals.eu\/wp-content\/uploads\/2015\/05\/Indulis-Ronis-L.-Granti\u0146\u0161-v\u0113sture-Stranga-Feldmanis.PNG\" alt=\"Indulis-Ronis-L.-Granti\u0146\u0161-v\u0113sture-Stranga-Feldmanis\" width=\"141\" height=\"207\" \/><span style=\"color: #003300;\">FOTO:<\/span><\/strong><span style=\"color: #003300;\"> <\/span><span style=\"color: #003300;\"><strong>Indulis Ronis: <\/strong><\/span><span style=\"color: #ff0000;\"><em>Profesion\u0101lam v\u0113sturniekam nav ties\u012bbu to nepateikt.<\/em><\/span><\/span><\/p>\n<p><span style=\"color: #008000;\"> <\/span><\/p>\n<p><span style=\"color: #008000;\">Kas attiecas uz v\u0113sturniekiem, tad ir \u013coti \u0161vaki ar kvalit\u0101ti. Bet da\u017ei labi v\u0113sturnieki ir. Es k\u0101 profesion\u0101lis varu sac\u012bt, ka tad, ja m\u0113s apskat\u0101m notikumus sare\u017e\u0123\u012btos v\u0113sturiskos periodos, j\u0101redz aina kopum\u0101, ne tikai <strong>Latvij\u0101<\/strong>, bet kaimi\u0146zem\u0113s, pasaul\u0113. <strong>Ulmanis <\/strong>un <strong>Munters <\/strong>bija \u013coti kompetenti, ar lab\u0101m zin\u0101\u0161an\u0101m.<\/span><\/p>\n<p><span style=\"color: #008000;\"> <\/span><\/p>\n<p><span style=\"color: #008000;\">Dom\u0101ju, ka <strong><span style=\"text-decoration: underline;\">daudzi m\u016bsu tagad\u0113jie politi\u0137i nav redz\u0113ju\u0161i tik daudz gr\u0101matu, cik \u0161ie abi kungi izlas\u012bju\u0161i<\/span>\u2026<\/strong><\/span><\/p>\n<p><span style=\"color: #008000;\"> <\/span><\/p>\n<p><span style=\"color: #008000;\"><strong>Ulmanis<\/strong> un <strong>Munters<\/strong> labi redz\u0113ja, k\u0101da ir situ\u0101cija.<\/span><\/p>\n<p><span style=\"color: #008000;\"> <\/span><\/p>\n<p><span style=\"color: #008000;\">Par to liecina dokumenti.<\/span><\/p>\n<p><span style=\"color: #008000;\"> <\/span><\/p>\n<p><span style=\"color: #008000;\">Vi\u0146iem jau 1938. gad\u0101 bija skaidrs, ka b\u016bs slikti. P\u0113c Pirm\u0101 pasaules kara daudzi uzskat\u012bja, ka <strong>Baltijas valstis <\/strong>nav sp\u0113j\u012bgas ilgi past\u0101v\u0113t. <strong>Meierovics <\/strong>gadumij\u0101 vienm\u0113r esot teicis tostu pateic\u012bb\u0101 <strong>Dievam<\/strong>, ka v\u0113l viens gads aizvad\u012bts un, ka <strong>Latvija <\/strong>v\u0113l ir neatkar\u012bga\u2026<\/span><\/p>\n<p><span style=\"color: #008000;\"> <\/span><\/p>\n<p><span style=\"color: #008000;\">Ko paties\u012bb\u0101 noz\u012bm\u0113ja <strong>Ribentropa\u2013Molotova<\/strong> pakts?<\/span><\/p>\n<p><span style=\"color: #008000;\"> <\/span><\/p>\n<p><span style=\"color: #008000;\">To, ka tiek atjaunotas divas \u2013 <strong>V\u0101cijas <\/strong>un <strong>Krievijas<\/strong> \u2013 imp\u0113rijas to s\u0101kotn\u0113j\u0101s robe\u017e\u0101s ar neliel\u0101m nians\u0113m. Nek\u0101 cita tur nav.<\/span><\/p>\n<p><span style=\"color: #008000;\"> <\/span><\/p>\n<p><span style=\"color: #008000;\">P\u0101r\u0113jais ir v\u0113sturnieku fant\u0101zijas.<\/span><\/p>\n<p><span style=\"color: #008000;\"> <\/span><\/p>\n<p><span style=\"color: #008000;\"><strong>Ulmanis<\/strong> zin\u0101ja par \u0161o slepeno paktu un par to ir ar\u012b pateicis 1939. gada <strong>\u201cVald\u012bbas V\u0113stnes\u012b\u201d,<\/strong> kad vajadz\u0113ja koment\u0113t, k\u0101p\u0113c <strong>Latvij\u0101 vajadz\u0113ja at\u013caut ier\u012bkot PSRS armijas b\u0101zes<\/strong>: ka notikusi jauna robe\u017eu un sf\u0113ru p\u0101rdale, m\u0113s esam par mazu, lai to var\u0113tu ietekm\u0113t, un mums j\u0101dom\u0101, k\u0101 izdz\u012bvot \u0161\u0101d\u0101 re\u0101l\u0101 situ\u0101cij\u0101.<\/span><\/p>\n<p><span style=\"color: #008000;\"> <\/span><\/p>\n<p><span style=\"color: #008000;\"><strong>Ulmanis<\/strong> ar <strong>Munteru<\/strong> cer\u0113ja uz starptautiskaj\u0101m ties\u012bb\u0101m un suverenit\u0101tes saglab\u0101\u0161anu.<\/span><\/p>\n<p><span style=\"color: #008000;\"> <\/span><\/p>\n<p><span style=\"color: #008000;\">Amerik\u0101 ir public\u0113ta scenogramma, ko <strong>Munters Kreml\u012b<\/strong> ir run\u0101jis, \u2013 tur <strong>Sta\u013cins un Ribentrops<\/strong> izskat\u0101s <strong><span style=\"text-decoration: underline;\">vair\u0101k nek\u0101 no\u017e\u0113lojami agresori<\/span><\/strong>.<\/span><\/p>\n<p><span style=\"color: #008000;\"> <\/span><\/p>\n<p><span style=\"color: #008000;\">Bet to noklus\u0113 \u2013 gan <strong>Kreituse<\/strong>, <span style=\"text-decoration: underline;\">gan visi p\u0101r\u0113jie v\u0113sturnieki<\/span>.<\/span><\/p>\n<p><span style=\"color: #008000;\"> <\/span><\/p>\n<p><span style=\"color: #008000;\">K\u0101p\u0113c?<\/span><\/p>\n<p><span style=\"color: #008000;\"> <\/span><\/p>\n<p><span style=\"color: #008000;\">T\u0101p\u0113c, ka tas <strong><span style=\"text-decoration: underline;\">par\u0101da lietas b\u016bt\u012bbu<\/span><\/strong> un tad b\u016btu <strong><span style=\"text-decoration: underline;\">smiekl\u012bgi Ulmani un Munteru apvainot valsts nodev\u012bb\u0101<\/span><\/strong>.<\/span><\/p>\n<p><span style=\"color: #008000;\"> <\/span><\/p>\n<p><span style=\"color: #008000;\">Paties\u012bb\u0101 vi\u0146i pamat\u0101 izstr\u0101d\u0101ja da\u013c\u0113ju findlandiz\u0101cijas politiku, kas paredz\u0113ja <span style=\"text-decoration: underline;\">da\u013c\u0113ju suverenit\u0101tes pa\u0161ierobe\u017eo\u0161anu<\/span>. <strong>Ulmanis<\/strong> jau vienubr\u012bd grib\u0113ja karot, bet tad latvie\u0161us sagaid\u012btu <strong>Krimas tat\u0101ru liktenis<\/strong> \u2013 visus izs\u016bt\u012btu!<\/span><\/p>\n<p><span style=\"color: #008000;\"> <\/span><\/p>\n<p><span style=\"color: #008000;\"><strong>Ulmanim<\/strong> un <strong>Munteram Latvija<\/strong> bija sird\u012b, vi\u0146i to bija veidoju\u0161i, katrs no vi\u0146iem individu\u0101li b\u016btu ar mieru ar\u012b <span style=\"text-decoration: underline;\">atdot savas dz\u012bv\u012bbas <strong>Latvijas<\/strong> <\/span>lab\u0101.<br \/>\n<\/span> <span style=\"color: #008000;\"><br \/>\n<\/span> <span style=\"color: #008000;\"><em>\u2013 K\u0101p\u0113c tad Munteru publiski att\u0113lo k\u0101 latvie\u0161u tautas nodev\u0113ju un krievu (padomju) spiegu?<\/em><br \/>\n<\/span> <span style=\"color: #008000;\"><br \/>\nTas n\u0101k no v\u0101cu laikiem. V\u0101cu galven\u0101 propagandas t\u0113ze latvie\u0161u tautai bija: j\u016bs nodeva pa\u0161u valstsv\u012bri, atdeva krievu rok\u0101s, jums vajadz\u0113ja c\u012bn\u012bties kop\u0101 ar mums pret krieviem, bet vi\u0146i, j\u016bsu valstsv\u012bri, to negrib\u0113ja! Ar\u012b v\u0101cie\u0161i sl\u0113pa <strong>Ribentropa\u2013Molotova paktu<\/strong>.<\/span><\/p>\n<p><span style=\"color: #008000;\"> <\/span><\/p>\n<p><span style=\"color: #008000;\">K\u0101p\u0113c tagad to nepasaka?<\/span><\/p>\n<p><span style=\"color: #008000;\"> <\/span><\/p>\n<p><span style=\"text-decoration: underline;\"><span style=\"color: #008000;\"><strong>Profesion\u0101lam v\u0113sturniekam nav ties\u012bbu to nepateikt.<\/strong><\/span><\/span><\/p>\n<p><span style=\"text-decoration: underline;\"> <\/span><\/p>\n<p><span style=\"text-decoration: underline;\">==========================================================================<\/span><\/p>\n<p><span style=\"color: #003300;\"><a href=\"http:\/\/tautastribunals.eu\/?p=14158\">http:\/\/tautastribunals.eu\/?p=14158<\/a><\/span><\/p>\n<p><span style=\"color: #003300;\"> <\/span><\/p>\n<p><span style=\"color: #003300;\"> <\/span><\/p>\n<p><span style=\"color: #003300;\"> <\/span><\/p>\n<p><span style=\"color: #003300;\"> <\/span><\/p>\n<p><span style=\"color: #003300;\"> <\/span><\/p>\n<p><span style=\"color: #003300;\">\u0160eit j\u016bs dokument\u0101li redziet, ka<strong> Kreituse <\/strong>bija un ir kompartijas biedrene, visnoziedz\u012bg\u0101k\u0101 un asi\u0146ain\u0101k\u0101 re\u017e\u012bma p\u0101rst\u0101ve: <\/span><\/p>\n<h2><span style=\"color: #003300;\"><a href=\"http:\/\/tautastribunals.eu\/?p=24482\">http:\/\/tautastribunals.eu\/?p=24482<\/a><\/span><\/h2>\n<p><span style=\"color: #003300;\"><span style=\"color: #003300;\">Ir absurds uzklaus\u012bt t\u0101s partijas p\u0101rst\u0101vi, kas veica \u0101rpr\u0101ta genoc\u012bdu pret m\u016bsu tautu. <strong>Kreituse <\/strong>ir noziedzniece, kurai nep\u0101rprotami tiks izpild\u012bts publisks n\u0101ves sods, t\u0101pat k\u0101 nacistam un slepkavam<strong> Jekelnam<\/strong>. Interesanti, ka <strong>Jekelns,<\/strong> p\u0113c arh\u012bvos atrast\u0101, no latvie\u0161iem piln\u012bgi no\u0146\u0113mis atbild\u012bbu par \u017e\u012bdu \u0161au\u0161anu, bet <strong>Kreituse<\/strong> un<span style=\"text-decoration: underline;\"><strong> vi\u0146as \u017e\u012bdisk\u0101 cionistu partija<\/strong><\/span> skaidro tie\u0161i pret\u0113jo ! <\/span><\/span><\/p>\n<p><span style=\"color: #003300;\"><span style=\"color: #003300;\">Ja <strong>Jekelns<\/strong> ir peln\u012bjis vienu n\u0101ves sodu, tad <strong>Kreitusei<\/strong>, \u0161ij pret\u012bgi uzburbu\u0161ai alkoholi\u0137ei, pien\u0101kas desmit <strong>ASM<\/strong>. <\/span><\/span><\/p>\n<p><span style=\"color: #003300;\"><span style=\"color: #003300;\">Lai <strong>Dievs <\/strong>\u0161ai<strong> gara kroplei <\/strong>dod vesel\u012bbu piedz\u012bvot dienu, kad vi\u0146ai visas pasaules priek\u0161\u0101 izpild\u012bs \u0161o sodu !<\/span><\/span><\/p>\n<p><span style=\"color: #003300;\"><span style=\"color: #003300;\">N\u0101vi okupantiem un vi\u0146u l\u012bdzskr\u0113j\u0113jiem !<\/span><\/span><\/p>\n<h2><span style=\"color: #003300;\"><span style=\"color: #003300;\">Dievs sv\u0113t\u012b Latviju !<br \/>\n<\/span><\/span><\/h2>\n<p><span style=\"color: #003300;\"><span style=\"color: #003300;\"><span style=\"text-decoration: underline;\">===========================================================================<\/span><\/span><\/span><\/p>\n<p><span style=\"color: #008000;\">\u0160eit b\u016btu j\u0101piebilst, ka <strong>I. M\u016brniece <\/strong>ir paudusi nevis<strong> 4. maija kli\u0137es<\/strong><em>(valsts)<\/em> viedokli, bet latvie\u0161u tautas viedokli, kur\u0161, protams, ir diametr\u0101li pret\u0113js noziedznieces <strong>Kreituses <\/strong>viedoklim.<\/span><\/p>\n<p><strong><img decoding=\"async\" loading=\"lazy\" class=\"alignleft size-full wp-image-26848\" title=\"Ilga-Kreituse-A.-Ve\u0161\u0146akovs-I.-M\u016brnirce.-Par\u0101dnieksgorbunovs-Latvija-ziema.\" src=\"http:\/\/tautastribunals.eu\/wp-content\/uploads\/2015\/05\/Ilga-Kreituse-A.-Ve\u0161\u0146akovs-I.-M\u016brnirce.-Par\u0101dnieksgorbunovs-Latvija-ziema.1.PNG\" alt=\"Ilga-Kreituse-A.-Ve\u0161\u0146akovs-I.-M\u016brnirce.-Par\u0101dnieksgorbunovs-Latvija-ziema.\" width=\"401\" height=\"207\" srcset=\"https:\/\/tautastribunals.eu\/wp-content\/uploads\/2015\/05\/Ilga-Kreituse-A.-Ve\u0161\u0146akovs-I.-M\u016brnirce.-Par\u0101dnieksgorbunovs-Latvija-ziema.1.PNG 1019w, https:\/\/tautastribunals.eu\/wp-content\/uploads\/2015\/05\/Ilga-Kreituse-A.-Ve\u0161\u0146akovs-I.-M\u016brnirce.-Par\u0101dnieksgorbunovs-Latvija-ziema.1-300x155.PNG 300w, https:\/\/tautastribunals.eu\/wp-content\/uploads\/2015\/05\/Ilga-Kreituse-A.-Ve\u0161\u0146akovs-I.-M\u016brnirce.-Par\u0101dnieksgorbunovs-Latvija-ziema.1-800x415.PNG 800w\" sizes=\"(max-width: 401px) 100vw, 401px\" \/>Saeimas <\/strong>priek\u0161s\u0113d\u0113t\u0101jas <strong>In\u0101ras M\u016brnieces<\/strong><em> (Nacion\u0101l\u0101 apvien\u012bba, NA) <\/em>pazi\u0146ojums par nev\u0113l\u0113\u0161anos tikties ar<strong> Krievijas <\/strong>v\u0113stnieku La<strong>tvij\u0101 Aleksandru Ve\u0161\u0146akovu<\/strong>, ir b\u012bstams, otrdien intervij\u0101 <strong>Latvijas Telev\u012bzijas<\/strong> raid\u012bjumam <strong>\u00abR\u012bta Panor\u0101ma\u00bb<\/strong> sac\u012bja <strong>R\u012bgas Stradi\u0146a<\/strong> universit\u0101tes (RSU) profesore <strong>Ilga Kreituse<\/strong>.<\/p>\n<p>Vi\u0146a pauda, ka, pau\u017eot savu viedokli \u0161aj\u0101 jaut\u0101jum\u0101, <strong>M\u016brniece<\/strong> faktiski ir paudusi valsts nost\u0101ju, jo ie\u0146em<strong> Saeimas<\/strong> priek\u0161s\u0113d\u0113t\u0101jas amatu.<\/p>\n<p><strong>\u00abViena lieta ir teikt runu NA priek\u0161v\u0113l\u0113\u0161anu sapulc\u0113, bet pavisam kas cits \u2013 paust viedokli, esot Saeimas priek\u0161s\u0113d\u0113t\u0101jas amat\u0101,\u00bb <\/strong><strong>sac\u012bja Kreituse.<\/strong><\/p>\n<p>RSU profesore ar\u012b pauda, ka apbr\u012bnojama ir \u0101rlietu ministra<strong> Edgara Rink\u0113vi\u010da<\/strong> \u0101r\u0113ji mier\u012bg\u0101 attieksme pret min\u0113to <strong>M\u016brnieces <\/strong>pazi\u0146ojumu.<\/p>\n<p><span style=\"color: #008000;\">\u0160eit ir las\u0101ms k\u0101rt\u0113jais <strong>Kreituses<\/strong> murgs:<\/span><\/p>\n<h2><a href=\"http:\/\/www.lvportals.lv\/viedokli.php?id=262862\">http:\/\/www.lvportals.lv\/viedokli.php?id=262862<\/a><\/h2>\n","protected":false},"excerpt":{"rendered":"<p>Atbilde rakstam: &#8216;Maskavas spiegu t\u012bkls&#8217; \u2013 publisko liec\u012bbas par Ulma\u0146a sabiedroto dubulto seju un spiego\u0161anu Ivaru \u0136ezberi noslepkavoja t\u0101p\u0113c, ka: Ivars \u0136ezberis bija Padomju laika politologs- ideologs.\u00a0 M\u0113s visi vi\u0146u tolaik uzskat\u012bj\u0101m par \u012bstu&#46;&#46;&#46;<\/p>\n","protected":false},"author":1,"featured_media":0,"comment_status":"open","ping_status":"open","sticky":false,"template":"","format":"standard","meta":[],"categories":[1],"tags":[],"_links":{"self":[{"href":"https:\/\/tautastribunals.eu\/index.php?rest_route=\/wp\/v2\/posts\/26814"}],"collection":[{"href":"https:\/\/tautastribunals.eu\/index.php?rest_route=\/wp\/v2\/posts"}],"about":[{"href":"https:\/\/tautastribunals.eu\/index.php?rest_route=\/wp\/v2\/types\/post"}],"author":[{"embeddable":true,"href":"https:\/\/tautastribunals.eu\/index.php?rest_route=\/wp\/v2\/users\/1"}],"replies":[{"embeddable":true,"href":"https:\/\/tautastribunals.eu\/index.php?rest_route=%2Fwp%2Fv2%2Fcomments&post=26814"}],"version-history":[{"count":54,"href":"https:\/\/tautastribunals.eu\/index.php?rest_route=\/wp\/v2\/posts\/26814\/revisions"}],"predecessor-version":[{"id":26867,"href":"https:\/\/tautastribunals.eu\/index.php?rest_route=\/wp\/v2\/posts\/26814\/revisions\/26867"}],"wp:attachment":[{"href":"https:\/\/tautastribunals.eu\/index.php?rest_route=%2Fwp%2Fv2%2Fmedia&parent=26814"}],"wp:term":[{"taxonomy":"category","embeddable":true,"href":"https:\/\/tautastribunals.eu\/index.php?rest_route=%2Fwp%2Fv2%2Fcategories&post=26814"},{"taxonomy":"post_tag","embeddable":true,"href":"https:\/\/tautastribunals.eu\/index.php?rest_route=%2Fwp%2Fv2%2Ftags&post=26814"}],"curies":[{"name":"wp","href":"https:\/\/api.w.org\/{rel}","templated":true}]}}