{"id":25898,"date":"2015-03-20T23:03:03","date_gmt":"2015-03-20T21:03:03","guid":{"rendered":"http:\/\/tautastribunals.eu\/?p=25898"},"modified":"2015-03-20T23:03:03","modified_gmt":"2015-03-20T21:03:03","slug":"vel-par-rasnaca-bandu-un-kartejo-cekas-gnidu","status":"publish","type":"post","link":"https:\/\/tautastribunals.eu\/?p=25898","title":{"rendered":"V\u0113l par Rasna\u010da bandu un k\u0101rt\u0113jo \u010dekas gn\u012bdu"},"content":{"rendered":"<h2><span style=\"color: #ff0000;\"><img decoding=\"async\" loading=\"lazy\" class=\"alignleft size-full wp-image-25902\" title=\"www.tautastribunals.eu-2\" src=\"http:\/\/tautastribunals.eu\/wp-content\/uploads\/2015\/03\/www.tautastribunals.eu-2.png\" alt=\"www.tautastribunals.eu-2\" width=\"645\" height=\"93\" srcset=\"https:\/\/tautastribunals.eu\/wp-content\/uploads\/2015\/03\/www.tautastribunals.eu-2.png 950w, https:\/\/tautastribunals.eu\/wp-content\/uploads\/2015\/03\/www.tautastribunals.eu-2-300x43.png 300w, https:\/\/tautastribunals.eu\/wp-content\/uploads\/2015\/03\/www.tautastribunals.eu-2-800x115.png 800w\" sizes=\"(max-width: 645px) 100vw, 645px\" \/><img decoding=\"async\" loading=\"lazy\" class=\"alignleft size-full wp-image-25906\" title=\"MIGLA SARKAN\u0100,RASNA\u010cS,BOROVKOVS, GRANTI\u0145\u0160.LRTT.\" src=\"http:\/\/tautastribunals.eu\/wp-content\/uploads\/2015\/03\/MIGLA-SARKAN\u0100RASNA\u010cSBOROVKOVS-GRANTI\u0145\u0160.LRTT..PNG\" alt=\"MIGLA SARKAN\u0100,RASNA\u010cS,BOROVKOVS, GRANTI\u0145\u0160.LRTT.\" width=\"644\" height=\"55\" srcset=\"https:\/\/tautastribunals.eu\/wp-content\/uploads\/2015\/03\/MIGLA-SARKAN\u0100RASNA\u010cSBOROVKOVS-GRANTI\u0145\u0160.LRTT..PNG 570w, https:\/\/tautastribunals.eu\/wp-content\/uploads\/2015\/03\/MIGLA-SARKAN\u0100RASNA\u010cSBOROVKOVS-GRANTI\u0145\u0160.LRTT.-300x25.PNG 300w\" sizes=\"(max-width: 644px) 100vw, 644px\" \/>LRTT papildin\u0101jums \u0160\u0113nberga teiktajam.<\/span><\/h2>\n<p><span style=\"color: #ff0000;\">Jums,\u00a0 kas <strong>dz\u012bvojat slepkavu re\u017e\u012bma valst\u012b<\/strong>, nav iesp\u0113jams dot atkl\u0101tu nov\u0113rt\u0113jumu <strong>Rasna\u010da <\/strong>noziedz\u012bgajai darb\u012bbai. Dom\u0101ju, ka <strong>J\u016bs<\/strong> zin\u0101t tik pat labi k\u0101 <strong>LRTT<\/strong>, kas ir <strong>Dz. Rasna\u010ds<\/strong>. \u0160eit nav nek\u0101ds sakars ar<strong> Rasna\u010da sak\u0101pin\u0101to godk\u0101ri<\/strong>, bet ar nodev\u012bgu dar\u012bjumu- savas un savu kol\u0113\u0123u \u0101das gl\u0101b\u0161anu. \u0160ie <strong>&#8220;\u010dekas maisi&#8221;<\/strong> ir pilni ar latvie\u0161u tautas asin\u012bm !<br \/>\n<\/span><\/p>\n<p><span style=\"color: #ff0000;\"> <\/span><\/p>\n<p><span style=\"color: #ff0000;\"><strong><img decoding=\"async\" loading=\"lazy\" class=\"alignleft size-full wp-image-25914\" title=\"Borovkovs, Rasna\u010ds, Godmanis, B\u0113rzi\u0146\u0161, Latvija\" src=\"http:\/\/tautastribunals.eu\/wp-content\/uploads\/2015\/03\/Borovkovs-Rasna\u010ds-Godmanis-B\u0113rzi\u0146\u0161-Latvija.PNG\" alt=\"Borovkovs, Rasna\u010ds, Godmanis, B\u0113rzi\u0146\u0161, Latvija\" width=\"401\" height=\"277\" srcset=\"https:\/\/tautastribunals.eu\/wp-content\/uploads\/2015\/03\/Borovkovs-Rasna\u010ds-Godmanis-B\u0113rzi\u0146\u0161-Latvija.PNG 583w, https:\/\/tautastribunals.eu\/wp-content\/uploads\/2015\/03\/Borovkovs-Rasna\u010ds-Godmanis-B\u0113rzi\u0146\u0161-Latvija-300x207.PNG 300w\" sizes=\"(max-width: 401px) 100vw, 401px\" \/><\/strong><\/span><\/p>\n<p><strong><span style=\"color: #0000ff;\">FOTO:<\/span><\/strong><span style=\"color: #0000ff;\"><em><strong><span style=\"color: #0000ff;\"> <\/span><\/strong>Iev\u0113rojiet, ka s\u0101taniskajiem viep\u013ciem ir rakstur\u012bga nesakopt\u012bba.<\/em><\/span><\/p>\n<p><span style=\"color: #ff0000;\"><strong>Dz. Rasna\u010ds<\/strong> ir pagr\u012bd\u0113 nog\u0101ju\u0161\u0101s <strong>KP<\/strong><em>(cionistu bandas)<\/em> politbiroja loceklis. Str\u0101d\u0101<strong> Maskavas- Telavivas <\/strong>uzraudz\u012bb\u0101. <strong>Latvija <\/strong>ir vien\u012bg\u0101 valsts <strong>Eirop\u0101,<\/strong> kur tiek tur\u0113ti <strong>VDK <\/strong>dokumenti liel\u0101 slepen\u012bba t\u0101p\u0113c, ka <strong>R\u012bg\u0101 <\/strong>atrodas <strong>cionoistu- komunistu<\/strong> <strong>centr\u0101le<\/strong>, kura veic graujo\u0161u darb\u012bbu ne tikai<strong> Eirop\u0101<\/strong>, bet vis\u0101 pasaul\u0113.<\/span><\/p>\n<p><span style=\"color: #ff0000;\">Kriev\u017e\u012bdi dar\u012bs visu, lai tikai paliktu pie varas eso\u0161\u0101 kli\u0137e.<br \/>\n<\/span><\/p>\n<p><span style=\"color: #ff0000;\"> <\/span><\/p>\n<p><span style=\"color: #ff0000;\"><strong>Rasna\u010ds <\/strong>ir starptautisk\u0101 cionisma pakalpi\u0146\u0161, kur\u0161 pilda to, ko vi\u0146am liek \u0161\u012b terorisma <strong>\u201estarptautisk\u0101 centr\u0101le\u201d,<\/strong> kuras galvenais <strong>S\u0112DEKLIS<\/strong> atrodas <strong>Telaviv\u0101<\/strong>.<\/span><\/p>\n<p><span style=\"color: #ff0000;\"> <\/span><\/p>\n<p><span style=\"color: #ff0000;\">Cionistu m\u0113r\u0137is ir <strong>\u201ep\u0101r\u0146emt\u201d<\/strong> pasaules kundz\u012bbu no <strong>ASV<\/strong>.<\/span><\/p>\n<p><span style=\"color: #ff0000;\"> <\/span><\/p>\n<p><span style=\"color: #ff0000;\">\u0160o s\u0101tanistu uzdevums ir sanaidot <strong>ASV <\/strong>ar <strong>V\u0101ciju, <\/strong>lai rastos haoss<strong>. V\u0101cij\u0101, \u201edemokr\u0101tisku\u201d <\/strong>mahin\u0101ciju rezult\u0101t\u0101, vald\u012bbas spic\u0113 ir ieb\u012bd\u012bti cionistu p\u0101rst\u0101vji. Kanclere<strong> Merkekele<\/strong> un prezidents <strong>Gauks<\/strong> ir <strong>Honekera<\/strong><em>(VDR)<\/em> re\u017e\u012bma p\u0101rst\u0101vji.<\/span><\/p>\n<p><span style=\"color: #ff0000;\"> <\/span><\/p>\n<p><span style=\"color: #ff0000;\"><strong>V\u0101cij\u0101<\/strong> \u0161odien viss ir sagatavots \u201e<strong>asinspl\u016bdiem<\/strong>\u201d. Par to <strong>LRTT<\/strong><em>(Helsinki-86) <\/em>ir zi\u0146ojis <strong>V\u0101cijas <\/strong>iest\u0101d\u0113m, kuras visas klus\u0113, k\u0101 \u016bdeni mut\u0113 ie\u0146\u0113mu\u0161as. Prezidenta <strong>Gauka<\/strong> birojs manu<em>(L.Grantins@hotmail.de)<\/em> e- pasta adresi ir blo\u0137\u0113jis. <\/span><\/p>\n<p><span style=\"color: #ff0000;\">Visur, ar\u012b <strong>V\u0101cij\u0101<\/strong>, str\u0101d\u0101 darbo\u0146i ar &#8220;pareizajiem&#8221; <strong>Aivara Borovkova<\/strong> tipa deguniem.<\/span><\/p>\n<p><span style=\"color: #ff0000;\"> <\/span><\/p>\n<p><span style=\"color: #ff0000;\">Piebild\u012b\u0161u, ka jau ceturto reizi <strong>Borovkova-Godma\u0146a \u017e\u012bdisk\u0101<\/strong> banda prasa <strong>V\u0101cijas <\/strong>iest\u0101d\u0113m manu izdo\u0161anu, lai <strong>Latvij\u0101<\/strong> ties\u0101tu. <\/span><\/p>\n<p><span style=\"color: #ff0000;\">Vai nav \u201e<strong>parodija<\/strong>\u201d, ka <strong>Helsinki-86<\/strong> grupu t\u0101laj\u0101 1986. gad\u0101 likvid\u0113ja \u0161is pats <strong>Borovkovs<\/strong>, kur\u0161 ar\u012b \u0161odienas <strong>Latvij\u0101<\/strong> veic to pa\u0161u, c\u012bn\u0101s atkal par <strong>H-86<\/strong><em>(LRTT) <\/em>likvid\u0113\u0161anu un <strong>L. Granti\u0146a <\/strong>ties\u0101\u0161anu. <\/span><\/p>\n<p><span style=\"color: #ff0000;\">Abi \u0161ie <strong>\u010dekas de\u0123ener\u0101ti<\/strong><em>(Godmanisun Borovkovs)<\/em> apzogot latvie\u0161u tautu ir k\u013cuvu\u0161i par miljon\u0101riem !!!<br \/>\n<\/span><\/p>\n<p><span style=\"color: #ff0000;\"> <\/span><\/p>\n<p><span style=\"color: #ff0000;\">Kas attiecas uz<strong> Krieviju, <\/strong>tad<strong> Putins<\/strong>, kur\u0161 ir t\u0101ds pats \u017e\u012bds k\u0101 <strong>Hadarkovskis<\/strong><em>(pilda Telavivas nor\u0101d\u012bjumus),<\/em> dara visu lai destabiliz\u0113tu <strong>Eiropu<\/strong> un <strong>ASV<\/strong>. Neaizmirs\u012bsim, ka \u0161o mega noziedznieku<em>(Hadarkovski) <\/em>no<strong> Krievijas<\/strong> cietuma izvilka biju\u0161ais <strong>V\u0101cijas <\/strong>\u0101rlietu ministrs, vecais \u017e\u012bds, <strong>Gen\u0161ers<\/strong>.<\/span><\/p>\n<p><span style=\"color: #ff0000;\"> <\/span><\/p>\n<p><span style=\"color: #ff0000;\"><strong>\u201eVot\u201d<\/strong> tev i demokr\u0101tija <strong>\u201e\u017e\u012bdu m\u0113rc\u0113\u201d!<\/strong><\/span><\/p>\n<p><span style=\"color: #ff0000;\"> <\/span><\/p>\n<p><span style=\"color: #ff0000;\">T\u0101 redzi, <strong>\u0160\u0113nberga kungs<\/strong>, c\u012b\u0146a, ko j\u016bs veicat <strong>Latvij\u0101<\/strong>, ir glob\u0101la p\u0113c savas b\u016bt\u012bbas. Tad, kad <strong>Latvij\u0101<\/strong> tiks atv\u0113rti <strong>\u201e\u010dekas maisi\u201d<\/strong>, tad ar\u012b main\u012bsies visa pasaule- krit\u012bs <strong>Antikrista <\/strong>vara.<\/span><\/p>\n<p><span style=\"color: #ff0000;\"> <\/span><\/p>\n<p><span style=\"color: #ff0000;\"><strong>LRTT<\/strong> ir gandar\u012bts par j\u016bsu drosmi, kura ir vajadz\u012bga, lai c\u012bn\u012btos pret \u0161o <strong>pasaules \u013caunumu<\/strong>, kas ir atradis savu<strong> &#8220;m\u0101jvietu&#8221;<\/strong> tie\u0161i m\u016bsu <strong>T\u0113vzem\u0113<\/strong>.<\/span><\/p>\n<p><span style=\"color: #ff0000;\">\u0160eit par \u0161iem slepkav\u0101m un vi\u0146u sist\u0113mu vair\u0101k:<\/span> <a href=\"http:\/\/tautastribunals.eu\/?p=21664\">http:\/\/tautastribunals.eu\/?p=21664<\/a><\/p>\n<p><span style=\"color: #ff0000;\">Ir <strong>Sv\u0113t\u012bts<\/strong> jeb kur\u0161, kur\u0161 c\u012bn\u0101s pret \u0161o <strong>\u0101rpr\u0101ta \u013caunumu<\/strong> !<\/span><\/p>\n<p><span style=\"color: #ff0000;\"> <\/span><\/p>\n<p><span style=\"color: #ff0000;\">Ir nol\u0101d\u0113ts jeb kur\u0161, kur\u0161 ir \u0161\u012b <strong>\u013caunuma veic\u0113js<\/strong>.<\/span><\/p>\n<p><span style=\"color: #ff0000;\"> <\/span><\/p>\n<h2><span style=\"color: #ff0000;\">DIEVS SV\u0112T\u012a LATVIJU !<\/span><\/h2>\n<p><span style=\"color: #ff0000;\"><span style=\"text-decoration: underline;\">============================================================================<\/span><\/span><\/p>\n<h2><span style=\"color: #ff0000;\"><img decoding=\"async\" loading=\"lazy\" class=\"alignleft size-full wp-image-25925\" title=\"J\u0101nis Ratk\u0113vi\u010ds, Rasna\u010ds. Borovkovs, Iesalnieks\" src=\"http:\/\/tautastribunals.eu\/wp-content\/uploads\/2015\/03\/J\u0101nis-Ratk\u0113vi\u010ds-Rasna\u010ds.-Borovkovs-Iesalnieks.PNG\" alt=\"J\u0101nis Ratk\u0113vi\u010ds, Rasna\u010ds. Borovkovs, Iesalnieks\" width=\"184\" height=\"251\" \/>Nav jau \u013caunums bez labuma. <\/span><\/h2>\n<p><span style=\"color: #0000ff;\">FOTO NOSAUKUMS: &#8220;\u013bUTAUSIS&#8221;<\/span><\/p>\n<p><span style=\"color: #ff0000;\">M\u0113s k\u0101rt\u0113jo reizi atkl\u0101j\u0101m k\u0101du \u010dekas ieperin\u0101tu gn\u012bdu- <strong>J\u0101ni Ratk\u0113vi\u010du<\/strong>. <\/span><\/p>\n<p><span style=\"color: #ff0000;\">Vis\u012bst\u0101kais <strong>SASKA\u0145IETIS<\/strong>, kur\u0161 ies\u016bt\u012bts <strong>VL!,<\/strong> lai veiktu provok\u0101cijas, kuras diskredit\u0113 \u0161o partiju. <\/span><\/p>\n<p><span style=\"color: #ff0000;\">L\u016bk, ko \u0161is <strong>&#8220;vanckaris&#8221; <\/strong>saka par <strong>Jarinovsku<\/strong>: <a dir=\"ltr\" href=\"https:\/\/www.facebook.com\/janis.ratkevics.7?fref=ufi\" target=\"_blank\"><span style=\"color: #0066cc;\">&#8220;J\u0101nis Ratkevi\u010ds<\/span><\/a> <em><span style=\"color: #0000ff;\">N\u0113. Ja k\u0101da persona s\u0101k trauc\u0113t kop\u0113jam darbam, t\u0101 t\u0101 ir j\u0101nomaina.&#8221;<\/span><\/em><span style=\"color: #ff0000;\"> <\/span><\/span><\/p>\n<p><span style=\"color: #ff0000;\">Neko sac\u012bt, \u012bsts \u010dekista &#8220;<strong>priek\u0161likums<\/strong>&#8220;.<\/span><\/p>\n<p><span style=\"color: #ff0000;\"><span style=\"color: #ff0000;\">T\u0101dam kurkulim pautus izraut un aus\u012bs auskaru viet\u0101 iekarin\u0101t, lai t\u0101di od\u017eu dzimumi nevairotos.<\/span><\/span><\/p>\n<p><span style=\"color: #ff0000;\"><span style=\"color: #ff0000;\">20.03.15.\u00a0\u00a0\u00a0\u00a0 LRTT<br \/>\n<\/span><\/span><\/p>\n<p><span style=\"color: #ff0000;\"> <\/span><\/p>\n<p><span style=\"text-decoration: underline;\">=============================================================================<\/span><\/p>\n<h2>Lasi, latviet, \u0160\u0113nebergs ir labi pateicis !<\/h2>\n<div>\n<div id=\"bodyreadMessagePartBodyControl430f\">\n<div dir=\"ltr\">\n<div><a href=\"http:\/\/www.la.lv\/didzis-senbergs-totalitarisma-izpete-un-rasnaca-provokacija\/\" target=\"_blank\">http:\/\/www.la.lv\/didzis-senbergs-totalitarisma-izpete-un-rasnaca-provokacija\/<\/a><\/div>\n<div>Upuri, cie\u0161anas un varm\u0101kas nebija zin\u0101mi, vald\u012bja  kolekt\u012bvais atmi\u0146as zudums \u2013 \u0161\u0101ds bija st\u0101voklis Eirop\u0101 pirms divdesmit  pieciem gadiem, mostoties no padomju totalit\u0101risma un t\u0101 pavado\u0146iem.  Upuru piemi\u0146a ir iz\u0161\u0137iro\u0161s mor\u0101ls st\u016brakmens, kura d\u0113\u013c soci\u0101l\u0101s atmi\u0146as  politika prasa pat jut\u012bg\u0101ku, r\u016bp\u012bg\u0101ku un skaidr\u0101ku \u012bsteno\u0161anu k\u0101 citas  jomas. Cie\u0146u pret upuru cie\u0161an\u0101m j\u0101apvieno ar sabiedr\u012bbas ties\u012bb\u0101m  zin\u0101t. Der patur\u0113t pr\u0101t\u0101 tiem, kas \u0161obr\u012bd da\u013cu no soci\u0101l\u0101s atmi\u0146as  politikas izc\u0113rt ar neveiklu cirvi.<\/div>\n<p>Atkl\u0101t\u012bba un skaidr\u012bba pag\u0101tnes piemin\u0113\u0161anas un v\u0113stures liet\u0101s ir  neatsverama. T\u0101p\u0113c mums ir j\u0101noraida vis\u0101m liet\u0101m dz\u012bv\u0113 viegli  pie\u0161\u0137iramos iemeslus \u2013 \u201cstr\u012bdi\u201d, \u201clatvie\u0161u ka\u0161\u0137\u012bgais raksturs\u201d,  \u201cperson\u012bbu konflikts\u201d (Viesturs Spr\u016bde, LA, 2015. gada 9. marts) \u2013 un  j\u0101noskaidro \u012bst\u0101s probl\u0113mas, kas skar Valsts dro\u0161\u012bbas komitejas (VDK)  zin\u0101tnisk\u0101s izp\u0113tes komisijas darba soci\u0101l\u0101s atmi\u0146as jom\u0101 trauc\u0113\u0161anu.<\/p>\n<p>Uzskatu, ka pie vainas b\u016bs viena cilv\u0113ka \u2013 Dzintara Rasna\u010da \u2013  sak\u0101pin\u0101ta godk\u0101re, lepn\u012bba un nesp\u0113ja \u0161\u0137irt z\u012bm\u0113\u0161anos no zin\u0101tnes.<\/p>\n<p>P\u0113c totalit\u0101ro re\u017e\u012bmu sabrukuma Eirop\u0101 izveidoja apjom\u012bgus, valsts  atbalst\u012btus soci\u0101l\u0101s atmi\u0146as un izp\u0113tes centrus. Eiropas Atmi\u0146as un  sirdsapzi\u0146as platformas biedru saraksta p\u0101rskats atkl\u0101j, ka nereti t\u0101s  ir lielas, pilnv\u0113rt\u012bga person\u0101la un valsts pietiekami finans\u0113tas  instit\u016bcijas. Gods un slava Okup\u0101cijas muzejam, tom\u0113r t\u0101 ir priv\u0101ta  instit\u016bcija. Piem\u0113ram, Polijas Nacion\u0101l\u0101s atmi\u0146as instit\u016bts ir  iev\u0113rojama iest\u0101de pat \u0161ai lielajai valstij \u2013 ja atmi\u0146a nevi\u013c, ap  divt\u016bksto\u0161 l\u012bdzstr\u0101dnieku, arh\u012bv\u0101 vien ap 900 darbinieku, lustr\u0101cijas  noda\u013c\u0101 200, izdoti ap 500 s\u0113jumu \u2013 monogr\u0101fijas, dokumentu kr\u0101jumi,  konferen\u010du materi\u0101li \u2013, bud\u017eets ap 55 miljoni eiro. Latvij\u0101 ir divdesmit  reizes maz\u0101k iedz\u012bvot\u0101ju \u2013 atbilsto\u0161i ap simt darbinieku ar divarpus  miljoniem eiro gad\u0101. Nek\u0101 l\u012bdz\u012bga nav! J\u0101, bijusi V\u0113sturnieku komisija,  bijis Totalit\u0101risma seku dokument\u0113\u0161anas centrs, atsevi\u0161\u0137u v\u0113sturnieku un  arhiv\u0101ru entuziasms, bet kopum\u0101 \u2013 soci\u0101las atmi\u0146as politikas joma ir  divdesmit piecus gadus pret upuriem un pret sevi nepadar\u012bts darbs un  nenok\u0101rtots par\u0101ds. V\u0113stures zin\u0101tne mums ir katastrof\u0101li nefinans\u0113ta,  un profesion\u0101lu v\u0113sturnieku kritiski maz.<\/p>\n<p>Nepiecie\u0161am\u012bba p\u0113c nacion\u0101l\u0101 soci\u0101l\u0101s atmi\u0146as instit\u016bta un baisais  v\u0113stures nozares finansi\u0101lais st\u0101voklis j\u0101v\u0113rt\u0113, apskatot p\u0113rn veikt\u0101s  izmai\u0146as \u201c\u010dekas maisu\u201d likum\u0101, kas paredz\u0113ja zin\u0101tniskas komisijas  izveidi (normat\u012bvie akti nosaka, ka \u201cstarpdiciplin\u0101rs\u201d attiecin\u0101ms uz  zin\u0101tnes nozar\u0113m, nevis ministriju resoriem). Apst\u0101k\u013cos, kad Nacion\u0101laj\u0101  arh\u012bv\u0101 vien ir p\u0101ri par miljonu Valsts dro\u0161\u012bbas komitejas dokumentu,  \u0161ai komisijai bija j\u0101top par ied\u012bgli, virz\u012bt\u0101jsp\u0113ku n\u0101kotn\u0113 veidojamam  Nacion\u0101l\u0101s soci\u0101l\u0101s atmi\u0146as instit\u016btam, kura funkcijas b\u016btu p\u0113tniec\u012bba,  dokumentu digit\u0101las pieejam\u012bbas veicin\u0101\u0161ana, atmi\u0146as politikas atbalsts,  lustr\u0101cija, popul\u0101rzin\u0101tniska izgl\u012bto\u0161ana. T\u0101p\u0113c p\u0113c arhiv\u0101ra Ain\u0101ra  Bambala ierosmes 2014. gada apr\u012bl\u012b piekritu pal\u012bdz\u0113t un l\u012bdzdarboties  komisijas praktisk\u0101 izveid\u0113. Lai g\u016btu sabiedr\u012bbas uztic\u012bbu tik jut\u012bg\u0101  liet\u0101 k\u0101 represijas un slepeni dokumenti, bija nepiecie\u0161ams augsts  komisijas presti\u017es sabiedr\u012bb\u0101 un \u0101rk\u0101rt\u012bgi pla\u0161s, ac\u012bmredzams vald\u012bbas  atbalsts zin\u0101tniekiem. Pret\u0113j\u0101 gad\u012bjum\u0101 ne upuriem, ne biju\u0161ajiem  repres\u012bvo instan\u010du l\u012bdzstr\u0101dniekiem neb\u016bs pamata uztic\u0113ties, ar\u012b  zin\u0101tniskajiem p\u0113t\u012bjumiem j\u0101bauda augsta sabiedr\u012bbas uztic\u012bba.<\/p>\n<p>Veidojot komisiju, tika nosprausti divi galvenie \u0113tiskie principi.  Pirmais \u2013 zin\u0101tniskuma princips, kas paredz\u0113ja, ka starpdisciplin\u0101raj\u0101  komisij\u0101 iek\u013caujami vien\u012bgi kvalific\u0113ti, politiski neitr\u0101li p\u0113tnieki ar  doktora zin\u0101tnisko gr\u0101du. Otrais \u2013 antikolaboracionisma princips, kas  noteica, ka komisij\u0101 nevar str\u0101d\u0101t par lietprat\u0113jiem un lemt par to  biju\u0161ie \u010dekisti, \u010dekas informatori, repres\u012bvo, ideolo\u0123isko,  piesegiest\u0101\u017eu darbinieki, protams, biju\u0161ie komunisti. Lai nodro\u0161in\u0101tu  maksim\u0101lu objektivit\u0101ti Augst\u0101k\u0101s izgl\u012bt\u012bbas, zin\u0101tnes un inov\u0101ciju  departamenta direktora vietnieks Armands Pl\u0101te l\u016bdza Latvijas  Universit\u0101tei, V\u0113stures un filozofijas fakult\u0101tei, V\u0113stures instit\u016btam  un cit\u0101m instit\u016bcij\u0101m dele\u0123\u0113t zin\u0101tniekus. Zin\u0101tniskuma principu praks\u0113  ar nelieliem iz\u0146\u0113mumiem izdev\u0101s \u012bstenot, tikai v\u0113sturnieks Ritvars  Jansons bija \u201cVL!\u201d\/TB-LNNK deput\u0101ts, Rud\u012bte Me\u0146\u0123elsone \u201cVL!\u201d\/TB-LNNK  deput\u0101ta pal\u012bdze, bet Gatis Liepi\u0146\u0161 \u2013 partijas \u201cVienot\u012bba\u201d jaunietis,  kur\u0161 uzreiz atk\u0101p\u0101s no amatiem partij\u0101. Iz\u0146\u0113mumi bija pamatoti \u2013 Jansona  kunga disert\u0101cija ir par VDK, savuk\u0101rt Liepi\u0146\u0161 ir viens no da\u017eiem  arhiv\u0101riem, kas praks\u0113 str\u0101d\u0101 ar VDK dokumentiem. Tikai Me\u0146\u0123elsonei un  Liepi\u0146am nav zin\u0101tnisk\u0101 gr\u0101da. Ar\u012b princips par biju\u0161o komunistu  kl\u0101tb\u016btnes nees\u012bbu iev\u0113rots \u2013 nevar\u0113ja iek\u013caut vienu paz\u012bstamu  v\u0113sturnieku, kur\u0161 okup\u0101cijas laik\u0101 bija darbojies PSKP. Komisijas  vad\u012bt\u0101ju, V\u0101cij\u0101 dzimu\u0161o, Zviedrijas pieredzi guvu\u0161o v\u0113stures doktoru  K\u0101rli Kangeri, k\u0101 ar\u012b vad\u012bt\u0101ja vietnieci, ASV un Francij\u0101 izgl\u012bt\u012bbu  guvu\u0161o ties\u012bbu doktori Krist\u012bni Jarinovsku ierosin\u0101ja Latvijas  Universit\u0101te, vietnieku, popul\u0101ro v\u0113sturnieku Ritvaru Jansonu \u2013  Okup\u0101cijas muzejs.<\/p>\n<p>M\u0113s bij\u0101m liku\u0161i pamatu, lai komisijai ir augsts presti\u017es un  sabiedr\u012bbas uztic\u012bba. Komisija 2014. gada august\u0101 tika izveidota, un  izgl\u012bt\u012bbas un zin\u0101tnes ministre saska\u0146oja t\u0101du komisijas reglamentu, kas  noteica gan to, ka komisija pl\u0101nu, finan\u0161u un ekspertu zi\u0146\u0101 ir  maksim\u0101li autonoma, padota vien\u012bgi ministrei, gan to, ka komisijas  person\u0101lsast\u0101vs nav pak\u013caujams politisk\u0101m manipul\u0101cij\u0101m, gan to, ka t\u0101s  sakar\u0101 nevar darboties biju\u0161ie VDK darbinieki un kompartijas dal\u012bbnieki.<\/p>\n<p>Diem\u017e\u0113l, priek\u0161v\u0113l\u0113\u0161anu gaisotn\u0113 s\u0101k\u0101s praktiskas probl\u0113mas ar  komisijas finans\u0113jumu 2014. gad\u0101, kas netika risin\u0101tas, bet t\u0101 v\u0113l  nebija \u201cmirstam\u0101 kaite\u201d, kas sagrautu t\u0101s darbu. V\u0113sturnieki, juristi,  sociologi, arhiv\u0101ri bija entuziasma pilni un, s\u0101kot ar p\u0113rn\u0101 gada  j\u016bliju, str\u0101d\u0101ja bez atalgojuma. Uzreiz ir j\u0101uzsver, ka neviens  zin\u0101tnieks komisij\u0101 l\u012bdz \u0161ai dienai nav asto\u0146us m\u0113ne\u0161us sa\u0146\u0113mis nevienu  centu par savu darbu taj\u0101. J\u0101ilustr\u0113, ka vad\u012bt\u0101js Kangeris, vi\u0146a  vietnieki Jarinovska un Jansons ir piedal\u012bju\u0161ies vair\u0101k par 70  instit\u016bciju san\u0101ksm\u0113s, komisijas s\u0113d\u0113s un citos darba notikumos,  sagatavoti ap simt dokumentu, lai var\u0113tu uzs\u0101kt praktisku darbu,  komisija, lai \u0146emtu v\u0113r\u0101 sabiedr\u012bbas intereses, ir zi\u0146ojusi desmitiem  forumos, s\u0101kot ar universit\u0101tes zin\u0101tnes populariz\u0113\u0161anas sar\u012bkojumiem,  raid\u012bjumiem, beidzot ar Saeimas komisij\u0101m un darba san\u0101ksmi ar Valsts  prezidentu. L\u012bdztekus rit\u0113ja darbs, lai apzin\u0101tu neaprakst\u012btos arh\u012bvu  fondus, aprakst\u012bto dokumentu apjomu, kuru vajadz\u0113tu digitaliz\u0113t, par to  tika nolemts priv\u0101tpersonu l\u012bdzek\u013cu piesaist\u012b\u0161anai izveidot  digitaliz\u0101cijas kr\u0101tuvi, kas, savuk\u0101rt, piesaist\u012bja br\u012bvpr\u0101t\u012bgos,  piem\u0113ram, pla\u0161i paz\u012bstamo Ilm\u0101ru Poik\u0101nu, pl\u0101nojot dokumentu padar\u012b\u0161anu  elektroniski pieejamus p\u0113tniec\u012bbai un ar laiku sabiedr\u012bbai. Protams,  da\u017es var uzskat\u012bt, ka \u0161is ir va\u013casprieks, tom\u0113r sapr\u0101t\u012bgi cilv\u0113ki  secin\u0101s, ka likumdev\u0113ja noteiktais un izpildvaras uzdotais tom\u0113r ir  darbs, par kuru kaut kad j\u0101s\u0101k maks\u0101t.<\/p>\n<p>Tas nav noticis. Asto\u0146i m\u0113ne\u0161i izt\u0113r\u0113ta laika, entuziasma un ener\u0123ijas bez valsts atbalsta.<\/p>\n<p>Nav zin\u0101ms, k\u0101di mot\u012bvi vad\u012bja pras\u012bbu p\u0101r\u0146emt VDK izp\u0113tes komisiju  uz Tieslietu ministriju, ta\u010du komisijas locek\u013ci to nel\u016bdza. V\u0113l vair\u0101k \u2013  k\u0101 man ir st\u0101st\u012bju\u0161i virkne zin\u0101tnieku \u2013 komisija bija pret p\u0101rcel\u0161anu  Rasna\u010da padot\u012bb\u0101, neredzot tam pamata, jo \u0161\u012bs ministrijas funkcija nav  administr\u0113t zin\u0101tnisk\u0101s p\u0113tniec\u012bbas programmas, turkl\u0101t lemts tika  sl\u0113gt\u0101s s\u0113d\u0113s, neaicinot komisijas p\u0101rst\u0101vjus. \u012asten\u012bb\u0101 pat nevienam  komisijas loceklim, kas tom\u0113r ir priv\u0101tpersonas, netika ats\u016bt\u012bts l\u0113mums \u2013  par to uzzin\u0101ja no preses.<\/p>\n<p>Ar\u012b padot\u012bbas mai\u0146a neb\u016btu traum\u0113jo\u0161a, ja tieslietu ministrs b\u016btu  attiecies pret zin\u0101tniekiem k\u0101 pret l\u012bdzv\u0113rt\u012bgiem partneriem, kuriem ir  vienots m\u0113r\u0137is. Rasna\u010da atbild\u012bba par\u0101d\u0101s p\u0113rn pirms bud\u017eeta  pie\u0146em\u0161anas. Ministrs netik\u0101s ar komisiju pirms valsts bud\u017eeta  pie\u0146em\u0161anas, nedz veica nepiecie\u0161amas darb\u012bbas, lai nov\u0113rstu  nesaska\u0146otas r\u012bc\u012bbas rais\u012btas k\u013c\u016bdas. Un k\u013c\u016bdas (cer\u0113sim, ka tas ir  vienk\u0101r\u0161i aiz neprasmes) bija. Diez vai k\u0101ds \u0161obr\u012bd noliegs, ka Ministru  kabineta 76. priek\u0161likums likumprojekta \u201cPar valsts bud\u017eetu 2015.  gadam\u201d 2. las\u012bjumam ir br\u0101\u0137is? Tur tie\u0161\u0101m vajadz\u0113ja \u012bpa\u0161u izt\u0113li, lai  iesniegtu t\u0101 veidotu bud\u017eeta apak\u0161programmu, kas paredz atalgojumu tikai  div\u0101m \u0161tata viet\u0101m, kad komisij\u0101 ir \u010detrpadsmit dal\u012bbnieku, pie tam  komisijai j\u0101algo v\u0113l eksperti. Turkl\u0101t jau \u012bsaj\u0101 paskaidrojum\u0101 nor\u0101d\u012bts,  ka \u0161\u012bs divas \u0161tata vietas paredz\u0113tas ministrijas centr\u0101lajam apar\u0101tam.  Savuk\u0101rt, zin\u0101tnieku atalgojuma viet\u0101 jaunaj\u0101 valsts bud\u017eeta 19.  Tieslietu ministrijas sada\u013cas apak\u0161programm\u0101 09.06.00 \u201cTotalit\u0101r\u0101 re\u017e\u012bma  dokumentu zin\u0101tnisk\u0101 izp\u0113te un nodar\u012bt\u0101 kait\u0113juma apr\u0113\u0137in\u0101\u0161ana\u201d no  piepras\u012btiem 250 t\u016bksto\u0161iem eiro lauvas tiesa jeb 203 952 paredz\u0113ti  nevis zin\u0101tnieku atl\u012bdz\u012bbai, bet gan \u201cPrec\u0113m un pakalpojumiem\u201d. Kur\u0161  p\u0113k\u0161\u0146i izdom\u0101ja, ka, esot vald\u012bbas ieceltai komisijai, zin\u0101tnisk\u0101  p\u0113tniec\u012bba ir k\u0101 \u0101rpakalpojums j\u0101iep\u0113rk iepirkumu proced\u016bras k\u0101rt\u012bb\u0101?  Dro\u0161i vien, ka ne jau Rasna\u010ds ar savu roku rakst\u012bja priek\u0161likumu, bet,  ja jau ministrija kaut nejau\u0161\u012bbas d\u0113\u013c pie\u013c\u0101va mu\u013c\u0137\u012bgu alo\u0161anos, tad  atbild\u012bgs vad\u012bt\u0101js censtos maksim\u0101li n\u0101kt pretim v\u0113sturniekiem kop\u012bgo  uzdevumu sasnieg\u0161an\u0101. Piebild\u012b\u0161u, ka paskaidrojums pie priek\u0161likuma  liecina, ka l\u012bdzek\u013ci ir dom\u0101ti \u0161\u012bs \u2013 VDK zin\u0101tnisk\u0101s izp\u0113tes komisijas  darb\u012bbas \u2013 nodro\u0161in\u0101\u0161anai, nevis citai \u201cPSRS zaud\u0113jumu apr\u0113\u0137in\u0101\u0161anas\u201d  komisijai.<\/p>\n<p>Ta\u010du politi\u0137u k\u013c\u016bdas tika labotas, dz\u0113\u0161ot uguni ar benz\u012bnu. Komisijas  vienbals\u012bgi rakstveid\u0101 l\u016bgtais, Ministru kabineta s\u0101kotn\u0113ji ieceltais  administrat\u012bvais vad\u012bt\u0101js Armands Pl\u0101te, kuram bija pieredze zin\u0101tnes  programmu administr\u0113\u0161an\u0101, tika laipni aizraid\u012bts, 2014. gada 22.  decembr\u012b solot atkl\u0101tu konkursu uz administrat\u012bv\u0101 vad\u012bt\u0101ja vietu. P\u0113c  tam klusi \u0161aj\u0101 viet\u0101 tika pie\u0146emts Rasna\u010da k\u0101 deput\u0101ta pal\u012bgs Saeim\u0101  J\u0101nis Tomels, kuram nav juridisk\u0101s izgl\u012bt\u012bbas un kur\u0161 ar\u012b k\u0101 politi\u0137is  kandid\u0113ja 12. Saeimas v\u0113l\u0113\u0161an\u0101s, bet netika iev\u0113l\u0113ts. Cit\u0113\u0161u komisijas  priek\u0161s\u0113d\u0113t\u0101ju K\u0101rli Kangeri: \u201cPirm\u0101 s\u0113de ministrij\u0101 [..] jau tad  Rasna\u010da kungs atn\u0101ca un pateica, ka komisij\u0101 ir t\u0101di cilv\u0113ki, kas \u201cmums  nepat\u012bk un nav pie\u0146emami\u201d (LA, 2015. gada 9.marts). Kas tas ir?  Pirmk\u0101rt, diskrimin\u0101cija uz vecuma, dzimuma, etnisk\u0101s izcelsmes,  reli\u0123isk\u0101s, seksu\u0101l\u0101s vai politisk\u0101s p\u0101rliec\u012bbas pamata. Otrk\u0101rt, t\u0101 ir  klaja zin\u0101tnisk\u0101s darb\u012bbas br\u012bv\u012bbas ignor\u0113\u0161ana un p\u0113tniec\u012bbas k\u0101  politiski neitr\u0101las presti\u017ea grau\u0161ana. Ac\u012bmredzama attieksme izr\u012bkoties  ar zin\u0101tnisko darb\u012bbu k\u0101 pa savu politik\u0101nisku dzimtmui\u017eu? Varb\u016bt  sak\u0101pin\u0101ts lepnums. Jebk\u0101di argumenti par komisijas \u201cnesadarbo\u0161anos\u201d te  piln\u012bgi noraid\u0101mi, jo komisijai sadarb\u012bba v\u0113l nebija uzs\u0101kta. Ja k\u0101dam  t\u0113vs ir Kuba\u0146as kazaks, tad etnisk\u0101 izcelsme sv\u012btro juridisko zin\u0101t\u0146u  doktora gr\u0101du ar vien\u012bgo disert\u0101ciju Latvij\u0101 publisko dokumentu  inform\u0101cijas pieejam\u012bb\u0101?<\/p>\n<p>Cita nekorekta un nekole\u0123i\u0101la darb\u012bba \u2013 komisijas reglamenta, pret  kuru nec\u0113l\u0101s iebildumi ne Saeimas komisijai, ne Valsts kancelejai,  aizmuguriska atcel\u0161ana, ats\u016btot nesaska\u0146o\u0161anas dokumentu rakstveid\u0101,  dienu pirms paredz\u0113t\u0101s tik\u0161an\u0101s par \u0161iem jaut\u0101jumiem. Tieslietu  ministrija ar 6.janv\u0101ra dokumentu Nr. 1-18\/23 noraid\u012bja iesp\u0113ju  reglamentu saska\u0146ot, atzina, ka komisijai \u201cnav pie\u0161\u0137irti l\u012bdzek\u013ci t\u0101s  darb\u012bbas nodro\u0161in\u0101\u0161anai un nav sava person\u0101la\u201d, k\u0101 ar\u012b uzsv\u0113ra, ka  nevien\u0101 normat\u012bvaj\u0101 akt\u0101 nav noteikta komisijas padot\u012bba tieslietu  ministram. Vald\u012bbas komisij\u0101 ieceltie v\u0113sturnieki nav person\u0101ls? Un kam  ir pie\u0161\u0137irti l\u012bdzek\u013ci, ja ne komisijas darb\u012bbas nodro\u0161in\u0101\u0161anai?  Politisk\u0101m izklaid\u0113m? Cit\u0101di k\u0101 asu nelabv\u0113l\u012bbas \u017eestu \u0161o dokumentu  tulkot nevar, atkal cit\u0113\u0161u komisijas vad\u012bt\u0101ju: \u201ckomisija bija gal\u012bgi  nokritiz\u0113ta, ar\u012b ar t\u0101du domu, lai \u201cno aug\u0161as\u201d par\u0101d\u012btu, kas te ir kungs  un noteic\u0113js. Es t\u0101du varas poz\u012bcijas izr\u0101d\u012b\u0161anu uzskatu par  nepie\u0146emamu, un mani tas \u013coti kaitina. Mani uztrauc, ka 17. decembr\u012b  komisijai apstiprina bud\u017eetu un 22. decembr\u012b m\u016bs jau izlam\u0101, ka komisij\u0101  ir cilv\u0113ki, kas nestr\u0101d\u0101 un ir \u201cnedraudz\u012bgi\u201d\u201d (LA, 2015. gada 9.  marts). Laika period\u0101 no 6. janv\u0101ra l\u012bdz 6. martam, kad numur\u0113ts  saska\u0146o\u0161anai jaunais reglaments, sp\u0113k\u0101 eso\u0161a reglamenta nebija,  ofici\u0101las komisijas san\u0101ksmes nenotika, neiera\u0161an\u0101s uz s\u0113d\u0113m ir sap\u0146i.<\/p>\n<p>Totalit\u0101risma represiju dokumenti nav l\u0101d\u0113ti ar labest\u012bbu, sabiedr\u012bb\u0101  valda neviennoz\u012bm\u012bga noska\u0146a pret padomju ideolo\u0123iju, ta\u010du \u0161\u0101da  kundziska, pav\u0113lo\u0161a attieksme nevar veicin\u0101t zin\u0101tnisko darb\u012bbu.  Las\u012bt\u0101jiem b\u016bs interesanti uzzin\u0101t, ka visa pap\u012bru darba laik\u0101 Rasna\u010ds  nevar\u0113ja izdar\u012bt pat tik daudz k\u0101 pie\u0161\u0137irt komisijas locek\u013ciem ofici\u0101las  elektronisk\u0101 pasta adreses, kas izgl\u012bt\u012bbas un zin\u0101tnes ministrij\u0101 jau  bija paveikts, ievietot ministrijas interneta lap\u0101 ofici\u0101lu inform\u0101ciju  ar komisijas locek\u013cu zin\u0101tnisk\u0101s darb\u012bbas aprakstu, kas ar\u012b jau bija  paveikts iepriek\u0161, zin\u0101tniekiem pat nepie\u0161\u0137\u012bra mazi\u0146u istabu, kur  uztur\u0113ties komisijas vad\u012bt\u0101jam, k\u0101 ar\u012b iest\u0101des past\u0101v\u012bg\u0101s caurlaides.  Protams, var uzskat\u012bt par s\u012bkumu, bet vai sabiedr\u012bba zina, ka, neesot  telp\u0101m nevien\u0101 valsts iest\u0101d\u0113, asto\u0146us m\u0113ne\u0161us vald\u012bbas instit\u016bcijas  zin\u0101tnieki ir spiesti satikties kafejn\u012bc\u0101s? Ja Rasna\u010du izliktu no  kabineta uz prezident\u016bras pusgadu, liekot pild\u012bt ministra pien\u0101kumus  Aldaru ielas kafejn\u012bc\u0101 \u201cEz\u012btis migl\u0101\u201d, at\u0146emot algu, pa\u0161am maks\u0101jot par  visiem izdevumiem, tad, iesp\u0113jams, b\u016btu l\u012bdzv\u0113rt\u012bga diskusija.<\/p>\n<p>Likumsakar\u012bgi, ka \u0161\u0101dos apst\u0101k\u013cos vair\u0101ki komisijas locek\u013ci  atbalst\u012bja s\u0101kotn\u0113ji Ritvara Jansona izteikto ideju (LA, 2014. gada 9.  maijs), kuru \u0161ogad atbalst\u012bja profesors J\u0101nis Lazdi\u0146\u0161, Krist\u012bne  Jarinovska, M\u0101rti\u0146\u0161 Kapr\u0101ns, Bonif\u0101cijs Dauk\u0161ts un citi komisijas  locek\u013ci, ka vissapr\u0101t\u012bg\u0101kais b\u016btu represiju izp\u0113tes komisijas  administr\u0113\u0161anu nodot profesion\u0101lai, neatkar\u012bgai zin\u0101tniskajai  instit\u016bcijai \u2013 Latvijas Universit\u0101tes Latvijas V\u0113stures instit\u016btam, kam  ir pieredze atbilsto\u0161u programmu vad\u012bb\u0101. Tika g\u016bta instit\u016bta, k\u0101 ar\u012b  universit\u0101tes rakstveida piekri\u0161ana \u0161im risin\u0101jumam, kas \u013cautu politi\u0137im  Rasna\u010dam saglab\u0101t politisko seju un patrona t\u0113lu p\u0101r \u0161o komisiju, bet  zin\u0101tniekiem \u2013 beidzot \u0137erties pie darba. Vienlaikus komisijas  priek\u0161s\u0113d\u0113t\u0101ja vietniece Krist\u012bne Jarinovska p\u0113c komisijas  priek\u0161s\u0113d\u0113t\u0101ja K\u0101r\u013ca Kangera aicin\u0101juma piepras\u012bja Tieslietu ministrijai  inform\u0101ciju, k\u0101 ir l\u012bdz \u0161im t\u0113r\u0113ta apak\u0161programmas nauda, vai to sa\u0146em  J\u0101nis Tomelis, k\u0101ds ir administrat\u012bv\u0101 vad\u012bt\u0101ja Tome\u013ca amata apraksts, k\u0101  tik\u0161ot veikts iepirkums, k\u0101 ar\u012b v\u0113rs\u0101s Korupcijas nov\u0113r\u0161anas un  apkaro\u0161anas biroj\u0101, lai g\u016btu korupcijas speci\u0101listu atzinumu, vai  komisijas vad\u012bba ir valsts amatpersonu status\u0101, k\u0101 ar\u012b vai var\u0113s  piedal\u012bties iepirkum\u0101 par zin\u0101tnisko p\u0113tniec\u012bbu, ja jau piedal\u0101s  iepirkuma specifik\u0101cijas izstr\u0101d\u0113.<br \/>\nL\u016bk, \u0161aj\u0101 br\u012bd\u012b, kad bija rasts sapr\u0101t\u012bgs, tiesisks un uz m\u0113r\u0137i  orient\u0113ts risin\u0101jums, s\u0101k\u0101s provokat\u012bv\u0101 \u0101l\u0113\u0161an\u0101s un apvainojumu  m\u0113t\u0101\u0161ana. Pasakas, ka LPSR VDK pret latvie\u0161u tautu v\u0113rsto totalit\u0101ro  noziegumu dokumentu digitaliz\u0101cijas kr\u0101tuvei nepiecie\u0161ams kaut k\u0101da zi\u0146u  nopludin\u0101\u0161ana.<\/p>\n<p>Lai nep\u0101rst\u0101st\u012btu neslavu ce\u013co\u0161as zi\u0146as, min\u0113\u0161u tikai divus piem\u0113rus.  Viens \u2013 par atsevi\u0161\u0137iem komisijas locek\u013ciem, kas iest\u0101j\u0101s par p\u0101reju uz  V\u0113stures instit\u016btu, tika izplat\u012btas nepatiesas zi\u0146as, teiksim, ka  Jarinovska \u201creorganiz\u0101cijas rezult\u0101t\u0101 zaud\u0113jusi darbu Tieslietu  ministrij\u0101, kas ar\u012b var\u0113tu b\u016bt iemesls, k\u0101d\u0113\u013c vi\u0146ai nav saglab\u0101ju\u0161\u0101s  kole\u0123i\u0101las attiec\u012bbas ar biju\u0161ajiem kol\u0113\u0123iem\u201d, kas, protams, ir neslavu  ce\u013co\u0161i izdom\u0101jumi. Otrs \u2013 kad komisija kategoriski protest\u0113ja pret v\u0113lmi  izsl\u0113gt komisijas priek\u0161s\u0113d\u0113t\u0101ja vietnieci Jarinovsku, kam nav nek\u0101da  pamatojuma, bet priek\u0161s\u0113d\u0113t\u0101js Kangeris inform\u0113ja sabiedr\u012bbu, ka: \u201cJa  tieslietu ministrs Dzintars Rasna\u010da kungs [..] apgalvo, ka da\u013ca  komisijas locek\u013cu atbalstot ministrijas r\u012bkojumu no komisijas izsl\u0113gt  Jarinovskas kundzi, tad tie ir t\u012brie meli,\u201d (LETA, 2015. gada 3. marts),  uzsverot, ka komisija negras\u0101s \u201cdancot p\u0113c ier\u0113d\u0146u stabules\u201d, tad  augsto amatpersonu atbildes g\u0101jiens bija draud\u0113t nomain\u012bt visu komisiju,  \u201cjo Kangera kunga vad\u012bb\u0101 pa\u0161reiz\u0113jo komisijas darbu var\u0113tu raksturot k\u0101  tot\u0101li impotentu\u201d (NRA, 2015. gada 4. marts). Profesors Bonif\u0101cijs  Dauk\u0161ts par \u0161o jokoja, ka visu komisijas locek\u013cu vesel\u012bbas st\u0101voklis  tom\u0113r ir sensit\u012bvi personas dati, bet, nopietni skatot, diez vai ir  daudz veidu, k\u0101 v\u0113l iedarb\u012bg\u0101k graut totalit\u0101risma izp\u0113tes presti\u017eu  sabiedr\u012bb\u0101, padarot komisiju smiekl\u012bgu.<\/p>\n<p>Kas tas ir, ja ne politiskais spiediens?<\/p>\n<p>Paz\u012bstamais c\u012bn\u012bt\u0101js par atkl\u0101t\u012bbu Ilm\u0101rs Poik\u0101ns jeb NEO nor\u0101da:  \u201cB\u016btu Tieslietu ministrija skaidr\u012bbai inform\u0113jusi, cik un k\u0101diem  nol\u016bkiem jau izt\u0113r\u0113jusi no VDK izp\u0113tes komisijas naudas, ja p\u0113t\u012bjumiem  nauda tikai no j\u016bnija.\u201d \u0160os l\u012bdzek\u013cus nedr\u012bkst izmantot, piem\u0113ram, t.s.  \u201cPSRS zaud\u0113jumu atl\u012bdzin\u0101\u0161anas komisijai\u201d vai cit\u0101m ministrijas  politisk\u0101m aktivit\u0101t\u0113m, t\u0101p\u0113c jaut\u0101jums ir viet\u0101!<br \/>\n\u0160os jaut\u0101jumus ir daudzas reizes uzdevu\u0161i komisijas locek\u013ci, k\u0101 ar\u012b es  esmu \u0161odien uzdevis tieslietu ministram rakstveid\u0101, ta\u010du situ\u0101cija prasa  uzdot ar\u012b publiski, gaidot atkl\u0101tu atbildi.<\/p>\n<ul>\n<li>Kur\u0161 un k\u0101p\u0113c pie\u013c\u0101va rupju k\u013c\u016bdu 2015. gada bud\u017eeta pl\u0101no\u0161an\u0101,  ministru kabineta 76. priek\u0161likum\u0101 likumprojekta \u201cPar valsts bud\u017eetu  2015. gadam\u201d 2. las\u012bjumam, VDK komisijas zin\u0101tnieku atalgojuma viet\u0101  iek\u013caujot vair\u0101k ne k\u0101 203 952 eiro \u201cPreces un pakalpojumi\u201d?<\/li>\n<li>K\u0101ds ir faktiskais 19. Tieslietu ministrijas sada\u013cas apak\u0161programmas  09.06.00 \u201cTotalit\u0101r\u0101 re\u017e\u012bma dokumentu zin\u0101tnisk\u0101 izp\u0113te un nodar\u012bt\u0101  kait\u0113juma apr\u0113\u0137in\u0101\u0161ana\u201d izlietojums no 2015. gada 1. janv\u0101ra, \u0146emot  v\u0113r\u0101, ka neviens komisijas loceklis un neviens zin\u0101tnieks nav sa\u0146\u0113mis  neviena centa?<\/li>\n<li>K\u0101du iemeslu d\u0113\u013c vair\u0101k ne k\u0101 tr\u012bs m\u0113ne\u0161u laik\u0101 nav pie\u0161\u0137irtas ne  elektronisk\u0101 pasta adreses, ne telpas komisijas darbam, ne pat darba  kabinets komisijas priek\u0161s\u0113d\u0113t\u0101jam?<\/li>\n<li>K\u0101du iemeslu d\u0113\u013c par iepriek\u0161 apak\u0161programm\u0101 paredz\u0113tajiem  atalgojuma l\u012bdzek\u013ciem var\u0113ja pie\u0146emt ministrij\u0101 Dzintara Rasna\u010da biju\u0161o  pal\u012bgu Saeim\u0101 J\u0101ni Tomelu, bet nevar\u0113ja nosl\u0113gt darba l\u012bgumu ar  komisijas priek\u0161s\u0113d\u0113t\u0101ju K\u0101rli Kangeri, kas par velti jau str\u0101d\u0101 asto\u0146us  m\u0113ne\u0161us?<\/li>\n<li>Kur\u0161 un k\u0101du iemeslu d\u0113\u013c izl\u0113ma pazi\u0146ot VDK izp\u0113tes komisijai \u0161.g.  6. janv\u0101ra dokument\u0101, ka tai nav sava person\u0101la, ka tai nav pie\u0161\u0137irti  l\u012bdzek\u013ci darb\u012bbas nodro\u0161in\u0101\u0161anai un neviens normat\u012bvais akts nenosaka  padot\u012bbu tieslietu ministram?<\/li>\n<li>Kur\u0161 ir pazi\u0146ojis pla\u0161sazi\u0146as l\u012bdzek\u013ciem, ka Kangera vad\u012bb\u0101 visa komisija ir \u201ctot\u0101li impotenta\u201d?<\/li>\n<li>Kur\u0161 un k\u0101du iemeslu d\u0113\u013c izl\u0113ma sv\u012btrot no komisijas reglamenta,  neiek\u013caujot ar\u012b nevien\u0101 cit\u0101 ties\u012bbu akt\u0101, liegumu komisij\u0101  l\u012bdzdarboties biju\u0161ajiem \u010dekistiem un PSKP biedriem?<\/li>\n<\/ul>\n<p>\u0160\u012bs atbildes tieslietu ministram j\u0101sniedz ne jau man, bet sabiedr\u012bbai  l\u012bdz tai Ministru kabineta s\u0113dei, kur\u0101 vi\u0146\u0161 gatavojas politisku iemeslu  d\u0113\u013c main\u012bt komisijas sast\u0101vu, inform\u0113jot ar\u012b publiski, vai vi\u0146\u0161 ir  bijis PSKP biedrs un, ja ir bijis, tad, kad iest\u0101jies komunistiskaj\u0101  partij\u0101 un k\u0101dos apst\u0101k\u013cos. Atsevi\u0161\u0137i komisijas locek\u013ci mani ir  inform\u0113ju\u0161i, ka jau Atmodas laik\u0101, kad citi cilv\u0113ki iest\u0101j\u0101s par  Latvijas neatkar\u012bbu, 1988. gada 11. novembr\u012b Dzintars Rasna\u010ds ticies ar  PSKP CK politbiroja locekli, CK sekret\u0101ru V. Medvedevu, uzdodot  jaut\u0101jumus, kas saist\u012bti ar PSRS Konstit\u016bcijas pilnveidi, ta\u010du man nav  zin\u0101ms, vai taj\u0101 br\u012bd\u012b vai ar\u012b v\u0113l\u0101k vi\u0146\u0161 bijis komunistisk\u0101s partijas,  kuras CK kontrol\u0113ja VDK, biedrs vai ar\u012b ne.<\/p>\n<p>Diem\u017e\u0113l k\u0101dreiz mor\u0101li imperat\u012bvi prasa pateikt ar\u012b asu, griez\u012bgu  viedokli, lai tas tiktu sadzird\u0113ts un lai tiktu saprasts, cik b\u016btiska  k\u013c\u016bda ir veikta. Pau\u017eu viedokli, ka r\u012bc\u012bba, pie\u013caujot \u012bsten\u012bbai  neatbilsto\u0161u, neslavu ce\u013co\u0161us apgalvojumu izplat\u012b\u0161anu par trauksmes  c\u0113l\u0113ju, kas nor\u0101da uz b\u016btiskiem tr\u016bkumiem finan\u0161u pl\u0101no\u0161an\u0101 ministra  vad\u012btaj\u0101 resor\u0101, k\u0101 ar\u012b, \u012bstenojot publisko varu, lai veiktu  izr\u0113\u0137in\u0101\u0161anos, rada iespaidu par totalit\u0101risma recid\u012bvu publiskaj\u0101 var\u0101.<\/p>\n<p>Reiz Aivars Ozoli\u0146\u0161 \u201cDien\u0101\u201d veidoja v\u0101rdkopu k\u0101 \u201c\u010dekas stila  provok\u0101cijas\u201d. To nelieto\u0161u, tom\u0113r v\u0113los uzsv\u0113rt, ka esmu \u0101rk\u0101rt\u012bgi  v\u012blies, ka \u0161ai Latvijai tik sare\u017e\u0123\u012btaj\u0101 laik\u0101 savas patm\u012bl\u012bbas d\u0113\u013c ir  gatavi izpost\u012bt v\u0101rgo un b\u016btisko, nedom\u0101jot, ka netie\u0161i lieliski pakalpo  Putina varai un naid\u012bgai Latvijai ideolo\u0123ijai. Olivers Everts (TVNET,  2014. gada 27. febru\u0101r\u012b) public\u0113ja no Gen\u0101dija Bala\u0161ova p\u0101r\u0146emta termina  \u201cPutina s\u016bk\u0101t\u0101ji\u201d iedvesmotu rakstu, kur\u0101 min da\u017e\u0101dus Krem\u013ca m\u012bksto  varas pakalpi\u0146us. Varb\u016bt l\u012bdzv\u0113rt\u012bgu m\u016b\u017e\u012bgu l\u0101stu cien\u012bgi, tikai pa\u0161i  neapzin\u0101damies, putinisma roklai\u017eas ir radik\u0101li konjunkt\u016bristi, kuri sev  vien zin\u0101mu iemeslu d\u0113\u013c posta soci\u0101l\u0101s atmi\u0146as politikas trauslos  pamatus, gand\u0113jot t\u0101das lietas k\u0101 ar lielu bezatl\u012bdz\u012bbas entuziasmu  uzs\u0101kt\u0101 VDK zin\u0101tnisk\u0101s izp\u0113tes komisija? Kauns p\u0101r t\u0101diem!<\/p>\n<p>No pres\u0113 las\u012bt\u0101 esmu iepazinis virkni nosv\u0113rtu, patiesi patriotisku  un god\u0101jamu \u201cVL\u201d-TB\/LNNK biedru, s\u0101kot ar Raivi Dzintaru, Imantu  Par\u0101dnieku, beidzot ar Gaidi B\u0113rzi\u0146u, In\u0101ru M\u016brnieci, kuri neat\u013cautos \u0161o  baiso stilu pret v\u0113sturniekiem. Vai patiesi partija nevar vienu  p\u0101rkarsu\u0161o galvu remd\u0113t un savald\u012bt?<\/p>\n<p>Soci\u0101l\u0101 atmi\u0146a un totalit\u0101risma p\u0113tniec\u012bba ir smagas, nopietnas  lietas. Vienalga, cik ilgi paliks amat\u0101 Rasna\u010ds \u2013 l\u012bdz 16. martam, l\u012bdz  j\u016blijam vai gadiem, bet laba lieta jau gana saboj\u0101ta. Pret VDK  zin\u0101tnisko izp\u0113ti nedr\u012bkst\u0113ja iztur\u0113ties ar to nepanesamo vieglumu,  lepnumu un augstpr\u0101t\u012bbu, k\u0101 t\u0101s lietas tika dar\u012btas.<\/p>\n<p><em>Didzis \u0160\u0113nbergs,<br \/>\nLPSR VDK pret latvie\u0161u tautu v\u0113rsto totalit\u0101ro noziegumu dokumentu digitaliz\u0101cijas kr\u0101tuves valdes loceklis<\/em><\/p>\n<ul>\n<li>\n<h2>Saist\u012btie raksti<\/h2>\n<div>\n<div>\n<div><a href=\"http:\/\/www.la.lv\/strids-kaite-vdk-dokumentu-komisijas-telam\/\" target=\"_blank\"><img decoding=\"async\" loading=\"lazy\" src=\"https:\/\/dub115.mail.live.com\/Handlers\/ImageProxy.mvc?bicild=&amp;canary=eFTj%2fiZ%2bx359Se9aDS6GYd5XLiLCEFaGPN%2fWjuGRCRw%3d0&amp;url=http%3a%2f%2fwww.la.lv%2fwp-content%2fuploads%2f2015%2f01%2fJanis-Tomels_LET-150x150.jpg\" alt=\"Foto: LETA\" width=\"150\" height=\"150\" \/><\/a><\/div>\n<h4><a href=\"http:\/\/www.la.lv\/strids-kaite-vdk-dokumentu-komisijas-telam\/\" target=\"_blank\"><span style=\"color: #0066cc;\">Str\u012bds kait\u0113 VDK dokumentu komisijas t\u0113lam <\/span><span style=\"color: #0066cc;\">(12)<\/span><\/a><\/h4>\n<\/div>\n<div>\n<div><a href=\"http:\/\/www.la.lv\/vdk-dokumentu-izpetes-komisija-kategoriski-iebilst-pret-jarinovskas-izslegsanu-no-tas-sastava\/\" target=\"_blank\"><img decoding=\"async\" loading=\"lazy\" src=\"https:\/\/dub115.mail.live.com\/Handlers\/ImageProxy.mvc?bicild=&amp;canary=eFTj%2fiZ%2bx359Se9aDS6GYd5XLiLCEFaGPN%2fWjuGRCRw%3d0&amp;url=http%3a%2f%2fwww.la.lv%2fwp-content%2fuploads%2f2013%2f10%2fg1%2fkristine_jarinovska2-150x150.jpg\" alt=\"Foto - LETA\" width=\"150\" height=\"150\" \/><\/a><\/div>\n<h4><a href=\"http:\/\/www.la.lv\/vdk-dokumentu-izpetes-komisija-kategoriski-iebilst-pret-jarinovskas-izslegsanu-no-tas-sastava\/\" target=\"_blank\"><span style=\"color: #0066cc;\">VDK dokumentu izp\u0113tes komisija kategoriski iebilst pret Jarinovskas izsl\u0113g\u0161anu no t\u0101s sast\u0101va <\/span><span style=\"color: #0066cc;\">(4)<\/span><\/a><\/h4>\n<\/div>\n<div>\n<div><a href=\"http:\/\/www.la.lv\/jalta-1945-un-baltiesu-likteni\/\" target=\"_blank\"><img decoding=\"async\" loading=\"lazy\" src=\"https:\/\/dub115.mail.live.com\/Handlers\/ImageProxy.mvc?bicild=&amp;canary=eFTj%2fiZ%2bx359Se9aDS6GYd5XLiLCEFaGPN%2fWjuGRCRw%3d0&amp;url=http%3a%2f%2fwww.la.lv%2fwp-content%2fuploads%2f2015%2f02%2fKangeris1_TS_4-150x150.jpg\" alt=\"Foto - Timurs Subhankulovs\" width=\"150\" height=\"150\" \/><\/a><\/div>\n<h4><a href=\"http:\/\/www.la.lv\/jalta-1945-un-baltiesu-likteni\/\" target=\"_blank\"><span style=\"color: #0066cc;\">\u201cJalta \u2013 1945\u2033 un baltie\u0161u likte\u0146i. Saruna ar v\u0113sturnieku K\u0101rli Kangeri <\/span><span style=\"color: #0066cc;\">(7)<\/span><\/a><\/h4>\n<\/div>\n<div>\n<div><a href=\"http:\/\/www.la.lv\/maina-vdk-komisijas-padotibu\/\" target=\"_blank\"><img decoding=\"async\" loading=\"lazy\" src=\"https:\/\/dub115.mail.live.com\/Handlers\/ImageProxy.mvc?bicild=&amp;canary=eFTj%2fiZ%2bx359Se9aDS6GYd5XLiLCEFaGPN%2fWjuGRCRw%3d0&amp;url=http%3a%2f%2fwww.la.lv%2fwp-content%2fuploads%2f2014%2f07%2fKangeris_LETA-150x150.jpg\" alt=\"Foto - LETA\" width=\"150\" height=\"150\" \/><\/a><\/div>\n<h4><a href=\"http:\/\/www.la.lv\/maina-vdk-komisijas-padotibu\/\" target=\"_blank\"><span style=\"color: #0066cc;\">Maina VDK komisijas padot\u012bbu <\/span><span style=\"color: #0066cc;\">(2)<\/span><\/a><\/h4>\n<\/div>\n<\/div>\n<\/li>\n<\/ul>\n<\/div>\n<\/div>\n<\/div>\n","protected":false},"excerpt":{"rendered":"<p>LRTT papildin\u0101jums \u0160\u0113nberga teiktajam. Jums,\u00a0 kas dz\u012bvojat slepkavu re\u017e\u012bma valst\u012b, nav iesp\u0113jams dot atkl\u0101tu nov\u0113rt\u0113jumu Rasna\u010da noziedz\u012bgajai darb\u012bbai. Dom\u0101ju, ka J\u016bs zin\u0101t tik pat labi k\u0101 LRTT, kas ir Dz. Rasna\u010ds. \u0160eit nav nek\u0101ds&#46;&#46;&#46;<\/p>\n","protected":false},"author":1,"featured_media":0,"comment_status":"open","ping_status":"open","sticky":false,"template":"","format":"standard","meta":[],"categories":[1],"tags":[],"_links":{"self":[{"href":"https:\/\/tautastribunals.eu\/index.php?rest_route=\/wp\/v2\/posts\/25898"}],"collection":[{"href":"https:\/\/tautastribunals.eu\/index.php?rest_route=\/wp\/v2\/posts"}],"about":[{"href":"https:\/\/tautastribunals.eu\/index.php?rest_route=\/wp\/v2\/types\/post"}],"author":[{"embeddable":true,"href":"https:\/\/tautastribunals.eu\/index.php?rest_route=\/wp\/v2\/users\/1"}],"replies":[{"embeddable":true,"href":"https:\/\/tautastribunals.eu\/index.php?rest_route=%2Fwp%2Fv2%2Fcomments&post=25898"}],"version-history":[{"count":33,"href":"https:\/\/tautastribunals.eu\/index.php?rest_route=\/wp\/v2\/posts\/25898\/revisions"}],"predecessor-version":[{"id":25935,"href":"https:\/\/tautastribunals.eu\/index.php?rest_route=\/wp\/v2\/posts\/25898\/revisions\/25935"}],"wp:attachment":[{"href":"https:\/\/tautastribunals.eu\/index.php?rest_route=%2Fwp%2Fv2%2Fmedia&parent=25898"}],"wp:term":[{"taxonomy":"category","embeddable":true,"href":"https:\/\/tautastribunals.eu\/index.php?rest_route=%2Fwp%2Fv2%2Fcategories&post=25898"},{"taxonomy":"post_tag","embeddable":true,"href":"https:\/\/tautastribunals.eu\/index.php?rest_route=%2Fwp%2Fv2%2Ftags&post=25898"}],"curies":[{"name":"wp","href":"https:\/\/api.w.org\/{rel}","templated":true}]}}