{"id":25865,"date":"2015-03-15T20:53:39","date_gmt":"2015-03-15T18:53:39","guid":{"rendered":"http:\/\/tautastribunals.eu\/?p=25865"},"modified":"2016-12-31T20:12:47","modified_gmt":"2016-12-31T18:12:47","slug":"vel-par-16to-martu-un-maitu-ergliem","status":"publish","type":"post","link":"https:\/\/tautastribunals.eu\/?p=25865","title":{"rendered":"V\u0113l par 16to martu un maitu \u0113rg\u013ciem !"},"content":{"rendered":"<h2><span style=\"color: #0000ff;\"><img decoding=\"async\" loading=\"lazy\" class=\"alignleft size-full wp-image-25866\" title=\"LATVIJAS REPUBLIKAS TAUTAS TRIBUN\u0100LS, R\u012aGA, SAEIMA,LATVIJA,HELSINKI-86,GRANTI\u0145\u0160,\" src=\"http:\/\/tautastribunals.eu\/wp-content\/uploads\/2015\/03\/LATVIJAS-REPUBLIKAS-TAUTAS-TRIBUN\u0100LS-R\u012aGA-SAEIMALATVIJAHELSINKI-86GRANTI\u0145\u0160.PNG\" alt=\"LATVIJAS REPUBLIKAS TAUTAS TRIBUN\u0100LS, R\u012aGA, SAEIMA,LATVIJA,HELSINKI-86,GRANTI\u0145\u0160,\" width=\"608\" height=\"98\" \/><img decoding=\"async\" loading=\"lazy\" class=\"alignleft size-full wp-image-25867\" title=\"Krievija,Izra\u0113la,Telaviv,Moskau. Latvija,R\u012bga.LRTT.\" src=\"http:\/\/tautastribunals.eu\/wp-content\/uploads\/2015\/03\/KrievijaIzra\u0113laTelavivMoskau.-LatvijaR\u012bga.LRTT..PNG\" alt=\"Krievija,Izra\u0113la,Telaviv,Moskau. Latvija,R\u012bga.LRTT.\" width=\"608\" height=\"420\" srcset=\"https:\/\/tautastribunals.eu\/wp-content\/uploads\/2015\/03\/KrievijaIzra\u0113laTelavivMoskau.-LatvijaR\u012bga.LRTT..PNG 921w, https:\/\/tautastribunals.eu\/wp-content\/uploads\/2015\/03\/KrievijaIzra\u0113laTelavivMoskau.-LatvijaR\u012bga.LRTT.-300x207.PNG 300w, https:\/\/tautastribunals.eu\/wp-content\/uploads\/2015\/03\/KrievijaIzra\u0113laTelavivMoskau.-LatvijaR\u012bga.LRTT.-800x553.PNG 800w\" sizes=\"(max-width: 608px) 100vw, 608px\" \/>Kas ir 16. marts ?<\/span><\/h2>\n<p><span style=\"color: #0000ff;\"> <\/span><\/p>\n<p><span style=\"color: #0000ff;\">Tas datums, kas simboliz\u0113 c\u012b\u0146u pret <strong>\u013baunumu<\/strong>.<\/span><\/p>\n<p><span style=\"color: #0000ff;\"> <\/span><\/p>\n<p><span style=\"color: #0000ff;\">Kas bija tie, kuri rad\u012bja \u0161o &#8220;<strong>16to martu<\/strong>&#8221; ?<\/span><\/p>\n<p><span style=\"color: #0000ff;\"> <\/span><\/p>\n<h2><span style=\"color: #0000ff;\">Tie bija m\u016bsu zemes okupanti !<\/span><\/h2>\n<p><span style=\"color: #0000ff;\"> <\/span><\/p>\n<p><span style=\"color: #0000ff;\">K\u0101 viens: sarkanais- \u017e\u012bdiskais, t\u0101 ar\u012b v\u0101cu nacistiskais re\u017e\u012bms.<\/span><\/p>\n<p><span style=\"color: #0000ff;\"> <\/span><\/p>\n<p><span style=\"color: #0000ff;\">Ja neviens m\u016bsu <strong>T\u0113vzemei <\/strong>neb\u016btu uzbrucis, tad m\u0113s t\u0101du <strong>16to<\/strong> martu nepaz\u012btu. T\u0101p\u0113c, lai nol\u0101d\u0113ti tie, kuri mums \u0161odien uzbr\u016bk, nosaucot m\u016bs par nacistiem. Tie\u0161i tie, kuri ir visliel\u0101kie <strong>noziedznieki- \u0137riev\u017e\u012bdi<\/strong> m\u016bs cen\u0161as patais\u012bt par slepkav\u0101m.<\/span><\/p>\n<p><span style=\"color: #0000ff;\"> <\/span><\/p>\n<p><span style=\"color: #0000ff;\">Tie\u0161i <strong>Izra\u0113la<\/strong> un <strong>Jaunizra\u0113la<\/strong><em>(Krievija),<\/em> ir visasi\u0146ain\u0101k\u0101s un noziedz\u012bg\u0101k\u0101s valstis pasaules jaun\u0101ko laiku v\u0113stur\u0113.<\/span><\/p>\n<p><span style=\"color: #0000ff;\"> <\/span><\/p>\n<p><span style=\"color: #0000ff;\">T\u0101s ir valstis, kuras visvair\u0101k tiek nosod\u012btas <strong>ANO<\/strong> par noziegumiem pret cilv\u0113ci.<\/span><\/p>\n<p><span style=\"color: #0000ff;\"> <\/span><\/p>\n<p><span style=\"color: #0000ff;\"><strong>Latvija<\/strong> v\u0113l ne reizi nav tikusi <strong>ANO<\/strong> nosod\u012bta.<\/span><\/p>\n<p><span style=\"color: #0000ff;\"> <\/span><\/p>\n<p><span style=\"color: #0000ff;\">Tie\u0161i Izra\u0113la, kuru nodibin\u0101ja bo\u013c\u0161evistiskais cionistu re\u017e\u012bms, ar <strong>Sta\u013cinu <\/strong>priek\u0161gal\u0101, ir pasaules \u013caunuma ass.<\/span><\/p>\n<p><span style=\"color: #0000ff;\"> <\/span><\/p>\n<p><span style=\"color: #0000ff;\">\u0160\u012b zeme nav sv\u0113ta, k\u0101 to cen\u0161as iest\u0101st\u012bt mums pasaules s\u0101tanisti- <strong>&#8220;kristie\u0161i&#8221;<\/strong>. <\/span><\/p>\n<p><span style=\"color: #0000ff;\"><img decoding=\"async\" loading=\"lazy\" class=\"alignleft size-full wp-image-25868\" title=\"\u017e\u012bdi.Latvija,Holokausts,LRTT,Purins.\" src=\"http:\/\/tautastribunals.eu\/wp-content\/uploads\/2015\/03\/\u017e\u012bdi.LatvijaHolokaustsLRTTPurins..PNG\" alt=\"\u017e\u012bdi.Latvija,Holokausts,LRTT,Purins.\" width=\"281\" height=\"371\" srcset=\"https:\/\/tautastribunals.eu\/wp-content\/uploads\/2015\/03\/\u017e\u012bdi.LatvijaHolokaustsLRTTPurins..PNG 693w, https:\/\/tautastribunals.eu\/wp-content\/uploads\/2015\/03\/di.LatvijaHolokaustsLRTTPurins.-605x800.PNG 605w\" sizes=\"(max-width: 281px) 100vw, 281px\" \/>Tauta, kura zv\u0113r\u012bgi noslepkavo pravieti, nav <strong>Dieva izredz\u0113ta<\/strong>, bet gan<strong> S\u0101tana padot\u0101<\/strong>.<\/span><\/p>\n<p><span style=\"color: #0000ff;\"> <\/span><\/p>\n<p><span style=\"color: #0000ff;\">\u0160is paraz\u012btiskais veidojums, k\u0101 reiz izsac\u012bj\u0101s viens <strong>Izra\u0113las <\/strong>\u017eurn\u0101lists, bez pal\u012bdz\u012bbas no \u0101rpuses neb\u016btu sp\u0113j\u012bga past\u0101v\u0113t pat 24 stundas.<\/span><\/p>\n<p><span style=\"color: #0000ff;\"> <\/span><\/p>\n<p><span style=\"color: #0000ff;\">P\u0113c<strong> Atmodas<\/strong> \u0161\u012bs tautas p\u0101rst\u0101vji ir apzagu\u0161i latvie\u0161u tautu par vair\u0101kiem desmitiem miljardu dol\u0101ru, bet noties\u0101ts nav neviens. Pag\u0101ju\u0161aj\u0101 gad\u0101 vien no Krievijas tika <strong>&#8220;izvesti&#8221;<\/strong> 150 miljardu dol\u0101ru<em>(tas ir tikai pa vienu gadu).<\/em> Kur \u0161\u012b summa nogulsn\u0113j\u0101s ? <strong>\u0112\u0123ipt\u0113, Sud\u0101n\u0101, \u010cehij\u0101, Kan\u0101d\u0101&#8230;.<\/strong> ? N\u0113, \u0161\u012b summa <strong>&#8220;iekrita&#8221;<\/strong> cionistu nagos !<\/span><\/p>\n<p><span style=\"color: #0000ff;\"> <\/span><\/p>\n<p><span style=\"color: #0000ff;\">Izra\u0113l\u0101 ir apm\u0113ram asto\u0146i miljoni iedz\u012bvot\u0101ju. Tas ir pamat\u012bgs skaitlis. Ko tad vi\u0146i ra\u017eo, ka var tik p\u0101rtic\u012bgi dz\u012bvot ? Praktiski neko ! Toties viens vien\u012bgs tanks ar ko slakt\u0113 palest\u012b\u0146us maks\u0101<strong> 25- 30 milj<\/strong>.dol\u0101ru !<\/span><\/p>\n<p><span style=\"color: #0000ff;\"> <\/span><\/p>\n<p><span style=\"color: #0000ff;\">Nu no kurienes t\u0101da nauda \u0161ai tuksne\u0161a tautelei ?<\/span><\/p>\n<p><span style=\"color: #0000ff;\"> <\/span><\/p>\n<p><span style=\"color: #0000ff;\">T\u0101 ir zagta visas pasaules taut\u0101m !<\/span><\/p>\n<p><span style=\"color: #0000ff;\"> <\/span><\/p>\n<p><span style=\"color: #0000ff;\">L\u016bk, t\u0101 ir taisn\u012bba un par \u0161o <strong>Taisn\u012bbu<\/strong>, ko ar\u012b sludina <strong>LRTT<\/strong>, vi\u0146i jau kuro reizi grib nov\u0101kt <strong>Granti\u0146u<\/strong>.<\/span><\/p>\n<p><span style=\"color: #0000ff;\"> <\/span><\/p>\n<p><span style=\"color: #0000ff;\">Run\u0101jot par holokaustu ir j\u0101saka, ka t\u0101 ir \u013coti tum\u0161a lieta, kur\u0101 ir iejaukti vi\u0146i pa\u0161i.<\/span><\/p>\n<p><span style=\"color: #0000ff;\"> <\/span><\/p>\n<p><span style=\"color: #0000ff;\">K\u0101p\u0113c v\u0113l uz simts gadiem <strong>Anglija <\/strong>ir noslepenojusi sarunas, kuras <strong>Otr\u0101 pasaules<\/strong> s\u0101kum\u0101 slepeni veica <strong>\u010c\u0113r\u010dils<\/strong> un nacists <strong>Hess<\/strong> ?<\/span><\/p>\n<p><span style=\"color: #0000ff;\"> <\/span><\/p>\n<p><span style=\"color: #0000ff;\"><a href=\"http:\/\/www.tvnet.lv\/zinas\/arvalstis\/249754-rudolfa_hesa_noslepumaina_misija\">http:\/\/www.tvnet.lv\/zinas\/arvalstis\/249754-rudolfa_hesa_noslepumaina_misija<\/a><\/span><\/p>\n<p><span style=\"color: #0000ff;\"> <\/span><\/p>\n<p><span style=\"color: #0000ff;\"><img decoding=\"async\" loading=\"lazy\" class=\"alignleft size-full wp-image-25871\" title=\"Lavrov,Koluznij,Puti, Rosija,Latvija\" src=\"http:\/\/tautastribunals.eu\/wp-content\/uploads\/2015\/03\/LavrovKoluznijPuti-RosijaLatvija.PNG\" alt=\"Lavrov,Koluznij,Puti, Rosija,Latvija\" width=\"308\" height=\"190\" srcset=\"https:\/\/tautastribunals.eu\/wp-content\/uploads\/2015\/03\/LavrovKoluznijPuti-RosijaLatvija.PNG 905w, https:\/\/tautastribunals.eu\/wp-content\/uploads\/2015\/03\/LavrovKoluznijPuti-RosijaLatvija-300x185.PNG 300w, https:\/\/tautastribunals.eu\/wp-content\/uploads\/2015\/03\/LavrovKoluznijPuti-RosijaLatvija-800x495.PNG 800w\" sizes=\"(max-width: 308px) 100vw, 308px\" \/><\/span><\/p>\n<p>FOTO: <span style=\"color: #ff0000;\"><em>T\u0101 nav Krievija, bet Izra\u0113la, kuru reprezent\u0113 \u0161\u012bs kagan\u0101t- kriev\u017e\u012bds.<\/em><\/span><\/p>\n<p><span style=\"color: #0000ff;\">K\u0101p\u0113c veco <strong>Hesu <\/strong>ned\u0113\u013cu pirms atbr\u012bvo\u0161anas <strong>Vacijas <\/strong>cietum\u0101 no\u017e\u0146audza ? <strong>Hesa<\/strong> d\u0113ls pirms tam presei bija pazi\u0146oji, ka t\u0113vs p\u0113c atbr\u012bvo\u0161anas pateiks k\u0101du sens\u0101ciju. Interesanti, kas t\u0101 b\u016btu var\u0113jusi b\u016bt ? Notika tas pats, kas ar m\u016bsu <strong>Gr\u016btupu.<\/strong> Jo ar\u012b vi\u0146\u0161 pirms n\u0101ves v\u0113l\u0113j\u0101s kaut ko \u013coti svar\u012bgu pasac\u012bt latvie\u0161u tautai. Nelaime tikai t\u0101, ka vi\u0146\u0161 par to pazi\u0146oja visakt\u012bv\u0101kajai \u010dekas darbiniecei, <strong>Elitai Veidemanei<\/strong>. Un k\u0101da sakrit\u012bba ar <strong>Hessu<\/strong>&#8211; m\u016bsu <strong>Gr\u016btups,<\/strong> <strong>&#8220;aiz dusm\u0101m pret savu v\u0113zi&#8221;, <\/strong>aizmirstot par sol\u012bto,<strong> <\/strong>pirmo lodi raid\u012bja v\u0113der\u0101 tie\u0161i pa \u0161o briesmoni<em>(v\u0113zi)<\/em> un p\u0113c tam tikai kaut kur ap sirds rajonu.<\/span><\/p>\n<p><span style=\"color: #0000ff;\"> <\/span><\/p>\n<p><span style=\"color: #0000ff;\">&#8220;Vot&#8221; i pa\u0161n\u0101v\u012bba marsie\u0161u gaum\u0113 !<\/span><\/p>\n<p><span style=\"color: #0000ff;\"> <\/span><\/p>\n<p><span style=\"color: #0000ff;\">T\u0101tad, latviet, 16tais marts ir Sv\u0113ta diena !!!<\/span><\/p>\n<p><span style=\"color: #0000ff;\"> <\/span><\/p>\n<p><span style=\"color: #0000ff;\">B\u016bsim lepni par saviem karav\u012briem !!!<\/span><\/p>\n<p><span style=\"color: #0000ff;\"> <\/span><\/p>\n<p><span style=\"color: #0000ff;\">Lai nol\u0101d\u0113ti visi tie, kuri ir uzmetu\u0161ies mums uz kakla. Vi\u0146iem <strong>Dieva<\/strong> sods b\u016bs pr\u0101tam neaptverams, jo \u0161ausmas, ko krievi un \u017e\u012bdi ir veiku\u0161i pret pasaules taut\u0101m, tiks pien\u0101c\u012bgi <strong>&#8220;nov\u0113rt\u0113tas&#8221;.<\/strong><\/span><\/p>\n<p><span style=\"color: #0000ff;\"> <\/span><\/p>\n<p><span style=\"color: #0000ff;\">Visas pasaules tautas taj\u0101 dien\u0101 uzgavil\u0113s !<\/span><\/p>\n<p><span style=\"color: #0000ff;\"> <\/span><\/p>\n<h2><span style=\"color: #0000ff;\">Dievs sv\u0113t\u012b Latviju !<\/span><\/h2>\n<p><span style=\"color: #0000ff;\">15.03.15.\u00a0 Linards Granti\u0146\u0161<br \/>\n<\/span><\/p>\n","protected":false},"excerpt":{"rendered":"<p>Kas ir 16. marts ? Tas datums, kas simboliz\u0113 c\u012b\u0146u pret \u013baunumu. Kas bija tie, kuri rad\u012bja \u0161o &#8220;16to martu&#8221; ? Tie bija m\u016bsu zemes okupanti ! K\u0101 viens: sarkanais- \u017e\u012bdiskais, t\u0101 ar\u012b v\u0101cu&#46;&#46;&#46;<\/p>\n","protected":false},"author":1,"featured_media":0,"comment_status":"open","ping_status":"open","sticky":false,"template":"","format":"standard","meta":[],"categories":[1],"tags":[],"_links":{"self":[{"href":"https:\/\/tautastribunals.eu\/index.php?rest_route=\/wp\/v2\/posts\/25865"}],"collection":[{"href":"https:\/\/tautastribunals.eu\/index.php?rest_route=\/wp\/v2\/posts"}],"about":[{"href":"https:\/\/tautastribunals.eu\/index.php?rest_route=\/wp\/v2\/types\/post"}],"author":[{"embeddable":true,"href":"https:\/\/tautastribunals.eu\/index.php?rest_route=\/wp\/v2\/users\/1"}],"replies":[{"embeddable":true,"href":"https:\/\/tautastribunals.eu\/index.php?rest_route=%2Fwp%2Fv2%2Fcomments&post=25865"}],"version-history":[{"count":15,"href":"https:\/\/tautastribunals.eu\/index.php?rest_route=\/wp\/v2\/posts\/25865\/revisions"}],"predecessor-version":[{"id":25879,"href":"https:\/\/tautastribunals.eu\/index.php?rest_route=\/wp\/v2\/posts\/25865\/revisions\/25879"}],"wp:attachment":[{"href":"https:\/\/tautastribunals.eu\/index.php?rest_route=%2Fwp%2Fv2%2Fmedia&parent=25865"}],"wp:term":[{"taxonomy":"category","embeddable":true,"href":"https:\/\/tautastribunals.eu\/index.php?rest_route=%2Fwp%2Fv2%2Fcategories&post=25865"},{"taxonomy":"post_tag","embeddable":true,"href":"https:\/\/tautastribunals.eu\/index.php?rest_route=%2Fwp%2Fv2%2Ftags&post=25865"}],"curies":[{"name":"wp","href":"https:\/\/api.w.org\/{rel}","templated":true}]}}