{"id":25330,"date":"2015-02-09T17:38:13","date_gmt":"2015-02-09T15:38:13","guid":{"rendered":"http:\/\/tautastribunals.eu\/?p=25330"},"modified":"2015-02-09T18:01:38","modified_gmt":"2015-02-09T16:01:38","slug":"lrtt-runa-lasitaji","status":"publish","type":"post","link":"https:\/\/tautastribunals.eu\/?p=25330","title":{"rendered":"LRTT. Run\u0101 las\u012bt\u0101ji"},"content":{"rendered":"<p><span style=\"color: #003300;\"><img decoding=\"async\" loading=\"lazy\" class=\"alignleft size-full wp-image-25332\" title=\"Za\u013c\u0161, tautastribunals.eu\" src=\"http:\/\/tautastribunals.eu\/wp-content\/uploads\/2015\/02\/Za\u013c\u0161-tautastribunals.eu1.png\" alt=\"Za\u013c\u0161, tautastribunals.eu\" width=\"629\" height=\"88\" srcset=\"https:\/\/tautastribunals.eu\/wp-content\/uploads\/2015\/02\/Za\u013c\u0161-tautastribunals.eu1.png 950w, https:\/\/tautastribunals.eu\/wp-content\/uploads\/2015\/02\/Za\u013c\u0161-tautastribunals.eu1-300x42.png 300w, https:\/\/tautastribunals.eu\/wp-content\/uploads\/2015\/02\/Za\u013c\u0161-tautastribunals.eu1-800x112.png 800w\" sizes=\"(max-width: 629px) 100vw, 629px\" \/><\/span><\/p>\n<p><span style=\"color: #003300;\"><strong>Las\u012bt\u0101js<\/strong><em>(mums jau zin\u0101mais).<\/em><\/span><\/p>\n<p><span style=\"color: #003300;\">Vai <strong>Latvij\u0101<\/strong> p\u0113c <strong>Padomju okup\u0101cijas<\/strong> nokrat\u012b\u0161anas ir nokrat\u012bti kolaboranti?<\/span><\/p>\n<p><span style=\"color: #003300;\"> <\/span><\/p>\n<p><span style=\"color: #003300;\">Vai par<strong> VDK <\/strong>a\u0123entu un informatoru pastr\u0101d\u0101to pret <strong>Latvijas<\/strong> cilv\u0113kiem klus\u0113t, noliegt, attaisnot un aizvainojo\u0161i ap\u0161aub\u012bt ir pie\u0146emami un \u0161\u0137ietami hum\u0101ni? N\u0113, <strong>Latvij\u0101 <\/strong>demokr\u0101tijas viet\u0101 valda oligarhija <em>(tie pa\u0161i komunisti) <\/em>caur partij\u0101m, tiesiskuma viet\u0101 korupcija.<\/span><\/p>\n<p><span style=\"color: #003300;\"> <\/span><\/p>\n<p><span style=\"color: #003300;\">\u012apa\u0161i nav izmekl\u0113ti noziegumi pret latvie\u0161u tautu, ko veica <strong>Padomju prokurori, tiesne\u0161i, psihiatri<\/strong>.<\/span><\/p>\n<p><span style=\"color: #003300;\"> <\/span><\/p>\n<p><span style=\"color: #003300;\">Vai tad nav t\u0101, ka \u0161odien pie varas ir tie pa\u0161i juristi un vi\u0146u b\u0113rni\u0146i, kas vaj\u0101ja<strong> \u201cHelsinki 86\u2033 <\/strong>dibin\u0101t\u0101ju <strong>Linardu Granti\u0146u<\/strong> un <span style=\"text-decoration: underline;\">citus latvie\u0161u tautas br\u012bv\u012bbas c\u012bn\u012bt\u0101jus<\/span> pret <strong>Padomju okup\u0101ciju<\/strong> ? <strong>Latvij\u0101<\/strong> cilv\u0113ki pieprasa <span style=\"text-decoration: underline;\">publiskot \u010dekas maisus<\/span> un <span style=\"text-decoration: underline;\">veikt lustr\u0101ciju<\/span>. T\u0101, piem\u0113ram, \u017eurn\u0101l\u0101 <strong>\u201eLe\u0123enda\u201d <\/strong>rakst\u012bts: <strong>\u201eTos \u0101rstus, kas nepamatoti ievietoja cilv\u0113kus psihiatriskaj\u0101s slimn\u012bc\u0101s, tos \u0101rstus vajadz\u0113tu sod\u012bt! At\u0146emt vi\u0146iem sertifik\u0101tus un iesp\u0113jas praktiz\u0113t!\u201d. <\/strong><\/span><\/p>\n<p><span style=\"color: #003300;\"> <\/span><\/p>\n<p><span style=\"color: #003300;\">Bet k\u0101 \u0161o procesu iekustin\u0101t, ja jau neesam veiku\u0161i lustr\u0101ciju, un, vai to nevajadz\u0113tu dar\u012bt ar\u012b ar iek\u0161lietu un tieslietu sist\u0113m\u0101 str\u0101d\u0101jo\u0161ajiem ?<\/span><\/p>\n<p><span style=\"color: #003300;\"> <\/span><\/p>\n<p><span style=\"color: #003300;\">Atbildes viet\u0101 <strong><span style=\"text-decoration: underline;\">DAUDZIEM IR<\/span><\/strong><span style=\"text-decoration: underline;\"> stingri sakniebtas l\u016bpas<\/span>.<\/span><\/p>\n<p><span style=\"color: #003300;\"> <\/span><\/p>\n<p><span style=\"color: #003300;\">\u0160o sarunu ne <strong>Juris Lapinskis<\/strong>, ne komunists <strong>Aivars Garda<\/strong> negrib pat dzird\u0113t.<\/span><\/p>\n<p><span style=\"color: #003300;\"> <\/span><\/p>\n<p><span style=\"color: #003300;\">Tad kam vi\u0146i kalpo?<\/span><\/p>\n<p><span style=\"color: #003300;\"> <\/span><\/p>\n<p><span style=\"color: #003300;\">Vai ne tiem pa\u0161iem, kas izmantoja <strong>Padomju<\/strong> laikos specveikala pakalpojumu pie <strong>Aivara Gardas<\/strong> <strong>Univers\u0101lveikal\u0101<\/strong>, vai pirka no <strong>Jura Lapinska<\/strong> m\u016bziku, par kuru <strong>Juris Lapinskis<\/strong> autoriem nebija samaks\u0101jis autorties\u012bbas?<\/span><\/p>\n<p><span style=\"color: #003300;\"> <\/span><\/p>\n<p><span style=\"color: #003300;\">\u0160iem komunistiskajiem paraz\u012btiem, kas dz\u012bvo uz otra r\u0113\u0137ina un s\u016bcot latvie\u0161u tautas ener\u0123iju, j\u0101paz\u016bd no \u0161\u012bs zemes virsas. <strong>Juri Lapinski<\/strong> un <strong>Aivaru Gardu<\/strong> var nost\u0101d\u012bt vien\u0101 str\u012bp\u0101 ar<strong> Ivaru Godmani, Aivaru Borovkovu, Andri \u0160\u0137\u0113li, Val\u0113riju Karginu, Andri B\u0113rzi\u0146u <\/strong>un daudziem citiem&#8230; .<\/span><\/p>\n<p><span style=\"color: #003300;\"> <\/span><\/p>\n<p><span style=\"color: #003300;\">Lai <strong>Dievs<\/strong> pal\u012bdz latvie\u0161u tautai atbr\u012bvoties no vi\u0146iem un atjaunot <strong>Latvij\u0101 <\/strong>tiesiskumu p\u0113c rietumvalstu standartiem!<\/span><\/p>\n<p><span style=\"color: #003300;\"> <\/span><\/p>\n<p><span style=\"color: #008000;\"><img decoding=\"async\" loading=\"lazy\" class=\"alignleft size-full wp-image-25345\" title=\"AIVARS AARDA, EDV\u012aNS \u0160NORE, IEVA BRANTE\" src=\"http:\/\/tautastribunals.eu\/wp-content\/uploads\/2015\/02\/AIVARS-AARDA-EDV\u012aNS-\u0160NORE-IEVA-BRANTE.PNG\" alt=\"AIVARS AARDA, EDV\u012aNS \u0160NORE, IEVA BRANTE\" width=\"632\" height=\"305\" srcset=\"https:\/\/tautastribunals.eu\/wp-content\/uploads\/2015\/02\/AIVARS-AARDA-EDV\u012aNS-\u0160NORE-IEVA-BRANTE.PNG 791w, https:\/\/tautastribunals.eu\/wp-content\/uploads\/2015\/02\/AIVARS-AARDA-EDV\u012aNS-\u0160NORE-IEVA-BRANTE-300x144.PNG 300w\" sizes=\"(max-width: 632px) 100vw, 632px\" \/>LRTT atbild:<\/span><\/p>\n<p><span style=\"color: #008000;\"> <\/span><\/p>\n<p><span style=\"color: #008000;\"> <\/span><\/p>\n<p><span style=\"color: #008000;\"> <\/span><\/p>\n<p><span style=\"color: #008000;\">Kam kalpo <strong>Godmanis, Borovkovs, \u0160\u0137\u0113le, Kargins<\/strong> un <strong>B\u0113rzi\u0146\u0161<\/strong> paskaidrojumus neprasa. Vi\u0146i kalpo savam v\u0113deram un kriev\u017e\u012bdu kakla kungiem- <strong>Krievijas \u017e\u012bsiskajai imp\u0113rijai<\/strong>. Tai pa\u0161ai, kura <strong>Latviju<\/strong> 1940. g. <strong>slepkavniecisk\u0101 veid\u0101 okup\u0113ja<\/strong> un <strong>veica neiedom\u0101jamu genoc\u012bdu<\/strong> pret m\u016bsu tautu. T\u0101p\u0113c tie, kuri iest\u0101j\u0101s kompartij\u0101 p\u0113c okup\u0101cijas, ir sod\u0101mi ar <strong>ASM<\/strong> bez speci\u0101la tiesas sprieduma.<\/span><\/p>\n<p><span style=\"color: #008000;\"> <\/span><\/p>\n<p><span style=\"color: #008000;\"> <\/span><\/p>\n<p><span style=\"color: #008000;\"> <\/span><\/p>\n<p><span style=\"color: #008000;\">&gt;Vair\u0101k ar\u012b j\u0101run\u0101 un <strong>&#8220;j\u0101apgaismo&#8221;<\/strong> latvie\u0161i par <strong>m\u016bsu super- nacion\u0101listu<\/strong> kalp\u012bbu.<strong> <\/strong><\/span><\/p>\n<p><span style=\"color: #008000;\"><strong>LRTT<\/strong> i- vietnes las\u012bt\u0101js ir labi sapratis un da\u013c\u0113ji ar\u012b argument\u0113jis vi\u0146u kalp\u012bbu tiem pa\u0161iem, kuriem kalpo iepriek\u0161 min\u0113tie. Parastam ierindas las\u012bt\u0101jam- pilsonim ir piedodama k\u013c\u016bd\u012b\u0161an\u0101s un tic\u0113\u0161ana \u0161iem nelie\u0161iem, bet ja vi\u0146u neliet\u012bgo darb\u012bbu atbalsta t\u0101di sabiedr\u012bb\u0101 paz\u012bstami cilv\u0113ki k\u0101 <strong>Edv\u012bns \u0160nore<\/strong> un <strong>Ieva Brante<\/strong>, dodot intervijas <strong><img decoding=\"async\" loading=\"lazy\" class=\"alignleft size-full wp-image-25351\" title=\"Edv\u012bns \u0160nore, Ieva Brante,Urbanovi\u010ds, R\u012bga,Latvija\" src=\"http:\/\/tautastribunals.eu\/wp-content\/uploads\/2015\/02\/Edv\u012bns-\u0160nore-Ieva-BranteUrbanovi\u010ds-R\u012bgaLatvija.PNG\" alt=\"Edv\u012bns \u0160nore, Ieva Brante,Urbanovi\u010ds, R\u012bga,Latvija\" width=\"281\" height=\"236\" srcset=\"https:\/\/tautastribunals.eu\/wp-content\/uploads\/2015\/02\/Edv\u012bns-\u0160nore-Ieva-BranteUrbanovi\u010ds-R\u012bgaLatvija.PNG 693w, https:\/\/tautastribunals.eu\/wp-content\/uploads\/2015\/02\/Edv\u012bns-\u0160nore-Ieva-BranteUrbanovi\u010ds-R\u012bgaLatvija-300x251.PNG 300w\" sizes=\"(max-width: 281px) 100vw, 281px\" \/>Aivara Gardas<\/strong> provokator- laikrakstam <strong>DDD<\/strong>, kur\u0161 pielika visas p\u016bles, lai izn\u012bcin\u0101tu <strong>LRTT,<\/strong> tad rodas fat\u0101lisks<em>(nolemt\u012bbas)<\/em> noska\u0146ojums.<\/span><\/p>\n<p><span style=\"color: #008000;\"> <\/span><\/p>\n<p><span style=\"color: #008000;\"> <\/span><\/p>\n<p><span style=\"color: #008000;\"> <\/span><\/p>\n<p>FOTO: <span style=\"color: #ff0000;\"><em>Cien. d\u0101mas un God. kungi ! Ar\u012b mu\u013c\u0137\u012bba un idiotisms neatbr\u012bvo no atbild\u012bbas. \u0160in\u012b gad\u012bjum\u0101: genoc\u012bd\u0101 pret latvie\u0161u tautu.<span style=\"color: #0000ff;\">***<\/span><\/em><\/span><\/p>\n<p><span style=\"color: #008000;\">Kam tad kalpo <strong>Edv\u012bns \u0160nore<\/strong> un <strong>Ieva Brante<\/strong> ? Neviens ta\u010du neapgalvos, ka \u0161ie divi cilv\u0113ki ir pr\u0101t\u0101 v\u0101ji&#8230; .<\/span><\/p>\n<p><span style=\"color: #008000;\"> <\/span><\/p>\n<p><span style=\"color: #008000;\"> <\/span><\/p>\n<p><span style=\"color: #008000;\"> <\/span><\/p>\n<p><span style=\"color: #008000;\">Sadarboties ar laikrakstu <strong>DDD<\/strong>, kas veic atkl\u0101tu propagandu pret <strong>VL!,<\/strong> ir noziegums pret tautu.<\/span><\/p>\n<p><span style=\"color: #008000;\"> <\/span><\/p>\n<p><span style=\"color: #008000;\"> <\/span><\/p>\n<p><span style=\"color: #008000;\"> <\/span><\/p>\n<p><span style=\"color: #008000;\"><strong>LRTT<\/strong> daudzos rakstos ir aprakst\u012bjis <strong>A. Gardas <\/strong>noziedz\u012bgo darb\u012bbu. Tad secin\u0101jums ir tikai viens, <strong>Ieva<\/strong> <strong>Brante <\/strong>un <strong>Edv\u012bns<\/strong> <strong>\u0160nore <\/strong>ir no t\u0101 pa\u0161a <strong>j\u016bdasa klana<\/strong>, kuram pieder<strong> &#8220;las\u012bt\u0101ja&#8221;<\/strong> piemin\u0113tie latvie\u0161u tautas bendes.<\/span><\/p>\n<p><span style=\"color: #008000;\"> <\/span><\/p>\n<p><span style=\"color: #008000;\"> <\/span><\/p>\n<p><span style=\"color: #008000;\"> <\/span><\/p>\n<p><span style=\"color: #003300;\"><span style=\"color: #008000;\">S\u012bk\u0101k par visu \u0161o nodev\u0113ju klo\u0101ku \u0161eit:<\/span> <a href=\"http:\/\/tautastribunals.eu\/?p=19632\">http:\/\/tautastribunals.eu\/?p=19632<\/a><\/span><\/p>\n<p><span style=\"color: #003300;\"> <\/span><\/p>\n<p><span style=\"color: #0000ff;\">***<\/span> <em><span style=\"color: #008000;\"><span style=\"color: #0000ff;\"><strong>Ieva, <\/strong>m\u0113s visi redzam cik tu jauka esi, ar\u012b tavu &#8220;<strong>bag\u0101t\u012bbu<\/strong>&#8220;, bet k\u0101 politi\u0137ei Tev vajadz\u0113tu iev\u0113rot &#8220;<strong>eti\u0137eti<\/strong>&#8220;. M\u0113s(tauta) <strong>Tevi<\/strong> v\u0113rt\u0113jam p\u0113c darbiem, bet ne p\u0113c <strong>kr\u016b\u0161tura izm\u0113ra<\/strong>. Un v\u0113l, k\u0101p\u0113c Tu tik iztekti <strong>&#8220;danco&#8221; \u017e\u012bda Levita priek\u0161\u0101 <\/strong>? Tavs <strong>Gar\u012bgais potenci\u0101ls<\/strong> ir daudz liel\u0101ks. <strong>Levits<\/strong> ir <strong>&#8220;n\u0101cis&#8221;<\/strong> lai m\u016bs izn\u012bcin\u0101tu&#8230;, t\u0101pat k\u0101 <strong>Garda<\/strong> ar <strong>Lapinski<\/strong>, kuriem <span style=\"text-decoration: underline;\">pieder savi m\u0113diji<\/span>. Ja uztv\u0113ri \u0161eit rakst\u012bto k\u0101 apvainojumu, tad zini, ka esi vain\u012bga, bet ja k\u0101 v\u0113rt\u012bgu aizr\u0101d\u012bjumu, tad k\u0101 k\u013c\u016bd\u012b\u0161anos sav\u0101 politiskaj\u0101 darb\u012bb\u0101. <\/span><\/span><\/em><\/p>\n<p><em><span style=\"color: #008000;\"><span style=\"color: #0000ff;\">Beig\u0101s jau vienalga uzvar\u0113s<strong> Paties\u012bba<\/strong> ! <\/span><\/span><\/em><\/p>\n<p><em><span style=\"color: #008000;\"><span style=\"color: #0000ff;\">Jaut\u0101jums tikai ir upuru skait\u0101. Maz\u0101k k\u013c\u016bdas, vair\u0101k<strong> Patiesas drosmes<\/strong>= <span style=\"text-decoration: underline;\">maz\u0101k upuru<\/span>. M\u016bsu tautai upuru ir pietieko\u0161i, t\u0101p\u0113c b\u016bsim <strong>Patiesi<\/strong>, lai b\u016btu maz\u0101k nelaimes&#8230; .<\/span><br \/>\n<\/span><\/em><\/p>\n<p><span style=\"text-decoration: underline;\">========================================<\/span><\/p>\n<p><span style=\"color: #003300;\">Sveicin\u0101ti, <strong>Granti\u0146a kungs!<\/strong><\/span><\/p>\n<p><span style=\"color: #003300;\"> <\/span><\/p>\n<p><span style=\"color: #003300;\">Man ir da\u017eas lietas ko <strong>Jums <\/strong>past\u0101st\u012bt. V\u0113los, lai mans uzv\u0101rds b\u016btu anon\u012bms, ja kas.<\/span><\/p>\n<p><span style=\"color: #003300;\"> <\/span><\/p>\n<p><span style=\"color: #003300;\">P\u0113d\u0113j\u0101 laika <strong>SC<\/strong> aktivit\u0101tes ir tik nekaun\u012bgas, ka v\u0113l\u0113tos J\u016bs inform\u0113t par da\u017e\u0101m no t\u0101m.<\/span><\/p>\n<p><span style=\"color: #003300;\"> <\/span><\/p>\n<p><span style=\"color: #003300;\">Piem\u0113r\u0101m, par k\u0101du <strong>U\u0161akova uztic\u012bbas personu(KUCI) R\u012bgas<\/strong> <strong>Dom\u0113\u00a0 &#8211; Olgu Veidi\u0146u<\/strong> <em>(SC),<\/em> kura rupji un ciniski izteic\u0101s par neredz\u012bgu, god\u012bgu uz\u0146\u0113m\u0113ju, kur\u0161 interes\u0113j\u0101s par nodok\u013cu atvieglojumiem savas invalidit\u0101tes d\u0113\u013c.<\/span><\/p>\n<p><span style=\"color: #003300;\"> <\/span><\/p>\n<p><span style=\"color: #003300;\">\u0160eit links uz rakstu:<\/span><\/p>\n<p><span style=\"color: #003300;\"> <\/span><\/p>\n<p><span style=\"color: #003300;\"><a href=\"http:\/\/www.db.lv\/citas-zinas\/papildinata-ar-rd-komentaru-uznemejs-pateica-loti-skaidra-latviesu-valoda-ka-vinai-esot-pie-pakalas--427163\" target=\"_blank\">http:\/\/www.db.lv\/citas-zinas\/papildinata-ar-rd-komentaru-uznemejs-pateica-loti-skaidra-latviesu-valoda-ka-vinai-esot-pie-pakalas&#8211;427163<\/a><\/span><\/p>\n<p><span style=\"color: #003300;\"> <\/span><\/p>\n<p><span style=\"color: #003300;\">Ja varu pal\u016bgt, l\u016bdzu velt\u0101t k\u0101du no n\u0101kamajiem rakstiem par <strong>SC <\/strong>zag\u013cu, bl\u0113\u017eu un pretvalstisku [likvid\u0113jamu] elementu bandu. <strong>SC<\/strong> ir nekaun\u012bgi izlaup\u012bjusi <strong>R\u012bgu<\/strong>, sak\u016bd\u012bjusi viet\u0113j\u0101s minorit\u0101tes un visus savus sav\u0101r\u012btos s\u016bdus tais\u0101s novelt <strong>VL!<\/strong><\/span><\/p>\n<p><span style=\"color: #003300;\"> <\/span><\/p>\n<p><span style=\"color: #003300;\">Es j\u016btu, ka vadzis dr\u012bz l\u016bz\u012bs un <strong>SC<\/strong> pajuks &#8211; nok\u013c\u016bs aiz rest\u0113m vai tiks spiesti mukt uz savu <strong>Ra\u0161ku- Matu\u0161ku<\/strong>. Lai gan <strong>Vienot\u012bba <\/strong>nav nek\u0101di j\u0113ri\u0146i, bet ceru, ka viens \u013caunums saplos\u012bs citu. \u0160oreiz <strong>Vienot\u012bba<\/strong> saplos\u012bs <strong>SC<\/strong>.<\/span><\/p>\n<p><span style=\"color: #003300;\"> <\/span><\/p>\n<p><span style=\"color: #003300;\">Paldies Jums par p\u016bli\u0146iem <strong>Latvijas Republikas neatkar\u012bbas atg\u016b\u0161anai<\/strong>. Tas netikas aizmirsts<strong> <\/strong>!<\/span><\/p>\n<p><span style=\"color: #003300;\"> <\/span><\/p>\n<p><span style=\"color: #003300;\">Ar cie\u0146u!<\/span><\/p>\n<p><span style=\"color: #003300;\"> <\/span><\/p>\n<p><span style=\"color: #003300;\">LR pilsonis <em>(v\u0101rds uzv\u0101rds)<\/em><br \/>\n<\/span><\/p>\n<p><span style=\"color: #003300;\"> <\/span><\/p>\n<p><span style=\"color: #008000;\"><strong>LRTT<\/strong> atbild:<\/span><\/p>\n<p><span style=\"color: #008000;\"> <\/span><\/p>\n<p><span style=\"color: #008000;\"> <\/span><\/p>\n<p><span style=\"color: #008000;\"> <\/span><\/p>\n<p><span style=\"color: #008000;\">Neap\u0161aub\u0101mi ir tas, ka <strong>SC <\/strong>ir<strong> Maskavas<\/strong> kriev\u017e\u012bdisk\u0101 fili\u0101le <strong>Latvij\u0101<\/strong>, kura tiek vad\u012bta un kontrol\u0113ta no <strong>Latvijas DP.<\/strong><\/span><\/p>\n<p><span style=\"color: #008000;\"> <\/span><\/p>\n<p><span style=\"color: #008000;\"> <\/span><\/p>\n<p><span style=\"color: #008000;\"> <\/span><\/p>\n<p><span style=\"color: #008000;\"><img decoding=\"async\" loading=\"lazy\" class=\"alignleft size-full wp-image-25335\" title=\"Olga Veidi\u0146a, Urbanovi\u010ds, U\u0161akovs,\" src=\"http:\/\/tautastribunals.eu\/wp-content\/uploads\/2015\/02\/Olga-Veidi\u0146a-Urbanovi\u010ds-U\u0161akovs.PNG\" alt=\"Olga Veidi\u0146a, Urbanovi\u010ds, U\u0161akovs,\" width=\"150\" height=\"225\" srcset=\"https:\/\/tautastribunals.eu\/wp-content\/uploads\/2015\/02\/Olga-Veidi\u0146a-Urbanovi\u010ds-U\u0161akovs.PNG 413w, https:\/\/tautastribunals.eu\/wp-content\/uploads\/2015\/02\/Olga-Veidi\u0146a-Urbanovi\u010ds-U\u0161akovs-199x300.PNG 199w\" sizes=\"(max-width: 150px) 100vw, 150px\" \/>Pietiek tikai <strong>&#8220;uzmest aci&#8221;<\/strong> uz t\u0101du <strong>Olgu Veidi\u0146u<\/strong>, lai pateiktu, ka vi\u0146a pieder pie <strong>&#8220;izredz\u0113to&#8221; <\/strong>klana. Un, ja vi\u0146a v\u0113l pieder pie <strong>&#8220;saska\u0146istiem&#8221;,<\/strong> tad ir pieskait\u0101ma pie zv\u0113rcilv\u0113ku kreat\u016br\u0101m.\u00a0 <strong> <\/strong><\/span><\/p>\n<p><strong>FOTO<\/strong>: <span style=\"color: #ff0000;\"><em>\u0160alom, genosse O\u013cga ! <\/em><\/span><\/p>\n<p><span style=\"color: #ff0000;\"><em><span style=\"color: #0000ff;\">&#8220;Olga Veidi\u0146as kundze  pateica \u013coti skaidr\u0101 latvie\u0161u valod\u0101, ka vi\u0146ai esot pie paka\u013cas tie mani   nodok\u013ci.&#8221;<\/span> J\u0101, <strong>O\u013cga Abramovna<\/strong>, tas ir &#8220;<strong>t\u012brs<\/strong>&#8221; <strong>ASM<\/strong>, jo skaidr\u0101k vairs izteikties nevar, kas nor\u0101d\u012btu uz genoc\u012bdu pret latvie\u0161iem.<br \/>\n<\/em><\/span><\/p>\n<p><span style=\"color: #008000;\"><strong>Nils U\u0161akovs<\/strong> ir \u017e\u012bds no <strong>&#8220;m\u0101mi\u0146as&#8221;<\/strong> puses, t\u0101tad, vi\u0146a politisk\u0101 orient\u0101cija ir <strong>atilatviska<\/strong>. <\/span><\/p>\n<p><span style=\"color: #008000;\">To pier\u0101da vi\u0146a uzst\u0101\u0161an\u0101s pret latvie\u0161u valodu.<\/span><\/p>\n<p><span style=\"color: #008000;\"> <\/span><\/p>\n<p><span style=\"color: #008000;\"> <\/span><\/p>\n<p><span style=\"color: #008000;\"> <\/span><\/p>\n<p><span style=\"color: #008000;\">\u0160\u012bs partijas f\u012brers <strong>Ja\u0146is Urbanovi\u010d <\/strong>ir <strong>Latgales<\/strong> izcelsmes jebrejs<em>(miljon\u0101rs)<\/em> ar krimin\u0101lu izcelsmi. <strong>Latgales<\/strong> mafijas <strong>&#8220;jumts&#8221;-<\/strong> slepkava- un <strong><span style=\"text-decoration: underline;\">valsts izzadz\u0113js milzu apjomos<\/span><\/strong>.<\/span><\/p>\n<p><span style=\"color: #008000;\">To, ka visi \u0161ie noziedznieki tiks ties\u0101ti, \u0161aubu nav.<\/span><\/p>\n<h2><span style=\"color: #008000;\">Tas ir vien\u012bgi laika jaut\u0101jums !!!<br \/>\n<\/span><\/h2>\n<p><span style=\"color: #008000;\">LRTT\u00a0\u00a0 09.02.15.<br \/>\n<\/span><\/p>\n","protected":false},"excerpt":{"rendered":"<p>Las\u012bt\u0101js(mums jau zin\u0101mais). Vai Latvij\u0101 p\u0113c Padomju okup\u0101cijas nokrat\u012b\u0161anas ir nokrat\u012bti kolaboranti? Vai par VDK a\u0123entu un informatoru pastr\u0101d\u0101to pret Latvijas cilv\u0113kiem klus\u0113t, noliegt, attaisnot un aizvainojo\u0161i ap\u0161aub\u012bt ir pie\u0146emami un \u0161\u0137ietami hum\u0101ni? N\u0113,&#46;&#46;&#46;<\/p>\n","protected":false},"author":1,"featured_media":0,"comment_status":"open","ping_status":"open","sticky":false,"template":"","format":"standard","meta":[],"categories":[1],"tags":[],"_links":{"self":[{"href":"https:\/\/tautastribunals.eu\/index.php?rest_route=\/wp\/v2\/posts\/25330"}],"collection":[{"href":"https:\/\/tautastribunals.eu\/index.php?rest_route=\/wp\/v2\/posts"}],"about":[{"href":"https:\/\/tautastribunals.eu\/index.php?rest_route=\/wp\/v2\/types\/post"}],"author":[{"embeddable":true,"href":"https:\/\/tautastribunals.eu\/index.php?rest_route=\/wp\/v2\/users\/1"}],"replies":[{"embeddable":true,"href":"https:\/\/tautastribunals.eu\/index.php?rest_route=%2Fwp%2Fv2%2Fcomments&post=25330"}],"version-history":[{"count":35,"href":"https:\/\/tautastribunals.eu\/index.php?rest_route=\/wp\/v2\/posts\/25330\/revisions"}],"predecessor-version":[{"id":25379,"href":"https:\/\/tautastribunals.eu\/index.php?rest_route=\/wp\/v2\/posts\/25330\/revisions\/25379"}],"wp:attachment":[{"href":"https:\/\/tautastribunals.eu\/index.php?rest_route=%2Fwp%2Fv2%2Fmedia&parent=25330"}],"wp:term":[{"taxonomy":"category","embeddable":true,"href":"https:\/\/tautastribunals.eu\/index.php?rest_route=%2Fwp%2Fv2%2Fcategories&post=25330"},{"taxonomy":"post_tag","embeddable":true,"href":"https:\/\/tautastribunals.eu\/index.php?rest_route=%2Fwp%2Fv2%2Ftags&post=25330"}],"curies":[{"name":"wp","href":"https:\/\/api.w.org\/{rel}","templated":true}]}}