{"id":2502,"date":"2010-08-29T17:44:25","date_gmt":"2010-08-29T14:44:25","guid":{"rendered":"http:\/\/tautastribunals.eu\/?p=2502"},"modified":"2010-08-29T18:04:50","modified_gmt":"2010-08-29T15:04:50","slug":"ari-m-ruks-par-cekas-maisu-publiskosanu","status":"publish","type":"post","link":"https:\/\/tautastribunals.eu\/?p=2502","title":{"rendered":"Ar\u012b M. Ruks ir par \u010dekas maisu publisko\u0161anu !"},"content":{"rendered":"<p><span style=\"color: #333399\"><img decoding=\"async\" loading=\"lazy\" class=\"alignleft size-full wp-image-2503\" src=\"http:\/\/tautastribunals.eu\/wp-content\/uploads\/2010\/08\/M\u0101ris-Ruks.jpg\" alt=\"M\u0101ris Ruks\" width=\"148\" height=\"196\" \/>Pamatoti sabiedr\u012bb\u0101 ik pa laikam uzvirmo ar <strong>\u010dekas maisu<\/strong> saturu saist\u012btas zi\u0146as. \u012apa\u0161i pirms k\u0101rt\u0113j\u0101m Saeimas v\u0113l\u0113\u0161an\u0101m pazib it k\u0101 \u012bss atkl\u0101smes br\u012bdis \u2013 v\u0113lme iel\u016bkoties aiz t\u0101m dzelzs durv\u012bm, kas, joproj\u0101m apsarg\u0101tas, aizsedz m\u016bsu kop\u012bgo v\u0113sturi.<\/span><\/p>\n<p><span style=\"color: #333399\">Pirms dien\u0101m Valsts prezidents <strong>V. Zatlers<\/strong> n\u0101ca klaj\u0101 ar nor\u0101d\u012bjumu, ka, vi\u0146apr\u0101t, maisu, respekt\u012bvi, <strong>VDK<\/strong> kartot\u0113kas, saturu nevajagot atkl\u0101t, pr\u0101tojot, ka esot p\u0101r\u0101k ilgs laiks pag\u0101jis. Laikam ta\u010du, lai pasp\u0113tu aizmirst par<strong> PSRS<\/strong> liel\u0101ko repres\u012bvo apar\u0101tu un t\u0101 vistie\u0161\u0101ko saist\u012bbu ar m\u016bsu valsti.<\/span><\/p>\n<p><span style=\"color: #333399\">K\u0101p\u0113c t\u0101da attieksme pret \u0161o \u013coti svar\u012bgo jaut\u0101jumu gan no v\u0113sturisk\u0101, gan no mor\u0101l\u0101 un sabiedr\u012bbas god\u012bguma viedok\u013ca?<\/span><\/p>\n<p><span style=\"color: #333399\">Jau savulaik <strong>Saeima <\/strong>vair\u0101kk\u0101rt nol\u0113ma beidzot atkl\u0101ti publiskot \u010dekas maisu saturu, bet <strong>V. V\u012b\u0137e-Freiberga, <\/strong>izmantojot savas prezidenta pilnvaras, to noliedza, izvirzot argumentus, kurus, kop\u0101 liekot, izn\u0101k, ka latvie\u0161u sabiedr\u012bba tiek uzskat\u012bta par b\u0113rnud\u0101rza l\u012bmen\u012b snaudo\u0161u. T\u0101 gan ir gau\u017e\u0101m d\u012bvaina r\u012bc\u012bba, kas t\u0101l\u0101k ir izrais\u012bjusi sarkastisku atbild\u012bgo amatpersonu klus\u0113\u0161anu ar ik pa laikam izmestiem kompromatiem, \u012bpa\u0161i priek\u0161v\u0113l\u0113\u0161anu sacens\u012bb\u0101s. Turkl\u0101t ar\u012b lielas sabiedr\u012bbas da\u013cas pamatotas ba\u017eas par demokr\u0101tijas l\u012bmeni m\u016bsu valst\u012b un to, k\u0101 \u012bsti intereses tiek tik akt\u012bvi aizsarg\u0101tas un lob\u0113tas. <strong>Krievij\u0101<\/strong> jau gadiem<strong> Krem\u013ca<\/strong> autorit\u0101raj\u0101 valsts apar\u0101t\u0101 un \u0101rpus \u0161\u012bs valsts robe\u017e\u0101m kop\u0161 <strong>Putina<\/strong> prezident\u016bras laika tiek nopietni uzsv\u0113rts savdab\u012bgais \u010dekistu br\u0101l\u012bbas j\u0113dziens. Jau gadiem ar\u012b m\u016bsu valsts politi\u0137us akt\u012bvi cen\u0161as ietekm\u0113t \u013caudis, kas v\u0113las manipul\u0113t gan ar cilv\u0113kiem, gan sabiedr\u012bbu kopum\u0101.<\/span><\/p>\n<p><span style=\"color: #333399\"><strong><img decoding=\"async\" loading=\"lazy\" class=\"alignleft size-full wp-image-2504\" src=\"http:\/\/tautastribunals.eu\/wp-content\/uploads\/2010\/08\/T\u0101da-izskat\u0101s-NODEV\u012aBA.jpg\" alt=\"T\u0101da izskat\u0101s NODEV\u012aBA\" width=\"123\" height=\"129\" \/>Latvijas Satversmes,<\/strong> kas ir augst\u0101ka par atsevi\u0161\u0137iem likumiem,<strong><span style=\"color: #ff0000\"> 100. pants nosaka &#8220;ties\u012bbas br\u012bvi ieg\u016bt, patur\u0113t un izplat\u012bt inform\u0101ciju&#8221;, <\/span><\/strong>ar ierobe\u017eojumiem <strong>116.<\/strong> pant\u0101 saprotot vien citu cilv\u0113ku ties\u012bbas, demokr\u0101tisko valsts iek\u0101rtu, sabiedr\u012bbas dro\u0161\u012bbu, labkl\u0101j\u012bbu un tikum\u012bbu. Turkl\u0101t ne <strong>Saeima, <\/strong>ne<strong> Ministru<\/strong> kabinets \u0161o inform\u0101ciju nav noteicis par t\u0101du, kas b\u016btu j\u0101aizsarg\u0101 atbilsto\u0161i m\u016bsu valsts sabiedriskajai dro\u0161\u012bbai, jo jau <strong>1991.<\/strong> gad\u0101<strong> VDK<\/strong> tika ofici\u0101li atz\u012bta par noziedz\u012bgu un t\u0101du, kas v\u0113rsta pret m\u016bsu tautas interes\u0113m.<\/span><\/p>\n<p><span style=\"color: #333399\"><strong><span style=\"color: #000000\">Foto:<\/span><\/strong><em><span style=\"color: #993300\"> T\u0101da izskat\u0101s personific\u0113jusies <strong>NODEV\u012aBA <\/strong>!<\/span><\/em><\/span><\/p>\n<p><span style=\"color: #333399\">Bez \u0161aub\u0101m, zi\u0146ot\u0101ji bija da\u017e\u0101di. Katra cilv\u0113ka darb\u012bba un godapr\u0101ts, piem\u0113ram, neatkar\u012bg\u0101s valsts gados, ar\u012b ir liela m\u0113raukla, un sabiedr\u012bbas zi\u0146\u0101 ir izv\u0113rt\u0113t katru konkr\u0113tu gad\u012bjumu.<\/span><\/p>\n<p><span style=\"color: #333399\">L\u012bdz \u0161im vien\u012bgais, kur\u0161 iek\u013cauts \u010dekas kartot\u0113k\u0101 un god\u012bgi, publiski nosod\u012bjis savu sadarb\u012bbu ar <strong>VDK,<\/strong> ir <strong>Georgs Andrejevs.<\/strong> P\u0101r\u0113jie izvair\u012bgi klus\u0113ju\u0161i, da\u013ca t\u0113lojusi izbr\u012bnu, da\u017eiem varb\u016bt tas atsvaidzin\u0101jis atmi\u0146u, lai rosin\u0101tu tom\u0113r kaut ko daudz vair\u0101k \u0161obr\u012bd dar\u012bt <strong>Latvijas <\/strong>un latvie\u0161u tautas labad. J\u0101cer, ka ir ar\u012b t\u0101di cilv\u0113ki. Un k\u0101p\u0113c tad lai \u0161ie da\u017ei \u013caudis tagad raiz\u0113tos par savu v\u0101rdu publisko\u0161anu, ka reiz ir biju\u0161i <strong>VDK<\/strong> zi\u0146ot\u0101ju sarakst\u0101? \u012asts god\u012bgums pret sevi ta\u010du noz\u012bm\u0113 ar\u012b god\u012bgumu pret sabiedr\u012bbu.======================================================== <span style=\"color: #008000\"><strong>LRTT var tikai piebilst, ka\u00a0prasot p\u0113c \u010dekas maisu satura publisko\u0161anas, M\u0101ris Ruks savu ienaidnieku skaitu ir desmitk\u0101r\u0161ojis !!! <\/strong><\/span><\/span><\/p>\n<p><span style=\"color: #333399\"><span style=\"color: #008000\"><strong><span style=\"color: #800000\">Paldies M\u0101rim Rukam par drosmi !<\/span><\/strong><\/span><\/span><\/p>\n<p><span style=\"color: #333399\"><span style=\"color: #008000\"><span style=\"color: #000000\"><em>29.08.2010<\/em><\/span><\/span><\/span><\/p>\n<p><span style=\"color: #333399\">\u00a0<\/span><\/p>\n","protected":false},"excerpt":{"rendered":"<p>Pamatoti sabiedr\u012bb\u0101 ik pa laikam uzvirmo ar \u010dekas maisu saturu saist\u012btas zi\u0146as. \u012apa\u0161i pirms k\u0101rt\u0113j\u0101m Saeimas v\u0113l\u0113\u0161an\u0101m pazib it k\u0101 \u012bss atkl\u0101smes br\u012bdis \u2013 v\u0113lme iel\u016bkoties aiz t\u0101m dzelzs durv\u012bm, kas, joproj\u0101m apsarg\u0101tas, aizsedz&#46;&#46;&#46;<\/p>\n","protected":false},"author":6,"featured_media":0,"comment_status":"open","ping_status":"open","sticky":false,"template":"","format":"standard","meta":[],"categories":[1],"tags":[],"_links":{"self":[{"href":"https:\/\/tautastribunals.eu\/index.php?rest_route=\/wp\/v2\/posts\/2502"}],"collection":[{"href":"https:\/\/tautastribunals.eu\/index.php?rest_route=\/wp\/v2\/posts"}],"about":[{"href":"https:\/\/tautastribunals.eu\/index.php?rest_route=\/wp\/v2\/types\/post"}],"author":[{"embeddable":true,"href":"https:\/\/tautastribunals.eu\/index.php?rest_route=\/wp\/v2\/users\/6"}],"replies":[{"embeddable":true,"href":"https:\/\/tautastribunals.eu\/index.php?rest_route=%2Fwp%2Fv2%2Fcomments&post=2502"}],"version-history":[{"count":6,"href":"https:\/\/tautastribunals.eu\/index.php?rest_route=\/wp\/v2\/posts\/2502\/revisions"}],"predecessor-version":[{"id":2510,"href":"https:\/\/tautastribunals.eu\/index.php?rest_route=\/wp\/v2\/posts\/2502\/revisions\/2510"}],"wp:attachment":[{"href":"https:\/\/tautastribunals.eu\/index.php?rest_route=%2Fwp%2Fv2%2Fmedia&parent=2502"}],"wp:term":[{"taxonomy":"category","embeddable":true,"href":"https:\/\/tautastribunals.eu\/index.php?rest_route=%2Fwp%2Fv2%2Fcategories&post=2502"},{"taxonomy":"post_tag","embeddable":true,"href":"https:\/\/tautastribunals.eu\/index.php?rest_route=%2Fwp%2Fv2%2Ftags&post=2502"}],"curies":[{"name":"wp","href":"https:\/\/api.w.org\/{rel}","templated":true}]}}