{"id":24881,"date":"2015-01-16T06:54:55","date_gmt":"2015-01-16T04:54:55","guid":{"rendered":"http:\/\/tautastribunals.eu\/?p=24881"},"modified":"2015-01-16T06:54:55","modified_gmt":"2015-01-16T04:54:55","slug":"bez-grutupa-bus-gruti-apturet-zidu-nelietibu","status":"publish","type":"post","link":"https:\/\/tautastribunals.eu\/?p=24881","title":{"rendered":"Bez Gr\u016btupa b\u016bs gr\u016bti aptur\u0113t \u017e\u012bdu neliet\u012bbu"},"content":{"rendered":"<p><span style=\"color: #0000ff;\"><a href=\"http:\/\/www.pietiek.com\/raksti\/saeima_drizuma_virzis_ipasu_likumu_ebreju_kopienas_ipasumu_restitucijai_r_n\/komentari\">http:\/\/www.pietiek.com\/raksti\/saeima_drizuma_virzis_ipasu_likumu_ebreju_kopienas_ipasumu_restitucijai_r_n\/komentari<\/a><\/span><\/p>\n<p><span style=\"color: #0000ff;\"> <\/span><\/p>\n<p><span style=\"color: #0000ff;\"><strong> \u201e\u0100rlietu ministrij\u0101 (\u0100M) vismaz kop\u0161 rudens tiek paklus\u0101m gatavots un dr\u012bzum\u0101 Saeim\u0101 var\u0113tu tikt virz\u012bts \u012bpa\u0161s likumprojekts atsevi\u0161\u0137u ebreju kopienai pirms Otr\u0101 pasaules kara pieder\u0113ju\u0161u, bet denacionaliz\u0101cijas laik\u0101 neatg\u016btu nekustamo \u012bpa\u0161umu restit\u016bcijai\u201c<\/strong><em><strong>. <\/strong><\/em><em> <\/em><\/span><\/p>\n<p><span style=\"color: #0000ff;\"> <\/span><\/p>\n<p><span style=\"color: #0000ff;\"><span style=\"text-decoration: underline;\">============================================================================<\/span><\/span><\/p>\n<h2><span style=\"color: #008000;\">Lai ar\u012b k\u0101ds bija A. Gr\u016btups, bet \u017e\u012bdus vi\u0146\u0161 &#8220;nolika pie vietas&#8221;.<\/span><\/h2>\n<p><span style=\"color: #003300;\"><img decoding=\"async\" loading=\"lazy\" class=\"alignleft size-full wp-image-24889\" title=\"www.tautastribunals.eu-12\" src=\"http:\/\/tautastribunals.eu\/wp-content\/uploads\/2015\/01\/www.tautastribunals.eu-122.png\" alt=\"www.tautastribunals.eu-12\" width=\"635\" height=\"89\" srcset=\"https:\/\/tautastribunals.eu\/wp-content\/uploads\/2015\/01\/www.tautastribunals.eu-122.png 950w, https:\/\/tautastribunals.eu\/wp-content\/uploads\/2015\/01\/www.tautastribunals.eu-122-300x42.png 300w, https:\/\/tautastribunals.eu\/wp-content\/uploads\/2015\/01\/www.tautastribunals.eu-122-800x112.png 800w\" sizes=\"(max-width: 635px) 100vw, 635px\" \/>Kas tad vada <strong>\u0100rlietu ministriju<\/strong> un<em>(pats galvenais)<\/em>, kas ir pilnvarojis \u0161o <strong>\u201eiest\u0101di\u201d <\/strong>izstr\u0101d\u0101t un <strong>\u201eb\u012bd\u012bt\u201d<\/strong> \u0161o <strong>\u201e\u012bpa\u0161o\u201d<\/strong> likumprojektu ?<\/span><\/p>\n<p><span style=\"color: #003300;\"> <\/span><\/p>\n<p><span style=\"color: #003300;\">\u0160o iest\u0101di vada<em>(protams, ka nevada)<\/em> viens no\u017e\u0113lojami amor\u0101ls tips- pederasts un nelatvietis <strong>Rink\u0113vi\u010ds<\/strong>.<\/span><\/p>\n<p><span style=\"color: #003300;\"> <\/span><\/p>\n<h2><span style=\"color: #003300;\">Latvijas kauna traips !<\/span><\/h2>\n<p><span style=\"color: #003300;\"> <\/span><\/p>\n<p><span style=\"color: #003300;\">T\u0101tad,- <strong>k\u0101 pederasts<\/strong> vi\u0146\u0161 ir <strong>mor\u0101ls kroplis<\/strong><em>(inval\u012bds)<\/em> un k\u0101 nelatvietis- <strong>nacion\u0101ls kroplis<\/strong><em>(inval\u012bds)<\/em>, kuram nekad neb\u016bs priorit\u0101ras latvie\u0161u tautas nacion\u0101l\u0101s intereses. Dom\u0101ju, ka par \u0161o <strong>\u201edefin\u0113jumu\u201d<em> <\/em><\/strong><em>(sadz\u012bves un liter\u0101r\u0101 valod\u0101)<\/em> vi\u0146\u0161 neapvainosies.<\/span><\/p>\n<p><span style=\"color: #003300;\"> <\/span><\/p>\n<p><span style=\"color: #003300;\">\u0160is <strong>nacion\u0101l-paraz\u012bts<span style=\"color: #ff0000;\">*<\/span> <\/strong>aizst\u0101v\u0113s to intereses, kuri sola tam izdev\u012bg\u0101kus noteikumus politiskaj\u0101 ar\u0113n\u0101.<\/span><\/p>\n<p><span style=\"color: #003300;\"> <\/span><\/p>\n<p><span style=\"color: #003300;\"><strong>\u0100.M.<\/strong> atbalsta cilv\u0113ces v\u0113stur\u0113 \u00a0asi\u0146ain\u0101ko tautu p\u0101rst\u0101vjus, <strong>krievus <\/strong>un <strong>\u017e\u012bdus,<\/strong> kuriem ir savas valstis !!!<\/span><\/p>\n<p><span style=\"color: #003300;\"> <\/span><\/p>\n<h2><span style=\"color: #003300;\">Tas ir kas neredz\u0113ts, kop\u0161 past\u0101v cilv\u0113ce !<\/span><\/h2>\n<p><span style=\"color: #003300;\"> <\/span><\/p>\n<p><span style=\"color: #003300;\"><img decoding=\"async\" loading=\"lazy\" class=\"alignleft size-full wp-image-24905\" title=\"Guntis Indriksons, Andris Gr\u016btups, Veidemane, LRTT\" src=\"http:\/\/tautastribunals.eu\/wp-content\/uploads\/2015\/01\/Guntis-Indriksons-Andris-Gr\u016btups-Veidemane-LRTT1.PNG\" alt=\"Guntis Indriksons, Andris Gr\u016btups, Veidemane, LRTT\" width=\"373\" height=\"190\" srcset=\"https:\/\/tautastribunals.eu\/wp-content\/uploads\/2015\/01\/Guntis-Indriksons-Andris-Gr\u016btups-Veidemane-LRTT1.PNG 722w, https:\/\/tautastribunals.eu\/wp-content\/uploads\/2015\/01\/Guntis-Indriksons-Andris-Gr\u016btups-Veidemane-LRTT1-300x153.PNG 300w\" sizes=\"(max-width: 373px) 100vw, 373px\" \/>Tas viennoz\u012bm\u012bgi d\u0113v\u0113jas par genoc\u012bdu, kas v\u0113rsts pret latvie\u0161iem. Runa \u0161aj\u0101 gad\u012bjum\u0101 ir par kriev\u017e\u012bdiskajiem elementiem, kuri <strong>Latvij\u0101 atrodas prettiesiski<\/strong> un kuriem nav nek\u0101ds sakars ar pirmskara ebreju \u012bpa\u0161umiem.<\/span><\/p>\n<p><span style=\"color: #003300;\"> <\/span><\/p>\n<p><span style=\"color: #003300;\">Par vi\u0146u noziedz\u012bgaj\u0101m darb\u012bb\u0101m atkl\u0101ti run\u0101ja <strong>A. Gr\u016btups<\/strong>. \u0160is cilv\u0113ks vairs nav un kriev\u017e\u012bdi atkal ar jaunu sparu dodas uzbrukum\u0101.<\/span><\/p>\n<p><span style=\"color: #003300;\"> <\/span><\/p>\n<p><span style=\"color: #003300;\">\u0160\u012b tauta sevi ir par\u0101d\u012bjusi k\u0101 \u013caunuma iemiesojumu, kura sp\u0113j\u012bga dz\u012bvot tikai no salaup\u012bt\u0101. Bez laup\u012b\u0161anas, naida un slepkavo\u0161anas t\u0101 nesp\u0113j past\u0101v\u0113t. Par vi\u0146u \u013caunumu rakst\u012bts jau kop\u0161 aizv\u0113sturiskajiem laikiem un \u00a0l\u012bdz 2015.g. 15. janv\u0101rim. S\u0101kot no <strong>\u0112\u0123iptes<\/strong> izlaup\u012b\u0161anas,<strong> Mozus<\/strong> un <strong>Kristus<\/strong> noslepkavo\u0161anu, latvie\u0161u slepkavo\u0161anu p\u0113c okup\u0101cijas, palest\u012bnie\u0161u slepkavo\u0161anu, p\u0113c<strong>Atmodas<\/strong> tot\u0101lu <strong>Latvijas<\/strong> izlaup\u012b\u0161anu&#8230; .<\/span><\/p>\n<p><span style=\"color: #003300;\"> <\/span><\/p>\n<p><span style=\"color: #003300;\">Vai ir k\u0101ds dzird\u0113jis ko labu par \u0161o tautu ?<\/span><\/p>\n<p><span style=\"color: #003300;\"> <\/span><\/p>\n<p><span style=\"color: #003300;\">Meli un k\u016bd\u012b\u0161ana, tas ir vien\u012bgais, kas n\u0101k no \u0161o ne\u0123\u0113\u013cu mut\u0113m.<\/span><\/p>\n<p><span style=\"color: #003300;\"> <\/span><\/p>\n<p><span style=\"color: #003300;\">Kas tas bija, ko <strong>Andris Gr\u016btups<\/strong> tik \u013coti grib\u0113ja pateikt pirms n\u0101ves latvie\u0161iem ?<\/span><\/p>\n<p><span style=\"color: #003300;\"> <\/span><\/p>\n<p><span style=\"color: #003300;\">J\u0101, latviet, tas bija kaut kas, kas saist\u012bts ar \u017e\u012bdiem, jo tie\u0161i vi\u0146i ir tie, kuri veic <strong>Latvijas demont\u0101\u017eu<\/strong> un <strong>izn\u012bcina m\u016bs k\u0101 tautu<\/strong>. Tie nav <strong>Rietumu \u017e\u012bdi<\/strong>, bet gan kriev\u017e\u012bdi ar <strong>Krieviju<\/strong> un <strong>Izra\u0113lu <\/strong>priek\u0161gal\u0101. <strong>Gr\u016btups <\/strong>v\u0113l\u0113j\u0101s \u0161o \u013coti svar\u012bgo <strong>LIETU<\/strong> priek\u0161 latvie\u0161u tautas, pirms aizirt no \u0161\u012bs pasales, uztic\u0113t <strong>Elitai Veidemanei<\/strong>, neapj\u0113dzot, ka vi\u0146a ir vis\u012bst\u0101k\u0101 <strong>kriev\u017e\u012bdu \u010dekas darbone<\/strong>.<\/span><\/p>\n<p><span style=\"color: #003300;\"> <\/span><\/p>\n<p><span style=\"color: #003300;\">Vai <strong>Gr\u016btups <\/strong>nezin\u0101ja, ka \u010dekas virsnieks <strong>Guntis Indriksons<\/strong><em>(KGB 5.noda\u013cas vad\u012bt\u0101js, kas nodarbojas ar nev\u0113lamo elementu likvid\u0113\u0161anu)<\/em> ir<strong> E. Veidemanes<\/strong> pazi\u0146a,<strong> \u201eVDK kantora\u201d <\/strong>kol\u0113\u0123is un ar\u012b<strong> \u201edr\u0101z\u0113js\u201d<\/strong>?<\/span><\/p>\n<p><span style=\"color: #003300;\"> <\/span><\/p>\n<p><span style=\"color: #003300;\">Iesp\u0113jams, ka nezin\u0101ja&#8230; .<\/span><\/p>\n<p><span style=\"color: #003300;\"> <\/span><\/p>\n<p><span style=\"color: #003300;\">Neap\u0161aub\u0101mi, ko zin\u0101ja <strong>Veidemane<\/strong>, to ar\u012b uzzin\u0101ja<strong> Indriksons<\/strong> un viss p\u0101r\u0113jais kriev\u017e\u012bdiskais <strong>KGB<\/strong>istu kantoris. Tik\u0161an\u0101s, lai ierakst\u012btu svar\u012bgo zi\u0146u priek\u0161 latvie\u0161u tautas, tika organiz\u0113ta, bet latvie\u0161iem dom\u0101t\u0101 <strong>zi\u0146a<\/strong> tika <strong>\u201eno\u0161auta\u201d <\/strong>kop\u0101 ar pa\u0161u <strong>Gr\u016btupu<\/strong>.<\/span><\/p>\n<p><span style=\"color: #003300;\"> <\/span><\/p>\n<p><span style=\"color: #003300;\">Nu neizdar\u012bja vi\u0146\u0161 pa\u0161n\u0101v\u012bbu, pirms netika izpild\u012bjis sol\u012bjumu !<\/span><\/p>\n<p><span style=\"color: #003300;\"> <\/span><\/p>\n<p><span style=\"color: #003300;\">Un nav dzird\u0113ts- piedz\u012bvots pasaules v\u0113stur\u0113 t\u0101ds pa\u0161n\u0101vnieks, kur\u0161 atvad\u0101s no dz\u012bves ar \u0161\u0101vienu v\u0113der\u0101 un kr\u016bt\u012bs.<\/span><\/p>\n<p><span style=\"color: #003300;\"> <\/span><\/p>\n<p><span style=\"color: #003300;\"><strong>Andris Gr\u016btups<\/strong> bija \u017e\u012bdiem k\u0101 <strong>\u201eba\u013c\u0137is ac\u012b\u201d, <\/strong>jo k\u0101 <span style=\"text-decoration: underline;\">jurists un v\u0113sturnieks piln\u012bb\u0101 atmaskoja<\/span> \u0161os s\u0101taniskos izdzimumus. Pasac\u012bt un dokument\u0101li pier\u0101d\u012bt to, ka neviens latvietis nevienu \u017e\u012bdu nav no\u0161\u0101vis un, ka padomju <span style=\"text-decoration: underline;\">jebrejiem <\/span>nav nek\u0101das ties\u012bbas uz <strong><span style=\"text-decoration: underline;\">Latvijas<\/span><\/strong><span style=\"text-decoration: underline;\"> laika<\/span> <strong>\u017e\u012bdu<\/strong> \u012bpa\u0161umiem, bija <strong>jebrej- \u017e\u012bdiem <\/strong>sp\u0113riens tie\u0161i pa vi\u0146u asi\u0146ainajiem <strong>vamp\u012bru ilk\u0146iem<\/strong>.<\/span><\/p>\n<p><span style=\"color: #003300;\"> <\/span><\/p>\n<p><span style=\"color: #003300;\">Bija j\u0101s\u0101k atkal visa pretlatvisk\u0101 propaganda no gala. Atkal un atkal j\u0101apliecina, ka latvie\u0161i ir biju\u0161i nelie\u0161i un slepkavas. Pirmais par upuri krita <strong>M. Ruks<\/strong>, liekot vi\u0146am<span style=\"text-decoration: underline;\"> uzdzejot murgojumu <\/span>par latvie\u0161iem k\u0101 \u017e\u012bdu \u0161\u0101v\u0113jiem ar <strong>Viktoru Ar\u0101ju<\/strong> priek\u0161gal\u0101. Tad tika p\u0101rbied\u0113ta k\u0101da <strong>Liep\u0101jas<\/strong> dzejniece <strong>Andra Manfelde,<\/strong> kura bija ap\u0146\u0113musies sarakst\u012bt v\u0101rdus <strong><em>mj\u016bziklam<\/em><\/strong> par <strong>H. Cukuru<\/strong> ! Tad v\u0113l, piln\u012bgi bez iemesla, k\u0101di <strong>\u201e\u010dekas maisu v\u0113tnieki\u201d- K\u0101rlis Kangeris <\/strong>un <strong>Uldis Neiburgs<\/strong>, uzskribel\u0113 no tenk\u0101m sast\u0101d\u012btu murgu par <strong>Herbertu Cukuru<\/strong> !<\/span><\/p>\n<p><span style=\"color: #003300;\"> <\/span><\/p>\n<p><span style=\"color: #003300;\">Visa \u0161\u012b \u017e\u012bdu noziedz\u012bg\u0101 darb\u012bba nav tend\u0113ta tik daudz uz naudu, k\u0101 uz<strong> <span style=\"text-decoration: underline;\">v\u0113sturiski tiesisk\u0101m ties\u012bb\u0101m: <\/span><\/strong>ties\u012bb\u0101m uz <strong><span style=\"text-decoration: underline;\">m\u016bsu zemi<\/span><\/strong>.<\/span><\/p>\n<p><span style=\"color: #003300;\"> <\/span><\/p>\n<h2><span style=\"color: #003300;\">Neatdosim, latviet, \u0161iem vamp\u012briem savu T\u0113vzemi !<\/span><\/h2>\n<p><span style=\"color: #003300;\"> <\/span><\/p>\n<p><span style=\"color: #003300;\">T\u0101p\u0113c tie deput\u0101ti, kuri atbalst\u012bs \u0161o \u017e\u012bdu noziedz\u012bgo pras\u012bbu, ir j\u0101uzskata par noziedzniekiem pret cilv\u0113ci.<\/span><\/p>\n<p><span style=\"color: #003300;\"><span style=\"color: #003300;\">Vi\u0146i j\u0101defin\u0113 k\u0101 latvie\u0161u tautas ienaidnieki, k\u0101di vi\u0146i nep\u0101rprotami ar\u012b ir !<\/span><\/span><\/p>\n<p><span style=\"color: #003300;\"> <\/span><\/p>\n<p><span style=\"color: #003300;\">Visa \u0161\u012b kriev\u017e\u012bdu bandas darb\u012bba ir \u013coti sazarota. Vi\u0146i, k\u0101 pret\u012bgas g\u013cotas, salien vis\u0101s iesp\u0113jam\u0101s \u0161\u0137irb\u0101s un sagrauj jebkuru vesel\u012bgu sabiedr\u012bbu.<\/span><\/p>\n<p><span style=\"color: #003300;\"> <\/span><\/p>\n<p><span style=\"color: #003300;\">Nedz krievi, nedz ar\u012b \u017e\u012bdi nav <strong>rad\u012bt\u0101jtautas<\/strong>, bet <strong>paraz\u012bttautas<\/strong>.<\/span><\/p>\n<p><span style=\"color: #003300;\"> <\/span><\/p>\n<p><span style=\"color: #003300;\"><strong>Putina kriev\u017e\u012bdisms<\/strong> nav tikai <strong>Latvijas<\/strong> un <strong>latvie\u0161u tautas<\/strong>, bet gan visas cilv\u0113ces probl\u0113ma.<\/span><\/p>\n<p><span style=\"color: #003300;\"> <\/span><\/p>\n<p><span style=\"color: #003300;\">Redziet, \u0161o probl\u0113mu nevar apskat\u012bt no \u0161aura <strong>\u201e\u012bpa\u0161uma\u201d<\/strong> viedok\u013ca puses. Lai to apj\u0113gtu, izn\u0101ca pieskarties glob\u0101l\u0101m liet\u0101m.<\/span><\/p>\n<p><span style=\"color: #003300;\"> <\/span><\/p>\n<h2><span style=\"color: #003300;\">Dievs, dodi katram p\u0113c vi\u0146a darbiem !!!<\/span><\/h2>\n<p><span style=\"color: #003300;\">15.01.15.\u00a0\u00a0\u00a0\u00a0 KRTT<br \/>\n<\/span><\/p>\n<p><span style=\"color: #003300;\"> <\/span><\/p>\n<p><span style=\"color: #003300;\"><span style=\"text-decoration: underline;\">==========================================================================<\/span><\/span><\/p>\n<p><span style=\"color: #800080;\"><img decoding=\"async\" loading=\"lazy\" class=\"alignleft size-full wp-image-24899\" title=\"Guntis Indriksons, gr\u016btups, Veidemane, Br\u012bze\" src=\"http:\/\/tautastribunals.eu\/wp-content\/uploads\/2015\/01\/Guntis-Indriksons-gr\u016btups-Veidemane-Br\u012bze.PNG\" alt=\"Guntis Indriksons, gr\u016btups, Veidemane, Br\u012bze\" width=\"634\" height=\"463\" srcset=\"https:\/\/tautastribunals.eu\/wp-content\/uploads\/2015\/01\/Guntis-Indriksons-gr\u016btups-Veidemane-Br\u012bze.PNG 736w, https:\/\/tautastribunals.eu\/wp-content\/uploads\/2015\/01\/Guntis-Indriksons-gr\u016btups-Veidemane-Br\u012bze-300x219.PNG 300w\" sizes=\"(max-width: 634px) 100vw, 634px\" \/><\/span><\/p>\n<p><strong>FOTO:<\/strong> <span style=\"color: #ff0000;\"><em>Pajaut\u0101, latviet, k\u0101 \u0161is slepkava tika pie tik pasakainas bag\u0101t\u012bbas ? Padomju laikos<strong> ta<\/strong> bija plikad\u012bda. T\u0101, latviet, ir tev nozagt\u0101 nauda, kuru vi\u0146\u0161 nopl\u012bt\u0113 ar \u0161eit redzamo <strong>\u201ematraci\u201d.<\/strong> Vi\u0146\u0161 ir tas, kur\u0161 izpilda <strong>Telavivas- Maskavas<\/strong> nor\u012bkojumus. \u0160im <strong>\u010dekistam pien\u0101kas n\u0101ve<\/strong> un <strong>vi\u0146\u0161 ar\u012b to sa\u0146ems<\/strong>.<\/em><\/span><\/p>\n<p><span style=\"color: #ff0000;\"><em> <\/em><\/span><\/p>\n<p><span style=\"color: #ff0000;\"><span style=\"color: #000000;\"><strong>FOTO NOSAUKUMS<\/strong><\/span><em>: \u201eTelavivas bende !\u201d<\/em><\/span><\/p>\n<p><span style=\"color: #800080;\">Nobeigum\u0101 k\u0101ds tr\u0101p\u012bgs koment\u0101rs:<em> <\/em><strong>lata<\/strong> 13.01.2015. 21:19 <\/span><\/p>\n<p><span style=\"color: #800080;\">Paldies Dievam,ka man savulaik pietika pr\u0101ta nob\u012bties un nepirkt dz\u012bvokli nevien\u0101 no skaistaj\u0101m pirmskara m\u0101j\u0101m. Dom\u0101ju, ka daudziem leti\u0146iem, kas nenobij\u0101s, tas tagad ar labu nebeigsies. Var\u0113s ilgi un dikti \u012br\u0113t no Izra\u0113las pilso\u0146iem pa\u0161i savus smukos dz\u012bvok\u013c\u012b\u0161us, maks\u0101jot zv\u0113ra naudas un knapinoties iztik\u0101, t\u0101pat k\u0101 jau tagad daudzi maks\u0101 Izra\u0113las, ASV, Austr\u0101lijas pilso\u0146iem.Tam, kas izstr\u0101d\u0101ja \u0161o baiso, neliet\u012bgo denacionaliz\u0101cijas likumu, vajag nocirst gan galvu, gan abas rokas. Bet pretlatvisk\u0101 Saeima gras\u0101s pie\u0146emt v\u0113l vienu noziedz\u012bgu likumu! Nost!<\/span><\/p>\n<p><em> <\/em><\/p>\n<p><span style=\"color: #003300;\"><span style=\"color: #ff0000;\">*<\/span>Parazit\u0113 uz latvie\u0161u etnosa r\u0113\u0137ina.<\/span><\/p>\n","protected":false},"excerpt":{"rendered":"<p>http:\/\/www.pietiek.com\/raksti\/saeima_drizuma_virzis_ipasu_likumu_ebreju_kopienas_ipasumu_restitucijai_r_n\/komentari \u201e\u0100rlietu ministrij\u0101 (\u0100M) vismaz kop\u0161 rudens tiek paklus\u0101m gatavots un dr\u012bzum\u0101 Saeim\u0101 var\u0113tu tikt virz\u012bts \u012bpa\u0161s likumprojekts atsevi\u0161\u0137u ebreju kopienai pirms Otr\u0101 pasaules kara pieder\u0113ju\u0161u, bet denacionaliz\u0101cijas laik\u0101 neatg\u016btu nekustamo \u012bpa\u0161umu restit\u016bcijai\u201c. ============================================================================&#46;&#46;&#46;<\/p>\n","protected":false},"author":1,"featured_media":0,"comment_status":"open","ping_status":"open","sticky":false,"template":"","format":"standard","meta":[],"categories":[1],"tags":[],"_links":{"self":[{"href":"https:\/\/tautastribunals.eu\/index.php?rest_route=\/wp\/v2\/posts\/24881"}],"collection":[{"href":"https:\/\/tautastribunals.eu\/index.php?rest_route=\/wp\/v2\/posts"}],"about":[{"href":"https:\/\/tautastribunals.eu\/index.php?rest_route=\/wp\/v2\/types\/post"}],"author":[{"embeddable":true,"href":"https:\/\/tautastribunals.eu\/index.php?rest_route=\/wp\/v2\/users\/1"}],"replies":[{"embeddable":true,"href":"https:\/\/tautastribunals.eu\/index.php?rest_route=%2Fwp%2Fv2%2Fcomments&post=24881"}],"version-history":[{"count":30,"href":"https:\/\/tautastribunals.eu\/index.php?rest_route=\/wp\/v2\/posts\/24881\/revisions"}],"predecessor-version":[{"id":24916,"href":"https:\/\/tautastribunals.eu\/index.php?rest_route=\/wp\/v2\/posts\/24881\/revisions\/24916"}],"wp:attachment":[{"href":"https:\/\/tautastribunals.eu\/index.php?rest_route=%2Fwp%2Fv2%2Fmedia&parent=24881"}],"wp:term":[{"taxonomy":"category","embeddable":true,"href":"https:\/\/tautastribunals.eu\/index.php?rest_route=%2Fwp%2Fv2%2Fcategories&post=24881"},{"taxonomy":"post_tag","embeddable":true,"href":"https:\/\/tautastribunals.eu\/index.php?rest_route=%2Fwp%2Fv2%2Ftags&post=24881"}],"curies":[{"name":"wp","href":"https:\/\/api.w.org\/{rel}","templated":true}]}}