{"id":2465,"date":"2010-08-29T16:24:38","date_gmt":"2010-08-29T13:24:38","guid":{"rendered":"http:\/\/tautastribunals.eu\/?p=2465"},"modified":"2010-08-29T16:50:50","modified_gmt":"2010-08-29T13:50:50","slug":"mauciba-zadziba-un-nodeviba-radita","status":"publish","type":"post","link":"https:\/\/tautastribunals.eu\/?p=2465","title":{"rendered":"Mauc\u012bb\u0101, z\u0101dz\u012bb\u0101 un nodev\u012bb\u0101 rad\u012bta&#8230; ."},"content":{"rendered":"<h2><span style=\"color: #ff0000\">Mauc\u012bb\u0101, z\u0101dz\u012bb\u0101 un nodev\u012bb\u0101 rad\u012bta valsts tiks izn\u012bcin\u0101ta !<\/span><\/h2>\n<p><strong><span style=\"color: #008000\"><img decoding=\"async\" loading=\"lazy\" class=\"alignleft size-large wp-image-2476\" src=\"http:\/\/tautastribunals.eu\/wp-content\/uploads\/2010\/08\/IMGP0974-800x780.jpg\" alt=\"IMGP0974\" width=\"93\" height=\"91\" srcset=\"https:\/\/tautastribunals.eu\/wp-content\/uploads\/2010\/08\/IMGP0974-800x780.jpg 800w, https:\/\/tautastribunals.eu\/wp-content\/uploads\/2010\/08\/IMGP0974-300x292.jpg 300w, https:\/\/tautastribunals.eu\/wp-content\/uploads\/2010\/08\/IMGP0974.jpg 1278w\" sizes=\"(max-width: 93px) 100vw, 93px\" \/>Vai var past\u0101v\u0113t valsts, kuru &#8220;dibin\u0101ju\u0161i&#8221; maukuri, zag\u013ci, slepkavas un tautas nodev\u0113ji(komunisti)? N\u0113, t\u0101da valsts nevar past\u0101v\u0113t. T\u0101 tiks izn\u012bcin\u0101ta l\u012bdz pa\u0161iem pamatiem un t\u0101s veidot\u0101ji tai l\u012bdzi. Atcer\u0113simies k\u0101 tas viss notika. Devi\u0146desmito gadu s\u0101kum\u0101 apspiest\u0101 tauta bija apskurbusi no Br\u012bv\u012bbas tuvuma un nepaman\u012bja, k\u0101 varu atkal pamaz\u0101m p\u0101r\u0146\u0113ma komunistu nelie\u0161i. Viss tas notika p\u0113c Maskavas pav\u0113les ar viet\u0113jo slepkavu pal\u012bdz\u012bbu. S\u0101kum\u0101 priek\u0161gal\u0101 bija \u010dekists-slepkava Johansons. Komunisti run\u0101ja tautai t\u012bkamus v\u0101rdus, bet pagr\u012bd\u0113 kala pl\u0101nus apv\u0113rsumam. Tas ar\u012b izdev\u0101s ar &#8220;m\u016bsu&#8221;, t\u0101 saucam\u0101s inteli\u0123ences darbo\u0146iem priek\u0161gal\u0101,- peteriem, z\u0101l\u012bt\u0113m, drip\u0113m, rube\u0146iem&#8230; .<img decoding=\"async\" loading=\"lazy\" class=\"alignleft size-large wp-image-2473\" src=\"http:\/\/tautastribunals.eu\/wp-content\/uploads\/2010\/08\/Mauku-m\u0101jas-izvirtu\u013cu-varza.-800x597.jpg\" alt=\"Mauku m\u0101jas izvirtu\u013cu varza.\" width=\"282\" height=\"185\" \/>Devi\u0146desmitajos gados visi \u0161ie komunistu m\u0113sli drud\u017eaini str\u0101d\u0101ja, lai likvid\u0113tu visu nacion\u0101lo un demokr\u0101tisko. <\/span><\/strong><\/p>\n<p><strong>Foto:<span style=\"color: #008000\"> <\/span><\/strong><em><span style=\"color: #0000ff\">Un \u0161ie komunisti-kojaunie\u0161i \u0161odien p\u0101rst\u0101v<strong> <\/strong>Latviju starptautiskaj\u0101 ar\u0113n\u0101 !!! <\/span><\/em><\/p>\n<p><span style=\"color: #0000ff\"><em>Pirm\u0101 no kreis\u0101s Godma\u0146a &#8220;atmodas laiku&#8221; matrac\u0113ro Sandra. K. Ceturtais no kreis\u0101s slepkava, krievu KGB dubulta\u0123ents, pret\u012bgs stuka\u010d, komunists-cionists un Latvijas valstiskuma pretinieks I. Godmanis. Pirm\u0101 no lab\u0101s komuniste I.Vaidere, kura uztic\u012bgi v\u0113l \u0161odien kalpo komunisma idejai. Otrais no kreis\u0101s R. Z\u012ble- akt\u012bvs latviskas Latvijas un Latvijas ekonomikas\u00a0gr\u0101v\u0113js, \u017e\u012bdiskas izcelsmes no m\u0101tes puses&#8230; un vidu klauns Kari\u0146\u0161, kur\u0161 pats neapj\u0113dz, kur atrodas un ko dara. \u0160o noziedznieku darb\u012bbas rezult\u0101t\u0101 pie varas dr\u012bz atrad\u012bsies urbanovi\u010disti un rubikisti. J\u0101, tie\u0161i \u0161ie civiliz\u0101cijas atkritumi ir tie, kuri Latviju novedu\u0161i l\u012bdz izn\u012bc\u012bbai !!! Un atkal, un atkal \u0161ie dra\u0137i raujas pie varas&#8230; !!!<\/em><\/span><\/p>\n<p><span style=\"color: #0000ff\">\u00a0<\/span><\/p>\n<p><strong><span style=\"color: #008000\"><img decoding=\"async\" loading=\"lazy\" class=\"alignleft size-full wp-image-2478\" src=\"http:\/\/tautastribunals.eu\/wp-content\/uploads\/2010\/08\/Atmodas-laikmeta-netikle..jpg\" alt=\"Atmodas laikmeta netikle.\" width=\"107\" height=\"134\" \/>Tas ar\u012b vi\u0146iem izdev\u0101s. Tika izveidots pagr\u012bdes &#8220;politbirojs&#8221; un slepkavots uz neb\u0113du. Nacion\u0101li-latviski dom\u0101jo\u0161ie un latvie\u0161u biznesme\u0146i bija \u0161o nelie\u0161u upuri. Nacion\u0101li dom\u0101jo\u0161o cilv\u0113ku slepkavo\u0161ana turpin\u0101s v\u0113l \u0161odien. Priek\u0161\u0101 izvirz\u012bj\u0101s \u017e\u012bdiski cionistiskais elements ar Godmani un Borovkovu priek\u0161gal\u0101. Tie\u0161i \u0161ie divi nor\u0101d\u012bja, kur\u0161 uzn\u012bcin\u0101ms. P\u0113c Tiesiskuma atjauno\u0161anas <\/span><\/strong><\/p>\n<p><span style=\"color: #008000\"><strong><span style=\"color: #000000\">Foto:<\/span><\/strong> <span style=\"color: #0000ff\"><em>Elita Veidemane-Atmodas laika seksu\u0101l\u0101 padauza. &#8220;Str\u0101d\u0101ja&#8221; VDK uzdevum\u0101. Ar saviem rakstiem gr\u0101va nacion\u0101li dom\u0101jo\u0161as latvie\u0161u organiz\u0101cijas. Mauc\u012bba tika izmantota politiskaj\u0101m vajadz\u012bb\u0101m.<\/em> <em>Un par visu to, \u0161\u012b izvirtule ir sa\u0146\u0113musi LR augst\u0101ko apbalvojumu, <strong>Triju Zvaig\u017e\u0146u<\/strong> ordeni ! T\u0101ds apsurds var notikt tikai 4. maija KGBistu veidotaj\u0101 Latvijskajas respub\u013cik\u0101. Bet neaizmirsti, padauza, ka p\u0113c Tiesiskuma atjauno\u0161anas It\u0101lij\u0101 un Francij\u0101 visas prostit\u016btes tika pak\u0101rtas aiz k\u0101j\u0101m tirgus laukum\u0101(1945 gads). Un neviena pasaules valsts nek\u0101das pretenzijas par to nec\u0113la.<\/em><\/span><\/span><\/p>\n<p><strong><span style=\"color: #008000\">Latvij\u0101, \u0161ie divi b\u016bs pirmie, kuri tiks vilkti visas tautas priek\u0161\u0101 uz &#8220;e\u0161afota&#8221;. Tauta toreiz redz\u0113ja visu \u0161o nelie\u0161u izvirt\u012bbas-izdar\u012bbas, bet uz to nerea\u0123\u0113ja.<img decoding=\"async\" loading=\"lazy\" class=\"alignleft size-full wp-image-2482\" src=\"http:\/\/tautastribunals.eu\/wp-content\/uploads\/2010\/08\/Lai-ta-mauka-veidemane-aizrijas-ar-to-miljonu...-..jpg\" alt=\"Lai ta mauka veidemane aizrijas ar to miljonu... .\" width=\"143\" height=\"89\" srcset=\"https:\/\/tautastribunals.eu\/wp-content\/uploads\/2010\/08\/Lai-ta-mauka-veidemane-aizrijas-ar-to-miljonu...-..jpg 500w, https:\/\/tautastribunals.eu\/wp-content\/uploads\/2010\/08\/Lai-ta-mauka-veidemane-aizrijas-ar-to-miljonu...-.-300x185.jpg 300w\" sizes=\"(max-width: 143px) 100vw, 143px\" \/> Viss tika piedots uz br\u012bv\u012bbas r\u0113\u0137ina. Bet t\u0101pat k\u0101 naktij reiz pien\u0101k gals, t\u0101 ar\u012b pien\u0101ks \u0161iem izvirtu\u013ciem un slepkav\u0101m reiz t\u0101 diena, kad p\u0101r galvu tiks &#8220;p\u0101rvilkts&#8221; stri\u0137is, kuru tautas valod\u0101 d\u0113v\u0113 par cilpu! T\u0101ds nu ir tas Dievi\u0161\u0137ais likums, ka par katru darbu tiek <\/span><\/strong><\/p>\n<p><span style=\"color: #008000\"><strong><span style=\"color: #000000\">Foto:<\/span><\/strong> <em><span style=\"color: #0000ff\">E. Veidemanes dr\u0101t\u0113t\u0101js un &#8220;procentu maks\u0101t\u0101js&#8221;, slepeni nofilm\u0113tais I. Godmanis. Un \u0161is atkritums p\u0101rst\u0101v Latviju ES !!!<\/span><\/em><\/span><\/p>\n<p><strong><span style=\"color: #008000\">attiec\u012bgi &#8220;samaks\u0101ts&#8221;. Visi t\u0101 laika &#8220;varo\u0146i&#8221; un vado\u0146i, ar put\u0101m uz l\u016bp\u0101m, uzst\u0101j\u0101s pret \u010dekas maisu atv\u0113r\u0161anu. God\u012bgam cilv\u0113kam nav ko baid\u012bties no &#8220;maisiem&#8221;, bet t\u0101ds, kur\u0161 pret savu tautu ir pastr\u0101d\u0101jis noziegumu, nekad nev\u0113l\u0113sies atv\u0113rt \u0161os g\u013cotainos &#8220;arh\u012bvus&#8221;. Interesanti ir tas, ka pret \u0161o arh\u012bvu publisko\u0161anu uzst\u0101jas tie, kuriem it k\u0101 vajadz\u0113tu c\u012bn\u012bties par pret\u0113jo. Pirm\u0101m k\u0101rt\u0101m tie ir biju\u0161ie disidenti, tad visi prezidenti. <img decoding=\"async\" loading=\"lazy\" class=\"alignleft size-full wp-image-2483\" src=\"http:\/\/tautastribunals.eu\/wp-content\/uploads\/2010\/08\/Ne-tikai-sievietes-ir-lietojamas-saka-stulbuma-m\u0113vien\u012bbu-autors-BIRKAVS..jpg\" alt=\"Ne tikai sievietes ir lietojamas, saka stulbuma m\u0113vien\u012bbu autors, BIRKAVS.\" width=\"116\" height=\"128\" \/>Tie ir cilv\u0113ki, kuriem vajadz\u0113tu r\u016bp\u0113ties par mor\u0101lo T\u012br\u012bbu, bet nek\u0101\u0101 ! Par biju\u0161ajiem komunistiem un stuka\u010diem nebr\u012bn\u012bsimies, jo tiem \u0161ie maisi ir l\u012bdzv\u0113rt\u012bgi ciank\u0101lijam kafijas tas\u0113. Bet biju\u0161ie disidenti, k\u0101p\u0113c tie ir pret? Atbilde ir tikai viena: vi\u0146i nekad nav <\/span><\/strong><\/p>\n<p><span style=\"color: #008000\"><strong><span style=\"color: #000000\">Foto<\/span><\/strong><span style=\"color: #0000ff\"><em><span style=\"color: #000000\">:<\/span>V\u0113l viens klauns no Veidemanes kolekcijas, kuram ne tikai sievietes pat\u012bkot !!! Komunists un band\u012bts vien\u0101 person\u0101, kur\u0161 tiks ties\u0101ts p\u0113c visiem starptautiskiem likumiem par genoc\u012bda veik\u0161anu pret latvie\u0161u tautu !!!<\/em><\/span><\/span><\/p>\n<p><strong><span style=\"color: #008000\">biju\u0161i disidenti, bet gan \u010dekas ok\u0161\u0137eri. Interesanti ir ar\u012b tas, ka visus \u0161os divdesmit &#8220;br\u012bv\u012bbas&#8221; gadus priek\u0161gal\u0101 ir vieni un tie pa\u0161i m\u0113sli. <span style=\"color: #008080\"><span style=\"text-decoration: underline\"><span style=\"color: #993300\">K\u0101 reiz teica barik\u0101\u017eu dal\u012bbnieks un LRTT pies\u0113d\u0113t\u0101js J\u0101nis Z\u012bverts: t\u0101 m\u0113slu k\u0101rta ir tik bieza, ka bez Augst\u0101ko Sp\u0113ku pal\u012bdz\u012bbas mums to &#8220;nenorakt&#8221;.<\/span><\/span><\/span><img decoding=\"async\" loading=\"lazy\" class=\"alignleft size-full wp-image-2486\" src=\"http:\/\/tautastribunals.eu\/wp-content\/uploads\/2010\/08\/Veidemanes-pornogr\u0101fists.jpg\" alt=\"Veidemanes pornogr\u0101fists\" width=\"88\" height=\"145\" \/> J\u0101, un te m\u0113s non\u0101kam pie lietas B\u016bt\u012bbas: &#8220;Ko s\u0113si to ar\u012b p\u013causi&#8221; ! Par noziegumiem, ko \u0161in\u012b rakst\u0101 min\u0113tie ir pastr\u0101d\u0101ju\u0161i pret latvie\u0161u tautu un Latvijas valsti, sods b\u016bs gal\u0113js. Tas neb\u016bs vairs, t\u0101 teikt, filozofiskais augst\u0101kais soda m\u0113rs, bet gan <\/span><\/strong><\/p>\n<p><span style=\"color: #008000\"><strong>Foto<\/strong><em><span style=\"color: #0000ff\">:\u00a0K\u0101ds sabiedrisk\u0101 sp\u013caujamtrauka(veidemanes) lietot\u0101js. K\u0101dreiz \u0161is gara kroplis esot bijis \u0101rlietu ministers !!!<\/span><\/em><\/span> <em><span style=\"color: #0000ff\">Jau pirmaj\u0101 dien\u0101, p\u0113c Tiesiskuma atjauno\u0161anas Latvij\u0101, \u0161is Atmodas laika de\u0123ener\u0101ts tiks arest\u0113ts un sod\u012bts par genoc\u012bda \u012bsteno\u0161anu pret latvie\u0161u tautu.<\/span><\/em><\/p>\n<p><span style=\"color: #008000\"><strong>re\u0101ls n\u0101ves sods visas latvie\u0161u tautas un pasaules priek\u0161\u0101. Neviens pasaules Likums vi\u0146us, \u0161os komunistu noziedzniekus, neaizsarg\u0101s, t\u0101pat k\u0101 nacistiskos bendes.<\/strong><\/span><\/p>\n<h3><span style=\"color: #008000\"><span style=\"color: #ff0000\">\u00a0<span style=\"color: #ff0000\"><span style=\"text-decoration: underline\"><span style=\"color: #800000\">Un t\u0101 b\u016bs gavi\u013cu diena visai latvie\u0161u tautai un ar\u012b pasaulei. T\u0101 b\u016bs ar\u012b cionistu-komunistu un krievu \u0161ovinistu p\u0113d\u0113j\u0101 eksistences diena !!! Antikrists(\u017e\u012bdisms-cionisms): &#8220;Tiks iemests Elles za\u0146\u0137\u012b uz 1000 gadiem&#8230;&#8221;.<\/span><\/span><\/span><\/span><\/span><\/h3>\n<p><strong><span style=\"color: #008000\">V\u0113l tikai mazliet atskat\u012bsimies \u00a0pag\u0101tn\u0113 \u0161o izvirtu\u013cu darb\u012bb\u0101. Ka t\u0101 bija perversa to apliecina ar\u012b, viena no t\u0101 laika zag\u013cu bandas f\u012brera Dai\u0146a \u012av\u0101na, teiktais:<\/span><\/strong>\u00a0<img decoding=\"async\" loading=\"lazy\" class=\"alignleft size-full wp-image-2490\" src=\"http:\/\/tautastribunals.eu\/wp-content\/uploads\/2010\/08\/M\u0113sls-kuram-pamodusies-sirdsapzi\u0146a.1.jpg\" alt=\"M\u0113sls, kuram pamodusies sirdsapzi\u0146a.\" width=\"113\" height=\"132\" \/><em><span style=\"color: #993300\">&#8221;Es teiktu t\u0101 \u2013 piedod, ka p\u0113c 20 gadiem, dz\u012bdamies vair\u0101k p\u0113c person\u012bga labuma, rausdami tavas bag\u0101t\u012bbas tikai sav\u0101 priv\u0101t\u012bpa\u0161um\u0101, m\u0113s esam aizmirsu\u0161i Tevi pa\u0161u un neesam r\u016bp\u0113ju\u0161ies par visu tavu b\u0113rnu, tikai par da\u017eu izredz\u0113to labkl\u0101j\u012bbu. Piedod ar\u012b par to, ka pie tava saimes galda da\u017ei ir brangi p\u0101r\u0113du\u0161ies, t\u0101p\u0113c citiem atliek uz to tikai noskat\u012bties. Un visup\u0113d\u012bgi, piedod, ka mums smag\u0101 br\u012bv\u012bbas nasta daudzk\u0101rt likusies par gr\u016btu. M\u0113s esam sviedu\u0161i to zem\u0113 un b\u0113gu\u0161i proj\u0101m.&#8221;<\/span> <\/em><span style=\"color: #ff0000\"><em>(un t\u0101 \u0161ie sarkanie izdzimte\u0146i v\u0113l \u0161odien turpina raust un pl\u0113st knapi dz\u012bvo latvie\u0161u tautas &#8221; \u0137ermeni&#8221;. Un vai tad p\u0113c \u0161\u012bs &#8220;gr\u0113ks\u016bdzes&#8221; neb\u016btu bijis sirdsapzi\u0146as pien\u0101kums publiski atdot atpaka\u013c neliet\u012bgi pie\u0161\u0137irto<\/em> <strong>Triju Zvaig\u017e\u0146u ordeni<\/strong> <em>??? Nu, j\u0101, laikam jau par daudz pras\u012bts no \u0161\u012b m\u0113sla.)<\/em><\/span><\/p>\n<p><span style=\"color: #993300\"><span style=\"color: #333399\"><span><span><strong>Foto:<\/strong><em> <span>Atmodas laiku m\u0113sls, kuram tom\u0113r ir sirdsapzi\u0146\u0101 ! Ja teici A. vajadz\u0113ja teikt ar\u012b B. Nosaukt v\u0101rdos visus zag\u013cus un pl\u0113s\u0113jus, lai vi\u0146us var\u0113tu ties\u0101t. Ja tu, Daini \u012av\u0101n, neesi to\u00a0dar\u012bjis, tad ne par \u201cgramu\u201d\u00a0neesi lab\u0101ks par veidemani vai godmani. Sods b\u016bs t\u0101ds pats k\u0101 p\u0101r\u0113jiem \u0161va\u013ciem !<\/span><\/em><\/span><\/span><\/span><\/span><\/p>\n<p><strong><span style=\"color: #008000\">Un ko rakst\u012bja savos memu\u0101ros, t\u0101 laika &#8220;magdal\u0113na&#8221;, Elita Veidemane ?\u00a0\u00a0<\/span><\/strong><\/p>\n<p><strong><span style=\"color: #008000\">Daudz jau ar\u012b neatpalika m\u016bsu &#8220;slaven\u0101&#8221; Sandra K. <\/span><\/strong><\/p>\n<p><strong><span style=\"color: #008000\">Slepkavam Godmanim tie bija slepkav\u012bbu un mauc\u012bbas eiforiju gadi. Par to nesl\u0113pti ir rakst\u012bjusi \u0161odienas R\u012bta Av\u012bzes galven\u0101 redaktora vietniece Elita Veidemane. <\/span><\/strong><\/p>\n<p><strong><span style=\"color: #993300\">Vai \u0161ie m\u0113sli cilv\u0113ku izskat\u0101 sp\u0113j rad\u012bt ko Gai\u0161u ??? <\/span><\/strong><\/p>\n<p><span style=\"color: #008000\"><strong>N\u0113, \u0161iem noziedzniekiem j\u0101sa\u0146em peln\u012btais un vi\u0146i to sa\u0146ems ! E. Veidemane, kurai viss intelektu\u0101lais potenci\u0101ls ir koncentr\u0113ts zem jostas vietas(t\u0101 saka vi\u0146as kol\u0113\u0123i), nekaunoties radio\u00a0 p\u0101rraid\u0113 pazi\u0146o, k\u0101 vi\u0146u jakal\u0113ju\u0161i<\/strong> <strong><em>Godmanis, Birkavs, Jurk\u0101ns u.c.<\/em> Viss tas esot ar\u012b ticis film\u0113ts. Ar \u0161o kompromit\u0113jo\u0161o materi\u0101lu pal\u012bdz\u012bbu \u0161\u012b padauza var pietieko\u0161i labi eksist\u0113t un turpin\u0101t zomb\u0113t latvie\u0161us.<\/strong><\/span><\/p>\n<p><strong><span style=\"color: #008000\">B\u016btu jau tikai puse no b\u0113das, ja tikai \u0161ie vien\u012bgie b\u016btu tie m\u0113sli. Visos noteico\u0161ajos amatos ir sab\u0101zti savi cilv\u0113ki, tie\u0161i tie, kuri atrodas, t\u0101 saucamajos, &#8220;maisos&#8221;.<\/span><\/strong> \u00a0<\/p>\n<h3><span style=\"color: #800000\">Mauc\u012bb\u0101, z\u0101dz\u012bb\u0101 un nodev\u012bb\u0101 rad\u012bta valsts tiks izn\u012bcin\u0101ta ! T\u0101s viet\u0101 tiks rad\u012bta demokr\u0101tiska latvie\u0161u valsts !!!<\/span><\/h3>\n<p><span style=\"color: #800000\"><em><span style=\"color: #000000\">LRTT 29.08.2010<\/span><\/em><\/span><\/p>\n","protected":false},"excerpt":{"rendered":"<p>Mauc\u012bb\u0101, z\u0101dz\u012bb\u0101 un nodev\u012bb\u0101 rad\u012bta valsts tiks izn\u012bcin\u0101ta ! Vai var past\u0101v\u0113t valsts, kuru &#8220;dibin\u0101ju\u0161i&#8221; maukuri, zag\u013ci, slepkavas un tautas nodev\u0113ji(komunisti)? N\u0113, t\u0101da valsts nevar past\u0101v\u0113t. T\u0101 tiks izn\u012bcin\u0101ta l\u012bdz pa\u0161iem pamatiem un t\u0101s&#46;&#46;&#46;<\/p>\n","protected":false},"author":6,"featured_media":0,"comment_status":"open","ping_status":"open","sticky":false,"template":"","format":"standard","meta":[],"categories":[1],"tags":[],"_links":{"self":[{"href":"https:\/\/tautastribunals.eu\/index.php?rest_route=\/wp\/v2\/posts\/2465"}],"collection":[{"href":"https:\/\/tautastribunals.eu\/index.php?rest_route=\/wp\/v2\/posts"}],"about":[{"href":"https:\/\/tautastribunals.eu\/index.php?rest_route=\/wp\/v2\/types\/post"}],"author":[{"embeddable":true,"href":"https:\/\/tautastribunals.eu\/index.php?rest_route=\/wp\/v2\/users\/6"}],"replies":[{"embeddable":true,"href":"https:\/\/tautastribunals.eu\/index.php?rest_route=%2Fwp%2Fv2%2Fcomments&post=2465"}],"version-history":[{"count":26,"href":"https:\/\/tautastribunals.eu\/index.php?rest_route=\/wp\/v2\/posts\/2465\/revisions"}],"predecessor-version":[{"id":2501,"href":"https:\/\/tautastribunals.eu\/index.php?rest_route=\/wp\/v2\/posts\/2465\/revisions\/2501"}],"wp:attachment":[{"href":"https:\/\/tautastribunals.eu\/index.php?rest_route=%2Fwp%2Fv2%2Fmedia&parent=2465"}],"wp:term":[{"taxonomy":"category","embeddable":true,"href":"https:\/\/tautastribunals.eu\/index.php?rest_route=%2Fwp%2Fv2%2Fcategories&post=2465"},{"taxonomy":"post_tag","embeddable":true,"href":"https:\/\/tautastribunals.eu\/index.php?rest_route=%2Fwp%2Fv2%2Ftags&post=2465"}],"curies":[{"name":"wp","href":"https:\/\/api.w.org\/{rel}","templated":true}]}}