{"id":24360,"date":"2014-12-27T02:02:04","date_gmt":"2014-12-27T00:02:04","guid":{"rendered":"http:\/\/tautastribunals.eu\/?p=24360"},"modified":"2020-12-20T01:41:45","modified_gmt":"2020-12-19T23:41:45","slug":"tas-laiks-kas-tuvojas-tas-zelastibu-nepazist","status":"publish","type":"post","link":"https:\/\/tautastribunals.eu\/?p=24360","title":{"rendered":"Tas laiks, kas tuvojas, tas \u017e\u0113last\u012bbu nepaz\u012bst !"},"content":{"rendered":"<h2><span style=\"color: #008000;\"><img decoding=\"async\" loading=\"lazy\" class=\"alignleft  wp-image-24368\" title=\"Latvija,Dievs, Granti\u0146\u0161, Liep\u0101ja,R\u012bga,LRTT\" src=\"http:\/\/tautastribunals.eu\/wp-content\/uploads\/2014\/12\/LatvijaDievs-Granti\u0146\u0161-Liep\u0101jaR\u012bgaLRTT.PNG\" alt=\"Latvija,Dievs, Granti\u0146\u0161, Liep\u0101ja,R\u012bga,LRTT\" width=\"1295\" height=\"211\" srcset=\"https:\/\/tautastribunals.eu\/wp-content\/uploads\/2014\/12\/LatvijaDievs-Granti\u0146\u0161-Liep\u0101jaR\u012bgaLRTT.PNG 859w, https:\/\/tautastribunals.eu\/wp-content\/uploads\/2014\/12\/LatvijaDievs-Granti\u0146\u0161-Liep\u0101jaR\u012bgaLRTT-300x48.PNG 300w, https:\/\/tautastribunals.eu\/wp-content\/uploads\/2014\/12\/LatvijaDievs-Granti\u0146\u0161-Liep\u0101jaR\u012bgaLRTT-800x130.PNG 800w\" sizes=\"(max-width: 1295px) 100vw, 1295px\" \/>Tauta, kurai nepiem\u012bt nacion\u0101l\u0101 pa\u0161apzi\u0146a,<\/span><\/h2>\n<h2><span style=\"color: #008000;\">ir m\u0113slu kaudze, no kuras barojas un izaug citas tautas.<\/span><\/h2>\n<p><span style=\"color: #008000;\"><em>A. P. Stolipins.<\/em><\/span><\/p>\n<p><span style=\"color: #0000ff;\"><img decoding=\"async\" loading=\"lazy\" class=\"alignleft  wp-image-24361\" title=\"LRTT Zils\" src=\"http:\/\/tautastribunals.eu\/wp-content\/uploads\/2014\/12\/LRTT-Zils.png\" alt=\"LRTT Zils\" width=\"1492\" height=\"210\" srcset=\"https:\/\/tautastribunals.eu\/wp-content\/uploads\/2014\/12\/LRTT-Zils.png 950w, https:\/\/tautastribunals.eu\/wp-content\/uploads\/2014\/12\/LRTT-Zils-300x42.png 300w, https:\/\/tautastribunals.eu\/wp-content\/uploads\/2014\/12\/LRTT-Zils-800x112.png 800w\" sizes=\"(max-width: 1492px) 100vw, 1492px\" \/><img decoding=\"async\" loading=\"lazy\" class=\"alignleft  wp-image-24371\" title=\"Borovkovs,Ka\u017eoci\u0146\u0161,Maiz\u012btis,Reiniks,K\u016btris,Godmanis. LRTT. H-86.\" src=\"http:\/\/tautastribunals.eu\/wp-content\/uploads\/2014\/12\/BorovkovsKa\u017eoci\u0146\u0161Maiz\u012btisReiniksK\u016btrisGodmanis.-LRTT.-H-86..PNG\" alt=\"Borovkovs,Ka\u017eoci\u0146\u0161,Maiz\u012btis,Reiniks,K\u016btris,Godmanis. LRTT. H-86.\" width=\"1398\" height=\"481\" srcset=\"https:\/\/tautastribunals.eu\/wp-content\/uploads\/2014\/12\/BorovkovsKa\u017eoci\u0146\u0161Maiz\u012btisReiniksK\u016btrisGodmanis.-LRTT.-H-86..PNG 998w, https:\/\/tautastribunals.eu\/wp-content\/uploads\/2014\/12\/BorovkovsKa\u017eoci\u0146\u0161Maiz\u012btisReiniksK\u016btrisGodmanis.-LRTT.-H-86.-300x103.PNG 300w, https:\/\/tautastribunals.eu\/wp-content\/uploads\/2014\/12\/BorovkovsKa\u017eoci\u0146\u0161Maiz\u012btisReiniksK\u016btrisGodmanis.-LRTT.-H-86.-800x275.PNG 800w\" sizes=\"(max-width: 1398px) 100vw, 1398px\" \/><span style=\"color: #000000;\"><strong>FOTO:<\/strong><\/span> <span style=\"color: #ff0000;\"><em>L\u016bk, \u0161eit j\u016bs redziet cionistu marionetes <strong>Latvij\u0101.<\/strong> Vi\u0146i visi ir slepkavas un miljon\u0101ri ! Latviet!!!, tas viss uz m\u016bsu tautas r\u0113\u0137ina, uz sviedriem, asin\u012bm un neskait\u0101mu cilv\u0113ku n\u0101v\u0113m !!!<\/em><\/span><\/span><\/p>\n<p><span style=\"color: #0000ff;\"><span style=\"color: #ff0000;\"><em><span style=\"text-decoration: underline;\">==========================================================================<\/span><br \/>\n<\/em><\/span><\/span><\/p>\n<p><span style=\"color: #0000ff;\">Nosl\u0113gsim veco gadu ar \u012bsu apskatu par <strong>4. maija kli\u0137es<\/strong> sl\u0113ptajiem <strong>Krem\u013ca a\u0123itatoriem<\/strong>&#8211; t\u0101 saucamajiem <strong>ietekmes a\u0123entiem<\/strong>. <\/span><\/p>\n<p><span style=\"color: #0000ff;\">Biju\u0161ie komunisti- <strong>KGB<\/strong>isti visus p\u0113c<strong>Atmodas<\/strong> gadus ir str\u0101d\u0101ju\u0161i ar nenogursto\u0161u ener\u0123iju, lai visas iesp\u0113jam\u0101s propagandas ni\u0161as tiktu aiz\u0146emtas ar vi\u0146iem uztic\u012bgiem <strong>&#8220;rad\u012bjumiem&#8221;. <\/strong>Tas ar\u012b vi\u0146iem ir izdevies. Ir rad\u012bti <strong>&#8220;super nacion\u0101listi&#8221;, <\/strong>kuri daudziem, pat \u013coti daudziem, ir sajauku\u0161i pr\u0101tus. Liel\u0101k\u0101 tautas da\u013ca nesp\u0113j vairs orient\u0113ties notieko\u0161aj\u0101 un t\u0101p\u0113c k\u013cuvu\u0161i par vad\u0101mu <strong>&#8220;lopu baru&#8221;.<\/strong> Visu \u0161o graujo\u0161o dezinform\u0101ciju veic <strong>Krievijas- Izra\u0113las spec- dienesti<\/strong>, bet vaina tiek uzvelta<strong> &#8220;sapuvu\u0161ajiem Rietumiem- ASV&#8221;. <\/strong><\/span><\/p>\n<p><span style=\"color: #0000ff;\">Jau b\u016bsiet iev\u0113roju\u0161i, ka tie\u0161i <strong>&#8220;di\u017eie nacion\u0101listi&#8221;,<\/strong> kuri sevi par t\u0101diem d\u0113v\u0113, nekad neuzst\u0101jas pret <strong><em>linderma\u0146iem, gopo\u0146enkiem, u\u0161akoviem, \u017ed\u0101nok\u0101m<\/em><\/strong> un <strong>SASKA\u0145U,<\/strong> bet pret <strong>Vienot\u012bbu <\/strong>un <strong>VL!. <\/strong>Protams, ka <strong>Vienot\u012bba<\/strong> ir noziedz\u012bga organiz\u0101cija un t\u0101 ir peln\u012bjusi, ka vi\u0146u patriec no <strong>&#8220;politisk\u0101s skatuves&#8221;. <\/strong><\/span><\/p>\n<p><span style=\"color: #0000ff;\">Tas, kur\u0161 v\u0113r\u012bgi seko vis\u0101m \u0161\u012bm <strong>KGB<\/strong>istu vad\u012btaj\u0101m aktivit\u0101t\u0113m, b\u016bs iev\u0113roju\u0161i, ka tas ir aizsegs tam, lai izn\u012bcin\u0101tu- <strong>mazin\u0101tu VL! popularit\u0101ti<\/strong>. Visi, piln\u012bgi visi, <strong>Latvijas informat\u012bvie<\/strong> rupori str\u0101d\u0101 \u0161aj\u0101 virzien\u0101. Cilv\u0113ku izseko\u0161ana un iebaid\u012b\u0161ana ir daudz intens\u012bv\u0101ka nek\u0101 <strong>nacistu un komunistu<\/strong> vald\u012b\u0161anas laik\u0101. Tas t\u0101 ir un sav\u0101d\u0101k nevar b\u016bt, jo pa\u0161laik<strong> Austrumeirop\u0101<\/strong> varu ir p\u0101r\u0146\u0113mu\u0161i <strong>kriev\u017e\u012bdiskie cionisti<\/strong>. Un, ne tikai pie mums, bet ar\u012b <strong>Rietumu valst\u012bs<\/strong> ir vi\u0146u uzpirkti veidojumi.<\/span><\/p>\n<p><span style=\"color: #0000ff;\">Izr\u0101d\u0101s, ka <strong>Francijas lab\u0113jie LIPENisti<\/strong> ir <strong>Putina <\/strong>atbalst\u012bt\u0101ji. <strong>V\u0101cijas <\/strong>abi spices cilv\u0113ki- <strong>prezidents un kanclere<\/strong>, ar\u012b ir no t\u0101s pa\u0161as \u0161lakas. Vien\u012bgi <strong>ASV <\/strong>spiediena rezult\u0101ta negrib\u012bgi tika pie\u0146emtas minim\u0101las sankcijas pret <strong>Putina s\u0101taniski asi\u0146aino re\u017e\u012bmu<\/strong>.<\/span><\/p>\n<p><span style=\"color: #0000ff;\"><img decoding=\"async\" loading=\"lazy\" class=\"alignleft  wp-image-24377\" title=\"L. Lapsa, A. Andersons, J. Lapinskis,A. Garda.\" src=\"http:\/\/tautastribunals.eu\/wp-content\/uploads\/2014\/12\/L.-Lapsa-A.-Andersons-J.-LapinskisA.-Garda.1.PNG\" alt=\"L. Lapsa, A. Andersons, J. Lapinskis,A. Garda.\" width=\"1661\" height=\"848\" srcset=\"https:\/\/tautastribunals.eu\/wp-content\/uploads\/2014\/12\/L.-Lapsa-A.-Andersons-J.-LapinskisA.-Garda.1.PNG 930w, https:\/\/tautastribunals.eu\/wp-content\/uploads\/2014\/12\/L.-Lapsa-A.-Andersons-J.-LapinskisA.-Garda.1-300x152.PNG 300w, https:\/\/tautastribunals.eu\/wp-content\/uploads\/2014\/12\/L.-Lapsa-A.-Andersons-J.-LapinskisA.-Garda.1-800x407.PNG 800w\" sizes=\"(max-width: 1661px) 100vw, 1661px\" \/>FOTO:<\/span><span style=\"color: #ff0000;\"><em> L\u016bk, \u0161ie ir it k\u0101 nevalstiskie M\u0112DIJI, bet \u012bsten\u012bb\u0101 DP(kgb) rad\u012bti. Veic izsmalcin\u0101tu propagandu, lai nomelnotu tos, kuri aizst\u0101v latvie\u0161u tautas intereses. It k\u0101 jau visu pareizi run\u0101, bet vajadz\u012bgaj\u0101 br\u012bdi pazi\u0146o: <strong>&#8220;Nu VL! jau t\u0101di pa\u0161i vien ir, k\u0101 Vienot\u012bbnieki.&#8221;<\/strong> Ar to pietiek vienk\u0101r\u0161ajam v\u0113l\u0113t\u0101jam, lai vi\u0146\u0161 nobalsotu par nepareizo vai visp\u0101r nepiedal\u012btos v\u0113l\u0113\u0161an\u0101s<\/em><em>. Aivars Garda, Juris Lapinskis un Aivars Andersons ir it sevi\u0161\u0137i akt\u012bvi DP darbo\u0146i, kas attiecas uz LRTT, H-86 un L. Granti\u0146a nomelno\u0161anu. \u0160ie tr\u012bs kriev\u017e\u012bdu pakalpi\u0146i akt\u012bvi piedal\u012bj\u0101s H-86 un LRTT vienot\u012bbas grau\u0161an\u0101 un apmelo\u0161an\u0101. K\u0101rt\u0113jais nomelno\u0161anas izl\u0113ciens pret LRTT un Granti\u0146u notika 16.12.14.(dzirdams 1.34. min.)<\/em><\/span><\/p>\n<h2><span style=\"color: #ff0000;\"><em><a href=\"https:\/\/www.youtube.com\/watch?v=9tbW0hyGSEc\">https:\/\/www.youtube.com\/watch?v=9tbW0hyGSEc<\/a> <\/em><\/span><\/h2>\n<p><span style=\"color: #ff0000;\"><em>Andersons, ar vi\u0146a raksturam nepiem\u012bto\u0161u agresivit\u0101ti, Granti\u0146u apl\u0113ja ar dub\u013ciem par to, ka k\u0101d\u0101 koment\u0101r\u0101 it k\u0101 Lapinskis ir ticis netaisni apvainots. Nedom\u0101ju, ka man b\u016btu bijis vajadz\u012bgs \u0161o koment\u0101ru &#8220;p\u0101rlabot&#8221;. Par \u0161o nekaun\u012bgo izl\u0113cienu mani inform\u0113ja k\u0101ds klaus\u012bt\u0101js, jo pats \u0161o raid\u012bjumu vairs neklausos:<\/em><\/span><\/p>\n<p><span style=\"color: #ff0000;\"><em><span style=\"color: #800080;\"><a>Miervaldis <\/a><\/span> <\/em><\/span><\/p>\n<div><span style=\"color: #800080;\"><a href=\"https:\/\/dub115.mail.live.com\/ol\/#\">Der Kontaktliste hinzuf\u00fcgen<\/a><\/span><\/div>\n<div><span style=\"color: #800080;\"> 17.12.2014 <\/span><\/div>\n<div><\/div>\n<div>\n<div><a id=\"instantActionItemControl396f\" href=\"https:\/\/dub115.mail.live.com\/ol\/#\"> <img decoding=\"async\" title=\"Beh\u00e4lt diese Nachricht oben im Posteingang.\" src=\"https:\/\/dub115.mail.live.com\/ol\/clear.gif\" alt=\"\" \/><\/a><span style=\"color: #800080;\">An: Linards<\/span><\/div>\n<div><\/div>\n<\/div>\n<div id=\"icTmReadMessageContact0\">\n<div><span style=\"color: #800080;\">Labr\u012bt Dievspal\u012bdz Granti\u0146a kungs. V\u0113los jums nodot zi\u0146u, ka man pat bail atk\u0101rtot tos v\u0101rdus, ar kuriem j\u016bs ir nolam\u0101jis Lapinskis un tas otrs p\u0113rti\u0137is. Ja k\u0101ds pret jums pace\u013c kara cirvi, vi\u0146\u0161 to dab\u016b atpaka\u013c sav\u0101 \u0161va\u013ca pier\u0113, ne t\u0101?<\/span><\/div>\n<\/div>\n<p><span style=\"color: #ff0000;\"><em><strong>Lapinska<\/strong> monologs par <strong>&#8220;Rot\u0161ildiem un dol\u0101ru druk\u0101\u0161anu&#8221; <\/strong>ir apnicis. <\/em><\/span><\/p>\n<p><span style=\"color: #ff0000;\"><em>Neticu, ka bez k\u0101da pav\u0113les bail\u012bgais <strong>Andersons <\/strong>b\u016btu tik agres\u012bvi mani apmelojis. <\/em><\/span><\/p>\n<p><span style=\"color: #ff0000;\"><em>Kas attiecas uz <strong>Lato Lapsas i- vietni PIETIEK.com<\/strong>, tad t\u0101 ir k\u013cuvusi par \u012bstu antilatvisku <strong>strutu bedri<\/strong>. <\/em><\/span><\/p>\n<p><span style=\"color: #ff0000;\"><em>Tiek public\u0113ti visi <strong>krem\u013ca &#8220;piel\u016bdz\u0113ji&#8221;<\/strong>, ar v\u0113l pret\u012bg\u0101kiem koment\u0101riem. <\/em><\/span><\/p>\n<p><span style=\"color: #ff0000;\"><em>Izteikti redzams, ka pretlatviskos koment\u0101rus raksta divi- tr\u012bs cilv\u0113ki. <\/em><\/span><\/p>\n<p><span style=\"color: #ff0000;\"><em>Viens no \u0161iem koment\u0101ru skribel\u0113t\u0101jiem ir profesors<strong> Arturs Pried\u012btis<\/strong>, kur\u0161 ir viens no galvenajiem <strong>L. Lapsas<\/strong> &#8220;\u017eurnalistiem&#8221;.<\/em><\/span><\/p>\n<p><span style=\"color: #ff0000;\"><em><span style=\"text-decoration: underline;\">=========================================================================<\/span><br \/>\n<\/em><\/span><\/p>\n<p><span style=\"color: #0000ff;\">Grie\u0137ijas lab\u0113jie, cik noprotams, ar\u012b ir <strong>Izra\u0113las- Krievijas<\/strong> rad\u012bti. Par apstulbin\u0101to <strong>Ung\u0101riju <\/strong>visp\u0101r j\u0101pabr\u012bn\u0101s. T\u0101 pat v\u0113las karot ar <strong>Ukrainu<\/strong> t\u0101pat k\u0101 <strong>Krievija<\/strong>, jo iedom\u0101jusies, ka tai k\u0101da <strong>Ukrainas <\/strong>da\u013ca v\u0113sturiski pien\u0101koties.<\/span><\/p>\n<p><span style=\"color: #0000ff;\"><img decoding=\"async\" loading=\"lazy\" class=\"alignleft  wp-image-24419\" title=\"Arturs Pried\u012btis. Lato Lapsa. Me\u017eviets. DP. Latvija,krievija\" src=\"http:\/\/tautastribunals.eu\/wp-content\/uploads\/2014\/12\/Arturs-Pried\u012btis.-Lato-Lapsa.-Me\u017eviets.-DP.-Latvijakrievija1.PNG\" alt=\"Arturs Pried\u012btis. Lato Lapsa. Me\u017eviets. DP. Latvija,krievija\" width=\"454\" height=\"554\" srcset=\"https:\/\/tautastribunals.eu\/wp-content\/uploads\/2014\/12\/Arturs-Pried\u012btis.-Lato-Lapsa.-Me\u017eviets.-DP.-Latvijakrievija1.PNG 425w, https:\/\/tautastribunals.eu\/wp-content\/uploads\/2014\/12\/Arturs-Pried\u012btis.-Lato-Lapsa.-Me\u017eviets.-DP.-Latvijakrievija1-245x300.PNG 245w\" sizes=\"(max-width: 454px) 100vw, 454px\" \/>Bet atpaka\u013c pie <strong>Latvijas piekt\u0101s kolonnas<\/strong> ruporiem.<\/span><\/p>\n<p><strong>FOTO: <\/strong><span style=\"color: #ff0000;\"><em><strong>Arturs Pried\u012btis<\/strong>. Pie attiec\u012bgiem apst\u0101k\u013ciem b\u016bs n\u0101ko\u0161ais <strong>Latvijas PSR\u00a0 &#8220;\u0161ustins&#8221;<\/strong>.<\/em><\/span><\/p>\n<p><span style=\"color: #0000ff;\">V\u0113l varu piebilst, ka visi cilv\u0113ki, ar kuriem es uzturu sakarus, tiek izsekoti un iebaid\u012bti. Tas notiek pavisam <strong>netie\u0161\u0101<\/strong> veid\u0101: P\u0113k\u0161\u0146i uzrodas k\u0101ds sve\u0161inieks, kur\u0161 piemin manu v\u0101rdu un <strong>&#8220;iesaka&#8221;<\/strong> k\u0101du pied\u0101v\u0101jumu. Tikai mu\u013c\u0137is var nesaprast, ka attiec\u012bgajam cilv\u0113kam liek saprast: <strong>&#8220;M\u0113s zin\u0101m visu par tevi un ar\u012b turpm\u0101k neizlaid\u012bsim no redzes loka.&#8221; <\/strong>Esmu jau rakst\u012bjis, ka tr\u012bs<strong> tautastribunals.eu <\/strong>las\u012bt\u0101ji man ir piepras\u012bju\u0161i izdz\u0113st visus vi\u0146u rakst\u012btos koment\u0101rus. Da\u017ei ir bez v\u0113sts <strong>&#8220;pazudu\u0161i&#8221;.<\/strong> Paliku\u0161i tikai pa\u0161i dro\u0161\u0101kie, tie, kuriem<strong> Paties\u012bba<\/strong><em>(Dievs)<\/em> ir sird\u012b.<\/span><\/p>\n<p><span style=\"color: #0000ff;\">\u0160aj\u0101<strong> i- vietne <\/strong>netiek rakst\u012bts neviens nepatiess v\u0101rds, t\u0101pat ar\u012b netiek k\u0101ds apvainots nepatiesi.<\/span><\/p>\n<p><span style=\"color: #0000ff;\">&gt;Es zinu netaisna apvainojuma <strong>CENU<\/strong>.<\/span><\/p>\n<p><span style=\"color: #0000ff;\">&gt;Lai <strong>Dievs <\/strong>pasarg&#8217; k\u0101du nepatiesi apvainot.<\/span><\/p>\n<p><span style=\"color: #0000ff;\">&gt;Tas noz\u012bm\u0113 to pa\u0161u, ko dot nepatiesu <strong>LIEC\u012aBU<\/strong>.<br \/>\n<\/span><\/p>\n<p><span style=\"color: #0000ff;\">Visi tie, kuri ir <strong>apzagu\u0161i manu tautu<\/strong> un <strong>raksta melus sazi\u0146as l\u012bdzek\u013cos<\/strong>, tiks <strong>fiziski izn\u012bcin\u0101ti<\/strong>. Tas <strong>LAIKS<\/strong>, kas tuvojas, \u017e\u0113last\u012bbu nepaz\u012bst. Tie nav draudi, bet gan <strong>padoms- secin\u0101jums<\/strong>.<\/span><\/p>\n<p><span style=\"color: #0000ff;\">Slepkavam nepiesprie\u017e n\u0101vessodu <strong>tiesnesis<\/strong>, bet gan vi\u0146a <strong>pastr\u0101d\u0101tais noziegums<\/strong>.<\/span><\/p>\n<p><span style=\"color: #0000ff;\">Tas pats b\u016bs ar visiem \u0161iem <strong>kriev\u017e\u012bdu komunistiskajiem noziedzniekiem<\/strong>. Ne<strong> es<\/strong>, ne <strong>Tribun\u0101ls<\/strong> vi\u0146us ties\u0101s, bet gan vi\u0146u <strong>pastr\u0101d\u0101tie noziegumi<\/strong>.<\/span><\/p>\n<p><span style=\"color: #0000ff;\">&gt;Un-, \u0161ie <strong>pastr\u0101d\u0101tie noziegumi ir drausm\u012bgi<\/strong> !<\/span><\/p>\n<p><span style=\"color: #0000ff;\">&gt;Tas ir v\u0113l <strong>nebijis genoc\u012bds<\/strong> pret <strong>latvie\u0161u tautu<\/strong>.<\/span><\/p>\n<p><span style=\"color: #0000ff;\"><img decoding=\"async\" loading=\"lazy\" class=\"alignleft  wp-image-24385\" title=\"Juris Ka\u013c\u0137is, Uldis S\u0113ne, Igors \u0160i\u0161kins, Aivars Gedroics,Artis B\u0113rzi\u0146\u0161.\" src=\"http:\/\/tautastribunals.eu\/wp-content\/uploads\/2014\/12\/Juris-Ka\u013c\u0137is-Uldis-S\u0113ne-Igors-\u0160i\u0161kins-Aivars-GedroicsArtis-B\u0113rzi\u0146\u0161..PNG\" alt=\"Juris Ka\u013c\u0137is, Uldis S\u0113ne, Igors \u0160i\u0161kins, Aivars Gedroics,Artis B\u0113rzi\u0146\u0161.\" width=\"1384\" height=\"673\" srcset=\"https:\/\/tautastribunals.eu\/wp-content\/uploads\/2014\/12\/Juris-Ka\u013c\u0137is-Uldis-S\u0113ne-Igors-\u0160i\u0161kins-Aivars-GedroicsArtis-B\u0113rzi\u0146\u0161..PNG 1017w, https:\/\/tautastribunals.eu\/wp-content\/uploads\/2014\/12\/Juris-Ka\u013c\u0137is-Uldis-S\u0113ne-Igors-\u0160i\u0161kins-Aivars-GedroicsArtis-B\u0113rzi\u0146\u0161.-300x146.PNG 300w, https:\/\/tautastribunals.eu\/wp-content\/uploads\/2014\/12\/Juris-Ka\u013c\u0137is-Uldis-S\u0113ne-Igors-\u0160i\u0161kins-Aivars-GedroicsArtis-B\u0113rzi\u0146\u0161.-800x389.PNG 800w\" sizes=\"(max-width: 1384px) 100vw, 1384px\" \/>FOTO: <span style=\"color: #ff0000;\"><em>Un \u0161eit redzams informat\u012bvais &#8220;bom\u017eu sl\u0101nis&#8221;. \u0160o padibe\u0146u leksika nor\u0101da uz to, ka neb\u016btu pat ielai\u017eami c\u016bku aizgard\u0101 parnak\u0161\u0146o\u0161anai. \u0160os atkritumus DP tik pat d\u016b\u0161\u012bgi sarg\u0101 k\u0101 Lindermani, Osopovu, Gopo\u0146enko vai to pa\u0161u Girsu. K\u0101 nek\u0101, visi ta\u010du dzemdin\u0101ti vien\u0101 &#8220;iest\u0101d\u0113&#8221;. \u0160ie ir tie, kuri pies\u0101r\u0146o ar sav\u0101m j\u0113l\u012bb\u0101m draugi.lv un protams ar\u012b public\u0113jas pie L.Lapsas un A. Gardas. Un tagad mazliet cit\u0113sim \u0161os varo\u0146us. Bet pirms tam es atvaino\u0161os las\u012bt\u0101jiem, ka iesp\u0113jams vi\u0146iem saboj\u0101\u0161u vecgada sv\u0113tku noska\u0146ojumu. Tas maz savienojams ar latviskumu un patriotismu. <\/em><\/span><\/span><\/p>\n<p><span style=\"color: #0000ff;\"><span style=\"color: #ff0000;\"><em><span style=\"color: #0000ff;\"><strong>Juris Ka\u013c\u0137is:<\/strong> <\/span>&#8220;<\/em><\/span><\/span><span style=\"color: #ff0000;\"><em>prtet\u012bgs izdzimtenis ir tavs t\u0113vs pedof\u012bl granti\u0146.&#8221;. &#8220;Un pipeli s\u016bk\u0101ja tava m\u0101te-visam psrs poltbirojam pedof\u012bl granti\u0146.un savu asm ieb\u0101z sev dirs\u0101 pedof\u012bl&#8221;. To visu j\u016bs variet piln\u012bb\u0101 izlas\u012bt \u0161eit:<\/em><\/span><a href=\"https:\/\/www.draugiem.lv\/user\/5085333\/blog\/?p=12760563&amp;com_id=377328201\">https:\/\/www.draugiem.lv\/user\/5085333\/blog\/?p=12760563&amp;com_id=377328201<\/a><\/p>\n<p><span style=\"color: #ff0000;\"><em><span style=\"color: #0000ff;\"><strong>Aivars Gedroics:<\/strong><\/span>Iesniegts <a title=\"http:\/\/tautastribunals.eu\/?p=24177&amp;cpage=1#comment-20336\" href=\"http:\/\/tautastribunals.eu\/?p=24177&amp;cpage=1#comment-20336\" target=\"_blank\" rel=\"noopener noreferrer\">http:\/\/tautastribunals.eu\/<\/a><br \/>\nCik raiv\u012btim bija neofici\u0101lu sievu, neesi paskait\u012bjis??? Nerun\u0101sim jau par to, ka tu, debilais nolaistais gaili, s\u016bk\u0101ji vi\u0146a pipeli, \u010de\u0137ista-komunista-pe\u0123ika Krusti\u0146a un ar\u012b vi\u0146a pat\u0113va-okupanta s\u016bdos izv\u0101rt\u012btu!!!<\/em><\/span><\/p>\n<p><span style=\"color: #ff0000;\"><em><span style=\"color: #800000;\"><strong><span style=\"color: #0000ff;\">Igors \u0160i\u0161kins<\/span> <\/strong><\/span>ir non\u0101cis, l\u016bk, pie k\u0101da sl\u0113dziena:<span style=\"color: #800000;\"> <strong>&#8220;Krievi nav m\u016bsu ienaidnieki, bet gan VL!&#8221;<\/strong><\/span> <\/em><\/span><\/p>\n<p><span style=\"color: #ff0000;\"><em>Nekas cits neatliek sac\u012bt: <strong>\u012bsts putinists<\/strong>. <\/em><\/span><\/p>\n<p><span style=\"color: #ff0000;\"><em>Un, kas par varenu v\u012bru izr\u0101d\u0101s ir<strong> Uldis S\u0113ne- Lato Lapsas<\/strong> draugs. Kad izlas\u012bju vi\u0146a koment\u0101ru, k\u0101jas s\u0101ka tr\u012bc\u0113t. &#8220;Dr\u012bz notik\u0161ot kas briesm\u012bgs&#8221;, pazi\u0146oja S\u0113nes kungs. Interesanti, vai DP vi\u0146\u0161 ir inform\u0113jis par to, vai tas notiks ar DP l\u012bdzdal\u012bbu ? &#8220;Vot&#8221;, tas b\u016btu interesanti uzzin\u0101t. Katr\u0101 gad\u012bjum\u0101 es \u0161o rakstu nog\u0101d\u0101\u0161u jaunajam DPistam Mezvietam. \u0160eit l\u016bk vi\u0146a mesi\u0101niskais pazi\u0146ojums: <\/em><\/span><\/p>\n<p><span style=\"color: #ff0000;\"><em><strong><span style=\"color: #0000ff;\">Uldis S\u0113ne:<\/span><\/strong><span style=\"color: #800000;\"> &#8220;Tas, ka nevienu mans viedoklis neinteres\u0113 \u0161obr\u012bd, nenoz\u012bm\u0113, ka p\u0113c m\u0113ne\u0161a situ\u0101cija nes\u0101ks strauji main\u012bties, jo tu v\u0113l neesi inform\u0113ts par to, kas paties\u012bb\u0101 gatavojas.<br \/>\nJebkur\u0101 gad\u012bjum\u0101, taisn\u012bguma princips prasa r\u016bp\u012bgu publisku izmekl\u0113\u0161anu, kur abas intere\u0161u puses ir ties\u012bgas pied\u0101v\u0101t savu skat\u012bjumu un faktus. Un l\u012bdz ar to, mani nav iesp\u0113jams ties\u0101t par tevis izvirz\u012bto aps\u016bdz\u012bbu. Bez tam, viss liek dom\u0101t, ka visticam\u0101k, ties\u0101ts tiksi tu, jo nezini v\u0113l to, kas zin\u0101ms man. bet t\u0101, vec\u012bt, ir sens\u0101cija. tuv\u0101kaj\u0101 laik\u0101 t\u0101 n\u0101ks gaism\u0101, un tu pats b\u016bsi spiests noskat\u012bties, k\u0101 sabr\u016bk tava uzskatu pasaul\u012bte un visa tava brav\u016bra. Dodu 99% garantiju!&#8221;<\/span><\/em><\/span><\/p>\n<p><span style=\"color: #ff0000;\"><em><span style=\"color: #800000;\"><span style=\"color: #ff0000;\">Visu \u0161o saraksti var las\u012bt \u0161eit:<\/span><span style=\"color: #0000ff;\"><a href=\"https:\/\/www.draugiem.lv\/user\/5085333\/say\/?pid=1370271199&amp;com_id=377214688\">https:\/\/www.draugiem.lv\/user\/5085333\/say\/?pid=1370271199&amp;com_id=377214688<\/a><\/span><\/span><\/em><\/span><\/p>\n<p><span style=\"color: #ff0000;\"><em><span style=\"color: #800000;\"><span style=\"color: #ff0000;\">Kas attiecas uz <span style=\"color: #0000ff;\"><strong>Arti B\u0113rzi\u0146u<\/strong>,<\/span> tad vi\u0146\u0161 p\u0113c visiem kareiv\u012bgajiem pazi\u0146ojumiem, ka es esmu nacists un tieku iegr\u0101matots vi\u0146a atrieb\u012bbas &#8220;dienasgr\u0101mat\u0101&#8221;, un, protams, ka ar\u012b ukrai\u0146i nacisti, mani noblo\u0137\u0113ja un nekav\u0113joties savu profila bildi dz\u0113sa. Laikam jau saprata, ka izskat\u0101s p\u0113c <strong>&#8220;Do\u0146eckas republikas \u0137eizara&#8221;.<\/strong><\/span><\/span><\/em><\/span><\/p>\n<p><span style=\"color: #ff0000;\"><em><span style=\"color: #800000;\"><span style=\"color: #ff0000;\">Visiem \u0161iem <strong>krem\u013ca padiben\u0113m<\/strong>, protams, ka ir ar\u012b atbalst\u012bt\u0101ji. To var redz\u0113t p\u0113c koment\u0101riem un balsojumiem.<\/span><\/span><\/em><\/span><\/p>\n<p><span style=\"color: #ff0000;\"><em><span style=\"color: #800000;\"><span style=\"color: #ff0000;\">T\u0101p\u0113c ir \u013coti svar\u012bgi par vi\u0146iem run\u0101t un vi\u0146us zin\u0101t, jo attiec\u012bgaj\u0101 <span style=\"color: #800000;\"><strong>x <\/strong><\/span>stund\u0101, tie\u0161i vi\u0146i b\u016bs tie, kuri \u0161aus mums mugur\u0101, un, iesp\u0113jams, ar\u012b piedal\u012bsies n\u0101kotnes masu deport\u0101cij\u0101s.<\/span><\/span><\/em><\/span><\/p>\n<p><span style=\"color: #ff0000;\"><em><span style=\"color: #800000;\"><span style=\"color: #ff0000;\">Latviet, juku laikos zini, ka <strong>&#8220;j\u0101blie\u017e&#8221;<\/strong> \u0161iem s\u016bdiem virsu bez br\u012bdin\u0101juma, jo vi\u0146i tevi ne\u017e\u0113los !<\/span><\/span><\/em><\/span><\/p>\n<p><span style=\"color: #ff0000;\"><em><span style=\"color: #800000;\"><span style=\"color: #ff0000;\"><span style=\"text-decoration: underline;\">=========================================================================<\/span><br \/>\n<\/span><\/span><\/em><\/span><\/p>\n<p><span style=\"color: #ff0000;\"><em><span style=\"color: #800000;\"><span style=\"color: #ff0000;\"><span style=\"color: #0000ff;\">27.12.14.\u00a0\u00a0\u00a0 LRTT.<\/span><br \/>\n<\/span><\/span><\/em><\/span><\/p>\n<p><span style=\"color: #ff0000;\"><em><span style=\"color: #800000;\"><span style=\"color: #ff0000;\"><span style=\"color: #0000ff;\">Bet nobeigum\u0101 variet las\u012bt k\u0101rt\u0113jo <strong>Aivara Gardas <\/strong>drauga <strong>Aivara Gedroica<\/strong> sacer\u0113jumu, kuru vi\u0146\u0161 izs\u016bt\u012bjis pietieko\u0161i pla\u0161am &#8220;<strong>pazi\u0146u lokam<\/strong>&#8220;.<\/span><\/span><\/span><\/em><\/span><\/p>\n<p><span style=\"color: #ff0000;\"><em><span style=\"color: #800000;\"><span style=\"color: #ff0000;\"><span style=\"color: #0000ff;\"><img decoding=\"async\" loading=\"lazy\" class=\"alignleft  wp-image-24391\" title=\"MIGLA SARKAN\u0100- NOL\u0100D\u0112T\u0100,REINIKS,\u0100BOLTI\u0145A\" src=\"http:\/\/tautastribunals.eu\/wp-content\/uploads\/2014\/12\/MIGLA-SARKAN\u0100-NOL\u0100D\u0112T\u0100REINIKS\u0100BOLTI\u0145A.PNG\" alt=\"MIGLA SARKAN\u0100- NOL\u0100D\u0112T\u0100,REINIKS,\u0100BOLTI\u0145A\" width=\"1983\" height=\"170\" srcset=\"https:\/\/tautastribunals.eu\/wp-content\/uploads\/2014\/12\/MIGLA-SARKAN\u0100-NOL\u0100D\u0112T\u0100REINIKS\u0100BOLTI\u0145A.PNG 986w, https:\/\/tautastribunals.eu\/wp-content\/uploads\/2014\/12\/MIGLA-SARKAN\u0100-NOL\u0100D\u0112T\u0100REINIKS\u0100BOLTI\u0145A-300x25.PNG 300w, https:\/\/tautastribunals.eu\/wp-content\/uploads\/2014\/12\/MIGLA-SARKAN\u0100-NOL\u0100D\u0112T\u0100REINIKS\u0100BOLTI\u0145A-800x68.PNG 800w\" sizes=\"(max-width: 1983px) 100vw, 1983px\" \/>Adres\u0101ti, kuriem <strong>Daugavpils patriots<\/strong> izs\u016bt\u012bjis savu &#8220;<strong>klasiku&#8221;<\/strong>:anita.stasulane@du.lv; birze.viktors@gmail.com; dace.kokarevica@la.lv; dddlnf@gmail.com; diena@diena.lv; eevee576@gmail.com<br \/>\nCC: girts.gosko@gmail.com; juris.lapinskis@e-apollo.lv; krama@inbox.lv; lasitaji@tvnet.lv; Latvija.1918@comcast.net; leonards@parks.lv; lielkalni@inbox.lv; liene.rijkure@gmail.com; l.grantins@hotmail.de; manels@inbox.lv; mareks.svencs@inbox.lv; maris.antonevics@la.lv; pupurs@aol.com; raivis.dzintars@inbox.lv; redakcija@apollo.lv; redakcija@delfi.lv; redakcija@la.lv; redakcija@nra.lv; rita.ruska@la.lv; steidzite@gmail.com<\/span><\/span><\/span><\/em><\/span><\/p>\n<h1><span style=\"color: #008000;\"><em>LRTT priek\u0161v\u0101rds<\/em><\/span><\/h1>\n<p><span style=\"color: #008000;\">P\u0113c tevis pa\u0161a v\u0113rt\u0113juma, &#8220;god\u0101tais&#8221; A. Gedroic, izn\u0101k, ka p\u0113c visiem punktiem esi pederasts.<br \/>\nKur\u0161 punkts man &#8220;pas\u0113tu&#8221;, nevaru st\u0101d\u012bties priek\u0161\u0101.<br \/>\nMan ir sieva, tr\u012bs b\u0113rni, mazb\u0113rni&#8230;. .<br \/>\nDom\u0101ju, ka ar Sluci ar\u012b viss ir k\u0101rt\u012bb\u0101. Neticu, ka Krusti\u0146\u0161 pieder pie t\u0101diem.<br \/>\nKaut ar\u012b vi\u0146\u0161 ir mans ideolo\u0123iskais pretinieks, kaut ko t\u0101du pasac\u012bt uz vi\u0146u ir zem(pat) jebkura r\u0101pu\u013ca cie\u0146as, nemaz nerun\u0101jot par cilv\u0113ku.<br \/>\n<\/span> <span style=\"color: #008000;\"><br \/>\nNeticu un ar\u012b nezinu vai tu esi &#8220;pedi\u0146\u0161&#8221;<em>(k\u0101 pats saki), <\/em>bet ja v\u012brietis tav\u0101 vecum\u0101 nav prec\u0113jies, tad vi\u0146\u0161 ir akt\u012bvs anon\u0113t\u0101js, jo hormoni prasa savu.<br \/>\nBet iesp\u0113jams ar\u012b, ka esi r\u016bn\u012bts- nu teiksim, suns b\u0113rn\u012bb\u0101 pautus izkodis. K\u0101 zin\u0101m, tad kastr\u0113ti run\u010di ar\u012b ir nedabiski resni- tie\u0161i t\u0101di k\u0101 tu.<\/span><\/p>\n<p><span style=\"color: #008000;\">T\u0101d\u0101 gad\u012bjuma izsaku l\u012bdzj\u016bt\u012bbu tev un ar\u012b tavam &#8220;patronam&#8221; Aivaram Gardam.<\/span><\/p>\n<p><span style=\"color: #008000;\">Ar\u012b es pa\u0161laik gatavoju rakstu kur\u0101 tu tiksi piemin\u0113ts. Foto aizs\u016bt\u012b\u0161u jau tagad.<\/span><\/p>\n<p><span style=\"color: #008000;\">Neskatoties uz visu, lai saule vienm\u0113r tev apgaismo pr\u0101tu un ejamo ce\u013cu.<\/span><\/p>\n<p><span style=\"color: #008000;\">Lai tev veiksm\u012bgs Jaunais gads !<\/span><\/p>\n<p><span style=\"color: #008000;\"><em>Visaugst\u0101k\u0101 cie\u0146\u0101, L. Granti\u0146\u0161<\/em><\/span><\/p>\n<p align=\"center\"><strong>VAI J\u016aS GAD\u012aJUM\u0100 NEESAT <em>PIDARS, <\/em>SLU\u010cA KUNGS ?<\/strong><\/p>\n<p>Pirms da\u017eiem gadiem esmu jau rakst\u012bjis publik\u0101ciju \u201eKas j\u016bs esat, doktor Aivar Sluci?\u201d (<a href=\"http:\/\/klab.lv\/users\/aivars_666\/52180.html\">http:\/\/klab.lv\/users\/aivars_666\/52180.html<\/a>) Uzskatu, ka nu ir pien\u0101cis laiks atgriezties pie Aivars Slu\u010da person\u012bbas izv\u0113rt\u0113\u0161anas.<\/p>\n<p>K\u0101 jau esmu rakst\u012bjis agr\u0101k, pirms gadiem 20 es \u013coti cien\u012bju un apbr\u012bnoju \u0161o cilv\u0113ku, pirmk\u0101rt jau par to, ka vi\u0146\u0161 sp\u0113j un grib at\u013cauties t\u0101das milz\u012bgas naudas summas t\u0113r\u0113t savu princip\u0101 pareizo un no m\u016bsu varturu nost\u0101jas toreiz tik at\u0161\u0137ir\u012bgo uzskatu rekl\u0101mai. Man \u0161ad tad ien\u0101ca pr\u0101t\u0101, k\u0101 uz to skat\u0101s vi\u0146a tuvinieki, vai atbalsta un saprot vi\u0146a r\u012bc\u012bbu? Tad, neatceros k\u0101d\u0101 \u012bsti veid\u0101, tas ar\u012b nemaz nav b\u016btiski, es uzzin\u0101ju, ka \u0123imenes \u0161im cilv\u0113kam nav, vi\u0146\u0161 dz\u012bvo viens pats. \u0160is fakts man nek\u0101das nelabas aizdomas toreiz neizsauca, taisni otr\u0101di, es jutos pat priec\u012bgs, ka esmu sa\u0146\u0113mis atbildi uz pa\u0161a sev uzdoto jaut\u0101jumu.<\/p>\n<p>Visp\u0101r jau iemesli, k\u0101p\u0113c cilv\u0113ki nenodibina \u0123imenes, parasti ir \u0161\u0101di:<\/p>\n<p>1)\u00a0\u00a0\u00a0 vi\u0146i nesp\u0113j sev atrast pietiekami atbilsto\u0161u un saproto\u0161u \u201eotro pusi\u201d;<\/p>\n<p>2)\u00a0\u00a0\u00a0 vi\u0146iem ir k\u0101da nopietna fiziska vai gar\u012bga kaite, ko vi\u0146i nev\u0113las nodot n\u0101kamaj\u0101m paaudz\u0113m;<\/p>\n<p>3)\u00a0\u00a0\u00a0 vi\u0146u materi\u0101lais st\u0101voklis ne\u013cauj uz\u0146emties atbild\u012bbu par potenci\u0101lo \u0123imeni;<\/p>\n<p>4)\u00a0\u00a0\u00a0 vi\u0146i ir t\u0101 aizr\u0101vu\u0161ies ar savu darbu vai hobiju, ka velt\u012b tam visu m\u016b\u017eu un person\u012bg\u0101s lietas atst\u0101j nov\u0101rt\u0101;<\/p>\n<p>5)\u00a0\u00a0\u00a0 vi\u0146iem ir t.s. \u201enetradicion\u0101l\u0101 seksu\u0101l\u0101 orient\u0101cija\u201d.<\/p>\n<p><img decoding=\"async\" loading=\"lazy\" class=\"alignleft size-full wp-image-24396\" title=\"Gedroics.docx. Garda.\" src=\"http:\/\/tautastribunals.eu\/wp-content\/uploads\/2014\/12\/Gedroics.docx.-Garda..jpg\" alt=\"Gedroics.docx. Garda.\" width=\"315\" height=\"248\" \/>Atz\u012b\u0161os, ka ar\u012b pats piederu pie \u0161\u0101da tipa cilv\u0113kiem, proti, man pa\u0161am ir sp\u0113k\u0101 1), 3) un da\u013c\u0113ji ar\u012b 4) punkts, kas man nav \u013c\u0101vu\u0161i \u201eiebraukt laul\u012bbas ost\u0101\u201d. L\u012bdz \u0161im biju dom\u0101jis, ka ar\u012b A.Slucis nav prec\u0113jies 1), 4), nu varb\u016bt slikt\u0101kaj\u0101 gad\u012bjum\u0101 2) iemesla d\u0113\u013c. Tagad, v\u0113lreiz izv\u0113rt\u0113jis un p\u0101rdom\u0101jis visu, kas man zin\u0101ms par A.Slu\u010da person\u012bbu un vi\u0146a sabiedriski-politisko darb\u012bbu, esmu non\u0101cis pie secin\u0101juma, ka diem\u017e\u0113l vi\u0146a gad\u012bjum\u0101 iz\u0161\u0137iro\u0161ais laikam tom\u0113r b\u016bs manis min\u0113tais 5) punkts. Cent\u012b\u0161os t\u016bl\u012bt ar\u012b sec\u012bgi pamatot \u0161os savus uzskatus.<\/p>\n<p>K\u0101 zin\u0101ms, A.Slu\u010da uztic\u012bbas persona Latvij\u0101 bija nu jau nelai\u0137is, biju\u0161ais fotogr\u0101fs un laikraksta \u201eNacion\u0101l\u0101 Neatkar\u012bba\u201d \u017eurn\u0101lists <strong>Gun\u0101rs Birkmanis<\/strong>. Ar Slu\u010da atbalstu (finansi\u0101lo) vi\u0146\u0161 ir izdevis daudzas interesantas un satur\u0101 patriotiskas gr\u0101matas \u2013 gan dai\u013cliterat\u016bru, gan publicistiku. Ar\u012b augst\u0101k min\u0113t\u0101 av\u012bze regul\u0101ri sa\u0146\u0113ma A.Slu\u010da ziedojumus laik\u0101, kad tur str\u0101d\u0101ja G.Birkmanis. Sav\u0101 iepriek\u0161\u0113j\u0101 publik\u0101cij\u0101 par A.Sluci manis piemin\u0113taj\u0101 vi\u0146a 1995.gad\u0101 organiz\u0113taj\u0101 konkurs\u0101 par Latvijas dekoloniz\u0101cijas nepiecie\u0161am\u012bbu k\u0101 darbu iesnieg\u0161anas adrese tika nor\u0101d\u012bta G.Birkma\u0146a person\u012bg\u0101 abonenta kast\u012bte Nr.415, kas v\u0113l\u0101k k\u013cuva par pamatu jaunatnes organiz\u0101cijas \u201eKlubs-415\u201d nosaukumam, ko izveidoja \u0161\u012b konkursa dal\u012bbnieki un kas ar\u012b vismaz t\u0101 darb\u012bbas s\u0101kotn\u0113j\u0101 posm\u0101 ar G.Birkma\u0146a starpniec\u012bbu sa\u0146\u0113ma A.Slu\u010da finans\u0113jumu.<\/p>\n<p>Uzs\u0101kot savu politisko darb\u012bbu A.Gardam, A.Slucis ar\u012b sniedza atbalstu vi\u0146a idej\u0101m, pasniedzot savu balvu p\u0101ris t.s. \u201eGardas meiten\u0113m\u201d. Atz\u012b\u0161os, biju nedaudz izbr\u012bn\u012bts, ka balvas sa\u0146\u0113m\u0113ju vid\u016b nav pa\u0161a A.Gardas, ta\u010du skaidroju sev to t\u0101dej\u0101di, ka vi\u0146\u0161 jau ir pietiekami situ\u0113ts cilv\u0113ks gados, kam\u0113r atbalsts pirmk\u0101rt nepiecie\u0161ams ir jaunajai paaudzei, un dro\u0161i vien t\u0101 dom\u0101 ar\u012b Slu\u010da kungs. Biju p\u0101rliecin\u0101ts, ka abi Aivari \u2013 Garda un Slucis \u2013 noteikti sadraudz\u0113sies un cie\u0161i sadarbosies. T\u0101p\u0113c k\u0101 nepat\u012bkama auksta du\u0161a p\u0101r mani p\u0113c da\u017eiem m\u0113ne\u0161iem n\u0101ca v\u0113sts, ka G.Birkmanis r\u012bko tik\u0161anos ar A.Slu\u010da balvas sa\u0146\u0113m\u0113jiem, uz kuru bija uzaicin\u0101tas ar\u012b \u201eGardas meitenes\u201d, ta\u010du, kad vi\u0146as izteica v\u0113lmi pasaukt l\u012bdzi ar\u012b pa\u0161u A.Gardu, sa\u0146\u0113ma no G.Birkma\u0146a diezgan nelaipnu atteikumu, pamatotu ar argumentu, ka <strong>sol\u012bd\u0101 publik\u0101 t\u0101ds tips k\u0101 Garda vis neiederoties<\/strong>. Skaidrs, ka ne jau pats vi\u0146\u0161 bija n\u0101cis pie \u0161\u0101das atzi\u0146as, to vi\u0146am bija iepot\u0113jis A.Slucis. Dabiski, ka abas meitenes toreiz apvainoj\u0101s un ar\u012b pa\u0161as uz tik\u0161anos neierad\u0101s.<\/p>\n<p>Uzzin\u0101jis \u0161o nepat\u012bkamo faktu, es iegrimu dzi\u013c\u0101s p\u0101rdom\u0101s. <strong>\u201eK\u0101p\u0113c Slucis neieredz Gardu, kas vi\u0146am v\u0101rdabr\u0101l\u012b t\u0101 nepat\u012bk?\u201d<\/strong>, es sev jaut\u0101ju un m\u0113\u0123in\u0101ju pats ar\u012b uz to atbild\u0113t. Varb\u016bt vaina ir t\u0101, ka A.Garda k\u0101du laiku ir dz\u012bvojis un str\u0101d\u0101jis Maskav\u0101? Varb\u016bt A.Slucim nepat\u012bk A.Gardas reli\u0123iski-filozofisk\u0101 dz\u012bveszi\u0146a, kas izpau\u017eas k\u0101 Dz.\u0112.M\u0101c\u012bbas sludin\u0101\u0161ana? Varb\u016bt A.Slucis k\u0101 lielu gr\u0113ku uzskata to, ka A.Garda da\u017eus gadus pirms PSRS sabrukuma k\u0101 ierindas biedrs sast\u0101v\u0113ja PSKP? Neviens no \u0161iem argumentiem man tom\u0113r nelik\u0101s gana p\u0101rliecino\u0161s. T\u0101 k\u0101 man tobr\u012bd bija visai draudz\u012bgas attiec\u012bbas ar G.Birkmani, nol\u0113mu uzrakst\u012bt p\u0113d\u0113jam un pajaut\u0101t, k\u0101da tad tur ir t\u0101 situ\u0101cija ar attiec\u012bb\u0101m starp vi\u0146u un A.Gardu. Atbild\u0113 sa\u0146\u0113mu apm\u0113ram \u0161\u0101du skaidrojumu \u2013 <strong>tauta<\/strong> (ko Birkmanis bija dom\u0101jis ar \u0161o j\u0113dzienu, toreiz \u012bsti nesapratu, v\u0113l\u0101k tikai man <em>pieleca<\/em>, ka ar tautu vi\u0146\u0161 saprot savu maizes dev\u0113ju Sluci) <strong>neticot Gardam, jo vi\u0146\u0161 l\u012bdztekus okupantiem apkarojot ar\u012b homoseksu\u0101listus,<\/strong> bet to, l\u016bk, nevajagot dar\u012bt, jo neesot \u012bstais laiks, vajagot s\u0101kum\u0101 tikt gal\u0101 ar pirmajiem un tad\u2026 Es biju nepat\u012bkami izbr\u012bn\u012bts un m\u0113\u0123in\u0101ju skaidrot Birkmanim, ka Garda ta\u010du pats to jau uzskat\u0101mi ir pamatojis sav\u0101s publik\u0101cij\u0101s, proti, ja karadarb\u012bbas laik\u0101 izce\u013cas, piem\u0113ram, m\u0113ra epid\u0113mija, tad j\u0101c\u012bn\u0101s gan pret ienaidnieku, gan pret m\u0113ri \u2013 k\u0101da j\u0113ga b\u016bs m\u016bsu uzvarai p\u0101r ienaidnieku, ja pa\u0161i p\u0113c vai pat pirms t\u0101s visi nobeigsimies no m\u0113ra? Uz to man vairs G.Birkmanis nek\u0101 neatbild\u0113ja\u2026<\/p>\n<p>Neatceros, vai toreiz jau zin\u0101ju, ka Slucim nav \u0123imenes, tom\u0113r nek\u0101di nesp\u0113ju notic\u0113t, ka homoseksu\u0101listi un attieksme pret tiem ir \u012bstais iemesls vi\u0146a nepatikai pret Gardu. Nospriedu, ka te vienk\u0101r\u0161i ir nostr\u0101d\u0101jusi daudziem latvie\u0161iem diem\u017e\u0113l piem\u012bto\u0161\u0101 skaud\u012bba \u2013 k\u0101p\u0113c es neesmu vien\u012bgais nacion\u0101li-radik\u0101lais Aivars, no kurienes te man konkurents uzradies\u2026 Nol\u0113mu, ka tas ir \u012bstais iemesls, k\u0101p\u0113c Slucis necie\u0161 Gardu\u2026 lai gan simp\u0101tijas pret Sluci man\u012b \u0161is fakts krietni vien mazin\u0101ja.<\/p>\n<p>Dr\u012bz vien p\u0113c tam A.Slucis pazuda no politisk\u0101s skatuves, vi\u0146a publik\u0101cijas nebija las\u0101mas ne Latvijas, ne \u0101rzemju pres\u0113 vair\u0101kus gadus p\u0113c k\u0101rtas. Izplat\u012bj\u0101s pat baumas, vai tik \u0161is cilv\u0113ks nav jau miris. Un te p\u0113c laika pseidonacion\u0101l\u0101 darbo\u0146a A.Skalberga p\u0101rraid\u0113 izdzirdu atkal par Sluci \u2013 vi\u0146\u0161 darbojoties \u201ePilsoniskaj\u0101 savien\u012bb\u0101\u201d, veidojum\u0101, kas at\u0161\u0137\u0113lies no Rep\u0161es dibin\u0101t\u0101 \u201eJaun\u0101 Laika\u201d. No p\u0101rsteiguma man teju pat \u017eoklis atk\u0101r\u0101s\u2026 Mani neizbr\u012bn\u012bja, ka Slucis vairs neatbalst\u012bja \u201eTunB\u201d, pats vi\u0146u biju aicin\u0101jis no turienes izst\u0101ties, jo dekoloniz\u0101cijas idejas jau teju 10 gadus vi\u0146i vairs nepropagand\u0113ja\u2026 bet es nek\u0101di nesp\u0113ju saprast, k\u0101p\u0113c vi\u0146\u0161 t\u0101s viet\u0101 bija izv\u0113l\u0113jies \u201ePilsonisko savien\u012bbu\u201d. Labi zin\u0101ju, k\u0101di \u013caudis taj\u0101 darbojas \u2013 kosmopol\u012btiski sorosie\u0161i, kuri nekad ar pu\u0161pl\u0113stu v\u0101rdu pat nav iemin\u0113ju\u0161ies par nepiecie\u0161am\u012bbu atbr\u012bvot Latviju no okupantiem\u2026 Kas vi\u0146iem kop\u012bgs ar Sluci \u2013 dom\u0101ju un nek\u0101di nesp\u0113ju saprast. Apm\u0113ram taj\u0101 laik\u0101 ar\u012b tapa mans raksts \u201eKas j\u016bs esat, doktor Aivar Sluci?\u201d. Nek\u0101du atbildi uz \u0161o rakstu ne no pa\u0161a Slu\u010da, ne no vi\u0146a \u201euztic\u012bbas v\u012bra\u201d Birkma\u0146a nesa\u0146\u0113mu un nebiju ar\u012b \u012bpa\u0161i cer\u0113jis sa\u0146emt. Dr\u012bz vien uzpeld\u0113ja skand\u0101ls par Slu\u010da un Kristovska saraksti, p\u0113c kura Slucis no \u201ePS\u201d tika izsl\u0113gts. \u201eNu ta\u010du vi\u0146\u0161 b\u016bs n\u0101cis pie pr\u0101ta\u201d, dom\u0101ju, \u201esaprat\u012bs beidzot, kas ir \u012bstie m\u016bsu tautas draugi un ar ko vajag kontakt\u0113ties\u201d. Diem\u017e\u0113l dr\u012bzum\u0101 dab\u016bju zin\u0101t, ka Slucis nodibin\u0101jis sakarus ar viltusnacion\u0101\u013ciem no \u201eVL\u201d un faktiski atgriezies atpaka\u013c turpat, kur vi\u0146\u0161 bija \u2013 pie <em>t\u0113beu\u0161k\u0101m<\/em>, kas tais\u012bj\u0101s apvienoties ar VL. Kas notiek ar \u0161o cilv\u0113ku \u2013 k\u0101rt\u0113jo reizi dom\u0101ju un nesp\u0113ju saprast. Un tad p\u0113k\u0161\u0146i Slucis s\u0101ka sniegt intervijas un ar\u012b druk\u0101ties maksas publik\u0101cij\u0101s b\u0113d\u012bgi slaven\u0101 komunista-\u010dekista-pederasta V.Krusti\u0146a vad\u012btaj\u0101 \u201eLA\u201d. P\u0113d\u0113jais tips Sluci diezgan atsauc\u012bgi uz\u0146\u0113ma un iztur\u0113j\u0101s pret vi\u0146u ar nesl\u0113pt\u0101m simp\u0101tij\u0101m, lai gan agr\u0101k k\u0101 \u201eprovokat\u012bvu naida kurin\u0101t\u0101ju\u201d bija nosod\u012bjis, t\u0101pat k\u0101 A.Gardu un citus izteiktos nacion\u0101lradik\u0101\u013cus. \u201eKas vi\u0146us velk vienu pie otra\u201d, dom\u0101ju, \u201evai tie\u0161\u0101m TAS\u2026?\u201d. Par V.Krusti\u0146a seksu\u0101lo orient\u0101ciju man jau labi sen nav nek\u0101du \u0161aubu. Savuk\u0101rt, punktu man\u0101m \u0161aub\u0101m par Sluci pielika Skalberga izdotais Slu\u010da publik\u0101ciju kr\u0101jums \u201eSarg\u0101t Latviju\u201d, kur\u0101 Slucis s\u016bkst\u0101s, ka esot ASV prezidenta v\u0113l\u0113\u0161an\u0101s balsojis par Obamu, bet vi\u0146\u0161 izr\u0101d\u012bjies tik prokrievisks. Nu man atkal bija pamats teju krist \u0123\u012bbon\u012b!!! Ko Slucis citu var\u0113ja gaid\u012bt no demokr\u0101ta? Vai vi\u0146\u0161 nezin\u0101ja, kas t\u0101 visp\u0101r ir par partiju? Tas ta\u010du ir m\u016bsu \u201eSaska\u0146as centrs\u201d amerik\u0101\u0146u izpild\u012bjum\u0101! Vai tad Slucis nezina, ka praktiski neviens ASV pilsonis-latvietis (te nerun\u0101sim par t\u0101diem izdzimte\u0146iem k\u0101 K.Streips, kas, manupr\u0101t, ne tikai latvie\u0161a, pat cilv\u0113ka v\u0101rda nav cien\u012bgi) p\u0113c 2.pasaules kara nekad nav balsojis par demokr\u0101tiem, tikai republik\u0101\u0146iem. Jo vi\u0146i labi zina, no kurienes n\u0101ca R\u016bzvelts, kas \u013c\u0101va Baltiju piev\u0101kt Sta\u013cinam, un neviens vi\u0146a p\u0113ctecis no Demokr\u0101tu partijas nekad \u0161o nekrietno r\u012bc\u012bbu nav nosod\u012bjis. Kam tad m\u012b\u013c\u0161 ir Obama? Nu, protams, visu veidu kr\u0101sainajiem ASV pilso\u0146iem, imigrantiem, ko vi\u0146\u0161 aizst\u0101v ar put\u0101m uz l\u016bp\u0101m\u2026 un ar\u012b homoseksu\u0101listiem. Ne n\u0113\u0123eris, ne indi\u0101nis, ne mulats, ne iebrauc\u0113js no Meksikas Slucis nav, t\u0101tad atliek\u2026 j\u0101, <strong>atliek secin\u0101t, ka Slucis diem\u017e\u0113l ir pederasts.<\/strong><\/p>\n<p>J\u0101atz\u012bstas, es pats biju \u0161ok\u0101 no \u0161\u0101das atzi\u0146as un s\u0101ku mekl\u0113t argumentus, kas to apg\u0101ztu\u2026 bet atradu diem\u017e\u0113l tikai t\u0101dus, kas to apstiprina. L\u016bk, trimdas av\u012bze \u201eLaiks\u201d, taj\u0101 bie\u017ei str\u012bdas Slucis ar Streipu. Par daudz ko lau\u017e vi\u0146i \u0161\u0137\u0113pus, daudz ko pidaram p\u0101rmet Slucis\u2026 bet tikai ne vi\u0146a seksu\u0101lo orient\u0101ciju, t\u0101s sakar\u0101 Slucis Streipam nav bildis ne pu\u0161pl\u0113sta v\u0101rdi\u0146a, tur laikam vi\u0146apr\u0101t viss ir k\u0101rt\u012bb\u0101\u2026 Un ne tikai Streipam, <strong>visp\u0101r nevienam pidaram Slucis nekad neko nav p\u0101rmetis<\/strong>\u2026 cita lieta pidaru un lezbu apkarot\u0101ji, tos gan Slucis nem\u012bl (skat. manis iepriek\u0161 min\u0113to vi\u0146a attieksmi pret Gardu). L\u016bk, tagad pat p\u0113c b\u0113d\u012bgi slaven\u0101 Rinkevi\u010da pazi\u0146ojuma Slucim nekas nav bilstams pret\u012b, \u0100rlietu ministrs ir <em>gejs <\/em>\u2013 nu \u013coti labi un m\u016bsdien\u012bgi. Interesanti ar\u012b atz\u012bm\u0113t, ka kosmopol\u012btisk\u0101s organiz\u0101cijas un vi\u0146u uztur\u0113tie sazi\u0146as l\u012bdzek\u013ci p\u0113d\u0113j\u0101 laik\u0101 ir k\u013cuvu\u0161i stipri vien toleranti un var\u0113tu pat teikt, draudz\u012bgi pret Sluci. L\u016bk, piem\u0113rs, vair\u0101ku sabiedrisku darbinieku parakst\u012bta v\u0113stule, kas nosoda prezidentu B\u0113rzi\u0146u. (<a href=\"http:\/\/www.pietiek.com\/raksti\/atklata_vestule_sakara_ar_latvijas_valsts_prezidenta_andra_berzina_reakciju_uz_krievijas_agresiju_ukraina\">http:\/\/www.pietiek.com\/raksti\/atklata_vestule_sakara_ar_latvijas_valsts_prezidenta_andra_berzina_reakciju_uz_krievijas_agresiju_ukraina<\/a>) K\u0101 redzam, t\u0101s parakst\u012bt\u0101ju vid\u016b p\u0101rsvar\u0101 ir kosmopol\u012btiski noska\u0146oti sorosie\u0161i, tai skait\u0101 ar\u012b t\u0101di, kas savulaik akt\u012bvi nosod\u012bja Aivaru Gardu un vi\u0146a politisk\u0101s aktivit\u0101tes. Un \u2013 tavu br\u012bnumu \u2013 vi\u0146u vid\u016b ir ar\u012b Aivara Slu\u010da v\u0101rds. J\u0101, es piekr\u012btu, v\u0113stule princip\u0101 ir pareiza, ar\u012b Aivars Garda dro\u0161i vien piekristu to parakst\u012bt, bet vi\u0146am, at\u0161\u0137ir\u012bb\u0101 no A.Slu\u010da, to neviens nepied\u0101v\u0101ja \u2013 lai, l\u012bdz\u012bb\u0101s run\u0101jot, vi\u0146a <em>ekstr\u0113mista v\u0101rda darvas karote nesaboj\u0101tu mucu medus. <\/em>V\u0113l pirms gadiem 10 ar\u012b A.Slucis bija t\u0101da pati <em>darvas karote<\/em>, nav iedom\u0101jams, ka \u201esol\u012bda publika\u201d (ar to dom\u0101jot varas org\u0101niem tuvus, no Sorosa fonda algu sa\u0146emo\u0161us darbo\u0146us) piekristu likt vi\u0146a parakstu uz k\u0101da no pa\u0161u gatavotajiem dokumentiem. Nu vairs t\u0101 nav, A.Slucis ir k\u013cuvis pietiekami <em>sol\u012bds<\/em>, lai no vi\u0146a v\u0101rda nebaid\u012btos un nekautr\u0113tos. Kas tam ir par iemeslu? Nacion\u0101los uzskatus vi\u0146\u0161 it k\u0101 b\u016btiski nav main\u012bjis, vismaz v\u0101rdos\u2026 ac\u012bmredzot, ir atkl\u0101jusies vi\u0146a tolerance (varb\u016bt pat pieder\u012bba) pret (pie) homoseksu\u0101listus p\u0101rst\u0101vo\u0161\u0101m organiz\u0101cij\u0101m.<\/p>\n<p>Jau iepriek\u0161\u0113j\u0101 rakst\u0101 min\u0113ju, ka Slucis nekad nelieto v\u0101rdus \u201en\u0113\u0123eris\u201d un \u201e\u017e\u012bds\u201d, to viet\u0101 izmantojot \u201emelnais\u201d un \u201eebrejs\u201d. Ja par pirmo v\u0101rdu v\u0113l var\u0113tu teikt, ka to vi\u0146am iepot\u0113ju\u0161i\u00a0 \u201dpolitkorektie\u201d amerik\u0101\u0146i, tad jau nu \u017e\u012bdus ASV vienm\u0113r ir sauku\u0161i par \u017e\u012bdiem (Jew), nevis ebrejiem (Hebrew). \u00a0Interesanti b\u016btu zin\u0101t, k\u0101 vi\u0146\u0161 d\u0113v\u0113 homoseksu\u0101listus? Un k\u0101da ir vi\u0146a attieksme pret viendzimuma laul\u012bbu legaliz\u0113\u0161anu, kas sevi\u0161\u0137i uzplaukusi ASV vi\u0146a m\u012b\u013cot\u0101 <em>prez\u012b\u0161a <\/em>Obamas vald\u012b\u0161ana laik\u0101? Tak jau laikam pozit\u012bva, jo, ja nekritiz\u0113 \u2013 t\u0101tad piekr\u012bt. Neticu ar\u012b, ka vi\u0146\u0161 nezin\u0101ja, k\u0101da t\u0101 Obamam ir, kad balsoja par \u0161o jefi\u0146u. Zin\u0101ja \u013coti labi, un dro\u0161i vien pat apsveica to.<\/p>\n<p>V\u0113l j\u0101atz\u012bm\u0113, ka Slucim un pr\u0101tu izk\u016bkoju\u0161ajam <em>gailim <\/em>no Minsteres L.Granti\u0146am kop\u012bga ir nekritiska j\u016bsma par VL darbo\u0146iem, kas vi\u0146u abu uztver\u0113 esot vien\u012bgie \u012bstie Patrioti Latvij\u0101. (Tie, kas ir par vi\u0146iem radik\u0101l\u0101ki, piem\u0113ram \u201eDDD\u201d, ir s\u012bki, margin\u0101li grup\u0113jumi \u2013 propon\u0113 Slucis intervij\u0101 draudzi\u0146am pidaram Krustelim intervij\u0101 \u201eLA\u201d) Ja Granti\u0146a nost\u0101ju v\u0113l var\u0113tu izskaidrot ar to, ka vi\u0146am, k\u0101 pats atz\u012bst, smadzenes ir cietum\u0101 ar \u0137ebli no galvas izdauz\u012btas, un adekv\u0101ti uztvert notieko\u0161o vi\u0146\u0161 vienk\u0101r\u0161i nesp\u0113j, tad Sluci es tom\u0113r par tik debilu neesmu ar mieru uzskat\u012bt. Dom\u0101ju, ka vi\u0146u, t\u0101pat k\u0101 V.Krusti\u0146u un vismaz da\u013c\u0113ji ar\u012b L.Granti\u0146u, k\u0101 netradicion\u0101li seksu\u0101li orient\u0113tus \u012bpat\u0146us, pievelk \u201eVL\u201d pui\u0161u jaun\u012bbas \u0161arms\u2026, kas vienk\u0101r\u0161i ne\u013cauj kritiski paraudz\u012bties uz vi\u0146u politiskaj\u0101m aktivit\u0101t\u0113m. Tas ir l\u012bdz\u012bgi k\u0101 iem\u012bl\u0113ju\u0161amies jauneklim, kuram m\u0101te var stund\u0101m st\u0101st\u012bt, cik vi\u0146a izredz\u0113t\u0101 ir neprasm\u012bga saimniece, tam neb\u016bs efekta, jo vi\u0146u \u0161is faktors vienk\u0101r\u0161i neinteres\u0113, vi\u0146am galvenais, k\u0101da \u0161\u012b ir gult\u0101\u2026 L\u016bk, t\u0101p\u0113c Slucis atbalsta ar naudu \u201eVL\u201d, bet ne centa nedeva un nedod tie\u0161\u0101m \u012astiem Patriotiem.<\/p>\n<p>Pirms neilga laika \u201eLA\u201d rakst\u012bja par k\u0101du pui\u0161u (z\u012bm\u012bgi, ka atkal pui\u0161u!) grupu, kas Slucim esot izkr\u0101pu\u0161i naudu (<a href=\"http:\/\/www.la.lv\/aivars-slucis-jutas-apkrapts\/\">http:\/\/www.la.lv\/aivars-slucis-jutas-apkrapts\/<\/a>). Nek\u0101d\u0101 zi\u0146\u0101 \u0161os \u013cauti\u0146us neattaisnojot, grib\u0113tos pajaut\u0101t, vai tie\u0161\u0101m Slucis neuzskata, ka vi\u0146u daudz vair\u0101k ir kr\u0101pu\u0161i tie politi\u0137i, kuri sol\u012bju\u0161ies c\u012bn\u012bties par dekoloniz\u0101ciju, \u0146\u0113mu\u0161i no Slu\u010da \u0161ai c\u012b\u0146ai naudu, bet pa\u0161i mazo pirksti\u0146u nav pat kustin\u0101ju\u0161i min\u0113t\u0101s lietas lab\u0101. Vi\u0146\u0161 to neredz vai negrib redz\u0113t? Vai varb\u016bt vi\u0146\u0161 \u0161iem cilv\u0113kiem savuk\u0101rt par kaut ko citu ir pateic\u012bgs?<\/p>\n<p>Nobeigum\u0101 gribu atbild\u0113t tiem, kas man opon\u0113s \u2013 tie visi tom\u0113r ir pie\u0146\u0113mumi, Aivar, kam\u0113r Slucis pats, l\u012bdz\u012bgi k\u0101 Streips vai Rinkevi\u010ds, nav apliecin\u0101jis \u201eproud to be gay\u201d, nevar vi\u0146u par t\u0101du uzskat\u012bt. Es ar\u012b nesaku, ka esmu p\u0101rliecin\u0101ts piln\u012bgi par visiem 100%, pagaid\u0101m tikai par k\u0101diem 90%, ka Slucis ir pidars. Tom\u0113r, tas fakts, ka vi\u0146\u0161 pret homoseksu\u0101lismu nec\u012bn\u0101s, vien jau pelna nosod\u012bjumu. Pat, ja vi\u0146\u0161 nav ar\u012b pats pidars, vi\u0146\u0161 ir pidaru un lezbu draugs, tas nu ir 100% pier\u0101d\u012bts fakts, un tas savuk\u0101rt ir \u013coti, \u013coti slikti\u2026\u00a0 Cita starp\u0101, par mani ar\u012b vis\u0101das baumas kl\u012bst internet\u0101, tom\u0113r neviens saprat\u012bgs cilv\u0113ks t\u0101m netic, jo mani visi paz\u012bst k\u0101 nesaudz\u012bgu \u201ehomoheitu\u201d (t\u0101du cilv\u0113ku, kas neieredz homoseksu\u0101lismu un t\u0101 piekop\u0113jus, it \u012bpa\u0161i \u2013 publiskos slavin\u0101t\u0101jus un sludin\u0101t\u0101jus); man pa\u0161am \u0161\u0137iet, ka es \u0161aj\u0101 zi\u0146\u0101 \u0161obr\u012bd \u201esitu pu\u0161u\u201d pat god\u0101jamo Gardas kungu, savuk\u0101rt Slucis ir vismaz homofans, bet \u013coti iesp\u0113jams, ar\u012b homoseksu\u0101lists jeb, tautas valod\u0101 run\u0101jot, \u201epidars\u201d.<\/p>\n<p>Ja nu tas t\u0101 tom\u0113r nav, lai Slucis pats public\u0113 beidzot savu nost\u0101ju \u0161in\u012b sakar\u0101!!! L\u012bdz \u0161im vi\u0146\u0161 ir konsekventi izvair\u012bjies to dar\u012bt\u2026<\/p>\n<p><strong>LATVIJU UN LATVIE\u0160U TAUTU \u2013 NO PERVERSIEM IZDZIMTE\u0145IEM BR\u012aVU !!!<\/strong><\/p>\n<p>26.12.2014.\u00a0\u00a0\u00a0\u00a0\u00a0\u00a0\u00a0\u00a0\u00a0\u00a0\u00a0\u00a0\u00a0\u00a0\u00a0\u00a0\u00a0\u00a0\u00a0\u00a0\u00a0\u00a0\u00a0\u00a0\u00a0\u00a0\u00a0\u00a0\u00a0\u00a0\u00a0\u00a0\u00a0\u00a0\u00a0\u00a0\u00a0\u00a0\u00a0\u00a0\u00a0\u00a0\u00a0\u00a0\u00a0\u00a0\u00a0\u00a0\u00a0\u00a0\u00a0\u00a0\u00a0\u00a0\u00a0\u00a0\u00a0\u00a0 Aivars Gedroics<\/p>\n","protected":false},"excerpt":{"rendered":"<p>Tauta, kurai nepiem\u012bt nacion\u0101l\u0101 pa\u0161apzi\u0146a, ir m\u0113slu kaudze, no kuras barojas un izaug citas tautas. A. P. Stolipins. FOTO: L\u016bk, \u0161eit j\u016bs redziet cionistu marionetes Latvij\u0101. Vi\u0146i visi ir slepkavas un miljon\u0101ri ! Latviet!!!,&#46;&#46;&#46;<\/p>\n","protected":false},"author":1,"featured_media":0,"comment_status":"open","ping_status":"open","sticky":false,"template":"","format":"standard","meta":[],"categories":[1],"tags":[],"_links":{"self":[{"href":"https:\/\/tautastribunals.eu\/index.php?rest_route=\/wp\/v2\/posts\/24360"}],"collection":[{"href":"https:\/\/tautastribunals.eu\/index.php?rest_route=\/wp\/v2\/posts"}],"about":[{"href":"https:\/\/tautastribunals.eu\/index.php?rest_route=\/wp\/v2\/types\/post"}],"author":[{"embeddable":true,"href":"https:\/\/tautastribunals.eu\/index.php?rest_route=\/wp\/v2\/users\/1"}],"replies":[{"embeddable":true,"href":"https:\/\/tautastribunals.eu\/index.php?rest_route=%2Fwp%2Fv2%2Fcomments&post=24360"}],"version-history":[{"count":60,"href":"https:\/\/tautastribunals.eu\/index.php?rest_route=\/wp\/v2\/posts\/24360\/revisions"}],"predecessor-version":[{"id":24410,"href":"https:\/\/tautastribunals.eu\/index.php?rest_route=\/wp\/v2\/posts\/24360\/revisions\/24410"}],"wp:attachment":[{"href":"https:\/\/tautastribunals.eu\/index.php?rest_route=%2Fwp%2Fv2%2Fmedia&parent=24360"}],"wp:term":[{"taxonomy":"category","embeddable":true,"href":"https:\/\/tautastribunals.eu\/index.php?rest_route=%2Fwp%2Fv2%2Fcategories&post=24360"},{"taxonomy":"post_tag","embeddable":true,"href":"https:\/\/tautastribunals.eu\/index.php?rest_route=%2Fwp%2Fv2%2Ftags&post=24360"}],"curies":[{"name":"wp","href":"https:\/\/api.w.org\/{rel}","templated":true}]}}