{"id":24062,"date":"2014-12-14T09:00:24","date_gmt":"2014-12-14T07:00:24","guid":{"rendered":"http:\/\/tautastribunals.eu\/?p=24062"},"modified":"2014-12-15T18:29:40","modified_gmt":"2014-12-15T16:29:40","slug":"lrtt-par-noziedznieci-prokurori-daci-lapinski","status":"publish","type":"post","link":"https:\/\/tautastribunals.eu\/?p=24062","title":{"rendered":"LRTT. Par noziedznieci prokurori Daci Lapinsku"},"content":{"rendered":"<h2><span style=\"color: #008000;\">P\u0101rdom\u0101m !<\/span><\/h2>\n<p><span style=\"color: #008000;\">\u0160is raksts ir velt\u012bts <strong>Dai\u0146a R\u016btenberga <\/strong>aizst\u0101v\u012bbai.<\/span><\/p>\n<p><span style=\"color: #003300;\"><a href=\"http:\/\/apollo.tvnet.lv\/zinas\/latvijas-patriotam-draud-loti-bargs-sods-par-riga-saliektu-krievijas-karoga-katu\/675307\">http:\/\/apollo.tvnet.lv\/zinas\/latvijas-patriotam-draud-loti-bargs-sods-par-riga-saliektu-krievijas-karoga-katu\/675307<\/a><\/span><\/p>\n<p><span style=\"color: #003300;\"><span style=\"color: #008000;\">Par vi\u0146u jau<strong> LRTT i- vietne <\/strong>ir rakst\u012bjusi:<\/span><a href=\"http:\/\/tautastribunals.eu\/?p=19132\">http:\/\/tautastribunals.eu\/?p=19132<\/a><\/span><\/p>\n<p><span style=\"color: #003300;\"><span style=\"color: #008000;\">Turies, <strong>Daini<\/strong>, m\u0113s \u0161os komunistiskos de\u0123ener\u0101tus visus reiz aizvilksim uz kar\u0101tav\u0101m. Tas ir vien\u012bgi laika jaut\u0101jums.<\/span><br \/>\n<\/span><\/p>\n<p><span style=\"color: #008000;\"> <\/span><\/p>\n<p><span style=\"color: #008000;\"><strong><img decoding=\"async\" loading=\"lazy\" class=\"alignleft size-full wp-image-24063\" title=\"temida_balta\" src=\"http:\/\/tautastribunals.eu\/wp-content\/uploads\/2014\/12\/temida_balta1.jpg\" alt=\"temida_balta\" width=\"124\" height=\"154\" \/>VILKS UN KAZL\u0112NS<\/strong><em>(senatnes filozofs-\u0112ZOPS)<\/em><\/span><\/p>\n<p><span style=\"color: #008000;\"> <\/span><\/p>\n<p><span style=\"color: #008000;\">Kazl\u0113ns st\u0101v\u0113jis uz m\u0101jas jumta un pulgojis vilku, kas tobr\u012bd g\u0101jis gar\u0101m. Bet vilks kazl\u0113nam sac\u012bja: <strong>&#8220;Ne jau tu mani z\u0101k\u0101, bet tava vieta.&#8221; <\/strong>Fabula r\u0101da, ka izdev\u012bgi apst\u0101k\u013ci pie\u0161\u0137ir drosmi v\u0113rsties ar\u012b pret sp\u0113k\u0101 p\u0101r\u0101kiem.<\/span><\/p>\n<p><span style=\"color: #008000;\"> <\/span><\/p>\n<p><span style=\"color: #008000;\">T\u0101da <strong>Lapinska <\/strong>sav\u0101 b\u016bt\u012bba ir piln\u012bga nulle, bet aiz vi\u0146as st\u0101v varenie<em>(kriev\u017e\u012bdu okupantu banda), <\/em>t\u0101p\u0113c t\u0101da drosme <strong>nost\u0101ties pret savu tautu<\/strong>&#8211; pret <strong>Paties\u012bbu<\/strong>&#8211; nu tie\u0161i t\u0101pat, k\u0101 piemin\u0113tajam kazl\u0113nam&#8230; . <\/span><\/p>\n<p><span style=\"color: #008000;\">Bet kas b\u016bs tad, kad varenie pa\u0161i tiks <strong>&#8220;pielikti pie sienas&#8221;,<\/strong> par to \u0161\u012b <span style=\"text-decoration: underline;\">m\u0113slu vabole<\/span>, kuras v\u0101rds ir <strong>Dace Lapinska<\/strong>, nav aizdom\u0101jusies.<\/span><\/p>\n<h2><span style=\"color: #008000;\">Un j\u0101atbild b\u016bs, noteikti b\u016bs !!!<br \/>\n<\/span><\/h2>\n<p><span style=\"color: #008000;\"><span style=\"text-decoration: underline;\">============================================================================<\/span><\/span><\/p>\n<h2><span style=\"color: #0000ff;\"><img decoding=\"async\" loading=\"lazy\" class=\"alignleft size-full wp-image-24068\" title=\"LATVIJAS REPUBLIKAS TAUTAS TRIBUN\u0100LS, R\u012aGA, SAEIMA,LATVIJA,HELSINKI-86,GRANTI\u0145\u0160,\" src=\"http:\/\/tautastribunals.eu\/wp-content\/uploads\/2014\/12\/LATVIJAS-REPUBLIKAS-TAUTAS-TRIBUN\u0100LS-R\u012aGA-SAEIMALATVIJAHELSINKI-86GRANTI\u0145\u0160.PNG\" alt=\"LATVIJAS REPUBLIKAS TAUTAS TRIBUN\u0100LS, R\u012aGA, SAEIMA,LATVIJA,HELSINKI-86,GRANTI\u0145\u0160,\" width=\"640\" height=\"100\" \/>Bet tagad par t\u0113mu !<\/span><\/h2>\n<p><span style=\"color: #0000ff;\"><img decoding=\"async\" loading=\"lazy\" class=\"alignleft size-full wp-image-24100\" title=\"ME\u017dVIDS,DP, U\u0160AKOVS, URBANOVI\u010cS, LRTT,SAEIMA,ZATLERS,M\u0112SLI, KRIEVI,\" src=\"http:\/\/tautastribunals.eu\/wp-content\/uploads\/2014\/12\/ME\u017dVIDSDP-U\u0160AKOVS-URBANOVI\u010cS-LRTTSAEIMAZATLERSM\u0112SLI-KRIEVI.PNG\" alt=\"ME\u017dVIDS,DP, U\u0160AKOVS, URBANOVI\u010cS, LRTT,SAEIMA,ZATLERS,M\u0112SLI, KRIEVI,\" width=\"245\" height=\"141\" srcset=\"https:\/\/tautastribunals.eu\/wp-content\/uploads\/2014\/12\/ME\u017dVIDSDP-U\u0160AKOVS-URBANOVI\u010cS-LRTTSAEIMAZATLERSM\u0112SLI-KRIEVI.PNG 1337w, https:\/\/tautastribunals.eu\/wp-content\/uploads\/2014\/12\/ME\u017dVIDSDP-U\u0160AKOVS-URBANOVI\u010cS-LRTTSAEIMAZATLERSM\u0112SLI-KRIEVI-300x173.PNG 300w, https:\/\/tautastribunals.eu\/wp-content\/uploads\/2014\/12\/ME\u017dVIDSDP-U\u0160AKOVS-URBANOVI\u010cS-LRTTSAEIMAZATLERSM\u0112SLI-KRIEVI-800x463.PNG 800w\" sizes=\"(max-width: 245px) 100vw, 245px\" \/><\/span><\/p>\n<p>FOTO: <span style=\"color: #ff0000;\"><em>\u0160os de\u0123ener\u0101tus aizst\u0101v D. Lapinska.<\/em><\/span><\/p>\n<p><span style=\"color: #0000ff;\">L\u016bk, kur kriev\u017e\u012bdu m\u0113sli slav\u0113 un atbalsta Krimas okup\u0101ciju: <\/span><\/p>\n<h2><span style=\"color: #0000ff;\"><a href=\"https:\/\/www.youtube.com\/watch?v=L-xRVaf-CKQ\">https:\/\/www.youtube.com\/watch?v=L-xRVaf-CKQ<\/a><\/span><\/h2>\n<p><span style=\"color: #0000ff;\"> <\/span><\/p>\n<p><span style=\"color: #0000ff;\"><strong>Dai\u0146a R\u016btenberga<\/strong> reakcija bija t\u0101da, k\u0101dai bija j\u0101b\u016bt <strong><span style=\"text-decoration: underline;\">cilv\u0113kam<\/span><\/strong>. \u0160eit nebija tikai j\u0101salau\u017e \u0161o pret\u012bgo okup\u0101cijas simbolu, <strong>bet ar lo\u017emet\u0113ju k\u0101rtu j\u0101apklusina \u0161\u012b slepkavu banda<\/strong>.<\/span><\/p>\n<p><span style=\"color: #0000ff;\"> <\/span><\/p>\n<p><span style=\"color: #0000ff;\">Slepkav\u0101m nav ties\u012bbas <strong>&#8220;brad\u0101t&#8221; <\/strong>\u0161o <strong>Dieva rad\u012bto pasauli<\/strong>.<\/span><\/p>\n<p><span style=\"color: #0000ff;\"> <\/span><\/p>\n<h2><span style=\"color: #0000ff;\">N\u0101vi okupantiem !!!<\/span><\/h2>\n<p><span style=\"color: #0000ff;\"> <\/span><\/p>\n<p><span style=\"color: #0000ff;\"><img decoding=\"async\" loading=\"lazy\" class=\"alignleft size-full wp-image-24105\" title=\"Dace Lapinska,Me\u017evids,u\u0161akovs,krievi,okupanti,DP.LRTT.\" src=\"http:\/\/tautastribunals.eu\/wp-content\/uploads\/2014\/12\/Dace-LapinskaMe\u017evidsu\u0161akovskrieviokupantiDP.LRTT..PNG\" alt=\"Dace Lapinska,Me\u017evids,u\u0161akovs,krievi,okupanti,DP.LRTT.\" width=\"204\" height=\"315\" srcset=\"https:\/\/tautastribunals.eu\/wp-content\/uploads\/2014\/12\/Dace-LapinskaMe\u017evidsu\u0161akovskrieviokupantiDP.LRTT..PNG 467w, https:\/\/tautastribunals.eu\/wp-content\/uploads\/2014\/12\/Dace-LapinskaMe\u017evidsu\u0161akovskrieviokupantiDP.LRTT.-194x300.PNG 194w\" sizes=\"(max-width: 204px) 100vw, 204px\" \/>T\u0101ds ir <strong>LRTT <\/strong>lozungs. Izdzimte\u0146iem nav vietas starp civiliz\u0113tiem cilv\u0113kiem. Ir j\u0101notiek <strong>Latvijas dekoloniz\u0101cija<\/strong> un j\u0101padzen visi kolonisti- okupanti<em>(krievi un \u017e\u012bdi) <\/em>un j\u0101ties\u0101 t\u0101das pretvalstiskas izdzimtenes k\u0101 <strong>Dace Lapinska<\/strong>.<\/span><\/p>\n<p><span style=\"color: #0000ff;\"> <\/span><\/p>\n<p>FOTO: <span style=\"color: #ff0000;\"><em>Tu, samazga<strong>(sav\u0101d\u0101k tevi nosaukt nevar)<\/strong>, nesaproti, kas tevi n\u0101kotn\u0113 sagaida par <strong>Krimas<\/strong> okup\u0101cijas atbalst\u012b\u0161anu&#8230; .<\/em><\/span><\/p>\n<p><span style=\"color: #0000ff;\"><strong>Latvijas Republikas tautas tribun\u0101ls<\/strong> atk\u0101rtoti pateicas <strong>Dainim R\u016btenbergam<\/strong> un nosoda policijas brut\u0101lo uzved\u012bbu pret vi\u0146u. Visi \u0161ie policisti reiz tiks atrasti un ties\u0101ti par nodev\u012bbu pret <strong>Latvijas valsti<\/strong> un <strong>latvie\u0161u tautu<\/strong>.<\/span><\/p>\n<p><span style=\"color: #0000ff;\"> <\/span><\/p>\n<p><span style=\"color: #0000ff;\">Z\u012bm\u012bgi ir tas, ka<strong> Dace Lapinska <\/strong>ar \u0161o l\u0113mumu pret <strong>Daini R\u016btenbergu<\/strong> atbalsta <strong>Krimas okup\u0101ciju<\/strong>.<\/span><\/p>\n<p><span style=\"color: #0000ff;\"> <\/span><\/p>\n<p><span style=\"color: #0000ff;\">&gt;Tas jau defin\u0113jas k\u0101: genoc\u012bda atbalst\u012b\u0161ana !<\/span><\/p>\n<p><span style=\"color: #0000ff;\"> <\/span><\/p>\n<p><span style=\"color: #0000ff;\">&gt;Tas ir noziegums, kas j\u0101izskata <strong>Kara Tribun\u0101lam<\/strong> un j\u0101soda p\u0113c visiem kara laika <strong>Likumiem- ar n\u0101vessodu<\/strong>.<\/span><\/p>\n<p><span style=\"color: #0000ff;\"> <\/span><\/p>\n<p><span style=\"color: #0000ff;\">K\u0101 augsta valsts varas p\u0101rst\u0101ve vi\u0146a ir akcept\u0113jusi <strong>Krimas<\/strong> okup\u0101ciju un mierm\u012bl\u012bgo pilso\u0146u slepkavo\u0161anu. V\u0113l jo vair\u0101k t\u0101p\u0113c, ka to vi\u0146a ir paudusi k\u0101 <strong>ES<\/strong> p\u0101rst\u0101ve. <\/span><\/p>\n<p><span style=\"color: #0000ff;\">Tas nor\u0101da uz to, ka <strong>ES<\/strong> ir pak\u013cauta <strong>Krievijas<\/strong> un <strong>Izra\u0113las<\/strong> band\u012btiskajiem re\u017e\u012bmiem.<\/span><\/p>\n<p><span style=\"color: #0000ff;\">\u0160\u012b <strong>&#8220;m\u0113slu vabole&#8221;<em>(<\/em><\/strong><em>Dace Lapinska) <\/em>ir iesp\u013c\u0101vusi sej\u0101 visai latvie\u0161u tautai. Bo\u013c\u0161evistiskie izdzimte\u0146i, kurus vi\u0146a aizst\u0101v, nodev\u012bgi, lau\u017eot visus starpvalstu l\u012bgumus par neuzbruk\u0161anu, m\u016bs okup\u0113ja un <strong>fiziski izn\u012bcin\u0101ja visu m\u016bsu inteli\u0123enci<\/strong>.<\/span><\/p>\n<p><span style=\"color: #0000ff;\"> <\/span><\/p>\n<p><span style=\"color: #0000ff;\">&gt;<strong>Vi\u0146a<\/strong> ir <strong>&#8220;iesp\u013c\u0101vusi&#8221;<\/strong> sej\u0101 visiem tiem, kuri <strong>c\u012bn\u012bj\u0101s un zaud\u0113ja savas dz\u012bv\u012bbas<\/strong>, lai latvie\u0161i var\u0113tu tikt pie savas valsts.<\/span><\/p>\n<p><span style=\"color: #0000ff;\"> <\/span><\/p>\n<p><span style=\"color: #0000ff;\">&gt;<strong>Vi\u0146a<\/strong> ir <strong>&#8220;uzsp\u013c\u0101vusi&#8221;<\/strong> visiem starptautiskiem<strong> Likumiem<\/strong>, kuri ir nosod\u012bju\u0161i <strong>Krievijas agresiju<\/strong> pret sav\u0101m kaimi\u0146u taut\u0101m.<\/span><\/p>\n<p><span style=\"color: #0000ff;\"> <\/span><\/p>\n<p><span style=\"color: #0000ff;\"><strong>&gt;Vi\u0146a<\/strong> ir <strong>&#8220;uzsp\u013c\u0101vusi&#8221; ANO<\/strong>, kura nosod\u012bja<strong> Krimas <\/strong>okup\u0101ciju.<\/span><\/p>\n<p><span style=\"color: #0000ff;\"> <\/span><\/p>\n<p><span style=\"color: #0000ff;\"> <\/span><span style=\"color: #0000ff;\"><img decoding=\"async\" loading=\"lazy\" class=\"alignleft size-full wp-image-24111\" title=\"Dace Lapinska, Prokurat\u016bra,Me\u017evids,\u0100bolti\u0146a, LRTT,ST,DP.\" src=\"http:\/\/tautastribunals.eu\/wp-content\/uploads\/2014\/12\/Dace-Lapinska-Prokurat\u016braMe\u017evids\u0100bolti\u0146a-LRTTSTDP.1.PNG\" alt=\"Dace Lapinska, Prokurat\u016bra,Me\u017evids,\u0100bolti\u0146a, LRTT,ST,DP.\" width=\"418\" height=\"342\" srcset=\"https:\/\/tautastribunals.eu\/wp-content\/uploads\/2014\/12\/Dace-Lapinska-Prokurat\u016braMe\u017evids\u0100bolti\u0146a-LRTTSTDP.1.PNG 976w, https:\/\/tautastribunals.eu\/wp-content\/uploads\/2014\/12\/Dace-Lapinska-Prokurat\u016braMe\u017evids\u0100bolti\u0146a-LRTTSTDP.1-300x246.PNG 300w, https:\/\/tautastribunals.eu\/wp-content\/uploads\/2014\/12\/Dace-Lapinska-Prokurat\u016braMe\u017evids\u0100bolti\u0146a-LRTTSTDP.1-800x656.PNG 800w\" sizes=\"(max-width: 418px) 100vw, 418px\" \/><\/span><\/p>\n<p><strong>FOTO:<\/strong><span style=\"color: #ff0000;\"><em> M\u0113s neesam vien\u0101di, katrai n\u0101cijai ir savas \u012bpatn\u012bbas. \u0160eit redzami <strong>&#8220;ur\u0101liskie&#8221;<\/strong> krievu elementi- neliela auguma ar liel\u0101m galv\u0101m. Vi\u0146us <strong>&#8220;k\u0101ds&#8221;<\/strong> \u0161im amatam ir selekcion\u0113jis. \u0160eit redzamie nekad neaizst\u0101v\u0113s latvie\u0161u tautu. <strong>Prokurore Lapinska<\/strong> ir kop\u0101 ar komunistu, <strong>Augst\u0101k\u0101s tiesas senatoru Gencu<\/strong>, kur\u0161 min\u0113ts<strong> Lato Lapsas<\/strong> gr\u0101mat\u0101 k\u0101 viens no liel\u0101kajiem \u0137\u0113\u0137a tiesne\u0161iem. Vi\u0146\u0161 ir nelietis nelie\u0161a gal\u0101. Te ar par\u0101d\u0101s, k\u0101 no vi\u0146iem aug k\u0101jas tam, ka <strong>Dro\u0161\u012bbas policija<\/strong> vaj\u0101 tos, kas aizst\u0101v <strong>Latviju, Ukrainu<\/strong> un citas valstis.<\/em><\/span><\/p>\n<p><span style=\"color: #0000ff;\">\u0160\u012b <strong>lopisk\u0101 izskata rad\u012bba<\/strong> ir uzsp\u013c\u0101vusi visam, ko sauc par <strong>CILV\u0112C\u012aBU<\/strong>.<\/span><\/p>\n<p><span style=\"color: #0000ff;\">K\u0101ds uzskat\u012bs, ka es \u0161eit <strong>naida uzpl\u016bdum\u0101 lam\u0101jos<\/strong>, tad t\u0101dam varu sac\u012bt, ka vi\u0146\u0161 mald\u0101s par visiem simts(%). Lietas ir j\u0101sauc \u012bstajos v\u0101rdos, lai teiktais sasniegtu m\u0113r\u0137i. <\/span><\/p>\n<p><span style=\"color: #0000ff;\">Ja es uz \u0161o noziedznieci sac\u012b\u0161u, ka vi\u0146a diez vai r\u012bkojas korekti, kas attiecas uz <strong>R\u016btenbergu<\/strong>, tad tas neb\u016bs vair\u0101k, k\u0101 p\u012blei uzliet gl\u0101zi \u016bdens.<\/span><\/p>\n<p><span style=\"color: #0000ff;\"> <\/span><\/p>\n<p><span style=\"color: #0000ff;\">Ja m\u0113s run\u0101jam par <strong>Paties\u012bbu<\/strong>, tad tai nav kr\u0101su nianses, ir balts vai melns, <strong>Paties\u012bba<\/strong> vai <strong>meli<\/strong>.<\/span><\/p>\n<p><span style=\"color: #0000ff;\"> <\/span><\/p>\n<p><span style=\"color: #0000ff;\">Ir j\u0101saka<em>(j\u0101run\u0101)<\/em> t\u0101, lai teiktais ieurbtos noziedznieka apzi\u0146\u0101 k\u0101 lode m\u0113r\u0137a desmitniek\u0101.<\/span><\/p>\n<p><span style=\"color: #0000ff;\"> <\/span><\/p>\n<p><span style=\"color: #0000ff;\">\u0160o negl\u012bto sievieti es redzu<em>(gar\u012bg\u0101m ac\u012bm skatoties) <\/em>k\u0101 <strong>lielu c\u0113rmi<\/strong>, kura aptinusies ap k\u0101du k\u0101ju lok\u0101s pie <strong>\u0101nusa<\/strong>. \u0160\u012b smird\u012bg\u0101 vieta vi\u0146ai rada labsaj\u016btu, k\u0101 jau visiem piel\u012bd\u0113jiem- kangariem. <strong>\u0100nusa <\/strong>\u012bpa\u0161nieki ir nekas cits, k\u0101 <strong>kriev\u017e\u012bdiskie cionisti- komunisti<\/strong>, kuri v\u0113l \u0161odien piedal\u0101s latvie\u0161u tautas izn\u012bcin\u0101\u0161an\u0101.<\/span><\/p>\n<p><span style=\"color: #0000ff;\"> <\/span><\/p>\n<p><span style=\"color: #0000ff;\">Vai tad ir cilv\u0113ki, kuriem neizraisa pret\u012bgumu <strong>&#8220;c\u0113rmes&#8221;<\/strong><em>(Daces Lapinskas) <\/em>sac\u012btais, ka okupantu un slepkavu karoga k\u0101ta boj\u0101\u0161ana ir krimin\u0101lnoziegums ?<\/span><\/p>\n<p><span style=\"color: #0000ff;\"> <\/span><\/p>\n<p><span style=\"color: #800080;\"><em>&#8220;R\u012bgas pils\u0113tas Centra rajona prokurat\u016bras prokurore <span style=\"text-decoration: underline;\">Dace Lapinska Krievijas Feder\u0101cijas karoga k\u0101ta saliek\u0161anu uzskata par krimin\u0101lnoziegumu<\/span>. Vi\u0146a uzskata, ka R\u016btenbergs ir t\u012b\u0161i boj\u0101jis sve\u0161u mantu un ar sav\u0101m darb\u012bb\u0101m izdar\u012bjis noziedz\u012bgu nodar\u012bjumu, par kuru draud l\u012bdz pat \u010detriem gadiem ilgs cietumsods. Incidents noticis 10.mart\u0101, kad R\u016btenbergs, ejot m\u0101j\u0101s, ieraudz\u012bjis piket\u0113t\u0101ju p\u016bli pie Eiropas m\u0101jas Aspazijas bulv\u0101r\u012b, kas ar Krievijas karogiem un Georga lent\u012bt\u0113m rok\u0101s izkliedza saukli: \u00abRossija, Rossija!\u00bb P\u016blis bija pulc\u0113jies Latvijas Krievu savien\u012bbas (LKS) organiz\u0113taj\u0101 piket\u0101 \u00ab<strong>Krimas atbalstam<\/strong>\u00bb, kur\u0101 piedal\u012bj\u0101s Razumovskis un Ovsja\u0146\u0146ikova.&#8221;<\/em><\/span><\/p>\n<p><span style=\"color: #0000ff;\"> <\/span><\/p>\n<p><span style=\"color: #0000ff;\">&gt;Kur\u0161 b\u016bs tas, kas sac\u012bs, ka t\u0101da kreat\u016bra nav j\u0101nol\u0101d kop\u0101 ar visu vi\u0146as dzimtu, jo caur to vi\u0146a ir n\u0101kusi pasaul\u0113. <\/span><\/p>\n<p><span style=\"color: #0000ff;\">&gt;Bet visliel\u0101kais <strong>&#8220;nol\u0101d\u0113t\u0101js&#8221; <\/strong>ir vi\u0146as pa\u0161as noziedz\u012bgie darbi.<\/span><\/p>\n<p><span style=\"color: #0000ff;\"> <\/span><\/p>\n<p><span style=\"color: #0000ff;\">Un paklausieties, ko tikai \u0161\u012b j\u016bdas dv\u0113sele iesaka R\u016btenbergam: <span style=\"color: #800080;\"><em>&#8220;\u00abProkurat\u016br\u0101 man ieteica, lai es izl\u012bgstu ar Razumovski un Ovsja\u0146\u0146ikovu. Atbild\u0113ju, ka es to nedar\u012b\u0161u. Vai man j\u0101izl\u012bgst par to, ka Razumovskis atbrauc uz Latviju, lai atbalst\u012btu Krievijas iebrukumu Krim\u0101?\u00bb vaic\u0101 R\u016btenbergs.&#8221;<\/em><\/span><\/span><\/p>\n<p><span style=\"color: #0000ff;\"> <\/span><\/p>\n<p><span style=\"color: #0000ff;\">\u012asts kangarisma paraugs !<\/span><\/p>\n<p><span style=\"color: #0000ff;\"><em>Linards Granti\u0146\u0161 14.12.14.<\/em><\/span><\/p>\n<p><span style=\"color: #0000ff;\"><em><span style=\"text-decoration: underline;\">==========================================================================<\/span><br \/>\n<\/em><\/span><\/p>\n<h2><span style=\"color: #000000;\">P.S.<\/span><\/h2>\n<p><span style=\"color: #000000;\">Atg\u0101dinu tev, no\u017e\u0113lojam\u0101 nodev\u012bbas g\u013cota, ka tu<strong> &#8220;s\u0113di&#8221;<\/strong> manis un man l\u012bdz\u012bgo atjaunotaj\u0101 <strong>Latvij\u0101<\/strong>. <\/span><\/p>\n<p><span style=\"color: #000000;\">Tev var b\u016bt kaut simts prokurora <strong>&#8220;diplomi&#8221;<\/strong>, bet uz kar\u0101tav\u0101m es aizvilk\u0161u tevi, kop\u0101 ar taviem padomdev\u0113jiem. <\/span><\/p>\n<h2><span style=\"color: #000000;\">Paties\u012bba un mana tauta uzvar\u0113s !!!<\/span><\/h2>\n<p><span style=\"color: #000000;\"><span style=\"text-decoration: underline;\">===========================================================================<\/span><br \/>\n<\/span><\/p>\n<p><span style=\"color: #000000;\"> <\/span><\/p>\n<h2><span style=\"color: #0000ff;\"><span style=\"color: #000000;\">L\u016bk, un \u0161ie ir tie, kuriem kalpo &#8220;m\u016bsu c\u0113rme&#8221; !<\/span><\/span><\/h2>\n<p><span style=\"color: #0000ff;\"><span style=\"color: #000000;\">K\u0101ds koment\u0101rs, kas izsaka visu lietas pamatb\u016bt\u012bbu:<br \/>\n<\/span><\/span><\/p>\n<div><strong> Untuns no Bauskas <\/strong> Vakar, 09:23<\/p>\n<div>\n<div>\n<div>R\u012bgas centra rajone prokurore<strong> D.Lapinska<\/strong> \u2013<span style=\"text-decoration: underline;\"><strong>krievu izcelsmes sieviete<\/strong><\/span>, kas str\u0101d\u0101 Krievijas interes\u0113s,  uzskata, ka krimin\u0101lprocess pret Latvijas patriotu Daini R\u016btenbergu ir  j\u0101turpina &#8211; atcerieties \u0161o prokurores v\u0101rdu uz visiem laikiem,  iegaum\u0113jiet t\u0101s seju!<\/div>\n<\/div>\n<\/div>\n<\/div>\n<p><span style=\"text-decoration: underline;\"><img decoding=\"async\" loading=\"lazy\" class=\"alignleft size-full wp-image-24123\" title=\"URBANOVI\u010cS,\u0100DAMSONS,CIL\u0112VI\u010cS,\u017dDANOKA,M\u0112SLI, LAUKS,PAVASARIS,\" src=\"http:\/\/tautastribunals.eu\/wp-content\/uploads\/2014\/12\/URBANOVI\u010cS\u0100DAMSONSCIL\u0112VI\u010cS\u017dDANOKAM\u0112SLI-LAUKSPAVASARIS.PNG\" alt=\"URBANOVI\u010cS,\u0100DAMSONS,CIL\u0112VI\u010cS,\u017dDANOKA,M\u0112SLI, LAUKS,PAVASARIS,\" width=\"637\" height=\"205\" srcset=\"https:\/\/tautastribunals.eu\/wp-content\/uploads\/2014\/12\/URBANOVI\u010cS\u0100DAMSONSCIL\u0112VI\u010cS\u017dDANOKAM\u0112SLI-LAUKSPAVASARIS.PNG 974w, https:\/\/tautastribunals.eu\/wp-content\/uploads\/2014\/12\/URBANOVI\u010cS\u0100DAMSONSCIL\u0112VI\u010cS\u017dDANOKAM\u0112SLI-LAUKSPAVASARIS-300x96.PNG 300w, https:\/\/tautastribunals.eu\/wp-content\/uploads\/2014\/12\/URBANOVI\u010cS\u0100DAMSONSCIL\u0112VI\u010cS\u017dDANOKAM\u0112SLI-LAUKSPAVASARIS-800x257.PNG 800w\" sizes=\"(max-width: 637px) 100vw, 637px\" \/>============================================================<\/span><\/p>\n<p><span style=\"color: #000000;\"><img decoding=\"async\" loading=\"lazy\" class=\"alignleft size-full wp-image-24120\" title=\"Normunds Me\u017evids, J\u0101nis Reiniks, DP, Saeima, LRTT.\" src=\"http:\/\/tautastribunals.eu\/wp-content\/uploads\/2014\/12\/Normunds-Me\u017evids-J\u0101nis-Reiniks-DP-Saeima-LRTT..PNG\" alt=\"Normunds Me\u017evids, J\u0101nis Reiniks, DP, Saeima, LRTT.\" width=\"122\" height=\"158\" srcset=\"https:\/\/tautastribunals.eu\/wp-content\/uploads\/2014\/12\/Normunds-Me\u017evids-J\u0101nis-Reiniks-DP-Saeima-LRTT..PNG 531w, https:\/\/tautastribunals.eu\/wp-content\/uploads\/2014\/12\/Normunds-Me\u017evids-J\u0101nis-Reiniks-DP-Saeima-LRTT.-230x300.PNG 230w\" sizes=\"(max-width: 122px) 100vw, 122px\" \/>Un \u0161eit ir jaun\u0101 <strong>DP \u0161efa rokraksts<\/strong>. <strong> <\/strong><\/span><\/p>\n<p><span style=\"color: #000000;\"> <\/span><\/p>\n<p><span style=\"color: #000000;\"><strong>LRTT <\/strong>jau rakst\u012bjis, ka <strong>Me\u017eviets <\/strong>ir kriev\u017e\u012bdisko cionistu ieliktenis. <\/span><\/p>\n<p><span style=\"color: #000000;\">Nojau\u0161ams, ka liecinieks var tikt ties\u0101ts, vai pat likvid\u0113ts. <\/span><\/p>\n<p><span style=\"color: #000000;\"> <\/span><\/p>\n<p><span style=\"color: #000000;\">L\u016bk, cik t\u0101lu jau esam non\u0101ku\u0161i: <a href=\"http:\/\/www.delfi.lv\/news\/national\/politics\/karoga-zaimosanu-atklajusais-aculiecinieks-satraukts-par-dp-interesi.d?id=45339514\">http:\/\/www.delfi.lv\/news\/national\/politics\/karoga-zaimosanu-atklajusais-aculiecinieks-satraukts-par-dp-interesi.d?id=45339514<\/a><\/span><\/p>\n<p><span style=\"color: #000000;\"><span style=\"text-decoration: underline;\">=============================================================<\/span><br \/>\n<\/span><\/p>\n<p><span style=\"color: #000000;\">Paskatieties,<strong> kriev\u017e\u012bdiskie paraz\u012bti un Krievijas aizst\u0101vji<\/strong>, kur noved j\u016bsu noziedz\u012bg\u0101 darb\u012bba. <\/span><\/p>\n<p><span style=\"color: #000000;\">T\u0101p\u0113c, lai velns parauj t\u0101das &#8220;lapinskas&#8221;: <a href=\"https:\/\/www.youtube.com\/watch?v=i5Ny3GGoNo4&amp;list=PLcuUJyZ181hFzSegHGyL4bFZs2OXBFB2y\">https:\/\/www.youtube.com\/watch?v=i5Ny3GGoNo4&amp;list=PLcuUJyZ181hFzSegHGyL4bFZs2OXBFB2y<\/a><\/span><\/p>\n<p><span style=\"color: #000000;\">Dr\u012bz, \u013coti dr\u012bz, m\u0113s j\u016bs \u010dekas izdzimte\u0146us, manas tautas slepkavas, izvietosim<strong> &#8220;pa latern\u0101m&#8221;<\/strong>: <a href=\"http:\/\/www.delfi.lv\/news\/world\/other\/bijusais-donbasa-teroristu-lideris-sev-un-putinam-parego-hagas-tribunalu.d?id=45340962\">http:\/\/www.delfi.lv\/news\/world\/other\/bijusais-donbasa-teroristu-lideris-sev-un-putinam-parego-hagas-tribunalu.d?id=45340962<\/a><\/span><\/p>\n<p><span style=\"color: #000000;\"><br \/>\n<\/span><\/p>\n","protected":false},"excerpt":{"rendered":"<p>P\u0101rdom\u0101m ! \u0160is raksts ir velt\u012bts Dai\u0146a R\u016btenberga aizst\u0101v\u012bbai. http:\/\/apollo.tvnet.lv\/zinas\/latvijas-patriotam-draud-loti-bargs-sods-par-riga-saliektu-krievijas-karoga-katu\/675307 Par vi\u0146u jau LRTT i- vietne ir rakst\u012bjusi:http:\/\/tautastribunals.eu\/?p=19132 Turies, Daini, m\u0113s \u0161os komunistiskos de\u0123ener\u0101tus visus reiz aizvilksim uz kar\u0101tav\u0101m. Tas ir vien\u012bgi laika jaut\u0101jums.&#46;&#46;&#46;<\/p>\n","protected":false},"author":1,"featured_media":0,"comment_status":"open","ping_status":"open","sticky":false,"template":"","format":"standard","meta":[],"categories":[1],"tags":[],"_links":{"self":[{"href":"https:\/\/tautastribunals.eu\/index.php?rest_route=\/wp\/v2\/posts\/24062"}],"collection":[{"href":"https:\/\/tautastribunals.eu\/index.php?rest_route=\/wp\/v2\/posts"}],"about":[{"href":"https:\/\/tautastribunals.eu\/index.php?rest_route=\/wp\/v2\/types\/post"}],"author":[{"embeddable":true,"href":"https:\/\/tautastribunals.eu\/index.php?rest_route=\/wp\/v2\/users\/1"}],"replies":[{"embeddable":true,"href":"https:\/\/tautastribunals.eu\/index.php?rest_route=%2Fwp%2Fv2%2Fcomments&post=24062"}],"version-history":[{"count":87,"href":"https:\/\/tautastribunals.eu\/index.php?rest_route=\/wp\/v2\/posts\/24062\/revisions"}],"predecessor-version":[{"id":24148,"href":"https:\/\/tautastribunals.eu\/index.php?rest_route=\/wp\/v2\/posts\/24062\/revisions\/24148"}],"wp:attachment":[{"href":"https:\/\/tautastribunals.eu\/index.php?rest_route=%2Fwp%2Fv2%2Fmedia&parent=24062"}],"wp:term":[{"taxonomy":"category","embeddable":true,"href":"https:\/\/tautastribunals.eu\/index.php?rest_route=%2Fwp%2Fv2%2Fcategories&post=24062"},{"taxonomy":"post_tag","embeddable":true,"href":"https:\/\/tautastribunals.eu\/index.php?rest_route=%2Fwp%2Fv2%2Ftags&post=24062"}],"curies":[{"name":"wp","href":"https:\/\/api.w.org\/{rel}","templated":true}]}}