{"id":23668,"date":"2014-11-23T11:48:19","date_gmt":"2014-11-23T09:48:19","guid":{"rendered":"http:\/\/tautastribunals.eu\/?p=23668"},"modified":"2014-11-23T21:41:40","modified_gmt":"2014-11-23T19:41:40","slug":"turpinajumsberzini-cer-uz-kabanoviem","status":"publish","type":"post","link":"https:\/\/tautastribunals.eu\/?p=23668","title":{"rendered":"Turpin\u0101jums:B\u0113rzi\u0146i cer uz &#8220;kab\u0101noviem&#8221;&#8230;"},"content":{"rendered":"<h2><img decoding=\"async\" loading=\"lazy\" class=\"alignleft size-full wp-image-23672\" title=\"www.tautastribunals.eu-1411\" src=\"http:\/\/tautastribunals.eu\/wp-content\/uploads\/2014\/11\/www.tautastribunals.eu-14111.png\" alt=\"www.tautastribunals.eu-1411\" width=\"615\" height=\"86\" srcset=\"https:\/\/tautastribunals.eu\/wp-content\/uploads\/2014\/11\/www.tautastribunals.eu-14111.png 950w, https:\/\/tautastribunals.eu\/wp-content\/uploads\/2014\/11\/www.tautastribunals.eu-14111-300x42.png 300w, https:\/\/tautastribunals.eu\/wp-content\/uploads\/2014\/11\/www.tautastribunals.eu-14111-800x112.png 800w\" sizes=\"(max-width: 615px) 100vw, 615px\" \/>Kas st\u0101v aiz latvie\u0161u tautas slepkav\u0101m ?<\/h2>\n<p>Tas ir vienk\u0101r\u0161s, bet taj\u0101 pa\u0161\u0101 laik\u0101 sare\u017e\u0123\u012bts <strong>\u201ejaut\u0101jums\u201d.<\/strong> Pirmk\u0101rt: materi\u0101l\u0101s pasaules eksistence ir <strong>Gar\u012bg\u0101s Pasaules spogulis<\/strong>. Galven\u0101 c\u012b\u0146a notiek <strong>Gar\u012bgaj\u0101 Pasaul\u0113<\/strong>. <strong>Gar\u012bgaj\u0101 pasaul\u0113 <\/strong>latvie\u0161i ir<strong> POZIT\u012aV\u0100 <\/strong>sp\u0113ka \u2013 <strong>Dievi\u0161\u0137\u0101s evol\u016bcijas avangard\u0101<\/strong> un t\u0101p\u0113c vi\u0146iem materi\u0101laj\u0101 pasaul\u0113 tiek uzbrukts no vis\u0101m iesp\u0113jamaj\u0101m un neiesp\u0113jamaj\u0101m pus\u0113m.<\/p>\n<p><strong>Gar\u012bgi<\/strong> latvie\u0161i ir gigantu tauta.<\/p>\n<p>T\u0101l\u0101k manis sac\u012bto ir j\u0101skata \u0161aj\u0101 pl\u0101ksn\u0113.<\/p>\n<p><span style=\"text-decoration: underline;\">=========================================================================<\/span><\/p>\n<p>\u0160eit da\u017ei idiotiski<em>(\u013caunuma aps\u0113sto) <\/em>p\u0113d\u0113jo laiku uzbrukumi m\u016bsu dz\u012bves <strong>DZI\u0145AI- latviskumam<\/strong>:<\/p>\n<p><strong>Arturs Pried\u012btis<\/strong>: <a href=\"http:\/\/www.pietiek.com\/raksti\/vai_nelietis_var_but_parlamenta_priekssedetajs\">http:\/\/www.pietiek.com\/raksti\/vai_nelietis_var_but_parlamenta_priekssedetajs<\/a><\/p>\n<p><strong>Ivars Pr\u016bsis: <\/strong><a href=\"http:\/\/www.pietiek.com\/raksti\/pardomas_par_latvijas_posta_iemesliem_inaras_murnieces_zemiskas_ricibas_publiskosanas_sakara\">http:\/\/www.pietiek.com\/raksti\/pardomas_par_latvijas_posta_iemesliem_inaras_murnieces_zemiskas_ricibas_publiskosanas_sakara<\/a><\/p>\n<p><strong>Raimonds Pauls<\/strong><em>(Galvene slepkavas bija latvie\u0161i):<\/em> <a href=\"http:\/\/www.km.ru\/bsssr\/2011\/08\/19\/istoriya-sssr\/raimond-pauls-glavnymi-ubiitsami-byli-latyshi-ne-russkie\">http:\/\/www.km.ru\/bsssr\/2011\/08\/19\/istoriya-sssr\/raimond-pauls-glavnymi-ubiitsami-byli-latyshi-ne-russkie<\/a><\/p>\n<p><strong>Ieva Skrebele:<\/strong> <a href=\"http:\/\/www.focus.lv\/latvija\/viedokli\/skrebele-latvijas-himna-ir-nozelojams-plagiats-par-labu-kuras-saglabasanai-nav-neviena-argumenta\">http:\/\/www.focus.lv\/latvija\/viedokli\/skrebele-latvijas-himna-ir-nozelojams-plagiats-par-labu-kuras-saglabasanai-nav-neviena-argumenta<\/a><\/p>\n<p><strong>Imants Kalni\u0146\u0161:<\/strong><a href=\"http:\/\/skaties.lv\/viedokli\/kalnins-es-neredzu-krievijas-agresiju-ukraina-cilveki-dzeligi-verte-vina-pazinojumu\/\"> http:\/\/skaties.lv\/viedokli\/kalnins-es-neredzu-krievijas-agresiju-ukraina-cilveki-dzeligi-verte-vina-pazinojumu\/<\/a><\/p>\n<p>\u0160ie nav vien\u012bgie t\u0101di <strong>viep\u013ci- \u0161va\u013ci<\/strong>. T\u0101du ir vesela plej\u0101de. Sevi\u0161\u0137i daudz vi\u0146u ir atrodams <strong>\u201edraugos\u201d,<\/strong> <strong>\u201etwiteros\u201d, \u201eFaceboksos\u201d <\/strong>u.c., visur, kur vien iesp\u0113jams <strong>\u201emais\u012bt m\u0113slus\u201d <\/strong>un nonicin\u0101t m\u016bsu tautu.<\/p>\n<p>Visi \u0161ie tautas padibenes tiek vad\u012bti no <strong>4. maija kli\u0137es DP<\/strong>, kura ir <span style=\"text-decoration: underline;\"><strong>kriev\u017e\u012bdu citadele<\/strong><\/span>.<\/p>\n<p><strong>&gt;Nomelnot\u0101js- apmelot\u0101js<\/strong> ir pieskait\u0101ms <strong><span style=\"text-decoration: underline;\">pie slepkav\u0101m <\/span><\/strong>un sod\u0101ms ar<strong><em><span style=\"text-decoration: underline;\"> n\u0101vessodu<\/span><\/em><\/strong>, to \u0161iem tautas pabir\u0101m vajadz\u0113tu saprast.<\/p>\n<p>&gt;Kas tad st\u0101v aiz m\u016bsu tautas nomelnot\u0101jiem un bend\u0113m ?<\/p>\n<p>S\u0101kums \u0161odienas <strong>\u0101rpr\u0101tam<\/strong> ir mekl\u0113jams<strong> 30to<\/strong> gadu beig\u0101s, <strong>Hitlera<\/strong> un<strong> Sta\u013cina <\/strong>lielaj\u0101 pasaules dal\u012b\u0161anas laikmet\u0101.<\/p>\n<p>Otrais pasaules kar\u0161 v\u0113l nav beidzies, tas turpin\u0101s, tikai ar sav\u0101d\u0101k\u0101m metod\u0113m.<\/p>\n<p><img decoding=\"async\" loading=\"lazy\" class=\"alignleft size-full wp-image-23685\" title=\"Merkel, Borrozo, Peress, Putin, Berzi\u0146\u0161, Granti\u0146\u0161, LRTT\" src=\"http:\/\/tautastribunals.eu\/wp-content\/uploads\/2014\/11\/Merkel-Borrozo-Peress-Putin-Berzi\u0146\u0161-Granti\u0146\u0161-LRTT.PNG\" alt=\"Merkel, Borrozo, Peress, Putin, Berzi\u0146\u0161, Granti\u0146\u0161, LRTT\" width=\"346\" height=\"173\" \/><\/p>\n<p>FOTO: <span style=\"color: #ff0000;\"><em><strong>2+2+2<\/strong>=kriev\u017e\u012bdu cionisms ! M<strong>askavas Telavivas<\/strong> ass+ ES+ ES &#8220;lokomot\u012bve&#8221; <strong>V\u0101cija<\/strong>. \u0160is mehanisms pagaid\u0101m str\u0101d\u0101 ar pilnu jaudu !<\/em><\/span><\/p>\n<p>\u012astie noziedznieki nekad nav tiku\u0161i sod\u012bti. <strong>Hitlers <\/strong>nodz\u012bvoja garu m\u016b\u017eu cionistu apg\u0101d\u012bb\u0101.<\/p>\n<p>Lai visu to mask\u0113tu, tika rad\u012bti da\u017e\u0101di m\u012bti, ar kuriem<em>(par kuriem)<\/em> c\u012bn\u012bj\u0101s\/c\u012bn\u0101s di\u017eie <strong>\u201eholokausta\u201d <\/strong>rad\u012bt\u0101ji.<\/p>\n<p>Latvie\u0161i, k\u0101 zin\u0101m, izr\u0101d\u012bj\u0101s daudz liel\u0101k\u0101 <strong>\u201egod\u0101\u201d, <\/strong>nek\u0101 pa\u0161i v\u0101cie\u0161i.<\/p>\n<p><strong>Herberts Cukurs<\/strong> pat tika sacirsts gabalos, lai rad\u012btu \u0161\u012b <strong>m\u012bta svar\u012bgumu<\/strong> !<\/p>\n<p>Tas turpin\u0101s ar\u012b v\u0113l l\u012bdz \u0161odienai ar vis\u0101da veida <strong>\u201elapsu\u201d,\u201dpried\u012b\u0161u\u201d, \u201epaulu\u201d<\/strong>, <strong>\u201epr\u016b\u0161u\u201d, \u201es\u0113\u0146u\u201d <\/strong>vai <strong>4. maija kli\u0137es <\/strong>siles darbo\u0146u pal\u012bdz\u012bbu.<\/p>\n<p><strong>I-port\u0101ls<\/strong> <strong>PIETIEK.com<\/strong> ir \u012bsta \u0161o m\u0113slu kncentr\u0101cijas vieta.<\/p>\n<p>Vi\u0146i visi ir <strong><span style=\"text-decoration: underline;\">kriev\u017e\u012bdisk\u0101 cionisma rad\u012bti cilv\u0113kveid\u012bgie lopi<\/span><\/strong><em>(D\u017eord\u017ea Orvela &#8220;Dz\u012bvnieku ferma&#8221;)<\/em>.<\/p>\n<h2>Tas viss r\u016bp\u012bgi tiek sl\u0113pts.<\/h2>\n<p>K\u0101dreiz jau n\u0101ks gaism\u0101, ko dar\u012bja un k\u0101das vieno\u0161an\u0101s nosl\u0113dza v\u0101cu nacists <strong>R. Hess <\/strong>ar <strong>V. \u010c\u0113r\u010dilu<\/strong> ? To visu p\u0113c atbr\u012bvo\u0161anas no ieslodz\u012bjuma grib\u0113ja past\u0101st\u012bt pats <strong>R\u016bdolfs Hess<\/strong>, bet vi\u0146\u0161 atbr\u012bvo\u0161anas br\u012bd\u012b cietum\u0101 tika no\u017e\u0146augts. Izmekl\u0113\u0161ana apklusa, jo slepkav\u012bbu izdar\u012bja <strong>Anglijas slepenie dienesti<\/strong>, kurus piln\u012bb\u0101 kontrol\u0113 <strong>Izra\u0113la<\/strong>, kura, savuk\u0101rt, ir \u017e\u012bdisk\u0101s <strong>Krievijas <\/strong>rad\u012bta.<\/p>\n<p>Latvie\u0161u v\u0113sturnieks <strong>Indulis Ronis<\/strong>, kur\u0161 juku laikos<strong> Krievij\u0101 <\/strong>bija ticis kl\u0101t slepenajiem arh\u012bviem, uzzin\u0101ja, ka <strong>\u201em\u016bsu\u201d <\/strong>biju\u0161ais<strong> SAB<\/strong> \u0161efs<strong> J\u0101nis Ka\u017eoci\u0146\u0161 <\/strong>ir bijis\u00a0 <strong>PSRS izl\u016bkdienestu saverv\u0113ts spiegs<\/strong>.<\/p>\n<p>K\u0101p\u0113c <strong>Anglija<\/strong> nerea\u0123\u0113ja uz to ?<\/p>\n<p>T\u0101p\u0113c, ka visas <strong>Anglijas<\/strong> slepeno dienestu strukt\u016bras ir<strong> Izra\u0113las<\/strong> uzraudz\u012bb\u0101. T\u0101tad, ar\u012b <strong>Krievijas<\/strong> p\u0101rraudz\u012bb\u0101.<\/p>\n<p>Toties <strong>Indulis Ronis<\/strong> pazaud\u0113ja darbu un pirms diviem gadiem piedz\u012bvoja smagu uzbrukumu no <strong>Reinika kantora puses<\/strong>.<\/p>\n<h2>Br\u012bnums, bet <strong>I. Ronis<\/strong> izdz\u012bvoja.<\/h2>\n<p>Ar\u012b<strong> Francija<\/strong> un t\u0101s vald\u012bba ir kriev\u017e\u012bdisko cionistu vad\u012bta. <strong>Francija, <\/strong>apejot visus starptautiskos <strong>L\u012aGUMUS,<\/strong> bija t\u0101, kas <strong>Izra\u0113lai<\/strong> uzc\u0113la r\u016bpn\u012bcu, ar kuras pal\u012bdz\u012bbu t\u0101 tika pie kodoliero\u010diem.<strong> Francija <\/strong>ir ar\u012b t\u0101, kura<strong> Krievijai<\/strong> tais\u0101s p\u0101rdot divus <strong>ASTR\u0100L <\/strong>avi\u0101cijas ku\u0123us, kuri ir perfekts<strong> \u201einstruments\u201d Baltijas <\/strong>un<strong> Polijas<\/strong> okup\u0101cijai, bet m\u016bsu, ar pederastiju aiz\u0146emtais, \u0101rlietu ministrs neuzskata par vajadz\u012bgu iesniegt \u0161aj\u0101 sakar\u0101 protesta <strong>NOTU <\/strong>!<\/p>\n<p>Un neaizmirs\u012bsim, ka<strong> Izra\u0113la<\/strong> tika rad\u012bta ar kriev\u017e\u012bdisk\u0101s <strong>Krievijas<\/strong> atbalstu un<strong> Izra\u0113las<\/strong> \u201e<strong>\u017e\u012bdiem<\/strong>\u201d nav nekas kop\u012bgs ar <strong>sem\u012btiskajiem izra\u0113\u013ciem<\/strong>. <strong>Izra\u0113la<\/strong> sast\u0101v no <strong><span style=\"text-decoration: underline;\">s\u0101tanisk\u0101s sektas p\u0101rst\u0101vjiem- cionistiem<\/span><\/strong><em>(Antikrista). <\/em>Tie\u0161i no tiem pa\u0161iem civiliz\u0101cijas atkritumiem, kuri<strong> izvaro <\/strong>un <strong>izzog<\/strong> m\u016bsu valsti.<\/p>\n<h2>Komunists, tas ir \u017e\u012bds v\u0101rda t\u0101 negat\u012bv\u0101kaj\u0101 noz\u012bm\u0113.<\/h2>\n<p><img decoding=\"async\" loading=\"lazy\" class=\"alignleft size-full wp-image-23704\" title=\"Gorba\u010dovs, kanclers Kols, ASV prezidents Bu\u0161s, Latvija, Merkel\" src=\"http:\/\/tautastribunals.eu\/wp-content\/uploads\/2014\/11\/Gorba\u010dovs-kanclers-Kols-ASV-prezidents-Bu\u0161s-Latvija-Merkel.PNG\" alt=\"Gorba\u010dovs, kanclers Kols, ASV prezidents Bu\u0161s, Latvija, Merkel\" width=\"352\" height=\"230\" srcset=\"https:\/\/tautastribunals.eu\/wp-content\/uploads\/2014\/11\/Gorba\u010dovs-kanclers-Kols-ASV-prezidents-Bu\u0161s-Latvija-Merkel.PNG 670w, https:\/\/tautastribunals.eu\/wp-content\/uploads\/2014\/11\/Gorba\u010dovs-kanclers-Kols-ASV-prezidents-Bu\u0161s-Latvija-Merkel-300x196.PNG 300w\" sizes=\"(max-width: 352px) 100vw, 352px\" \/>Tie\u0161i <strong>\u0161ie \u017e\u012bdi<\/strong> bija tie, kuri ar <strong><span style=\"text-decoration: underline;\">nacistu pal\u012bdz\u012bbu<\/span><\/strong> izn\u012bcin\u0101ja<strong> antropolo\u0123iskos- \u0123en\u0113tiskos j\u016bdus<\/strong> un tagad dz\u012bvo uz vi\u0146u r\u0113\u0137ina- <strong>V\u0101cijas maks\u0101taj\u0101m repar\u0101cij\u0101m.<\/strong><\/p>\n<p>T\u0101tad, m\u0113s non\u0101kam pie t\u0101, ka aiz visas \u0161is antilatvisk\u0101s darb\u012bbas st\u0101v vec\u0101s<strong> Rietumu<\/strong> demokr\u0101tijas, kuras ir piln\u012bb\u0101 nopirktas no kriev\u017e\u012bdisk\u0101s <strong>Putina Krievijas<\/strong>.<\/p>\n<p><strong>FOTO NOSAUKUMS<\/strong>: <span style=\"color: #ff0000;\"><em>&#8220;Starptautiskie m\u0113sli&#8221;<\/em><\/span><\/p>\n<p>T\u0101p\u0113c jau ar\u012b uz <strong>Latviju <\/strong>skraida visi \u0161ie<em><strong> peresi, gauki, prin\u010di \u010darlzi<\/strong><\/em>&#8230; .<\/p>\n<p>Visi \u0161ie<strong> kolonizatoriskie<\/strong> re\u017e\u012bmi uz <strong>latvie\u0161iem<\/strong> ir dusm\u012bgi, jo m\u0113s sagr\u0101v\u0101m visas vi\u0146u imp\u0113rijas. Ja neb\u016btu biju\u0161i latvie\u0161u str\u0113lnieki, tad neb\u016btu sagrauta<strong> Krievijas <\/strong>imp\u0113rija un neb\u016btu radusies <strong>PSRS<\/strong>, kura savuk\u0101rt pal\u012bdz\u0113ja izn\u012bcin\u0101t visus koloni\u0101los re\u017e\u012bmus.<\/p>\n<h2>J\u0101, latviet, t\u0101 dzirksts bij\u0101m m\u0113s un neviens cits.<\/h2>\n<p>No mums n\u0101k ar\u012b <strong>PSRS <\/strong>sabrukums.<\/p>\n<p>To visu zemapzi\u0146\u0101 saprot visas <strong>imperi\u0101listisk\u0101s- koloni\u0101l\u0101s paraz\u012bttautas<\/strong> un <strong>cionisti<\/strong>, kuri vis\u0101m \u0161\u012bm taut\u0101m bija piez\u012bdu\u0161ies k\u0101 \u0113rces, jo bija ta\u010du ko z\u012bst !.<\/p>\n<p>Secin\u0101jums ir viens: <span style=\"text-decoration: underline;\"><strong>latvie\u0161i ir pa\u0161i liel\u0101kie pasaules v\u0113stures p\u0101rveidot\u0101ji<\/strong><\/span>.<\/p>\n<p>Tagad, latviet, tu redzi, ar k\u0101du drausm\u012bgu p\u0101rsp\u0113ku ir j\u0101c\u012bn\u0101s m\u016bsu tautai.<\/p>\n<p>Neskatoties uz visu to: m\u0113s, latviet, izn\u012bcin\u0101sim visus \u0161os<span style=\"text-decoration: underline;\"><strong> cionistiskos kriev\u017e\u012bdu s\u0101tanistus, t\u0101p\u0113c turi ieroci kaujas gatav\u012bb\u0101<\/strong><\/span> !<\/p>\n<p>Un galvenis, ka viss tas b\u016bs likum\u012bgi, iev\u0113rojot visus <strong>Starptautiskos Likumus<\/strong>.<\/p>\n<p>Esi lepns, latviet, par savu izcelsmi !<\/p>\n<p>23.11.14.\u00a0\u00a0 LRTT<\/p>\n<h1><span style=\"color: #ff0000;\">MIGLA SARKAN\u0100- NOL\u0100D\u0112T\u0100 !<\/span><\/h1>\n<h2><span style=\"color: #ff0000;\"><img decoding=\"async\" loading=\"lazy\" class=\"alignleft size-full wp-image-23721\" title=\"URBANOVI\u010cS,\u0100DAMSONS,CIL\u0112VI\u010cS,\u017dDANOKA,M\u0112SLI, LAUKS,PAVASARIS,\" src=\"http:\/\/tautastribunals.eu\/wp-content\/uploads\/2014\/11\/URBANOVI\u010cS\u0100DAMSONSCIL\u0112VI\u010cS\u017dDANOKAM\u0112SLI-LAUKSPAVASARIS.PNG\" alt=\"URBANOVI\u010cS,\u0100DAMSONS,CIL\u0112VI\u010cS,\u017dDANOKA,M\u0112SLI, LAUKS,PAVASARIS,\" width=\"631\" height=\"203\" srcset=\"https:\/\/tautastribunals.eu\/wp-content\/uploads\/2014\/11\/URBANOVI\u010cS\u0100DAMSONSCIL\u0112VI\u010cS\u017dDANOKAM\u0112SLI-LAUKSPAVASARIS.PNG 974w, https:\/\/tautastribunals.eu\/wp-content\/uploads\/2014\/11\/URBANOVI\u010cS\u0100DAMSONSCIL\u0112VI\u010cS\u017dDANOKAM\u0112SLI-LAUKSPAVASARIS-300x96.PNG 300w, https:\/\/tautastribunals.eu\/wp-content\/uploads\/2014\/11\/URBANOVI\u010cS\u0100DAMSONSCIL\u0112VI\u010cS\u017dDANOKAM\u0112SLI-LAUKSPAVASARIS-800x257.PNG 800w\" sizes=\"(max-width: 631px) 100vw, 631px\" \/>Ko tad j\u016bs \u0161eit redzat ? <\/span><\/h2>\n<p><span style=\"color: #ff0000;\">Putina <span style=\"color: #800000;\"><strong>nacistisk\u0101s partijas pied\u0113k\u013cus<\/strong>&#8211; <\/span><span style=\"color: #800000;\"><strong>hemaro\u012bdus<\/strong><\/span>, noziedznieku bandu, kuri \u0161eit atrodas pretlikum\u012bgi- pateicoties<span style=\"color: #800000;\"><strong> Starptautisko Likumu<\/strong> <\/span>ignorancei.<\/span><\/p>\n<p><span style=\"color: #ff0000;\">\u0160iem kriev\u017e\u012bdu debilantiem j\u0101tiek sod\u012btiem k\u0101 nodev\u0113jiem, jo vi\u0146iem ir <span style=\"color: #800000;\"><strong>Latvijas pilson\u012bba<\/strong><\/span>.<br \/>\n<\/span><\/p>\n<p><span style=\"color: #ff0000;\">\u0160eit variet noskatieties, ko saka <strong>Je\u013cena Vasi\u013cjeva<\/strong><em>(krievu zald\u0101tu aizst\u0101ve)<\/em> par<strong> <span style=\"color: #800000;\">putiniskajiem izdzimte\u0146iem<\/span><\/strong>, kuri okup\u0113<strong> <span style=\"color: #800000;\">Ukrainu<\/span><\/strong><span style=\"color: #800000;\">:<\/span><\/span><\/p>\n<h2><span style=\"color: #ff0000;\"><a href=\"https:\/\/www.youtube.com\/watch?v=o8UE2NAYJZU\"> https:\/\/www.youtube.com\/watch?v=o8UE2NAYJZU<\/a><\/span><\/h2>\n<p><span style=\"color: #ff0000;\">Bet \u0161eit, kriev\u017e\u012bdu \u0161va\u013ci, Latvijas okupanti, paskatieties, kas j\u016bs sagaida. Nedom\u0101jiet, ka Ukrainai nav iero\u010di, lai j\u016bs, ar nol\u0101d\u0113t\u012bbas z\u012bmogu apz\u012bmogotos izdzimte\u0146us, izn\u012bcin\u0101tu k\u0101 pr\u016bsakus- tarak\u0101nus. Ar\u012b b\u0113rzi\u0146us un godma\u0146us gaida &#8220;septi\u0146i grami&#8221; svins vi\u0146u nodev\u012bgajos r\u0101pu\u013cu pauros. Katrs sa\u0146ems to, ko peln\u012bjis, ne vair\u0101k un ar\u012b ne maz\u0101k: <\/span><\/p>\n<h2><a href=\"https:\/\/www.youtube.com\/watch?v=W2BcLfRRyK8\">https:\/\/www.youtube.com\/watch?v=W2BcLfRRyK8<\/a><\/h2>\n","protected":false},"excerpt":{"rendered":"<p>Kas st\u0101v aiz latvie\u0161u tautas slepkav\u0101m ? Tas ir vienk\u0101r\u0161s, bet taj\u0101 pa\u0161\u0101 laik\u0101 sare\u017e\u0123\u012bts \u201ejaut\u0101jums\u201d. Pirmk\u0101rt: materi\u0101l\u0101s pasaules eksistence ir Gar\u012bg\u0101s Pasaules spogulis. Galven\u0101 c\u012b\u0146a notiek Gar\u012bgaj\u0101 Pasaul\u0113. Gar\u012bgaj\u0101 pasaul\u0113 latvie\u0161i ir POZIT\u012aV\u0100&#46;&#46;&#46;<\/p>\n","protected":false},"author":1,"featured_media":0,"comment_status":"open","ping_status":"open","sticky":false,"template":"","format":"standard","meta":[],"categories":[1],"tags":[],"_links":{"self":[{"href":"https:\/\/tautastribunals.eu\/index.php?rest_route=\/wp\/v2\/posts\/23668"}],"collection":[{"href":"https:\/\/tautastribunals.eu\/index.php?rest_route=\/wp\/v2\/posts"}],"about":[{"href":"https:\/\/tautastribunals.eu\/index.php?rest_route=\/wp\/v2\/types\/post"}],"author":[{"embeddable":true,"href":"https:\/\/tautastribunals.eu\/index.php?rest_route=\/wp\/v2\/users\/1"}],"replies":[{"embeddable":true,"href":"https:\/\/tautastribunals.eu\/index.php?rest_route=%2Fwp%2Fv2%2Fcomments&post=23668"}],"version-history":[{"count":56,"href":"https:\/\/tautastribunals.eu\/index.php?rest_route=\/wp\/v2\/posts\/23668\/revisions"}],"predecessor-version":[{"id":23718,"href":"https:\/\/tautastribunals.eu\/index.php?rest_route=\/wp\/v2\/posts\/23668\/revisions\/23718"}],"wp:attachment":[{"href":"https:\/\/tautastribunals.eu\/index.php?rest_route=%2Fwp%2Fv2%2Fmedia&parent=23668"}],"wp:term":[{"taxonomy":"category","embeddable":true,"href":"https:\/\/tautastribunals.eu\/index.php?rest_route=%2Fwp%2Fv2%2Fcategories&post=23668"},{"taxonomy":"post_tag","embeddable":true,"href":"https:\/\/tautastribunals.eu\/index.php?rest_route=%2Fwp%2Fv2%2Ftags&post=23668"}],"curies":[{"name":"wp","href":"https:\/\/api.w.org\/{rel}","templated":true}]}}