{"id":2336,"date":"2010-08-08T19:10:16","date_gmt":"2010-08-08T16:10:16","guid":{"rendered":"http:\/\/tautastribunals.eu\/?p=2336"},"modified":"2010-08-08T19:11:53","modified_gmt":"2010-08-08T16:11:53","slug":"kas-tad-isti-ir-juris-rubenis","status":"publish","type":"post","link":"https:\/\/tautastribunals.eu\/?p=2336","title":{"rendered":"Kas tad \u012bsti ir Juris Rubenis&#8230; ?"},"content":{"rendered":"<p><img decoding=\"async\" loading=\"lazy\" class=\"alignleft size-full wp-image-2342\" src=\"http:\/\/tautastribunals.eu\/wp-content\/uploads\/2010\/08\/Nodev\u012bba-cilv\u0113ka-izskat\u0101-1.png\" alt=\"Nodev\u012bba cilv\u0113ka izskat\u0101 !!!\" width=\"163\" height=\"204\" \/><\/p>\n<p><strong><span style=\"color: #333399\">Un es dom\u0101ju, ka Tu pie manis v\u0113l\u0101 vakara stund\u0101 n\u0101ci Paties\u012bbas vad\u012bts&#8230; .<\/span><\/strong><\/p>\n<p><strong><span style=\"color: #333399\">=========================================<\/span><\/strong><\/p>\n<p><strong><span style=\"color: #993300\">Jo nekas nav apsl\u0113pts, kas netiks atkl\u0101ts, un nekas nezin\u0101ms, kas nen\u0101ks zin\u0101ms. T\u0101p\u0113c, ko j\u016bs esat teiku\u0161i tums\u0101, to run\u0101s gaism\u0101&#8230; <\/span><span style=\"color: #993300\">!<\/span><\/strong> <em>Tu, Juri Rubeni, \u0161os v\u0101rdus neesi \u0146\u0113mis v\u0113r\u0101 un par to b\u016bs d\u0101rgi j\u0101maks\u0101 !<\/em><\/p>\n<p>\u00a0<span style=\"color: #008000\">J\u0101, kas tad \u012bsti par cilv\u0113ku ir <strong>Juris Rubenis<\/strong> ? Protams, ka vi\u0146\u0161 nav tas, par ko uzdodas. <strong>Juris Rubenis<\/strong>, jau pa\u0161os <strong>Atmodas<\/strong> laiku s\u0101kumos, kalpoja latvie\u0161u tautas ienaidniekiem. Pavir\u0161i skatoties un klausoties <strong>J.R<\/strong>. spredi\u0137os, varam non\u0101kt pie piln\u012bgi nepareiza secin\u0101juma. Latvijas valsts un latvie\u0161u tauta \u0161odien ir iedz\u012bta gal\u012bg\u0101 nabadz\u012bb\u0101 un bezizej\u0101 ! Vai m\u016bsu <strong>&#8220;\u0146ipro Jur\u012bti&#8221;(<\/strong>t\u0101 <strong>A. Kavacis<\/strong> sav\u0101 gr\u0101mat\u0101 <strong>&#8220;CILV\u0112KS V\u0112STURES V\u0112JOS&#8221;<\/strong> ir nosaucis<strong> J. Rubeni<\/strong>) tas uztrauc ? N\u0113, vi\u0146\u0161 neklap\u0113 ne ar ausi, jo \u0161im kungam ir vienalga, k\u0101 dz\u012bvo tauta un kas ar vi\u0146u notiek. Run\u0101, ka no m\u0101tes puses<strong> Jur\u012btis <\/strong>esot &#8220;n\u0101cis&#8221; no krievu aristokr\u0101tiem. <\/span><span style=\"color: #008000\">Ja tas t\u0101, tad jau piln\u012bgi k\u013c\u016bst saprotama <strong>Jur\u012b\u0161a<\/strong> uzved\u012bba. <strong><span style=\"text-decoration: underline\">Krieviskais g\u0113ns<\/span><\/strong> dara savu melno darbu. Atceros pa\u0161us meln\u0101kos <strong>Atmodas<\/strong> pirms\u0101kuma laikus, kad p\u0113c amnestijas par<strong> H-86<\/strong> grupas dibin\u0101\u0161anu, biju tikko atgriezies no aresta, pie manis v\u0113l\u0101 vakara stund\u0101 ierad\u0101s k\u0101ds jauns v\u012brietis tum\u0161\u0101s brill\u0113s un st\u0101d\u012bj\u0101s priek\u0161\u0101 k\u0101 m\u0101c\u012bt\u0101js <strong>Juris Rubenis<\/strong>. Neko svar\u012bgu vi\u0146\u0161 nepateica, bet tas viss lika noprast, ka mums j\u0101kontakt\u0113jas. M\u0113s ar\u012b kontakt\u0113j\u0101mies&#8230; .Toreiz v\u0113l nenojautu, ka <strong>Juris Rubenis<\/strong> pie manis ierad\u0101s <strong>Latvijas PSR VDK<\/strong> uzdevum\u0101. To sapratu v\u0113l\u0101k, kad atrados emigr\u0101cij\u0101. Es un, t\u0101 saucamais, disidents <strong>J\u0101nis<\/strong> <strong>Ro\u017ekalns<\/strong> dz\u012bvoj\u0101m kaimi\u0146os. T\u016bl\u012bt p\u0113c iera\u0161an\u0101s V\u0101cij\u0101 uz p\u0101rrun\u0101m mani uzaicin\u0101ja <strong>J. Ro\u017ekalns<\/strong>, un bez liekas vilcin\u0101\u0161an\u0101s man paskaidroja, ka man j\u0101sadarbojas un j\u0101klausa vi\u0146a nor\u0101d\u012bjumiem, pret\u0113j\u0101 gad\u012bjum\u0101 es tik\u0161ot izol\u0113ts.Pie vi\u0146a tie\u0161i taj\u0101 laik\u0101 atrad\u0101s Zviedrijas latvie\u0161u soci\u0137is <strong>Juris Ka\u017ea<\/strong>. Zviedrijas soci\u0137i sadarboj\u0101s ar padomju <strong>Latviju<\/strong> un krasi uzst\u0101j\u0101s pret <strong>PBLA<\/strong>. T\u0101du <strong>Ro\u017ekalna <\/strong>pied\u0101v\u0101jumu es krasi noraid\u012bju. P\u0113c tam <strong>Ro\u017ekalns<\/strong> ,vis\u0101s iesp\u0113jam\u0101s viet\u0101s un gad\u012bjumos, cent\u0101s mani apmelot, pat noejot l\u012bdz t\u0101dam absurdam, ka es esot nodibin\u0101jis <strong>Helsinku<\/strong> grupu, lai dab\u016btu kontaktus ar <strong>VDK<\/strong>, vai ar\u012b es esmu it k\u0101 nol\u0101d\u0113jis<strong> G. Astru<\/strong> un t\u0101p\u0113c vi\u0146\u0161 esot nomiris&#8230; . <strong>Juris Rubenis<\/strong> vair\u0101kas reizes bija Minster\u0113 un vienm\u0113r apciemoja <strong>J. Ro\u017ekalnu,<\/strong> bet no manis izvair\u012bj\u0101s, kaut gan vajadz\u0113ja b\u016bt tie\u0161i otr\u0101di. <strong>J. Ro\u017ekalnu<\/strong> apmekl\u0113ja ar\u012b komunists un \u010dekists <strong>Edv\u012bns Inkens.<\/strong> <strong>VDK, Ro\u017ekalna<\/strong> izskat\u0101, atkal \u0137\u0113r\u0101s kl\u0101t radio <strong>&#8220;Br\u012bv\u0101 Eiropa&#8221;<\/strong>\u00a0diktoram <strong>P\u0101vilam Br\u016bverim<\/strong>. T\u0101 rezult\u0101t\u0101<strong> Br\u016bveris<\/strong> s\u0101ka akt\u012bvu, manis un manis atst\u0101to <strong>H-86<\/strong> grupu <strong>Latvij\u0101<\/strong>, apmelo\u0161anu. Par Ro\u017ekalna neliet\u012bbu man person\u012bgi past\u0101st\u012bja <strong>P\u0101vila Br\u016bvera<\/strong> t\u0113vs. \u010ceka uzdarboj\u0101s drud\u017eaini. Vis\u0101das padibenes tika s\u016bt\u012btas uz latvie\u0161u centru Minster\u0113 un visi, kaut k\u0101d\u0101 nesaprotam\u0101 v\u012bz\u0113, ciemoj\u0101s pie <strong>J. Ro\u017ekalna<\/strong>. 1992. gad\u0101 bija m\u0113\u0123in\u0101jums mani noind\u0113t: vai nu doz\u0113jums bija par mazu, vai pagl\u0101ba mana nesm\u0113\u0137\u0113\u0161ana, nedzer\u0161ana un p\u0101rm\u0113r\u012bg\u0101 piena lieto\u0161ana. <strong>Dievs <\/strong>vien zina, bet vesel\u012bba man tika pamat\u012bgi iedrag\u0101ta&#8230; .<\/span><\/p>\n<p><span style=\"color: #008000\">Un te k\u0101ds cit\u0101ts no <strong>A. Kava\u010da<\/strong> gr\u0101matas par Jur\u012bti:<\/span><strong><span style=\"color: #993300\"> &#8220;\u0160odien ir gr\u016bti pateikt, vai, uzticot vi\u0146am p\u0101rst\u0101v\u0113t kust\u012bbu Tautas frontes kongres\u0101, m\u0113s pie\u013c\u0101v\u0101m samait\u0101jo\u0161u k\u013c\u016bdu vai vi\u0146am jau agr\u0101k bija citi &#8220;saimnieki&#8221;, ta\u010du t\u0101l\u0101k\u0101 att\u012bst\u012bba bija kras\u0101 pretrun\u0101 ar m\u016bsu kust\u012bbas principiem un ide\u0101liem&#8221;. <\/span><\/strong><\/p>\n<p><span style=\"color: #008000\">Un tagad atgriez\u012bsimies pie iemesla, k\u0101p\u0113c par \u0161o t\u0113mu tika rakst\u012bts.<\/span><\/p>\n<p><strong><em>25.11.2009. Latvijas Av\u012bz\u0113, p\u0113c las\u012bt\u0101ju l\u016bguma, tika public\u0113ta<span style=\"color: #ff0000\"> J. Rube\u0146a<\/span> sv\u0113truna Latvijas Republikas proklam\u0113\u0161anas dienai velt\u012btaj\u0101 ekum\u0113niskaj\u0101 dievkalpojum\u0101 R\u012bgas Dom\u0101 2009. gada 18. novembr\u012b.<\/em><\/strong><\/p>\n<p><span style=\"color: #008000\">Kas tad \u012bsti bija \u0161ie &#8220;las\u012bt\u0101ji&#8221;, p\u0113c kuru l\u016bguma tika public\u0113ta LA \u0161\u012b zomb\u0113jo\u0161\u0101 &#8220;sv\u0113truna&#8221;?<\/span><\/p>\n<p><span style=\"color: #008000\">Kad valsts un tauta ir iedz\u012bta tot\u0101l\u0101 bezizej\u0101 un nabadz\u012bb\u0101, tu, <strong>Juri Rubeni<\/strong>, liec vi\u0146ai ieklaus\u012bties &#8220;klusum\u0101&#8221;. Tas bija DD(dro\u0161\u012bbas dienests), kas lika \u0161\u012bs tavas zomb\u0113jo\u0161\u0101s mu\u013c\u0137\u012bbas public\u0113t. Tavs pien\u0101kums, <strong>Juri<\/strong>, ja Tu b\u016btu m\u0101c\u012bt\u0101js p\u0113c b\u016bt\u012bbas, bet ne 30 sudraba gra\u0161u peln\u012bt\u0101js, b\u016btu tautai apskaidrot, ka vi\u0146a tiek apzagta un n\u012bd\u0113ta no S\u0101tana kalpiem. Ar\u012b to, ka nav j\u0101pagrie\u017e otrs vaigs, ja dab\u016b pa pirmo. Nabaga izv\u0101rdzin\u0101tajai tautai Tu pav\u0113li klus\u0113t tad, kad tai j\u0101\u0146em iero\u010di rok\u0101s. Tie\u0161i t\u0101p\u0113c jau ar\u012b tev <strong>DD<\/strong> liek t\u0101das mu\u013c\u0137\u012bbas murmul\u0113t, jo bailes par pastr\u0101d\u0101tiem noziegumiem pret tautu jums ir aptum\u0161oju\u0161as pr\u0101tu. <strong><span style=\"color: #ff0000\"><span style=\"text-decoration: underline\">Tu ar\u012b labi saproti, ja tiks atjaunots Tiesiskums, tad tev b\u016bs j\u0101atskait\u0101s \u00a0par k\u0101diem l\u012bdzek\u013ciem Tu esi uzb\u016bv\u0113jis divas m\u0101jas ?!<\/span><\/span>\u00a0 <\/strong><\/span><\/p>\n<p><span style=\"color: #008000\"><strong>Andrejs Kavacis<\/strong> sav\u0101 gr\u0101mat\u0101 par tevi ir labi pateicis. Priek\u0161 tiem, kuri nav las\u012bju\u0161i <strong>A. Kava\u010da<\/strong> gr\u0101matu, <strong>LRTT <\/strong>n\u0101ko\u0161aj\u0101 ned\u0113\u013cas nogal\u0113 public\u0113s sada\u013cu par<strong> &#8220;M\u016bsu \u0146iprais Jur\u012btis&#8221;.<\/strong><\/span><\/p>\n<p><span style=\"color: #008000\">\u00a0Un k\u0101 tad ,Juri, sast\u0101v ar pla\u0123i\u0101tismu ? Piesavin\u0101ties sve\u0161us darbus ir pret\u012bgi- t\u0101 ir zag\u0161ana, bet tev tas, k\u0101 redzams, ir ne vair\u0101k k\u0101 sveci nop\u016bst. \u00a0<\/span><\/p>\n<p><span style=\"color: #008000\">\u00a0Vienu es tev <strong>,Juri,<\/strong> varu apsol\u012bt: p\u0113c <strong>Tiesiskuma<\/strong> atjauno\u0161anas <strong>Latvij\u0101<\/strong>, <strong>Tu<\/strong> nekav\u0113joties tiksi arest\u0113ts un tev b\u016bs j\u0101atbild uz daudziem jaut\u0101jumiem.<\/span><\/p>\n<p><span style=\"color: #008000\"><strong><span style=\"color: #993300\">Dievs pasargi m\u016bs no t\u0101diem k\u0101 Juris Rubenis.<\/span><\/strong><\/span><\/p>\n<p><span style=\"color: #008000\"><span style=\"color: #993300\"><em><span style=\"color: #000000\">L. Granti\u0146\u0161<\/span><\/em><\/span><\/span><\/p>\n<p><span style=\"color: #008000\"><span style=\"color: #993300\"><em><span style=\"color: #000000\">08.08.2010.<\/span><\/em><\/span><\/span><\/p>\n<p><span style=\"color: #008000\">=================================================================================<\/span><\/p>\n<p><strong>Kas past\u0101v paties\u012bb\u0101, tas tiek izgl\u0101bts !<img decoding=\"async\" loading=\"lazy\" class=\"alignleft size-large wp-image-2344\" src=\"http:\/\/tautastribunals.eu\/wp-content\/uploads\/2010\/08\/Cilv\u0113ks-v\u0113stures-v\u0113jos2-569x799.jpg\" alt=\"Cilv\u0113ks v\u0113stures v\u0113jos\" width=\"569\" height=\"799\" srcset=\"https:\/\/tautastribunals.eu\/wp-content\/uploads\/2010\/08\/Cilv\u0113ks-v\u0113stures-v\u0113jos2-569x799.jpg 569w, https:\/\/tautastribunals.eu\/wp-content\/uploads\/2010\/08\/Cilv\u0113ks-v\u0113stures-v\u0113jos2-213x300.jpg 213w, https:\/\/tautastribunals.eu\/wp-content\/uploads\/2010\/08\/Cilv\u0113ks-v\u0113stures-v\u0113jos2.jpg 975w\" sizes=\"(max-width: 569px) 100vw, 569px\" \/><\/strong><\/p>\n","protected":false},"excerpt":{"rendered":"<p>Un es dom\u0101ju, ka Tu pie manis v\u0113l\u0101 vakara stund\u0101 n\u0101ci Paties\u012bbas vad\u012bts&#8230; . ========================================= Jo nekas nav apsl\u0113pts, kas netiks atkl\u0101ts, un nekas nezin\u0101ms, kas nen\u0101ks zin\u0101ms. T\u0101p\u0113c, ko j\u016bs esat teiku\u0161i tums\u0101,&#46;&#46;&#46;<\/p>\n","protected":false},"author":6,"featured_media":0,"comment_status":"open","ping_status":"open","sticky":false,"template":"","format":"standard","meta":[],"categories":[1],"tags":[],"_links":{"self":[{"href":"https:\/\/tautastribunals.eu\/index.php?rest_route=\/wp\/v2\/posts\/2336"}],"collection":[{"href":"https:\/\/tautastribunals.eu\/index.php?rest_route=\/wp\/v2\/posts"}],"about":[{"href":"https:\/\/tautastribunals.eu\/index.php?rest_route=\/wp\/v2\/types\/post"}],"author":[{"embeddable":true,"href":"https:\/\/tautastribunals.eu\/index.php?rest_route=\/wp\/v2\/users\/6"}],"replies":[{"embeddable":true,"href":"https:\/\/tautastribunals.eu\/index.php?rest_route=%2Fwp%2Fv2%2Fcomments&post=2336"}],"version-history":[{"count":17,"href":"https:\/\/tautastribunals.eu\/index.php?rest_route=\/wp\/v2\/posts\/2336\/revisions"}],"predecessor-version":[{"id":2357,"href":"https:\/\/tautastribunals.eu\/index.php?rest_route=\/wp\/v2\/posts\/2336\/revisions\/2357"}],"wp:attachment":[{"href":"https:\/\/tautastribunals.eu\/index.php?rest_route=%2Fwp%2Fv2%2Fmedia&parent=2336"}],"wp:term":[{"taxonomy":"category","embeddable":true,"href":"https:\/\/tautastribunals.eu\/index.php?rest_route=%2Fwp%2Fv2%2Fcategories&post=2336"},{"taxonomy":"post_tag","embeddable":true,"href":"https:\/\/tautastribunals.eu\/index.php?rest_route=%2Fwp%2Fv2%2Ftags&post=2336"}],"curies":[{"name":"wp","href":"https:\/\/api.w.org\/{rel}","templated":true}]}}