{"id":22622,"date":"2014-10-01T12:48:45","date_gmt":"2014-10-01T09:48:45","guid":{"rendered":"http:\/\/tautastribunals.eu\/?p=22622"},"modified":"2014-10-01T13:05:54","modified_gmt":"2014-10-01T10:05:54","slug":"maris-m-pardomas-par-lnf","status":"publish","type":"post","link":"https:\/\/tautastribunals.eu\/?p=22622","title":{"rendered":"M\u0101ris M. P\u0101rdomas par LNF"},"content":{"rendered":"<h2><span style=\"color: #0000ff;\"><span style=\"color: #003300;\"><span style=\"text-decoration: underline;\">V\u0112L\u0112\u0160ANAS !!!<\/span><\/span><br \/>\n<\/span><\/h2>\n<h3><span style=\"color: #000000;\"><img decoding=\"async\" loading=\"lazy\" class=\"alignleft size-full wp-image-22623\" title=\"Granti\u0146\u0161, Helsinki- 86,LRTT, Saeima,Latvija\" src=\"http:\/\/tautastribunals.eu\/wp-content\/uploads\/2014\/09\/Granti\u0146\u0161-Helsinki-86LRTT-SaeimaLatvija8.PNG\" alt=\"Granti\u0146\u0161, Helsinki- 86,LRTT, Saeima,Latvija\" width=\"113\" height=\"66\" srcset=\"https:\/\/tautastribunals.eu\/wp-content\/uploads\/2014\/09\/Granti\u0146\u0161-Helsinki-86LRTT-SaeimaLatvija8.PNG 800w, https:\/\/tautastribunals.eu\/wp-content\/uploads\/2014\/09\/Granti\u0146\u0161-Helsinki-86LRTT-SaeimaLatvija8-300x176.PNG 300w\" sizes=\"(max-width: 113px) 100vw, 113px\" \/>L.Granti\u0146\u0161. Nev\u0113l\u0113sim par savas tautas slepkav\u0101m !<br \/>\n<\/span><\/h3>\n<h2><span style=\"color: #0000ff;\"><a href=\"https:\/\/www.youtube.com\/watch?v=_Fb2cuocXM4\">htt<\/a><\/span><span style=\"color: #0000ff;\"><a href=\"https:\/\/www.youtube.com\/watch?v=_Fb2cuocXM4\">ps:\/\/w<\/a><\/span><span style=\"color: #0000ff;\"><a href=\"https:\/\/www.youtube.com\/watch?v=_Fb2cuocXM4\">ww.youtube.com\/watch?v=_Fb2cuocXM4<\/a><\/span><\/h2>\n<p><span style=\"color: #0000ff;\"><span style=\"color: #003300;\"><span style=\"text-decoration: underline;\">============================================================================<\/span><\/span><br \/>\n<\/span><\/p>\n<h3><span style=\"color: #000000;\"><img decoding=\"async\" loading=\"lazy\" class=\"alignleft size-full wp-image-22624\" title=\"A.Kavacis-Br\u016bveris-Pl\u0101te-LELB-bazn\u012bca.\" src=\"http:\/\/tautastribunals.eu\/wp-content\/uploads\/2014\/09\/A.Kavacis-Br\u016bveris-Pl\u0101te-LELB-bazn\u012bca.8.PNG\" alt=\"A.Kavacis-Br\u016bveris-Pl\u0101te-LELB-bazn\u012bca.\" width=\"113\" height=\"63\" srcset=\"https:\/\/tautastribunals.eu\/wp-content\/uploads\/2014\/09\/A.Kavacis-Br\u016bveris-Pl\u0101te-LELB-bazn\u012bca.8.PNG 955w, https:\/\/tautastribunals.eu\/wp-content\/uploads\/2014\/09\/A.Kavacis-Br\u016bveris-Pl\u0101te-LELB-bazn\u012bca.8-300x167.PNG 300w, https:\/\/tautastribunals.eu\/wp-content\/uploads\/2014\/09\/A.Kavacis-Br\u016bveris-Pl\u0101te-LELB-bazn\u012bca.8-800x447.PNG 800w\" sizes=\"(max-width: 113px) 100vw, 113px\" \/>A.Kavacis. Par ko v\u0113l\u0113sim ?<\/span><\/h3>\n<h2><span style=\"color: #ff0000;\"><a href=\"https:\/\/www.youtube.com\/watch?v=ND3HdWHpVEk\">https:\/\/www.youtube.com\/watch?v=ND3HdWHpVEk<\/a><\/span><\/h2>\n<p><span style=\"color: #ff0000;\"><span style=\"color: #003300;\"><span style=\"text-decoration: underline;\">============================================================================<\/span><\/span><br \/>\n<\/span><\/p>\n<h2><span style=\"color: #008000;\">Es\u012bbas <strong>MATRICU<\/strong> neviens nevar izmain\u012bt vai apm\u0101n\u012bt.<\/span><\/h2>\n<p><span style=\"color: #008000;\"> <\/span><\/p>\n<p><span style=\"color: #008000;\"> <\/span><\/p>\n<p><span style=\"color: #008000;\"> <\/span><\/p>\n<p><span style=\"color: #008000;\"><strong><img decoding=\"async\" loading=\"lazy\" class=\"alignleft size-full wp-image-22625\" title=\"balodis_trifanova-media_large\" src=\"http:\/\/tautastribunals.eu\/wp-content\/uploads\/2014\/09\/balodis_trifanova-media_large.jpg\" alt=\"balodis_trifanova-media_large\" width=\"144\" height=\"103\" \/>Dievi\u0161\u0137\u0101s Pasaules Likumi<\/strong> nav nedz apejami, nedz izmain\u0101mi. <\/span><\/p>\n<p><span style=\"color: #008000;\"> <\/span><\/p>\n<p><span style=\"color: #008000;\">Izdz\u012bvo tas, kur\u0161 iek\u013caujas \u0161ajos <strong>Likumos<\/strong>. <\/span><\/p>\n<p><span style=\"color: #008000;\"> <\/span><\/p>\n<p><span style=\"color: #008000;\">Izn\u012bcin\u0101ts tiek tas, kur\u0161 tos p\u0101rk\u0101pj. <\/span><\/p>\n<p><span style=\"color: #008000;\"> <\/span><\/p>\n<p><span style=\"color: #008000;\">Meli un neliet\u012bba tiek izn\u012bcin\u0101ta, jo neatbilst <strong>Dievi\u0161\u0137ajai Evol\u016bcijai<\/strong>.<\/span><\/p>\n<p><span style=\"color: #008000;\"> <\/span><\/p>\n<p><span style=\"color: #008000;\"><span style=\"text-decoration: underline;\">============================================================================<\/span><\/span><\/p>\n<h2><span style=\"color: #003300;\"><span style=\"color: #000000;\"><img decoding=\"async\" loading=\"lazy\" class=\"alignleft size-full wp-image-22632\" title=\"www.tautastribunals.eu-1411\" src=\"http:\/\/tautastribunals.eu\/wp-content\/uploads\/2014\/09\/www.tautastribunals.eu-14111.png\" alt=\"www.tautastribunals.eu-1411\" width=\"643\" height=\"90\" srcset=\"https:\/\/tautastribunals.eu\/wp-content\/uploads\/2014\/09\/www.tautastribunals.eu-14111.png 950w, https:\/\/tautastribunals.eu\/wp-content\/uploads\/2014\/09\/www.tautastribunals.eu-14111-300x42.png 300w, https:\/\/tautastribunals.eu\/wp-content\/uploads\/2014\/09\/www.tautastribunals.eu-14111-800x112.png 800w\" sizes=\"(max-width: 643px) 100vw, 643px\" \/>M\u0101ris M. P\u0101rdomas par LNF<\/span><span style=\"text-decoration: underline;\"><br \/>\n<\/span><\/span><\/h2>\n<p><span style=\"color: #000000;\"> <\/span><\/p>\n<p><span style=\"color: #000000;\">Pazinu k\u0101du cilv\u0113ku, kur\u0161 bija uz\u0137\u0113ries uz <strong>gardas \u0101\u0137a<\/strong>. <strong>Har\u0113ms<\/strong> vi\u0146u film\u0113ja, interv\u0113ja, bet<strong> LNF<\/strong> public\u0113tus videomateri\u0101lus man nekur neizdodas atrast.<br \/>\nJa grib lai p\u0113c iesp\u0113jas pla\u0161\u0101ka auditorija uzzina paties\u012bbu, tad parasti cen\u0161as video ielikt visiem pieejam\u0101 viet\u0101, <span style=\"text-decoration: underline;\"><strong>k\u0101 to dara tribun\u0101ls<\/strong><\/span>. Piem\u0113ram,<strong> youtub\u0113<\/strong>. \u0160\u012b cilv\u0113ka video intervijas nekur publiskotas neatrodu <em>(varb\u016bt slikti mekl\u0113ju?). <\/em>Laikrakst\u0101 <strong>DDD<\/strong> vi\u0146as pa k\u0101dai var samekl\u0113t, bet video man neizdodas atrast, kaut \u0161is v\u0113stures liecinieks tika film\u0113ts.<br \/>\n\u0160is da\u017e\u0101du v\u0113sturisku faktu aculiecinieks nomira ar v\u0113zi p\u0113c vair\u0101k\u0101m oper\u0101cij\u0101m. Viens no faktiem ir tas, ka sirmais, bet \u017eiper\u012bgais kungs <strong><span style=\"text-decoration: underline;\">kategoriski noraid\u012bja \u017e\u012bdu dedzin\u0101\u0161anu sinagog\u0101 R\u012bg\u0101<\/span><\/strong>, kad t\u0101 dega v\u0101cu laik\u0101. <\/span><\/p>\n<h2><span style=\"color: #000000;\">Tai degot, nebija iek\u0161\u0101 cilv\u0113ku. <\/span><\/h2>\n<p><span style=\"color: #000000;\">Ar\u012b \u0101rpus\u0113 neviena visp\u0101r nebija, nemaz nerun\u0101jot par v\u0101cu zald\u0101tiem, kuriem vajadz\u0113ja tur b\u016bt, ja tie\u0161\u0101m \u017e\u012bdi b\u016btu dedzin\u0101ti<em>(tiem, kam piemirsies, atg\u0101din\u0101\u0161u, ka krievu laik\u0101 skol\u0101 m\u0101c\u012bja, ka v\u0101cie\u0161i sinagog\u0101 sadzinu\u0161i \u017e\u012bdus un dz\u012bvus sadedzin\u0101ju\u0161i<\/em>). Ielas bija tuk\u0161as. <\/span><\/p>\n<h2><span style=\"color: #000000;\">Sinagoga dega klusum\u0101 bez dego\u0161u cilv\u0113ku smakas. <\/span><\/h2>\n<p><span style=\"color: #000000;\">&gt;Otrs fakts ir t\u0101ds, ka <strong>\u013be\u0146ingradas blok\u0101di krievi nep\u0101rr\u0101va<\/strong>. V\u0101cie\u0161i mier\u012bgi aizg\u0101ja, palika tikai latvie\u0161i, kuri p\u0113c k\u0101d\u0101m dien\u0101m ar\u012b vienk\u0101r\u0161i aizg\u0101ja. Krievi tikai p\u0113c p\u0101ris dien\u0101m attap\u0101s, ka priek\u0161\u0101 neviena vairs nav. Te atkal j\u0101piemin m\u016bsu skolas laiki, kad mums \u010dakli bor\u0113ja iek\u0161\u0101 <strong>krievu varon\u012bbu p\u0101rraujot \u013be\u0146ingradas blok\u0101di<\/strong>.<\/span><\/p>\n<p><span style=\"color: #000000;\"> <\/span><\/p>\n<h2><span style=\"color: #000000;\">Mani p\u0101rsteidz cilv\u0113ku naivums. <\/span><\/h2>\n<p><span style=\"color: #000000;\">Ar v\u0101rdiem varb\u016bt izdodas k\u0101du apmu\u013c\u0137ot. Bet vai tad iel\u016bkojoties<strong> gardas absol\u016bti latvietim nerakstur\u012bgaj\u0101<\/strong>, m\u016b\u017eam par kaut ko sm\u012bno\u0161aj\u0101 sej\u0101, cilv\u0113kiem t\u0101 neliek aizdom\u0101ties ?<\/span><\/p>\n<p><span style=\"color: #000000;\"><span style=\"text-decoration: underline;\">===========================================================================<\/span><br \/>\n<\/span><\/p>\n<h2><span style=\"color: #008000;\"><img decoding=\"async\" loading=\"lazy\" class=\"alignleft size-full wp-image-22675\" title=\"J\u0101nis Rokpelnis\" src=\"http:\/\/tautastribunals.eu\/wp-content\/uploads\/2014\/10\/J\u0101nis-Rokpelnis.PNG\" alt=\"J\u0101nis Rokpelnis\" width=\"179\" height=\"108\" \/>J\u0101nis Rokpelnis: <\/span><\/h2>\n<h2><span style=\"color: #008000;\">Ir j\u0101iet v\u0113l\u0113t-<\/span><\/h2>\n<h2><span style=\"color: #008000;\"><a href=\"https:\/\/www.youtube.com\/watch?v=jLStdW2r7Rs#t=49\">https:\/\/www.youtube.com\/watch?v=jLStdW2r7Rs#t=49<\/a><\/span><\/h2>\n<p><span style=\"color: #000000;\"><span style=\"text-decoration: underline;\">===========================================================================<\/span><br \/>\n<\/span><\/p>\n<h2><span style=\"color: #000000;\">LRTT turpin\u0101jums M\u0101ra M. sac\u012btajam<\/span><\/h2>\n<p><span style=\"color: #000000;\"> <\/span><\/p>\n<p><span style=\"color: #000000;\">Vienu<strong> Putins<\/strong> ir pasac\u012bjis pareizi: <strong>&#8220;Vienreiz komunists, vienm\u0113r komunists !&#8221;<\/strong> Runa iet par p\u0113cokup\u0101cijas komunistiem. Tie, kuri iest\u0101j\u0101s <strong>Kompartij\u0101 <\/strong>p\u0113c <strong>Latvijas Repubikas<\/strong> <strong>okup\u0101cijas<\/strong>&#8211; slepkavo\u0161an\u0101m, izvaro\u0161an\u0101m un deport\u0101cij\u0101m, nav pieskait\u0101mi pie cilv\u0113ku rases, jo vi\u0146i deva zv\u0113restu visu to turpin\u0101t.<strong> <\/strong><\/span><\/p>\n<p><span style=\"color: #000000;\"> <\/span><\/p>\n<h2><span style=\"color: #000000;\"><strong>Aivars Garda <\/strong>ir viens no tiem.<\/span><\/h2>\n<p><span style=\"color: #000000;\"> <\/span><\/p>\n<p><span style=\"color: #000000;\"><img decoding=\"async\" loading=\"lazy\" class=\"alignleft size-full wp-image-22657\" title=\"AIVARS GARDA,LIENE APINE,L\u012aGA MUZIKANTE,REINIKS,U\u0160AKOVS\" src=\"http:\/\/tautastribunals.eu\/wp-content\/uploads\/2014\/10\/AIVARS-GARDALIENE-APINEL\u012aGA-MUZIKANTEREINIKSU\u0160AKOVS.PNG\" alt=\"AIVARS GARDA,LIENE APINE,L\u012aGA MUZIKANTE,REINIKS,U\u0160AKOVS\" width=\"311\" height=\"221\" \/><\/span><\/p>\n<p>FOTO: <span style=\"color: #ff0000;\"><em>Nu nebrauc mirst\u012bgie ar t\u0101diem auto, bet tie, kuri brauc, cen\u0161as par\u0101d\u012bt<strong> savu vietu sabiedr\u012bb\u0101<\/strong> !<\/em><\/span><\/p>\n<p><span style=\"color: #000000;\">K\u0101 jau \u0161aj\u0101 i- vietn\u0113 vair\u0101kk\u0101rt rakst\u012bts, latvie\u0161u tautas<strong> Atmodas <\/strong>laik\u0101 atrad\u0101s <strong>Maskav\u0101<\/strong>&#8211; partijas apm\u0101c\u012bb\u0101s. Tika apm\u0101c\u012bts par <strong>super- nacion\u0101listu<\/strong>. Neskatoties uz to, ka <strong>&#8220;itk\u0101&#8221; <\/strong>audzis latvie\u0161u \u0123imen\u0113, vi\u0146\u0161 t\u0101ds nav. Attiec\u012bb\u0101 pret maz\u0101 smalka un latvietim l\u012bdz\u012bg\u0101 t\u0113va, vi\u0146\u0161 ir piln\u012bgs pretstats vi\u0146am. Ja run\u0101 par nodev\u0113ju, tad ir j\u0101zina daudzas s\u012bkas vi\u0146a dz\u012bves nianses, lai non\u0101ktu pie t\u0101da secin\u0101juma. Un man t\u0101das ir, nemaz jau nerun\u0101jot par vi\u0146a atkl\u0101taj\u0101m provok\u0101cij\u0101m, kuras esmu aprakst\u012bjis. \u013boti daudz ar\u012b noz\u012bm\u0113s sejas vaibsti, kuri, ja tos izprot, run\u0101 nep\u0101rprotamu valodu. \u0160os vaibstus ir iev\u0113rojis ar\u012b <strong>M\u0101ris M<\/strong>. Ja jebkur\u0161 no mums uz k\u0101du skat\u0101s nicino\u0161i, tad seja pa\u0161am nemanot savelkas sm\u012bn\u0101. <\/span><\/p>\n<p><span style=\"color: #000000;\">K\u0101ds gad\u012bjums, kas man iespiedies atmi\u0146a, k\u0101 kalums akmen\u012b: V\u0113l toreiz, kad bija kontakti ar <strong>LNF<\/strong>, zvan\u012bju <strong>Lienei Apinei<\/strong>. Izr\u0101d\u012bj\u0101s, ka tie\u0161i taj\u0101 br\u012bd\u012b vi\u0146i visi atrad\u0101s kapos- glab\u0101ja <strong>Aivara Gardas<\/strong> m\u0101ti. Es atvainojos un sac\u012bju, ka piezvan\u012b\u0161u v\u0113l\u0101k. Neskatoties uz manis teikto, <strong>Liene<\/strong> bija jau pateikusi <strong>Aivaram<\/strong>, ka zvana <strong>Linards<\/strong>. Kas tad notika, ierindas cilv\u0113kam bija neiedom\u0101jams<em>(Tas bija br\u012bd\u012b, kad Konstant\u012bns Pupurs izgaismoj\u0101s k\u0101 Maskavas KGB zi\u0146ot\u0101js)<\/em>. <strong>Aivars Garda<\/strong> br\u012bd\u012b, kad m\u0101ti laida bedr\u0113, at\u013c\u0101v\u0101s uz mani kliegt. <span style=\"text-decoration: underline;\"><strong>Tad ar\u012b es sapratu, ka t\u0101 jau nebija vi\u0146a m\u0101te.<\/strong><\/span> Kaut ko t\u0101du pat zv\u0113rs neat\u013cautos. <\/span><\/p>\n<p><span style=\"color: #000000;\">K\u0101ds noteikti iebild\u012bs: <strong>&#8220;Ko tu te Granti\u0146 t\u0101das lietas mal, t\u0101s ta\u010du ir piln\u012bgi priv\u0101tas !&#8221; <\/strong>J\u0101, ja <strong>Aivars Garda <\/strong>b\u016btu vienk\u0101r\u0161s pu\u0137u tirgonis, tad aizr\u0101d\u012bjums b\u016btu viet\u0101. Bet par politi\u0137i un it sevi\u0161\u0137i par t\u0101du, kur\u0161 uzmeties par tautas <strong>&#8220;sirdsapzi\u0146u&#8221;,<\/strong> ir j\u0101zina viss, piln\u012bgi viss ! T\u0101p\u0113c ar\u012b uzskatu par vajadz\u012bgu atkl\u0101t sabiedr\u012bbai t\u0101das lietas. <\/span><\/p>\n<p><span style=\"color: #000000;\">Atkl\u0101ti pazi\u0146oju: <strong>&#8220;Vi\u0146\u0161 un vi\u0146a har\u0113ms ir m\u016bsu tautas l\u0101sts.&#8221; <\/strong><\/span><\/p>\n<p><span style=\"color: #000000;\">Tie, kuri regul\u0101ri lasa \u0161o <strong>i- vietni<\/strong>, ir las\u012bju\u0161i vair\u0101kus koment\u0101rus, kuros tika pausts, ka nacion\u0101li taisn\u012bgu interviju sniedz\u0113ji p\u0113c k\u0101da br\u012b\u017ea <strong>&#8220;dodas uz vi\u0146sauli&#8221;. <\/strong>\u0160\u012b vietne ir skaidri defin\u0113jusi, ka <strong>Gardas <\/strong>uzdevums ir <strong>&#8220;izvilkt gaism\u0101&#8221;<\/strong> patriotus, lai tos <strong>&#8220;iez\u012bm\u0113tu&#8221;<\/strong> un attiec\u012bg\u0101 br\u012bdi likvid\u0113tu.<\/span><\/p>\n<p><span style=\"color: #000000;\"> <\/span><\/p>\n<p><span style=\"color: #000000;\">Nospiedo\u0161ais vair\u0101kums t\u0101du <strong>Gardu<\/strong> un vi\u0146a<strong> &#8220;d\u0101mas&#8221; <\/strong>uzskata par kaut ko margin\u0101lu- nenoz\u012bm\u012bgu. <\/span><\/p>\n<h2><span style=\"color: #000000;\">Tie ir visliel\u0101kie maldi. <\/span><\/h2>\n<p><span style=\"color: #000000;\"><strong>Gardas <\/strong>priek\u0161\u0101 <strong>Reiniks <\/strong>un<strong> Kozlovskis &#8220;\u010dur\u0101 pamperos&#8221;. <\/strong>Es to zinu izj\u016btot vi\u0146a <strong>&#8220;gar\u012bgo pasauli&#8221;,<\/strong> bet ar\u012b tepat materi\u0101laj\u0101 eksistenc\u0113, tas ir las\u0101ms k\u0101 no gr\u0101matas. Vajag tikai iedzi\u013cin\u0101ties. Palas\u012bsim tikai p\u0101ris <strong>&#8220;lietas&#8221; <\/strong>no \u0161\u012bs vi\u0146a<strong> materi\u0101l\u0101s pasaules gr\u0101matas<\/strong>.<\/span><\/p>\n<p><span style=\"color: #000000;\"> <\/span><\/p>\n<p><span style=\"color: #ff0000;\"><strong><span style=\"text-decoration: underline;\">&gt;Vai iev\u0113roj\u0101t ar k\u0101du priv\u0101to auto \u0161is kungs brauc ? <\/span><\/strong><\/span><\/p>\n<p><span style=\"color: #000000;\"> <\/span><\/p>\n<p><span style=\"color: #000000;\">Nerun\u0101sim \u0161eit par cenu, kas pati par sevi jau ir astronomiska, bet gan par vi\u0146a <strong>Dv\u0113seli<\/strong>&#8211; <strong>Garu<\/strong>, kuram ir vajadz\u012bga \u0161\u012b lepn\u012bba, braukt ar <span style=\"color: #ff0000;\"><strong>S-klases MERCEDESU<\/strong><\/span>. Nu tie\u0161i k\u0101<strong> kanclere Merkele<\/strong>.<br \/>\n<\/span><\/p>\n<p><span style=\"color: #000000;\"> <\/span><\/p>\n<p><span style=\"color: #ff0000;\"><span style=\"text-decoration: underline;\"><strong>&gt;Vai iev\u0113rojat, cik no\u017e\u0113lojams izskat\u0101s DDD laikraksts ? <\/strong><\/span><\/span><\/p>\n<p><span style=\"color: #000000;\"> <\/span><\/p>\n<p><span style=\"color: #000000;\">Pied\u0101v\u0101ju vi\u0146am papla\u0161in\u0101t <strong>DDD<\/strong> laikrakstu, piesaistot m\u016bsu tautas <strong>GARA FONDU<\/strong>,- atteic\u0101s.<\/span><\/p>\n<p><span style=\"color: #000000;\"> <\/span><\/p>\n<p><span style=\"color: #000000;\"><img decoding=\"async\" loading=\"lazy\" class=\"alignleft size-full wp-image-22652\" title=\"LIENE APINE,L\u012aGA MUZIKANTE,AIVARS GARDA,LNF,DDD.\" src=\"http:\/\/tautastribunals.eu\/wp-content\/uploads\/2014\/10\/LIENE-APINEL\u012aGA-MUZIKANTEAIVARS-GARDALNFDDD..PNG\" alt=\"LIENE APINE,L\u012aGA MUZIKANTE,AIVARS GARDA,LNF,DDD.\" width=\"339\" height=\"260\" \/>Saliekot tikai<em>(nemaz nerun\u0101jot par visu \u0161eit aprakst\u012bto)<\/em> \u0161\u012bs divas lietas kop\u0101, atbilde skan:<strong> <span style=\"color: #ff0000;\">PROVOKATORS<\/span><\/strong>.<\/span><\/p>\n<p><span style=\"color: #000000;\"> <\/span><\/p>\n<p><span style=\"color: #000000;\">Piemin\u0113\u0161u v\u0113l k\u0101du v\u0113r\u0101 \u0146emamu gad\u012bjumu, kuram uz p\u0113d\u0101m n\u0101cu piln\u012bgi nejau\u0161i, bet iesp\u0113jams, ka no <strong>Gar\u012bg\u0101s pasaules<\/strong> piesp\u0113l\u0113ts. Man ir biju\u0161i vair\u0101ki t\u0101di gad\u012bjumi, kad tiek dar\u012bts zin\u0101ms tas, kam neb\u016btu j\u0101k\u013c\u016bst zin\u0101mam. Neaprakst\u012b\u0161u k\u0101, bet man k\u013cuva zin\u0101ms, ka <strong>Liene Apine<\/strong> izveidojusi viltus profilu <strong>DRAUGOS.LV<\/strong>, kur\u0101 aicin\u0101ja atsaukties visus nacion\u0101li dom\u0101jo\u0161os latvie\u0161u patriotus. Titul-foto bija fikt\u012bvs, l\u012bdzin\u0101j\u0101s or\u0101lseksa rekl\u0101mai, bet skatiet pa\u0161i. Atsauku\u0161ies bija jau vair\u0101ki, kurus es par \u0161o neliet\u012bbu inform\u0113ju<em>(\u0160aj\u0101 vietne biju ar\u012b par to rakst\u012bjis)<\/em>. P\u0113c atmasko\u0161anas \u0161is <strong>&#8220;profils&#8221;<\/strong> t\u016bl\u012bt pazuda. Tas bija vistie\u0161\u0101kais m\u0113\u0123in\u0101jums <strong>&#8220;izvikt gaism\u0101&#8221; <\/strong>jaunos latvie\u0161u v\u012brie\u0161us, lai vajadz\u012bgaj\u0101 br\u012bd\u012b tos likvid\u0113tu. Par \u0161o noziegumu vien, <strong>Apines kundze<\/strong>, pien\u0101kas simtk\u0101rt\u012bgs <strong>ASM<\/strong> !!!<br \/>\n<\/span><\/p>\n<p><span style=\"color: #000000;\"> <\/span><\/p>\n<p><span style=\"color: #000000;\">Nav lieli vai mazi cilv\u0113ki, bet gan <strong>\u013bAUNI<\/strong> un<strong> LABI<\/strong>, t\u0101p\u0113c m\u0113s nedr\u012bkstam \u0161os nelie\u0161us nenov\u0113rt\u0113t.<\/span><\/p>\n<p><span style=\"color: #000000;\"> <\/span><\/p>\n<p><span style=\"color: #000000;\">Neklausi, latviet, \u0161iem s\u0101taniskajiem izdzimumiem, piedalies v\u0113l\u0113\u0161an\u0101s un balso par <strong>LATVISKU LATVIJU<\/strong>, jo n\u0101ko\u0161\u0101s var ar\u012b vairs neb\u016bt.<\/span><\/p>\n<p><span style=\"color: #000000;\"> <\/span><\/p>\n<h2><span style=\"color: #000000;\">DIEVS SV\u0112T\u012a LATVIJU !<\/span><\/h2>\n<p><span style=\"color: #000000;\">01.10.14.\u00a0\u00a0\u00a0 LRTT<\/span><\/p>\n<p><span style=\"color: #000000;\">Ar\u012b \u0161\u012b kolaboracioniste(Dagm\u0101ra Beitnere-148) ir sapratusi, ka neb\u016bs labi, ja uzvar\u0113s vi\u0146as m\u012blu\u013ci- krievi: <a href=\"https:\/\/www.youtube.com\/watch?v=AqCIOF0qX8c\">https:\/\/www.youtube.com\/watch?v=AqCIOF0qX8c<\/a><\/span><\/p>\n<p><span style=\"color: #000000;\"> <\/span><\/p>\n<h2><span style=\"color: #008000;\"><img decoding=\"async\" loading=\"lazy\" class=\"alignleft size-full wp-image-22672\" title=\"Dv\u0113sel\u012bte\" src=\"http:\/\/tautastribunals.eu\/wp-content\/uploads\/2014\/10\/Dv\u0113sel\u012bte.PNG\" alt=\"Dv\u0113sel\u012bte\" width=\"183\" height=\"97\" srcset=\"https:\/\/tautastribunals.eu\/wp-content\/uploads\/2014\/10\/Dv\u0113sel\u012bte.PNG 832w, https:\/\/tautastribunals.eu\/wp-content\/uploads\/2014\/10\/Dv\u0113sel\u012bte-300x159.PNG 300w, https:\/\/tautastribunals.eu\/wp-content\/uploads\/2014\/10\/Dv\u0113sel\u012bte-800x425.PNG 800w\" sizes=\"(max-width: 183px) 100vw, 183px\" \/>Un tagad nomierinies un pace\u013co kop\u0101 ar savu Dv\u0113sel\u012bti. <\/span><\/h2>\n<p><span style=\"color: #008000;\"> <\/span><\/p>\n<h2><span style=\"color: #000000;\"><span style=\"color: #008000;\">Nodev\u0113jiem tas viss ir sve\u0161s:<\/span><a href=\"https:\/\/www.youtube.com\/watch?v=h52O_Qv8XnE\"><\/a><\/span><\/h2>\n<h2><span style=\"color: #000000;\"><a href=\"https:\/\/www.youtube.com\/watch?v=h52O_Qv8XnE\">https:\/\/www.youtube.com\/watch?v=h52O_Qv8XnE<\/a><\/span><\/h2>\n","protected":false},"excerpt":{"rendered":"<p>V\u0112L\u0112\u0160ANAS !!! L.Granti\u0146\u0161. Nev\u0113l\u0113sim par savas tautas slepkav\u0101m ! https:\/\/www.youtube.com\/watch?v=_Fb2cuocXM4 ============================================================================ A.Kavacis. Par ko v\u0113l\u0113sim ? https:\/\/www.youtube.com\/watch?v=ND3HdWHpVEk ============================================================================ Es\u012bbas MATRICU neviens nevar izmain\u012bt vai apm\u0101n\u012bt. Dievi\u0161\u0137\u0101s Pasaules Likumi nav nedz apejami, nedz izmain\u0101mi. Izdz\u012bvo&#46;&#46;&#46;<\/p>\n","protected":false},"author":1,"featured_media":0,"comment_status":"open","ping_status":"open","sticky":false,"template":"","format":"standard","meta":[],"categories":[1],"tags":[],"_links":{"self":[{"href":"https:\/\/tautastribunals.eu\/index.php?rest_route=\/wp\/v2\/posts\/22622"}],"collection":[{"href":"https:\/\/tautastribunals.eu\/index.php?rest_route=\/wp\/v2\/posts"}],"about":[{"href":"https:\/\/tautastribunals.eu\/index.php?rest_route=\/wp\/v2\/types\/post"}],"author":[{"embeddable":true,"href":"https:\/\/tautastribunals.eu\/index.php?rest_route=\/wp\/v2\/users\/1"}],"replies":[{"embeddable":true,"href":"https:\/\/tautastribunals.eu\/index.php?rest_route=%2Fwp%2Fv2%2Fcomments&post=22622"}],"version-history":[{"count":52,"href":"https:\/\/tautastribunals.eu\/index.php?rest_route=\/wp\/v2\/posts\/22622\/revisions"}],"predecessor-version":[{"id":22681,"href":"https:\/\/tautastribunals.eu\/index.php?rest_route=\/wp\/v2\/posts\/22622\/revisions\/22681"}],"wp:attachment":[{"href":"https:\/\/tautastribunals.eu\/index.php?rest_route=%2Fwp%2Fv2%2Fmedia&parent=22622"}],"wp:term":[{"taxonomy":"category","embeddable":true,"href":"https:\/\/tautastribunals.eu\/index.php?rest_route=%2Fwp%2Fv2%2Fcategories&post=22622"},{"taxonomy":"post_tag","embeddable":true,"href":"https:\/\/tautastribunals.eu\/index.php?rest_route=%2Fwp%2Fv2%2Ftags&post=22622"}],"curies":[{"name":"wp","href":"https:\/\/api.w.org\/{rel}","templated":true}]}}