{"id":2258,"date":"2010-07-31T11:49:40","date_gmt":"2010-07-31T08:49:40","guid":{"rendered":"http:\/\/tautastribunals.eu\/?p=2258"},"modified":"2010-07-31T11:49:40","modified_gmt":"2010-07-31T08:49:40","slug":"a-balts-velreiz-par-eizenu-finku","status":"publish","type":"post","link":"https:\/\/tautastribunals.eu\/?p=2258","title":{"rendered":"A. Balts. V\u0113lreiz par Ei\u017eenu Finku."},"content":{"rendered":"<p><img decoding=\"async\" loading=\"lazy\" class=\"alignleft size-medium wp-image-2259\" src=\"http:\/\/tautastribunals.eu\/wp-content\/uploads\/2010\/07\/Ei\u017eens-Finks-220x300.png\" alt=\"Ei\u017eens Finks\" width=\"188\" height=\"262\" \/><\/p>\n<p><span style=\"color: #008000\">Rakst\u012btais <strong>LRTT<\/strong> par m\u016bsu slaveno gai\u0161re\u0123i <strong>Ei\u017eenu Finku<\/strong> lika ar\u012b man atcer\u0113ties, ka ar\u012b es esmu vi\u0146a pare\u0123ojumus uzzin\u0101jis nevis k\u0101 parasti p\u0113c notikumiem, bet gan krietni pirms, kas man vie\u0161 \u012bstu p\u0101rliec\u012bbu par \u0161\u012b v\u012bra izredz\u0113t\u012bbu un nemald\u012bbu.<br \/>\n<strong><span style=\"color: #000000\">Foto:<\/span><\/strong> <span style=\"color: #0000ff\"><em>E. Finks 1950tajos gados.<\/em><\/span><\/span><\/p>\n<p><span style=\"color: #008000\">Tas notika jau pasen 1986. gad\u0101, kad man\u0101 darbaviet\u0101 J\u016brmal\u0101 k\u0101ds past\u0101v\u012bgs darbavietas apmekl\u0113t\u0101js past\u0101st\u012bja, ka vi\u0146a m\u0101te ir dz\u012bvojusi kaimi\u0146os slavenajam <strong>Finkam<\/strong> un tas esot vi\u0146ai pare\u0123ojis, ka Latvija b\u016bs br\u012bva tad\u00a0kad gadu cipari b\u016bs vien\u0101di no abiem galiem, atkal Ulmanis b\u016bs m\u016bsu neatkar\u012bg\u0101s valsts prezidents un visur pl\u012bvos sarkanbaltsarkanie m\u016bsu nacion\u0101lie karogi, b\u016bs v\u0113l\u0101k sieviete prezidenta viet\u0101, b\u016bs \u0161\u0137ietami labs tautai laiks, tad \u013coti slikts laiks. Komunisti atkal visu izputin\u0101s, nomoc\u012bs atkal latvie\u0161u tautu, bet tad v\u0113l\u0101k n\u0101ks ilgi, gari miera un uzplaukuma gadi un Latvijas tauta b\u016bs laim\u012bga. Toreiz, dr\u016bmaj\u0101 un bezcer\u012bgaj\u0101 1986. gad\u0101, tas man\u0101m aus\u012bm skan\u0113ja, k\u0101 <strong>Parad\u012bzes<\/strong> m\u016bzika. T\u0101 visa teic\u0113js bija \u013coti nopietns cilv\u0113ks un ne\u0161aub\u012bj\u0101s par to, ka t\u0101 ar\u012b b\u016bs, k\u0101 <strong>Finks <\/strong>vi\u0146a m\u0101tei teicis. Ar\u012b es vienm\u0113r dzi\u013ci sird\u012b biju visu laiku jutis \u0161\u0101du p\u0101rliec\u012bbu, ka \u0161\u0101ds barbarisks milzis uz m\u0101la k\u0101j\u0101m nevar\u0113s ilgi apspiest manu tautu, jo visur un visi kurn\u0113ja un l\u0101d\u0113ja PSRS un t\u0101s idiotisko,<em> senilo<\/em> vad\u012bbu, gan krievi pa\u0161i, gan visi citi vi\u0146u okup\u0113tie vai vardarb\u012bgi asimil\u0113tie. Mums abiem bija tikai neskaidrs, k\u0101 var\u0113s atkal K\u0101rlis Ulmanis aug\u0161\u0101mcelties, un vad\u012bt atkal nacion\u0101lu m\u016bsu sap\u0146u valsti- k\u0101da t\u0101 lik\u0101s p\u0113c sen\u010du, radu un tautas nost\u0101stiem par m\u016bsu br\u012bvvalsts di\u017eo pag\u0101tni.<br \/>\nTo, ka t\u0101ds mankurts pirtnieks rump\u012btis(G.Ulmanis), tiks Krem\u013ca un m\u016bsu komunistu &#8220;izrakts&#8221; un ieb\u0101zts augstaj\u0101 kr\u0113sl\u0101, un tur groz\u012bsies, k\u0101 v\u0113ja r\u0101d\u012bt\u0101js krem\u013ca <em>p\u016btienos<\/em>. To, protams, pat nosap\u0146ot nevar\u0113j\u0101m neviens tolaik. Bet jau tuv\u0101 sap\u0146a piepild\u012bjuma izj\u016bta par beidzot br\u012bvu Latviju sp\u0113c\u012bgi atausa man 1987. gada 14.j\u016bnij\u0101 pie &#8220;rite\u0146brauc\u0113ju&#8221; sacens\u012bb\u0101m ap Br\u012bv\u012bbas pieminekli.<br \/>\nAr\u012b visas lietas, ko Finks bija pare\u0123ojis st\u0101st\u012bt\u0101ja m\u0101tei un t\u0101s radiem esot v\u0101rds v\u0101rd\u0101 piepild\u012bjies, un vi\u0146\u0161 neesot pat dzird\u0113jis nevienu gad\u012bjumu, kad Finks b\u016btu ko aplam vai nepareizi pateicis. Un ar\u012b es nekad neesmu ne no viena dzird\u0113jis par Finka k\u013c\u016bd\u0101m vai nesp\u0113ju pareizi ko pare\u0123ot. Viss ir piepild\u012bjies un ar\u012b piepild\u012bsies, nav \u0161aubu, bet tas nenoz\u012bm\u0113 s\u0113d\u0113t rokas saliku\u0161iem un gaid\u012bt, ka valsts pati atbr\u012bvosies no zag\u013ciem, mafijas, okupantiem, un uzs\u0101ks ekonomisko aug\u0161upeju.<br \/>\nNu nen\u0101ks tas jaunais laiks, ja tauta &#8211; ja m\u0113s pa\u0161i to neved\u012bsim! Mums, nepaguru\u0161ajiem, k\u0101 tautas dz\u012bvajam garam ir j\u0101pan\u0101k noziedznieku, valsts nodev\u0113ju, slepkavu, amor\u0101lu nelie\u0161u taisn\u012bga noties\u0101\u0161ana, konkr\u0113ti- <strong><span style=\"text-decoration: underline\">Taisn\u012bguma atjauno\u0161ana<\/span>! <\/strong><span lang=\"DE\">Neviens cits m\u016bsu viet\u0101 neuzs\u0101ks un nenoved\u012bs dekoloniz\u0101ciju l\u012bdz lo\u0123iskam nobeigumam, neviens cits m\u016bsu viet\u0101 neiev\u0113l\u0113s vald\u012bb\u0101 bl\u0113\u017eu, kolaborantu un zag\u013cu viet\u0101 god\u012bgus un krietnus pilso\u0146us, kuriem vissvar\u012bg\u0101k\u0101 b\u016bs latviska un plauksto\u0161a m\u016bsu T\u0113vzeme, nevis savas kabatas vai savas firmas intereses. Ei\u017eena Finka pare\u0123ojums ir mums tikai providences b\u0101kuguns, kas r\u0101da, ka <strong><span style=\"text-decoration: underline\">Visvaren\u0101 Rad\u012bt\u0101ja past\u0101vo\u0161ais un m\u016b\u017e\u012bgais Taisn\u012bgums ir m\u016bsu pus\u0113<\/span>.<\/strong> Mums pie t\u0101 j\u0101turas, j\u0101pal\u012bdz <span style=\"text-decoration: underline\"><strong>Gaismai un Taisn\u012bgumam <\/strong><\/span>p\u0101rkl\u0101t<strong> Latviju, Baltiju,<\/strong> un atjaunot<strong> Tiesisku- <\/strong>patiesi<strong> Br\u012bvu<\/strong> m\u016bsu<strong> <span style=\"text-decoration: underline\">latvie\u0161u valsti. <\/span><\/strong><\/span><\/span><\/p>\n<p><span style=\"color: #008000\"><span lang=\"DE\"><strong>========================================================================================================<\/strong><\/span><\/span><\/p>\n<p><span style=\"color: #333399\"><img decoding=\"async\" loading=\"lazy\" class=\"alignleft size-thumbnail wp-image-2267\" src=\"http:\/\/tautastribunals.eu\/wp-content\/uploads\/2010\/07\/IMGP09741-150x150.jpg\" alt=\"IMGP0974\" width=\"111\" height=\"108\" srcset=\"https:\/\/tautastribunals.eu\/wp-content\/uploads\/2010\/07\/IMGP09741-300x292.jpg 300w, https:\/\/tautastribunals.eu\/wp-content\/uploads\/2010\/07\/IMGP09741-800x780.jpg 800w, https:\/\/tautastribunals.eu\/wp-content\/uploads\/2010\/07\/IMGP09741.jpg 1278w\" sizes=\"(max-width: 111px) 100vw, 111px\" \/>Paldies Balta kungam par ats\u016bt\u012bto v\u0113stuli. \u0160ajos tums\u012bbas laikos E. Finka pare\u0123ojumi latvie\u0161u tautai ir k\u0101 mazs cer\u012bbu stari\u0146\u0161 dzi\u013caj\u0101 un, k\u0101 mums liekas, bezgal\u012bgaj\u0101 nakt\u012b. \u0160odien Antikrists ir sasniedzis savas varas kulmin\u0101ciju. Vi\u0146am pa\u0161am liekas, ka vi\u0146\u0161 ir neuzvarams un neatvair\u0101ms, ka vi\u0146\u0161 visus ir uzpircis vai iebaid\u012bjis, bet nepaklaus\u012bgos aizs\u016bt\u012bjis p\u0101ri \u0161\u012bs pasaules &#8220;slieksnim&#8221; ! Bet te kaut k\u0101ds tur Finks no pag\u0101tnes, visuvarenajam Antikristam, uzdro\u0161in\u0101s &#8220;jaukt pl\u0101nus&#8221;.<br \/>\n<strong>&#8220;Un vi\u0146a v\u0101rds ir 666&#8221; !!!<\/strong><\/span><\/p>\n<p><span style=\"color: #333399\">Aiz \u0161iem trijiem se\u0161iniekiem sl\u0113pjas neviens cits k\u0101 \u017e\u012bdu <strong>CIONISMS. <\/strong>J\u0101, ne\u017e\u0113l\u012bgs, varask\u0101rs, asinsk\u0101rs, divkos\u012bgs, mel\u012bgs cionisms- bo\u013c\u0161evisms- \u017e\u012bdisms. Tas bija j\u016bdaisms, kas rad\u012bja bo\u013c\u0161evismu- komunismu.<\/span><\/p>\n<p><strong><span style=\"color: #333399\">Komunisti ir tie pa\u0161i bezdv\u0113se\u013cu cionisti.<\/span><\/p>\n<p><\/strong><\/p>\n<p><span style=\"color: #333399\">Vai k\u0101ds ir sastapis k\u0101du p\u0113ckara komunistu, kur\u0161 ir aizst\u0101v\u0113jis latvie\u0161u tautu ? N\u0113, t\u0101du nav. Ir tikai slepkavas, zag\u013ci un me\u013ci brigma\u0146a, godma\u0146a vai petera izskat\u0101. Tie ir civiliz\u0101cijas un latvie\u0161u tautas padibenes.<\/span><\/p>\n<p><span style=\"color: #333399\">Visi, kuri ir iest\u0101ju\u0161ies komunistiskaj\u0101 partij\u0101 p\u0113c <strong>Latvijas<\/strong> okup\u0101cijas, p\u0113c Tiesiskuma atjauno\u0161anas <strong>Latvij\u0101<\/strong>, tiks bargi sod\u012bti. Vi\u0146i visi ta\u010du zin\u0101ja par kriev-\u017e\u012bdu pastr\u0101d\u0101tajiem noziegumiem pret Latvijas valsti un latvie\u0161u tautu.<\/span><\/p>\n<p><span style=\"color: #333399\">Gar\u012bg\u0101 un fizisk\u0101 pasaule ir cie\u0161i saist\u012bta. <strong>Ei\u017eens Finks<\/strong> ar\u012b no &#8220;t\u0101s puses&#8221; pal\u012bdz latvie\u0161u tautai tikt va\u013c\u0101 no \u0161iem komunistu asins su\u0146iem. K\u0101 ? Nu vienk\u0101r\u0161i, ar saviem pare\u0123ojumiem. K\u0101dreiz Hitlers ar\u012b esot sol\u012bjis <strong>Finku<\/strong> pak\u0101rt aiz k\u0101j\u0101m par vi\u0146a pare\u0123ojumiem, bet Sta\u013c<span lang=\"LV\">i<\/span><span lang=\"DE\">ns liedza vi\u0146am \u0161o prieku, deport\u0113jot <strong>Finku <\/strong>uz Sib\u012briju. <strong>Finks <\/strong>nebija nedz \u0161arlat\u0101ns, nedz ar\u012b <strong>KGB<\/strong> rad\u012btais pare\u0123is, k\u0101di ir(bija) <strong>Ka\u0161perskis<\/strong> vai v\u0113l tur k\u0101di <strong>Globas<\/strong>, kuru v\u0101vu\u013cojumi nav piepild\u012bju\u0161ies ne par mata tiesu.<\/span><\/span><\/p>\n<p><span style=\"color: #333399\"><span lang=\"DE\">31.07.2010\u00a0\u00a0\u00a0\u00a0\u00a0\u00a0\u00a0\u00a0\u00a0\u00a0\u00a0\u00a0\u00a0\u00a0\u00a0\u00a0\u00a0\u00a0\u00a0\u00a0\u00a0\u00a0\u00a0\u00a0\u00a0\u00a0\u00a0\u00a0\u00a0\u00a0\u00a0\u00a0\u00a0\u00a0 LRTT<\/span><\/span><\/p>\n","protected":false},"excerpt":{"rendered":"<p>Rakst\u012btais LRTT par m\u016bsu slaveno gai\u0161re\u0123i Ei\u017eenu Finku lika ar\u012b man atcer\u0113ties, ka ar\u012b es esmu vi\u0146a pare\u0123ojumus uzzin\u0101jis nevis k\u0101 parasti p\u0113c notikumiem, bet gan krietni pirms, kas man vie\u0161 \u012bstu p\u0101rliec\u012bbu par&#46;&#46;&#46;<\/p>\n","protected":false},"author":6,"featured_media":0,"comment_status":"open","ping_status":"open","sticky":false,"template":"","format":"standard","meta":[],"categories":[1],"tags":[],"_links":{"self":[{"href":"https:\/\/tautastribunals.eu\/index.php?rest_route=\/wp\/v2\/posts\/2258"}],"collection":[{"href":"https:\/\/tautastribunals.eu\/index.php?rest_route=\/wp\/v2\/posts"}],"about":[{"href":"https:\/\/tautastribunals.eu\/index.php?rest_route=\/wp\/v2\/types\/post"}],"author":[{"embeddable":true,"href":"https:\/\/tautastribunals.eu\/index.php?rest_route=\/wp\/v2\/users\/6"}],"replies":[{"embeddable":true,"href":"https:\/\/tautastribunals.eu\/index.php?rest_route=%2Fwp%2Fv2%2Fcomments&post=2258"}],"version-history":[{"count":12,"href":"https:\/\/tautastribunals.eu\/index.php?rest_route=\/wp\/v2\/posts\/2258\/revisions"}],"predecessor-version":[{"id":2272,"href":"https:\/\/tautastribunals.eu\/index.php?rest_route=\/wp\/v2\/posts\/2258\/revisions\/2272"}],"wp:attachment":[{"href":"https:\/\/tautastribunals.eu\/index.php?rest_route=%2Fwp%2Fv2%2Fmedia&parent=2258"}],"wp:term":[{"taxonomy":"category","embeddable":true,"href":"https:\/\/tautastribunals.eu\/index.php?rest_route=%2Fwp%2Fv2%2Fcategories&post=2258"},{"taxonomy":"post_tag","embeddable":true,"href":"https:\/\/tautastribunals.eu\/index.php?rest_route=%2Fwp%2Fv2%2Ftags&post=2258"}],"curies":[{"name":"wp","href":"https:\/\/api.w.org\/{rel}","templated":true}]}}