{"id":2182,"date":"2010-07-17T20:43:33","date_gmt":"2010-07-17T17:43:33","guid":{"rendered":"http:\/\/tautastribunals.eu\/?p=2182"},"modified":"2010-07-18T22:00:55","modified_gmt":"2010-07-18T19:00:55","slug":"mans-sapu-cels-bus-gandarits","status":"publish","type":"post","link":"https:\/\/tautastribunals.eu\/?p=2182","title":{"rendered":"Mans s\u0101pju ce\u013c\u0161 b\u016bs gandar\u012bts&#8230; ."},"content":{"rendered":"<p><strong><span style=\"color: #008000\"><img decoding=\"async\" loading=\"lazy\" class=\"alignleft size-large wp-image-2184\" src=\"http:\/\/tautastribunals.eu\/wp-content\/uploads\/2010\/07\/J\u0101nis-Z\u012bverts-552x800.jpg\" alt=\"J\u0101nis Z\u012bverts\" width=\"127\" height=\"172\" \/>Mans s\u0101pju ce\u013c\u0161 b\u016bs gandar\u012bts,<\/span><\/strong><\/p>\n<p><strong><span style=\"color: #008000\">Ja aus\u012bs br\u012bv\u012bbas r\u012bts&#8230; .<\/span><\/strong><\/p>\n<p><span style=\"color: #993300\"><strong>\u00a0<\/strong><strong>Es aps\u016bdzu !<\/strong><\/span><\/p>\n<p><strong><span style=\"color: #008000\">\u00a0Latvie\u0161u av\u012bz\u0113 DDD Nr. 14(218) public\u0113taj\u0101 aps\u016bdz\u012bbas rakst\u0101 piekr\u012btu un atbalstu Annu Mariju Circeni visos vi\u0146as uzskait\u012btajos aps\u016bdz\u012bbas punktos !<\/span><\/strong><\/p>\n<p><strong><span style=\"color: #008000\">Cit\u0113ju:<\/span><\/strong><\/p>\n<p><strong><span style=\"color: #800000\">1. Es aps\u016bdzu 5. un p\u0101r\u0113j\u0101s Saeimas un to apstiprin\u0101t\u0101s vald\u012bbas nelikum\u012bg\u0101 varas ieg\u016b\u0161an\u0101 un manipul\u0113\u0161an\u0101 ar Satversmi !<\/span><\/strong><\/p>\n<p><strong><span style=\"color: #800000\">\u00a02. Es aps\u016bdzu tos, kas nelikum\u012bgi sagr\u0101bu\u0161i varu, divdesmit gadus manipul\u0113 gan ar Satversmi, gan m\u016bsu pr\u0101tiem !<\/span><\/strong><\/p>\n<p><strong><span style=\"color: #800000\">\u00a03. Es aps\u016bdzu 4. maija kli\u0137i par to, ka t\u0101 izn\u012bcin\u0101ja Latvie\u0161u sapni par savu valsti, soli pa solim sagraujot tautsaimniec\u012bbu !<\/span><\/strong><\/p>\n<p><strong><span style=\"color: #800000\">\u00a04. Es aps\u016bdzu vi\u0146us ekonomiskaj\u0101 teror\u0101 pret savu tautu !<\/span><\/strong><\/p>\n<p><strong><span style=\"color: #800000\">\u00a05. Es aps\u016bdzu vi\u0146us valsts teritorijas iztirgo\u0161an\u0101 !<\/span><\/strong><\/p>\n<p><strong><span style=\"color: #800000\">\u00a06. Es aps\u016bdzu 4. maija re\u017e\u012bmu\u00a0manas valodas pazemo\u0161an\u0101 !<\/span><\/strong><\/p>\n<p><strong><span style=\"color: #800000\">\u00a07. Es aps\u016bdzu vi\u0146us Tiesiskuma zaimo\u0161an\u0101 !<\/span><\/strong><\/p>\n<p><span style=\"color: #008000\"><em>Cit\u0101ta beigas.<\/em><\/span><\/p>\n<p><strong><span style=\"color: #008000\">\u00a0\u0160aj\u0101 pa\u0161\u0101 av\u012bz\u0113 katram aps\u016bdz\u012bbas punktam seko pamatots, argument\u0113ts skaidrojums, K\u0100P\u0112C izlasot to, k\u013c\u016bst skaidrs, k\u0101p\u0113c ?!\u00a0Lasiet un dom\u0101jiet !<\/span><\/strong><\/p>\n<p><strong><span style=\"color: #008000\">To visu var raksturot ar vienu v\u0101rdu- <span style=\"color: #ff0000\">NODEV\u012aBA <\/span>! Ar \u0161o v\u0101rdu vi\u0146i ieies v\u0113stur\u0113 un \u0161o kauna traipu nevar\u0113s nomazg\u0101t <span style=\"text-decoration: underline\">nekad !<\/span><\/span><\/strong><\/p>\n<p><strong><span style=\"color: #008000\">\u0160aj\u0101 sakar\u0101 man da\u017ei jaut\u0101jumi tev, las\u012bt\u0101j. Vai neesi l\u012bdzvain\u012bgs \u0161aj\u0101s aps\u016bdz\u012bb\u0101s uzr\u0101d\u012btajam ?<\/span><\/strong><\/p>\n<p><strong><span style=\"color: #008000\">Tu, las\u012bt\u0101j, g\u013c\u0113vi un mazd\u016b\u0161\u012bgi noraudz\u012bjies, k\u0101 \u0161\u012b komunistu(kaut biju\u0161\u0101) banda veic gan politisko, gan ekonomisko, gan&#8230;, gan&#8230;, gan genoc\u012bdu pret tevi, tavu tautu un valsti !<\/span><\/strong><\/p>\n<p><strong><span style=\"color: #008000\">No sirds iesaku p\u0101rlapot, skatoties ne tikai ar ac\u012bm, bet ar\u012b ar sirdi, pal\u016bkojies uz fotogr\u0101fij\u0101s redzamiem m\u016bsu tautas VAO\u0145IEM, un ja vien tev, latvieti, saglab\u0101jusies kripati\u0146as sirdsapzi\u0146as, tev b\u016bs kauns par SAVU nodev\u012bbu pret tiem, kuri nesavt\u012bgi g\u0101ja, c\u012bn\u012bj\u0101s un mira, lai tev b\u016btu sava valsts !<\/span><\/strong><\/p>\n<p><strong><span style=\"color: #008000\">NEATKAR\u012aGA, NACION\u0100LA LATVIJAS valsts ! Vi\u0146i mira, lai dz\u012bvotu TU !!!<\/span><\/strong><\/p>\n<p><strong><span style=\"color: #008000\">Lai Br\u012bv\u012bbas karogs,<\/span><\/strong><\/p>\n<p><strong><span style=\"color: #008000\">P\u0101r Latviju pl\u012bvotu !<\/span><\/strong><\/p>\n<p><strong><span style=\"color: #008000\">Un kas notiek tav\u0101 T\u0113vzem\u0113 tagad ?!<\/span><\/strong><\/p>\n<p><strong><span style=\"color: #008000\">Atbildi var rast pav\u0113rojot, kas notiek 16. mart\u0101, 25. mart\u0101, 9. maij\u0101, 14 j\u016bnij\u0101, 17. j\u016bnij\u0101, 1. j\u016blij\u0101 un 23. august\u0101&#8230; .<\/span><\/strong><\/p>\n<p><strong><span style=\"color: #008000\">Dom\u0101ju, s\u012bk\u0101k nav j\u0101skaidro, tik daudz jau nu vajadz\u0113tu zin\u0101t, kas un k\u0101&#8230; .<\/span><\/strong><\/p>\n<p><strong><span style=\"color: #008000\">Tuvojas 2. oktobris un \u0161\u012b kli\u0137e(4. maija) jau ener\u0123iski gatavojas \u0161im nelikum\u012bgam v\u0113l\u0113\u0161anu farsam, \u0161ovam, balag\u0101nam. Vai tev, latvieti, tas viss ne\u0161\u0137ebina d\u016b\u0161u ?<\/span><\/strong><\/p>\n<p><strong><span style=\"color: #008000\">B\u016btu p\u0113d\u0113jais laiks ieklaus\u012bties(ar sirdi) Andreja Egl\u012b\u0161a teiktaj\u0101:<\/span><\/strong><\/p>\n<p><strong><span style=\"color: #008000\">\u00a0Pasniedz man zobenu, jaunava<\/span><\/strong><\/p>\n<p><strong><span style=\"color: #008000\">T\u0113vzemes asin\u012bm sk\u0101rtu.<\/span><\/strong><\/p>\n<p><strong><span style=\"color: #008000\">Iesvaid\u012bts n\u0101vei, lai izc\u0113rtu<\/span><\/strong><\/p>\n<p><strong><span style=\"color: #008000\">Latvijai dz\u012bv\u012bbas v\u0101rtus&#8230; .<\/span><\/strong><\/p>\n<p><strong><span style=\"color: #008000\">\u00a0<img decoding=\"async\" loading=\"lazy\" class=\"alignleft size-medium wp-image-2188\" src=\"http:\/\/tautastribunals.eu\/wp-content\/uploads\/2010\/07\/karogs-1-300x237.jpg\" alt=\"karogs-1\" width=\"300\" height=\"237\" srcset=\"https:\/\/tautastribunals.eu\/wp-content\/uploads\/2010\/07\/karogs-1-300x237.jpg 300w, https:\/\/tautastribunals.eu\/wp-content\/uploads\/2010\/07\/karogs-1.jpg 550w\" sizes=\"(max-width: 300px) 100vw, 300px\" \/>Visos laikos, vis\u0101s taut\u0101s NODEV\u012aBA bija nicin\u0101ma un sod\u0101ma ar visbarg\u0101ko sodu !<\/span><\/strong><\/p>\n<p><span style=\"color: #008000\"><strong><span style=\"color: #000000\">Foto:<\/span> <\/strong><span style=\"color: #0000ff\"><em>Latvie\u0161u tautas nodev\u0113ji, kuru darb\u012bbas rezult\u0101t\u0101 pie varas n\u0101ks tie\u0161ie Maskavas kalpi !<\/em><\/span><\/span><\/p>\n<p><strong><span style=\"color: #008000\">P\u0101rdaugavas &#8220;kar\u0101tavu lauks&#8221; ar savu Latvijas &#8220;kauna stabu&#8221; ir gatavs uz\u0146emt un pielikt punktu \u0161ai, liel\u0101kai NODEV\u012aBAI un nodev\u0113ju baram, Latvijas v\u0113stur\u0113 !<\/span><\/strong><\/p>\n<p><span style=\"color: #008000\"><strong>Velns nav tik briesm\u012bgs k\u0101 vi\u0146a kalps&#8230; . <\/strong><em>Latvie\u0161u tautas paruna.<\/em><\/span><\/p>\n<p><strong><span style=\"color: #008000\">Latvieti, atj\u0113dzies beidzot ! Nepaliec par g\u013c\u0113vu dezertieri, nepamet savu Dzimteni un T\u0113va M\u0101jas, bet \u0146em rok\u0101 Paties\u012bbas zobenu un c\u0113rt ! C\u0113rt \u0161im pretlatviskam \u00a0sumpur\u0146u baram t\u0101, lai Taisn\u012bbas dzirksteles \u0161\u0137\u012bst !<\/span><\/strong><\/p>\n<p><strong><span style=\"color: #008000\">\u00a0Sv\u0113ts mantojums \u0161\u012b zeme m\u016bsu, lai sv\u0113t\u012bti tie, kas par vi\u0146u kritu\u0161i ! Bet dz\u012bviem j\u0101ce\u013c un j\u0101atjauno izpost\u012bt\u0101 un izkrop\u013cot\u0101 T\u0113vzeme.<\/span><\/strong><\/p>\n<p><strong><span style=\"color: #800000\">Dievs sv\u0113ti Latviju un latvju tautu !<\/span><\/strong><\/p>\n<p><strong><span style=\"color: #008000\">\u00a0Cie\u0146\u0101, J\u0101nis Z\u012bverts, LNF, LRTT, H-86.<\/span><\/strong><\/p>\n<p><strong><span style=\"color: #008000\">\u00a0P.S. Gr\u0101mata, kuru j\u0101p\u0101rlapo saucas: <span style=\"color: #800000\">NEZIN\u0100MAIS KAR\u0160<\/span>. Latvie\u0161u Nacion\u0101lo partiz\u0101nu c\u012b\u0146as pret padomju okupantiem. 1944-1956.<\/span><\/strong><\/p>\n<p><strong><span style=\"color: #008000\">===========================================================================<\/span><\/strong><\/p>\n<p><strong><em><span style=\"color: #000080\"><span style=\"color: #ff0000\"><img decoding=\"async\" loading=\"lazy\" class=\"alignleft size-medium wp-image-2186\" src=\"http:\/\/tautastribunals.eu\/wp-content\/uploads\/2010\/07\/Tribu\u0101ls1-291x300.jpg\" alt=\"Tribu\u0101ls\" width=\"100\" height=\"96\" \/>LRTT viedokli \u0161aj\u0101 jaut\u0101jum\u0101 prec\u012bzi pasaka k\u0101ds sens Austrumu Viedais:<\/span> senos laikos k\u0101d\u0101 bada gad\u0101, bada nomoc\u012btie zemnieki pietic\u012bgi ietur\u0113ju\u0161i malt\u012bti. Starp vi\u0146iem ar\u012b bijis k\u0101ds Viedais ar saviem skolniekiem. Te p\u0113k\u0161\u0146i telp\u0101 ielauzu\u0161ies laup\u012bt\u0101ji un at\u0146\u0113mu\u0161i visu \u0113damo. To visu redz\u0113jis Viedais, kur\u0161 \u0161os laup\u012bt\u0101jus nogalin\u0101jis. P\u0113c tam Vi\u0146\u0161 licis m\u0101cek\u013ciem vienam no laup\u012bt\u0101jiem nocirst roku un izv\u0101r\u012bt. P\u0113c tam Viedais \u0161o roku ap\u0113dis.<\/span><\/em><\/strong><\/p>\n<p><strong><em><span style=\"color: #000080\">M\u0101cek\u013ci biju\u0161i p\u0101rsteigti un sac\u012bju\u0161i savam Skolot\u0101jam: &#8220;J\u016bs, Skolot\u0101j, \u0113d\u0101t cilv\u0113ka ga\u013cu !&#8221; Bet Viedais atbild\u0113jis: <span style=\"color: #ff0000\">&#8220;Tie nebija cilv\u0113ki, tie bija zv\u0113ri !!!&#8221;<\/span><\/span><\/em><\/strong><\/p>\n<p><strong><em><span style=\"color: #000080\">\u00a0<span style=\"color: #800000\">To pa\u0161u var teikt ar\u012b par \u0161odienas godma\u0146iem, borovkoviem, peteriem, \u0161\u0137\u0113l\u0113m, pabrikiem, kalv\u012b\u0161iem, ulma\u0146iem, kalniet\u0113m, \u0113lert\u0113m un. d. c. \u0160ie m\u0113sli nav pieskait\u0101mi pie cilv\u0113cisk\u0101s rases !!! Tie ar\u012b ir zv\u0113ri, lab\u0101k\u0101 gad\u012bjum\u0101 lopi.<\/span><\/span><\/em><\/strong><\/p>\n<p><strong><em><span style=\"color: #000080\"><span style=\"color: #800000\">LRTT 17.07.2010.<\/span><\/span><\/em><\/strong><\/p>\n","protected":false},"excerpt":{"rendered":"<p>Mans s\u0101pju ce\u013c\u0161 b\u016bs gandar\u012bts, Ja aus\u012bs br\u012bv\u012bbas r\u012bts&#8230; . \u00a0Es aps\u016bdzu ! \u00a0Latvie\u0161u av\u012bz\u0113 DDD Nr. 14(218) public\u0113taj\u0101 aps\u016bdz\u012bbas rakst\u0101 piekr\u012btu un atbalstu Annu Mariju Circeni visos vi\u0146as uzskait\u012btajos aps\u016bdz\u012bbas punktos ! Cit\u0113ju:&#46;&#46;&#46;<\/p>\n","protected":false},"author":6,"featured_media":0,"comment_status":"open","ping_status":"open","sticky":false,"template":"","format":"standard","meta":[],"categories":[1],"tags":[],"_links":{"self":[{"href":"https:\/\/tautastribunals.eu\/index.php?rest_route=\/wp\/v2\/posts\/2182"}],"collection":[{"href":"https:\/\/tautastribunals.eu\/index.php?rest_route=\/wp\/v2\/posts"}],"about":[{"href":"https:\/\/tautastribunals.eu\/index.php?rest_route=\/wp\/v2\/types\/post"}],"author":[{"embeddable":true,"href":"https:\/\/tautastribunals.eu\/index.php?rest_route=\/wp\/v2\/users\/6"}],"replies":[{"embeddable":true,"href":"https:\/\/tautastribunals.eu\/index.php?rest_route=%2Fwp%2Fv2%2Fcomments&post=2182"}],"version-history":[{"count":21,"href":"https:\/\/tautastribunals.eu\/index.php?rest_route=\/wp\/v2\/posts\/2182\/revisions"}],"predecessor-version":[{"id":2222,"href":"https:\/\/tautastribunals.eu\/index.php?rest_route=\/wp\/v2\/posts\/2182\/revisions\/2222"}],"wp:attachment":[{"href":"https:\/\/tautastribunals.eu\/index.php?rest_route=%2Fwp%2Fv2%2Fmedia&parent=2182"}],"wp:term":[{"taxonomy":"category","embeddable":true,"href":"https:\/\/tautastribunals.eu\/index.php?rest_route=%2Fwp%2Fv2%2Fcategories&post=2182"},{"taxonomy":"post_tag","embeddable":true,"href":"https:\/\/tautastribunals.eu\/index.php?rest_route=%2Fwp%2Fv2%2Ftags&post=2182"}],"curies":[{"name":"wp","href":"https:\/\/api.w.org\/{rel}","templated":true}]}}