{"id":21818,"date":"2014-08-21T10:12:53","date_gmt":"2014-08-21T07:12:53","guid":{"rendered":"http:\/\/tautastribunals.eu\/?p=21818"},"modified":"2021-09-02T15:36:39","modified_gmt":"2021-09-02T12:36:39","slug":"i-ronis-par-nodevejiem-un-karli-ulmani","status":"publish","type":"post","link":"https:\/\/tautastribunals.eu\/?p=21818","title":{"rendered":"I. Ronis. Par nodev\u0113jiem un K\u0101rli Ulmani"},"content":{"rendered":"<p><span style=\"color: #003300;\"><img decoding=\"async\" loading=\"lazy\" class=\"alignleft  wp-image-21819\" title=\"www.tautastribunals.eu-12\" src=\"http:\/\/tautastribunals.eu\/wp-content\/uploads\/2014\/08\/www.tautastribunals.eu-122.png\" alt=\"www.tautastribunals.eu-12\" width=\"2262\" height=\"316\" srcset=\"https:\/\/tautastribunals.eu\/wp-content\/uploads\/2014\/08\/www.tautastribunals.eu-122.png 950w, https:\/\/tautastribunals.eu\/wp-content\/uploads\/2014\/08\/www.tautastribunals.eu-122-300x42.png 300w, https:\/\/tautastribunals.eu\/wp-content\/uploads\/2014\/08\/www.tautastribunals.eu-122-800x112.png 800w\" sizes=\"(max-width: 2262px) 100vw, 2262px\" \/><img decoding=\"async\" loading=\"lazy\" class=\"alignleft  wp-image-21825\" title=\"Karlis-Ulmanis, Granti\u0146\u01611\" src=\"http:\/\/tautastribunals.eu\/wp-content\/uploads\/2014\/08\/Karlis-Ulmanis-Granti\u0146\u01611.jpg\" alt=\"Karlis-Ulmanis, Granti\u0146\u01611\" width=\"310\" height=\"401\" srcset=\"https:\/\/tautastribunals.eu\/wp-content\/uploads\/2014\/08\/Karlis-Ulmanis-Granti\u0146\u01611.jpg 775w, https:\/\/tautastribunals.eu\/wp-content\/uploads\/2014\/08\/Karlis-Ulmanis-Granti\u0146\u01611-232x300.jpg 232w, https:\/\/tautastribunals.eu\/wp-content\/uploads\/2014\/08\/Karlis-Ulmanis-Granti\u0146\u01611-620x800.jpg 620w\" sizes=\"(max-width: 310px) 100vw, 310px\" \/>Sakar\u0101 ar v\u0113l\u0113\u0161an\u0101m, kuras tuvojas, <strong>LRTT i- vietne<\/strong> piev\u0113rs\u012bsies da\u017e\u0101du paraz\u012btisku elementu <strong>\u201enolik\u0161anai pie vietas\u201d.<\/strong> Liel\u0101kai da\u013cai v\u0113l\u0113t\u0101ju<em>(latvie\u0161u)<\/em> nav saprotama \u0161\u012b procesa<em>(v\u0113l\u0113\u0161anas) <\/em>dzi\u013c\u0101k\u0101 j\u0113ga. Ir j\u0101saprot, ka pie varas eso\u0161\u0101 noziedz\u012bg\u0101 kli\u0137e kalpo <strong>Maskavas- Telavivas \u017e\u012bdu noziedznieku bandai <\/strong>un vi\u0146as pamatuzdevums ir demont\u0113t <strong>Latviju<\/strong> k\u0101 valsti no <strong>pasaules politisk\u0101 globusa<\/strong>.<\/span><\/p>\n<p><span style=\"color: #003300;\"><strong>Komunisti<\/strong> sav\u0101 b\u016bt\u012bb\u0101 ir destrukt\u012bvs- \u0101rdo\u0161s sp\u0113ks un mums par postu \u0161\u012bs <strong>\u201esp\u0113ks\u201d Latvij\u0101<\/strong> ir pie teik\u0161anas.<\/span><\/p>\n<p><span style=\"color: #003300;\"><strong>Latvijas<\/strong> demont\u0113\u0161ana notiek ne tikai ar <strong>r\u016bpniec\u012bbas un lauksaimniec\u012bbas likvid\u0113\u0161anu<\/strong>, bet ar\u012b gar\u012bgi, proti, <strong>noklus\u0113jot<\/strong> un <strong>falsific\u0113jot m\u016bsu v\u0113sturi<\/strong> un <strong>latvisko Dz\u012bvesdzi\u0146u<\/strong>.<\/span><\/p>\n<p><span style=\"color: #003300;\">Viens no galvenajiem \u0161o sarkano slepkavu <strong>\u201ej\u0101jamzirdzi\u0146iem\u201d<\/strong> ir pirmsokup\u0101cijas <strong>Ulma\u0146laiku Latvija<\/strong>. T\u0101, \u0161iem komunistiskajiem <strong>gara de\u0123ener\u0101tiem,<\/strong> ir iespr\u016bdusi r\u012bkl\u0113 k\u0101 <strong><span style=\"text-decoration: underline;\">rij\u012bgam \u0161ak\u0101lim kauls<\/span><\/strong>. Vi\u0146i saprot, ka <strong>Ulma\u0146a Latvija<\/strong> vec\u0101kai un vid\u0113jai paaudzei ir k\u0101 <strong>PROMITEJS<\/strong>, kas ved cauri <strong>\u0161odienas s\u0101tanisma tums\u012bbai<\/strong>. T\u0101p\u0113c vi\u0146i vis\u0101diem veidiem un ar da\u017e\u0101du cilv\u0113kveid\u012bgu drazu pal\u012bdz\u012bbu cen\u0161as \u0161o uguni nosl\u0101p\u0113t. Visi <strong>kriev\u017e\u012bdiskie<\/strong> un <strong>komunistiskie noziedznieki<\/strong> zina, ka <strong><span style=\"text-decoration: underline;\">K\u0101rlis Ulmanis bija 20. gadsimta liel\u0101kais \u0123\u0113nijs<\/span><\/strong>. J\u0101, es nep\u0101rsp\u012bl\u0113ju: liel\u0101kais \u0123\u0113nijs, protams, kas attiecas uz tautsaimniec\u012bbu un \u013cau\u017eu labkl\u0101j\u012bbu. Nav cita vi\u0146am l\u012bdz\u012bga uz zemes. <\/span><\/p>\n<h2><span style=\"color: #003300;\">Ar<em>(par) <\/em>Vi\u0146u, latviet, m\u0113s varam b\u016bt bezgala lepni !<\/span><\/h2>\n<p><span style=\"color: #003300;\">Un tagad <strong>v\u0113lreiz p\u0101rlasi<\/strong><em>(tas \u0161eit jau ir ticis public\u0113ts)<\/em> taisn\u012bbu par <strong>K\u0101rli Ulmani<\/strong>, ko saka komunistu ne\u017e\u0113last\u012bba kritu\u0161ais v\u0113sturnieks <strong>Indulis Ronis<span style=\"color: #ff0000;\">***<\/span><\/strong>. Raksta beig\u0101s v\u0113l apskat\u012bsim tos <strong>\u201ev\u0113stur<span style=\"color: #ff0000;\"><span style=\"text-decoration: underline;\">niekus<\/span><\/span>\u201d,<\/strong> kuri dr\u012bz tiks vilkti uz kar\u0101tav\u0101m. <\/span><\/p>\n<h2><span style=\"color: #003300;\">Vi\u0146i, latviet, nav pat m\u0113sla v\u0113rti:<\/span><\/h2>\n<p><span style=\"color: #003300;\"><span style=\"text-decoration: underline;\">============================================================================<\/span><br \/>\n<\/span> <span style=\"color: #003300;\"><em><br \/>\n<img decoding=\"async\" loading=\"lazy\" class=\"alignleft size-full wp-image-21820\" title=\"indulis_ronis_ad_102\" src=\"http:\/\/tautastribunals.eu\/wp-content\/uploads\/2014\/08\/indulis_ronis_ad_102.jpg\" alt=\"indulis_ronis_ad_102\" width=\"203\" height=\"264\" \/>\u2013 K\u0101 j\u016bs v\u0113rt\u0113jat <strong>K\u0101r\u013ca Ulma\u0146a<\/strong> r\u012bc\u012bbu 1940. gad\u0101, par ko sabiedr\u012bb\u0101 ik pa laikam uzvirmo lielas diskusijas un v\u0113sturnieki nosoda?<\/em><br \/>\n<\/span> <span style=\"color: #003300;\"><br \/>\n<\/span> <span style=\"color: #003300;\"><strong>Latvijas Zin\u0101t\u0146u akad\u0113mijas<\/strong> \u012bstenais loceklis, biju\u0161ais <strong>V\u0113stures instit\u016bta direktors<\/strong>, habilit\u0113ts v\u0113stures doktors, gr\u0101matas <strong>\u201cK\u0101rlis Ulmanis trimd\u0101 un cietum\u0101\u201d <\/strong>autors, profesors <strong>Indulis Ronis<\/strong>:<br \/>\n<\/span> <span style=\"color: #003300;\"><strong>FOTO:<\/strong> <span style=\"color: #ff0000;\"><strong>Indulis Ronis: <\/strong><em>Profesion\u0101lam v\u0113sturniekam nav ties\u012bbu to nepateikt.<\/em><\/span> <\/span><\/p>\n<p><span style=\"color: #003300;\">Kas attiecas uz v\u0113sturniekiem, tad ir \u013coti \u0161vaki ar kvalit\u0101ti. Bet da\u017ei labi v\u0113sturnieki ir. Es k\u0101 profesion\u0101lis varu sac\u012bt, ka tad, ja m\u0113s apskat\u0101m notikumus sare\u017e\u0123\u012btos v\u0113sturiskos periodos, j\u0101redz aina kopum\u0101, ne tikai <strong>Latvij\u0101<\/strong>, bet kaimi\u0146zem\u0113s, pasaul\u0113. <strong>Ulmanis <\/strong>un <strong>Munters <\/strong>bija \u013coti kompetenti, ar lab\u0101m zin\u0101\u0161an\u0101m.<\/span><\/p>\n<p><span style=\"color: #003300;\">Dom\u0101ju, ka <strong><span style=\"text-decoration: underline;\">daudzi m\u016bsu tagad\u0113jie politi\u0137i nav redz\u0113ju\u0161i tik daudz gr\u0101matu, cik \u0161ie abi kungi izlas\u012bju\u0161i<\/span>\u2026<\/strong><\/span><\/p>\n<p><span style=\"color: #003300;\"><strong>Ulmanis<\/strong> un <strong>Munters<\/strong> labi redz\u0113ja, k\u0101da ir situ\u0101cija.<\/span><\/p>\n<p><span style=\"color: #003300;\">Par to liecina dokumenti.<\/span><\/p>\n<p><span style=\"color: #003300;\">Vi\u0146iem jau 1938. gad\u0101 bija skaidrs, ka b\u016bs slikti. P\u0113c Pirm\u0101 pasaules kara daudzi uzskat\u012bja, ka Baltijas valstis nav sp\u0113j\u012bgas ilgi past\u0101v\u0113t. <strong>Meierovics <\/strong>gadumij\u0101 vienm\u0113r esot teicis tostu pateic\u012bb\u0101 <strong>Dievam<\/strong>, ka v\u0113l viens gads aizvad\u012bts un, ka <strong>Latvija <\/strong>v\u0113l ir neatkar\u012bga\u2026<\/span><\/p>\n<p><span style=\"color: #003300;\">Ko paties\u012bb\u0101 noz\u012bm\u0113ja <strong>Ribentropa\u2013Molotova<\/strong> pakts?<\/span><\/p>\n<p><span style=\"color: #003300;\">To, ka tiek atjaunotas divas \u2013 <strong>V\u0101cijas <\/strong>un <strong>Krievijas<\/strong> \u2013 imp\u0113rijas to s\u0101kotn\u0113j\u0101s robe\u017e\u0101s ar neliel\u0101m nians\u0113m. Nek\u0101 cita tur nav.<\/span><\/p>\n<p><span style=\"color: #003300;\">P\u0101r\u0113jais ir v\u0113sturnieku fant\u0101zijas.<\/span><\/p>\n<p><span style=\"color: #003300;\"><strong>Ulmanis<\/strong> zin\u0101ja par \u0161o slepeno paktu un par to ir ar\u012b pateicis 1939. gada <strong>\u201cVald\u012bbas V\u0113stnes\u012b\u201d,<\/strong> kad vajadz\u0113ja koment\u0113t, k\u0101p\u0113c <strong>Latvij\u0101 vajadz\u0113ja at\u013caut ier\u012bkot PSRS armijas b\u0101zes<\/strong>: ka notikusi jauna robe\u017eu un sf\u0113ru p\u0101rdale, m\u0113s esam par mazu, lai to var\u0113tu ietekm\u0113t, un mums j\u0101dom\u0101, k\u0101 izdz\u012bvot \u0161\u0101d\u0101 re\u0101l\u0101 situ\u0101cij\u0101.<\/span><\/p>\n<p><span style=\"color: #003300;\"><strong>Ulmanis<\/strong> ar <strong>Munteru<\/strong> cer\u0113ja uz starptautiskaj\u0101m ties\u012bb\u0101m un suverenit\u0101tes saglab\u0101\u0161anu.<\/span><\/p>\n<p><span style=\"color: #003300;\">Amerik\u0101 ir public\u0113ta scenogramma, ko <strong>Munters Kreml\u012b<\/strong> ir run\u0101jis, \u2013 tur <strong>Sta\u013cins un Ribentrops<\/strong> izskat\u0101s <strong><span style=\"text-decoration: underline;\">vair\u0101k nek\u0101 no\u017e\u0113lojami agresori<\/span><\/strong>.<\/span><\/p>\n<p><span style=\"color: #003300;\">Bet to noklus\u0113 \u2013 gan <strong>Kreituse<\/strong>, <span style=\"text-decoration: underline;\">gan visi p\u0101r\u0113jie v\u0113sturnieki<\/span>.<\/span><\/p>\n<p><span style=\"color: #003300;\">K\u0101p\u0113c?<\/span><\/p>\n<p><span style=\"color: #003300;\">T\u0101p\u0113c, ka tas <strong><span style=\"text-decoration: underline;\">par\u0101da lietas b\u016bt\u012bbu<\/span><\/strong> un tad b\u016btu <strong><span style=\"text-decoration: underline;\">smiekl\u012bgi Ulmani un Munteru apvainot valsts nodev\u012bb\u0101<\/span><\/strong>.<\/span><\/p>\n<p><span style=\"color: #003300;\">Paties\u012bb\u0101 vi\u0146i pamat\u0101 izstr\u0101d\u0101ja da\u013c\u0113ju findlandiz\u0101cijas politiku, kas paredz\u0113ja <span style=\"text-decoration: underline;\">da\u013c\u0113ju suverenit\u0101tes pa\u0161ierobe\u017eo\u0161anu<\/span>. <strong>Ulmanis<\/strong> jau vienubr\u012bd grib\u0113ja karot, bet tad latvie\u0161us sagaid\u012btu <strong>Krimas tat\u0101ru liktenis<\/strong> \u2013 visus izs\u016bt\u012btu!<\/span><\/p>\n<p><span style=\"color: #003300;\"><strong>Ulmanim<\/strong> un <strong>Munteram Latvija<\/strong> bija sird\u012b, vi\u0146i to bija veidoju\u0161i, katrs no vi\u0146iem individu\u0101li b\u016btu ar mieru ar\u012b <span style=\"text-decoration: underline;\">atdot savas dz\u012bv\u012bbas <strong>Latvijas<\/strong> <\/span>lab\u0101.<br \/>\n<\/span> <span style=\"color: #003300;\"><br \/>\n<\/span> <span style=\"color: #003300;\"><em>\u2013 K\u0101p\u0113c tad Munteru publiski att\u0113lo k\u0101 latvie\u0161u tautas nodev\u0113ju un krievu (padomju) spiegu?<\/em><br \/>\n<\/span> <span style=\"color: #003300;\"><br \/>\nTas n\u0101k no v\u0101cu laikiem. V\u0101cu galven\u0101 propagandas t\u0113ze latvie\u0161u tautai bija: j\u016bs nodeva pa\u0161u valstsv\u012bri, atdeva krievu rok\u0101s, jums vajadz\u0113ja c\u012bn\u012bties kop\u0101 ar mums pret krieviem, bet vi\u0146i, j\u016bsu valstsv\u012bri, to negrib\u0113ja! Ar\u012b v\u0101cie\u0161i sl\u0113pa <strong>Ribentropa\u2013Molotova paktu<\/strong>.<\/span><\/p>\n<p><span style=\"color: #003300;\">K\u0101p\u0113c tagad to nepasaka?<\/span><\/p>\n<h2><span style=\"color: #003300;\">Profesion\u0101lam v\u0113sturniekam nav ties\u012bbu to nepateikt.<\/span><\/h2>\n<p><span style=\"color: #003300;\"><span style=\"text-decoration: underline;\">===========================================================================<\/span><br \/>\n<\/span><\/p>\n<p><span style=\"color: #003300;\"><img decoding=\"async\" loading=\"lazy\" class=\"alignleft  wp-image-21826\" title=\"paiders,urbanovi\u010ds,pabriks,feldmanis, stranga, kr\u016bmi\u0146\u0161, vaira v\u012b\u0137e freiberga\" src=\"http:\/\/tautastribunals.eu\/wp-content\/uploads\/2014\/08\/paidersurbanovi\u010dspabriksfeldmanis-stranga-kr\u016bmi\u0146\u0161-vaira-v\u012b\u0137e-freiberga.PNG\" alt=\"paiders,urbanovi\u010ds,pabriks,feldmanis, stranga, kr\u016bmi\u0146\u0161, vaira v\u012b\u0137e freiberga\" width=\"1477\" height=\"1206\" srcset=\"https:\/\/tautastribunals.eu\/wp-content\/uploads\/2014\/08\/paidersurbanovi\u010dspabriksfeldmanis-stranga-kr\u016bmi\u0146\u0161-vaira-v\u012b\u0137e-freiberga.PNG 687w, https:\/\/tautastribunals.eu\/wp-content\/uploads\/2014\/08\/paidersurbanovi\u010dspabriksfeldmanis-stranga-kr\u016bmi\u0146\u0161-vaira-v\u012b\u0137e-freiberga-300x244.PNG 300w\" sizes=\"(max-width: 1477px) 100vw, 1477px\" \/>Uz foto redzamie<em>(vi\u0146u ir daudz vair\u0101k)<\/em> ir tie, ar kuru pal\u012bdz\u012bbu tiek degrad\u0113ta <strong>Latvijas v\u0113sture<\/strong> un zomb\u0113ta jaun\u0101 paaudze. Latvietim tiek at\u0146emta vi\u0146a bag\u0101t\u0101 un varon\u012bg\u0101 v\u0113sture. Tie\u0161i tas ir \u017e\u012bdu- komunistu galvenais m\u0113r\u0137is.<\/span><\/p>\n<p><span style=\"color: #003300;\">Ar \u0161o paraz\u012btu pal\u012bdz\u012bbu tiek veikts \u0101rpr\u0101ta genoc\u012bds pret latvie\u0161u tautu.<\/span><\/p>\n<p><span style=\"color: #003300;\">Divi no redzamajiem nav tikai abstrakti slepkavas, bet vistie\u0161\u0101kie fiziskie slepkavas. Vair\u0101k \u0161eit: <\/span><\/p>\n<p><span style=\"color: #003300;\"><a href=\"http:\/\/tautastribunals.eu\/?p=13201\">http:\/\/tautastribunals.eu\/?p=13201<\/a><\/span><\/p>\n<p><span style=\"color: #003300;\"><a href=\"http:\/\/tautastribunals.eu\/?p=17781\">http:\/\/tautastribunals.eu\/?p=17781<\/a><\/span><\/p>\n<p><span style=\"color: #003300;\">Kad uz <strong>Rietumeiropas<\/strong> robe\u017eas bija sakoncentr\u0113ta 6 000 000 liela kriev\u017e\u012bdu armija, <span style=\"color: #ff0000;\"><strong>kurai bija tr\u012bs reizes vair\u0101k tanku un divas reizes vair\u0101k lidma\u0161\u012bnu nek\u0101 visai psaulei kop\u0101<\/strong><\/span>, preto\u0161an\u0101s b\u016btu noz\u012bm\u0113jusi piln\u012bgi tautas izn\u012bcin\u0101\u0161anu. <\/span><\/p>\n<p><span style=\"color: #003300;\">Ja <strong>K.Ulmanis<\/strong> b\u016btu devis pav\u0113li pretoties, tad, patie\u0161\u0101m, vi\u0146\u0161 b\u016btu bijis noziedznieks un pat slepkava.<\/span><\/p>\n<p><span style=\"color: #003300;\">\u0160eit sac\u012bto uz foto redzamie zin\u0101ja, bet vi\u0146u saimnieka dot\u0101 pav\u0113le, ap\u0137\u0113z\u012bt <strong>Ulmani<\/strong>, ir j\u0101pilda.<\/span><\/p>\n<h2><span style=\"color: #003300;\">Lai nol\u0101d\u0113ti uz foto skat\u0101mie !!!<\/span><\/h2>\n<p><span style=\"color: #003300;\">Pien\u0101ks diena, kad vi\u0146iem spriedums tiks izpild\u012bts dz\u012bves viet\u0101- \u0123imenes acu priek\u0161\u0101. <\/span><\/p>\n<p><span style=\"color: #003300;\">Vi\u0146u \u0123imenes tiks ties\u0101tas, jo t\u0101s ar\u012b ir baud\u012bju\u0161as visus nodev\u012bbas labumus. <\/span><\/p>\n<p><span style=\"color: #003300;\">L\u012bdz sept\u012btai paaudzei b\u016bs j\u0101maks\u0101 par \u201et\u0113va\u201d gr\u0113kiem. <\/span><\/p>\n<h2><span style=\"color: #003300;\"><strong>Dieva<\/strong> tiesa, taisn\u012bga tiesa.<\/span><\/h2>\n<p><span style=\"color: #003300;\"><span style=\"text-decoration: underline;\">==========================================================================<\/span><br \/>\n<\/span><\/p>\n<p><span style=\"color: #003300;\"><span style=\"color: #ff0000;\">***<\/span><span style=\"color: #0000ff;\">M\u0113s zin\u0101m, ka pirms gada\u00a0 <span style=\"color: #003300;\"><span style=\"color: #0000ff;\"><strong>J. Reinika &amp; A. Borovkova<\/strong> <strong>&amp; R. Bunkas<\/strong> banda cent\u0101s <\/span><\/span><strong>Induli Roni<\/strong> zv\u0113r\u012bg\u0101 veid\u0101 noslepkavot . <\/span><\/span><\/p>\n<p><span style=\"color: #003300;\"><span style=\"color: #0000ff;\">Lai <strong>Dievs<\/strong> st\u0101v kl\u0101t visiem <strong>Taisnajiem<\/strong> virs zemes, kaut ar\u012b <strong>Sv\u0113tajos rakstos<\/strong> ir sac\u012bts: <span style=\"color: #ff0000;\"><strong>\u201ePirms neb\u016bs vajadz\u012bgais skaits Taisno nokauts, nekas nemain\u012bsies\u201d.<\/strong><\/span> <\/span><\/span><\/p>\n<p><span style=\"color: #003300;\"><span style=\"color: #0000ff;\">Un par p\u0113d\u0113jiem laikiem<em>(s\u0101tanismu)<\/em> savuk\u0101rt sac\u012bts: <span style=\"color: #ff0000;\"><strong>\u201eUn p\u0113d\u0113j\u0101 laik\u0101 vi\u0146am<\/strong><em>(S\u0101tanam) <\/em><strong>taps dota liela vara<\/strong>\u201d.<\/span><\/span><\/span><\/p>\n<p><span style=\"color: #0000ff;\"><strong>DIEVS<\/strong>, lai notiek <strong>TAVS <\/strong>pr\u0101ts k\u0101 <strong>Debes\u012bs<\/strong>, t\u0101 ar\u012b virs zemes !<\/span><\/p>\n<p><span style=\"color: #0000ff;\">21.08.14.\u00a0\u00a0\u00a0\u00a0 LRTT<br \/>\n<\/span><\/p>\n","protected":false},"excerpt":{"rendered":"<p>Sakar\u0101 ar v\u0113l\u0113\u0161an\u0101m, kuras tuvojas, LRTT i- vietne piev\u0113rs\u012bsies da\u017e\u0101du paraz\u012btisku elementu \u201enolik\u0161anai pie vietas\u201d. Liel\u0101kai da\u013cai v\u0113l\u0113t\u0101ju(latvie\u0161u) nav saprotama \u0161\u012b procesa(v\u0113l\u0113\u0161anas) dzi\u013c\u0101k\u0101 j\u0113ga. Ir j\u0101saprot, ka pie varas eso\u0161\u0101 noziedz\u012bg\u0101 kli\u0137e kalpo Maskavas-&#46;&#46;&#46;<\/p>\n","protected":false},"author":1,"featured_media":0,"comment_status":"open","ping_status":"open","sticky":false,"template":"","format":"standard","meta":[],"categories":[1],"tags":[],"_links":{"self":[{"href":"https:\/\/tautastribunals.eu\/index.php?rest_route=\/wp\/v2\/posts\/21818"}],"collection":[{"href":"https:\/\/tautastribunals.eu\/index.php?rest_route=\/wp\/v2\/posts"}],"about":[{"href":"https:\/\/tautastribunals.eu\/index.php?rest_route=\/wp\/v2\/types\/post"}],"author":[{"embeddable":true,"href":"https:\/\/tautastribunals.eu\/index.php?rest_route=\/wp\/v2\/users\/1"}],"replies":[{"embeddable":true,"href":"https:\/\/tautastribunals.eu\/index.php?rest_route=%2Fwp%2Fv2%2Fcomments&post=21818"}],"version-history":[{"count":18,"href":"https:\/\/tautastribunals.eu\/index.php?rest_route=\/wp\/v2\/posts\/21818\/revisions"}],"predecessor-version":[{"id":60741,"href":"https:\/\/tautastribunals.eu\/index.php?rest_route=\/wp\/v2\/posts\/21818\/revisions\/60741"}],"wp:attachment":[{"href":"https:\/\/tautastribunals.eu\/index.php?rest_route=%2Fwp%2Fv2%2Fmedia&parent=21818"}],"wp:term":[{"taxonomy":"category","embeddable":true,"href":"https:\/\/tautastribunals.eu\/index.php?rest_route=%2Fwp%2Fv2%2Fcategories&post=21818"},{"taxonomy":"post_tag","embeddable":true,"href":"https:\/\/tautastribunals.eu\/index.php?rest_route=%2Fwp%2Fv2%2Ftags&post=21818"}],"curies":[{"name":"wp","href":"https:\/\/api.w.org\/{rel}","templated":true}]}}