{"id":21251,"date":"2014-07-18T07:40:50","date_gmt":"2014-07-18T04:40:50","guid":{"rendered":"http:\/\/tautastribunals.eu\/?p=21251"},"modified":"2014-07-18T18:28:23","modified_gmt":"2014-07-18T15:28:23","slug":"ebreju-profesors-a-kulischer-oktobris-1937","status":"publish","type":"post","link":"https:\/\/tautastribunals.eu\/?p=21251","title":{"rendered":"Ebreju profesors A. Kulischer oktobris 1937"},"content":{"rendered":"<h3><img decoding=\"async\" loading=\"lazy\" class=\"alignleft size-full wp-image-21252\" title=\"www.tautastribunals.eu-12\" src=\"http:\/\/tautastribunals.eu\/wp-content\/uploads\/2014\/07\/www.tautastribunals.eu-122.png\" alt=\"www.tautastribunals.eu-12\" width=\"626\" height=\"87\" srcset=\"https:\/\/tautastribunals.eu\/wp-content\/uploads\/2014\/07\/www.tautastribunals.eu-122.png 950w, https:\/\/tautastribunals.eu\/wp-content\/uploads\/2014\/07\/www.tautastribunals.eu-122-300x42.png 300w, https:\/\/tautastribunals.eu\/wp-content\/uploads\/2014\/07\/www.tautastribunals.eu-122-800x112.png 800w\" sizes=\"(max-width: 626px) 100vw, 626px\" \/>Ja \u0161eit sac\u012bto nev\u0113lies zin\u0101t, tad nevaiman\u0101, ka tieci apkr\u0101pts un nicin\u0101ts !<\/h3>\n<p><span style=\"color: #003300;\">Nevienam jau nav palicis apsl\u0113pts, ka latvie\u0161u tautas liel\u0101kais ienaidnieks ir komunisms, kas dzi\u013c\u0101kaj\u0101 b\u016bt\u012bba ir cionisms, kas savuk\u0101rt <strong>\u201eiepamatots\u201d<\/strong> j\u016bdaism\u0101. K\u0101 jau \u0161aj\u0101 <strong>i-vietn\u0113<\/strong> ir ticis rakst\u012bts- cit\u0113ts: j\u016bdaisms ir main\u012bgs k\u0101 visi \u010detri pasaules v\u0113ji. J\u016bdaisma m\u0101c\u012bb\u0101 katrs rab\u012bns dr\u012bkst ielikt<em>(to interpret\u0113t) <\/em><strong>\u201esavu pasaules uztveri\u201d,<\/strong> k\u0101da ir vajadz\u012bga attiec\u012bgaj\u0101 br\u012bd\u012b. Vair\u0101k par to \u0161eit:- <a href=\"http:\/\/tautastribunals.eu\/?p=15635\">http:\/\/tautastribunals.eu\/?p=15635<\/a> T\u0101tad- s\u0101tanisms vis\u0101 sav\u0101 spo\u017eum\u0101.<\/span><\/p>\n<p><span style=\"color: #003300;\"> <\/span><\/p>\n<p><span style=\"color: #003300;\"><img decoding=\"async\" loading=\"lazy\" class=\"alignleft size-full wp-image-21253\" title=\"Cionisti, reiniks, \u0101bolti\u0146a ,godmanis,kampars\" src=\"http:\/\/tautastribunals.eu\/wp-content\/uploads\/2014\/07\/Cionisti-reiniks-\u0101bolti\u0146a-godmaniskampars.PNG\" alt=\"Cionisti, reiniks, \u0101bolti\u0146a ,godmanis,kampars\" width=\"263\" height=\"333\" srcset=\"https:\/\/tautastribunals.eu\/wp-content\/uploads\/2014\/07\/Cionisti-reiniks-\u0101bolti\u0146a-godmaniskampars.PNG 455w, https:\/\/tautastribunals.eu\/wp-content\/uploads\/2014\/07\/Cionisti-reiniks-\u0101bolti\u0146a-godmaniskampars-236x300.PNG 236w\" sizes=\"(max-width: 263px) 100vw, 263px\" \/>&gt;Tie\u0161i \u017e\u012bdisms- cionisms<em>(komunisti) <\/em>ir m\u016bsu tautas liel\u0101k\u0101 probl\u0113ma.<\/span><\/p>\n<p><span style=\"color: #003300;\"> <\/span><\/p>\n<p><span style=\"color: #003300;\">&gt;Tie\u0161i \u017e\u012bdu cionisti ar viet\u0113jo cionistu<em>(komunistu)<\/em> pal\u012bdz\u012bbu veic neiedom\u0101jamu genoc\u012bdu pret latvie\u0161u tautu.<\/span><\/p>\n<p><span style=\"color: #003300;\"> <\/span><\/p>\n<p><span style=\"color: #003300;\">Visi \u0161ie noziedznieki mask\u0113jas zem <strong>HOLOKAUSTA<\/strong> \u201esirmja\u201d. Pasaule arvien tuv\u0101k ir tam br\u012bdim, kad tiks \u0161iem <strong>\u201ev\u012bzent\u0101listu vilkacim\u201d<\/strong> norauta vi\u0146a <strong>\u201eaitas\u0101da\u201d. <\/strong>Vi\u0146i pa\u0161i ar\u012b to j\u016bt un t\u0101p\u0113c raujas vaiga sviedros, lai \u0161o atmasko\u0161anas br\u012bdi pab\u012bd\u012btu cik vien t\u0101lu iesp\u0113jams. Tiek <strong>\u201epie dziesmas\u201d<\/strong> pa\u0146emti t\u0101di k\u0101 <strong>M\u0101ris Ruks<\/strong>, kur\u0161 iepriek\u0161 bija rakst\u012bjis par sarkanajiem mait\u0101m labas lietas. \u017d\u0113l, bet pa\u0161\u0101 p\u0113d\u0113j\u0101 br\u012bd\u012b, kad cilv\u0113ce jau mostas, vi\u0146\u0161 pa\u0146em un sal\u016bzt- k\u013c\u016bst par melnu nodev\u0113ju.<\/span><\/p>\n<p><span style=\"color: #003300;\"> <\/span><\/p>\n<p><span style=\"color: #003300;\">&gt;T\u0101das <strong>m\u0101ras z\u0101l\u012btes<\/strong> un <strong>l\u016bs\u0113ni<\/strong> raksta mel\u012bgus slavin\u0101jumus \u017e\u012bdam <strong>Meierovicam<\/strong>, t\u0101 noniecinot latvieti <strong>Balodi<\/strong>. T\u0101das piel\u012bd\u0113ja <strong>\u201eg\u013cotas\u201d,<\/strong> k\u0101das at\u013c\u0101v\u0101s <strong>L\u016bs\u0113ns <\/strong>slav\u0113jot ebrejus, var at\u013cauties tikai nodev\u0113js no nodev\u0113jiem un \u017e\u012bds no\u017e\u012bdiem. \u0160\u012bs <strong>\u201eg\u013cotas\u201d <\/strong>vari izlas\u012bt \u0161eit:- <a href=\"http:\/\/tautastribunals.eu\/?p=17362\">http:\/\/tautastribunals.eu\/?p=17362<\/a><\/span><\/p>\n<p><span style=\"color: #003300;\"> <\/span><\/p>\n<p><span style=\"color: #003300;\">K\u0101ds<strong> Liep\u0101jas<\/strong> m\u0101kslinieks<strong> Gabali\u0146\u0161<\/strong> taisa \u0161ie pasaules band\u012btiem \u201e<strong>memori\u0101lus<\/strong>\u201d ietves vid\u016b. Vis\u012bst\u0101k\u0101 \u0161izofr\u0113nija ar <strong>Liep\u0101jas \u201egalvu\u201d<\/strong> komunistu <strong>Sesku <\/strong>priek\u0161gal\u0101:- <a href=\"http:\/\/tautastribunals.eu\/?p=21142\">http:\/\/tautastribunals.eu\/?p=21142<\/a><\/span><\/p>\n<p><span style=\"color: #003300;\"> <\/span><\/p>\n<p><span style=\"color: #003300;\">Lai kaut cik gl\u0101btu situ\u0101ciju, uz <strong>Palest\u012bnu<\/strong> tiek komand\u0113ts k\u0101ds <strong>R. K\u013cimovi\u010d\u0161<\/strong>, kura uzdevums bija <strong>\u201eatdal\u012bt\u201d<\/strong> cionistus no j\u016bdaistiem, t\u0101 par\u0101dot, ka vain\u012bgie jau ir tikai cionisti- \u017e\u012bdu nacisti. No j\u016bdaistiem, saka \u0161is spruksti\u0146\u0161, izstarojot neiedom\u0101jams siltums !!! Ar\u012b <strong>Latvijas <\/strong>\u017e\u012bds <strong>Bark\u0101ns<\/strong> esot k\u0101 tuksne\u0161a saules stari\u0146\u0161 o\u0101zes birstal\u0101, no kura izstarojot \u0101rpr\u0101t\u012bgs siltums un maigums. Taisni vai asaras bira lasot \u0161o rakstu <strong>Lato Lapsas<\/strong> i-vietn\u0113:- <a href=\"http:\/\/www.pietiek.com\/raksti\/gribi_spriest_par_palestinu_apmekle_palestinu\">http:\/\/www.pietiek.com\/raksti\/gribi_spriest_par_palestinu_apmekle_palestinu<\/a><\/span><\/p>\n<p><span style=\"color: #003300;\"> <\/span><\/p>\n<p><span style=\"color: #003300;\">K\u0101du siltumu izstaro \u0161ie <strong>\u201eizredz\u0113tie\u201d,<\/strong> m\u0113s redz\u0113ju\u0161i esam p\u0101rp\u0101r\u0113m, no krievu tanku bu\u010do\u0161anas, \u010dekas pagrabiem un beidzot ar <strong>Kristus<\/strong> zv\u0113r\u012bgo noslepkavo\u0161anu. Vai zin\u0101t, ko sac\u012bja izra\u0113\u013ca dievs <strong>Jahve<\/strong> ? \u00a0<strong>\u201eTev b\u016bs non\u0101v\u0113t citus Dievus\u201d,<\/strong> vi\u0146\u0161 sac\u012bja. Rezult\u0101t\u0101 <strong>Kristus<\/strong> tika k\u0101 skala bunds piebung\u0101ts pie krusta.<\/span><\/p>\n<p><span style=\"color: #003300;\"> <\/span><\/p>\n<p><span style=\"color: #003300;\"><strong>\u201eVot\u201d<\/strong> t\u0101ds ir tas j\u016bda-<strong>isma<\/strong> siltums ! <\/span><\/p>\n<h3><span style=\"color: #003300;\">Nu k\u0101 jau pie visiem- <strong><span style=\"color: #ff0000;\">ISMS<\/span>&#8211;<\/strong>iem.<\/span><\/h3>\n<h2><span style=\"color: #003300;\">DIEVS, ATPEST\u012a M\u016aS NO \u0160IEM ISMiem<em>(zv\u0113riem)<\/em> !<br \/>\n<\/span><\/h2>\n<p><span style=\"color: #003300;\">LRTT\u00a0\u00a0\u00a0 18.07.14.<br \/>\n<\/span><\/p>\n<p><span style=\"color: #0000ff;\"><span style=\"text-decoration: underline;\">============================================================================<\/span><br \/>\n<\/span><\/p>\n<p><span style=\"color: #0000ff;\"> <\/span><\/p>\n<p><span style=\"color: #800080;\">\u0160eit, latviet, kas no interneta. <\/span><\/p>\n<p><span style=\"color: #800080;\">Noteikti izlasi, tad ar\u012b lab\u0101k saprat\u012bsi \u0161os pasaules klaido\u0146us- band\u012btus. Nu nav, latviet, n\u0101kotnes <strong>Latvij\u0101 <\/strong>vieta ne krieviem, ne \u017e\u012bdiem. Vi\u0146i nav cien\u012bgi dz\u012bvot starp civiliz\u0113t\u0101m taut\u0101m. To par\u0101da ar\u012b tie\u0161i \u0161odienas notikumi <strong>Ukrain\u0101 un Palest\u012bn\u0101<\/strong>.<\/span><\/p>\n<p><span style=\"color: #800080;\"> <\/span><\/p>\n<p><span style=\"color: #800080;\">Koment\u0101ra rakst\u012bt\u0101ja v\u0101rdu nemin\u0113\u0161u, kaut ar\u012b vi\u0146\u0161 to nesl\u0113pa.<\/span><\/p>\n<p><span style=\"color: #0000ff;\"><span style=\"text-decoration: underline;\">============================================================================<\/span><br \/>\n<\/span><\/p>\n<p><span style=\"color: #0000ff;\"> <\/span><\/p>\n<h3><span style=\"color: #0000ff;\"> <span style=\"color: #ff0000;\"><img decoding=\"async\" loading=\"lazy\" class=\"alignleft size-full wp-image-21259\" title=\"www.tautastribunals.eu-2\" src=\"http:\/\/tautastribunals.eu\/wp-content\/uploads\/2014\/07\/www.tautastribunals.eu-2.png\" alt=\"www.tautastribunals.eu-2\" width=\"625\" height=\"90\" srcset=\"https:\/\/tautastribunals.eu\/wp-content\/uploads\/2014\/07\/www.tautastribunals.eu-2.png 950w, https:\/\/tautastribunals.eu\/wp-content\/uploads\/2014\/07\/www.tautastribunals.eu-2-300x43.png 300w, https:\/\/tautastribunals.eu\/wp-content\/uploads\/2014\/07\/www.tautastribunals.eu-2-800x115.png 800w\" sizes=\"(max-width: 625px) 100vw, 625px\" \/>No \u0161odienas j\u016bdaisma m\u0113r\u0137is ir: Ne\u017e\u0113l\u012bga kampa\u0146a pret visiem V\u0101cijas iedz\u012bvot\u0101jiem un piln\u012bga n\u0101cijas izn\u012bcin\u0101\u0161ana<\/span><\/span><\/h3>\n<p><span style=\"color: #0000ff;\"><span style=\"color: #993366;\"><em>P\u0113c Gleivicas incidenta s\u0101k\u0101s 2.Pasaules kar\u0161&#8230;.<\/em><\/span><br \/>\n<\/span> <span style=\"color: #0000ff;\"><br \/>\nMu\u013c\u0137\u012bbas. Viss s\u0101k\u0101s t\u0101:<br \/>\n<\/span> <span style=\"color: #0000ff;\"><br \/>\nKad ir laiks, lasu. Lasot, uzd\u016bros inform\u0101cijai, kas man l\u012bdz \u0161im bija nezin\u0101ma. K\u0101du labu laiku atpaka\u013c, es mekl\u0113ju atbildes uz jaut\u0101jumu: K\u0101p\u0113c V\u0101cie\u0161i izn\u012bcin\u0101ja \u017e\u012bdus? Ar ko tad \u0161\u012b sv\u0113t\u0101 un nevain\u012bg\u0101 tauta biji noziegusies V\u0101cie\u0161u ac\u012bs. T\u0101 ar\u012b \u012bsti atbildi neatradis, es mekl\u0113jumus p\u0101rtraucu.<br \/>\n<\/span> <span style=\"color: #0000ff;\"><br \/>\nUn \u0161odien, gribi, vai n\u0113, punkti\u0146i pa\u0161i salik\u0101s uz i. Lasot Angeles Merkeles biogr\u0101fiju, es uzd\u016bros, l\u016bk \u0161\u0101diem cit\u0101tiem:<br \/>\n<\/span> <span style=\"color: #0000ff;\"><br \/>\nhttp:\/\/wakenews.net\/Anjela_Kazmierzak_alias__Angela_Merkel.pdf<br \/>\n\u201cAlle Juden weltweit\u2013erkl\u00e4rte Krieg auf das Dritte Reich.\u201d (Der London Daily Express, Front Page Story, 24.03.1933).<br \/>\n<\/span> <span style=\"color: #0000ff;\"><br \/>\nVisas pasaules J\u016bdi \u2013 piesaka karu tre\u0161ajam reiham. (Der London Daily Express, Front Page Story, 24.03.1933).<br \/>\n<\/span> <span style=\"color: #0000ff;\"><br \/>\n\u201cDeutschland ist der Feind des Judentums und muss mit t\u00f6dlichen Hass verfolgt werden. Das Ziel des Judentums von heute ist: eine gnadenlose Kampagne gegen alle deutschen V\u00f6lker und die komplette Zerst\u00f6rung der Nation. Wir fordern eine vollst\u00e4ndige Blockade der Handel, die Einfuhr von Rohstoffen gestoppt und Vergeltung gegen jeden deutschen, Frau und Kind.\u201d(J\u00fcdischer Professor A. Kulischer, Oktober 1937)<br \/>\n<\/span> <span style=\"color: #0000ff;\"><br \/>\n<span style=\"color: #000080;\">&#8220;<strong>V\u0101cija ir j\u016bdaisma ienaidnieks, kas j\u0101izseko ar n\u0101v\u0113jo\u0161u naidu. No \u0161odienas j\u016bdaisma m\u0113r\u0137is ir: Ne\u017e\u0113l\u012bga kampa\u0146a pret visiem V\u0101cijas iedz\u012bvot\u0101jiem un piln\u012bga n\u0101cijas izn\u012bcin\u0101\u0161ana. M\u0113s piepras\u0101m piln\u012bgu tirdzniec\u012bbas blok\u0101di, izejmateri\u0101lu pieg\u0101des blo\u0137\u0113\u0161anu un atrieb\u012bbu pret katru V\u0101cijas, sievieti un b\u0113rnu. &#8220;(ebreju profesors A. Kulischer oktobris 1937)<\/strong><\/span><br \/>\n<\/span> <span style=\"color: #0000ff;\"><br \/>\n<span style=\"color: #993366;\"><em><a href=\"http:\/\/www.gudrinieks.lv\/referati\/eseja-domraksts\/holokausts-geto.html\">http:\/\/www.gudrinieks.lv\/referati\/eseja-domraksts\/holokausts-geto.html<\/a><br \/>\n&#8220;Jau ap 1939. gadu v\u0101cu armija ar Hitleru priek\u0161gal\u0101 s\u0101ka izn\u012bcin\u0101t ebrejus. Hitlers grib\u0113ja izveidot t\u012bru rasi, piem\u0113ram, cilv\u0113ks ar blondiem matiem un zil\u0101m ac\u012bm. Viss ebreju izn\u012bcin\u0101\u0161anas laiks tiek saukts par holokaustu. Ofici\u0101li holokausta s\u0101kums tiek uzskat\u012bts 1941. gads.&#8221;<\/em><\/span><br \/>\nNezinu, ko Hitlers tur grib\u0113ja, vai negrib\u0113ja. Bet \u0161ie fakti, apliecina to, ka Otr\u0101 pasaules kara uzs\u0101c\u0113ji un pieteic\u0113ji ir neviens cits, k\u0101 \u017e\u012bdi pa\u0161i. T\u0101da l\u016bk mums t\u0101 v\u0113sture.<br \/>\nTagad turpin\u0101\u0161u mekl\u0113t inform\u0101ciju, vai \u017e\u012bdi \u0161o karu ir atsauku\u0161i? Ja n\u0113, tad kar\u0161 joproj\u0101m turpin\u0101s&#8230;.<\/span><\/p>\n","protected":false},"excerpt":{"rendered":"<p>Ja \u0161eit sac\u012bto nev\u0113lies zin\u0101t, tad nevaiman\u0101, ka tieci apkr\u0101pts un nicin\u0101ts ! Nevienam jau nav palicis apsl\u0113pts, ka latvie\u0161u tautas liel\u0101kais ienaidnieks ir komunisms, kas dzi\u013c\u0101kaj\u0101 b\u016bt\u012bba ir cionisms, kas savuk\u0101rt \u201eiepamatots\u201d j\u016bdaism\u0101.&#46;&#46;&#46;<\/p>\n","protected":false},"author":1,"featured_media":0,"comment_status":"open","ping_status":"open","sticky":false,"template":"","format":"standard","meta":[],"categories":[1],"tags":[],"_links":{"self":[{"href":"https:\/\/tautastribunals.eu\/index.php?rest_route=\/wp\/v2\/posts\/21251"}],"collection":[{"href":"https:\/\/tautastribunals.eu\/index.php?rest_route=\/wp\/v2\/posts"}],"about":[{"href":"https:\/\/tautastribunals.eu\/index.php?rest_route=\/wp\/v2\/types\/post"}],"author":[{"embeddable":true,"href":"https:\/\/tautastribunals.eu\/index.php?rest_route=\/wp\/v2\/users\/1"}],"replies":[{"embeddable":true,"href":"https:\/\/tautastribunals.eu\/index.php?rest_route=%2Fwp%2Fv2%2Fcomments&post=21251"}],"version-history":[{"count":16,"href":"https:\/\/tautastribunals.eu\/index.php?rest_route=\/wp\/v2\/posts\/21251\/revisions"}],"predecessor-version":[{"id":21267,"href":"https:\/\/tautastribunals.eu\/index.php?rest_route=\/wp\/v2\/posts\/21251\/revisions\/21267"}],"wp:attachment":[{"href":"https:\/\/tautastribunals.eu\/index.php?rest_route=%2Fwp%2Fv2%2Fmedia&parent=21251"}],"wp:term":[{"taxonomy":"category","embeddable":true,"href":"https:\/\/tautastribunals.eu\/index.php?rest_route=%2Fwp%2Fv2%2Fcategories&post=21251"},{"taxonomy":"post_tag","embeddable":true,"href":"https:\/\/tautastribunals.eu\/index.php?rest_route=%2Fwp%2Fv2%2Ftags&post=21251"}],"curies":[{"name":"wp","href":"https:\/\/api.w.org\/{rel}","templated":true}]}}